{"id":83091,"date":"2021-10-31T19:34:11","date_gmt":"2021-10-31T18:34:11","guid":{"rendered":"https:\/\/radioljubuski.ba\/?p=83091"},"modified":"2021-11-03T11:31:27","modified_gmt":"2021-11-03T10:31:27","slug":"polaganje-vijenaca-i-sveta-misa-za-poginule-branitelje","status":"publish","type":"post","link":"https:\/\/radioljubuski.ba\/index.php\/2021\/10\/31\/polaganje-vijenaca-i-sveta-misa-za-poginule-branitelje\/","title":{"rendered":"Polaganje vijenaca i sveta Misa za poginule branitelje"},"content":{"rendered":"\n<p>U nedjelju, 31.listopada, kod spomenika ljubu\u0161kim \u017ertvama na trgu dr. Franje Tu\u0111mana, a u povodu blagdana Svih svetih i Du\u0161nog dana, polo\u017een je vijenac i zapaljene svije\u0107e. Uz \u010delnike Grada Ljubu\u0161kog i \u017dupanije zapadnohercegova\u010dke svije\u0107e su zapali i \u010dlanovi obitelji poginulih branitelja, predstavnici udruga, suborci i prijatelji. Molitveni obred predvodio je fra Dario Dodig, huma\u010dki gvardijan.<\/p>\n\n\n\n<p>Gradona\u010delnik Ljubu\u0161kog Vedran Markoti\u0107, predsjednik Gradskog vije\u0107a Tihomir Kvesi\u0107, predsjednik Skup\u0161tine \u017dZH-e Ivan Jel\u010di\u0107 i ministri u Vladi \u017dZH-e Toni Kraljevi\u0107 i David Grbavac polo\u017eili su cvije\u0107e kod spomenika Majci, te kod spomenika grupu Feniks preko puta gradskog parka.<\/p>\n\n\n\n<p>Svetu Misu za poginule branitelje u crkvi sv. Ante na Humcu slavio je fra Dario Dodig, huma\u010dki gvardijan, a misno slavlje liturgijskim pjevanjem uveli\u010dali su mladi iz Frame Humac.<\/p>\n\n\n\n<figure class=\"wp-block-gallery columns-3 is-cropped wp-block-gallery-1 is-layout-flex wp-block-gallery-is-layout-flex\"><ul class=\"blocks-gallery-grid\"><li class=\"blocks-gallery-item\"><figure><img loading=\"lazy\" decoding=\"async\" width=\"1024\" height=\"737\" src=\"https:\/\/radioljubuski.ba\/wp-content\/uploads\/2021\/10\/DSC0004.jpg\" alt=\"\" data-id=\"83096\" data-full-url=\"https:\/\/radioljubuski.ba\/wp-content\/uploads\/2021\/10\/DSC0004.jpg\" data-link=\"https:\/\/radioljubuski.ba\/?attachment_id=83096\" class=\"wp-image-83096\" srcset=\"https:\/\/radioljubuski.ba\/wp-content\/uploads\/2021\/10\/DSC0004.jpg 1024w, https:\/\/radioljubuski.ba\/wp-content\/uploads\/2021\/10\/DSC0004-300x216.jpg 300w, https:\/\/radioljubuski.ba\/wp-content\/uploads\/2021\/10\/DSC0004-768x553.jpg 768w, https:\/\/radioljubuski.ba\/wp-content\/uploads\/2021\/10\/DSC0004-18x12.jpg 18w\" sizes=\"auto, (max-width: 1024px) 100vw, 1024px\" \/><\/figure><\/li><li class=\"blocks-gallery-item\"><figure><img loading=\"lazy\" decoding=\"async\" width=\"1024\" height=\"683\" src=\"https:\/\/radioljubuski.ba\/wp-content\/uploads\/2021\/10\/DSC0006-1.jpg\" alt=\"\" data-id=\"83097\" data-full-url=\"https:\/\/radioljubuski.ba\/wp-content\/uploads\/2021\/10\/DSC0006-1.jpg\" data-link=\"https:\/\/radioljubuski.ba\/?attachment_id=83097\" class=\"wp-image-83097\" srcset=\"https:\/\/radioljubuski.ba\/wp-content\/uploads\/2021\/10\/DSC0006-1.jpg 1024w, https:\/\/radioljubuski.ba\/wp-content\/uploads\/2021\/10\/DSC0006-1-300x200.jpg 300w, https:\/\/radioljubuski.ba\/wp-content\/uploads\/2021\/10\/DSC0006-1-768x512.jpg 768w, https:\/\/radioljubuski.ba\/wp-content\/uploads\/2021\/10\/DSC0006-1-18x12.jpg 18w\" sizes=\"auto, (max-width: 1024px) 100vw, 1024px\" \/><\/figure><\/li><li class=\"blocks-gallery-item\"><figure><img loading=\"lazy\" decoding=\"async\" width=\"768\" height=\"782\" src=\"https:\/\/radioljubuski.ba\/wp-content\/uploads\/2021\/10\/DSC0008-2.jpg\" alt=\"\" data-id=\"83098\" data-full-url=\"https:\/\/radioljubuski.ba\/wp-content\/uploads\/2021\/10\/DSC0008-2.jpg\" data-link=\"https:\/\/radioljubuski.ba\/?attachment_id=83098\" class=\"wp-image-83098\" srcset=\"https:\/\/radioljubuski.ba\/wp-content\/uploads\/2021\/10\/DSC0008-2.jpg 768w, https:\/\/radioljubuski.ba\/wp-content\/uploads\/2021\/10\/DSC0008-2-295x300.jpg 295w, https:\/\/radioljubuski.ba\/wp-content\/uploads\/2021\/10\/DSC0008-2-12x12.jpg 12w\" sizes=\"auto, (max-width: 768px) 100vw, 768px\" \/><\/figure><\/li><li class=\"blocks-gallery-item\"><figure><img loading=\"lazy\" decoding=\"async\" width=\"1024\" height=\"683\" src=\"https:\/\/radioljubuski.ba\/wp-content\/uploads\/2021\/10\/DSC0011-1.jpg\" alt=\"\" data-id=\"83099\" data-full-url=\"https:\/\/radioljubuski.ba\/wp-content\/uploads\/2021\/10\/DSC0011-1.jpg\" data-link=\"https:\/\/radioljubuski.ba\/?attachment_id=83099\" class=\"wp-image-83099\" srcset=\"https:\/\/radioljubuski.ba\/wp-content\/uploads\/2021\/10\/DSC0011-1.jpg 1024w, https:\/\/radioljubuski.ba\/wp-content\/uploads\/2021\/10\/DSC0011-1-300x200.jpg 300w, https:\/\/radioljubuski.ba\/wp-content\/uploads\/2021\/10\/DSC0011-1-768x512.jpg 768w, https:\/\/radioljubuski.ba\/wp-content\/uploads\/2021\/10\/DSC0011-1-18x12.jpg 18w\" sizes=\"auto, (max-width: 1024px) 100vw, 1024px\" \/><\/figure><\/li><li class=\"blocks-gallery-item\"><figure><img loading=\"lazy\" decoding=\"async\" width=\"1024\" height=\"683\" src=\"https:\/\/radioljubuski.ba\/wp-content\/uploads\/2021\/10\/DSC0016-3.jpg\" alt=\"\" data-id=\"83100\" data-full-url=\"https:\/\/radioljubuski.ba\/wp-content\/uploads\/2021\/10\/DSC0016-3.jpg\" data-link=\"https:\/\/radioljubuski.ba\/?attachment_id=83100\" class=\"wp-image-83100\" srcset=\"https:\/\/radioljubuski.ba\/wp-content\/uploads\/2021\/10\/DSC0016-3.jpg 1024w, https:\/\/radioljubuski.ba\/wp-content\/uploads\/2021\/10\/DSC0016-3-300x200.jpg 300w, https:\/\/radioljubuski.ba\/wp-content\/uploads\/2021\/10\/DSC0016-3-768x512.jpg 768w, https:\/\/radioljubuski.ba\/wp-content\/uploads\/2021\/10\/DSC0016-3-18x12.jpg 18w\" sizes=\"auto, (max-width: 1024px) 100vw, 1024px\" \/><\/figure><\/li><li class=\"blocks-gallery-item\"><figure><img loading=\"lazy\" decoding=\"async\" width=\"1024\" height=\"683\" src=\"https:\/\/radioljubuski.ba\/wp-content\/uploads\/2021\/10\/DSC0018-2.jpg\" alt=\"\" data-id=\"83101\" data-full-url=\"https:\/\/radioljubuski.ba\/wp-content\/uploads\/2021\/10\/DSC0018-2.jpg\" data-link=\"https:\/\/radioljubuski.ba\/?attachment_id=83101\" class=\"wp-image-83101\" srcset=\"https:\/\/radioljubuski.ba\/wp-content\/uploads\/2021\/10\/DSC0018-2.jpg 1024w, https:\/\/radioljubuski.ba\/wp-content\/uploads\/2021\/10\/DSC0018-2-300x200.jpg 300w, https:\/\/radioljubuski.ba\/wp-content\/uploads\/2021\/10\/DSC0018-2-768x512.jpg 768w, https:\/\/radioljubuski.ba\/wp-content\/uploads\/2021\/10\/DSC0018-2-18x12.jpg 18w\" sizes=\"auto, (max-width: 1024px) 100vw, 1024px\" \/><\/figure><\/li><li class=\"blocks-gallery-item\"><figure><img loading=\"lazy\" decoding=\"async\" width=\"1024\" height=\"683\" src=\"https:\/\/radioljubuski.ba\/wp-content\/uploads\/2021\/10\/DSC0021-2.jpg\" alt=\"\" data-id=\"83102\" data-full-url=\"https:\/\/radioljubuski.ba\/wp-content\/uploads\/2021\/10\/DSC0021-2.jpg\" data-link=\"https:\/\/radioljubuski.ba\/?attachment_id=83102\" class=\"wp-image-83102\" srcset=\"https:\/\/radioljubuski.ba\/wp-content\/uploads\/2021\/10\/DSC0021-2.jpg 1024w, https:\/\/radioljubuski.ba\/wp-content\/uploads\/2021\/10\/DSC0021-2-300x200.jpg 300w, https:\/\/radioljubuski.ba\/wp-content\/uploads\/2021\/10\/DSC0021-2-768x512.jpg 768w, https:\/\/radioljubuski.ba\/wp-content\/uploads\/2021\/10\/DSC0021-2-18x12.jpg 18w\" sizes=\"auto, (max-width: 1024px) 100vw, 1024px\" \/><\/figure><\/li><li class=\"blocks-gallery-item\"><figure><img loading=\"lazy\" decoding=\"async\" width=\"683\" height=\"1024\" src=\"https:\/\/radioljubuski.ba\/wp-content\/uploads\/2021\/10\/DSC0026.jpg\" alt=\"\" data-id=\"83103\" data-full-url=\"https:\/\/radioljubuski.ba\/wp-content\/uploads\/2021\/10\/DSC0026.jpg\" data-link=\"https:\/\/radioljubuski.ba\/?attachment_id=83103\" class=\"wp-image-83103\" srcset=\"https:\/\/radioljubuski.ba\/wp-content\/uploads\/2021\/10\/DSC0026.jpg 683w, https:\/\/radioljubuski.ba\/wp-content\/uploads\/2021\/10\/DSC0026-200x300.jpg 200w, https:\/\/radioljubuski.ba\/wp-content\/uploads\/2021\/10\/DSC0026-8x12.jpg 8w\" sizes=\"auto, (max-width: 683px) 100vw, 683px\" \/><\/figure><\/li><li class=\"blocks-gallery-item\"><figure><img loading=\"lazy\" decoding=\"async\" width=\"1024\" height=\"683\" src=\"https:\/\/radioljubuski.ba\/wp-content\/uploads\/2021\/10\/DSC0028-1.jpg\" alt=\"\" data-id=\"83105\" data-full-url=\"https:\/\/radioljubuski.ba\/wp-content\/uploads\/2021\/10\/DSC0028-1.jpg\" data-link=\"https:\/\/radioljubuski.ba\/?attachment_id=83105\" class=\"wp-image-83105\" srcset=\"https:\/\/radioljubuski.ba\/wp-content\/uploads\/2021\/10\/DSC0028-1.jpg 1024w, https:\/\/radioljubuski.ba\/wp-content\/uploads\/2021\/10\/DSC0028-1-300x200.jpg 300w, https:\/\/radioljubuski.ba\/wp-content\/uploads\/2021\/10\/DSC0028-1-768x512.jpg 768w, https:\/\/radioljubuski.ba\/wp-content\/uploads\/2021\/10\/DSC0028-1-18x12.jpg 18w\" sizes=\"auto, (max-width: 1024px) 100vw, 1024px\" \/><\/figure><\/li><li class=\"blocks-gallery-item\"><figure><img loading=\"lazy\" decoding=\"async\" width=\"683\" height=\"1024\" src=\"https:\/\/radioljubuski.ba\/wp-content\/uploads\/2021\/10\/DSC0031-1.jpg\" alt=\"\" data-id=\"83106\" data-full-url=\"https:\/\/radioljubuski.ba\/wp-content\/uploads\/2021\/10\/DSC0031-1.jpg\" data-link=\"https:\/\/radioljubuski.ba\/?attachment_id=83106\" class=\"wp-image-83106\" srcset=\"https:\/\/radioljubuski.ba\/wp-content\/uploads\/2021\/10\/DSC0031-1.jpg 683w, https:\/\/radioljubuski.ba\/wp-content\/uploads\/2021\/10\/DSC0031-1-200x300.jpg 200w, https:\/\/radioljubuski.ba\/wp-content\/uploads\/2021\/10\/DSC0031-1-8x12.jpg 8w\" sizes=\"auto, (max-width: 683px) 100vw, 683px\" \/><\/figure><\/li><li class=\"blocks-gallery-item\"><figure><img loading=\"lazy\" decoding=\"async\" width=\"1024\" height=\"683\" src=\"https:\/\/radioljubuski.ba\/wp-content\/uploads\/2021\/10\/DSC0033.jpg\" alt=\"\" data-id=\"83107\" data-full-url=\"https:\/\/radioljubuski.ba\/wp-content\/uploads\/2021\/10\/DSC0033.jpg\" data-link=\"https:\/\/radioljubuski.ba\/?attachment_id=83107\" class=\"wp-image-83107\" srcset=\"https:\/\/radioljubuski.ba\/wp-content\/uploads\/2021\/10\/DSC0033.jpg 1024w, https:\/\/radioljubuski.ba\/wp-content\/uploads\/2021\/10\/DSC0033-300x200.jpg 300w, https:\/\/radioljubuski.ba\/wp-content\/uploads\/2021\/10\/DSC0033-768x512.jpg 768w, https:\/\/radioljubuski.ba\/wp-content\/uploads\/2021\/10\/DSC0033-18x12.jpg 18w\" sizes=\"auto, (max-width: 1024px) 100vw, 1024px\" \/><\/figure><\/li><li class=\"blocks-gallery-item\"><figure><img loading=\"lazy\" decoding=\"async\" width=\"1024\" height=\"683\" src=\"https:\/\/radioljubuski.ba\/wp-content\/uploads\/2021\/10\/DSC0036-1.jpg\" alt=\"\" data-id=\"83108\" data-full-url=\"https:\/\/radioljubuski.ba\/wp-content\/uploads\/2021\/10\/DSC0036-1.jpg\" data-link=\"https:\/\/radioljubuski.ba\/?attachment_id=83108\" class=\"wp-image-83108\" srcset=\"https:\/\/radioljubuski.ba\/wp-content\/uploads\/2021\/10\/DSC0036-1.jpg 1024w, https:\/\/radioljubuski.ba\/wp-content\/uploads\/2021\/10\/DSC0036-1-300x200.jpg 300w, https:\/\/radioljubuski.ba\/wp-content\/uploads\/2021\/10\/DSC0036-1-768x512.jpg 768w, https:\/\/radioljubuski.ba\/wp-content\/uploads\/2021\/10\/DSC0036-1-18x12.jpg 18w\" sizes=\"auto, (max-width: 1024px) 100vw, 1024px\" \/><\/figure><\/li><li class=\"blocks-gallery-item\"><figure><img loading=\"lazy\" decoding=\"async\" width=\"1024\" height=\"683\" src=\"https:\/\/radioljubuski.ba\/wp-content\/uploads\/2021\/10\/DSC0041.jpg\" alt=\"\" data-id=\"83109\" data-full-url=\"https:\/\/radioljubuski.ba\/wp-content\/uploads\/2021\/10\/DSC0041.jpg\" data-link=\"https:\/\/radioljubuski.ba\/?attachment_id=83109\" class=\"wp-image-83109\" srcset=\"https:\/\/radioljubuski.ba\/wp-content\/uploads\/2021\/10\/DSC0041.jpg 1024w, https:\/\/radioljubuski.ba\/wp-content\/uploads\/2021\/10\/DSC0041-300x200.jpg 300w, https:\/\/radioljubuski.ba\/wp-content\/uploads\/2021\/10\/DSC0041-768x512.jpg 768w, https:\/\/radioljubuski.ba\/wp-content\/uploads\/2021\/10\/DSC0041-18x12.jpg 18w\" sizes=\"auto, (max-width: 1024px) 100vw, 1024px\" \/><\/figure><\/li><li class=\"blocks-gallery-item\"><figure><img loading=\"lazy\" decoding=\"async\" width=\"1024\" height=\"683\" src=\"https:\/\/radioljubuski.ba\/wp-content\/uploads\/2021\/10\/DSC0044.jpg\" alt=\"\" data-id=\"83110\" data-full-url=\"https:\/\/radioljubuski.ba\/wp-content\/uploads\/2021\/10\/DSC0044.jpg\" data-link=\"https:\/\/radioljubuski.ba\/?attachment_id=83110\" class=\"wp-image-83110\" srcset=\"https:\/\/radioljubuski.ba\/wp-content\/uploads\/2021\/10\/DSC0044.jpg 1024w, https:\/\/radioljubuski.ba\/wp-content\/uploads\/2021\/10\/DSC0044-300x200.jpg 300w, https:\/\/radioljubuski.ba\/wp-content\/uploads\/2021\/10\/DSC0044-768x512.jpg 768w, https:\/\/radioljubuski.ba\/wp-content\/uploads\/2021\/10\/DSC0044-18x12.jpg 18w\" sizes=\"auto, (max-width: 1024px) 100vw, 1024px\" \/><\/figure><\/li><\/ul><\/figure>\n\n\n\n<p>M.Kraljevi\u0107\/Radio Ljubu\u0161ki<\/p>\n","protected":false},"excerpt":{"rendered":"<p>U nedjelju, 31.listopada, kod spomenika ljubu\u0161kim \u017ertvama na trgu dr. Franje Tu\u0111mana, a u povodu blagdana Svih svetih i Du\u0161nog dana, polo\u017een je vijenac i zapaljene svije\u0107e. Uz \u010delnike Grada Ljubu\u0161kog i \u017dupanije zapadnohercegova\u010dke svije\u0107e su zapali i \u010dlanovi obitelji poginulih branitelja, predstavnici udruga, suborci i prijatelji. Molitveni obred predvodio je fra Dario Dodig, huma\u010dki [&hellip;]<\/p>\n","protected":false},"author":2,"featured_media":83103,"comment_status":"closed","ping_status":"closed","sticky":false,"template":"","format":"standard","meta":{"h5ap_radio_sources":[],"footnotes":""},"categories":[3],"tags":[],"class_list":["post-83091","post","type-post","status-publish","format-standard","has-post-thumbnail","hentry","category-ljubuski"],"yoast_head":"<!-- This site is optimized with the Yoast SEO plugin v27.5 - https:\/\/yoast.com\/product\/yoast-seo-wordpress\/ -->\n<title>Polaganje vijenaca i sveta Misa za poginule branitelje - RADIO LJUBU\u0160KI<\/title>\n<meta name=\"robots\" content=\"index, follow, max-snippet:-1, max-image-preview:large, max-video-preview:-1\" \/>\n<link rel=\"canonical\" href=\"https:\/\/radioljubuski.ba\/index.php\/2021\/10\/31\/polaganje-vijenaca-i-sveta-misa-za-poginule-branitelje\/\" \/>\n<meta property=\"og:locale\" content=\"hr_HR\" \/>\n<meta property=\"og:type\" content=\"article\" \/>\n<meta property=\"og:title\" content=\"Polaganje vijenaca i sveta Misa za poginule branitelje - RADIO LJUBU\u0160KI\" \/>\n<meta property=\"og:description\" content=\"U nedjelju, 31.listopada, kod spomenika ljubu\u0161kim \u017ertvama na trgu dr. Franje Tu\u0111mana, a u povodu blagdana Svih svetih i Du\u0161nog dana, polo\u017een je vijenac i zapaljene svije\u0107e. Uz \u010delnike Grada Ljubu\u0161kog i \u017dupanije zapadnohercegova\u010dke svije\u0107e su zapali i \u010dlanovi obitelji poginulih branitelja, predstavnici udruga, suborci i prijatelji. Molitveni obred predvodio je fra Dario Dodig, huma\u010dki [&hellip;]\" \/>\n<meta property=\"og:url\" content=\"https:\/\/radioljubuski.ba\/index.php\/2021\/10\/31\/polaganje-vijenaca-i-sveta-misa-za-poginule-branitelje\/\" \/>\n<meta property=\"og:site_name\" content=\"RADIO LJUBU\u0160KI\" \/>\n<meta property=\"article:publisher\" content=\"https:\/\/www.facebook.com\/Radiio-Ljubuski-1490835324566332\" \/>\n<meta property=\"article:published_time\" content=\"2021-10-31T18:34:11+00:00\" \/>\n<meta property=\"article:modified_time\" content=\"2021-11-03T10:31:27+00:00\" \/>\n<meta property=\"og:image\" content=\"https:\/\/radioljubuski.ba\/wp-content\/uploads\/2021\/10\/DSC0026.jpg\" \/>\n\t<meta property=\"og:image:width\" content=\"683\" \/>\n\t<meta property=\"og:image:height\" content=\"1024\" \/>\n\t<meta property=\"og:image:type\" content=\"image\/jpeg\" \/>\n<meta name=\"author\" content=\"Radio Ljubu\u0161ki\" \/>\n<meta name=\"twitter:card\" content=\"summary_large_image\" \/>\n<meta name=\"twitter:creator\" content=\"@radioljubuski\" \/>\n<meta name=\"twitter:site\" content=\"@radioljubuski\" \/>\n<meta name=\"twitter:label1\" content=\"Napisao\/la\" \/>\n\t<meta name=\"twitter:data1\" content=\"Radio Ljubu\u0161ki\" \/>\n\t<meta name=\"twitter:label2\" content=\"Procijenjeno vrijeme \u010ditanja\" \/>\n\t<meta name=\"twitter:data2\" content=\"4 minute\" \/>\n<script type=\"application\/ld+json\" class=\"yoast-schema-graph\">{\"@context\":\"https:\\\/\\\/schema.org\",\"@graph\":[{\"@type\":\"Article\",\"@id\":\"https:\\\/\\\/radioljubuski.ba\\\/index.php\\\/2021\\\/10\\\/31\\\/polaganje-vijenaca-i-sveta-misa-za-poginule-branitelje\\\/#article\",\"isPartOf\":{\"@id\":\"https:\\\/\\\/radioljubuski.ba\\\/index.php\\\/2021\\\/10\\\/31\\\/polaganje-vijenaca-i-sveta-misa-za-poginule-branitelje\\\/\"},\"author\":{\"name\":\"Radio Ljubu\u0161ki\",\"@id\":\"https:\\\/\\\/radioljubuski.ba\\\/#\\\/schema\\\/person\\\/19fc700381a780f69665d7956c469e3b\"},\"headline\":\"Polaganje vijenaca i sveta Misa za poginule branitelje\",\"datePublished\":\"2021-10-31T18:34:11+00:00\",\"dateModified\":\"2021-11-03T10:31:27+00:00\",\"mainEntityOfPage\":{\"@id\":\"https:\\\/\\\/radioljubuski.ba\\\/index.php\\\/2021\\\/10\\\/31\\\/polaganje-vijenaca-i-sveta-misa-za-poginule-branitelje\\\/\"},\"wordCount\":155,\"publisher\":{\"@id\":\"https:\\\/\\\/radioljubuski.ba\\\/#organization\"},\"image\":{\"@id\":\"https:\\\/\\\/radioljubuski.ba\\\/index.php\\\/2021\\\/10\\\/31\\\/polaganje-vijenaca-i-sveta-misa-za-poginule-branitelje\\\/#primaryimage\"},\"thumbnailUrl\":\"https:\\\/\\\/radioljubuski.ba\\\/wp-content\\\/uploads\\\/2021\\\/10\\\/DSC0026.jpg\",\"articleSection\":[\"Ljubu\u0161ki\"],\"inLanguage\":\"hr\"},{\"@type\":\"WebPage\",\"@id\":\"https:\\\/\\\/radioljubuski.ba\\\/index.php\\\/2021\\\/10\\\/31\\\/polaganje-vijenaca-i-sveta-misa-za-poginule-branitelje\\\/\",\"url\":\"https:\\\/\\\/radioljubuski.ba\\\/index.php\\\/2021\\\/10\\\/31\\\/polaganje-vijenaca-i-sveta-misa-za-poginule-branitelje\\\/\",\"name\":\"Polaganje vijenaca i sveta Misa za poginule branitelje - RADIO LJUBU\u0160KI\",\"isPartOf\":{\"@id\":\"https:\\\/\\\/radioljubuski.ba\\\/#website\"},\"primaryImageOfPage\":{\"@id\":\"https:\\\/\\\/radioljubuski.ba\\\/index.php\\\/2021\\\/10\\\/31\\\/polaganje-vijenaca-i-sveta-misa-za-poginule-branitelje\\\/#primaryimage\"},\"image\":{\"@id\":\"https:\\\/\\\/radioljubuski.ba\\\/index.php\\\/2021\\\/10\\\/31\\\/polaganje-vijenaca-i-sveta-misa-za-poginule-branitelje\\\/#primaryimage\"},\"thumbnailUrl\":\"https:\\\/\\\/radioljubuski.ba\\\/wp-content\\\/uploads\\\/2021\\\/10\\\/DSC0026.jpg\",\"datePublished\":\"2021-10-31T18:34:11+00:00\",\"dateModified\":\"2021-11-03T10:31:27+00:00\",\"breadcrumb\":{\"@id\":\"https:\\\/\\\/radioljubuski.ba\\\/index.php\\\/2021\\\/10\\\/31\\\/polaganje-vijenaca-i-sveta-misa-za-poginule-branitelje\\\/#breadcrumb\"},\"inLanguage\":\"hr\",\"potentialAction\":[{\"@type\":\"ReadAction\",\"target\":[\"https:\\\/\\\/radioljubuski.ba\\\/index.php\\\/2021\\\/10\\\/31\\\/polaganje-vijenaca-i-sveta-misa-za-poginule-branitelje\\\/\"]}]},{\"@type\":\"ImageObject\",\"inLanguage\":\"hr\",\"@id\":\"https:\\\/\\\/radioljubuski.ba\\\/index.php\\\/2021\\\/10\\\/31\\\/polaganje-vijenaca-i-sveta-misa-za-poginule-branitelje\\\/#primaryimage\",\"url\":\"https:\\\/\\\/radioljubuski.ba\\\/wp-content\\\/uploads\\\/2021\\\/10\\\/DSC0026.jpg\",\"contentUrl\":\"https:\\\/\\\/radioljubuski.ba\\\/wp-content\\\/uploads\\\/2021\\\/10\\\/DSC0026.jpg\",\"width\":683,\"height\":1024},{\"@type\":\"BreadcrumbList\",\"@id\":\"https:\\\/\\\/radioljubuski.ba\\\/index.php\\\/2021\\\/10\\\/31\\\/polaganje-vijenaca-i-sveta-misa-za-poginule-branitelje\\\/#breadcrumb\",\"itemListElement\":[{\"@type\":\"ListItem\",\"position\":1,\"name\":\"Po\u010detna stranica\",\"item\":\"https:\\\/\\\/radioljubuski.ba\\\/\"},{\"@type\":\"ListItem\",\"position\":2,\"name\":\"Polaganje vijenaca i sveta Misa za poginule branitelje\"}]},{\"@type\":\"WebSite\",\"@id\":\"https:\\\/\\\/radioljubuski.ba\\\/#website\",\"url\":\"https:\\\/\\\/radioljubuski.ba\\\/\",\"name\":\"Radio Ljubu\u0161ki\",\"description\":\"Sun\u010dana frekvencija Hercegovine\",\"publisher\":{\"@id\":\"https:\\\/\\\/radioljubuski.ba\\\/#organization\"},\"potentialAction\":[{\"@type\":\"SearchAction\",\"target\":{\"@type\":\"EntryPoint\",\"urlTemplate\":\"https:\\\/\\\/radioljubuski.ba\\\/?s={search_term_string}\"},\"query-input\":{\"@type\":\"PropertyValueSpecification\",\"valueRequired\":true,\"valueName\":\"search_term_string\"}}],\"inLanguage\":\"hr\"},{\"@type\":\"Organization\",\"@id\":\"https:\\\/\\\/radioljubuski.ba\\\/#organization\",\"name\":\"Radio Ljubu\u0161ki\",\"url\":\"https:\\\/\\\/radioljubuski.ba\\\/\",\"logo\":{\"@type\":\"ImageObject\",\"inLanguage\":\"hr\",\"@id\":\"https:\\\/\\\/radioljubuski.ba\\\/#\\\/schema\\\/logo\\\/image\\\/\",\"url\":\"https:\\\/\\\/radioljubuski.ba\\\/wp-content\\\/uploads\\\/2021\\\/02\\\/cropped-Radio_Ljubuski_logo1.jpg\",\"contentUrl\":\"https:\\\/\\\/radioljubuski.ba\\\/wp-content\\\/uploads\\\/2021\\\/02\\\/cropped-Radio_Ljubuski_logo1.jpg\",\"width\":512,\"height\":512,\"caption\":\"Radio Ljubu\u0161ki\"},\"image\":{\"@id\":\"https:\\\/\\\/radioljubuski.ba\\\/#\\\/schema\\\/logo\\\/image\\\/\"},\"sameAs\":[\"https:\\\/\\\/www.facebook.com\\\/Radiio-Ljubuski-1490835324566332\",\"https:\\\/\\\/x.com\\\/radioljubuski\",\"https:\\\/\\\/hr.linkedin.com\\\/company\\\/radio-ljubuski\",\"https:\\\/\\\/www.youtube.com\\\/channel\\\/UCHYaeO_n0Db3tjNGudGpXyw\"]},{\"@type\":\"Person\",\"@id\":\"https:\\\/\\\/radioljubuski.ba\\\/#\\\/schema\\\/person\\\/19fc700381a780f69665d7956c469e3b\",\"name\":\"Radio Ljubu\u0161ki\"}]}<\/script>\n<!-- \/ Yoast SEO plugin. -->","yoast_head_json":{"title":"Polaganje vijenaca i sveta Misa za poginule branitelje - RADIO LJUBU\u0160KI","robots":{"index":"index","follow":"follow","max-snippet":"max-snippet:-1","max-image-preview":"max-image-preview:large","max-video-preview":"max-video-preview:-1"},"canonical":"https:\/\/radioljubuski.ba\/index.php\/2021\/10\/31\/polaganje-vijenaca-i-sveta-misa-za-poginule-branitelje\/","og_locale":"hr_HR","og_type":"article","og_title":"Polaganje vijenaca i sveta Misa za poginule branitelje - RADIO LJUBU\u0160KI","og_description":"U nedjelju, 31.listopada, kod spomenika ljubu\u0161kim \u017ertvama na trgu dr. Franje Tu\u0111mana, a u povodu blagdana Svih svetih i Du\u0161nog dana, polo\u017een je vijenac i zapaljene svije\u0107e. Uz \u010delnike Grada Ljubu\u0161kog i \u017dupanije zapadnohercegova\u010dke svije\u0107e su zapali i \u010dlanovi obitelji poginulih branitelja, predstavnici udruga, suborci i prijatelji. Molitveni obred predvodio je fra Dario Dodig, huma\u010dki [&hellip;]","og_url":"https:\/\/radioljubuski.ba\/index.php\/2021\/10\/31\/polaganje-vijenaca-i-sveta-misa-za-poginule-branitelje\/","og_site_name":"RADIO LJUBU\u0160KI","article_publisher":"https:\/\/www.facebook.com\/Radiio-Ljubuski-1490835324566332","article_published_time":"2021-10-31T18:34:11+00:00","article_modified_time":"2021-11-03T10:31:27+00:00","og_image":[{"width":683,"height":1024,"url":"https:\/\/radioljubuski.ba\/wp-content\/uploads\/2021\/10\/DSC0026.jpg","type":"image\/jpeg"}],"author":"Radio Ljubu\u0161ki","twitter_card":"summary_large_image","twitter_creator":"@radioljubuski","twitter_site":"@radioljubuski","twitter_misc":{"Napisao\/la":"Radio Ljubu\u0161ki","Procijenjeno vrijeme \u010ditanja":"4 minute"},"schema":{"@context":"https:\/\/schema.org","@graph":[{"@type":"Article","@id":"https:\/\/radioljubuski.ba\/index.php\/2021\/10\/31\/polaganje-vijenaca-i-sveta-misa-za-poginule-branitelje\/#article","isPartOf":{"@id":"https:\/\/radioljubuski.ba\/index.php\/2021\/10\/31\/polaganje-vijenaca-i-sveta-misa-za-poginule-branitelje\/"},"author":{"name":"Radio Ljubu\u0161ki","@id":"https:\/\/radioljubuski.ba\/#\/schema\/person\/19fc700381a780f69665d7956c469e3b"},"headline":"Polaganje vijenaca i sveta Misa za poginule branitelje","datePublished":"2021-10-31T18:34:11+00:00","dateModified":"2021-11-03T10:31:27+00:00","mainEntityOfPage":{"@id":"https:\/\/radioljubuski.ba\/index.php\/2021\/10\/31\/polaganje-vijenaca-i-sveta-misa-za-poginule-branitelje\/"},"wordCount":155,"publisher":{"@id":"https:\/\/radioljubuski.ba\/#organization"},"image":{"@id":"https:\/\/radioljubuski.ba\/index.php\/2021\/10\/31\/polaganje-vijenaca-i-sveta-misa-za-poginule-branitelje\/#primaryimage"},"thumbnailUrl":"https:\/\/radioljubuski.ba\/wp-content\/uploads\/2021\/10\/DSC0026.jpg","articleSection":["Ljubu\u0161ki"],"inLanguage":"hr"},{"@type":"WebPage","@id":"https:\/\/radioljubuski.ba\/index.php\/2021\/10\/31\/polaganje-vijenaca-i-sveta-misa-za-poginule-branitelje\/","url":"https:\/\/radioljubuski.ba\/index.php\/2021\/10\/31\/polaganje-vijenaca-i-sveta-misa-za-poginule-branitelje\/","name":"Polaganje vijenaca i sveta Misa za poginule branitelje - RADIO LJUBU\u0160KI","isPartOf":{"@id":"https:\/\/radioljubuski.ba\/#website"},"primaryImageOfPage":{"@id":"https:\/\/radioljubuski.ba\/index.php\/2021\/10\/31\/polaganje-vijenaca-i-sveta-misa-za-poginule-branitelje\/#primaryimage"},"image":{"@id":"https:\/\/radioljubuski.ba\/index.php\/2021\/10\/31\/polaganje-vijenaca-i-sveta-misa-za-poginule-branitelje\/#primaryimage"},"thumbnailUrl":"https:\/\/radioljubuski.ba\/wp-content\/uploads\/2021\/10\/DSC0026.jpg","datePublished":"2021-10-31T18:34:11+00:00","dateModified":"2021-11-03T10:31:27+00:00","breadcrumb":{"@id":"https:\/\/radioljubuski.ba\/index.php\/2021\/10\/31\/polaganje-vijenaca-i-sveta-misa-za-poginule-branitelje\/#breadcrumb"},"inLanguage":"hr","potentialAction":[{"@type":"ReadAction","target":["https:\/\/radioljubuski.ba\/index.php\/2021\/10\/31\/polaganje-vijenaca-i-sveta-misa-za-poginule-branitelje\/"]}]},{"@type":"ImageObject","inLanguage":"hr","@id":"https:\/\/radioljubuski.ba\/index.php\/2021\/10\/31\/polaganje-vijenaca-i-sveta-misa-za-poginule-branitelje\/#primaryimage","url":"https:\/\/radioljubuski.ba\/wp-content\/uploads\/2021\/10\/DSC0026.jpg","contentUrl":"https:\/\/radioljubuski.ba\/wp-content\/uploads\/2021\/10\/DSC0026.jpg","width":683,"height":1024},{"@type":"BreadcrumbList","@id":"https:\/\/radioljubuski.ba\/index.php\/2021\/10\/31\/polaganje-vijenaca-i-sveta-misa-za-poginule-branitelje\/#breadcrumb","itemListElement":[{"@type":"ListItem","position":1,"name":"Po\u010detna stranica","item":"https:\/\/radioljubuski.ba\/"},{"@type":"ListItem","position":2,"name":"Polaganje vijenaca i sveta Misa za poginule branitelje"}]},{"@type":"WebSite","@id":"https:\/\/radioljubuski.ba\/#website","url":"https:\/\/radioljubuski.ba\/","name":"Radio Ljubu\u0161ki","description":"Sun\u010dana frekvencija Hercegovine","publisher":{"@id":"https:\/\/radioljubuski.ba\/#organization"},"potentialAction":[{"@type":"SearchAction","target":{"@type":"EntryPoint","urlTemplate":"https:\/\/radioljubuski.ba\/?s={search_term_string}"},"query-input":{"@type":"PropertyValueSpecification","valueRequired":true,"valueName":"search_term_string"}}],"inLanguage":"hr"},{"@type":"Organization","@id":"https:\/\/radioljubuski.ba\/#organization","name":"Radio Ljubu\u0161ki","url":"https:\/\/radioljubuski.ba\/","logo":{"@type":"ImageObject","inLanguage":"hr","@id":"https:\/\/radioljubuski.ba\/#\/schema\/logo\/image\/","url":"https:\/\/radioljubuski.ba\/wp-content\/uploads\/2021\/02\/cropped-Radio_Ljubuski_logo1.jpg","contentUrl":"https:\/\/radioljubuski.ba\/wp-content\/uploads\/2021\/02\/cropped-Radio_Ljubuski_logo1.jpg","width":512,"height":512,"caption":"Radio Ljubu\u0161ki"},"image":{"@id":"https:\/\/radioljubuski.ba\/#\/schema\/logo\/image\/"},"sameAs":["https:\/\/www.facebook.com\/Radiio-Ljubuski-1490835324566332","https:\/\/x.com\/radioljubuski","https:\/\/hr.linkedin.com\/company\/radio-ljubuski","https:\/\/www.youtube.com\/channel\/UCHYaeO_n0Db3tjNGudGpXyw"]},{"@type":"Person","@id":"https:\/\/radioljubuski.ba\/#\/schema\/person\/19fc700381a780f69665d7956c469e3b","name":"Radio Ljubu\u0161ki"}]}},"_links":{"self":[{"href":"https:\/\/radioljubuski.ba\/index.php\/wp-json\/wp\/v2\/posts\/83091","targetHints":{"allow":["GET"]}}],"collection":[{"href":"https:\/\/radioljubuski.ba\/index.php\/wp-json\/wp\/v2\/posts"}],"about":[{"href":"https:\/\/radioljubuski.ba\/index.php\/wp-json\/wp\/v2\/types\/post"}],"author":[{"embeddable":true,"href":"https:\/\/radioljubuski.ba\/index.php\/wp-json\/wp\/v2\/users\/2"}],"replies":[{"embeddable":true,"href":"https:\/\/radioljubuski.ba\/index.php\/wp-json\/wp\/v2\/comments?post=83091"}],"version-history":[{"count":1,"href":"https:\/\/radioljubuski.ba\/index.php\/wp-json\/wp\/v2\/posts\/83091\/revisions"}],"predecessor-version":[{"id":83111,"href":"https:\/\/radioljubuski.ba\/index.php\/wp-json\/wp\/v2\/posts\/83091\/revisions\/83111"}],"wp:featuredmedia":[{"embeddable":true,"href":"https:\/\/radioljubuski.ba\/index.php\/wp-json\/wp\/v2\/media\/83103"}],"wp:attachment":[{"href":"https:\/\/radioljubuski.ba\/index.php\/wp-json\/wp\/v2\/media?parent=83091"}],"wp:term":[{"taxonomy":"category","embeddable":true,"href":"https:\/\/radioljubuski.ba\/index.php\/wp-json\/wp\/v2\/categories?post=83091"},{"taxonomy":"post_tag","embeddable":true,"href":"https:\/\/radioljubuski.ba\/index.php\/wp-json\/wp\/v2\/tags?post=83091"}],"curies":[{"name":"wp","href":"https:\/\/api.w.org\/{rel}","templated":true}]}}