{"id":8388,"date":"2021-03-31T19:25:21","date_gmt":"2021-03-31T18:25:21","guid":{"rendered":"https:\/\/radioljubuski.ba\/?p=8388"},"modified":"2021-03-31T19:25:22","modified_gmt":"2021-03-31T18:25:22","slug":"americko-veleposlanstvo-dostavilo-tegeltiji-kontakt-podatke-americkih-proizvodaca-cjepiva","status":"publish","type":"post","link":"https:\/\/radioljubuski.ba\/index.php\/2021\/03\/31\/americko-veleposlanstvo-dostavilo-tegeltiji-kontakt-podatke-americkih-proizvodaca-cjepiva\/","title":{"rendered":"Ameri\u010dko veleposlanstvo dostavilo Tegeltiji kontakt podatke ameri\u010dkih proizvo\u0111a\u010da cjepiva"},"content":{"rendered":"\n<p><strong>Predsjedavaju\u0107i Vije\u0107a ministara BiH primio je pismo Veleposlanstva SAD u BiH u kojem ga obavje\u0161tavaju da SAD i njihov privatni sektor i dalje imaju vode\u0107u ulogu u svijetu \u0161to se ti\u010de inovacija i sposobnosti brze reakcije na krizu.<\/strong><\/p>\n\n\n\n<p>\u201cAmeri\u010dka kompanija Johnson &amp; Johnson, Moderna i Pfizer proizvode cjepiva protiv Covida u rekordnim koli\u010dinama i primaju narud\u017ebe iz cijelog svijeta. U ovom dopisu vam dostavljamo kontakt informacije za svakog proizvo\u0111a\u010da pojedina\u010dno, te apeliramo na vas da ih \u0161to prije kontaktirate da biste ubrzali nabavku cjepiva\u201d, stoji u pismu. Ameri\u010dko veleposlanstvo u BiH navodi u pismu Tegeltiji da su spomenute kompanije svjetski lideri i imaju iskustvo u radu s nacionalnim vladama, ali da mo\u017eda nisu upoznati sa slo\u017eenom politi\u010dkom strukturom BiH.<\/p>\n\n\n\n<p>\u201cZato bi im moglo biti od koristi kada biste im objasnili da BiH ima slo\u017eenu administrativnu strukturu u kojoj kompetencije za pitanja zdravstva i nabavke pripadaju razli\u010ditim razinama vlasti, uklju\u010duju\u0107i i \u017eupanije. Va\u017eno im je naglastiti da ni jedan pojedina\u010dni organ u BiH nije jedini kontakt kada se radi o nabavci cjepiva. Tako\u0111er treba te im objasniti da pored anga\u017eiranja dr\u017eavne razine kroz mehanizam Covax, vlade i javne institucije u entitetima Federacija BiH i Republika Srpska, te distrikt Br\u010dko, tako\u0111er imaju ovlasti za nabavku cjepiva, jer ve\u0107ina kompetencija za nabavku, zdravstvo i za\u0161titu gra\u0111ana od zarazni bolesti pripada ovim razinama vlasti\u201d, navedeno je u pismu u kojem se nagla\u0161ava koliko je va\u017eno da sve razine vlasti u BiH rade zajedno na prevladavanju prepreka nabavci cjepiva.<\/p>\n\n\n\n<p>\u201cCovid 19 ne zaustavlja se na unutarnjim linijama razgrani\u010denja, niti bi one trebale biti prepreka suradnji za nabavku cjepiva\u201d, stoji u pismu koje je Tegeltiji upu\u0107eno iz Ambasade SAD u BiH.<\/p>\n\n\n\n<p>\/HMS\/<\/p>\n","protected":false},"excerpt":{"rendered":"<p>Predsjedavaju\u0107i Vije\u0107a ministara BiH primio je pismo Veleposlanstva SAD u BiH u kojem ga obavje\u0161tavaju da SAD i njihov privatni sektor i dalje imaju vode\u0107u ulogu u svijetu \u0161to se ti\u010de inovacija i sposobnosti brze reakcije na krizu. \u201cAmeri\u010dka kompanija Johnson &amp; Johnson, Moderna i Pfizer proizvode cjepiva protiv Covida u rekordnim koli\u010dinama i primaju [&hellip;]<\/p>\n","protected":false},"author":2,"featured_media":0,"comment_status":"closed","ping_status":"closed","sticky":false,"template":"","format":"standard","meta":{"h5ap_radio_sources":[],"footnotes":""},"categories":[1],"tags":[],"class_list":["post-8388","post","type-post","status-publish","format-standard","hentry","category-bihiregija"],"yoast_head":"<!-- This site is optimized with the Yoast SEO plugin v27.5 - https:\/\/yoast.com\/product\/yoast-seo-wordpress\/ -->\n<title>Ameri\u010dko veleposlanstvo dostavilo Tegeltiji kontakt podatke ameri\u010dkih proizvo\u0111a\u010da cjepiva - RADIO LJUBU\u0160KI<\/title>\n<meta name=\"robots\" content=\"index, follow, max-snippet:-1, max-image-preview:large, max-video-preview:-1\" \/>\n<link rel=\"canonical\" href=\"https:\/\/radioljubuski.ba\/index.php\/2021\/03\/31\/americko-veleposlanstvo-dostavilo-tegeltiji-kontakt-podatke-americkih-proizvodaca-cjepiva\/\" \/>\n<meta property=\"og:locale\" content=\"hr_HR\" \/>\n<meta property=\"og:type\" content=\"article\" \/>\n<meta property=\"og:title\" content=\"Ameri\u010dko veleposlanstvo dostavilo Tegeltiji kontakt podatke ameri\u010dkih proizvo\u0111a\u010da cjepiva - RADIO LJUBU\u0160KI\" \/>\n<meta property=\"og:description\" content=\"Predsjedavaju\u0107i Vije\u0107a ministara BiH primio je pismo Veleposlanstva SAD u BiH u kojem ga obavje\u0161tavaju da SAD i njihov privatni sektor i dalje imaju vode\u0107u ulogu u svijetu \u0161to se ti\u010de inovacija i sposobnosti brze reakcije na krizu. \u201cAmeri\u010dka kompanija Johnson &amp; Johnson, Moderna i Pfizer proizvode cjepiva protiv Covida u rekordnim koli\u010dinama i primaju [&hellip;]\" \/>\n<meta property=\"og:url\" content=\"https:\/\/radioljubuski.ba\/index.php\/2021\/03\/31\/americko-veleposlanstvo-dostavilo-tegeltiji-kontakt-podatke-americkih-proizvodaca-cjepiva\/\" \/>\n<meta property=\"og:site_name\" content=\"RADIO LJUBU\u0160KI\" \/>\n<meta property=\"article:publisher\" content=\"https:\/\/www.facebook.com\/Radiio-Ljubuski-1490835324566332\" \/>\n<meta property=\"article:published_time\" content=\"2021-03-31T18:25:21+00:00\" \/>\n<meta property=\"article:modified_time\" content=\"2021-03-31T18:25:22+00:00\" \/>\n<meta property=\"og:image\" content=\"https:\/\/radioljubuski.ba\/wp-content\/uploads\/2021\/03\/americko-veleposlanstvo-ambasada-SAD-Sarajevo-810x503-1.jpg\" \/>\n\t<meta property=\"og:image:width\" content=\"810\" \/>\n\t<meta property=\"og:image:height\" content=\"503\" \/>\n\t<meta property=\"og:image:type\" content=\"image\/jpeg\" \/>\n<meta name=\"author\" content=\"Radio Ljubu\u0161ki\" \/>\n<meta name=\"twitter:card\" content=\"summary_large_image\" \/>\n<meta name=\"twitter:creator\" content=\"@radioljubuski\" \/>\n<meta name=\"twitter:site\" content=\"@radioljubuski\" \/>\n<meta name=\"twitter:label1\" content=\"Napisao\/la\" \/>\n\t<meta name=\"twitter:data1\" content=\"Radio Ljubu\u0161ki\" \/>\n\t<meta name=\"twitter:label2\" content=\"Procijenjeno vrijeme \u010ditanja\" \/>\n\t<meta name=\"twitter:data2\" content=\"2 minute\" \/>\n<script type=\"application\/ld+json\" class=\"yoast-schema-graph\">{\"@context\":\"https:\\\/\\\/schema.org\",\"@graph\":[{\"@type\":\"Article\",\"@id\":\"https:\\\/\\\/radioljubuski.ba\\\/index.php\\\/2021\\\/03\\\/31\\\/americko-veleposlanstvo-dostavilo-tegeltiji-kontakt-podatke-americkih-proizvodaca-cjepiva\\\/#article\",\"isPartOf\":{\"@id\":\"https:\\\/\\\/radioljubuski.ba\\\/index.php\\\/2021\\\/03\\\/31\\\/americko-veleposlanstvo-dostavilo-tegeltiji-kontakt-podatke-americkih-proizvodaca-cjepiva\\\/\"},\"author\":{\"name\":\"Radio Ljubu\u0161ki\",\"@id\":\"https:\\\/\\\/radioljubuski.ba\\\/#\\\/schema\\\/person\\\/19fc700381a780f69665d7956c469e3b\"},\"headline\":\"Ameri\u010dko veleposlanstvo dostavilo Tegeltiji kontakt podatke ameri\u010dkih proizvo\u0111a\u010da cjepiva\",\"datePublished\":\"2021-03-31T18:25:21+00:00\",\"dateModified\":\"2021-03-31T18:25:22+00:00\",\"mainEntityOfPage\":{\"@id\":\"https:\\\/\\\/radioljubuski.ba\\\/index.php\\\/2021\\\/03\\\/31\\\/americko-veleposlanstvo-dostavilo-tegeltiji-kontakt-podatke-americkih-proizvodaca-cjepiva\\\/\"},\"wordCount\":321,\"publisher\":{\"@id\":\"https:\\\/\\\/radioljubuski.ba\\\/#organization\"},\"articleSection\":[\"BIH i regija\"],\"inLanguage\":\"hr\"},{\"@type\":\"WebPage\",\"@id\":\"https:\\\/\\\/radioljubuski.ba\\\/index.php\\\/2021\\\/03\\\/31\\\/americko-veleposlanstvo-dostavilo-tegeltiji-kontakt-podatke-americkih-proizvodaca-cjepiva\\\/\",\"url\":\"https:\\\/\\\/radioljubuski.ba\\\/index.php\\\/2021\\\/03\\\/31\\\/americko-veleposlanstvo-dostavilo-tegeltiji-kontakt-podatke-americkih-proizvodaca-cjepiva\\\/\",\"name\":\"Ameri\u010dko veleposlanstvo dostavilo Tegeltiji kontakt podatke ameri\u010dkih proizvo\u0111a\u010da cjepiva - RADIO LJUBU\u0160KI\",\"isPartOf\":{\"@id\":\"https:\\\/\\\/radioljubuski.ba\\\/#website\"},\"datePublished\":\"2021-03-31T18:25:21+00:00\",\"dateModified\":\"2021-03-31T18:25:22+00:00\",\"breadcrumb\":{\"@id\":\"https:\\\/\\\/radioljubuski.ba\\\/index.php\\\/2021\\\/03\\\/31\\\/americko-veleposlanstvo-dostavilo-tegeltiji-kontakt-podatke-americkih-proizvodaca-cjepiva\\\/#breadcrumb\"},\"inLanguage\":\"hr\",\"potentialAction\":[{\"@type\":\"ReadAction\",\"target\":[\"https:\\\/\\\/radioljubuski.ba\\\/index.php\\\/2021\\\/03\\\/31\\\/americko-veleposlanstvo-dostavilo-tegeltiji-kontakt-podatke-americkih-proizvodaca-cjepiva\\\/\"]}]},{\"@type\":\"BreadcrumbList\",\"@id\":\"https:\\\/\\\/radioljubuski.ba\\\/index.php\\\/2021\\\/03\\\/31\\\/americko-veleposlanstvo-dostavilo-tegeltiji-kontakt-podatke-americkih-proizvodaca-cjepiva\\\/#breadcrumb\",\"itemListElement\":[{\"@type\":\"ListItem\",\"position\":1,\"name\":\"Po\u010detna stranica\",\"item\":\"https:\\\/\\\/radioljubuski.ba\\\/\"},{\"@type\":\"ListItem\",\"position\":2,\"name\":\"Ameri\u010dko veleposlanstvo dostavilo Tegeltiji kontakt podatke ameri\u010dkih proizvo\u0111a\u010da cjepiva\"}]},{\"@type\":\"WebSite\",\"@id\":\"https:\\\/\\\/radioljubuski.ba\\\/#website\",\"url\":\"https:\\\/\\\/radioljubuski.ba\\\/\",\"name\":\"Radio Ljubu\u0161ki\",\"description\":\"Sun\u010dana frekvencija Hercegovine\",\"publisher\":{\"@id\":\"https:\\\/\\\/radioljubuski.ba\\\/#organization\"},\"potentialAction\":[{\"@type\":\"SearchAction\",\"target\":{\"@type\":\"EntryPoint\",\"urlTemplate\":\"https:\\\/\\\/radioljubuski.ba\\\/?s={search_term_string}\"},\"query-input\":{\"@type\":\"PropertyValueSpecification\",\"valueRequired\":true,\"valueName\":\"search_term_string\"}}],\"inLanguage\":\"hr\"},{\"@type\":\"Organization\",\"@id\":\"https:\\\/\\\/radioljubuski.ba\\\/#organization\",\"name\":\"Radio Ljubu\u0161ki\",\"url\":\"https:\\\/\\\/radioljubuski.ba\\\/\",\"logo\":{\"@type\":\"ImageObject\",\"inLanguage\":\"hr\",\"@id\":\"https:\\\/\\\/radioljubuski.ba\\\/#\\\/schema\\\/logo\\\/image\\\/\",\"url\":\"https:\\\/\\\/radioljubuski.ba\\\/wp-content\\\/uploads\\\/2021\\\/02\\\/cropped-Radio_Ljubuski_logo1.jpg\",\"contentUrl\":\"https:\\\/\\\/radioljubuski.ba\\\/wp-content\\\/uploads\\\/2021\\\/02\\\/cropped-Radio_Ljubuski_logo1.jpg\",\"width\":512,\"height\":512,\"caption\":\"Radio Ljubu\u0161ki\"},\"image\":{\"@id\":\"https:\\\/\\\/radioljubuski.ba\\\/#\\\/schema\\\/logo\\\/image\\\/\"},\"sameAs\":[\"https:\\\/\\\/www.facebook.com\\\/Radiio-Ljubuski-1490835324566332\",\"https:\\\/\\\/x.com\\\/radioljubuski\",\"https:\\\/\\\/hr.linkedin.com\\\/company\\\/radio-ljubuski\",\"https:\\\/\\\/www.youtube.com\\\/channel\\\/UCHYaeO_n0Db3tjNGudGpXyw\"]},{\"@type\":\"Person\",\"@id\":\"https:\\\/\\\/radioljubuski.ba\\\/#\\\/schema\\\/person\\\/19fc700381a780f69665d7956c469e3b\",\"name\":\"Radio Ljubu\u0161ki\"}]}<\/script>\n<!-- \/ Yoast SEO plugin. -->","yoast_head_json":{"title":"Ameri\u010dko veleposlanstvo dostavilo Tegeltiji kontakt podatke ameri\u010dkih proizvo\u0111a\u010da cjepiva - RADIO LJUBU\u0160KI","robots":{"index":"index","follow":"follow","max-snippet":"max-snippet:-1","max-image-preview":"max-image-preview:large","max-video-preview":"max-video-preview:-1"},"canonical":"https:\/\/radioljubuski.ba\/index.php\/2021\/03\/31\/americko-veleposlanstvo-dostavilo-tegeltiji-kontakt-podatke-americkih-proizvodaca-cjepiva\/","og_locale":"hr_HR","og_type":"article","og_title":"Ameri\u010dko veleposlanstvo dostavilo Tegeltiji kontakt podatke ameri\u010dkih proizvo\u0111a\u010da cjepiva - RADIO LJUBU\u0160KI","og_description":"Predsjedavaju\u0107i Vije\u0107a ministara BiH primio je pismo Veleposlanstva SAD u BiH u kojem ga obavje\u0161tavaju da SAD i njihov privatni sektor i dalje imaju vode\u0107u ulogu u svijetu \u0161to se ti\u010de inovacija i sposobnosti brze reakcije na krizu. \u201cAmeri\u010dka kompanija Johnson &amp; Johnson, Moderna i Pfizer proizvode cjepiva protiv Covida u rekordnim koli\u010dinama i primaju [&hellip;]","og_url":"https:\/\/radioljubuski.ba\/index.php\/2021\/03\/31\/americko-veleposlanstvo-dostavilo-tegeltiji-kontakt-podatke-americkih-proizvodaca-cjepiva\/","og_site_name":"RADIO LJUBU\u0160KI","article_publisher":"https:\/\/www.facebook.com\/Radiio-Ljubuski-1490835324566332","article_published_time":"2021-03-31T18:25:21+00:00","article_modified_time":"2021-03-31T18:25:22+00:00","og_image":[{"width":810,"height":503,"url":"https:\/\/radioljubuski.ba\/wp-content\/uploads\/2021\/03\/americko-veleposlanstvo-ambasada-SAD-Sarajevo-810x503-1.jpg","type":"image\/jpeg"}],"author":"Radio Ljubu\u0161ki","twitter_card":"summary_large_image","twitter_creator":"@radioljubuski","twitter_site":"@radioljubuski","twitter_misc":{"Napisao\/la":"Radio Ljubu\u0161ki","Procijenjeno vrijeme \u010ditanja":"2 minute"},"schema":{"@context":"https:\/\/schema.org","@graph":[{"@type":"Article","@id":"https:\/\/radioljubuski.ba\/index.php\/2021\/03\/31\/americko-veleposlanstvo-dostavilo-tegeltiji-kontakt-podatke-americkih-proizvodaca-cjepiva\/#article","isPartOf":{"@id":"https:\/\/radioljubuski.ba\/index.php\/2021\/03\/31\/americko-veleposlanstvo-dostavilo-tegeltiji-kontakt-podatke-americkih-proizvodaca-cjepiva\/"},"author":{"name":"Radio Ljubu\u0161ki","@id":"https:\/\/radioljubuski.ba\/#\/schema\/person\/19fc700381a780f69665d7956c469e3b"},"headline":"Ameri\u010dko veleposlanstvo dostavilo Tegeltiji kontakt podatke ameri\u010dkih proizvo\u0111a\u010da cjepiva","datePublished":"2021-03-31T18:25:21+00:00","dateModified":"2021-03-31T18:25:22+00:00","mainEntityOfPage":{"@id":"https:\/\/radioljubuski.ba\/index.php\/2021\/03\/31\/americko-veleposlanstvo-dostavilo-tegeltiji-kontakt-podatke-americkih-proizvodaca-cjepiva\/"},"wordCount":321,"publisher":{"@id":"https:\/\/radioljubuski.ba\/#organization"},"articleSection":["BIH i regija"],"inLanguage":"hr"},{"@type":"WebPage","@id":"https:\/\/radioljubuski.ba\/index.php\/2021\/03\/31\/americko-veleposlanstvo-dostavilo-tegeltiji-kontakt-podatke-americkih-proizvodaca-cjepiva\/","url":"https:\/\/radioljubuski.ba\/index.php\/2021\/03\/31\/americko-veleposlanstvo-dostavilo-tegeltiji-kontakt-podatke-americkih-proizvodaca-cjepiva\/","name":"Ameri\u010dko veleposlanstvo dostavilo Tegeltiji kontakt podatke ameri\u010dkih proizvo\u0111a\u010da cjepiva - RADIO LJUBU\u0160KI","isPartOf":{"@id":"https:\/\/radioljubuski.ba\/#website"},"datePublished":"2021-03-31T18:25:21+00:00","dateModified":"2021-03-31T18:25:22+00:00","breadcrumb":{"@id":"https:\/\/radioljubuski.ba\/index.php\/2021\/03\/31\/americko-veleposlanstvo-dostavilo-tegeltiji-kontakt-podatke-americkih-proizvodaca-cjepiva\/#breadcrumb"},"inLanguage":"hr","potentialAction":[{"@type":"ReadAction","target":["https:\/\/radioljubuski.ba\/index.php\/2021\/03\/31\/americko-veleposlanstvo-dostavilo-tegeltiji-kontakt-podatke-americkih-proizvodaca-cjepiva\/"]}]},{"@type":"BreadcrumbList","@id":"https:\/\/radioljubuski.ba\/index.php\/2021\/03\/31\/americko-veleposlanstvo-dostavilo-tegeltiji-kontakt-podatke-americkih-proizvodaca-cjepiva\/#breadcrumb","itemListElement":[{"@type":"ListItem","position":1,"name":"Po\u010detna stranica","item":"https:\/\/radioljubuski.ba\/"},{"@type":"ListItem","position":2,"name":"Ameri\u010dko veleposlanstvo dostavilo Tegeltiji kontakt podatke ameri\u010dkih proizvo\u0111a\u010da cjepiva"}]},{"@type":"WebSite","@id":"https:\/\/radioljubuski.ba\/#website","url":"https:\/\/radioljubuski.ba\/","name":"Radio Ljubu\u0161ki","description":"Sun\u010dana frekvencija Hercegovine","publisher":{"@id":"https:\/\/radioljubuski.ba\/#organization"},"potentialAction":[{"@type":"SearchAction","target":{"@type":"EntryPoint","urlTemplate":"https:\/\/radioljubuski.ba\/?s={search_term_string}"},"query-input":{"@type":"PropertyValueSpecification","valueRequired":true,"valueName":"search_term_string"}}],"inLanguage":"hr"},{"@type":"Organization","@id":"https:\/\/radioljubuski.ba\/#organization","name":"Radio Ljubu\u0161ki","url":"https:\/\/radioljubuski.ba\/","logo":{"@type":"ImageObject","inLanguage":"hr","@id":"https:\/\/radioljubuski.ba\/#\/schema\/logo\/image\/","url":"https:\/\/radioljubuski.ba\/wp-content\/uploads\/2021\/02\/cropped-Radio_Ljubuski_logo1.jpg","contentUrl":"https:\/\/radioljubuski.ba\/wp-content\/uploads\/2021\/02\/cropped-Radio_Ljubuski_logo1.jpg","width":512,"height":512,"caption":"Radio Ljubu\u0161ki"},"image":{"@id":"https:\/\/radioljubuski.ba\/#\/schema\/logo\/image\/"},"sameAs":["https:\/\/www.facebook.com\/Radiio-Ljubuski-1490835324566332","https:\/\/x.com\/radioljubuski","https:\/\/hr.linkedin.com\/company\/radio-ljubuski","https:\/\/www.youtube.com\/channel\/UCHYaeO_n0Db3tjNGudGpXyw"]},{"@type":"Person","@id":"https:\/\/radioljubuski.ba\/#\/schema\/person\/19fc700381a780f69665d7956c469e3b","name":"Radio Ljubu\u0161ki"}]}},"_links":{"self":[{"href":"https:\/\/radioljubuski.ba\/index.php\/wp-json\/wp\/v2\/posts\/8388","targetHints":{"allow":["GET"]}}],"collection":[{"href":"https:\/\/radioljubuski.ba\/index.php\/wp-json\/wp\/v2\/posts"}],"about":[{"href":"https:\/\/radioljubuski.ba\/index.php\/wp-json\/wp\/v2\/types\/post"}],"author":[{"embeddable":true,"href":"https:\/\/radioljubuski.ba\/index.php\/wp-json\/wp\/v2\/users\/2"}],"replies":[{"embeddable":true,"href":"https:\/\/radioljubuski.ba\/index.php\/wp-json\/wp\/v2\/comments?post=8388"}],"version-history":[{"count":1,"href":"https:\/\/radioljubuski.ba\/index.php\/wp-json\/wp\/v2\/posts\/8388\/revisions"}],"predecessor-version":[{"id":8390,"href":"https:\/\/radioljubuski.ba\/index.php\/wp-json\/wp\/v2\/posts\/8388\/revisions\/8390"}],"wp:attachment":[{"href":"https:\/\/radioljubuski.ba\/index.php\/wp-json\/wp\/v2\/media?parent=8388"}],"wp:term":[{"taxonomy":"category","embeddable":true,"href":"https:\/\/radioljubuski.ba\/index.php\/wp-json\/wp\/v2\/categories?post=8388"},{"taxonomy":"post_tag","embeddable":true,"href":"https:\/\/radioljubuski.ba\/index.php\/wp-json\/wp\/v2\/tags?post=8388"}],"curies":[{"name":"wp","href":"https:\/\/api.w.org\/{rel}","templated":true}]}}