{"id":83910,"date":"2021-11-02T10:39:50","date_gmt":"2021-11-02T09:39:50","guid":{"rendered":"https:\/\/radioljubuski.ba\/?p=83910"},"modified":"2021-11-02T10:39:51","modified_gmt":"2021-11-02T09:39:51","slug":"sportski-cheerleading-klub-ljubuski-sudjelovao-je-na-cheerleading-kampu-u-sirokom-brijegu","status":"publish","type":"post","link":"https:\/\/radioljubuski.ba\/index.php\/2021\/11\/02\/sportski-cheerleading-klub-ljubuski-sudjelovao-je-na-cheerleading-kampu-u-sirokom-brijegu\/","title":{"rendered":"Sportski cheerleading klub Ljubu\u0161ki sudjelovao je na Cheerleading kampu u \u0160irokom Brijegu"},"content":{"rendered":"\n<p>U \u0160irokom Brijegu proteklog se vikenda odr\u017eao tradicionalni cheerleading kamp na kojem se obu\u010davaju cheerleading sporta\u0161i iz cijele Bosne i Hercegovine.<\/p>\n\n\n\n<p>Ovo je jedina obuka koja se odr\u017eava za cheerleading sporta\u0161e u BiH te svake godine privu\u010de velik broj sporta\u0161a i trenera.<\/p>\n\n\n\n<p>Ove godine na kampu je sudjelovalo \u010dak njih 105 u uzrastu od 2 i pol godine do 30 i vi\u0161e, a me\u0111u njima su bile i sporta\u0161ice iz Cheerleading kluba Ljubu\u0161ki. \u00a0<\/p>\n\n\n\n<blockquote class=\"wp-block-quote is-layout-flow wp-block-quote-is-layout-flow\"><p>Na\u0161e sporta\u0161ice su dva dana u\u010dile gimnasti\u010dke elemente, cheerleading dizanja, bacanja, skokove, te kako praviti frizuru za nastup u zabavnom dijelu. Dvije curice iz Ljubu\u0161kog Mara Crnjac i Marija \u0160evo su od kluba doma\u0107ina Hrvatskog cheerleading kluba \u0160iroki dobile posebne poklone za ro\u0111endan jer ga slave na kampu. Sporta\u0161ice su jako zadovoljne i presretne jer su bile dio ovog doga\u0111aja i jedva \u010dekaju idu\u0107u godinu. Moramo se zahvaliti Gradu Ljubu\u0161kom, to\u010dnije gradona\u010delniku gospodinu Vedranu Markoti\u0107u koji nam je izi\u0161ao u susret te pomogao u organizaciji prijevoza na\u0161ih sporta\u0161a za oba dana, priop\u0107ili su iz Cheerleading kluba Ljubu\u0161ki. \u00a0<\/p><\/blockquote>\n\n\n\n<p>Izvor: Cheerleading klub Ljubu\u0161ki<\/p>\n","protected":false},"excerpt":{"rendered":"<p>U \u0160irokom Brijegu proteklog se vikenda odr\u017eao tradicionalni cheerleading kamp na kojem se obu\u010davaju cheerleading sporta\u0161i iz cijele Bosne i Hercegovine. Ovo je jedina obuka koja se odr\u017eava za cheerleading sporta\u0161e u BiH te svake godine privu\u010de velik broj sporta\u0161a i trenera. Ove godine na kampu je sudjelovalo \u010dak njih 105 u uzrastu od 2 [&hellip;]<\/p>\n","protected":false},"author":2,"featured_media":83912,"comment_status":"closed","ping_status":"closed","sticky":false,"template":"","format":"standard","meta":{"h5ap_radio_sources":[],"footnotes":""},"categories":[3],"tags":[],"class_list":["post-83910","post","type-post","status-publish","format-standard","has-post-thumbnail","hentry","category-ljubuski"],"yoast_head":"<!-- This site is optimized with the Yoast SEO plugin v27.5 - https:\/\/yoast.com\/product\/yoast-seo-wordpress\/ -->\n<title>Sportski cheerleading klub Ljubu\u0161ki sudjelovao je na Cheerleading kampu u \u0160irokom Brijegu - RADIO LJUBU\u0160KI<\/title>\n<meta name=\"robots\" content=\"index, follow, max-snippet:-1, max-image-preview:large, max-video-preview:-1\" \/>\n<link rel=\"canonical\" href=\"https:\/\/radioljubuski.ba\/index.php\/2021\/11\/02\/sportski-cheerleading-klub-ljubuski-sudjelovao-je-na-cheerleading-kampu-u-sirokom-brijegu\/\" \/>\n<meta property=\"og:locale\" content=\"hr_HR\" \/>\n<meta property=\"og:type\" content=\"article\" \/>\n<meta property=\"og:title\" content=\"Sportski cheerleading klub Ljubu\u0161ki sudjelovao je na Cheerleading kampu u \u0160irokom Brijegu - RADIO LJUBU\u0160KI\" \/>\n<meta property=\"og:description\" content=\"U \u0160irokom Brijegu proteklog se vikenda odr\u017eao tradicionalni cheerleading kamp na kojem se obu\u010davaju cheerleading sporta\u0161i iz cijele Bosne i Hercegovine. Ovo je jedina obuka koja se odr\u017eava za cheerleading sporta\u0161e u BiH te svake godine privu\u010de velik broj sporta\u0161a i trenera. Ove godine na kampu je sudjelovalo \u010dak njih 105 u uzrastu od 2 [&hellip;]\" \/>\n<meta property=\"og:url\" content=\"https:\/\/radioljubuski.ba\/index.php\/2021\/11\/02\/sportski-cheerleading-klub-ljubuski-sudjelovao-je-na-cheerleading-kampu-u-sirokom-brijegu\/\" \/>\n<meta property=\"og:site_name\" content=\"RADIO LJUBU\u0160KI\" \/>\n<meta property=\"article:publisher\" content=\"https:\/\/www.facebook.com\/Radiio-Ljubuski-1490835324566332\" \/>\n<meta property=\"article:published_time\" content=\"2021-11-02T09:39:50+00:00\" \/>\n<meta property=\"article:modified_time\" content=\"2021-11-02T09:39:51+00:00\" \/>\n<meta property=\"og:image\" content=\"https:\/\/radioljubuski.ba\/wp-content\/uploads\/2021\/11\/cheerleading.jpg\" \/>\n\t<meta property=\"og:image:width\" content=\"1024\" \/>\n\t<meta property=\"og:image:height\" content=\"757\" \/>\n\t<meta property=\"og:image:type\" content=\"image\/jpeg\" \/>\n<meta name=\"author\" content=\"Radio Ljubu\u0161ki\" \/>\n<meta name=\"twitter:card\" content=\"summary_large_image\" \/>\n<meta name=\"twitter:creator\" content=\"@radioljubuski\" \/>\n<meta name=\"twitter:site\" content=\"@radioljubuski\" \/>\n<meta name=\"twitter:label1\" content=\"Napisao\/la\" \/>\n\t<meta name=\"twitter:data1\" content=\"Radio Ljubu\u0161ki\" \/>\n\t<meta name=\"twitter:label2\" content=\"Procijenjeno vrijeme \u010ditanja\" \/>\n\t<meta name=\"twitter:data2\" content=\"1 minuta\" \/>\n<script type=\"application\/ld+json\" class=\"yoast-schema-graph\">{\"@context\":\"https:\\\/\\\/schema.org\",\"@graph\":[{\"@type\":\"Article\",\"@id\":\"https:\\\/\\\/radioljubuski.ba\\\/index.php\\\/2021\\\/11\\\/02\\\/sportski-cheerleading-klub-ljubuski-sudjelovao-je-na-cheerleading-kampu-u-sirokom-brijegu\\\/#article\",\"isPartOf\":{\"@id\":\"https:\\\/\\\/radioljubuski.ba\\\/index.php\\\/2021\\\/11\\\/02\\\/sportski-cheerleading-klub-ljubuski-sudjelovao-je-na-cheerleading-kampu-u-sirokom-brijegu\\\/\"},\"author\":{\"name\":\"Radio Ljubu\u0161ki\",\"@id\":\"https:\\\/\\\/radioljubuski.ba\\\/#\\\/schema\\\/person\\\/19fc700381a780f69665d7956c469e3b\"},\"headline\":\"Sportski cheerleading klub Ljubu\u0161ki sudjelovao je na Cheerleading kampu u \u0160irokom Brijegu\",\"datePublished\":\"2021-11-02T09:39:50+00:00\",\"dateModified\":\"2021-11-02T09:39:51+00:00\",\"mainEntityOfPage\":{\"@id\":\"https:\\\/\\\/radioljubuski.ba\\\/index.php\\\/2021\\\/11\\\/02\\\/sportski-cheerleading-klub-ljubuski-sudjelovao-je-na-cheerleading-kampu-u-sirokom-brijegu\\\/\"},\"wordCount\":215,\"publisher\":{\"@id\":\"https:\\\/\\\/radioljubuski.ba\\\/#organization\"},\"image\":{\"@id\":\"https:\\\/\\\/radioljubuski.ba\\\/index.php\\\/2021\\\/11\\\/02\\\/sportski-cheerleading-klub-ljubuski-sudjelovao-je-na-cheerleading-kampu-u-sirokom-brijegu\\\/#primaryimage\"},\"thumbnailUrl\":\"https:\\\/\\\/radioljubuski.ba\\\/wp-content\\\/uploads\\\/2021\\\/11\\\/cheerleading.jpg\",\"articleSection\":[\"Ljubu\u0161ki\"],\"inLanguage\":\"hr\"},{\"@type\":\"WebPage\",\"@id\":\"https:\\\/\\\/radioljubuski.ba\\\/index.php\\\/2021\\\/11\\\/02\\\/sportski-cheerleading-klub-ljubuski-sudjelovao-je-na-cheerleading-kampu-u-sirokom-brijegu\\\/\",\"url\":\"https:\\\/\\\/radioljubuski.ba\\\/index.php\\\/2021\\\/11\\\/02\\\/sportski-cheerleading-klub-ljubuski-sudjelovao-je-na-cheerleading-kampu-u-sirokom-brijegu\\\/\",\"name\":\"Sportski cheerleading klub Ljubu\u0161ki sudjelovao je na Cheerleading kampu u \u0160irokom Brijegu - RADIO LJUBU\u0160KI\",\"isPartOf\":{\"@id\":\"https:\\\/\\\/radioljubuski.ba\\\/#website\"},\"primaryImageOfPage\":{\"@id\":\"https:\\\/\\\/radioljubuski.ba\\\/index.php\\\/2021\\\/11\\\/02\\\/sportski-cheerleading-klub-ljubuski-sudjelovao-je-na-cheerleading-kampu-u-sirokom-brijegu\\\/#primaryimage\"},\"image\":{\"@id\":\"https:\\\/\\\/radioljubuski.ba\\\/index.php\\\/2021\\\/11\\\/02\\\/sportski-cheerleading-klub-ljubuski-sudjelovao-je-na-cheerleading-kampu-u-sirokom-brijegu\\\/#primaryimage\"},\"thumbnailUrl\":\"https:\\\/\\\/radioljubuski.ba\\\/wp-content\\\/uploads\\\/2021\\\/11\\\/cheerleading.jpg\",\"datePublished\":\"2021-11-02T09:39:50+00:00\",\"dateModified\":\"2021-11-02T09:39:51+00:00\",\"breadcrumb\":{\"@id\":\"https:\\\/\\\/radioljubuski.ba\\\/index.php\\\/2021\\\/11\\\/02\\\/sportski-cheerleading-klub-ljubuski-sudjelovao-je-na-cheerleading-kampu-u-sirokom-brijegu\\\/#breadcrumb\"},\"inLanguage\":\"hr\",\"potentialAction\":[{\"@type\":\"ReadAction\",\"target\":[\"https:\\\/\\\/radioljubuski.ba\\\/index.php\\\/2021\\\/11\\\/02\\\/sportski-cheerleading-klub-ljubuski-sudjelovao-je-na-cheerleading-kampu-u-sirokom-brijegu\\\/\"]}]},{\"@type\":\"ImageObject\",\"inLanguage\":\"hr\",\"@id\":\"https:\\\/\\\/radioljubuski.ba\\\/index.php\\\/2021\\\/11\\\/02\\\/sportski-cheerleading-klub-ljubuski-sudjelovao-je-na-cheerleading-kampu-u-sirokom-brijegu\\\/#primaryimage\",\"url\":\"https:\\\/\\\/radioljubuski.ba\\\/wp-content\\\/uploads\\\/2021\\\/11\\\/cheerleading.jpg\",\"contentUrl\":\"https:\\\/\\\/radioljubuski.ba\\\/wp-content\\\/uploads\\\/2021\\\/11\\\/cheerleading.jpg\",\"width\":1024,\"height\":757},{\"@type\":\"BreadcrumbList\",\"@id\":\"https:\\\/\\\/radioljubuski.ba\\\/index.php\\\/2021\\\/11\\\/02\\\/sportski-cheerleading-klub-ljubuski-sudjelovao-je-na-cheerleading-kampu-u-sirokom-brijegu\\\/#breadcrumb\",\"itemListElement\":[{\"@type\":\"ListItem\",\"position\":1,\"name\":\"Po\u010detna stranica\",\"item\":\"https:\\\/\\\/radioljubuski.ba\\\/\"},{\"@type\":\"ListItem\",\"position\":2,\"name\":\"Sportski cheerleading klub Ljubu\u0161ki sudjelovao je na Cheerleading kampu u \u0160irokom Brijegu\"}]},{\"@type\":\"WebSite\",\"@id\":\"https:\\\/\\\/radioljubuski.ba\\\/#website\",\"url\":\"https:\\\/\\\/radioljubuski.ba\\\/\",\"name\":\"Radio Ljubu\u0161ki\",\"description\":\"Sun\u010dana frekvencija Hercegovine\",\"publisher\":{\"@id\":\"https:\\\/\\\/radioljubuski.ba\\\/#organization\"},\"potentialAction\":[{\"@type\":\"SearchAction\",\"target\":{\"@type\":\"EntryPoint\",\"urlTemplate\":\"https:\\\/\\\/radioljubuski.ba\\\/?s={search_term_string}\"},\"query-input\":{\"@type\":\"PropertyValueSpecification\",\"valueRequired\":true,\"valueName\":\"search_term_string\"}}],\"inLanguage\":\"hr\"},{\"@type\":\"Organization\",\"@id\":\"https:\\\/\\\/radioljubuski.ba\\\/#organization\",\"name\":\"Radio Ljubu\u0161ki\",\"url\":\"https:\\\/\\\/radioljubuski.ba\\\/\",\"logo\":{\"@type\":\"ImageObject\",\"inLanguage\":\"hr\",\"@id\":\"https:\\\/\\\/radioljubuski.ba\\\/#\\\/schema\\\/logo\\\/image\\\/\",\"url\":\"https:\\\/\\\/radioljubuski.ba\\\/wp-content\\\/uploads\\\/2021\\\/02\\\/cropped-Radio_Ljubuski_logo1.jpg\",\"contentUrl\":\"https:\\\/\\\/radioljubuski.ba\\\/wp-content\\\/uploads\\\/2021\\\/02\\\/cropped-Radio_Ljubuski_logo1.jpg\",\"width\":512,\"height\":512,\"caption\":\"Radio Ljubu\u0161ki\"},\"image\":{\"@id\":\"https:\\\/\\\/radioljubuski.ba\\\/#\\\/schema\\\/logo\\\/image\\\/\"},\"sameAs\":[\"https:\\\/\\\/www.facebook.com\\\/Radiio-Ljubuski-1490835324566332\",\"https:\\\/\\\/x.com\\\/radioljubuski\",\"https:\\\/\\\/hr.linkedin.com\\\/company\\\/radio-ljubuski\",\"https:\\\/\\\/www.youtube.com\\\/channel\\\/UCHYaeO_n0Db3tjNGudGpXyw\"]},{\"@type\":\"Person\",\"@id\":\"https:\\\/\\\/radioljubuski.ba\\\/#\\\/schema\\\/person\\\/19fc700381a780f69665d7956c469e3b\",\"name\":\"Radio Ljubu\u0161ki\"}]}<\/script>\n<!-- \/ Yoast SEO plugin. -->","yoast_head_json":{"title":"Sportski cheerleading klub Ljubu\u0161ki sudjelovao je na Cheerleading kampu u \u0160irokom Brijegu - RADIO LJUBU\u0160KI","robots":{"index":"index","follow":"follow","max-snippet":"max-snippet:-1","max-image-preview":"max-image-preview:large","max-video-preview":"max-video-preview:-1"},"canonical":"https:\/\/radioljubuski.ba\/index.php\/2021\/11\/02\/sportski-cheerleading-klub-ljubuski-sudjelovao-je-na-cheerleading-kampu-u-sirokom-brijegu\/","og_locale":"hr_HR","og_type":"article","og_title":"Sportski cheerleading klub Ljubu\u0161ki sudjelovao je na Cheerleading kampu u \u0160irokom Brijegu - RADIO LJUBU\u0160KI","og_description":"U \u0160irokom Brijegu proteklog se vikenda odr\u017eao tradicionalni cheerleading kamp na kojem se obu\u010davaju cheerleading sporta\u0161i iz cijele Bosne i Hercegovine. Ovo je jedina obuka koja se odr\u017eava za cheerleading sporta\u0161e u BiH te svake godine privu\u010de velik broj sporta\u0161a i trenera. Ove godine na kampu je sudjelovalo \u010dak njih 105 u uzrastu od 2 [&hellip;]","og_url":"https:\/\/radioljubuski.ba\/index.php\/2021\/11\/02\/sportski-cheerleading-klub-ljubuski-sudjelovao-je-na-cheerleading-kampu-u-sirokom-brijegu\/","og_site_name":"RADIO LJUBU\u0160KI","article_publisher":"https:\/\/www.facebook.com\/Radiio-Ljubuski-1490835324566332","article_published_time":"2021-11-02T09:39:50+00:00","article_modified_time":"2021-11-02T09:39:51+00:00","og_image":[{"width":1024,"height":757,"url":"https:\/\/radioljubuski.ba\/wp-content\/uploads\/2021\/11\/cheerleading.jpg","type":"image\/jpeg"}],"author":"Radio Ljubu\u0161ki","twitter_card":"summary_large_image","twitter_creator":"@radioljubuski","twitter_site":"@radioljubuski","twitter_misc":{"Napisao\/la":"Radio Ljubu\u0161ki","Procijenjeno vrijeme \u010ditanja":"1 minuta"},"schema":{"@context":"https:\/\/schema.org","@graph":[{"@type":"Article","@id":"https:\/\/radioljubuski.ba\/index.php\/2021\/11\/02\/sportski-cheerleading-klub-ljubuski-sudjelovao-je-na-cheerleading-kampu-u-sirokom-brijegu\/#article","isPartOf":{"@id":"https:\/\/radioljubuski.ba\/index.php\/2021\/11\/02\/sportski-cheerleading-klub-ljubuski-sudjelovao-je-na-cheerleading-kampu-u-sirokom-brijegu\/"},"author":{"name":"Radio Ljubu\u0161ki","@id":"https:\/\/radioljubuski.ba\/#\/schema\/person\/19fc700381a780f69665d7956c469e3b"},"headline":"Sportski cheerleading klub Ljubu\u0161ki sudjelovao je na Cheerleading kampu u \u0160irokom Brijegu","datePublished":"2021-11-02T09:39:50+00:00","dateModified":"2021-11-02T09:39:51+00:00","mainEntityOfPage":{"@id":"https:\/\/radioljubuski.ba\/index.php\/2021\/11\/02\/sportski-cheerleading-klub-ljubuski-sudjelovao-je-na-cheerleading-kampu-u-sirokom-brijegu\/"},"wordCount":215,"publisher":{"@id":"https:\/\/radioljubuski.ba\/#organization"},"image":{"@id":"https:\/\/radioljubuski.ba\/index.php\/2021\/11\/02\/sportski-cheerleading-klub-ljubuski-sudjelovao-je-na-cheerleading-kampu-u-sirokom-brijegu\/#primaryimage"},"thumbnailUrl":"https:\/\/radioljubuski.ba\/wp-content\/uploads\/2021\/11\/cheerleading.jpg","articleSection":["Ljubu\u0161ki"],"inLanguage":"hr"},{"@type":"WebPage","@id":"https:\/\/radioljubuski.ba\/index.php\/2021\/11\/02\/sportski-cheerleading-klub-ljubuski-sudjelovao-je-na-cheerleading-kampu-u-sirokom-brijegu\/","url":"https:\/\/radioljubuski.ba\/index.php\/2021\/11\/02\/sportski-cheerleading-klub-ljubuski-sudjelovao-je-na-cheerleading-kampu-u-sirokom-brijegu\/","name":"Sportski cheerleading klub Ljubu\u0161ki sudjelovao je na Cheerleading kampu u \u0160irokom Brijegu - RADIO LJUBU\u0160KI","isPartOf":{"@id":"https:\/\/radioljubuski.ba\/#website"},"primaryImageOfPage":{"@id":"https:\/\/radioljubuski.ba\/index.php\/2021\/11\/02\/sportski-cheerleading-klub-ljubuski-sudjelovao-je-na-cheerleading-kampu-u-sirokom-brijegu\/#primaryimage"},"image":{"@id":"https:\/\/radioljubuski.ba\/index.php\/2021\/11\/02\/sportski-cheerleading-klub-ljubuski-sudjelovao-je-na-cheerleading-kampu-u-sirokom-brijegu\/#primaryimage"},"thumbnailUrl":"https:\/\/radioljubuski.ba\/wp-content\/uploads\/2021\/11\/cheerleading.jpg","datePublished":"2021-11-02T09:39:50+00:00","dateModified":"2021-11-02T09:39:51+00:00","breadcrumb":{"@id":"https:\/\/radioljubuski.ba\/index.php\/2021\/11\/02\/sportski-cheerleading-klub-ljubuski-sudjelovao-je-na-cheerleading-kampu-u-sirokom-brijegu\/#breadcrumb"},"inLanguage":"hr","potentialAction":[{"@type":"ReadAction","target":["https:\/\/radioljubuski.ba\/index.php\/2021\/11\/02\/sportski-cheerleading-klub-ljubuski-sudjelovao-je-na-cheerleading-kampu-u-sirokom-brijegu\/"]}]},{"@type":"ImageObject","inLanguage":"hr","@id":"https:\/\/radioljubuski.ba\/index.php\/2021\/11\/02\/sportski-cheerleading-klub-ljubuski-sudjelovao-je-na-cheerleading-kampu-u-sirokom-brijegu\/#primaryimage","url":"https:\/\/radioljubuski.ba\/wp-content\/uploads\/2021\/11\/cheerleading.jpg","contentUrl":"https:\/\/radioljubuski.ba\/wp-content\/uploads\/2021\/11\/cheerleading.jpg","width":1024,"height":757},{"@type":"BreadcrumbList","@id":"https:\/\/radioljubuski.ba\/index.php\/2021\/11\/02\/sportski-cheerleading-klub-ljubuski-sudjelovao-je-na-cheerleading-kampu-u-sirokom-brijegu\/#breadcrumb","itemListElement":[{"@type":"ListItem","position":1,"name":"Po\u010detna stranica","item":"https:\/\/radioljubuski.ba\/"},{"@type":"ListItem","position":2,"name":"Sportski cheerleading klub Ljubu\u0161ki sudjelovao je na Cheerleading kampu u \u0160irokom Brijegu"}]},{"@type":"WebSite","@id":"https:\/\/radioljubuski.ba\/#website","url":"https:\/\/radioljubuski.ba\/","name":"Radio Ljubu\u0161ki","description":"Sun\u010dana frekvencija Hercegovine","publisher":{"@id":"https:\/\/radioljubuski.ba\/#organization"},"potentialAction":[{"@type":"SearchAction","target":{"@type":"EntryPoint","urlTemplate":"https:\/\/radioljubuski.ba\/?s={search_term_string}"},"query-input":{"@type":"PropertyValueSpecification","valueRequired":true,"valueName":"search_term_string"}}],"inLanguage":"hr"},{"@type":"Organization","@id":"https:\/\/radioljubuski.ba\/#organization","name":"Radio Ljubu\u0161ki","url":"https:\/\/radioljubuski.ba\/","logo":{"@type":"ImageObject","inLanguage":"hr","@id":"https:\/\/radioljubuski.ba\/#\/schema\/logo\/image\/","url":"https:\/\/radioljubuski.ba\/wp-content\/uploads\/2021\/02\/cropped-Radio_Ljubuski_logo1.jpg","contentUrl":"https:\/\/radioljubuski.ba\/wp-content\/uploads\/2021\/02\/cropped-Radio_Ljubuski_logo1.jpg","width":512,"height":512,"caption":"Radio Ljubu\u0161ki"},"image":{"@id":"https:\/\/radioljubuski.ba\/#\/schema\/logo\/image\/"},"sameAs":["https:\/\/www.facebook.com\/Radiio-Ljubuski-1490835324566332","https:\/\/x.com\/radioljubuski","https:\/\/hr.linkedin.com\/company\/radio-ljubuski","https:\/\/www.youtube.com\/channel\/UCHYaeO_n0Db3tjNGudGpXyw"]},{"@type":"Person","@id":"https:\/\/radioljubuski.ba\/#\/schema\/person\/19fc700381a780f69665d7956c469e3b","name":"Radio Ljubu\u0161ki"}]}},"_links":{"self":[{"href":"https:\/\/radioljubuski.ba\/index.php\/wp-json\/wp\/v2\/posts\/83910","targetHints":{"allow":["GET"]}}],"collection":[{"href":"https:\/\/radioljubuski.ba\/index.php\/wp-json\/wp\/v2\/posts"}],"about":[{"href":"https:\/\/radioljubuski.ba\/index.php\/wp-json\/wp\/v2\/types\/post"}],"author":[{"embeddable":true,"href":"https:\/\/radioljubuski.ba\/index.php\/wp-json\/wp\/v2\/users\/2"}],"replies":[{"embeddable":true,"href":"https:\/\/radioljubuski.ba\/index.php\/wp-json\/wp\/v2\/comments?post=83910"}],"version-history":[{"count":1,"href":"https:\/\/radioljubuski.ba\/index.php\/wp-json\/wp\/v2\/posts\/83910\/revisions"}],"predecessor-version":[{"id":83913,"href":"https:\/\/radioljubuski.ba\/index.php\/wp-json\/wp\/v2\/posts\/83910\/revisions\/83913"}],"wp:featuredmedia":[{"embeddable":true,"href":"https:\/\/radioljubuski.ba\/index.php\/wp-json\/wp\/v2\/media\/83912"}],"wp:attachment":[{"href":"https:\/\/radioljubuski.ba\/index.php\/wp-json\/wp\/v2\/media?parent=83910"}],"wp:term":[{"taxonomy":"category","embeddable":true,"href":"https:\/\/radioljubuski.ba\/index.php\/wp-json\/wp\/v2\/categories?post=83910"},{"taxonomy":"post_tag","embeddable":true,"href":"https:\/\/radioljubuski.ba\/index.php\/wp-json\/wp\/v2\/tags?post=83910"}],"curies":[{"name":"wp","href":"https:\/\/api.w.org\/{rel}","templated":true}]}}