{"id":84013,"date":"2021-11-02T13:37:57","date_gmt":"2021-11-02T12:37:57","guid":{"rendered":"https:\/\/radioljubuski.ba\/?p=84013"},"modified":"2021-11-02T13:37:58","modified_gmt":"2021-11-02T12:37:58","slug":"edmonton-ponovno-na-vrhu-zapada","status":"publish","type":"post","link":"https:\/\/radioljubuski.ba\/index.php\/2021\/11\/02\/edmonton-ponovno-na-vrhu-zapada\/","title":{"rendered":"Edmonton ponovno na vrhu Zapada"},"content":{"rendered":"\n<p>Hokeja\u0161i Edmonton Oilersa na svom su ledu svladali Seattle Kraken sa 5-2 i ponovno zasjeli na vrh ljestvice Zapadne konferencije NHL-a s bodom vi\u0161e od Calgary Flamesa.<\/p>\n\n\n\n<p>Za sedmu pobjedu Oilersa u osam ovosezonskih nastupa najve\u0107e zasluge ima njema\u010dki napada\u010d <strong>Leon Draisaitl<\/strong> koji je postigao dva pogotka i imao dvije asistencije.<\/p>\n\n\n\n<p>Aktualni prvaci Tampa Bay Lightning kao doma\u0107ini su svladali Washington Capitalse s 3-2.<strong> Anthony Cirelli<\/strong> je za pobjednike postigao pogodak i kao dodava\u010d sudjelovao u preostala dva.<\/p>\n\n\n\n<p>Prvu pobjedu u novoj sezoni ostvarili su Chicago Blackhawksi koji su u United Centeru svaladali Ottawa Senarorse sa 5-1.<strong> Patrick Kane<\/strong> je predovodio pobjednike s tri gola i jednom asistencijom.<\/p>\n\n\n\n<p>NHL rezultati:<\/p>\n\n\n\n<p>Tampa Bay Lightning &#8211; Washington Capitals 3-2<\/p>\n\n\n\n<p>Chicago Blackhawks &#8211; Ottawa Senators 5-1<\/p>\n\n\n\n<p>Edmonton Oilers &#8211; Seattle Kraken 5-2<\/p>\n\n\n\n<p>Ljestvice:<\/p>\n\n\n\n<p>ISTO\u010cNA KONFERENCIJA<\/p>\n\n\n\n<p>Atlantska divizija<\/p>\n\n\n\n<p>1. Florida 8 0 1 36-18 17<\/p>\n\n\n\n<p>2. Buffalo 5 2 1 25-17 11<\/p>\n\n\n\n<p>3. Tampa Bay 5 3 1 29-30 11<\/p>\n\n\n\n<p>4. Detroit 4 3 2 29-31 10<\/p>\n\n\n\n<p>5. Toronto 4 4 1 21-29 9<\/p>\n\n\n\n<p>6. Boston 4 3 0 18-20 8<\/p>\n\n\n\n<p>7. Ottawa 3 5 0 20-25 6<\/p>\n\n\n\n<p>8. Montreal 2 8 0 19-34 4<\/p>\n\n\n\n<p>Metropolitanska divizija<\/p>\n\n\n\n<p>1. Carolina 8 0 0 33-12 16<\/p>\n\n\n\n<p>2. NY Rangers 6 2 1 22-19 13<\/p>\n\n\n\n<p>3. Washington 5 1 3 32-22 13<\/p>\n\n\n\n<p>4. Columbus 5 3 0 23-22 10<\/p>\n\n\n\n<p>5. Philadelphia 4 2 1 25-21 9<\/p>\n\n\n\n<p>6. New Jersey 4 2 1 21-21 9<\/p>\n\n\n\n<p>7. NY Islanders 3 2 2 17-18 8<\/p>\n\n\n\n<p>8. Pittsburgh 3 3 2 26-25 8<\/p>\n\n\n\n<p>ZAPADNA KONFERENCIJA<\/p>\n\n\n\n<p>Centralna divizija<\/p>\n\n\n\n<p>1. St Louis 6 1 0 29-15 12<\/p>\n\n\n\n<p>2. Winnipeg 4 2 2 28-26 10<\/p>\n\n\n\n<p>3. Minnesota 5 3 0 22-26 10<\/p>\n\n\n\n<p>4. Nashville 4 4 0 23-22 8<\/p>\n\n\n\n<p>5. Colorado 4 4 0 24-27 8<\/p>\n\n\n\n<p>6. Dallas 3 4 1 15-22 7<\/p>\n\n\n\n<p>7. Chicago 1 7 2 22-38 4<\/p>\n\n\n\n<p>8. Arizona 0 8 1 13-39 1<\/p>\n\n\n\n<p>Pacifi\u010dka divizija<\/p>\n\n\n\n<p>1. Edmonton 7 1 0 34-21 14<\/p>\n\n\n\n<p>2. Calgary 6 1 1 29-15 13<\/p>\n\n\n\n<p>3. San Jose 5 3 0 22-19 10<\/p>\n\n\n\n<p>4. Anaheim 3 4 3 31-35 9<\/p>\n\n\n\n<p>5. Vegas 4 4 0 21-26 8<\/p>\n\n\n\n<p>6. Los Angeles 3 5 1 24-27 7<\/p>\n\n\n\n<p>7. Vancouver 3 5 1 22-25 7<\/p>\n\n\n\n<p>8. Seattle 3 6 1 25-33 7<\/p>\n\n\n\n<p>Izvor:hrt.hr<\/p>\n","protected":false},"excerpt":{"rendered":"<p>Hokeja\u0161i Edmonton Oilersa na svom su ledu svladali Seattle Kraken sa 5-2 i ponovno zasjeli na vrh ljestvice Zapadne konferencije NHL-a s bodom vi\u0161e od Calgary Flamesa. Za sedmu pobjedu Oilersa u osam ovosezonskih nastupa najve\u0107e zasluge ima njema\u010dki napada\u010d Leon Draisaitl koji je postigao dva pogotka i imao dvije asistencije. Aktualni prvaci Tampa Bay [&hellip;]<\/p>\n","protected":false},"author":2,"featured_media":84014,"comment_status":"closed","ping_status":"closed","sticky":false,"template":"","format":"standard","meta":{"h5ap_radio_sources":[],"footnotes":""},"categories":[7],"tags":[],"class_list":["post-84013","post","type-post","status-publish","format-standard","has-post-thumbnail","hentry","category-sport"],"yoast_head":"<!-- This site is optimized with the Yoast SEO plugin v27.5 - https:\/\/yoast.com\/product\/yoast-seo-wordpress\/ -->\n<title>Edmonton ponovno na vrhu Zapada - RADIO LJUBU\u0160KI<\/title>\n<meta name=\"robots\" content=\"index, follow, max-snippet:-1, max-image-preview:large, max-video-preview:-1\" \/>\n<link rel=\"canonical\" href=\"https:\/\/radioljubuski.ba\/index.php\/2021\/11\/02\/edmonton-ponovno-na-vrhu-zapada\/\" \/>\n<meta property=\"og:locale\" content=\"hr_HR\" \/>\n<meta property=\"og:type\" content=\"article\" \/>\n<meta property=\"og:title\" content=\"Edmonton ponovno na vrhu Zapada - RADIO LJUBU\u0160KI\" \/>\n<meta property=\"og:description\" content=\"Hokeja\u0161i Edmonton Oilersa na svom su ledu svladali Seattle Kraken sa 5-2 i ponovno zasjeli na vrh ljestvice Zapadne konferencije NHL-a s bodom vi\u0161e od Calgary Flamesa. Za sedmu pobjedu Oilersa u osam ovosezonskih nastupa najve\u0107e zasluge ima njema\u010dki napada\u010d Leon Draisaitl koji je postigao dva pogotka i imao dvije asistencije. Aktualni prvaci Tampa Bay [&hellip;]\" \/>\n<meta property=\"og:url\" content=\"https:\/\/radioljubuski.ba\/index.php\/2021\/11\/02\/edmonton-ponovno-na-vrhu-zapada\/\" \/>\n<meta property=\"og:site_name\" content=\"RADIO LJUBU\u0160KI\" \/>\n<meta property=\"article:publisher\" content=\"https:\/\/www.facebook.com\/Radiio-Ljubuski-1490835324566332\" \/>\n<meta property=\"article:published_time\" content=\"2021-11-02T12:37:57+00:00\" \/>\n<meta property=\"article:modified_time\" content=\"2021-11-02T12:37:58+00:00\" \/>\n<meta property=\"og:image\" content=\"https:\/\/radioljubuski.ba\/wp-content\/uploads\/2021\/11\/edmonton-2021-11-02t040708z-56444217-mt1usatoday17077285-rtrmadp-3-nhl-seattle-kraken-at-edmonton-oilers-20211102080421.jpg\" \/>\n\t<meta property=\"og:image:width\" content=\"1600\" \/>\n\t<meta property=\"og:image:height\" content=\"1067\" \/>\n\t<meta property=\"og:image:type\" content=\"image\/jpeg\" \/>\n<meta name=\"author\" content=\"Radio Ljubu\u0161ki\" \/>\n<meta name=\"twitter:card\" content=\"summary_large_image\" \/>\n<meta name=\"twitter:creator\" content=\"@radioljubuski\" \/>\n<meta name=\"twitter:site\" content=\"@radioljubuski\" \/>\n<meta name=\"twitter:label1\" content=\"Napisao\/la\" \/>\n\t<meta name=\"twitter:data1\" content=\"Radio Ljubu\u0161ki\" \/>\n\t<meta name=\"twitter:label2\" content=\"Procijenjeno vrijeme \u010ditanja\" \/>\n\t<meta name=\"twitter:data2\" content=\"2 minute\" \/>\n<script type=\"application\/ld+json\" class=\"yoast-schema-graph\">{\"@context\":\"https:\\\/\\\/schema.org\",\"@graph\":[{\"@type\":\"Article\",\"@id\":\"https:\\\/\\\/radioljubuski.ba\\\/index.php\\\/2021\\\/11\\\/02\\\/edmonton-ponovno-na-vrhu-zapada\\\/#article\",\"isPartOf\":{\"@id\":\"https:\\\/\\\/radioljubuski.ba\\\/index.php\\\/2021\\\/11\\\/02\\\/edmonton-ponovno-na-vrhu-zapada\\\/\"},\"author\":{\"name\":\"Radio Ljubu\u0161ki\",\"@id\":\"https:\\\/\\\/radioljubuski.ba\\\/#\\\/schema\\\/person\\\/19fc700381a780f69665d7956c469e3b\"},\"headline\":\"Edmonton ponovno na vrhu Zapada\",\"datePublished\":\"2021-11-02T12:37:57+00:00\",\"dateModified\":\"2021-11-02T12:37:58+00:00\",\"mainEntityOfPage\":{\"@id\":\"https:\\\/\\\/radioljubuski.ba\\\/index.php\\\/2021\\\/11\\\/02\\\/edmonton-ponovno-na-vrhu-zapada\\\/\"},\"wordCount\":228,\"publisher\":{\"@id\":\"https:\\\/\\\/radioljubuski.ba\\\/#organization\"},\"image\":{\"@id\":\"https:\\\/\\\/radioljubuski.ba\\\/index.php\\\/2021\\\/11\\\/02\\\/edmonton-ponovno-na-vrhu-zapada\\\/#primaryimage\"},\"thumbnailUrl\":\"https:\\\/\\\/radioljubuski.ba\\\/wp-content\\\/uploads\\\/2021\\\/11\\\/edmonton-2021-11-02t040708z-56444217-mt1usatoday17077285-rtrmadp-3-nhl-seattle-kraken-at-edmonton-oilers-20211102080421.jpg\",\"articleSection\":[\"\u0160port\"],\"inLanguage\":\"hr\"},{\"@type\":\"WebPage\",\"@id\":\"https:\\\/\\\/radioljubuski.ba\\\/index.php\\\/2021\\\/11\\\/02\\\/edmonton-ponovno-na-vrhu-zapada\\\/\",\"url\":\"https:\\\/\\\/radioljubuski.ba\\\/index.php\\\/2021\\\/11\\\/02\\\/edmonton-ponovno-na-vrhu-zapada\\\/\",\"name\":\"Edmonton ponovno na vrhu Zapada - RADIO LJUBU\u0160KI\",\"isPartOf\":{\"@id\":\"https:\\\/\\\/radioljubuski.ba\\\/#website\"},\"primaryImageOfPage\":{\"@id\":\"https:\\\/\\\/radioljubuski.ba\\\/index.php\\\/2021\\\/11\\\/02\\\/edmonton-ponovno-na-vrhu-zapada\\\/#primaryimage\"},\"image\":{\"@id\":\"https:\\\/\\\/radioljubuski.ba\\\/index.php\\\/2021\\\/11\\\/02\\\/edmonton-ponovno-na-vrhu-zapada\\\/#primaryimage\"},\"thumbnailUrl\":\"https:\\\/\\\/radioljubuski.ba\\\/wp-content\\\/uploads\\\/2021\\\/11\\\/edmonton-2021-11-02t040708z-56444217-mt1usatoday17077285-rtrmadp-3-nhl-seattle-kraken-at-edmonton-oilers-20211102080421.jpg\",\"datePublished\":\"2021-11-02T12:37:57+00:00\",\"dateModified\":\"2021-11-02T12:37:58+00:00\",\"breadcrumb\":{\"@id\":\"https:\\\/\\\/radioljubuski.ba\\\/index.php\\\/2021\\\/11\\\/02\\\/edmonton-ponovno-na-vrhu-zapada\\\/#breadcrumb\"},\"inLanguage\":\"hr\",\"potentialAction\":[{\"@type\":\"ReadAction\",\"target\":[\"https:\\\/\\\/radioljubuski.ba\\\/index.php\\\/2021\\\/11\\\/02\\\/edmonton-ponovno-na-vrhu-zapada\\\/\"]}]},{\"@type\":\"ImageObject\",\"inLanguage\":\"hr\",\"@id\":\"https:\\\/\\\/radioljubuski.ba\\\/index.php\\\/2021\\\/11\\\/02\\\/edmonton-ponovno-na-vrhu-zapada\\\/#primaryimage\",\"url\":\"https:\\\/\\\/radioljubuski.ba\\\/wp-content\\\/uploads\\\/2021\\\/11\\\/edmonton-2021-11-02t040708z-56444217-mt1usatoday17077285-rtrmadp-3-nhl-seattle-kraken-at-edmonton-oilers-20211102080421.jpg\",\"contentUrl\":\"https:\\\/\\\/radioljubuski.ba\\\/wp-content\\\/uploads\\\/2021\\\/11\\\/edmonton-2021-11-02t040708z-56444217-mt1usatoday17077285-rtrmadp-3-nhl-seattle-kraken-at-edmonton-oilers-20211102080421.jpg\",\"width\":1600,\"height\":1067},{\"@type\":\"BreadcrumbList\",\"@id\":\"https:\\\/\\\/radioljubuski.ba\\\/index.php\\\/2021\\\/11\\\/02\\\/edmonton-ponovno-na-vrhu-zapada\\\/#breadcrumb\",\"itemListElement\":[{\"@type\":\"ListItem\",\"position\":1,\"name\":\"Po\u010detna stranica\",\"item\":\"https:\\\/\\\/radioljubuski.ba\\\/\"},{\"@type\":\"ListItem\",\"position\":2,\"name\":\"Edmonton ponovno na vrhu Zapada\"}]},{\"@type\":\"WebSite\",\"@id\":\"https:\\\/\\\/radioljubuski.ba\\\/#website\",\"url\":\"https:\\\/\\\/radioljubuski.ba\\\/\",\"name\":\"Radio Ljubu\u0161ki\",\"description\":\"Sun\u010dana frekvencija Hercegovine\",\"publisher\":{\"@id\":\"https:\\\/\\\/radioljubuski.ba\\\/#organization\"},\"potentialAction\":[{\"@type\":\"SearchAction\",\"target\":{\"@type\":\"EntryPoint\",\"urlTemplate\":\"https:\\\/\\\/radioljubuski.ba\\\/?s={search_term_string}\"},\"query-input\":{\"@type\":\"PropertyValueSpecification\",\"valueRequired\":true,\"valueName\":\"search_term_string\"}}],\"inLanguage\":\"hr\"},{\"@type\":\"Organization\",\"@id\":\"https:\\\/\\\/radioljubuski.ba\\\/#organization\",\"name\":\"Radio Ljubu\u0161ki\",\"url\":\"https:\\\/\\\/radioljubuski.ba\\\/\",\"logo\":{\"@type\":\"ImageObject\",\"inLanguage\":\"hr\",\"@id\":\"https:\\\/\\\/radioljubuski.ba\\\/#\\\/schema\\\/logo\\\/image\\\/\",\"url\":\"https:\\\/\\\/radioljubuski.ba\\\/wp-content\\\/uploads\\\/2021\\\/02\\\/cropped-Radio_Ljubuski_logo1.jpg\",\"contentUrl\":\"https:\\\/\\\/radioljubuski.ba\\\/wp-content\\\/uploads\\\/2021\\\/02\\\/cropped-Radio_Ljubuski_logo1.jpg\",\"width\":512,\"height\":512,\"caption\":\"Radio Ljubu\u0161ki\"},\"image\":{\"@id\":\"https:\\\/\\\/radioljubuski.ba\\\/#\\\/schema\\\/logo\\\/image\\\/\"},\"sameAs\":[\"https:\\\/\\\/www.facebook.com\\\/Radiio-Ljubuski-1490835324566332\",\"https:\\\/\\\/x.com\\\/radioljubuski\",\"https:\\\/\\\/hr.linkedin.com\\\/company\\\/radio-ljubuski\",\"https:\\\/\\\/www.youtube.com\\\/channel\\\/UCHYaeO_n0Db3tjNGudGpXyw\"]},{\"@type\":\"Person\",\"@id\":\"https:\\\/\\\/radioljubuski.ba\\\/#\\\/schema\\\/person\\\/19fc700381a780f69665d7956c469e3b\",\"name\":\"Radio Ljubu\u0161ki\"}]}<\/script>\n<!-- \/ Yoast SEO plugin. -->","yoast_head_json":{"title":"Edmonton ponovno na vrhu Zapada - RADIO LJUBU\u0160KI","robots":{"index":"index","follow":"follow","max-snippet":"max-snippet:-1","max-image-preview":"max-image-preview:large","max-video-preview":"max-video-preview:-1"},"canonical":"https:\/\/radioljubuski.ba\/index.php\/2021\/11\/02\/edmonton-ponovno-na-vrhu-zapada\/","og_locale":"hr_HR","og_type":"article","og_title":"Edmonton ponovno na vrhu Zapada - RADIO LJUBU\u0160KI","og_description":"Hokeja\u0161i Edmonton Oilersa na svom su ledu svladali Seattle Kraken sa 5-2 i ponovno zasjeli na vrh ljestvice Zapadne konferencije NHL-a s bodom vi\u0161e od Calgary Flamesa. Za sedmu pobjedu Oilersa u osam ovosezonskih nastupa najve\u0107e zasluge ima njema\u010dki napada\u010d Leon Draisaitl koji je postigao dva pogotka i imao dvije asistencije. Aktualni prvaci Tampa Bay [&hellip;]","og_url":"https:\/\/radioljubuski.ba\/index.php\/2021\/11\/02\/edmonton-ponovno-na-vrhu-zapada\/","og_site_name":"RADIO LJUBU\u0160KI","article_publisher":"https:\/\/www.facebook.com\/Radiio-Ljubuski-1490835324566332","article_published_time":"2021-11-02T12:37:57+00:00","article_modified_time":"2021-11-02T12:37:58+00:00","og_image":[{"width":1600,"height":1067,"url":"https:\/\/radioljubuski.ba\/wp-content\/uploads\/2021\/11\/edmonton-2021-11-02t040708z-56444217-mt1usatoday17077285-rtrmadp-3-nhl-seattle-kraken-at-edmonton-oilers-20211102080421.jpg","type":"image\/jpeg"}],"author":"Radio Ljubu\u0161ki","twitter_card":"summary_large_image","twitter_creator":"@radioljubuski","twitter_site":"@radioljubuski","twitter_misc":{"Napisao\/la":"Radio Ljubu\u0161ki","Procijenjeno vrijeme \u010ditanja":"2 minute"},"schema":{"@context":"https:\/\/schema.org","@graph":[{"@type":"Article","@id":"https:\/\/radioljubuski.ba\/index.php\/2021\/11\/02\/edmonton-ponovno-na-vrhu-zapada\/#article","isPartOf":{"@id":"https:\/\/radioljubuski.ba\/index.php\/2021\/11\/02\/edmonton-ponovno-na-vrhu-zapada\/"},"author":{"name":"Radio Ljubu\u0161ki","@id":"https:\/\/radioljubuski.ba\/#\/schema\/person\/19fc700381a780f69665d7956c469e3b"},"headline":"Edmonton ponovno na vrhu Zapada","datePublished":"2021-11-02T12:37:57+00:00","dateModified":"2021-11-02T12:37:58+00:00","mainEntityOfPage":{"@id":"https:\/\/radioljubuski.ba\/index.php\/2021\/11\/02\/edmonton-ponovno-na-vrhu-zapada\/"},"wordCount":228,"publisher":{"@id":"https:\/\/radioljubuski.ba\/#organization"},"image":{"@id":"https:\/\/radioljubuski.ba\/index.php\/2021\/11\/02\/edmonton-ponovno-na-vrhu-zapada\/#primaryimage"},"thumbnailUrl":"https:\/\/radioljubuski.ba\/wp-content\/uploads\/2021\/11\/edmonton-2021-11-02t040708z-56444217-mt1usatoday17077285-rtrmadp-3-nhl-seattle-kraken-at-edmonton-oilers-20211102080421.jpg","articleSection":["\u0160port"],"inLanguage":"hr"},{"@type":"WebPage","@id":"https:\/\/radioljubuski.ba\/index.php\/2021\/11\/02\/edmonton-ponovno-na-vrhu-zapada\/","url":"https:\/\/radioljubuski.ba\/index.php\/2021\/11\/02\/edmonton-ponovno-na-vrhu-zapada\/","name":"Edmonton ponovno na vrhu Zapada - RADIO LJUBU\u0160KI","isPartOf":{"@id":"https:\/\/radioljubuski.ba\/#website"},"primaryImageOfPage":{"@id":"https:\/\/radioljubuski.ba\/index.php\/2021\/11\/02\/edmonton-ponovno-na-vrhu-zapada\/#primaryimage"},"image":{"@id":"https:\/\/radioljubuski.ba\/index.php\/2021\/11\/02\/edmonton-ponovno-na-vrhu-zapada\/#primaryimage"},"thumbnailUrl":"https:\/\/radioljubuski.ba\/wp-content\/uploads\/2021\/11\/edmonton-2021-11-02t040708z-56444217-mt1usatoday17077285-rtrmadp-3-nhl-seattle-kraken-at-edmonton-oilers-20211102080421.jpg","datePublished":"2021-11-02T12:37:57+00:00","dateModified":"2021-11-02T12:37:58+00:00","breadcrumb":{"@id":"https:\/\/radioljubuski.ba\/index.php\/2021\/11\/02\/edmonton-ponovno-na-vrhu-zapada\/#breadcrumb"},"inLanguage":"hr","potentialAction":[{"@type":"ReadAction","target":["https:\/\/radioljubuski.ba\/index.php\/2021\/11\/02\/edmonton-ponovno-na-vrhu-zapada\/"]}]},{"@type":"ImageObject","inLanguage":"hr","@id":"https:\/\/radioljubuski.ba\/index.php\/2021\/11\/02\/edmonton-ponovno-na-vrhu-zapada\/#primaryimage","url":"https:\/\/radioljubuski.ba\/wp-content\/uploads\/2021\/11\/edmonton-2021-11-02t040708z-56444217-mt1usatoday17077285-rtrmadp-3-nhl-seattle-kraken-at-edmonton-oilers-20211102080421.jpg","contentUrl":"https:\/\/radioljubuski.ba\/wp-content\/uploads\/2021\/11\/edmonton-2021-11-02t040708z-56444217-mt1usatoday17077285-rtrmadp-3-nhl-seattle-kraken-at-edmonton-oilers-20211102080421.jpg","width":1600,"height":1067},{"@type":"BreadcrumbList","@id":"https:\/\/radioljubuski.ba\/index.php\/2021\/11\/02\/edmonton-ponovno-na-vrhu-zapada\/#breadcrumb","itemListElement":[{"@type":"ListItem","position":1,"name":"Po\u010detna stranica","item":"https:\/\/radioljubuski.ba\/"},{"@type":"ListItem","position":2,"name":"Edmonton ponovno na vrhu Zapada"}]},{"@type":"WebSite","@id":"https:\/\/radioljubuski.ba\/#website","url":"https:\/\/radioljubuski.ba\/","name":"Radio Ljubu\u0161ki","description":"Sun\u010dana frekvencija Hercegovine","publisher":{"@id":"https:\/\/radioljubuski.ba\/#organization"},"potentialAction":[{"@type":"SearchAction","target":{"@type":"EntryPoint","urlTemplate":"https:\/\/radioljubuski.ba\/?s={search_term_string}"},"query-input":{"@type":"PropertyValueSpecification","valueRequired":true,"valueName":"search_term_string"}}],"inLanguage":"hr"},{"@type":"Organization","@id":"https:\/\/radioljubuski.ba\/#organization","name":"Radio Ljubu\u0161ki","url":"https:\/\/radioljubuski.ba\/","logo":{"@type":"ImageObject","inLanguage":"hr","@id":"https:\/\/radioljubuski.ba\/#\/schema\/logo\/image\/","url":"https:\/\/radioljubuski.ba\/wp-content\/uploads\/2021\/02\/cropped-Radio_Ljubuski_logo1.jpg","contentUrl":"https:\/\/radioljubuski.ba\/wp-content\/uploads\/2021\/02\/cropped-Radio_Ljubuski_logo1.jpg","width":512,"height":512,"caption":"Radio Ljubu\u0161ki"},"image":{"@id":"https:\/\/radioljubuski.ba\/#\/schema\/logo\/image\/"},"sameAs":["https:\/\/www.facebook.com\/Radiio-Ljubuski-1490835324566332","https:\/\/x.com\/radioljubuski","https:\/\/hr.linkedin.com\/company\/radio-ljubuski","https:\/\/www.youtube.com\/channel\/UCHYaeO_n0Db3tjNGudGpXyw"]},{"@type":"Person","@id":"https:\/\/radioljubuski.ba\/#\/schema\/person\/19fc700381a780f69665d7956c469e3b","name":"Radio Ljubu\u0161ki"}]}},"_links":{"self":[{"href":"https:\/\/radioljubuski.ba\/index.php\/wp-json\/wp\/v2\/posts\/84013","targetHints":{"allow":["GET"]}}],"collection":[{"href":"https:\/\/radioljubuski.ba\/index.php\/wp-json\/wp\/v2\/posts"}],"about":[{"href":"https:\/\/radioljubuski.ba\/index.php\/wp-json\/wp\/v2\/types\/post"}],"author":[{"embeddable":true,"href":"https:\/\/radioljubuski.ba\/index.php\/wp-json\/wp\/v2\/users\/2"}],"replies":[{"embeddable":true,"href":"https:\/\/radioljubuski.ba\/index.php\/wp-json\/wp\/v2\/comments?post=84013"}],"version-history":[{"count":1,"href":"https:\/\/radioljubuski.ba\/index.php\/wp-json\/wp\/v2\/posts\/84013\/revisions"}],"predecessor-version":[{"id":84015,"href":"https:\/\/radioljubuski.ba\/index.php\/wp-json\/wp\/v2\/posts\/84013\/revisions\/84015"}],"wp:featuredmedia":[{"embeddable":true,"href":"https:\/\/radioljubuski.ba\/index.php\/wp-json\/wp\/v2\/media\/84014"}],"wp:attachment":[{"href":"https:\/\/radioljubuski.ba\/index.php\/wp-json\/wp\/v2\/media?parent=84013"}],"wp:term":[{"taxonomy":"category","embeddable":true,"href":"https:\/\/radioljubuski.ba\/index.php\/wp-json\/wp\/v2\/categories?post=84013"},{"taxonomy":"post_tag","embeddable":true,"href":"https:\/\/radioljubuski.ba\/index.php\/wp-json\/wp\/v2\/tags?post=84013"}],"curies":[{"name":"wp","href":"https:\/\/api.w.org\/{rel}","templated":true}]}}