{"id":84019,"date":"2021-11-02T13:42:07","date_gmt":"2021-11-02T12:42:07","guid":{"rendered":"https:\/\/radioljubuski.ba\/?p=84019"},"modified":"2021-11-02T13:42:08","modified_gmt":"2021-11-02T12:42:08","slug":"zubcic-zelim-bolje-jer-znam-da-mogu","status":"publish","type":"post","link":"https:\/\/radioljubuski.ba\/index.php\/2021\/11\/02\/zubcic-zelim-bolje-jer-znam-da-mogu\/","title":{"rendered":"Zub\u010di\u0107: \u017delim bolje jer znam da mogu"},"content":{"rendered":"\n<p>Nakon iznimno uspje\u0161ne pro\u0161le sezone i napornih priprema, najbolji hrvatski skija\u0161 Filip Zub\u010di\u0107 novu sezonu do\u010dekao je s puno optimizma.&nbsp;<\/p>\n\n\n\n<p>Deveto mjesto u S\u00f6ldenu njegov je najbolji rezultat na otvaranju sezone.<\/p>\n\n\n\n<p>&#8211; Ove godine sam se jako dobro skijao tamo, rezultat je bio solidan. Iskreno, htio sam malo vi\u0161e. Me\u0111utim kad sam hladne glave pogledao skijanje bio sam zadovoljan. Odmah mi je trener rekao da je to dobro. Ja sam htio odraditi dva odli\u010dna laufa i probati pobijediti kao i uvijek. Me\u0111utim, neki su de\u010dki u boljoj formi u ovom trenutku. Ja sam imao dosta mali zaostatak i skijanje je stvarno li\u010dilo na ne\u0161to. Uop\u0107e ne znam koga bih istaknuo da odska\u010de. Konkurencija je definitivno jaka i vidjelo se u S\u00f6ldenu da smo svi tu negdje, rekao je u emisiji Stadion.<br><br>Iza njega su naporne pripreme, i tako iz sezone u sezonu, no motiva ne nedostaje.<br><br>&#8211; Kad sam bio klinac sam si zacrtao neke svoje ciljeve u glavi i zaljubio se kroz to razdoblje u skijanje. Nemam tu sad nekakav motiv da me tjera, ve\u0107 jednostavno tako \u017eivim i \u017eelim biti bolji iz sezone u sezonu, i naravno osvajati \u0161to vi\u0161e zlatnih medalja, jednog dana globuse, biti svjetski prvak, na Olimpijskim igrama osvojiti medalju. Ima tu jo\u0161 jako puno stvari za osvojiti i jako se veselim novoj sezoni.<br><br>Za vikend slijedi paralelni veleslalom u Austriji pa onda du\u017ea pauza, do prosinca.<br><br>&#8211; Tada kre\u0107e prava sezona, nanizat \u0107e se utrke i vi\u0161e ne\u0107e biti vremena ni za trening ni za odmor. Ili si spreman ili nisi spreman. Imamo mjesec i pol do Val d&#8217;Iserea, a onda ide iz vikenda u vikend utrka.<\/p>\n\n\n\n<iframe loading=\"lazy\" src=\"https:\/\/www.facebook.com\/plugins\/video.php?height=476&#038;href=https%3A%2F%2Fwww.facebook.com%2FHRTsport%2Fvideos%2F288556046329561%2F&#038;show_text=false&#038;width=476&#038;t=0\" width=\"476\" height=\"476\" style=\"border:none;overflow:hidden\" scrolling=\"no\" frameborder=\"0\" allowfullscreen=\"true\" allow=\"autoplay; clipboard-write; encrypted-media; picture-in-picture; web-share\" allowFullScreen=\"true\"><\/iframe>\n\n\n\n<p>Posebno se veseli Snje\u017enoj kraljici po\u010detkom sije\u010dnja.<br><br>&#8211; Definitivno to je utrka koja nama jako, jako puno zna\u010di. Pogotovo jer smo pro\u0161le godine pokazali da na na\u0161em brdu mo\u017eemo napraviti najbolje rezultate, to jest <strong>Samuel <\/strong>i ja smo ostvarili svoje najbolje rezultate u karijeri u slalomu i bili smo \u010detvorica u 30. Tako da je to definitivno utrka koja se mora odr\u017eati za nas i koja je jako bitna za nas Hrvate, pa hajdemo re\u0107i i za Savez i za grad i sve. Veselimo se svi toj utrci.<br><br>Pro\u0161le je sezone upisao dvije pobjede u Svjetskom kupu, bio na \u010detiri postolja, osvojio srebro na Svjetskom prvenstvu.<br><br>&#8211; Kad ima\u0161 tako neku brutalnu sezonu, \u017eeli\u0161 bolje jer zna\u0161 da mo\u017ee\u0161. Ja sam perfekcionist. I kad sam pobijedio ja sam uvijek na\u0161ao neke dijelove i segmente gdje sam mo\u017eda slabije odskijao. Tako mora biti. Ne smije\u0161 nikada biti prezadovoljan i ne smije\u0161 se previ\u0161e plakati kad je lo\u0161e. Meni je uvijek glavni cilj da budem zdrav, da se dobro skijam i da u\u017eivam u tome. Ako te tri stvari budu dobre, onda \u0107e i rezultati biti odli\u010dni.<br><br>Ho\u0107e li ove sezone nastupati i u superveleslalomu?<br><br>&#8211; Uvijek sam uklju\u010den u borbu za sve kombinacije. I kao klinac sam do\u0161ao na sve utrke. Definitivno treba prvo slalom nagurati na neki vrhunski nivo. Ako ho\u0107e\u0161 osvojiti globus, mora\u0161 osvojiti 1200-1300 bodova. Mora\u0161 imati 600 bodova u veleslalomu, 600 bodova u slalomu i ne\u0161to malo sa strane i dobar si. Olimpijske igre u Kini, nadam se da \u0107e se to sve odr\u017eati. Sad ne razmi\u0161ljam jo\u0161 o tome jer imamo puno utrka ispred sebe. Jedva \u010dekam da poka\u017eem koliko sam dobar i da probam tamo uzeti medalju, to bi bilo fenomenalno.&nbsp;<\/p>\n\n\n\n<p>Izvor:hrt.hr<\/p>\n","protected":false},"excerpt":{"rendered":"<p>Nakon iznimno uspje\u0161ne pro\u0161le sezone i napornih priprema, najbolji hrvatski skija\u0161 Filip Zub\u010di\u0107 novu sezonu do\u010dekao je s puno optimizma.&nbsp; Deveto mjesto u S\u00f6ldenu njegov je najbolji rezultat na otvaranju sezone. &#8211; Ove godine sam se jako dobro skijao tamo, rezultat je bio solidan. Iskreno, htio sam malo vi\u0161e. Me\u0111utim kad sam hladne glave pogledao [&hellip;]<\/p>\n","protected":false},"author":2,"featured_media":84020,"comment_status":"closed","ping_status":"closed","sticky":false,"template":"","format":"standard","meta":{"h5ap_radio_sources":[],"footnotes":""},"categories":[7],"tags":[],"class_list":["post-84019","post","type-post","status-publish","format-standard","has-post-thumbnail","hentry","category-sport"],"yoast_head":"<!-- This site is optimized with the Yoast SEO plugin v27.5 - https:\/\/yoast.com\/product\/yoast-seo-wordpress\/ -->\n<title>Zub\u010di\u0107: \u017delim bolje jer znam da mogu - RADIO LJUBU\u0160KI<\/title>\n<meta name=\"robots\" content=\"index, follow, max-snippet:-1, max-image-preview:large, max-video-preview:-1\" \/>\n<link rel=\"canonical\" href=\"https:\/\/radioljubuski.ba\/index.php\/2021\/11\/02\/zubcic-zelim-bolje-jer-znam-da-mogu\/\" \/>\n<meta property=\"og:locale\" content=\"hr_HR\" \/>\n<meta property=\"og:type\" content=\"article\" \/>\n<meta property=\"og:title\" content=\"Zub\u010di\u0107: \u017delim bolje jer znam da mogu - RADIO LJUBU\u0160KI\" \/>\n<meta property=\"og:description\" content=\"Nakon iznimno uspje\u0161ne pro\u0161le sezone i napornih priprema, najbolji hrvatski skija\u0161 Filip Zub\u010di\u0107 novu sezonu do\u010dekao je s puno optimizma.&nbsp; Deveto mjesto u S\u00f6ldenu njegov je najbolji rezultat na otvaranju sezone. &#8211; Ove godine sam se jako dobro skijao tamo, rezultat je bio solidan. Iskreno, htio sam malo vi\u0161e. Me\u0111utim kad sam hladne glave pogledao [&hellip;]\" \/>\n<meta property=\"og:url\" content=\"https:\/\/radioljubuski.ba\/index.php\/2021\/11\/02\/zubcic-zelim-bolje-jer-znam-da-mogu\/\" \/>\n<meta property=\"og:site_name\" content=\"RADIO LJUBU\u0160KI\" \/>\n<meta property=\"article:publisher\" content=\"https:\/\/www.facebook.com\/Radiio-Ljubuski-1490835324566332\" \/>\n<meta property=\"article:published_time\" content=\"2021-11-02T12:42:07+00:00\" \/>\n<meta property=\"article:modified_time\" content=\"2021-11-02T12:42:08+00:00\" \/>\n<meta property=\"og:image\" content=\"https:\/\/radioljubuski.ba\/wp-content\/uploads\/2021\/11\/11-1.jpg\" \/>\n\t<meta property=\"og:image:width\" content=\"305\" \/>\n\t<meta property=\"og:image:height\" content=\"165\" \/>\n\t<meta property=\"og:image:type\" content=\"image\/jpeg\" \/>\n<meta name=\"author\" content=\"Radio Ljubu\u0161ki\" \/>\n<meta name=\"twitter:card\" content=\"summary_large_image\" \/>\n<meta name=\"twitter:creator\" content=\"@radioljubuski\" \/>\n<meta name=\"twitter:site\" content=\"@radioljubuski\" \/>\n<meta name=\"twitter:label1\" content=\"Napisao\/la\" \/>\n\t<meta name=\"twitter:data1\" content=\"Radio Ljubu\u0161ki\" \/>\n\t<meta name=\"twitter:label2\" content=\"Procijenjeno vrijeme \u010ditanja\" \/>\n\t<meta name=\"twitter:data2\" content=\"3 minute\" \/>\n<script type=\"application\/ld+json\" class=\"yoast-schema-graph\">{\"@context\":\"https:\\\/\\\/schema.org\",\"@graph\":[{\"@type\":\"Article\",\"@id\":\"https:\\\/\\\/radioljubuski.ba\\\/index.php\\\/2021\\\/11\\\/02\\\/zubcic-zelim-bolje-jer-znam-da-mogu\\\/#article\",\"isPartOf\":{\"@id\":\"https:\\\/\\\/radioljubuski.ba\\\/index.php\\\/2021\\\/11\\\/02\\\/zubcic-zelim-bolje-jer-znam-da-mogu\\\/\"},\"author\":{\"name\":\"Radio Ljubu\u0161ki\",\"@id\":\"https:\\\/\\\/radioljubuski.ba\\\/#\\\/schema\\\/person\\\/19fc700381a780f69665d7956c469e3b\"},\"headline\":\"Zub\u010di\u0107: \u017delim bolje jer znam da mogu\",\"datePublished\":\"2021-11-02T12:42:07+00:00\",\"dateModified\":\"2021-11-02T12:42:08+00:00\",\"mainEntityOfPage\":{\"@id\":\"https:\\\/\\\/radioljubuski.ba\\\/index.php\\\/2021\\\/11\\\/02\\\/zubcic-zelim-bolje-jer-znam-da-mogu\\\/\"},\"wordCount\":615,\"publisher\":{\"@id\":\"https:\\\/\\\/radioljubuski.ba\\\/#organization\"},\"image\":{\"@id\":\"https:\\\/\\\/radioljubuski.ba\\\/index.php\\\/2021\\\/11\\\/02\\\/zubcic-zelim-bolje-jer-znam-da-mogu\\\/#primaryimage\"},\"thumbnailUrl\":\"https:\\\/\\\/radioljubuski.ba\\\/wp-content\\\/uploads\\\/2021\\\/11\\\/11-1.jpg\",\"articleSection\":[\"\u0160port\"],\"inLanguage\":\"hr\"},{\"@type\":\"WebPage\",\"@id\":\"https:\\\/\\\/radioljubuski.ba\\\/index.php\\\/2021\\\/11\\\/02\\\/zubcic-zelim-bolje-jer-znam-da-mogu\\\/\",\"url\":\"https:\\\/\\\/radioljubuski.ba\\\/index.php\\\/2021\\\/11\\\/02\\\/zubcic-zelim-bolje-jer-znam-da-mogu\\\/\",\"name\":\"Zub\u010di\u0107: \u017delim bolje jer znam da mogu - RADIO LJUBU\u0160KI\",\"isPartOf\":{\"@id\":\"https:\\\/\\\/radioljubuski.ba\\\/#website\"},\"primaryImageOfPage\":{\"@id\":\"https:\\\/\\\/radioljubuski.ba\\\/index.php\\\/2021\\\/11\\\/02\\\/zubcic-zelim-bolje-jer-znam-da-mogu\\\/#primaryimage\"},\"image\":{\"@id\":\"https:\\\/\\\/radioljubuski.ba\\\/index.php\\\/2021\\\/11\\\/02\\\/zubcic-zelim-bolje-jer-znam-da-mogu\\\/#primaryimage\"},\"thumbnailUrl\":\"https:\\\/\\\/radioljubuski.ba\\\/wp-content\\\/uploads\\\/2021\\\/11\\\/11-1.jpg\",\"datePublished\":\"2021-11-02T12:42:07+00:00\",\"dateModified\":\"2021-11-02T12:42:08+00:00\",\"breadcrumb\":{\"@id\":\"https:\\\/\\\/radioljubuski.ba\\\/index.php\\\/2021\\\/11\\\/02\\\/zubcic-zelim-bolje-jer-znam-da-mogu\\\/#breadcrumb\"},\"inLanguage\":\"hr\",\"potentialAction\":[{\"@type\":\"ReadAction\",\"target\":[\"https:\\\/\\\/radioljubuski.ba\\\/index.php\\\/2021\\\/11\\\/02\\\/zubcic-zelim-bolje-jer-znam-da-mogu\\\/\"]}]},{\"@type\":\"ImageObject\",\"inLanguage\":\"hr\",\"@id\":\"https:\\\/\\\/radioljubuski.ba\\\/index.php\\\/2021\\\/11\\\/02\\\/zubcic-zelim-bolje-jer-znam-da-mogu\\\/#primaryimage\",\"url\":\"https:\\\/\\\/radioljubuski.ba\\\/wp-content\\\/uploads\\\/2021\\\/11\\\/11-1.jpg\",\"contentUrl\":\"https:\\\/\\\/radioljubuski.ba\\\/wp-content\\\/uploads\\\/2021\\\/11\\\/11-1.jpg\",\"width\":305,\"height\":165},{\"@type\":\"BreadcrumbList\",\"@id\":\"https:\\\/\\\/radioljubuski.ba\\\/index.php\\\/2021\\\/11\\\/02\\\/zubcic-zelim-bolje-jer-znam-da-mogu\\\/#breadcrumb\",\"itemListElement\":[{\"@type\":\"ListItem\",\"position\":1,\"name\":\"Po\u010detna stranica\",\"item\":\"https:\\\/\\\/radioljubuski.ba\\\/\"},{\"@type\":\"ListItem\",\"position\":2,\"name\":\"Zub\u010di\u0107: \u017delim bolje jer znam da mogu\"}]},{\"@type\":\"WebSite\",\"@id\":\"https:\\\/\\\/radioljubuski.ba\\\/#website\",\"url\":\"https:\\\/\\\/radioljubuski.ba\\\/\",\"name\":\"Radio Ljubu\u0161ki\",\"description\":\"Sun\u010dana frekvencija Hercegovine\",\"publisher\":{\"@id\":\"https:\\\/\\\/radioljubuski.ba\\\/#organization\"},\"potentialAction\":[{\"@type\":\"SearchAction\",\"target\":{\"@type\":\"EntryPoint\",\"urlTemplate\":\"https:\\\/\\\/radioljubuski.ba\\\/?s={search_term_string}\"},\"query-input\":{\"@type\":\"PropertyValueSpecification\",\"valueRequired\":true,\"valueName\":\"search_term_string\"}}],\"inLanguage\":\"hr\"},{\"@type\":\"Organization\",\"@id\":\"https:\\\/\\\/radioljubuski.ba\\\/#organization\",\"name\":\"Radio Ljubu\u0161ki\",\"url\":\"https:\\\/\\\/radioljubuski.ba\\\/\",\"logo\":{\"@type\":\"ImageObject\",\"inLanguage\":\"hr\",\"@id\":\"https:\\\/\\\/radioljubuski.ba\\\/#\\\/schema\\\/logo\\\/image\\\/\",\"url\":\"https:\\\/\\\/radioljubuski.ba\\\/wp-content\\\/uploads\\\/2021\\\/02\\\/cropped-Radio_Ljubuski_logo1.jpg\",\"contentUrl\":\"https:\\\/\\\/radioljubuski.ba\\\/wp-content\\\/uploads\\\/2021\\\/02\\\/cropped-Radio_Ljubuski_logo1.jpg\",\"width\":512,\"height\":512,\"caption\":\"Radio Ljubu\u0161ki\"},\"image\":{\"@id\":\"https:\\\/\\\/radioljubuski.ba\\\/#\\\/schema\\\/logo\\\/image\\\/\"},\"sameAs\":[\"https:\\\/\\\/www.facebook.com\\\/Radiio-Ljubuski-1490835324566332\",\"https:\\\/\\\/x.com\\\/radioljubuski\",\"https:\\\/\\\/hr.linkedin.com\\\/company\\\/radio-ljubuski\",\"https:\\\/\\\/www.youtube.com\\\/channel\\\/UCHYaeO_n0Db3tjNGudGpXyw\"]},{\"@type\":\"Person\",\"@id\":\"https:\\\/\\\/radioljubuski.ba\\\/#\\\/schema\\\/person\\\/19fc700381a780f69665d7956c469e3b\",\"name\":\"Radio Ljubu\u0161ki\"}]}<\/script>\n<!-- \/ Yoast SEO plugin. -->","yoast_head_json":{"title":"Zub\u010di\u0107: \u017delim bolje jer znam da mogu - RADIO LJUBU\u0160KI","robots":{"index":"index","follow":"follow","max-snippet":"max-snippet:-1","max-image-preview":"max-image-preview:large","max-video-preview":"max-video-preview:-1"},"canonical":"https:\/\/radioljubuski.ba\/index.php\/2021\/11\/02\/zubcic-zelim-bolje-jer-znam-da-mogu\/","og_locale":"hr_HR","og_type":"article","og_title":"Zub\u010di\u0107: \u017delim bolje jer znam da mogu - RADIO LJUBU\u0160KI","og_description":"Nakon iznimno uspje\u0161ne pro\u0161le sezone i napornih priprema, najbolji hrvatski skija\u0161 Filip Zub\u010di\u0107 novu sezonu do\u010dekao je s puno optimizma.&nbsp; Deveto mjesto u S\u00f6ldenu njegov je najbolji rezultat na otvaranju sezone. &#8211; Ove godine sam se jako dobro skijao tamo, rezultat je bio solidan. Iskreno, htio sam malo vi\u0161e. Me\u0111utim kad sam hladne glave pogledao [&hellip;]","og_url":"https:\/\/radioljubuski.ba\/index.php\/2021\/11\/02\/zubcic-zelim-bolje-jer-znam-da-mogu\/","og_site_name":"RADIO LJUBU\u0160KI","article_publisher":"https:\/\/www.facebook.com\/Radiio-Ljubuski-1490835324566332","article_published_time":"2021-11-02T12:42:07+00:00","article_modified_time":"2021-11-02T12:42:08+00:00","og_image":[{"width":305,"height":165,"url":"https:\/\/radioljubuski.ba\/wp-content\/uploads\/2021\/11\/11-1.jpg","type":"image\/jpeg"}],"author":"Radio Ljubu\u0161ki","twitter_card":"summary_large_image","twitter_creator":"@radioljubuski","twitter_site":"@radioljubuski","twitter_misc":{"Napisao\/la":"Radio Ljubu\u0161ki","Procijenjeno vrijeme \u010ditanja":"3 minute"},"schema":{"@context":"https:\/\/schema.org","@graph":[{"@type":"Article","@id":"https:\/\/radioljubuski.ba\/index.php\/2021\/11\/02\/zubcic-zelim-bolje-jer-znam-da-mogu\/#article","isPartOf":{"@id":"https:\/\/radioljubuski.ba\/index.php\/2021\/11\/02\/zubcic-zelim-bolje-jer-znam-da-mogu\/"},"author":{"name":"Radio Ljubu\u0161ki","@id":"https:\/\/radioljubuski.ba\/#\/schema\/person\/19fc700381a780f69665d7956c469e3b"},"headline":"Zub\u010di\u0107: \u017delim bolje jer znam da mogu","datePublished":"2021-11-02T12:42:07+00:00","dateModified":"2021-11-02T12:42:08+00:00","mainEntityOfPage":{"@id":"https:\/\/radioljubuski.ba\/index.php\/2021\/11\/02\/zubcic-zelim-bolje-jer-znam-da-mogu\/"},"wordCount":615,"publisher":{"@id":"https:\/\/radioljubuski.ba\/#organization"},"image":{"@id":"https:\/\/radioljubuski.ba\/index.php\/2021\/11\/02\/zubcic-zelim-bolje-jer-znam-da-mogu\/#primaryimage"},"thumbnailUrl":"https:\/\/radioljubuski.ba\/wp-content\/uploads\/2021\/11\/11-1.jpg","articleSection":["\u0160port"],"inLanguage":"hr"},{"@type":"WebPage","@id":"https:\/\/radioljubuski.ba\/index.php\/2021\/11\/02\/zubcic-zelim-bolje-jer-znam-da-mogu\/","url":"https:\/\/radioljubuski.ba\/index.php\/2021\/11\/02\/zubcic-zelim-bolje-jer-znam-da-mogu\/","name":"Zub\u010di\u0107: \u017delim bolje jer znam da mogu - RADIO LJUBU\u0160KI","isPartOf":{"@id":"https:\/\/radioljubuski.ba\/#website"},"primaryImageOfPage":{"@id":"https:\/\/radioljubuski.ba\/index.php\/2021\/11\/02\/zubcic-zelim-bolje-jer-znam-da-mogu\/#primaryimage"},"image":{"@id":"https:\/\/radioljubuski.ba\/index.php\/2021\/11\/02\/zubcic-zelim-bolje-jer-znam-da-mogu\/#primaryimage"},"thumbnailUrl":"https:\/\/radioljubuski.ba\/wp-content\/uploads\/2021\/11\/11-1.jpg","datePublished":"2021-11-02T12:42:07+00:00","dateModified":"2021-11-02T12:42:08+00:00","breadcrumb":{"@id":"https:\/\/radioljubuski.ba\/index.php\/2021\/11\/02\/zubcic-zelim-bolje-jer-znam-da-mogu\/#breadcrumb"},"inLanguage":"hr","potentialAction":[{"@type":"ReadAction","target":["https:\/\/radioljubuski.ba\/index.php\/2021\/11\/02\/zubcic-zelim-bolje-jer-znam-da-mogu\/"]}]},{"@type":"ImageObject","inLanguage":"hr","@id":"https:\/\/radioljubuski.ba\/index.php\/2021\/11\/02\/zubcic-zelim-bolje-jer-znam-da-mogu\/#primaryimage","url":"https:\/\/radioljubuski.ba\/wp-content\/uploads\/2021\/11\/11-1.jpg","contentUrl":"https:\/\/radioljubuski.ba\/wp-content\/uploads\/2021\/11\/11-1.jpg","width":305,"height":165},{"@type":"BreadcrumbList","@id":"https:\/\/radioljubuski.ba\/index.php\/2021\/11\/02\/zubcic-zelim-bolje-jer-znam-da-mogu\/#breadcrumb","itemListElement":[{"@type":"ListItem","position":1,"name":"Po\u010detna stranica","item":"https:\/\/radioljubuski.ba\/"},{"@type":"ListItem","position":2,"name":"Zub\u010di\u0107: \u017delim bolje jer znam da mogu"}]},{"@type":"WebSite","@id":"https:\/\/radioljubuski.ba\/#website","url":"https:\/\/radioljubuski.ba\/","name":"Radio Ljubu\u0161ki","description":"Sun\u010dana frekvencija Hercegovine","publisher":{"@id":"https:\/\/radioljubuski.ba\/#organization"},"potentialAction":[{"@type":"SearchAction","target":{"@type":"EntryPoint","urlTemplate":"https:\/\/radioljubuski.ba\/?s={search_term_string}"},"query-input":{"@type":"PropertyValueSpecification","valueRequired":true,"valueName":"search_term_string"}}],"inLanguage":"hr"},{"@type":"Organization","@id":"https:\/\/radioljubuski.ba\/#organization","name":"Radio Ljubu\u0161ki","url":"https:\/\/radioljubuski.ba\/","logo":{"@type":"ImageObject","inLanguage":"hr","@id":"https:\/\/radioljubuski.ba\/#\/schema\/logo\/image\/","url":"https:\/\/radioljubuski.ba\/wp-content\/uploads\/2021\/02\/cropped-Radio_Ljubuski_logo1.jpg","contentUrl":"https:\/\/radioljubuski.ba\/wp-content\/uploads\/2021\/02\/cropped-Radio_Ljubuski_logo1.jpg","width":512,"height":512,"caption":"Radio Ljubu\u0161ki"},"image":{"@id":"https:\/\/radioljubuski.ba\/#\/schema\/logo\/image\/"},"sameAs":["https:\/\/www.facebook.com\/Radiio-Ljubuski-1490835324566332","https:\/\/x.com\/radioljubuski","https:\/\/hr.linkedin.com\/company\/radio-ljubuski","https:\/\/www.youtube.com\/channel\/UCHYaeO_n0Db3tjNGudGpXyw"]},{"@type":"Person","@id":"https:\/\/radioljubuski.ba\/#\/schema\/person\/19fc700381a780f69665d7956c469e3b","name":"Radio Ljubu\u0161ki"}]}},"_links":{"self":[{"href":"https:\/\/radioljubuski.ba\/index.php\/wp-json\/wp\/v2\/posts\/84019","targetHints":{"allow":["GET"]}}],"collection":[{"href":"https:\/\/radioljubuski.ba\/index.php\/wp-json\/wp\/v2\/posts"}],"about":[{"href":"https:\/\/radioljubuski.ba\/index.php\/wp-json\/wp\/v2\/types\/post"}],"author":[{"embeddable":true,"href":"https:\/\/radioljubuski.ba\/index.php\/wp-json\/wp\/v2\/users\/2"}],"replies":[{"embeddable":true,"href":"https:\/\/radioljubuski.ba\/index.php\/wp-json\/wp\/v2\/comments?post=84019"}],"version-history":[{"count":1,"href":"https:\/\/radioljubuski.ba\/index.php\/wp-json\/wp\/v2\/posts\/84019\/revisions"}],"predecessor-version":[{"id":84021,"href":"https:\/\/radioljubuski.ba\/index.php\/wp-json\/wp\/v2\/posts\/84019\/revisions\/84021"}],"wp:featuredmedia":[{"embeddable":true,"href":"https:\/\/radioljubuski.ba\/index.php\/wp-json\/wp\/v2\/media\/84020"}],"wp:attachment":[{"href":"https:\/\/radioljubuski.ba\/index.php\/wp-json\/wp\/v2\/media?parent=84019"}],"wp:term":[{"taxonomy":"category","embeddable":true,"href":"https:\/\/radioljubuski.ba\/index.php\/wp-json\/wp\/v2\/categories?post=84019"},{"taxonomy":"post_tag","embeddable":true,"href":"https:\/\/radioljubuski.ba\/index.php\/wp-json\/wp\/v2\/tags?post=84019"}],"curies":[{"name":"wp","href":"https:\/\/api.w.org\/{rel}","templated":true}]}}