{"id":84022,"date":"2021-11-02T13:45:17","date_gmt":"2021-11-02T12:45:17","guid":{"rendered":"https:\/\/radioljubuski.ba\/?p=84022"},"modified":"2021-11-02T13:45:19","modified_gmt":"2021-11-02T12:45:19","slug":"teska-pobjeda-cehinja-protiv-njemacke","status":"publish","type":"post","link":"https:\/\/radioljubuski.ba\/index.php\/2021\/11\/02\/teska-pobjeda-cehinja-protiv-njemacke\/","title":{"rendered":"Te\u0161ka pobjeda \u010cehinja protiv Njema\u010dke"},"content":{"rendered":"\n<p>U Pragu je zapo\u010deo Billie Jean King Cup, natjecanje dosad poznato kao Fed kup u kojem nastupaju najbolje svjetske \u017eenske teniske reprezentacije.<\/p>\n\n\n\n<p>U Pragu se okupilo dvanaest reprezentacija koje su podijeljene u \u010detiri skupine, a u polufinale \u0107e se plasirati samo pobjednici skupina.<\/p>\n\n\n\n<p>Prvog dana, u skupini D, doma\u0107in \u010ce\u0161ka je s 2-1 bila bolja od Njema\u010dke u dramati\u010dnom dvoboju. Nakon \u0161to je <strong>Marketa<\/strong> <strong>Vondru\u0161ova <\/strong>svladala <strong>Andreu Petkovic <\/strong>6-1, 6-3, uslijedila je pobjeda <strong>Angelique Kerber <\/strong>protiv <strong>Barbore Krej\u010dikove <\/strong>od 6-7(5), 6-0, 6-4. Odluku je donijela igra parova u kojoj su nakon velike borbe \u010cehinje <strong>Hradecka <\/strong>i <strong>Sinikova <\/strong>sa 6-4, 6-7(2), 10-8 svladale <strong>Friedsam <\/strong>i <strong>Niemeier<\/strong>. U ovoj skupini D jo\u0161 se nalazi \u0160vicarska.<\/p>\n\n\n\n<blockquote class=\"twitter-tweet\"><p lang=\"en\" dir=\"ltr\">\ud83c\udde8\ud83c\uddff 2\u20e3-1\u20e3 \ud83c\udde9\ud83c\uddea<br><br>Cool under pressure, Hradecka\/Siniakova seal the tie for the home side 6-4 6-7(2) [10-8]. <a href=\"https:\/\/twitter.com\/hashtag\/BJKCupFinals?src=hash&amp;ref_src=twsrc%5Etfw\">#BJKCupFinals<\/a> <a href=\"https:\/\/t.co\/4d8Ccex5SC\">pic.twitter.com\/4d8Ccex5SC<\/a><\/p>&mdash; Billie Jean King Cup (@BJKCup) <a href=\"https:\/\/twitter.com\/BJKCup\/status\/1455315414750273543?ref_src=twsrc%5Etfw\">November 1, 2021<\/a><\/blockquote> <script async src=\"https:\/\/platform.twitter.com\/widgets.js\" charset=\"utf-8\"><\/script> \n\n\n\n<p>Napeto je bilo i u skupini C gdje su \u0160panjolke svladale Slova\u010dku 2-1. Svi su me\u010devi okon\u010dani u tri seta, a u klju\u010dnom su \u0160panjolke <strong>Sorribes Tormo <\/strong>i <strong>Suarez Navarro <\/strong>pobijedile slova\u010dku kombinaciju <strong>Kuzmova <\/strong>&#8211; <strong>Mihalikova <\/strong>sa 4-6, 6-2, 10-7.<\/p>\n\n\n\n<p>Prije toga je Kuzmova bila bolja od Suarez Navarro, a Sorribes Tormo od <strong>Schmiedlove<\/strong>. U ovoj skupini jo\u0161 \u0107e nastupati Sjedinjene Dr\u017eave.<\/p>\n\n\n\n<p>U skupini A Kanada je s 2-1 bila bolja od Francuske, a klju\u010dnu pobjedu Kana\u0111anke su ostvarile u parovima gdje su <strong>Dabrowski <\/strong>i <strong>Marino <\/strong>bile bolje od <strong>Abande <\/strong>i <strong>Ferro <\/strong>sa 4-6, 6-4, 6-4. U ovoj skupini jo\u0161 nastupaju ruske tenisa\u010dice.<\/p>\n\n\n\n<blockquote class=\"twitter-tweet\"><p lang=\"en\" dir=\"ltr\">Canada stuns holders France as Billie Jean King Cup finals kick off <a href=\"https:\/\/t.co\/X8QogQewn6\">https:\/\/t.co\/X8QogQewn6<\/a> <a href=\"https:\/\/t.co\/ld4GgNzvFj\">pic.twitter.com\/ld4GgNzvFj<\/a><\/p>&mdash; CTV News (@CTVNews) <a href=\"https:\/\/twitter.com\/CTVNews\/status\/1455433321010302979?ref_src=twsrc%5Etfw\">November 2, 2021<\/a><\/blockquote> <script async src=\"https:\/\/platform.twitter.com\/widgets.js\" charset=\"utf-8\"><\/script> \n\n\n\n<p>U skupini B Belgija je s 2-1 svladala Bjelorusiju. Pojedina\u010dno je Belgija dobila oba me\u010da, <strong>Greetje Minen <\/strong>je s lakih 6-2, 6-2 bila bolja od <strong>\u0160imanovi\u010d<\/strong>, dok je <strong>Elise Mertens <\/strong>svladala <strong>Sasnovi\u010d <\/strong>6-2, 4-6, 6-2. Bjeloruskinje su jedini bod osvojile u parovima gdje su Sasnovi\u010d i <strong>Lapko <\/strong>bile bolje od Mertens i <strong>Flipkens <\/strong>sa 6-4, 6-3. U ovoj skupini B jo\u0161 nastupa Australija.<\/p>\n\n\n\n<p>Billie Jean King Cup, 1. kolo:<\/p>\n\n\n\n<p>Skupina A: Kanada &#8211; Francuska 2-1<\/p>\n\n\n\n<p>Skupina B: Belgija &#8211; Bjelorusija 2-1<\/p>\n\n\n\n<p>Skupina C: \u0160panjolska &#8211; Slova\u010dka 2-1<\/p>\n\n\n\n<p>Skupina D: \u010ce\u0161ka &#8211; Njema\u010dka 2-1<\/p>\n\n\n\n<p>Izvor:hrt.hr<\/p>\n","protected":false},"excerpt":{"rendered":"<p>U Pragu je zapo\u010deo Billie Jean King Cup, natjecanje dosad poznato kao Fed kup u kojem nastupaju najbolje svjetske \u017eenske teniske reprezentacije. U Pragu se okupilo dvanaest reprezentacija koje su podijeljene u \u010detiri skupine, a u polufinale \u0107e se plasirati samo pobjednici skupina. Prvog dana, u skupini D, doma\u0107in \u010ce\u0161ka je s 2-1 bila bolja [&hellip;]<\/p>\n","protected":false},"author":2,"featured_media":84023,"comment_status":"closed","ping_status":"closed","sticky":false,"template":"","format":"standard","meta":{"h5ap_radio_sources":[],"footnotes":""},"categories":[7],"tags":[],"class_list":["post-84022","post","type-post","status-publish","format-standard","has-post-thumbnail","hentry","category-sport"],"yoast_head":"<!-- This site is optimized with the Yoast SEO plugin v27.5 - https:\/\/yoast.com\/product\/yoast-seo-wordpress\/ -->\n<title>Te\u0161ka pobjeda \u010cehinja protiv Njema\u010dke - RADIO LJUBU\u0160KI<\/title>\n<meta name=\"robots\" content=\"index, follow, max-snippet:-1, max-image-preview:large, max-video-preview:-1\" \/>\n<link rel=\"canonical\" href=\"https:\/\/radioljubuski.ba\/index.php\/2021\/11\/02\/teska-pobjeda-cehinja-protiv-njemacke\/\" \/>\n<meta property=\"og:locale\" content=\"hr_HR\" \/>\n<meta property=\"og:type\" content=\"article\" \/>\n<meta property=\"og:title\" content=\"Te\u0161ka pobjeda \u010cehinja protiv Njema\u010dke - RADIO LJUBU\u0160KI\" \/>\n<meta property=\"og:description\" content=\"U Pragu je zapo\u010deo Billie Jean King Cup, natjecanje dosad poznato kao Fed kup u kojem nastupaju najbolje svjetske \u017eenske teniske reprezentacije. U Pragu se okupilo dvanaest reprezentacija koje su podijeljene u \u010detiri skupine, a u polufinale \u0107e se plasirati samo pobjednici skupina. Prvog dana, u skupini D, doma\u0107in \u010ce\u0161ka je s 2-1 bila bolja [&hellip;]\" \/>\n<meta property=\"og:url\" content=\"https:\/\/radioljubuski.ba\/index.php\/2021\/11\/02\/teska-pobjeda-cehinja-protiv-njemacke\/\" \/>\n<meta property=\"og:site_name\" content=\"RADIO LJUBU\u0160KI\" \/>\n<meta property=\"article:publisher\" content=\"https:\/\/www.facebook.com\/Radiio-Ljubuski-1490835324566332\" \/>\n<meta property=\"article:published_time\" content=\"2021-11-02T12:45:17+00:00\" \/>\n<meta property=\"article:modified_time\" content=\"2021-11-02T12:45:19+00:00\" \/>\n<meta property=\"og:image\" content=\"https:\/\/radioljubuski.ba\/wp-content\/uploads\/2021\/11\/22.jpg\" \/>\n\t<meta property=\"og:image:width\" content=\"261\" \/>\n\t<meta property=\"og:image:height\" content=\"193\" \/>\n\t<meta property=\"og:image:type\" content=\"image\/jpeg\" \/>\n<meta name=\"author\" content=\"Radio Ljubu\u0161ki\" \/>\n<meta name=\"twitter:card\" content=\"summary_large_image\" \/>\n<meta name=\"twitter:creator\" content=\"@radioljubuski\" \/>\n<meta name=\"twitter:site\" content=\"@radioljubuski\" \/>\n<meta name=\"twitter:label1\" content=\"Napisao\/la\" \/>\n\t<meta name=\"twitter:data1\" content=\"Radio Ljubu\u0161ki\" \/>\n\t<meta name=\"twitter:label2\" content=\"Procijenjeno vrijeme \u010ditanja\" \/>\n\t<meta name=\"twitter:data2\" content=\"2 minute\" \/>\n<script type=\"application\/ld+json\" class=\"yoast-schema-graph\">{\"@context\":\"https:\\\/\\\/schema.org\",\"@graph\":[{\"@type\":\"Article\",\"@id\":\"https:\\\/\\\/radioljubuski.ba\\\/index.php\\\/2021\\\/11\\\/02\\\/teska-pobjeda-cehinja-protiv-njemacke\\\/#article\",\"isPartOf\":{\"@id\":\"https:\\\/\\\/radioljubuski.ba\\\/index.php\\\/2021\\\/11\\\/02\\\/teska-pobjeda-cehinja-protiv-njemacke\\\/\"},\"author\":{\"name\":\"Radio Ljubu\u0161ki\",\"@id\":\"https:\\\/\\\/radioljubuski.ba\\\/#\\\/schema\\\/person\\\/19fc700381a780f69665d7956c469e3b\"},\"headline\":\"Te\u0161ka pobjeda \u010cehinja protiv Njema\u010dke\",\"datePublished\":\"2021-11-02T12:45:17+00:00\",\"dateModified\":\"2021-11-02T12:45:19+00:00\",\"mainEntityOfPage\":{\"@id\":\"https:\\\/\\\/radioljubuski.ba\\\/index.php\\\/2021\\\/11\\\/02\\\/teska-pobjeda-cehinja-protiv-njemacke\\\/\"},\"wordCount\":396,\"publisher\":{\"@id\":\"https:\\\/\\\/radioljubuski.ba\\\/#organization\"},\"image\":{\"@id\":\"https:\\\/\\\/radioljubuski.ba\\\/index.php\\\/2021\\\/11\\\/02\\\/teska-pobjeda-cehinja-protiv-njemacke\\\/#primaryimage\"},\"thumbnailUrl\":\"https:\\\/\\\/radioljubuski.ba\\\/wp-content\\\/uploads\\\/2021\\\/11\\\/22.jpg\",\"articleSection\":[\"\u0160port\"],\"inLanguage\":\"hr\"},{\"@type\":\"WebPage\",\"@id\":\"https:\\\/\\\/radioljubuski.ba\\\/index.php\\\/2021\\\/11\\\/02\\\/teska-pobjeda-cehinja-protiv-njemacke\\\/\",\"url\":\"https:\\\/\\\/radioljubuski.ba\\\/index.php\\\/2021\\\/11\\\/02\\\/teska-pobjeda-cehinja-protiv-njemacke\\\/\",\"name\":\"Te\u0161ka pobjeda \u010cehinja protiv Njema\u010dke - RADIO LJUBU\u0160KI\",\"isPartOf\":{\"@id\":\"https:\\\/\\\/radioljubuski.ba\\\/#website\"},\"primaryImageOfPage\":{\"@id\":\"https:\\\/\\\/radioljubuski.ba\\\/index.php\\\/2021\\\/11\\\/02\\\/teska-pobjeda-cehinja-protiv-njemacke\\\/#primaryimage\"},\"image\":{\"@id\":\"https:\\\/\\\/radioljubuski.ba\\\/index.php\\\/2021\\\/11\\\/02\\\/teska-pobjeda-cehinja-protiv-njemacke\\\/#primaryimage\"},\"thumbnailUrl\":\"https:\\\/\\\/radioljubuski.ba\\\/wp-content\\\/uploads\\\/2021\\\/11\\\/22.jpg\",\"datePublished\":\"2021-11-02T12:45:17+00:00\",\"dateModified\":\"2021-11-02T12:45:19+00:00\",\"breadcrumb\":{\"@id\":\"https:\\\/\\\/radioljubuski.ba\\\/index.php\\\/2021\\\/11\\\/02\\\/teska-pobjeda-cehinja-protiv-njemacke\\\/#breadcrumb\"},\"inLanguage\":\"hr\",\"potentialAction\":[{\"@type\":\"ReadAction\",\"target\":[\"https:\\\/\\\/radioljubuski.ba\\\/index.php\\\/2021\\\/11\\\/02\\\/teska-pobjeda-cehinja-protiv-njemacke\\\/\"]}]},{\"@type\":\"ImageObject\",\"inLanguage\":\"hr\",\"@id\":\"https:\\\/\\\/radioljubuski.ba\\\/index.php\\\/2021\\\/11\\\/02\\\/teska-pobjeda-cehinja-protiv-njemacke\\\/#primaryimage\",\"url\":\"https:\\\/\\\/radioljubuski.ba\\\/wp-content\\\/uploads\\\/2021\\\/11\\\/22.jpg\",\"contentUrl\":\"https:\\\/\\\/radioljubuski.ba\\\/wp-content\\\/uploads\\\/2021\\\/11\\\/22.jpg\",\"width\":261,\"height\":193},{\"@type\":\"BreadcrumbList\",\"@id\":\"https:\\\/\\\/radioljubuski.ba\\\/index.php\\\/2021\\\/11\\\/02\\\/teska-pobjeda-cehinja-protiv-njemacke\\\/#breadcrumb\",\"itemListElement\":[{\"@type\":\"ListItem\",\"position\":1,\"name\":\"Po\u010detna stranica\",\"item\":\"https:\\\/\\\/radioljubuski.ba\\\/\"},{\"@type\":\"ListItem\",\"position\":2,\"name\":\"Te\u0161ka pobjeda \u010cehinja protiv Njema\u010dke\"}]},{\"@type\":\"WebSite\",\"@id\":\"https:\\\/\\\/radioljubuski.ba\\\/#website\",\"url\":\"https:\\\/\\\/radioljubuski.ba\\\/\",\"name\":\"Radio Ljubu\u0161ki\",\"description\":\"Sun\u010dana frekvencija Hercegovine\",\"publisher\":{\"@id\":\"https:\\\/\\\/radioljubuski.ba\\\/#organization\"},\"potentialAction\":[{\"@type\":\"SearchAction\",\"target\":{\"@type\":\"EntryPoint\",\"urlTemplate\":\"https:\\\/\\\/radioljubuski.ba\\\/?s={search_term_string}\"},\"query-input\":{\"@type\":\"PropertyValueSpecification\",\"valueRequired\":true,\"valueName\":\"search_term_string\"}}],\"inLanguage\":\"hr\"},{\"@type\":\"Organization\",\"@id\":\"https:\\\/\\\/radioljubuski.ba\\\/#organization\",\"name\":\"Radio Ljubu\u0161ki\",\"url\":\"https:\\\/\\\/radioljubuski.ba\\\/\",\"logo\":{\"@type\":\"ImageObject\",\"inLanguage\":\"hr\",\"@id\":\"https:\\\/\\\/radioljubuski.ba\\\/#\\\/schema\\\/logo\\\/image\\\/\",\"url\":\"https:\\\/\\\/radioljubuski.ba\\\/wp-content\\\/uploads\\\/2021\\\/02\\\/cropped-Radio_Ljubuski_logo1.jpg\",\"contentUrl\":\"https:\\\/\\\/radioljubuski.ba\\\/wp-content\\\/uploads\\\/2021\\\/02\\\/cropped-Radio_Ljubuski_logo1.jpg\",\"width\":512,\"height\":512,\"caption\":\"Radio Ljubu\u0161ki\"},\"image\":{\"@id\":\"https:\\\/\\\/radioljubuski.ba\\\/#\\\/schema\\\/logo\\\/image\\\/\"},\"sameAs\":[\"https:\\\/\\\/www.facebook.com\\\/Radiio-Ljubuski-1490835324566332\",\"https:\\\/\\\/x.com\\\/radioljubuski\",\"https:\\\/\\\/hr.linkedin.com\\\/company\\\/radio-ljubuski\",\"https:\\\/\\\/www.youtube.com\\\/channel\\\/UCHYaeO_n0Db3tjNGudGpXyw\"]},{\"@type\":\"Person\",\"@id\":\"https:\\\/\\\/radioljubuski.ba\\\/#\\\/schema\\\/person\\\/19fc700381a780f69665d7956c469e3b\",\"name\":\"Radio Ljubu\u0161ki\"}]}<\/script>\n<!-- \/ Yoast SEO plugin. -->","yoast_head_json":{"title":"Te\u0161ka pobjeda \u010cehinja protiv Njema\u010dke - RADIO LJUBU\u0160KI","robots":{"index":"index","follow":"follow","max-snippet":"max-snippet:-1","max-image-preview":"max-image-preview:large","max-video-preview":"max-video-preview:-1"},"canonical":"https:\/\/radioljubuski.ba\/index.php\/2021\/11\/02\/teska-pobjeda-cehinja-protiv-njemacke\/","og_locale":"hr_HR","og_type":"article","og_title":"Te\u0161ka pobjeda \u010cehinja protiv Njema\u010dke - RADIO LJUBU\u0160KI","og_description":"U Pragu je zapo\u010deo Billie Jean King Cup, natjecanje dosad poznato kao Fed kup u kojem nastupaju najbolje svjetske \u017eenske teniske reprezentacije. U Pragu se okupilo dvanaest reprezentacija koje su podijeljene u \u010detiri skupine, a u polufinale \u0107e se plasirati samo pobjednici skupina. Prvog dana, u skupini D, doma\u0107in \u010ce\u0161ka je s 2-1 bila bolja [&hellip;]","og_url":"https:\/\/radioljubuski.ba\/index.php\/2021\/11\/02\/teska-pobjeda-cehinja-protiv-njemacke\/","og_site_name":"RADIO LJUBU\u0160KI","article_publisher":"https:\/\/www.facebook.com\/Radiio-Ljubuski-1490835324566332","article_published_time":"2021-11-02T12:45:17+00:00","article_modified_time":"2021-11-02T12:45:19+00:00","og_image":[{"width":261,"height":193,"url":"https:\/\/radioljubuski.ba\/wp-content\/uploads\/2021\/11\/22.jpg","type":"image\/jpeg"}],"author":"Radio Ljubu\u0161ki","twitter_card":"summary_large_image","twitter_creator":"@radioljubuski","twitter_site":"@radioljubuski","twitter_misc":{"Napisao\/la":"Radio Ljubu\u0161ki","Procijenjeno vrijeme \u010ditanja":"2 minute"},"schema":{"@context":"https:\/\/schema.org","@graph":[{"@type":"Article","@id":"https:\/\/radioljubuski.ba\/index.php\/2021\/11\/02\/teska-pobjeda-cehinja-protiv-njemacke\/#article","isPartOf":{"@id":"https:\/\/radioljubuski.ba\/index.php\/2021\/11\/02\/teska-pobjeda-cehinja-protiv-njemacke\/"},"author":{"name":"Radio Ljubu\u0161ki","@id":"https:\/\/radioljubuski.ba\/#\/schema\/person\/19fc700381a780f69665d7956c469e3b"},"headline":"Te\u0161ka pobjeda \u010cehinja protiv Njema\u010dke","datePublished":"2021-11-02T12:45:17+00:00","dateModified":"2021-11-02T12:45:19+00:00","mainEntityOfPage":{"@id":"https:\/\/radioljubuski.ba\/index.php\/2021\/11\/02\/teska-pobjeda-cehinja-protiv-njemacke\/"},"wordCount":396,"publisher":{"@id":"https:\/\/radioljubuski.ba\/#organization"},"image":{"@id":"https:\/\/radioljubuski.ba\/index.php\/2021\/11\/02\/teska-pobjeda-cehinja-protiv-njemacke\/#primaryimage"},"thumbnailUrl":"https:\/\/radioljubuski.ba\/wp-content\/uploads\/2021\/11\/22.jpg","articleSection":["\u0160port"],"inLanguage":"hr"},{"@type":"WebPage","@id":"https:\/\/radioljubuski.ba\/index.php\/2021\/11\/02\/teska-pobjeda-cehinja-protiv-njemacke\/","url":"https:\/\/radioljubuski.ba\/index.php\/2021\/11\/02\/teska-pobjeda-cehinja-protiv-njemacke\/","name":"Te\u0161ka pobjeda \u010cehinja protiv Njema\u010dke - RADIO LJUBU\u0160KI","isPartOf":{"@id":"https:\/\/radioljubuski.ba\/#website"},"primaryImageOfPage":{"@id":"https:\/\/radioljubuski.ba\/index.php\/2021\/11\/02\/teska-pobjeda-cehinja-protiv-njemacke\/#primaryimage"},"image":{"@id":"https:\/\/radioljubuski.ba\/index.php\/2021\/11\/02\/teska-pobjeda-cehinja-protiv-njemacke\/#primaryimage"},"thumbnailUrl":"https:\/\/radioljubuski.ba\/wp-content\/uploads\/2021\/11\/22.jpg","datePublished":"2021-11-02T12:45:17+00:00","dateModified":"2021-11-02T12:45:19+00:00","breadcrumb":{"@id":"https:\/\/radioljubuski.ba\/index.php\/2021\/11\/02\/teska-pobjeda-cehinja-protiv-njemacke\/#breadcrumb"},"inLanguage":"hr","potentialAction":[{"@type":"ReadAction","target":["https:\/\/radioljubuski.ba\/index.php\/2021\/11\/02\/teska-pobjeda-cehinja-protiv-njemacke\/"]}]},{"@type":"ImageObject","inLanguage":"hr","@id":"https:\/\/radioljubuski.ba\/index.php\/2021\/11\/02\/teska-pobjeda-cehinja-protiv-njemacke\/#primaryimage","url":"https:\/\/radioljubuski.ba\/wp-content\/uploads\/2021\/11\/22.jpg","contentUrl":"https:\/\/radioljubuski.ba\/wp-content\/uploads\/2021\/11\/22.jpg","width":261,"height":193},{"@type":"BreadcrumbList","@id":"https:\/\/radioljubuski.ba\/index.php\/2021\/11\/02\/teska-pobjeda-cehinja-protiv-njemacke\/#breadcrumb","itemListElement":[{"@type":"ListItem","position":1,"name":"Po\u010detna stranica","item":"https:\/\/radioljubuski.ba\/"},{"@type":"ListItem","position":2,"name":"Te\u0161ka pobjeda \u010cehinja protiv Njema\u010dke"}]},{"@type":"WebSite","@id":"https:\/\/radioljubuski.ba\/#website","url":"https:\/\/radioljubuski.ba\/","name":"Radio Ljubu\u0161ki","description":"Sun\u010dana frekvencija Hercegovine","publisher":{"@id":"https:\/\/radioljubuski.ba\/#organization"},"potentialAction":[{"@type":"SearchAction","target":{"@type":"EntryPoint","urlTemplate":"https:\/\/radioljubuski.ba\/?s={search_term_string}"},"query-input":{"@type":"PropertyValueSpecification","valueRequired":true,"valueName":"search_term_string"}}],"inLanguage":"hr"},{"@type":"Organization","@id":"https:\/\/radioljubuski.ba\/#organization","name":"Radio Ljubu\u0161ki","url":"https:\/\/radioljubuski.ba\/","logo":{"@type":"ImageObject","inLanguage":"hr","@id":"https:\/\/radioljubuski.ba\/#\/schema\/logo\/image\/","url":"https:\/\/radioljubuski.ba\/wp-content\/uploads\/2021\/02\/cropped-Radio_Ljubuski_logo1.jpg","contentUrl":"https:\/\/radioljubuski.ba\/wp-content\/uploads\/2021\/02\/cropped-Radio_Ljubuski_logo1.jpg","width":512,"height":512,"caption":"Radio Ljubu\u0161ki"},"image":{"@id":"https:\/\/radioljubuski.ba\/#\/schema\/logo\/image\/"},"sameAs":["https:\/\/www.facebook.com\/Radiio-Ljubuski-1490835324566332","https:\/\/x.com\/radioljubuski","https:\/\/hr.linkedin.com\/company\/radio-ljubuski","https:\/\/www.youtube.com\/channel\/UCHYaeO_n0Db3tjNGudGpXyw"]},{"@type":"Person","@id":"https:\/\/radioljubuski.ba\/#\/schema\/person\/19fc700381a780f69665d7956c469e3b","name":"Radio Ljubu\u0161ki"}]}},"_links":{"self":[{"href":"https:\/\/radioljubuski.ba\/index.php\/wp-json\/wp\/v2\/posts\/84022","targetHints":{"allow":["GET"]}}],"collection":[{"href":"https:\/\/radioljubuski.ba\/index.php\/wp-json\/wp\/v2\/posts"}],"about":[{"href":"https:\/\/radioljubuski.ba\/index.php\/wp-json\/wp\/v2\/types\/post"}],"author":[{"embeddable":true,"href":"https:\/\/radioljubuski.ba\/index.php\/wp-json\/wp\/v2\/users\/2"}],"replies":[{"embeddable":true,"href":"https:\/\/radioljubuski.ba\/index.php\/wp-json\/wp\/v2\/comments?post=84022"}],"version-history":[{"count":1,"href":"https:\/\/radioljubuski.ba\/index.php\/wp-json\/wp\/v2\/posts\/84022\/revisions"}],"predecessor-version":[{"id":84024,"href":"https:\/\/radioljubuski.ba\/index.php\/wp-json\/wp\/v2\/posts\/84022\/revisions\/84024"}],"wp:featuredmedia":[{"embeddable":true,"href":"https:\/\/radioljubuski.ba\/index.php\/wp-json\/wp\/v2\/media\/84023"}],"wp:attachment":[{"href":"https:\/\/radioljubuski.ba\/index.php\/wp-json\/wp\/v2\/media?parent=84022"}],"wp:term":[{"taxonomy":"category","embeddable":true,"href":"https:\/\/radioljubuski.ba\/index.php\/wp-json\/wp\/v2\/categories?post=84022"},{"taxonomy":"post_tag","embeddable":true,"href":"https:\/\/radioljubuski.ba\/index.php\/wp-json\/wp\/v2\/tags?post=84022"}],"curies":[{"name":"wp","href":"https:\/\/api.w.org\/{rel}","templated":true}]}}