{"id":84028,"date":"2021-11-02T13:48:19","date_gmt":"2021-11-02T12:48:19","guid":{"rendered":"https:\/\/radioljubuski.ba\/?p=84028"},"modified":"2021-11-02T13:48:20","modified_gmt":"2021-11-02T12:48:20","slug":"nishikori-ranije-okoncao-sezonu-zbog-bolova-u-ledima","status":"publish","type":"post","link":"https:\/\/radioljubuski.ba\/index.php\/2021\/11\/02\/nishikori-ranije-okoncao-sezonu-zbog-bolova-u-ledima\/","title":{"rendered":"Nishikori ranije okon\u010dao sezonu zbog bolova u le\u0111ima"},"content":{"rendered":"\n<p>Japanski tenisa\u010d Kei Nishikori, nekad \u010detvrti igra\u010d svijeta, ranije je okon\u010dao sezonu zbog bolova u le\u0111ima. Trenuta\u010dno 49. igra\u010d svijeta posljednji je nastup imao pro\u0161log mjeseca na ATP Masters 1000 turniru u Indian Wellsu, gdje je izgubio u drugom kolu.<\/p>\n\n\n\n<p>Prije Indian Wellsa otkazao je nastup u San Diegu, a nakon toga povukao se s turnira u Be\u010du, zatim ovotjednog Masters 1000 turnira u Parizu, te s turnira u Stockholmu, koji je na rasporedu idu\u0107eg tjedna.<\/p>\n\n\n\n<p>&nbsp;&#8211; Ozlijedio sam le\u0111a nekoliko tjedana prije turnira u San Diegu, a ozljeda me i dalje mu\u010di. Bila je ovo duga\u010dka godina, vratio sam se tenisu nakon ozljede, a sada se veselim odmoru. Tako\u0111er, jedva \u010dekam jake pripreme kako bi 2022. bila uspje\u0161na godina, poru\u010dio je Nishikori preko Twittera.<\/p>\n\n\n\n<p>Izvor.hrt.hr<\/p>\n","protected":false},"excerpt":{"rendered":"<p>Japanski tenisa\u010d Kei Nishikori, nekad \u010detvrti igra\u010d svijeta, ranije je okon\u010dao sezonu zbog bolova u le\u0111ima. Trenuta\u010dno 49. igra\u010d svijeta posljednji je nastup imao pro\u0161log mjeseca na ATP Masters 1000 turniru u Indian Wellsu, gdje je izgubio u drugom kolu. Prije Indian Wellsa otkazao je nastup u San Diegu, a nakon toga povukao se s [&hellip;]<\/p>\n","protected":false},"author":2,"featured_media":84029,"comment_status":"closed","ping_status":"closed","sticky":false,"template":"","format":"standard","meta":{"h5ap_radio_sources":[],"footnotes":""},"categories":[7],"tags":[],"class_list":["post-84028","post","type-post","status-publish","format-standard","has-post-thumbnail","hentry","category-sport"],"yoast_head":"<!-- This site is optimized with the Yoast SEO plugin v27.5 - https:\/\/yoast.com\/product\/yoast-seo-wordpress\/ -->\n<title>Nishikori ranije okon\u010dao sezonu zbog bolova u le\u0111ima - RADIO LJUBU\u0160KI<\/title>\n<meta name=\"robots\" content=\"index, follow, max-snippet:-1, max-image-preview:large, max-video-preview:-1\" \/>\n<link rel=\"canonical\" href=\"https:\/\/radioljubuski.ba\/index.php\/2021\/11\/02\/nishikori-ranije-okoncao-sezonu-zbog-bolova-u-ledima\/\" \/>\n<meta property=\"og:locale\" content=\"hr_HR\" \/>\n<meta property=\"og:type\" content=\"article\" \/>\n<meta property=\"og:title\" content=\"Nishikori ranije okon\u010dao sezonu zbog bolova u le\u0111ima - RADIO LJUBU\u0160KI\" \/>\n<meta property=\"og:description\" content=\"Japanski tenisa\u010d Kei Nishikori, nekad \u010detvrti igra\u010d svijeta, ranije je okon\u010dao sezonu zbog bolova u le\u0111ima. Trenuta\u010dno 49. igra\u010d svijeta posljednji je nastup imao pro\u0161log mjeseca na ATP Masters 1000 turniru u Indian Wellsu, gdje je izgubio u drugom kolu. Prije Indian Wellsa otkazao je nastup u San Diegu, a nakon toga povukao se s [&hellip;]\" \/>\n<meta property=\"og:url\" content=\"https:\/\/radioljubuski.ba\/index.php\/2021\/11\/02\/nishikori-ranije-okoncao-sezonu-zbog-bolova-u-ledima\/\" \/>\n<meta property=\"og:site_name\" content=\"RADIO LJUBU\u0160KI\" \/>\n<meta property=\"article:publisher\" content=\"https:\/\/www.facebook.com\/Radiio-Ljubuski-1490835324566332\" \/>\n<meta property=\"article:published_time\" content=\"2021-11-02T12:48:19+00:00\" \/>\n<meta property=\"article:modified_time\" content=\"2021-11-02T12:48:20+00:00\" \/>\n<meta property=\"og:image\" content=\"https:\/\/radioljubuski.ba\/wp-content\/uploads\/2021\/11\/Kei-Nishikori.jpg\" \/>\n\t<meta property=\"og:image:width\" content=\"1280\" \/>\n\t<meta property=\"og:image:height\" content=\"817\" \/>\n\t<meta property=\"og:image:type\" content=\"image\/jpeg\" \/>\n<meta name=\"author\" content=\"Radio Ljubu\u0161ki\" \/>\n<meta name=\"twitter:card\" content=\"summary_large_image\" \/>\n<meta name=\"twitter:creator\" content=\"@radioljubuski\" \/>\n<meta name=\"twitter:site\" content=\"@radioljubuski\" \/>\n<meta name=\"twitter:label1\" content=\"Napisao\/la\" \/>\n\t<meta name=\"twitter:data1\" content=\"Radio Ljubu\u0161ki\" \/>\n\t<meta name=\"twitter:label2\" content=\"Procijenjeno vrijeme \u010ditanja\" \/>\n\t<meta name=\"twitter:data2\" content=\"1 minuta\" \/>\n<script type=\"application\/ld+json\" class=\"yoast-schema-graph\">{\"@context\":\"https:\\\/\\\/schema.org\",\"@graph\":[{\"@type\":\"Article\",\"@id\":\"https:\\\/\\\/radioljubuski.ba\\\/index.php\\\/2021\\\/11\\\/02\\\/nishikori-ranije-okoncao-sezonu-zbog-bolova-u-ledima\\\/#article\",\"isPartOf\":{\"@id\":\"https:\\\/\\\/radioljubuski.ba\\\/index.php\\\/2021\\\/11\\\/02\\\/nishikori-ranije-okoncao-sezonu-zbog-bolova-u-ledima\\\/\"},\"author\":{\"name\":\"Radio Ljubu\u0161ki\",\"@id\":\"https:\\\/\\\/radioljubuski.ba\\\/#\\\/schema\\\/person\\\/19fc700381a780f69665d7956c469e3b\"},\"headline\":\"Nishikori ranije okon\u010dao sezonu zbog bolova u le\u0111ima\",\"datePublished\":\"2021-11-02T12:48:19+00:00\",\"dateModified\":\"2021-11-02T12:48:20+00:00\",\"mainEntityOfPage\":{\"@id\":\"https:\\\/\\\/radioljubuski.ba\\\/index.php\\\/2021\\\/11\\\/02\\\/nishikori-ranije-okoncao-sezonu-zbog-bolova-u-ledima\\\/\"},\"wordCount\":147,\"publisher\":{\"@id\":\"https:\\\/\\\/radioljubuski.ba\\\/#organization\"},\"image\":{\"@id\":\"https:\\\/\\\/radioljubuski.ba\\\/index.php\\\/2021\\\/11\\\/02\\\/nishikori-ranije-okoncao-sezonu-zbog-bolova-u-ledima\\\/#primaryimage\"},\"thumbnailUrl\":\"https:\\\/\\\/radioljubuski.ba\\\/wp-content\\\/uploads\\\/2021\\\/11\\\/Kei-Nishikori.jpg\",\"articleSection\":[\"\u0160port\"],\"inLanguage\":\"hr\"},{\"@type\":\"WebPage\",\"@id\":\"https:\\\/\\\/radioljubuski.ba\\\/index.php\\\/2021\\\/11\\\/02\\\/nishikori-ranije-okoncao-sezonu-zbog-bolova-u-ledima\\\/\",\"url\":\"https:\\\/\\\/radioljubuski.ba\\\/index.php\\\/2021\\\/11\\\/02\\\/nishikori-ranije-okoncao-sezonu-zbog-bolova-u-ledima\\\/\",\"name\":\"Nishikori ranije okon\u010dao sezonu zbog bolova u le\u0111ima - RADIO LJUBU\u0160KI\",\"isPartOf\":{\"@id\":\"https:\\\/\\\/radioljubuski.ba\\\/#website\"},\"primaryImageOfPage\":{\"@id\":\"https:\\\/\\\/radioljubuski.ba\\\/index.php\\\/2021\\\/11\\\/02\\\/nishikori-ranije-okoncao-sezonu-zbog-bolova-u-ledima\\\/#primaryimage\"},\"image\":{\"@id\":\"https:\\\/\\\/radioljubuski.ba\\\/index.php\\\/2021\\\/11\\\/02\\\/nishikori-ranije-okoncao-sezonu-zbog-bolova-u-ledima\\\/#primaryimage\"},\"thumbnailUrl\":\"https:\\\/\\\/radioljubuski.ba\\\/wp-content\\\/uploads\\\/2021\\\/11\\\/Kei-Nishikori.jpg\",\"datePublished\":\"2021-11-02T12:48:19+00:00\",\"dateModified\":\"2021-11-02T12:48:20+00:00\",\"breadcrumb\":{\"@id\":\"https:\\\/\\\/radioljubuski.ba\\\/index.php\\\/2021\\\/11\\\/02\\\/nishikori-ranije-okoncao-sezonu-zbog-bolova-u-ledima\\\/#breadcrumb\"},\"inLanguage\":\"hr\",\"potentialAction\":[{\"@type\":\"ReadAction\",\"target\":[\"https:\\\/\\\/radioljubuski.ba\\\/index.php\\\/2021\\\/11\\\/02\\\/nishikori-ranije-okoncao-sezonu-zbog-bolova-u-ledima\\\/\"]}]},{\"@type\":\"ImageObject\",\"inLanguage\":\"hr\",\"@id\":\"https:\\\/\\\/radioljubuski.ba\\\/index.php\\\/2021\\\/11\\\/02\\\/nishikori-ranije-okoncao-sezonu-zbog-bolova-u-ledima\\\/#primaryimage\",\"url\":\"https:\\\/\\\/radioljubuski.ba\\\/wp-content\\\/uploads\\\/2021\\\/11\\\/Kei-Nishikori.jpg\",\"contentUrl\":\"https:\\\/\\\/radioljubuski.ba\\\/wp-content\\\/uploads\\\/2021\\\/11\\\/Kei-Nishikori.jpg\",\"width\":1280,\"height\":817},{\"@type\":\"BreadcrumbList\",\"@id\":\"https:\\\/\\\/radioljubuski.ba\\\/index.php\\\/2021\\\/11\\\/02\\\/nishikori-ranije-okoncao-sezonu-zbog-bolova-u-ledima\\\/#breadcrumb\",\"itemListElement\":[{\"@type\":\"ListItem\",\"position\":1,\"name\":\"Po\u010detna stranica\",\"item\":\"https:\\\/\\\/radioljubuski.ba\\\/\"},{\"@type\":\"ListItem\",\"position\":2,\"name\":\"Nishikori ranije okon\u010dao sezonu zbog bolova u le\u0111ima\"}]},{\"@type\":\"WebSite\",\"@id\":\"https:\\\/\\\/radioljubuski.ba\\\/#website\",\"url\":\"https:\\\/\\\/radioljubuski.ba\\\/\",\"name\":\"Radio Ljubu\u0161ki\",\"description\":\"Sun\u010dana frekvencija Hercegovine\",\"publisher\":{\"@id\":\"https:\\\/\\\/radioljubuski.ba\\\/#organization\"},\"potentialAction\":[{\"@type\":\"SearchAction\",\"target\":{\"@type\":\"EntryPoint\",\"urlTemplate\":\"https:\\\/\\\/radioljubuski.ba\\\/?s={search_term_string}\"},\"query-input\":{\"@type\":\"PropertyValueSpecification\",\"valueRequired\":true,\"valueName\":\"search_term_string\"}}],\"inLanguage\":\"hr\"},{\"@type\":\"Organization\",\"@id\":\"https:\\\/\\\/radioljubuski.ba\\\/#organization\",\"name\":\"Radio Ljubu\u0161ki\",\"url\":\"https:\\\/\\\/radioljubuski.ba\\\/\",\"logo\":{\"@type\":\"ImageObject\",\"inLanguage\":\"hr\",\"@id\":\"https:\\\/\\\/radioljubuski.ba\\\/#\\\/schema\\\/logo\\\/image\\\/\",\"url\":\"https:\\\/\\\/radioljubuski.ba\\\/wp-content\\\/uploads\\\/2021\\\/02\\\/cropped-Radio_Ljubuski_logo1.jpg\",\"contentUrl\":\"https:\\\/\\\/radioljubuski.ba\\\/wp-content\\\/uploads\\\/2021\\\/02\\\/cropped-Radio_Ljubuski_logo1.jpg\",\"width\":512,\"height\":512,\"caption\":\"Radio Ljubu\u0161ki\"},\"image\":{\"@id\":\"https:\\\/\\\/radioljubuski.ba\\\/#\\\/schema\\\/logo\\\/image\\\/\"},\"sameAs\":[\"https:\\\/\\\/www.facebook.com\\\/Radiio-Ljubuski-1490835324566332\",\"https:\\\/\\\/x.com\\\/radioljubuski\",\"https:\\\/\\\/hr.linkedin.com\\\/company\\\/radio-ljubuski\",\"https:\\\/\\\/www.youtube.com\\\/channel\\\/UCHYaeO_n0Db3tjNGudGpXyw\"]},{\"@type\":\"Person\",\"@id\":\"https:\\\/\\\/radioljubuski.ba\\\/#\\\/schema\\\/person\\\/19fc700381a780f69665d7956c469e3b\",\"name\":\"Radio Ljubu\u0161ki\"}]}<\/script>\n<!-- \/ Yoast SEO plugin. -->","yoast_head_json":{"title":"Nishikori ranije okon\u010dao sezonu zbog bolova u le\u0111ima - RADIO LJUBU\u0160KI","robots":{"index":"index","follow":"follow","max-snippet":"max-snippet:-1","max-image-preview":"max-image-preview:large","max-video-preview":"max-video-preview:-1"},"canonical":"https:\/\/radioljubuski.ba\/index.php\/2021\/11\/02\/nishikori-ranije-okoncao-sezonu-zbog-bolova-u-ledima\/","og_locale":"hr_HR","og_type":"article","og_title":"Nishikori ranije okon\u010dao sezonu zbog bolova u le\u0111ima - RADIO LJUBU\u0160KI","og_description":"Japanski tenisa\u010d Kei Nishikori, nekad \u010detvrti igra\u010d svijeta, ranije je okon\u010dao sezonu zbog bolova u le\u0111ima. Trenuta\u010dno 49. igra\u010d svijeta posljednji je nastup imao pro\u0161log mjeseca na ATP Masters 1000 turniru u Indian Wellsu, gdje je izgubio u drugom kolu. Prije Indian Wellsa otkazao je nastup u San Diegu, a nakon toga povukao se s [&hellip;]","og_url":"https:\/\/radioljubuski.ba\/index.php\/2021\/11\/02\/nishikori-ranije-okoncao-sezonu-zbog-bolova-u-ledima\/","og_site_name":"RADIO LJUBU\u0160KI","article_publisher":"https:\/\/www.facebook.com\/Radiio-Ljubuski-1490835324566332","article_published_time":"2021-11-02T12:48:19+00:00","article_modified_time":"2021-11-02T12:48:20+00:00","og_image":[{"width":1280,"height":817,"url":"https:\/\/radioljubuski.ba\/wp-content\/uploads\/2021\/11\/Kei-Nishikori.jpg","type":"image\/jpeg"}],"author":"Radio Ljubu\u0161ki","twitter_card":"summary_large_image","twitter_creator":"@radioljubuski","twitter_site":"@radioljubuski","twitter_misc":{"Napisao\/la":"Radio Ljubu\u0161ki","Procijenjeno vrijeme \u010ditanja":"1 minuta"},"schema":{"@context":"https:\/\/schema.org","@graph":[{"@type":"Article","@id":"https:\/\/radioljubuski.ba\/index.php\/2021\/11\/02\/nishikori-ranije-okoncao-sezonu-zbog-bolova-u-ledima\/#article","isPartOf":{"@id":"https:\/\/radioljubuski.ba\/index.php\/2021\/11\/02\/nishikori-ranije-okoncao-sezonu-zbog-bolova-u-ledima\/"},"author":{"name":"Radio Ljubu\u0161ki","@id":"https:\/\/radioljubuski.ba\/#\/schema\/person\/19fc700381a780f69665d7956c469e3b"},"headline":"Nishikori ranije okon\u010dao sezonu zbog bolova u le\u0111ima","datePublished":"2021-11-02T12:48:19+00:00","dateModified":"2021-11-02T12:48:20+00:00","mainEntityOfPage":{"@id":"https:\/\/radioljubuski.ba\/index.php\/2021\/11\/02\/nishikori-ranije-okoncao-sezonu-zbog-bolova-u-ledima\/"},"wordCount":147,"publisher":{"@id":"https:\/\/radioljubuski.ba\/#organization"},"image":{"@id":"https:\/\/radioljubuski.ba\/index.php\/2021\/11\/02\/nishikori-ranije-okoncao-sezonu-zbog-bolova-u-ledima\/#primaryimage"},"thumbnailUrl":"https:\/\/radioljubuski.ba\/wp-content\/uploads\/2021\/11\/Kei-Nishikori.jpg","articleSection":["\u0160port"],"inLanguage":"hr"},{"@type":"WebPage","@id":"https:\/\/radioljubuski.ba\/index.php\/2021\/11\/02\/nishikori-ranije-okoncao-sezonu-zbog-bolova-u-ledima\/","url":"https:\/\/radioljubuski.ba\/index.php\/2021\/11\/02\/nishikori-ranije-okoncao-sezonu-zbog-bolova-u-ledima\/","name":"Nishikori ranije okon\u010dao sezonu zbog bolova u le\u0111ima - RADIO LJUBU\u0160KI","isPartOf":{"@id":"https:\/\/radioljubuski.ba\/#website"},"primaryImageOfPage":{"@id":"https:\/\/radioljubuski.ba\/index.php\/2021\/11\/02\/nishikori-ranije-okoncao-sezonu-zbog-bolova-u-ledima\/#primaryimage"},"image":{"@id":"https:\/\/radioljubuski.ba\/index.php\/2021\/11\/02\/nishikori-ranije-okoncao-sezonu-zbog-bolova-u-ledima\/#primaryimage"},"thumbnailUrl":"https:\/\/radioljubuski.ba\/wp-content\/uploads\/2021\/11\/Kei-Nishikori.jpg","datePublished":"2021-11-02T12:48:19+00:00","dateModified":"2021-11-02T12:48:20+00:00","breadcrumb":{"@id":"https:\/\/radioljubuski.ba\/index.php\/2021\/11\/02\/nishikori-ranije-okoncao-sezonu-zbog-bolova-u-ledima\/#breadcrumb"},"inLanguage":"hr","potentialAction":[{"@type":"ReadAction","target":["https:\/\/radioljubuski.ba\/index.php\/2021\/11\/02\/nishikori-ranije-okoncao-sezonu-zbog-bolova-u-ledima\/"]}]},{"@type":"ImageObject","inLanguage":"hr","@id":"https:\/\/radioljubuski.ba\/index.php\/2021\/11\/02\/nishikori-ranije-okoncao-sezonu-zbog-bolova-u-ledima\/#primaryimage","url":"https:\/\/radioljubuski.ba\/wp-content\/uploads\/2021\/11\/Kei-Nishikori.jpg","contentUrl":"https:\/\/radioljubuski.ba\/wp-content\/uploads\/2021\/11\/Kei-Nishikori.jpg","width":1280,"height":817},{"@type":"BreadcrumbList","@id":"https:\/\/radioljubuski.ba\/index.php\/2021\/11\/02\/nishikori-ranije-okoncao-sezonu-zbog-bolova-u-ledima\/#breadcrumb","itemListElement":[{"@type":"ListItem","position":1,"name":"Po\u010detna stranica","item":"https:\/\/radioljubuski.ba\/"},{"@type":"ListItem","position":2,"name":"Nishikori ranije okon\u010dao sezonu zbog bolova u le\u0111ima"}]},{"@type":"WebSite","@id":"https:\/\/radioljubuski.ba\/#website","url":"https:\/\/radioljubuski.ba\/","name":"Radio Ljubu\u0161ki","description":"Sun\u010dana frekvencija Hercegovine","publisher":{"@id":"https:\/\/radioljubuski.ba\/#organization"},"potentialAction":[{"@type":"SearchAction","target":{"@type":"EntryPoint","urlTemplate":"https:\/\/radioljubuski.ba\/?s={search_term_string}"},"query-input":{"@type":"PropertyValueSpecification","valueRequired":true,"valueName":"search_term_string"}}],"inLanguage":"hr"},{"@type":"Organization","@id":"https:\/\/radioljubuski.ba\/#organization","name":"Radio Ljubu\u0161ki","url":"https:\/\/radioljubuski.ba\/","logo":{"@type":"ImageObject","inLanguage":"hr","@id":"https:\/\/radioljubuski.ba\/#\/schema\/logo\/image\/","url":"https:\/\/radioljubuski.ba\/wp-content\/uploads\/2021\/02\/cropped-Radio_Ljubuski_logo1.jpg","contentUrl":"https:\/\/radioljubuski.ba\/wp-content\/uploads\/2021\/02\/cropped-Radio_Ljubuski_logo1.jpg","width":512,"height":512,"caption":"Radio Ljubu\u0161ki"},"image":{"@id":"https:\/\/radioljubuski.ba\/#\/schema\/logo\/image\/"},"sameAs":["https:\/\/www.facebook.com\/Radiio-Ljubuski-1490835324566332","https:\/\/x.com\/radioljubuski","https:\/\/hr.linkedin.com\/company\/radio-ljubuski","https:\/\/www.youtube.com\/channel\/UCHYaeO_n0Db3tjNGudGpXyw"]},{"@type":"Person","@id":"https:\/\/radioljubuski.ba\/#\/schema\/person\/19fc700381a780f69665d7956c469e3b","name":"Radio Ljubu\u0161ki"}]}},"_links":{"self":[{"href":"https:\/\/radioljubuski.ba\/index.php\/wp-json\/wp\/v2\/posts\/84028","targetHints":{"allow":["GET"]}}],"collection":[{"href":"https:\/\/radioljubuski.ba\/index.php\/wp-json\/wp\/v2\/posts"}],"about":[{"href":"https:\/\/radioljubuski.ba\/index.php\/wp-json\/wp\/v2\/types\/post"}],"author":[{"embeddable":true,"href":"https:\/\/radioljubuski.ba\/index.php\/wp-json\/wp\/v2\/users\/2"}],"replies":[{"embeddable":true,"href":"https:\/\/radioljubuski.ba\/index.php\/wp-json\/wp\/v2\/comments?post=84028"}],"version-history":[{"count":1,"href":"https:\/\/radioljubuski.ba\/index.php\/wp-json\/wp\/v2\/posts\/84028\/revisions"}],"predecessor-version":[{"id":84030,"href":"https:\/\/radioljubuski.ba\/index.php\/wp-json\/wp\/v2\/posts\/84028\/revisions\/84030"}],"wp:featuredmedia":[{"embeddable":true,"href":"https:\/\/radioljubuski.ba\/index.php\/wp-json\/wp\/v2\/media\/84029"}],"wp:attachment":[{"href":"https:\/\/radioljubuski.ba\/index.php\/wp-json\/wp\/v2\/media?parent=84028"}],"wp:term":[{"taxonomy":"category","embeddable":true,"href":"https:\/\/radioljubuski.ba\/index.php\/wp-json\/wp\/v2\/categories?post=84028"},{"taxonomy":"post_tag","embeddable":true,"href":"https:\/\/radioljubuski.ba\/index.php\/wp-json\/wp\/v2\/tags?post=84028"}],"curies":[{"name":"wp","href":"https:\/\/api.w.org\/{rel}","templated":true}]}}