{"id":84061,"date":"2021-11-02T14:08:25","date_gmt":"2021-11-02T13:08:25","guid":{"rendered":"https:\/\/radioljubuski.ba\/?p=84061"},"modified":"2021-11-02T14:08:26","modified_gmt":"2021-11-02T13:08:26","slug":"hrgovicu-opet-propao-veliki-mec","status":"publish","type":"post","link":"https:\/\/radioljubuski.ba\/index.php\/2021\/11\/02\/hrgovicu-opet-propao-veliki-mec\/","title":{"rendered":"Hrgovi\u0107u opet propao veliki me\u010d"},"content":{"rendered":"\n<p>Filipu Hrgovi\u0107u opet je propala velika borba. Hrvatski boksa\u010d i njegov sto\u017eer ve\u0107 vi\u0161e od godinu dana kukaju kako nijedan renomirani protivnik ne \u017eeli boksati s njim, a sada se, \u010dini se, popisu pridru\u017eio i Martin Bakole.<\/p>\n\n\n\n<p>Bakoleov trener Billy Nelson za Sky Sports je rekao da je njegov boksa\u010d prihvatio ponudu za borbu protiv Yoke i da je samo preostalo dogovoriti detalje.<\/p>\n\n\n\n<p>Nelson: Hrgovi\u0107 je sna\u017ean, ali nije ni brz ni dobar kao Bakole<\/p>\n\n\n\n<p>&#8220;\u010cekamo samo potvrdu. \u017delimo borbu kojom \u0107e Martin napraviti iskorak. Uop\u0107e nismo dvojili ho\u0107emo li je prihvatiti i vjerujem da \u0107e ga Martin nokautirati. Smatram da je sposoban pobijediti bilo kojeg te\u0161ka\u0161a&#8221;, rekao je Nelson.<\/p>\n\n\n\n<p>&#8220;Yoka je velik i sna\u017ean tip, ali Martin to vidi kao izazov. Tehni\u010dki je vrlo dobar, ali jo\u0161 boksa kao amater. Martin je br\u017ei i puno bolji od bilo kojeg njegovog dosada\u0161njeg protivnika&#8221;, procijenio je Nelson i dodao da ih nije briga gdje \u0107e se borba odr\u017eati, iako \u0107e u Francuskoj biti te\u017ee.<\/p>\n\n\n\n<p>Zatim je rekao da bi bez problema prihvatio borbu protiv Hrgovi\u0107a, iako nije objasnio za\u0161to do nje nije do\u0161lo ve\u0107 sad.<\/p>\n\n\n\n<p>&#8220;Pobjeda nad Yokom gurnula bi Bakolea me\u0111u kandidate za borbu za pojas. Nadma\u0161ila bi sve \u0161to su Joe Joyce i Daniel Dubois u\u010dinili. Martin bi obojicu bez problema pobijedio. Borbu s Hrgovi\u0107em bi prihvatio u trenu, on je lak\u0161i protivnik od Yoke jer nije ni brz ni dobar kao Martin. Hrgovi\u0107 je vrlo sna\u017ean, ali Martin bi ga pobijedio&#8221;, uvjeren je Nelson, koji se zatim dotaknuo i Alena Babi\u0107a.<\/p>\n\n\n\n<p>&#8220;Netko me pitao za\u0161to se Bakole ne bori s Alenom Babi\u0107em. Zato \u0161to bi to bio mismatch epskih razmjera. Bio bih razo\u010daran da ta borba ne zavr\u0161i u tri runde.&#8221;<\/p>\n\n\n\n<p>Yoka je nakon pobjede nad Milasom prozvao Hrgovi\u0107a<\/p>\n\n\n\n<p>Hrgovi\u0107 je 10. rujna, nakon mjeseci tra\u017eenja, odradio na silu dogovoreni me\u010d s Crnogorcem Radonji\u0107em i natjerao ga na predaju nakon tri runde. Nakon borbe oprezno je govorio o budu\u0107nosti, jer brojni su mu izgledni ili ve\u0107 dogovoreni me\u010devi propadali, ali spomenuo je Bakolea (17-1-0) i rekao da su pregovori s njim ve\u0107 po\u010deli.<\/p>\n\n\n\n<p>Iste je ve\u010deri u Parizu drugi hrvatski te\u0161ka\u0161 Petar Milas prekidom nakon sedme runde izgubio od Francuza Tonyja Yoke, olimpijskog prvaka iz Rija i Hrgovi\u0107eva rivala iz amaterskih dana. Yoka je nakon te pobjede prozvao Hrgovi\u0107a. \u010cinilo se da je Zagrep\u010daninovoj potrazi za velikim protivnikom kraj, ali on nije odgovorio na taj izazov.<\/p>\n\n\n\n<p>I sad \u0107e se Bakole boriti protiv Yoke.<\/p>\n\n\n\n<p>Izvor:index.hr<\/p>\n","protected":false},"excerpt":{"rendered":"<p>Filipu Hrgovi\u0107u opet je propala velika borba. Hrvatski boksa\u010d i njegov sto\u017eer ve\u0107 vi\u0161e od godinu dana kukaju kako nijedan renomirani protivnik ne \u017eeli boksati s njim, a sada se, \u010dini se, popisu pridru\u017eio i Martin Bakole. Bakoleov trener Billy Nelson za Sky Sports je rekao da je njegov boksa\u010d prihvatio ponudu za borbu protiv [&hellip;]<\/p>\n","protected":false},"author":2,"featured_media":84062,"comment_status":"closed","ping_status":"closed","sticky":false,"template":"","format":"standard","meta":{"h5ap_radio_sources":[],"footnotes":""},"categories":[7],"tags":[],"class_list":["post-84061","post","type-post","status-publish","format-standard","has-post-thumbnail","hentry","category-sport"],"yoast_head":"<!-- This site is optimized with the Yoast SEO plugin v27.5 - https:\/\/yoast.com\/product\/yoast-seo-wordpress\/ -->\n<title>Hrgovi\u0107u opet propao veliki me\u010d - RADIO LJUBU\u0160KI<\/title>\n<meta name=\"robots\" content=\"index, follow, max-snippet:-1, max-image-preview:large, max-video-preview:-1\" \/>\n<link rel=\"canonical\" href=\"https:\/\/radioljubuski.ba\/index.php\/2021\/11\/02\/hrgovicu-opet-propao-veliki-mec\/\" \/>\n<meta property=\"og:locale\" content=\"hr_HR\" \/>\n<meta property=\"og:type\" content=\"article\" \/>\n<meta property=\"og:title\" content=\"Hrgovi\u0107u opet propao veliki me\u010d - RADIO LJUBU\u0160KI\" \/>\n<meta property=\"og:description\" content=\"Filipu Hrgovi\u0107u opet je propala velika borba. Hrvatski boksa\u010d i njegov sto\u017eer ve\u0107 vi\u0161e od godinu dana kukaju kako nijedan renomirani protivnik ne \u017eeli boksati s njim, a sada se, \u010dini se, popisu pridru\u017eio i Martin Bakole. Bakoleov trener Billy Nelson za Sky Sports je rekao da je njegov boksa\u010d prihvatio ponudu za borbu protiv [&hellip;]\" \/>\n<meta property=\"og:url\" content=\"https:\/\/radioljubuski.ba\/index.php\/2021\/11\/02\/hrgovicu-opet-propao-veliki-mec\/\" \/>\n<meta property=\"og:site_name\" content=\"RADIO LJUBU\u0160KI\" \/>\n<meta property=\"article:publisher\" content=\"https:\/\/www.facebook.com\/Radiio-Ljubuski-1490835324566332\" \/>\n<meta property=\"article:published_time\" content=\"2021-11-02T13:08:25+00:00\" \/>\n<meta property=\"article:modified_time\" content=\"2021-11-02T13:08:26+00:00\" \/>\n<meta property=\"og:image\" content=\"https:\/\/radioljubuski.ba\/wp-content\/uploads\/2021\/11\/4889886-1.jpg\" \/>\n\t<meta property=\"og:image:width\" content=\"1778\" \/>\n\t<meta property=\"og:image:height\" content=\"1101\" \/>\n\t<meta property=\"og:image:type\" content=\"image\/jpeg\" \/>\n<meta name=\"author\" content=\"Radio Ljubu\u0161ki\" \/>\n<meta name=\"twitter:card\" content=\"summary_large_image\" \/>\n<meta name=\"twitter:creator\" content=\"@radioljubuski\" \/>\n<meta name=\"twitter:site\" content=\"@radioljubuski\" \/>\n<meta name=\"twitter:label1\" content=\"Napisao\/la\" \/>\n\t<meta name=\"twitter:data1\" content=\"Radio Ljubu\u0161ki\" \/>\n\t<meta name=\"twitter:label2\" content=\"Procijenjeno vrijeme \u010ditanja\" \/>\n\t<meta name=\"twitter:data2\" content=\"2 minute\" \/>\n<script type=\"application\/ld+json\" class=\"yoast-schema-graph\">{\"@context\":\"https:\\\/\\\/schema.org\",\"@graph\":[{\"@type\":\"Article\",\"@id\":\"https:\\\/\\\/radioljubuski.ba\\\/index.php\\\/2021\\\/11\\\/02\\\/hrgovicu-opet-propao-veliki-mec\\\/#article\",\"isPartOf\":{\"@id\":\"https:\\\/\\\/radioljubuski.ba\\\/index.php\\\/2021\\\/11\\\/02\\\/hrgovicu-opet-propao-veliki-mec\\\/\"},\"author\":{\"name\":\"Radio Ljubu\u0161ki\",\"@id\":\"https:\\\/\\\/radioljubuski.ba\\\/#\\\/schema\\\/person\\\/19fc700381a780f69665d7956c469e3b\"},\"headline\":\"Hrgovi\u0107u opet propao veliki me\u010d\",\"datePublished\":\"2021-11-02T13:08:25+00:00\",\"dateModified\":\"2021-11-02T13:08:26+00:00\",\"mainEntityOfPage\":{\"@id\":\"https:\\\/\\\/radioljubuski.ba\\\/index.php\\\/2021\\\/11\\\/02\\\/hrgovicu-opet-propao-veliki-mec\\\/\"},\"wordCount\":455,\"publisher\":{\"@id\":\"https:\\\/\\\/radioljubuski.ba\\\/#organization\"},\"image\":{\"@id\":\"https:\\\/\\\/radioljubuski.ba\\\/index.php\\\/2021\\\/11\\\/02\\\/hrgovicu-opet-propao-veliki-mec\\\/#primaryimage\"},\"thumbnailUrl\":\"https:\\\/\\\/radioljubuski.ba\\\/wp-content\\\/uploads\\\/2021\\\/11\\\/4889886-1.jpg\",\"articleSection\":[\"\u0160port\"],\"inLanguage\":\"hr\"},{\"@type\":\"WebPage\",\"@id\":\"https:\\\/\\\/radioljubuski.ba\\\/index.php\\\/2021\\\/11\\\/02\\\/hrgovicu-opet-propao-veliki-mec\\\/\",\"url\":\"https:\\\/\\\/radioljubuski.ba\\\/index.php\\\/2021\\\/11\\\/02\\\/hrgovicu-opet-propao-veliki-mec\\\/\",\"name\":\"Hrgovi\u0107u opet propao veliki me\u010d - RADIO LJUBU\u0160KI\",\"isPartOf\":{\"@id\":\"https:\\\/\\\/radioljubuski.ba\\\/#website\"},\"primaryImageOfPage\":{\"@id\":\"https:\\\/\\\/radioljubuski.ba\\\/index.php\\\/2021\\\/11\\\/02\\\/hrgovicu-opet-propao-veliki-mec\\\/#primaryimage\"},\"image\":{\"@id\":\"https:\\\/\\\/radioljubuski.ba\\\/index.php\\\/2021\\\/11\\\/02\\\/hrgovicu-opet-propao-veliki-mec\\\/#primaryimage\"},\"thumbnailUrl\":\"https:\\\/\\\/radioljubuski.ba\\\/wp-content\\\/uploads\\\/2021\\\/11\\\/4889886-1.jpg\",\"datePublished\":\"2021-11-02T13:08:25+00:00\",\"dateModified\":\"2021-11-02T13:08:26+00:00\",\"breadcrumb\":{\"@id\":\"https:\\\/\\\/radioljubuski.ba\\\/index.php\\\/2021\\\/11\\\/02\\\/hrgovicu-opet-propao-veliki-mec\\\/#breadcrumb\"},\"inLanguage\":\"hr\",\"potentialAction\":[{\"@type\":\"ReadAction\",\"target\":[\"https:\\\/\\\/radioljubuski.ba\\\/index.php\\\/2021\\\/11\\\/02\\\/hrgovicu-opet-propao-veliki-mec\\\/\"]}]},{\"@type\":\"ImageObject\",\"inLanguage\":\"hr\",\"@id\":\"https:\\\/\\\/radioljubuski.ba\\\/index.php\\\/2021\\\/11\\\/02\\\/hrgovicu-opet-propao-veliki-mec\\\/#primaryimage\",\"url\":\"https:\\\/\\\/radioljubuski.ba\\\/wp-content\\\/uploads\\\/2021\\\/11\\\/4889886-1.jpg\",\"contentUrl\":\"https:\\\/\\\/radioljubuski.ba\\\/wp-content\\\/uploads\\\/2021\\\/11\\\/4889886-1.jpg\",\"width\":1778,\"height\":1101},{\"@type\":\"BreadcrumbList\",\"@id\":\"https:\\\/\\\/radioljubuski.ba\\\/index.php\\\/2021\\\/11\\\/02\\\/hrgovicu-opet-propao-veliki-mec\\\/#breadcrumb\",\"itemListElement\":[{\"@type\":\"ListItem\",\"position\":1,\"name\":\"Po\u010detna stranica\",\"item\":\"https:\\\/\\\/radioljubuski.ba\\\/\"},{\"@type\":\"ListItem\",\"position\":2,\"name\":\"Hrgovi\u0107u opet propao veliki me\u010d\"}]},{\"@type\":\"WebSite\",\"@id\":\"https:\\\/\\\/radioljubuski.ba\\\/#website\",\"url\":\"https:\\\/\\\/radioljubuski.ba\\\/\",\"name\":\"Radio Ljubu\u0161ki\",\"description\":\"Sun\u010dana frekvencija Hercegovine\",\"publisher\":{\"@id\":\"https:\\\/\\\/radioljubuski.ba\\\/#organization\"},\"potentialAction\":[{\"@type\":\"SearchAction\",\"target\":{\"@type\":\"EntryPoint\",\"urlTemplate\":\"https:\\\/\\\/radioljubuski.ba\\\/?s={search_term_string}\"},\"query-input\":{\"@type\":\"PropertyValueSpecification\",\"valueRequired\":true,\"valueName\":\"search_term_string\"}}],\"inLanguage\":\"hr\"},{\"@type\":\"Organization\",\"@id\":\"https:\\\/\\\/radioljubuski.ba\\\/#organization\",\"name\":\"Radio Ljubu\u0161ki\",\"url\":\"https:\\\/\\\/radioljubuski.ba\\\/\",\"logo\":{\"@type\":\"ImageObject\",\"inLanguage\":\"hr\",\"@id\":\"https:\\\/\\\/radioljubuski.ba\\\/#\\\/schema\\\/logo\\\/image\\\/\",\"url\":\"https:\\\/\\\/radioljubuski.ba\\\/wp-content\\\/uploads\\\/2021\\\/02\\\/cropped-Radio_Ljubuski_logo1.jpg\",\"contentUrl\":\"https:\\\/\\\/radioljubuski.ba\\\/wp-content\\\/uploads\\\/2021\\\/02\\\/cropped-Radio_Ljubuski_logo1.jpg\",\"width\":512,\"height\":512,\"caption\":\"Radio Ljubu\u0161ki\"},\"image\":{\"@id\":\"https:\\\/\\\/radioljubuski.ba\\\/#\\\/schema\\\/logo\\\/image\\\/\"},\"sameAs\":[\"https:\\\/\\\/www.facebook.com\\\/Radiio-Ljubuski-1490835324566332\",\"https:\\\/\\\/x.com\\\/radioljubuski\",\"https:\\\/\\\/hr.linkedin.com\\\/company\\\/radio-ljubuski\",\"https:\\\/\\\/www.youtube.com\\\/channel\\\/UCHYaeO_n0Db3tjNGudGpXyw\"]},{\"@type\":\"Person\",\"@id\":\"https:\\\/\\\/radioljubuski.ba\\\/#\\\/schema\\\/person\\\/19fc700381a780f69665d7956c469e3b\",\"name\":\"Radio Ljubu\u0161ki\"}]}<\/script>\n<!-- \/ Yoast SEO plugin. -->","yoast_head_json":{"title":"Hrgovi\u0107u opet propao veliki me\u010d - RADIO LJUBU\u0160KI","robots":{"index":"index","follow":"follow","max-snippet":"max-snippet:-1","max-image-preview":"max-image-preview:large","max-video-preview":"max-video-preview:-1"},"canonical":"https:\/\/radioljubuski.ba\/index.php\/2021\/11\/02\/hrgovicu-opet-propao-veliki-mec\/","og_locale":"hr_HR","og_type":"article","og_title":"Hrgovi\u0107u opet propao veliki me\u010d - RADIO LJUBU\u0160KI","og_description":"Filipu Hrgovi\u0107u opet je propala velika borba. Hrvatski boksa\u010d i njegov sto\u017eer ve\u0107 vi\u0161e od godinu dana kukaju kako nijedan renomirani protivnik ne \u017eeli boksati s njim, a sada se, \u010dini se, popisu pridru\u017eio i Martin Bakole. Bakoleov trener Billy Nelson za Sky Sports je rekao da je njegov boksa\u010d prihvatio ponudu za borbu protiv [&hellip;]","og_url":"https:\/\/radioljubuski.ba\/index.php\/2021\/11\/02\/hrgovicu-opet-propao-veliki-mec\/","og_site_name":"RADIO LJUBU\u0160KI","article_publisher":"https:\/\/www.facebook.com\/Radiio-Ljubuski-1490835324566332","article_published_time":"2021-11-02T13:08:25+00:00","article_modified_time":"2021-11-02T13:08:26+00:00","og_image":[{"width":1778,"height":1101,"url":"https:\/\/radioljubuski.ba\/wp-content\/uploads\/2021\/11\/4889886-1.jpg","type":"image\/jpeg"}],"author":"Radio Ljubu\u0161ki","twitter_card":"summary_large_image","twitter_creator":"@radioljubuski","twitter_site":"@radioljubuski","twitter_misc":{"Napisao\/la":"Radio Ljubu\u0161ki","Procijenjeno vrijeme \u010ditanja":"2 minute"},"schema":{"@context":"https:\/\/schema.org","@graph":[{"@type":"Article","@id":"https:\/\/radioljubuski.ba\/index.php\/2021\/11\/02\/hrgovicu-opet-propao-veliki-mec\/#article","isPartOf":{"@id":"https:\/\/radioljubuski.ba\/index.php\/2021\/11\/02\/hrgovicu-opet-propao-veliki-mec\/"},"author":{"name":"Radio Ljubu\u0161ki","@id":"https:\/\/radioljubuski.ba\/#\/schema\/person\/19fc700381a780f69665d7956c469e3b"},"headline":"Hrgovi\u0107u opet propao veliki me\u010d","datePublished":"2021-11-02T13:08:25+00:00","dateModified":"2021-11-02T13:08:26+00:00","mainEntityOfPage":{"@id":"https:\/\/radioljubuski.ba\/index.php\/2021\/11\/02\/hrgovicu-opet-propao-veliki-mec\/"},"wordCount":455,"publisher":{"@id":"https:\/\/radioljubuski.ba\/#organization"},"image":{"@id":"https:\/\/radioljubuski.ba\/index.php\/2021\/11\/02\/hrgovicu-opet-propao-veliki-mec\/#primaryimage"},"thumbnailUrl":"https:\/\/radioljubuski.ba\/wp-content\/uploads\/2021\/11\/4889886-1.jpg","articleSection":["\u0160port"],"inLanguage":"hr"},{"@type":"WebPage","@id":"https:\/\/radioljubuski.ba\/index.php\/2021\/11\/02\/hrgovicu-opet-propao-veliki-mec\/","url":"https:\/\/radioljubuski.ba\/index.php\/2021\/11\/02\/hrgovicu-opet-propao-veliki-mec\/","name":"Hrgovi\u0107u opet propao veliki me\u010d - RADIO LJUBU\u0160KI","isPartOf":{"@id":"https:\/\/radioljubuski.ba\/#website"},"primaryImageOfPage":{"@id":"https:\/\/radioljubuski.ba\/index.php\/2021\/11\/02\/hrgovicu-opet-propao-veliki-mec\/#primaryimage"},"image":{"@id":"https:\/\/radioljubuski.ba\/index.php\/2021\/11\/02\/hrgovicu-opet-propao-veliki-mec\/#primaryimage"},"thumbnailUrl":"https:\/\/radioljubuski.ba\/wp-content\/uploads\/2021\/11\/4889886-1.jpg","datePublished":"2021-11-02T13:08:25+00:00","dateModified":"2021-11-02T13:08:26+00:00","breadcrumb":{"@id":"https:\/\/radioljubuski.ba\/index.php\/2021\/11\/02\/hrgovicu-opet-propao-veliki-mec\/#breadcrumb"},"inLanguage":"hr","potentialAction":[{"@type":"ReadAction","target":["https:\/\/radioljubuski.ba\/index.php\/2021\/11\/02\/hrgovicu-opet-propao-veliki-mec\/"]}]},{"@type":"ImageObject","inLanguage":"hr","@id":"https:\/\/radioljubuski.ba\/index.php\/2021\/11\/02\/hrgovicu-opet-propao-veliki-mec\/#primaryimage","url":"https:\/\/radioljubuski.ba\/wp-content\/uploads\/2021\/11\/4889886-1.jpg","contentUrl":"https:\/\/radioljubuski.ba\/wp-content\/uploads\/2021\/11\/4889886-1.jpg","width":1778,"height":1101},{"@type":"BreadcrumbList","@id":"https:\/\/radioljubuski.ba\/index.php\/2021\/11\/02\/hrgovicu-opet-propao-veliki-mec\/#breadcrumb","itemListElement":[{"@type":"ListItem","position":1,"name":"Po\u010detna stranica","item":"https:\/\/radioljubuski.ba\/"},{"@type":"ListItem","position":2,"name":"Hrgovi\u0107u opet propao veliki me\u010d"}]},{"@type":"WebSite","@id":"https:\/\/radioljubuski.ba\/#website","url":"https:\/\/radioljubuski.ba\/","name":"Radio Ljubu\u0161ki","description":"Sun\u010dana frekvencija Hercegovine","publisher":{"@id":"https:\/\/radioljubuski.ba\/#organization"},"potentialAction":[{"@type":"SearchAction","target":{"@type":"EntryPoint","urlTemplate":"https:\/\/radioljubuski.ba\/?s={search_term_string}"},"query-input":{"@type":"PropertyValueSpecification","valueRequired":true,"valueName":"search_term_string"}}],"inLanguage":"hr"},{"@type":"Organization","@id":"https:\/\/radioljubuski.ba\/#organization","name":"Radio Ljubu\u0161ki","url":"https:\/\/radioljubuski.ba\/","logo":{"@type":"ImageObject","inLanguage":"hr","@id":"https:\/\/radioljubuski.ba\/#\/schema\/logo\/image\/","url":"https:\/\/radioljubuski.ba\/wp-content\/uploads\/2021\/02\/cropped-Radio_Ljubuski_logo1.jpg","contentUrl":"https:\/\/radioljubuski.ba\/wp-content\/uploads\/2021\/02\/cropped-Radio_Ljubuski_logo1.jpg","width":512,"height":512,"caption":"Radio Ljubu\u0161ki"},"image":{"@id":"https:\/\/radioljubuski.ba\/#\/schema\/logo\/image\/"},"sameAs":["https:\/\/www.facebook.com\/Radiio-Ljubuski-1490835324566332","https:\/\/x.com\/radioljubuski","https:\/\/hr.linkedin.com\/company\/radio-ljubuski","https:\/\/www.youtube.com\/channel\/UCHYaeO_n0Db3tjNGudGpXyw"]},{"@type":"Person","@id":"https:\/\/radioljubuski.ba\/#\/schema\/person\/19fc700381a780f69665d7956c469e3b","name":"Radio Ljubu\u0161ki"}]}},"_links":{"self":[{"href":"https:\/\/radioljubuski.ba\/index.php\/wp-json\/wp\/v2\/posts\/84061","targetHints":{"allow":["GET"]}}],"collection":[{"href":"https:\/\/radioljubuski.ba\/index.php\/wp-json\/wp\/v2\/posts"}],"about":[{"href":"https:\/\/radioljubuski.ba\/index.php\/wp-json\/wp\/v2\/types\/post"}],"author":[{"embeddable":true,"href":"https:\/\/radioljubuski.ba\/index.php\/wp-json\/wp\/v2\/users\/2"}],"replies":[{"embeddable":true,"href":"https:\/\/radioljubuski.ba\/index.php\/wp-json\/wp\/v2\/comments?post=84061"}],"version-history":[{"count":1,"href":"https:\/\/radioljubuski.ba\/index.php\/wp-json\/wp\/v2\/posts\/84061\/revisions"}],"predecessor-version":[{"id":84063,"href":"https:\/\/radioljubuski.ba\/index.php\/wp-json\/wp\/v2\/posts\/84061\/revisions\/84063"}],"wp:featuredmedia":[{"embeddable":true,"href":"https:\/\/radioljubuski.ba\/index.php\/wp-json\/wp\/v2\/media\/84062"}],"wp:attachment":[{"href":"https:\/\/radioljubuski.ba\/index.php\/wp-json\/wp\/v2\/media?parent=84061"}],"wp:term":[{"taxonomy":"category","embeddable":true,"href":"https:\/\/radioljubuski.ba\/index.php\/wp-json\/wp\/v2\/categories?post=84061"},{"taxonomy":"post_tag","embeddable":true,"href":"https:\/\/radioljubuski.ba\/index.php\/wp-json\/wp\/v2\/tags?post=84061"}],"curies":[{"name":"wp","href":"https:\/\/api.w.org\/{rel}","templated":true}]}}