{"id":84072,"date":"2021-11-02T23:44:21","date_gmt":"2021-11-02T22:44:21","guid":{"rendered":"https:\/\/radioljubuski.ba\/?p=84072"},"modified":"2021-11-02T23:44:21","modified_gmt":"2021-11-02T22:44:21","slug":"kineski-hokejasi-ipak-ce-nastupiti-na-igrama-u-pekingu","status":"publish","type":"post","link":"https:\/\/radioljubuski.ba\/index.php\/2021\/11\/02\/kineski-hokejasi-ipak-ce-nastupiti-na-igrama-u-pekingu\/","title":{"rendered":"Kineski hokeja\u0161i ipak \u0107e nastupiti na Igrama u Pekingu"},"content":{"rendered":"\n<p><strong>Kineska mu\u0161ka reprezentacija u hokeju na ledu ne\u0107e biti uklonjena s turnira na Zimskim olimpijskim igrama sljede\u0107e godine u Pekingu, priop\u0107ila je u utorak Me\u0111unarodna hokeja\u0161ka federacija (IIHF).<\/strong><\/p>\n\n\n\n<p>Kini je zajam\u010deno mjesto na turniru u hokeju na ledu zbog statusa zemlje doma\u0107ina, ali predsjednik IIHF-a&nbsp;<strong>Luc Tardif<\/strong>&nbsp;rekao je u rujnu da bi mu\u0161ka reprezentacija mogla biti izba\u010dena s turnira zbog &#8220;nedovoljne sportske kvalitete&#8221;.<br><br>Tardif je u rujnu tako\u0111er izrazio zabrinutost da bi uvjerljivi porazi kineskih hokja\u0161a na ZOI-ju u Pekingu mogli negativno utjecati na turnir i hokej na ledu op\u0107enito. Me\u0111utim, sada je promijenio mi\u0161ljenje.<\/p>\n\n\n\n<p>&#8211; Da budemo jasni, IIHF ne\u0107e ukloniti kinesku reprezentaciju s Olimpijskih igara. Status mu\u0161ke reprezentacije kao doma\u0107ina olimpijskog turnira u hokeju na ledu potvrdio je Kongres i ostaje nepromijenjen, rekao je na sastanku Vije\u0107a IIHF-a u Z\u00fcrichu.<br><br>IIHF je u priop\u0107enju dodao kako sura\u0111uje s Kineskim savezom hokeja na ledu na organizaciji dvije utakmice kineske reprezentacije. Kineski reprezentativci natjecat \u0107e se kao dio ekipe HC Kunlun Red Star na dvije utakmice KHL lige, nakon \u010dega \u0107e se Vije\u0107e IIHF-a ponovo sastati kako bi raspravljalo o sljede\u0107im koracima.<br><br>HC Kunlun Red Star se natje\u010de u KHL ligi od 2016. godine, a u svojim redovima ima svega \u0161est kineskih hokeja\u0161a.<\/p>\n\n\n\n<p>Izvor:hrt.hr<\/p>\n","protected":false},"excerpt":{"rendered":"<p>Kineska mu\u0161ka reprezentacija u hokeju na ledu ne\u0107e biti uklonjena s turnira na Zimskim olimpijskim igrama sljede\u0107e godine u Pekingu, priop\u0107ila je u utorak Me\u0111unarodna hokeja\u0161ka federacija (IIHF). Kini je zajam\u010deno mjesto na turniru u hokeju na ledu zbog statusa zemlje doma\u0107ina, ali predsjednik IIHF-a&nbsp;Luc Tardif&nbsp;rekao je u rujnu da bi mu\u0161ka reprezentacija mogla biti [&hellip;]<\/p>\n","protected":false},"author":2,"featured_media":84073,"comment_status":"closed","ping_status":"closed","sticky":false,"template":"","format":"standard","meta":{"h5ap_radio_sources":[],"footnotes":""},"categories":[7],"tags":[],"class_list":["post-84072","post","type-post","status-publish","format-standard","has-post-thumbnail","hentry","category-sport"],"yoast_head":"<!-- This site is optimized with the Yoast SEO plugin v27.5 - https:\/\/yoast.com\/product\/yoast-seo-wordpress\/ -->\n<title>Kineski hokeja\u0161i ipak \u0107e nastupiti na Igrama u Pekingu - RADIO LJUBU\u0160KI<\/title>\n<meta name=\"robots\" content=\"index, follow, max-snippet:-1, max-image-preview:large, max-video-preview:-1\" \/>\n<link rel=\"canonical\" href=\"https:\/\/radioljubuski.ba\/index.php\/2021\/11\/02\/kineski-hokejasi-ipak-ce-nastupiti-na-igrama-u-pekingu\/\" \/>\n<meta property=\"og:locale\" content=\"hr_HR\" \/>\n<meta property=\"og:type\" content=\"article\" \/>\n<meta property=\"og:title\" content=\"Kineski hokeja\u0161i ipak \u0107e nastupiti na Igrama u Pekingu - RADIO LJUBU\u0160KI\" \/>\n<meta property=\"og:description\" content=\"Kineska mu\u0161ka reprezentacija u hokeju na ledu ne\u0107e biti uklonjena s turnira na Zimskim olimpijskim igrama sljede\u0107e godine u Pekingu, priop\u0107ila je u utorak Me\u0111unarodna hokeja\u0161ka federacija (IIHF). Kini je zajam\u010deno mjesto na turniru u hokeju na ledu zbog statusa zemlje doma\u0107ina, ali predsjednik IIHF-a&nbsp;Luc Tardif&nbsp;rekao je u rujnu da bi mu\u0161ka reprezentacija mogla biti [&hellip;]\" \/>\n<meta property=\"og:url\" content=\"https:\/\/radioljubuski.ba\/index.php\/2021\/11\/02\/kineski-hokejasi-ipak-ce-nastupiti-na-igrama-u-pekingu\/\" \/>\n<meta property=\"og:site_name\" content=\"RADIO LJUBU\u0160KI\" \/>\n<meta property=\"article:publisher\" content=\"https:\/\/www.facebook.com\/Radiio-Ljubuski-1490835324566332\" \/>\n<meta property=\"article:published_time\" content=\"2021-11-02T22:44:21+00:00\" \/>\n<meta property=\"og:image\" content=\"https:\/\/radioljubuski.ba\/wp-content\/uploads\/2021\/11\/preuzmi-8.jpg\" \/>\n\t<meta property=\"og:image:width\" content=\"275\" \/>\n\t<meta property=\"og:image:height\" content=\"183\" \/>\n\t<meta property=\"og:image:type\" content=\"image\/jpeg\" \/>\n<meta name=\"author\" content=\"Radio Ljubu\u0161ki\" \/>\n<meta name=\"twitter:card\" content=\"summary_large_image\" \/>\n<meta name=\"twitter:creator\" content=\"@radioljubuski\" \/>\n<meta name=\"twitter:site\" content=\"@radioljubuski\" \/>\n<meta name=\"twitter:label1\" content=\"Napisao\/la\" \/>\n\t<meta name=\"twitter:data1\" content=\"Radio Ljubu\u0161ki\" \/>\n\t<meta name=\"twitter:label2\" content=\"Procijenjeno vrijeme \u010ditanja\" \/>\n\t<meta name=\"twitter:data2\" content=\"1 minuta\" \/>\n<script type=\"application\/ld+json\" class=\"yoast-schema-graph\">{\"@context\":\"https:\\\/\\\/schema.org\",\"@graph\":[{\"@type\":\"Article\",\"@id\":\"https:\\\/\\\/radioljubuski.ba\\\/index.php\\\/2021\\\/11\\\/02\\\/kineski-hokejasi-ipak-ce-nastupiti-na-igrama-u-pekingu\\\/#article\",\"isPartOf\":{\"@id\":\"https:\\\/\\\/radioljubuski.ba\\\/index.php\\\/2021\\\/11\\\/02\\\/kineski-hokejasi-ipak-ce-nastupiti-na-igrama-u-pekingu\\\/\"},\"author\":{\"name\":\"Radio Ljubu\u0161ki\",\"@id\":\"https:\\\/\\\/radioljubuski.ba\\\/#\\\/schema\\\/person\\\/19fc700381a780f69665d7956c469e3b\"},\"headline\":\"Kineski hokeja\u0161i ipak \u0107e nastupiti na Igrama u Pekingu\",\"datePublished\":\"2021-11-02T22:44:21+00:00\",\"mainEntityOfPage\":{\"@id\":\"https:\\\/\\\/radioljubuski.ba\\\/index.php\\\/2021\\\/11\\\/02\\\/kineski-hokejasi-ipak-ce-nastupiti-na-igrama-u-pekingu\\\/\"},\"wordCount\":244,\"publisher\":{\"@id\":\"https:\\\/\\\/radioljubuski.ba\\\/#organization\"},\"image\":{\"@id\":\"https:\\\/\\\/radioljubuski.ba\\\/index.php\\\/2021\\\/11\\\/02\\\/kineski-hokejasi-ipak-ce-nastupiti-na-igrama-u-pekingu\\\/#primaryimage\"},\"thumbnailUrl\":\"https:\\\/\\\/radioljubuski.ba\\\/wp-content\\\/uploads\\\/2021\\\/11\\\/preuzmi-8.jpg\",\"articleSection\":[\"\u0160port\"],\"inLanguage\":\"hr\"},{\"@type\":\"WebPage\",\"@id\":\"https:\\\/\\\/radioljubuski.ba\\\/index.php\\\/2021\\\/11\\\/02\\\/kineski-hokejasi-ipak-ce-nastupiti-na-igrama-u-pekingu\\\/\",\"url\":\"https:\\\/\\\/radioljubuski.ba\\\/index.php\\\/2021\\\/11\\\/02\\\/kineski-hokejasi-ipak-ce-nastupiti-na-igrama-u-pekingu\\\/\",\"name\":\"Kineski hokeja\u0161i ipak \u0107e nastupiti na Igrama u Pekingu - RADIO LJUBU\u0160KI\",\"isPartOf\":{\"@id\":\"https:\\\/\\\/radioljubuski.ba\\\/#website\"},\"primaryImageOfPage\":{\"@id\":\"https:\\\/\\\/radioljubuski.ba\\\/index.php\\\/2021\\\/11\\\/02\\\/kineski-hokejasi-ipak-ce-nastupiti-na-igrama-u-pekingu\\\/#primaryimage\"},\"image\":{\"@id\":\"https:\\\/\\\/radioljubuski.ba\\\/index.php\\\/2021\\\/11\\\/02\\\/kineski-hokejasi-ipak-ce-nastupiti-na-igrama-u-pekingu\\\/#primaryimage\"},\"thumbnailUrl\":\"https:\\\/\\\/radioljubuski.ba\\\/wp-content\\\/uploads\\\/2021\\\/11\\\/preuzmi-8.jpg\",\"datePublished\":\"2021-11-02T22:44:21+00:00\",\"breadcrumb\":{\"@id\":\"https:\\\/\\\/radioljubuski.ba\\\/index.php\\\/2021\\\/11\\\/02\\\/kineski-hokejasi-ipak-ce-nastupiti-na-igrama-u-pekingu\\\/#breadcrumb\"},\"inLanguage\":\"hr\",\"potentialAction\":[{\"@type\":\"ReadAction\",\"target\":[\"https:\\\/\\\/radioljubuski.ba\\\/index.php\\\/2021\\\/11\\\/02\\\/kineski-hokejasi-ipak-ce-nastupiti-na-igrama-u-pekingu\\\/\"]}]},{\"@type\":\"ImageObject\",\"inLanguage\":\"hr\",\"@id\":\"https:\\\/\\\/radioljubuski.ba\\\/index.php\\\/2021\\\/11\\\/02\\\/kineski-hokejasi-ipak-ce-nastupiti-na-igrama-u-pekingu\\\/#primaryimage\",\"url\":\"https:\\\/\\\/radioljubuski.ba\\\/wp-content\\\/uploads\\\/2021\\\/11\\\/preuzmi-8.jpg\",\"contentUrl\":\"https:\\\/\\\/radioljubuski.ba\\\/wp-content\\\/uploads\\\/2021\\\/11\\\/preuzmi-8.jpg\",\"width\":275,\"height\":183},{\"@type\":\"BreadcrumbList\",\"@id\":\"https:\\\/\\\/radioljubuski.ba\\\/index.php\\\/2021\\\/11\\\/02\\\/kineski-hokejasi-ipak-ce-nastupiti-na-igrama-u-pekingu\\\/#breadcrumb\",\"itemListElement\":[{\"@type\":\"ListItem\",\"position\":1,\"name\":\"Po\u010detna stranica\",\"item\":\"https:\\\/\\\/radioljubuski.ba\\\/\"},{\"@type\":\"ListItem\",\"position\":2,\"name\":\"Kineski hokeja\u0161i ipak \u0107e nastupiti na Igrama u Pekingu\"}]},{\"@type\":\"WebSite\",\"@id\":\"https:\\\/\\\/radioljubuski.ba\\\/#website\",\"url\":\"https:\\\/\\\/radioljubuski.ba\\\/\",\"name\":\"Radio Ljubu\u0161ki\",\"description\":\"Sun\u010dana frekvencija Hercegovine\",\"publisher\":{\"@id\":\"https:\\\/\\\/radioljubuski.ba\\\/#organization\"},\"potentialAction\":[{\"@type\":\"SearchAction\",\"target\":{\"@type\":\"EntryPoint\",\"urlTemplate\":\"https:\\\/\\\/radioljubuski.ba\\\/?s={search_term_string}\"},\"query-input\":{\"@type\":\"PropertyValueSpecification\",\"valueRequired\":true,\"valueName\":\"search_term_string\"}}],\"inLanguage\":\"hr\"},{\"@type\":\"Organization\",\"@id\":\"https:\\\/\\\/radioljubuski.ba\\\/#organization\",\"name\":\"Radio Ljubu\u0161ki\",\"url\":\"https:\\\/\\\/radioljubuski.ba\\\/\",\"logo\":{\"@type\":\"ImageObject\",\"inLanguage\":\"hr\",\"@id\":\"https:\\\/\\\/radioljubuski.ba\\\/#\\\/schema\\\/logo\\\/image\\\/\",\"url\":\"https:\\\/\\\/radioljubuski.ba\\\/wp-content\\\/uploads\\\/2021\\\/02\\\/cropped-Radio_Ljubuski_logo1.jpg\",\"contentUrl\":\"https:\\\/\\\/radioljubuski.ba\\\/wp-content\\\/uploads\\\/2021\\\/02\\\/cropped-Radio_Ljubuski_logo1.jpg\",\"width\":512,\"height\":512,\"caption\":\"Radio Ljubu\u0161ki\"},\"image\":{\"@id\":\"https:\\\/\\\/radioljubuski.ba\\\/#\\\/schema\\\/logo\\\/image\\\/\"},\"sameAs\":[\"https:\\\/\\\/www.facebook.com\\\/Radiio-Ljubuski-1490835324566332\",\"https:\\\/\\\/x.com\\\/radioljubuski\",\"https:\\\/\\\/hr.linkedin.com\\\/company\\\/radio-ljubuski\",\"https:\\\/\\\/www.youtube.com\\\/channel\\\/UCHYaeO_n0Db3tjNGudGpXyw\"]},{\"@type\":\"Person\",\"@id\":\"https:\\\/\\\/radioljubuski.ba\\\/#\\\/schema\\\/person\\\/19fc700381a780f69665d7956c469e3b\",\"name\":\"Radio Ljubu\u0161ki\"}]}<\/script>\n<!-- \/ Yoast SEO plugin. -->","yoast_head_json":{"title":"Kineski hokeja\u0161i ipak \u0107e nastupiti na Igrama u Pekingu - RADIO LJUBU\u0160KI","robots":{"index":"index","follow":"follow","max-snippet":"max-snippet:-1","max-image-preview":"max-image-preview:large","max-video-preview":"max-video-preview:-1"},"canonical":"https:\/\/radioljubuski.ba\/index.php\/2021\/11\/02\/kineski-hokejasi-ipak-ce-nastupiti-na-igrama-u-pekingu\/","og_locale":"hr_HR","og_type":"article","og_title":"Kineski hokeja\u0161i ipak \u0107e nastupiti na Igrama u Pekingu - RADIO LJUBU\u0160KI","og_description":"Kineska mu\u0161ka reprezentacija u hokeju na ledu ne\u0107e biti uklonjena s turnira na Zimskim olimpijskim igrama sljede\u0107e godine u Pekingu, priop\u0107ila je u utorak Me\u0111unarodna hokeja\u0161ka federacija (IIHF). Kini je zajam\u010deno mjesto na turniru u hokeju na ledu zbog statusa zemlje doma\u0107ina, ali predsjednik IIHF-a&nbsp;Luc Tardif&nbsp;rekao je u rujnu da bi mu\u0161ka reprezentacija mogla biti [&hellip;]","og_url":"https:\/\/radioljubuski.ba\/index.php\/2021\/11\/02\/kineski-hokejasi-ipak-ce-nastupiti-na-igrama-u-pekingu\/","og_site_name":"RADIO LJUBU\u0160KI","article_publisher":"https:\/\/www.facebook.com\/Radiio-Ljubuski-1490835324566332","article_published_time":"2021-11-02T22:44:21+00:00","og_image":[{"width":275,"height":183,"url":"https:\/\/radioljubuski.ba\/wp-content\/uploads\/2021\/11\/preuzmi-8.jpg","type":"image\/jpeg"}],"author":"Radio Ljubu\u0161ki","twitter_card":"summary_large_image","twitter_creator":"@radioljubuski","twitter_site":"@radioljubuski","twitter_misc":{"Napisao\/la":"Radio Ljubu\u0161ki","Procijenjeno vrijeme \u010ditanja":"1 minuta"},"schema":{"@context":"https:\/\/schema.org","@graph":[{"@type":"Article","@id":"https:\/\/radioljubuski.ba\/index.php\/2021\/11\/02\/kineski-hokejasi-ipak-ce-nastupiti-na-igrama-u-pekingu\/#article","isPartOf":{"@id":"https:\/\/radioljubuski.ba\/index.php\/2021\/11\/02\/kineski-hokejasi-ipak-ce-nastupiti-na-igrama-u-pekingu\/"},"author":{"name":"Radio Ljubu\u0161ki","@id":"https:\/\/radioljubuski.ba\/#\/schema\/person\/19fc700381a780f69665d7956c469e3b"},"headline":"Kineski hokeja\u0161i ipak \u0107e nastupiti na Igrama u Pekingu","datePublished":"2021-11-02T22:44:21+00:00","mainEntityOfPage":{"@id":"https:\/\/radioljubuski.ba\/index.php\/2021\/11\/02\/kineski-hokejasi-ipak-ce-nastupiti-na-igrama-u-pekingu\/"},"wordCount":244,"publisher":{"@id":"https:\/\/radioljubuski.ba\/#organization"},"image":{"@id":"https:\/\/radioljubuski.ba\/index.php\/2021\/11\/02\/kineski-hokejasi-ipak-ce-nastupiti-na-igrama-u-pekingu\/#primaryimage"},"thumbnailUrl":"https:\/\/radioljubuski.ba\/wp-content\/uploads\/2021\/11\/preuzmi-8.jpg","articleSection":["\u0160port"],"inLanguage":"hr"},{"@type":"WebPage","@id":"https:\/\/radioljubuski.ba\/index.php\/2021\/11\/02\/kineski-hokejasi-ipak-ce-nastupiti-na-igrama-u-pekingu\/","url":"https:\/\/radioljubuski.ba\/index.php\/2021\/11\/02\/kineski-hokejasi-ipak-ce-nastupiti-na-igrama-u-pekingu\/","name":"Kineski hokeja\u0161i ipak \u0107e nastupiti na Igrama u Pekingu - RADIO LJUBU\u0160KI","isPartOf":{"@id":"https:\/\/radioljubuski.ba\/#website"},"primaryImageOfPage":{"@id":"https:\/\/radioljubuski.ba\/index.php\/2021\/11\/02\/kineski-hokejasi-ipak-ce-nastupiti-na-igrama-u-pekingu\/#primaryimage"},"image":{"@id":"https:\/\/radioljubuski.ba\/index.php\/2021\/11\/02\/kineski-hokejasi-ipak-ce-nastupiti-na-igrama-u-pekingu\/#primaryimage"},"thumbnailUrl":"https:\/\/radioljubuski.ba\/wp-content\/uploads\/2021\/11\/preuzmi-8.jpg","datePublished":"2021-11-02T22:44:21+00:00","breadcrumb":{"@id":"https:\/\/radioljubuski.ba\/index.php\/2021\/11\/02\/kineski-hokejasi-ipak-ce-nastupiti-na-igrama-u-pekingu\/#breadcrumb"},"inLanguage":"hr","potentialAction":[{"@type":"ReadAction","target":["https:\/\/radioljubuski.ba\/index.php\/2021\/11\/02\/kineski-hokejasi-ipak-ce-nastupiti-na-igrama-u-pekingu\/"]}]},{"@type":"ImageObject","inLanguage":"hr","@id":"https:\/\/radioljubuski.ba\/index.php\/2021\/11\/02\/kineski-hokejasi-ipak-ce-nastupiti-na-igrama-u-pekingu\/#primaryimage","url":"https:\/\/radioljubuski.ba\/wp-content\/uploads\/2021\/11\/preuzmi-8.jpg","contentUrl":"https:\/\/radioljubuski.ba\/wp-content\/uploads\/2021\/11\/preuzmi-8.jpg","width":275,"height":183},{"@type":"BreadcrumbList","@id":"https:\/\/radioljubuski.ba\/index.php\/2021\/11\/02\/kineski-hokejasi-ipak-ce-nastupiti-na-igrama-u-pekingu\/#breadcrumb","itemListElement":[{"@type":"ListItem","position":1,"name":"Po\u010detna stranica","item":"https:\/\/radioljubuski.ba\/"},{"@type":"ListItem","position":2,"name":"Kineski hokeja\u0161i ipak \u0107e nastupiti na Igrama u Pekingu"}]},{"@type":"WebSite","@id":"https:\/\/radioljubuski.ba\/#website","url":"https:\/\/radioljubuski.ba\/","name":"Radio Ljubu\u0161ki","description":"Sun\u010dana frekvencija Hercegovine","publisher":{"@id":"https:\/\/radioljubuski.ba\/#organization"},"potentialAction":[{"@type":"SearchAction","target":{"@type":"EntryPoint","urlTemplate":"https:\/\/radioljubuski.ba\/?s={search_term_string}"},"query-input":{"@type":"PropertyValueSpecification","valueRequired":true,"valueName":"search_term_string"}}],"inLanguage":"hr"},{"@type":"Organization","@id":"https:\/\/radioljubuski.ba\/#organization","name":"Radio Ljubu\u0161ki","url":"https:\/\/radioljubuski.ba\/","logo":{"@type":"ImageObject","inLanguage":"hr","@id":"https:\/\/radioljubuski.ba\/#\/schema\/logo\/image\/","url":"https:\/\/radioljubuski.ba\/wp-content\/uploads\/2021\/02\/cropped-Radio_Ljubuski_logo1.jpg","contentUrl":"https:\/\/radioljubuski.ba\/wp-content\/uploads\/2021\/02\/cropped-Radio_Ljubuski_logo1.jpg","width":512,"height":512,"caption":"Radio Ljubu\u0161ki"},"image":{"@id":"https:\/\/radioljubuski.ba\/#\/schema\/logo\/image\/"},"sameAs":["https:\/\/www.facebook.com\/Radiio-Ljubuski-1490835324566332","https:\/\/x.com\/radioljubuski","https:\/\/hr.linkedin.com\/company\/radio-ljubuski","https:\/\/www.youtube.com\/channel\/UCHYaeO_n0Db3tjNGudGpXyw"]},{"@type":"Person","@id":"https:\/\/radioljubuski.ba\/#\/schema\/person\/19fc700381a780f69665d7956c469e3b","name":"Radio Ljubu\u0161ki"}]}},"_links":{"self":[{"href":"https:\/\/radioljubuski.ba\/index.php\/wp-json\/wp\/v2\/posts\/84072","targetHints":{"allow":["GET"]}}],"collection":[{"href":"https:\/\/radioljubuski.ba\/index.php\/wp-json\/wp\/v2\/posts"}],"about":[{"href":"https:\/\/radioljubuski.ba\/index.php\/wp-json\/wp\/v2\/types\/post"}],"author":[{"embeddable":true,"href":"https:\/\/radioljubuski.ba\/index.php\/wp-json\/wp\/v2\/users\/2"}],"replies":[{"embeddable":true,"href":"https:\/\/radioljubuski.ba\/index.php\/wp-json\/wp\/v2\/comments?post=84072"}],"version-history":[{"count":1,"href":"https:\/\/radioljubuski.ba\/index.php\/wp-json\/wp\/v2\/posts\/84072\/revisions"}],"predecessor-version":[{"id":84074,"href":"https:\/\/radioljubuski.ba\/index.php\/wp-json\/wp\/v2\/posts\/84072\/revisions\/84074"}],"wp:featuredmedia":[{"embeddable":true,"href":"https:\/\/radioljubuski.ba\/index.php\/wp-json\/wp\/v2\/media\/84073"}],"wp:attachment":[{"href":"https:\/\/radioljubuski.ba\/index.php\/wp-json\/wp\/v2\/media?parent=84072"}],"wp:term":[{"taxonomy":"category","embeddable":true,"href":"https:\/\/radioljubuski.ba\/index.php\/wp-json\/wp\/v2\/categories?post=84072"},{"taxonomy":"post_tag","embeddable":true,"href":"https:\/\/radioljubuski.ba\/index.php\/wp-json\/wp\/v2\/tags?post=84072"}],"curies":[{"name":"wp","href":"https:\/\/api.w.org\/{rel}","templated":true}]}}