{"id":84078,"date":"2021-11-02T23:47:16","date_gmt":"2021-11-02T22:47:16","guid":{"rendered":"https:\/\/radioljubuski.ba\/?p=84078"},"modified":"2021-11-02T23:47:17","modified_gmt":"2021-11-02T22:47:17","slug":"marquez-pao-na-treningu-propusta-utrku-u-portugalu","status":"publish","type":"post","link":"https:\/\/radioljubuski.ba\/index.php\/2021\/11\/02\/marquez-pao-na-treningu-propusta-utrku-u-portugalu\/","title":{"rendered":"Marquez pao na treningu, propu\u0161ta utrku u Portugalu"},"content":{"rendered":"\n<p><strong>Biv\u0161i svjetski prvak u motociklizmu \u0160panjolac Marc Marquez (28) na Hondi propustit \u0107e nadolaze\u0107u Veliku nagradu Algarvea u klasi MotoGP nakon \u0161to je pao na treningu i zadobio potres mozga.<\/strong><\/p>\n\n\n\n<p>Sre\u0107om, radi se o lak\u0161em potresu mozga, no biv\u0161i \u0161esterostruki svjetski prvak ipak ne\u0107e biti spreman za utrku u Portimau.<br><br>&#8211; Marqueza su pregledali lije\u010dnici kako bi procijenili njegovo trenuta\u010dno stanje. Premda je bio nekoliko dana kod ku\u0107e, jo\u0161 uvijek nije dobro, poru\u010dili su iz Honde.<br><br>&#8211; Iz predostro\u017enosti Marquez se ovog vikenda ne\u0107e boriti za Veliku nagradu Algarvea, dodali su.<\/p>\n\n\n\n<blockquote class=\"twitter-tweet\"><p lang=\"en\" dir=\"ltr\">This Saturday while I was training off-road preparing for the next round I suffered a crash that caused a slight head concussion. After a few days of rest and seeing that it was still unwell, today I had a medical check-up. As a precautionary measure I&#39;ll not race the Algarve GP. <a href=\"https:\/\/t.co\/tTQsTxf82R\">pic.twitter.com\/tTQsTxf82R<\/a><\/p>&mdash; Marc M\u00e1rquez (@marcmarquez93) <a href=\"https:\/\/twitter.com\/marcmarquez93\/status\/1455585137828245504?ref_src=twsrc%5Etfw\">November 2, 2021<\/a><\/blockquote> <script async src=\"https:\/\/platform.twitter.com\/widgets.js\" charset=\"utf-8\"><\/script>\n\n\n\n<p>Marquez je dobio zadnje dvije utrke, u Austinu i Misanu, a trenuta\u010dno je \u0161esti u poretku klase MotoGP.&nbsp;Dvije utrke prije kraja sezone naslov svjetskog prvaka u ovoj klasi osigurao je Francuz&nbsp;<strong>Fabio Quartararo<\/strong>&nbsp;koji ima nedosti\u017enih 65 bodova vi\u0161e od drugoplasiranog Talijana&nbsp;<strong>Francesca Bagnaiaje<\/strong>.&nbsp;<br><br>Idu\u0107a utrka na rasporedu je u portugalskom Algarveu 7. studenoga, a sezona zavr\u0161ava dva tjedna kasnije u Valenciji.<\/p>\n\n\n\n<p>Izvor:hrt.hr<\/p>\n","protected":false},"excerpt":{"rendered":"<p>Biv\u0161i svjetski prvak u motociklizmu \u0160panjolac Marc Marquez (28) na Hondi propustit \u0107e nadolaze\u0107u Veliku nagradu Algarvea u klasi MotoGP nakon \u0161to je pao na treningu i zadobio potres mozga. Sre\u0107om, radi se o lak\u0161em potresu mozga, no biv\u0161i \u0161esterostruki svjetski prvak ipak ne\u0107e biti spreman za utrku u Portimau. &#8211; Marqueza su pregledali lije\u010dnici [&hellip;]<\/p>\n","protected":false},"author":2,"featured_media":84079,"comment_status":"closed","ping_status":"closed","sticky":false,"template":"","format":"standard","meta":{"h5ap_radio_sources":[],"footnotes":""},"categories":[7],"tags":[],"class_list":["post-84078","post","type-post","status-publish","format-standard","has-post-thumbnail","hentry","category-sport"],"yoast_head":"<!-- This site is optimized with the Yoast SEO plugin v27.5 - https:\/\/yoast.com\/product\/yoast-seo-wordpress\/ -->\n<title>Marquez pao na treningu, propu\u0161ta utrku u Portugalu - RADIO LJUBU\u0160KI<\/title>\n<meta name=\"robots\" content=\"index, follow, max-snippet:-1, max-image-preview:large, max-video-preview:-1\" \/>\n<link rel=\"canonical\" href=\"https:\/\/radioljubuski.ba\/index.php\/2021\/11\/02\/marquez-pao-na-treningu-propusta-utrku-u-portugalu\/\" \/>\n<meta property=\"og:locale\" content=\"hr_HR\" \/>\n<meta property=\"og:type\" content=\"article\" \/>\n<meta property=\"og:title\" content=\"Marquez pao na treningu, propu\u0161ta utrku u Portugalu - RADIO LJUBU\u0160KI\" \/>\n<meta property=\"og:description\" content=\"Biv\u0161i svjetski prvak u motociklizmu \u0160panjolac Marc Marquez (28) na Hondi propustit \u0107e nadolaze\u0107u Veliku nagradu Algarvea u klasi MotoGP nakon \u0161to je pao na treningu i zadobio potres mozga. Sre\u0107om, radi se o lak\u0161em potresu mozga, no biv\u0161i \u0161esterostruki svjetski prvak ipak ne\u0107e biti spreman za utrku u Portimau. &#8211; Marqueza su pregledali lije\u010dnici [&hellip;]\" \/>\n<meta property=\"og:url\" content=\"https:\/\/radioljubuski.ba\/index.php\/2021\/11\/02\/marquez-pao-na-treningu-propusta-utrku-u-portugalu\/\" \/>\n<meta property=\"og:site_name\" content=\"RADIO LJUBU\u0160KI\" \/>\n<meta property=\"article:publisher\" content=\"https:\/\/www.facebook.com\/Radiio-Ljubuski-1490835324566332\" \/>\n<meta property=\"article:published_time\" content=\"2021-11-02T22:47:16+00:00\" \/>\n<meta property=\"article:modified_time\" content=\"2021-11-02T22:47:17+00:00\" \/>\n<meta property=\"og:image\" content=\"https:\/\/radioljubuski.ba\/wp-content\/uploads\/2021\/11\/marquez-marc-20211102205857.jpg\" \/>\n\t<meta property=\"og:image:width\" content=\"2292\" \/>\n\t<meta property=\"og:image:height\" content=\"1356\" \/>\n\t<meta property=\"og:image:type\" content=\"image\/jpeg\" \/>\n<meta name=\"author\" content=\"Radio Ljubu\u0161ki\" \/>\n<meta name=\"twitter:card\" content=\"summary_large_image\" \/>\n<meta name=\"twitter:creator\" content=\"@radioljubuski\" \/>\n<meta name=\"twitter:site\" content=\"@radioljubuski\" \/>\n<meta name=\"twitter:label1\" content=\"Napisao\/la\" \/>\n\t<meta name=\"twitter:data1\" content=\"Radio Ljubu\u0161ki\" \/>\n\t<meta name=\"twitter:label2\" content=\"Procijenjeno vrijeme \u010ditanja\" \/>\n\t<meta name=\"twitter:data2\" content=\"1 minuta\" \/>\n<script type=\"application\/ld+json\" class=\"yoast-schema-graph\">{\"@context\":\"https:\\\/\\\/schema.org\",\"@graph\":[{\"@type\":\"Article\",\"@id\":\"https:\\\/\\\/radioljubuski.ba\\\/index.php\\\/2021\\\/11\\\/02\\\/marquez-pao-na-treningu-propusta-utrku-u-portugalu\\\/#article\",\"isPartOf\":{\"@id\":\"https:\\\/\\\/radioljubuski.ba\\\/index.php\\\/2021\\\/11\\\/02\\\/marquez-pao-na-treningu-propusta-utrku-u-portugalu\\\/\"},\"author\":{\"name\":\"Radio Ljubu\u0161ki\",\"@id\":\"https:\\\/\\\/radioljubuski.ba\\\/#\\\/schema\\\/person\\\/19fc700381a780f69665d7956c469e3b\"},\"headline\":\"Marquez pao na treningu, propu\u0161ta utrku u Portugalu\",\"datePublished\":\"2021-11-02T22:47:16+00:00\",\"dateModified\":\"2021-11-02T22:47:17+00:00\",\"mainEntityOfPage\":{\"@id\":\"https:\\\/\\\/radioljubuski.ba\\\/index.php\\\/2021\\\/11\\\/02\\\/marquez-pao-na-treningu-propusta-utrku-u-portugalu\\\/\"},\"wordCount\":248,\"publisher\":{\"@id\":\"https:\\\/\\\/radioljubuski.ba\\\/#organization\"},\"image\":{\"@id\":\"https:\\\/\\\/radioljubuski.ba\\\/index.php\\\/2021\\\/11\\\/02\\\/marquez-pao-na-treningu-propusta-utrku-u-portugalu\\\/#primaryimage\"},\"thumbnailUrl\":\"https:\\\/\\\/radioljubuski.ba\\\/wp-content\\\/uploads\\\/2021\\\/11\\\/marquez-marc-20211102205857.jpg\",\"articleSection\":[\"\u0160port\"],\"inLanguage\":\"hr\"},{\"@type\":\"WebPage\",\"@id\":\"https:\\\/\\\/radioljubuski.ba\\\/index.php\\\/2021\\\/11\\\/02\\\/marquez-pao-na-treningu-propusta-utrku-u-portugalu\\\/\",\"url\":\"https:\\\/\\\/radioljubuski.ba\\\/index.php\\\/2021\\\/11\\\/02\\\/marquez-pao-na-treningu-propusta-utrku-u-portugalu\\\/\",\"name\":\"Marquez pao na treningu, propu\u0161ta utrku u Portugalu - RADIO LJUBU\u0160KI\",\"isPartOf\":{\"@id\":\"https:\\\/\\\/radioljubuski.ba\\\/#website\"},\"primaryImageOfPage\":{\"@id\":\"https:\\\/\\\/radioljubuski.ba\\\/index.php\\\/2021\\\/11\\\/02\\\/marquez-pao-na-treningu-propusta-utrku-u-portugalu\\\/#primaryimage\"},\"image\":{\"@id\":\"https:\\\/\\\/radioljubuski.ba\\\/index.php\\\/2021\\\/11\\\/02\\\/marquez-pao-na-treningu-propusta-utrku-u-portugalu\\\/#primaryimage\"},\"thumbnailUrl\":\"https:\\\/\\\/radioljubuski.ba\\\/wp-content\\\/uploads\\\/2021\\\/11\\\/marquez-marc-20211102205857.jpg\",\"datePublished\":\"2021-11-02T22:47:16+00:00\",\"dateModified\":\"2021-11-02T22:47:17+00:00\",\"breadcrumb\":{\"@id\":\"https:\\\/\\\/radioljubuski.ba\\\/index.php\\\/2021\\\/11\\\/02\\\/marquez-pao-na-treningu-propusta-utrku-u-portugalu\\\/#breadcrumb\"},\"inLanguage\":\"hr\",\"potentialAction\":[{\"@type\":\"ReadAction\",\"target\":[\"https:\\\/\\\/radioljubuski.ba\\\/index.php\\\/2021\\\/11\\\/02\\\/marquez-pao-na-treningu-propusta-utrku-u-portugalu\\\/\"]}]},{\"@type\":\"ImageObject\",\"inLanguage\":\"hr\",\"@id\":\"https:\\\/\\\/radioljubuski.ba\\\/index.php\\\/2021\\\/11\\\/02\\\/marquez-pao-na-treningu-propusta-utrku-u-portugalu\\\/#primaryimage\",\"url\":\"https:\\\/\\\/radioljubuski.ba\\\/wp-content\\\/uploads\\\/2021\\\/11\\\/marquez-marc-20211102205857.jpg\",\"contentUrl\":\"https:\\\/\\\/radioljubuski.ba\\\/wp-content\\\/uploads\\\/2021\\\/11\\\/marquez-marc-20211102205857.jpg\",\"width\":2292,\"height\":1356},{\"@type\":\"BreadcrumbList\",\"@id\":\"https:\\\/\\\/radioljubuski.ba\\\/index.php\\\/2021\\\/11\\\/02\\\/marquez-pao-na-treningu-propusta-utrku-u-portugalu\\\/#breadcrumb\",\"itemListElement\":[{\"@type\":\"ListItem\",\"position\":1,\"name\":\"Po\u010detna stranica\",\"item\":\"https:\\\/\\\/radioljubuski.ba\\\/\"},{\"@type\":\"ListItem\",\"position\":2,\"name\":\"Marquez pao na treningu, propu\u0161ta utrku u Portugalu\"}]},{\"@type\":\"WebSite\",\"@id\":\"https:\\\/\\\/radioljubuski.ba\\\/#website\",\"url\":\"https:\\\/\\\/radioljubuski.ba\\\/\",\"name\":\"Radio Ljubu\u0161ki\",\"description\":\"Sun\u010dana frekvencija Hercegovine\",\"publisher\":{\"@id\":\"https:\\\/\\\/radioljubuski.ba\\\/#organization\"},\"potentialAction\":[{\"@type\":\"SearchAction\",\"target\":{\"@type\":\"EntryPoint\",\"urlTemplate\":\"https:\\\/\\\/radioljubuski.ba\\\/?s={search_term_string}\"},\"query-input\":{\"@type\":\"PropertyValueSpecification\",\"valueRequired\":true,\"valueName\":\"search_term_string\"}}],\"inLanguage\":\"hr\"},{\"@type\":\"Organization\",\"@id\":\"https:\\\/\\\/radioljubuski.ba\\\/#organization\",\"name\":\"Radio Ljubu\u0161ki\",\"url\":\"https:\\\/\\\/radioljubuski.ba\\\/\",\"logo\":{\"@type\":\"ImageObject\",\"inLanguage\":\"hr\",\"@id\":\"https:\\\/\\\/radioljubuski.ba\\\/#\\\/schema\\\/logo\\\/image\\\/\",\"url\":\"https:\\\/\\\/radioljubuski.ba\\\/wp-content\\\/uploads\\\/2021\\\/02\\\/cropped-Radio_Ljubuski_logo1.jpg\",\"contentUrl\":\"https:\\\/\\\/radioljubuski.ba\\\/wp-content\\\/uploads\\\/2021\\\/02\\\/cropped-Radio_Ljubuski_logo1.jpg\",\"width\":512,\"height\":512,\"caption\":\"Radio Ljubu\u0161ki\"},\"image\":{\"@id\":\"https:\\\/\\\/radioljubuski.ba\\\/#\\\/schema\\\/logo\\\/image\\\/\"},\"sameAs\":[\"https:\\\/\\\/www.facebook.com\\\/Radiio-Ljubuski-1490835324566332\",\"https:\\\/\\\/x.com\\\/radioljubuski\",\"https:\\\/\\\/hr.linkedin.com\\\/company\\\/radio-ljubuski\",\"https:\\\/\\\/www.youtube.com\\\/channel\\\/UCHYaeO_n0Db3tjNGudGpXyw\"]},{\"@type\":\"Person\",\"@id\":\"https:\\\/\\\/radioljubuski.ba\\\/#\\\/schema\\\/person\\\/19fc700381a780f69665d7956c469e3b\",\"name\":\"Radio Ljubu\u0161ki\"}]}<\/script>\n<!-- \/ Yoast SEO plugin. -->","yoast_head_json":{"title":"Marquez pao na treningu, propu\u0161ta utrku u Portugalu - RADIO LJUBU\u0160KI","robots":{"index":"index","follow":"follow","max-snippet":"max-snippet:-1","max-image-preview":"max-image-preview:large","max-video-preview":"max-video-preview:-1"},"canonical":"https:\/\/radioljubuski.ba\/index.php\/2021\/11\/02\/marquez-pao-na-treningu-propusta-utrku-u-portugalu\/","og_locale":"hr_HR","og_type":"article","og_title":"Marquez pao na treningu, propu\u0161ta utrku u Portugalu - RADIO LJUBU\u0160KI","og_description":"Biv\u0161i svjetski prvak u motociklizmu \u0160panjolac Marc Marquez (28) na Hondi propustit \u0107e nadolaze\u0107u Veliku nagradu Algarvea u klasi MotoGP nakon \u0161to je pao na treningu i zadobio potres mozga. Sre\u0107om, radi se o lak\u0161em potresu mozga, no biv\u0161i \u0161esterostruki svjetski prvak ipak ne\u0107e biti spreman za utrku u Portimau. &#8211; Marqueza su pregledali lije\u010dnici [&hellip;]","og_url":"https:\/\/radioljubuski.ba\/index.php\/2021\/11\/02\/marquez-pao-na-treningu-propusta-utrku-u-portugalu\/","og_site_name":"RADIO LJUBU\u0160KI","article_publisher":"https:\/\/www.facebook.com\/Radiio-Ljubuski-1490835324566332","article_published_time":"2021-11-02T22:47:16+00:00","article_modified_time":"2021-11-02T22:47:17+00:00","og_image":[{"width":2292,"height":1356,"url":"https:\/\/radioljubuski.ba\/wp-content\/uploads\/2021\/11\/marquez-marc-20211102205857.jpg","type":"image\/jpeg"}],"author":"Radio Ljubu\u0161ki","twitter_card":"summary_large_image","twitter_creator":"@radioljubuski","twitter_site":"@radioljubuski","twitter_misc":{"Napisao\/la":"Radio Ljubu\u0161ki","Procijenjeno vrijeme \u010ditanja":"1 minuta"},"schema":{"@context":"https:\/\/schema.org","@graph":[{"@type":"Article","@id":"https:\/\/radioljubuski.ba\/index.php\/2021\/11\/02\/marquez-pao-na-treningu-propusta-utrku-u-portugalu\/#article","isPartOf":{"@id":"https:\/\/radioljubuski.ba\/index.php\/2021\/11\/02\/marquez-pao-na-treningu-propusta-utrku-u-portugalu\/"},"author":{"name":"Radio Ljubu\u0161ki","@id":"https:\/\/radioljubuski.ba\/#\/schema\/person\/19fc700381a780f69665d7956c469e3b"},"headline":"Marquez pao na treningu, propu\u0161ta utrku u Portugalu","datePublished":"2021-11-02T22:47:16+00:00","dateModified":"2021-11-02T22:47:17+00:00","mainEntityOfPage":{"@id":"https:\/\/radioljubuski.ba\/index.php\/2021\/11\/02\/marquez-pao-na-treningu-propusta-utrku-u-portugalu\/"},"wordCount":248,"publisher":{"@id":"https:\/\/radioljubuski.ba\/#organization"},"image":{"@id":"https:\/\/radioljubuski.ba\/index.php\/2021\/11\/02\/marquez-pao-na-treningu-propusta-utrku-u-portugalu\/#primaryimage"},"thumbnailUrl":"https:\/\/radioljubuski.ba\/wp-content\/uploads\/2021\/11\/marquez-marc-20211102205857.jpg","articleSection":["\u0160port"],"inLanguage":"hr"},{"@type":"WebPage","@id":"https:\/\/radioljubuski.ba\/index.php\/2021\/11\/02\/marquez-pao-na-treningu-propusta-utrku-u-portugalu\/","url":"https:\/\/radioljubuski.ba\/index.php\/2021\/11\/02\/marquez-pao-na-treningu-propusta-utrku-u-portugalu\/","name":"Marquez pao na treningu, propu\u0161ta utrku u Portugalu - RADIO LJUBU\u0160KI","isPartOf":{"@id":"https:\/\/radioljubuski.ba\/#website"},"primaryImageOfPage":{"@id":"https:\/\/radioljubuski.ba\/index.php\/2021\/11\/02\/marquez-pao-na-treningu-propusta-utrku-u-portugalu\/#primaryimage"},"image":{"@id":"https:\/\/radioljubuski.ba\/index.php\/2021\/11\/02\/marquez-pao-na-treningu-propusta-utrku-u-portugalu\/#primaryimage"},"thumbnailUrl":"https:\/\/radioljubuski.ba\/wp-content\/uploads\/2021\/11\/marquez-marc-20211102205857.jpg","datePublished":"2021-11-02T22:47:16+00:00","dateModified":"2021-11-02T22:47:17+00:00","breadcrumb":{"@id":"https:\/\/radioljubuski.ba\/index.php\/2021\/11\/02\/marquez-pao-na-treningu-propusta-utrku-u-portugalu\/#breadcrumb"},"inLanguage":"hr","potentialAction":[{"@type":"ReadAction","target":["https:\/\/radioljubuski.ba\/index.php\/2021\/11\/02\/marquez-pao-na-treningu-propusta-utrku-u-portugalu\/"]}]},{"@type":"ImageObject","inLanguage":"hr","@id":"https:\/\/radioljubuski.ba\/index.php\/2021\/11\/02\/marquez-pao-na-treningu-propusta-utrku-u-portugalu\/#primaryimage","url":"https:\/\/radioljubuski.ba\/wp-content\/uploads\/2021\/11\/marquez-marc-20211102205857.jpg","contentUrl":"https:\/\/radioljubuski.ba\/wp-content\/uploads\/2021\/11\/marquez-marc-20211102205857.jpg","width":2292,"height":1356},{"@type":"BreadcrumbList","@id":"https:\/\/radioljubuski.ba\/index.php\/2021\/11\/02\/marquez-pao-na-treningu-propusta-utrku-u-portugalu\/#breadcrumb","itemListElement":[{"@type":"ListItem","position":1,"name":"Po\u010detna stranica","item":"https:\/\/radioljubuski.ba\/"},{"@type":"ListItem","position":2,"name":"Marquez pao na treningu, propu\u0161ta utrku u Portugalu"}]},{"@type":"WebSite","@id":"https:\/\/radioljubuski.ba\/#website","url":"https:\/\/radioljubuski.ba\/","name":"Radio Ljubu\u0161ki","description":"Sun\u010dana frekvencija Hercegovine","publisher":{"@id":"https:\/\/radioljubuski.ba\/#organization"},"potentialAction":[{"@type":"SearchAction","target":{"@type":"EntryPoint","urlTemplate":"https:\/\/radioljubuski.ba\/?s={search_term_string}"},"query-input":{"@type":"PropertyValueSpecification","valueRequired":true,"valueName":"search_term_string"}}],"inLanguage":"hr"},{"@type":"Organization","@id":"https:\/\/radioljubuski.ba\/#organization","name":"Radio Ljubu\u0161ki","url":"https:\/\/radioljubuski.ba\/","logo":{"@type":"ImageObject","inLanguage":"hr","@id":"https:\/\/radioljubuski.ba\/#\/schema\/logo\/image\/","url":"https:\/\/radioljubuski.ba\/wp-content\/uploads\/2021\/02\/cropped-Radio_Ljubuski_logo1.jpg","contentUrl":"https:\/\/radioljubuski.ba\/wp-content\/uploads\/2021\/02\/cropped-Radio_Ljubuski_logo1.jpg","width":512,"height":512,"caption":"Radio Ljubu\u0161ki"},"image":{"@id":"https:\/\/radioljubuski.ba\/#\/schema\/logo\/image\/"},"sameAs":["https:\/\/www.facebook.com\/Radiio-Ljubuski-1490835324566332","https:\/\/x.com\/radioljubuski","https:\/\/hr.linkedin.com\/company\/radio-ljubuski","https:\/\/www.youtube.com\/channel\/UCHYaeO_n0Db3tjNGudGpXyw"]},{"@type":"Person","@id":"https:\/\/radioljubuski.ba\/#\/schema\/person\/19fc700381a780f69665d7956c469e3b","name":"Radio Ljubu\u0161ki"}]}},"_links":{"self":[{"href":"https:\/\/radioljubuski.ba\/index.php\/wp-json\/wp\/v2\/posts\/84078","targetHints":{"allow":["GET"]}}],"collection":[{"href":"https:\/\/radioljubuski.ba\/index.php\/wp-json\/wp\/v2\/posts"}],"about":[{"href":"https:\/\/radioljubuski.ba\/index.php\/wp-json\/wp\/v2\/types\/post"}],"author":[{"embeddable":true,"href":"https:\/\/radioljubuski.ba\/index.php\/wp-json\/wp\/v2\/users\/2"}],"replies":[{"embeddable":true,"href":"https:\/\/radioljubuski.ba\/index.php\/wp-json\/wp\/v2\/comments?post=84078"}],"version-history":[{"count":1,"href":"https:\/\/radioljubuski.ba\/index.php\/wp-json\/wp\/v2\/posts\/84078\/revisions"}],"predecessor-version":[{"id":84080,"href":"https:\/\/radioljubuski.ba\/index.php\/wp-json\/wp\/v2\/posts\/84078\/revisions\/84080"}],"wp:featuredmedia":[{"embeddable":true,"href":"https:\/\/radioljubuski.ba\/index.php\/wp-json\/wp\/v2\/media\/84079"}],"wp:attachment":[{"href":"https:\/\/radioljubuski.ba\/index.php\/wp-json\/wp\/v2\/media?parent=84078"}],"wp:term":[{"taxonomy":"category","embeddable":true,"href":"https:\/\/radioljubuski.ba\/index.php\/wp-json\/wp\/v2\/categories?post=84078"},{"taxonomy":"post_tag","embeddable":true,"href":"https:\/\/radioljubuski.ba\/index.php\/wp-json\/wp\/v2\/tags?post=84078"}],"curies":[{"name":"wp","href":"https:\/\/api.w.org\/{rel}","templated":true}]}}