{"id":84090,"date":"2021-11-02T23:54:18","date_gmt":"2021-11-02T22:54:18","guid":{"rendered":"https:\/\/radioljubuski.ba\/?p=84090"},"modified":"2021-11-02T23:54:18","modified_gmt":"2021-11-02T22:54:18","slug":"dokovic-na-povratku-prosao-tezak-ispit","status":"publish","type":"post","link":"https:\/\/radioljubuski.ba\/index.php\/2021\/11\/02\/dokovic-na-povratku-prosao-tezak-ispit\/","title":{"rendered":"\u0110okovi\u0107 na povratku pro\u0161ao te\u017eak ispit"},"content":{"rendered":"\n<p><strong>Najbolji tenisa\u010d svijeta\u00a0Novak \u0110okovi\u0107\u00a0vratio se na teniske terene te je na startu turnira serije Masters 1000 u Parizu svladao Ma\u0111ara\u00a0Martona Fucsovicsa\u00a0u tri seta.<\/strong><\/p>\n\n\n\n<blockquote class=\"twitter-tweet\"><p lang=\"en\" dir=\"ltr\">Never in doubt \ud83d\udc4f<a href=\"https:\/\/twitter.com\/DjokerNole?ref_src=twsrc%5Etfw\">@DjokerNole<\/a> survives Fucsovics in his first match since the US Open, claiming victory 6-2, 4-6, 6-3 to reach the third round.<a href=\"https:\/\/twitter.com\/hashtag\/RolexParisMasters?src=hash&amp;ref_src=twsrc%5Etfw\">#RolexParisMasters<\/a> <a href=\"https:\/\/t.co\/sNxPHwn0Tw\">pic.twitter.com\/sNxPHwn0Tw<\/a><\/p>&mdash; ROLEX PARIS MASTERS (@RolexPMasters) <a href=\"https:\/\/twitter.com\/RolexPMasters\/status\/1455662197124878336?ref_src=twsrc%5Etfw\">November 2, 2021<\/a><\/blockquote> <script async src=\"https:\/\/platform.twitter.com\/widgets.js\" charset=\"utf-8\"><\/script>\n\n\n\n<p>\u0110okovi\u0107 je u prvom kolu bio slobodan, a u drugom kolu je slavio protiv Fucsovicsa 6:2, 4:6, 6:3.\u00a0Ma\u0111ar nije pao bez ispaljenog metka. U drugom setu je na startu oduzeo servis prvom igra\u010du svijeta i potom \u010duvao prednost do kraja te dionice.<br><br>No, u tre\u0107em setu nije imao snage za jo\u0161 jedan ravnopravan boj protiv Srbina premda je kod 1:3 vratio break zaostatka, ali i vrlo brzo nakon toga posrnuo.<br><br>\u0110okovi\u0107u je to bio prvi me\u010d nakon poraza u finalu US Opena od Rusa<strong>\u00a0Daniila Medvedeva<\/strong>\u00a0s kojim vodi borbu za prvo mjesto na ATP ljestvici na kraju ove godine.<\/p>\n\n\n\n<blockquote class=\"twitter-tweet\"><p lang=\"en\" dir=\"ltr\">The return \ud83d\udeb6\u200d\u2642\ufe0f<a href=\"https:\/\/twitter.com\/hashtag\/RolexParisMasters?src=hash&amp;ref_src=twsrc%5Etfw\">#RolexParisMasters<\/a> <a href=\"https:\/\/t.co\/iAV4fJt8qQ\">pic.twitter.com\/iAV4fJt8qQ<\/a><\/p>&mdash; ROLEX PARIS MASTERS (@RolexPMasters) <a href=\"https:\/\/twitter.com\/RolexPMasters\/status\/1455635038167576586?ref_src=twsrc%5Etfw\">November 2, 2021<\/a><\/blockquote> <script async src=\"https:\/\/platform.twitter.com\/widgets.js\" charset=\"utf-8\"><\/script>\n\n\n\n<p>U 3. kolu \u0110okovi\u0107 \u0107e igrati protiv doma\u0107eg tenisa\u010da, boljeg iz susreta&nbsp;<strong>Gael Monfils<\/strong>&nbsp;&#8211;&nbsp;<strong>Adrian Mannarino<\/strong>. Monfils se do drugog kola probio nakon preokreta u me\u010du protiv&nbsp;<strong>Miomira Kecmanovi\u0107a<\/strong>&nbsp;kojeg je pobijedio 4:6, 7:5, 6:3.<\/p>\n\n\n\n<p>Izvor:hrt.hr<\/p>\n","protected":false},"excerpt":{"rendered":"<p>Najbolji tenisa\u010d svijeta\u00a0Novak \u0110okovi\u0107\u00a0vratio se na teniske terene te je na startu turnira serije Masters 1000 u Parizu svladao Ma\u0111ara\u00a0Martona Fucsovicsa\u00a0u tri seta. Never in doubt \ud83d\udc4f@DjokerNole survives Fucsovics in his first match since the US Open, claiming victory 6-2, 4-6, 6-3 to reach the third round.#RolexParisMasters pic.twitter.com\/sNxPHwn0Tw &mdash; ROLEX PARIS MASTERS (@RolexPMasters) November 2, [&hellip;]<\/p>\n","protected":false},"author":2,"featured_media":84091,"comment_status":"closed","ping_status":"closed","sticky":false,"template":"","format":"standard","meta":{"h5ap_radio_sources":[],"footnotes":""},"categories":[7],"tags":[],"class_list":["post-84090","post","type-post","status-publish","format-standard","has-post-thumbnail","hentry","category-sport"],"yoast_head":"<!-- This site is optimized with the Yoast SEO plugin v27.5 - https:\/\/yoast.com\/product\/yoast-seo-wordpress\/ -->\n<title>\u0110okovi\u0107 na povratku pro\u0161ao te\u017eak ispit - RADIO LJUBU\u0160KI<\/title>\n<meta name=\"robots\" content=\"index, follow, max-snippet:-1, max-image-preview:large, max-video-preview:-1\" \/>\n<link rel=\"canonical\" href=\"https:\/\/radioljubuski.ba\/index.php\/2021\/11\/02\/dokovic-na-povratku-prosao-tezak-ispit\/\" \/>\n<meta property=\"og:locale\" content=\"hr_HR\" \/>\n<meta property=\"og:type\" content=\"article\" \/>\n<meta property=\"og:title\" content=\"\u0110okovi\u0107 na povratku pro\u0161ao te\u017eak ispit - RADIO LJUBU\u0160KI\" \/>\n<meta property=\"og:description\" content=\"Najbolji tenisa\u010d svijeta\u00a0Novak \u0110okovi\u0107\u00a0vratio se na teniske terene te je na startu turnira serije Masters 1000 u Parizu svladao Ma\u0111ara\u00a0Martona Fucsovicsa\u00a0u tri seta. Never in doubt \ud83d\udc4f@DjokerNole survives Fucsovics in his first match since the US Open, claiming victory 6-2, 4-6, 6-3 to reach the third round.#RolexParisMasters pic.twitter.com\/sNxPHwn0Tw &mdash; ROLEX PARIS MASTERS (@RolexPMasters) November 2, [&hellip;]\" \/>\n<meta property=\"og:url\" content=\"https:\/\/radioljubuski.ba\/index.php\/2021\/11\/02\/dokovic-na-povratku-prosao-tezak-ispit\/\" \/>\n<meta property=\"og:site_name\" content=\"RADIO LJUBU\u0160KI\" \/>\n<meta property=\"article:publisher\" content=\"https:\/\/www.facebook.com\/Radiio-Ljubuski-1490835324566332\" \/>\n<meta property=\"article:published_time\" content=\"2021-11-02T22:54:18+00:00\" \/>\n<meta property=\"og:image\" content=\"https:\/\/radioljubuski.ba\/wp-content\/uploads\/2021\/11\/djokovic-novak-20211102223018.jpg\" \/>\n\t<meta property=\"og:image:width\" content=\"2500\" \/>\n\t<meta property=\"og:image:height\" content=\"1601\" \/>\n\t<meta property=\"og:image:type\" content=\"image\/jpeg\" \/>\n<meta name=\"author\" content=\"Radio Ljubu\u0161ki\" \/>\n<meta name=\"twitter:card\" content=\"summary_large_image\" \/>\n<meta name=\"twitter:creator\" content=\"@radioljubuski\" \/>\n<meta name=\"twitter:site\" content=\"@radioljubuski\" \/>\n<meta name=\"twitter:label1\" content=\"Napisao\/la\" \/>\n\t<meta name=\"twitter:data1\" content=\"Radio Ljubu\u0161ki\" \/>\n\t<meta name=\"twitter:label2\" content=\"Procijenjeno vrijeme \u010ditanja\" \/>\n\t<meta name=\"twitter:data2\" content=\"1 minuta\" \/>\n<script type=\"application\/ld+json\" class=\"yoast-schema-graph\">{\"@context\":\"https:\\\/\\\/schema.org\",\"@graph\":[{\"@type\":\"Article\",\"@id\":\"https:\\\/\\\/radioljubuski.ba\\\/index.php\\\/2021\\\/11\\\/02\\\/dokovic-na-povratku-prosao-tezak-ispit\\\/#article\",\"isPartOf\":{\"@id\":\"https:\\\/\\\/radioljubuski.ba\\\/index.php\\\/2021\\\/11\\\/02\\\/dokovic-na-povratku-prosao-tezak-ispit\\\/\"},\"author\":{\"name\":\"Radio Ljubu\u0161ki\",\"@id\":\"https:\\\/\\\/radioljubuski.ba\\\/#\\\/schema\\\/person\\\/19fc700381a780f69665d7956c469e3b\"},\"headline\":\"\u0110okovi\u0107 na povratku pro\u0161ao te\u017eak ispit\",\"datePublished\":\"2021-11-02T22:54:18+00:00\",\"mainEntityOfPage\":{\"@id\":\"https:\\\/\\\/radioljubuski.ba\\\/index.php\\\/2021\\\/11\\\/02\\\/dokovic-na-povratku-prosao-tezak-ispit\\\/\"},\"wordCount\":231,\"publisher\":{\"@id\":\"https:\\\/\\\/radioljubuski.ba\\\/#organization\"},\"image\":{\"@id\":\"https:\\\/\\\/radioljubuski.ba\\\/index.php\\\/2021\\\/11\\\/02\\\/dokovic-na-povratku-prosao-tezak-ispit\\\/#primaryimage\"},\"thumbnailUrl\":\"https:\\\/\\\/radioljubuski.ba\\\/wp-content\\\/uploads\\\/2021\\\/11\\\/djokovic-novak-20211102223018.jpg\",\"articleSection\":[\"\u0160port\"],\"inLanguage\":\"hr\"},{\"@type\":\"WebPage\",\"@id\":\"https:\\\/\\\/radioljubuski.ba\\\/index.php\\\/2021\\\/11\\\/02\\\/dokovic-na-povratku-prosao-tezak-ispit\\\/\",\"url\":\"https:\\\/\\\/radioljubuski.ba\\\/index.php\\\/2021\\\/11\\\/02\\\/dokovic-na-povratku-prosao-tezak-ispit\\\/\",\"name\":\"\u0110okovi\u0107 na povratku pro\u0161ao te\u017eak ispit - RADIO LJUBU\u0160KI\",\"isPartOf\":{\"@id\":\"https:\\\/\\\/radioljubuski.ba\\\/#website\"},\"primaryImageOfPage\":{\"@id\":\"https:\\\/\\\/radioljubuski.ba\\\/index.php\\\/2021\\\/11\\\/02\\\/dokovic-na-povratku-prosao-tezak-ispit\\\/#primaryimage\"},\"image\":{\"@id\":\"https:\\\/\\\/radioljubuski.ba\\\/index.php\\\/2021\\\/11\\\/02\\\/dokovic-na-povratku-prosao-tezak-ispit\\\/#primaryimage\"},\"thumbnailUrl\":\"https:\\\/\\\/radioljubuski.ba\\\/wp-content\\\/uploads\\\/2021\\\/11\\\/djokovic-novak-20211102223018.jpg\",\"datePublished\":\"2021-11-02T22:54:18+00:00\",\"breadcrumb\":{\"@id\":\"https:\\\/\\\/radioljubuski.ba\\\/index.php\\\/2021\\\/11\\\/02\\\/dokovic-na-povratku-prosao-tezak-ispit\\\/#breadcrumb\"},\"inLanguage\":\"hr\",\"potentialAction\":[{\"@type\":\"ReadAction\",\"target\":[\"https:\\\/\\\/radioljubuski.ba\\\/index.php\\\/2021\\\/11\\\/02\\\/dokovic-na-povratku-prosao-tezak-ispit\\\/\"]}]},{\"@type\":\"ImageObject\",\"inLanguage\":\"hr\",\"@id\":\"https:\\\/\\\/radioljubuski.ba\\\/index.php\\\/2021\\\/11\\\/02\\\/dokovic-na-povratku-prosao-tezak-ispit\\\/#primaryimage\",\"url\":\"https:\\\/\\\/radioljubuski.ba\\\/wp-content\\\/uploads\\\/2021\\\/11\\\/djokovic-novak-20211102223018.jpg\",\"contentUrl\":\"https:\\\/\\\/radioljubuski.ba\\\/wp-content\\\/uploads\\\/2021\\\/11\\\/djokovic-novak-20211102223018.jpg\",\"width\":2500,\"height\":1601},{\"@type\":\"BreadcrumbList\",\"@id\":\"https:\\\/\\\/radioljubuski.ba\\\/index.php\\\/2021\\\/11\\\/02\\\/dokovic-na-povratku-prosao-tezak-ispit\\\/#breadcrumb\",\"itemListElement\":[{\"@type\":\"ListItem\",\"position\":1,\"name\":\"Po\u010detna stranica\",\"item\":\"https:\\\/\\\/radioljubuski.ba\\\/\"},{\"@type\":\"ListItem\",\"position\":2,\"name\":\"\u0110okovi\u0107 na povratku pro\u0161ao te\u017eak ispit\"}]},{\"@type\":\"WebSite\",\"@id\":\"https:\\\/\\\/radioljubuski.ba\\\/#website\",\"url\":\"https:\\\/\\\/radioljubuski.ba\\\/\",\"name\":\"Radio Ljubu\u0161ki\",\"description\":\"Sun\u010dana frekvencija Hercegovine\",\"publisher\":{\"@id\":\"https:\\\/\\\/radioljubuski.ba\\\/#organization\"},\"potentialAction\":[{\"@type\":\"SearchAction\",\"target\":{\"@type\":\"EntryPoint\",\"urlTemplate\":\"https:\\\/\\\/radioljubuski.ba\\\/?s={search_term_string}\"},\"query-input\":{\"@type\":\"PropertyValueSpecification\",\"valueRequired\":true,\"valueName\":\"search_term_string\"}}],\"inLanguage\":\"hr\"},{\"@type\":\"Organization\",\"@id\":\"https:\\\/\\\/radioljubuski.ba\\\/#organization\",\"name\":\"Radio Ljubu\u0161ki\",\"url\":\"https:\\\/\\\/radioljubuski.ba\\\/\",\"logo\":{\"@type\":\"ImageObject\",\"inLanguage\":\"hr\",\"@id\":\"https:\\\/\\\/radioljubuski.ba\\\/#\\\/schema\\\/logo\\\/image\\\/\",\"url\":\"https:\\\/\\\/radioljubuski.ba\\\/wp-content\\\/uploads\\\/2021\\\/02\\\/cropped-Radio_Ljubuski_logo1.jpg\",\"contentUrl\":\"https:\\\/\\\/radioljubuski.ba\\\/wp-content\\\/uploads\\\/2021\\\/02\\\/cropped-Radio_Ljubuski_logo1.jpg\",\"width\":512,\"height\":512,\"caption\":\"Radio Ljubu\u0161ki\"},\"image\":{\"@id\":\"https:\\\/\\\/radioljubuski.ba\\\/#\\\/schema\\\/logo\\\/image\\\/\"},\"sameAs\":[\"https:\\\/\\\/www.facebook.com\\\/Radiio-Ljubuski-1490835324566332\",\"https:\\\/\\\/x.com\\\/radioljubuski\",\"https:\\\/\\\/hr.linkedin.com\\\/company\\\/radio-ljubuski\",\"https:\\\/\\\/www.youtube.com\\\/channel\\\/UCHYaeO_n0Db3tjNGudGpXyw\"]},{\"@type\":\"Person\",\"@id\":\"https:\\\/\\\/radioljubuski.ba\\\/#\\\/schema\\\/person\\\/19fc700381a780f69665d7956c469e3b\",\"name\":\"Radio Ljubu\u0161ki\"}]}<\/script>\n<!-- \/ Yoast SEO plugin. -->","yoast_head_json":{"title":"\u0110okovi\u0107 na povratku pro\u0161ao te\u017eak ispit - RADIO LJUBU\u0160KI","robots":{"index":"index","follow":"follow","max-snippet":"max-snippet:-1","max-image-preview":"max-image-preview:large","max-video-preview":"max-video-preview:-1"},"canonical":"https:\/\/radioljubuski.ba\/index.php\/2021\/11\/02\/dokovic-na-povratku-prosao-tezak-ispit\/","og_locale":"hr_HR","og_type":"article","og_title":"\u0110okovi\u0107 na povratku pro\u0161ao te\u017eak ispit - RADIO LJUBU\u0160KI","og_description":"Najbolji tenisa\u010d svijeta\u00a0Novak \u0110okovi\u0107\u00a0vratio se na teniske terene te je na startu turnira serije Masters 1000 u Parizu svladao Ma\u0111ara\u00a0Martona Fucsovicsa\u00a0u tri seta. Never in doubt \ud83d\udc4f@DjokerNole survives Fucsovics in his first match since the US Open, claiming victory 6-2, 4-6, 6-3 to reach the third round.#RolexParisMasters pic.twitter.com\/sNxPHwn0Tw &mdash; ROLEX PARIS MASTERS (@RolexPMasters) November 2, [&hellip;]","og_url":"https:\/\/radioljubuski.ba\/index.php\/2021\/11\/02\/dokovic-na-povratku-prosao-tezak-ispit\/","og_site_name":"RADIO LJUBU\u0160KI","article_publisher":"https:\/\/www.facebook.com\/Radiio-Ljubuski-1490835324566332","article_published_time":"2021-11-02T22:54:18+00:00","og_image":[{"width":2500,"height":1601,"url":"https:\/\/radioljubuski.ba\/wp-content\/uploads\/2021\/11\/djokovic-novak-20211102223018.jpg","type":"image\/jpeg"}],"author":"Radio Ljubu\u0161ki","twitter_card":"summary_large_image","twitter_creator":"@radioljubuski","twitter_site":"@radioljubuski","twitter_misc":{"Napisao\/la":"Radio Ljubu\u0161ki","Procijenjeno vrijeme \u010ditanja":"1 minuta"},"schema":{"@context":"https:\/\/schema.org","@graph":[{"@type":"Article","@id":"https:\/\/radioljubuski.ba\/index.php\/2021\/11\/02\/dokovic-na-povratku-prosao-tezak-ispit\/#article","isPartOf":{"@id":"https:\/\/radioljubuski.ba\/index.php\/2021\/11\/02\/dokovic-na-povratku-prosao-tezak-ispit\/"},"author":{"name":"Radio Ljubu\u0161ki","@id":"https:\/\/radioljubuski.ba\/#\/schema\/person\/19fc700381a780f69665d7956c469e3b"},"headline":"\u0110okovi\u0107 na povratku pro\u0161ao te\u017eak ispit","datePublished":"2021-11-02T22:54:18+00:00","mainEntityOfPage":{"@id":"https:\/\/radioljubuski.ba\/index.php\/2021\/11\/02\/dokovic-na-povratku-prosao-tezak-ispit\/"},"wordCount":231,"publisher":{"@id":"https:\/\/radioljubuski.ba\/#organization"},"image":{"@id":"https:\/\/radioljubuski.ba\/index.php\/2021\/11\/02\/dokovic-na-povratku-prosao-tezak-ispit\/#primaryimage"},"thumbnailUrl":"https:\/\/radioljubuski.ba\/wp-content\/uploads\/2021\/11\/djokovic-novak-20211102223018.jpg","articleSection":["\u0160port"],"inLanguage":"hr"},{"@type":"WebPage","@id":"https:\/\/radioljubuski.ba\/index.php\/2021\/11\/02\/dokovic-na-povratku-prosao-tezak-ispit\/","url":"https:\/\/radioljubuski.ba\/index.php\/2021\/11\/02\/dokovic-na-povratku-prosao-tezak-ispit\/","name":"\u0110okovi\u0107 na povratku pro\u0161ao te\u017eak ispit - RADIO LJUBU\u0160KI","isPartOf":{"@id":"https:\/\/radioljubuski.ba\/#website"},"primaryImageOfPage":{"@id":"https:\/\/radioljubuski.ba\/index.php\/2021\/11\/02\/dokovic-na-povratku-prosao-tezak-ispit\/#primaryimage"},"image":{"@id":"https:\/\/radioljubuski.ba\/index.php\/2021\/11\/02\/dokovic-na-povratku-prosao-tezak-ispit\/#primaryimage"},"thumbnailUrl":"https:\/\/radioljubuski.ba\/wp-content\/uploads\/2021\/11\/djokovic-novak-20211102223018.jpg","datePublished":"2021-11-02T22:54:18+00:00","breadcrumb":{"@id":"https:\/\/radioljubuski.ba\/index.php\/2021\/11\/02\/dokovic-na-povratku-prosao-tezak-ispit\/#breadcrumb"},"inLanguage":"hr","potentialAction":[{"@type":"ReadAction","target":["https:\/\/radioljubuski.ba\/index.php\/2021\/11\/02\/dokovic-na-povratku-prosao-tezak-ispit\/"]}]},{"@type":"ImageObject","inLanguage":"hr","@id":"https:\/\/radioljubuski.ba\/index.php\/2021\/11\/02\/dokovic-na-povratku-prosao-tezak-ispit\/#primaryimage","url":"https:\/\/radioljubuski.ba\/wp-content\/uploads\/2021\/11\/djokovic-novak-20211102223018.jpg","contentUrl":"https:\/\/radioljubuski.ba\/wp-content\/uploads\/2021\/11\/djokovic-novak-20211102223018.jpg","width":2500,"height":1601},{"@type":"BreadcrumbList","@id":"https:\/\/radioljubuski.ba\/index.php\/2021\/11\/02\/dokovic-na-povratku-prosao-tezak-ispit\/#breadcrumb","itemListElement":[{"@type":"ListItem","position":1,"name":"Po\u010detna stranica","item":"https:\/\/radioljubuski.ba\/"},{"@type":"ListItem","position":2,"name":"\u0110okovi\u0107 na povratku pro\u0161ao te\u017eak ispit"}]},{"@type":"WebSite","@id":"https:\/\/radioljubuski.ba\/#website","url":"https:\/\/radioljubuski.ba\/","name":"Radio Ljubu\u0161ki","description":"Sun\u010dana frekvencija Hercegovine","publisher":{"@id":"https:\/\/radioljubuski.ba\/#organization"},"potentialAction":[{"@type":"SearchAction","target":{"@type":"EntryPoint","urlTemplate":"https:\/\/radioljubuski.ba\/?s={search_term_string}"},"query-input":{"@type":"PropertyValueSpecification","valueRequired":true,"valueName":"search_term_string"}}],"inLanguage":"hr"},{"@type":"Organization","@id":"https:\/\/radioljubuski.ba\/#organization","name":"Radio Ljubu\u0161ki","url":"https:\/\/radioljubuski.ba\/","logo":{"@type":"ImageObject","inLanguage":"hr","@id":"https:\/\/radioljubuski.ba\/#\/schema\/logo\/image\/","url":"https:\/\/radioljubuski.ba\/wp-content\/uploads\/2021\/02\/cropped-Radio_Ljubuski_logo1.jpg","contentUrl":"https:\/\/radioljubuski.ba\/wp-content\/uploads\/2021\/02\/cropped-Radio_Ljubuski_logo1.jpg","width":512,"height":512,"caption":"Radio Ljubu\u0161ki"},"image":{"@id":"https:\/\/radioljubuski.ba\/#\/schema\/logo\/image\/"},"sameAs":["https:\/\/www.facebook.com\/Radiio-Ljubuski-1490835324566332","https:\/\/x.com\/radioljubuski","https:\/\/hr.linkedin.com\/company\/radio-ljubuski","https:\/\/www.youtube.com\/channel\/UCHYaeO_n0Db3tjNGudGpXyw"]},{"@type":"Person","@id":"https:\/\/radioljubuski.ba\/#\/schema\/person\/19fc700381a780f69665d7956c469e3b","name":"Radio Ljubu\u0161ki"}]}},"_links":{"self":[{"href":"https:\/\/radioljubuski.ba\/index.php\/wp-json\/wp\/v2\/posts\/84090","targetHints":{"allow":["GET"]}}],"collection":[{"href":"https:\/\/radioljubuski.ba\/index.php\/wp-json\/wp\/v2\/posts"}],"about":[{"href":"https:\/\/radioljubuski.ba\/index.php\/wp-json\/wp\/v2\/types\/post"}],"author":[{"embeddable":true,"href":"https:\/\/radioljubuski.ba\/index.php\/wp-json\/wp\/v2\/users\/2"}],"replies":[{"embeddable":true,"href":"https:\/\/radioljubuski.ba\/index.php\/wp-json\/wp\/v2\/comments?post=84090"}],"version-history":[{"count":1,"href":"https:\/\/radioljubuski.ba\/index.php\/wp-json\/wp\/v2\/posts\/84090\/revisions"}],"predecessor-version":[{"id":84092,"href":"https:\/\/radioljubuski.ba\/index.php\/wp-json\/wp\/v2\/posts\/84090\/revisions\/84092"}],"wp:featuredmedia":[{"embeddable":true,"href":"https:\/\/radioljubuski.ba\/index.php\/wp-json\/wp\/v2\/media\/84091"}],"wp:attachment":[{"href":"https:\/\/radioljubuski.ba\/index.php\/wp-json\/wp\/v2\/media?parent=84090"}],"wp:term":[{"taxonomy":"category","embeddable":true,"href":"https:\/\/radioljubuski.ba\/index.php\/wp-json\/wp\/v2\/categories?post=84090"},{"taxonomy":"post_tag","embeddable":true,"href":"https:\/\/radioljubuski.ba\/index.php\/wp-json\/wp\/v2\/tags?post=84090"}],"curies":[{"name":"wp","href":"https:\/\/api.w.org\/{rel}","templated":true}]}}