{"id":84102,"date":"2021-11-03T00:00:59","date_gmt":"2021-11-02T23:00:59","guid":{"rendered":"https:\/\/radioljubuski.ba\/?p=84102"},"modified":"2021-11-03T00:01:01","modified_gmt":"2021-11-02T23:01:01","slug":"vodeci-strijelac-prve-hnl-kakvog-ne-poznajete","status":"publish","type":"post","link":"https:\/\/radioljubuski.ba\/index.php\/2021\/11\/03\/vodeci-strijelac-prve-hnl-kakvog-ne-poznajete\/","title":{"rendered":"Vode\u0107i strijelac Prve HNL kakvog ne poznajete"},"content":{"rendered":"\n<p><strong>Napada\u010d Rijeke Josip Drmi\u0107, vode\u0107i strijelac Prve HNL s 11 pogodaka ove sezone, o fenomenalnoj golgeterskoj formi, ali i svojim hobijima i kreativnoj strani razgovarao je s Ivanom Dorianom Molnarom za emisiju Stadion.&nbsp; &nbsp;<\/strong><\/p>\n\n\n\n<p>Koja je tajna dobrog golgetera i kako bi opisao svoj stil igre?<br><br>&#8211; Opasan sam, ne\u0107u puno \u010dekati nego odmah tra\u017eim taj mali prostor gdje imam svoj \u0161ut. Onda se na\u0161timam kao snajper i pucam, to je ono \u0161to me razlikuje od drugih.<br><br>I ove je sezone poja\u010dao Rijeku u koju je stigao iz engleskog Norwich Cityja. Iza sebe ima iskustvo igranja i u \u0160vicarskoj i Bundesligi. \u0160to misli o HNL-u?<br><br>&#8211; Ne mogu dati ocjenu, svaka liga ima svoj karakter, svaka liga je druga\u010dija. Neke su malo vi\u0161e takti\u010dne, neke malo vi\u0161e na snagu, fizi\u010dki. HNL je isto na svoj na\u010din poseban i mogu re\u0107i da mi se svi\u0111a. HNL raste, sve je bolja kvaliteta. Interesantna je liga, posebno je to ova sezona dokazala, zanimljivo je na vrhu, zanimljivo je i na za\u010delju.<\/p>\n\n\n\n<figure class=\"wp-block-image\"><img decoding=\"async\" src=\"https:\/\/api.hrt.hr\/media\/d8\/8b\/740x438-drmic-rijeka3-20211102090006.png\" alt=\"\"\/><\/figure>\n\n\n\n<p>Za reprezentaciju \u0160vicarske postigao je deset pogodaka u 35 nastupa, te je nastupio na dva svjetska prvenstva (2014., 2018.). Zanimljivo, prve je pogotke u dresu \u0160vicarske postigao upravo protiv\u00a0Hrvatske u o\u017eujku 2014.<br><br>&#8211; Bilo je emotivno protiv Hrvatske igrati, pogotovo kad je po\u010dela svirati hrvatska himna. Bilo je ba\u0161 emotivno i posebno. Osje\u0107ao sam se kao da igram protiv svojih, ali ja sam se fokusirao, skroz profesionalno sam se pona\u0161ao jer mi je to bila zadnja prilika da se doka\u017eem i odem sa \u0160vicarskom na Svjetsko prvenstvo.<\/p>\n\n\n\n<iframe loading=\"lazy\" src=\"https:\/\/www.facebook.com\/plugins\/video.php?height=476&#038;href=https%3A%2F%2Fwww.facebook.com%2FHRTsport%2Fvideos%2F167734098903978%2F&#038;show_text=false&#038;width=476&#038;t=0\" width=\"476\" height=\"476\" style=\"border:none;overflow:hidden\" scrolling=\"no\" frameborder=\"0\" allowfullscreen=\"true\" allow=\"autoplay; clipboard-write; encrypted-media; picture-in-picture; web-share\" allowFullScreen=\"true\"><\/iframe>\n\n\n\n<p>Mo\u017eda je manje poznato da je Drmi\u0107 i glazbeni producent.<br><br>&#8211; To sam prije godinu dana po\u010deo malo intenzivnije se baviti time, da produciram, da kreiram. \u017delim to nau\u010diti, \u017eelim to malo dublje u tu temu do\u0107i, zato sam to kao hobi krenuo i svi\u0111a mi se. Najvi\u0161e volim deep house.<br><br>Kreativnost tu ne staje, talentiran je i za slikanje, no to su zasad samo hobiji. Najve\u0107a \u017eelja u ovoj sezoni je dati sve od sebe u svakoj utakmici.<\/p>\n\n\n\n<p>Izvor:hrt.hr<\/p>\n","protected":false},"excerpt":{"rendered":"<p>Napada\u010d Rijeke Josip Drmi\u0107, vode\u0107i strijelac Prve HNL s 11 pogodaka ove sezone, o fenomenalnoj golgeterskoj formi, ali i svojim hobijima i kreativnoj strani razgovarao je s Ivanom Dorianom Molnarom za emisiju Stadion.&nbsp; &nbsp; Koja je tajna dobrog golgetera i kako bi opisao svoj stil igre? &#8211; Opasan sam, ne\u0107u puno \u010dekati nego odmah tra\u017eim [&hellip;]<\/p>\n","protected":false},"author":2,"featured_media":84103,"comment_status":"closed","ping_status":"closed","sticky":false,"template":"","format":"standard","meta":{"h5ap_radio_sources":[],"footnotes":""},"categories":[7],"tags":[],"class_list":["post-84102","post","type-post","status-publish","format-standard","has-post-thumbnail","hentry","category-sport"],"yoast_head":"<!-- This site is optimized with the Yoast SEO plugin v27.5 - https:\/\/yoast.com\/product\/yoast-seo-wordpress\/ -->\n<title>Vode\u0107i strijelac Prve HNL kakvog ne poznajete - RADIO LJUBU\u0160KI<\/title>\n<meta name=\"robots\" content=\"index, follow, max-snippet:-1, max-image-preview:large, max-video-preview:-1\" \/>\n<link rel=\"canonical\" href=\"https:\/\/radioljubuski.ba\/index.php\/2021\/11\/03\/vodeci-strijelac-prve-hnl-kakvog-ne-poznajete\/\" \/>\n<meta property=\"og:locale\" content=\"hr_HR\" \/>\n<meta property=\"og:type\" content=\"article\" \/>\n<meta property=\"og:title\" content=\"Vode\u0107i strijelac Prve HNL kakvog ne poznajete - RADIO LJUBU\u0160KI\" \/>\n<meta property=\"og:description\" content=\"Napada\u010d Rijeke Josip Drmi\u0107, vode\u0107i strijelac Prve HNL s 11 pogodaka ove sezone, o fenomenalnoj golgeterskoj formi, ali i svojim hobijima i kreativnoj strani razgovarao je s Ivanom Dorianom Molnarom za emisiju Stadion.&nbsp; &nbsp; Koja je tajna dobrog golgetera i kako bi opisao svoj stil igre? &#8211; Opasan sam, ne\u0107u puno \u010dekati nego odmah tra\u017eim [&hellip;]\" \/>\n<meta property=\"og:url\" content=\"https:\/\/radioljubuski.ba\/index.php\/2021\/11\/03\/vodeci-strijelac-prve-hnl-kakvog-ne-poznajete\/\" \/>\n<meta property=\"og:site_name\" content=\"RADIO LJUBU\u0160KI\" \/>\n<meta property=\"article:publisher\" content=\"https:\/\/www.facebook.com\/Radiio-Ljubuski-1490835324566332\" \/>\n<meta property=\"article:published_time\" content=\"2021-11-02T23:00:59+00:00\" \/>\n<meta property=\"article:modified_time\" content=\"2021-11-02T23:01:01+00:00\" \/>\n<meta property=\"og:image\" content=\"https:\/\/radioljubuski.ba\/wp-content\/uploads\/2021\/11\/740x438-drmic-rijeka-20211102084728.png\" \/>\n\t<meta property=\"og:image:width\" content=\"740\" \/>\n\t<meta property=\"og:image:height\" content=\"438\" \/>\n\t<meta property=\"og:image:type\" content=\"image\/png\" \/>\n<meta name=\"author\" content=\"Radio Ljubu\u0161ki\" \/>\n<meta name=\"twitter:card\" content=\"summary_large_image\" \/>\n<meta name=\"twitter:creator\" content=\"@radioljubuski\" \/>\n<meta name=\"twitter:site\" content=\"@radioljubuski\" \/>\n<meta name=\"twitter:label1\" content=\"Napisao\/la\" \/>\n\t<meta name=\"twitter:data1\" content=\"Radio Ljubu\u0161ki\" \/>\n\t<meta name=\"twitter:label2\" content=\"Procijenjeno vrijeme \u010ditanja\" \/>\n\t<meta name=\"twitter:data2\" content=\"2 minute\" \/>\n<script type=\"application\/ld+json\" class=\"yoast-schema-graph\">{\"@context\":\"https:\\\/\\\/schema.org\",\"@graph\":[{\"@type\":\"Article\",\"@id\":\"https:\\\/\\\/radioljubuski.ba\\\/index.php\\\/2021\\\/11\\\/03\\\/vodeci-strijelac-prve-hnl-kakvog-ne-poznajete\\\/#article\",\"isPartOf\":{\"@id\":\"https:\\\/\\\/radioljubuski.ba\\\/index.php\\\/2021\\\/11\\\/03\\\/vodeci-strijelac-prve-hnl-kakvog-ne-poznajete\\\/\"},\"author\":{\"name\":\"Radio Ljubu\u0161ki\",\"@id\":\"https:\\\/\\\/radioljubuski.ba\\\/#\\\/schema\\\/person\\\/19fc700381a780f69665d7956c469e3b\"},\"headline\":\"Vode\u0107i strijelac Prve HNL kakvog ne poznajete\",\"datePublished\":\"2021-11-02T23:00:59+00:00\",\"dateModified\":\"2021-11-02T23:01:01+00:00\",\"mainEntityOfPage\":{\"@id\":\"https:\\\/\\\/radioljubuski.ba\\\/index.php\\\/2021\\\/11\\\/03\\\/vodeci-strijelac-prve-hnl-kakvog-ne-poznajete\\\/\"},\"wordCount\":368,\"publisher\":{\"@id\":\"https:\\\/\\\/radioljubuski.ba\\\/#organization\"},\"image\":{\"@id\":\"https:\\\/\\\/radioljubuski.ba\\\/index.php\\\/2021\\\/11\\\/03\\\/vodeci-strijelac-prve-hnl-kakvog-ne-poznajete\\\/#primaryimage\"},\"thumbnailUrl\":\"https:\\\/\\\/radioljubuski.ba\\\/wp-content\\\/uploads\\\/2021\\\/11\\\/740x438-drmic-rijeka-20211102084728.png\",\"articleSection\":[\"\u0160port\"],\"inLanguage\":\"hr\"},{\"@type\":\"WebPage\",\"@id\":\"https:\\\/\\\/radioljubuski.ba\\\/index.php\\\/2021\\\/11\\\/03\\\/vodeci-strijelac-prve-hnl-kakvog-ne-poznajete\\\/\",\"url\":\"https:\\\/\\\/radioljubuski.ba\\\/index.php\\\/2021\\\/11\\\/03\\\/vodeci-strijelac-prve-hnl-kakvog-ne-poznajete\\\/\",\"name\":\"Vode\u0107i strijelac Prve HNL kakvog ne poznajete - RADIO LJUBU\u0160KI\",\"isPartOf\":{\"@id\":\"https:\\\/\\\/radioljubuski.ba\\\/#website\"},\"primaryImageOfPage\":{\"@id\":\"https:\\\/\\\/radioljubuski.ba\\\/index.php\\\/2021\\\/11\\\/03\\\/vodeci-strijelac-prve-hnl-kakvog-ne-poznajete\\\/#primaryimage\"},\"image\":{\"@id\":\"https:\\\/\\\/radioljubuski.ba\\\/index.php\\\/2021\\\/11\\\/03\\\/vodeci-strijelac-prve-hnl-kakvog-ne-poznajete\\\/#primaryimage\"},\"thumbnailUrl\":\"https:\\\/\\\/radioljubuski.ba\\\/wp-content\\\/uploads\\\/2021\\\/11\\\/740x438-drmic-rijeka-20211102084728.png\",\"datePublished\":\"2021-11-02T23:00:59+00:00\",\"dateModified\":\"2021-11-02T23:01:01+00:00\",\"breadcrumb\":{\"@id\":\"https:\\\/\\\/radioljubuski.ba\\\/index.php\\\/2021\\\/11\\\/03\\\/vodeci-strijelac-prve-hnl-kakvog-ne-poznajete\\\/#breadcrumb\"},\"inLanguage\":\"hr\",\"potentialAction\":[{\"@type\":\"ReadAction\",\"target\":[\"https:\\\/\\\/radioljubuski.ba\\\/index.php\\\/2021\\\/11\\\/03\\\/vodeci-strijelac-prve-hnl-kakvog-ne-poznajete\\\/\"]}]},{\"@type\":\"ImageObject\",\"inLanguage\":\"hr\",\"@id\":\"https:\\\/\\\/radioljubuski.ba\\\/index.php\\\/2021\\\/11\\\/03\\\/vodeci-strijelac-prve-hnl-kakvog-ne-poznajete\\\/#primaryimage\",\"url\":\"https:\\\/\\\/radioljubuski.ba\\\/wp-content\\\/uploads\\\/2021\\\/11\\\/740x438-drmic-rijeka-20211102084728.png\",\"contentUrl\":\"https:\\\/\\\/radioljubuski.ba\\\/wp-content\\\/uploads\\\/2021\\\/11\\\/740x438-drmic-rijeka-20211102084728.png\",\"width\":740,\"height\":438},{\"@type\":\"BreadcrumbList\",\"@id\":\"https:\\\/\\\/radioljubuski.ba\\\/index.php\\\/2021\\\/11\\\/03\\\/vodeci-strijelac-prve-hnl-kakvog-ne-poznajete\\\/#breadcrumb\",\"itemListElement\":[{\"@type\":\"ListItem\",\"position\":1,\"name\":\"Po\u010detna stranica\",\"item\":\"https:\\\/\\\/radioljubuski.ba\\\/\"},{\"@type\":\"ListItem\",\"position\":2,\"name\":\"Vode\u0107i strijelac Prve HNL kakvog ne poznajete\"}]},{\"@type\":\"WebSite\",\"@id\":\"https:\\\/\\\/radioljubuski.ba\\\/#website\",\"url\":\"https:\\\/\\\/radioljubuski.ba\\\/\",\"name\":\"Radio Ljubu\u0161ki\",\"description\":\"Sun\u010dana frekvencija Hercegovine\",\"publisher\":{\"@id\":\"https:\\\/\\\/radioljubuski.ba\\\/#organization\"},\"potentialAction\":[{\"@type\":\"SearchAction\",\"target\":{\"@type\":\"EntryPoint\",\"urlTemplate\":\"https:\\\/\\\/radioljubuski.ba\\\/?s={search_term_string}\"},\"query-input\":{\"@type\":\"PropertyValueSpecification\",\"valueRequired\":true,\"valueName\":\"search_term_string\"}}],\"inLanguage\":\"hr\"},{\"@type\":\"Organization\",\"@id\":\"https:\\\/\\\/radioljubuski.ba\\\/#organization\",\"name\":\"Radio Ljubu\u0161ki\",\"url\":\"https:\\\/\\\/radioljubuski.ba\\\/\",\"logo\":{\"@type\":\"ImageObject\",\"inLanguage\":\"hr\",\"@id\":\"https:\\\/\\\/radioljubuski.ba\\\/#\\\/schema\\\/logo\\\/image\\\/\",\"url\":\"https:\\\/\\\/radioljubuski.ba\\\/wp-content\\\/uploads\\\/2021\\\/02\\\/cropped-Radio_Ljubuski_logo1.jpg\",\"contentUrl\":\"https:\\\/\\\/radioljubuski.ba\\\/wp-content\\\/uploads\\\/2021\\\/02\\\/cropped-Radio_Ljubuski_logo1.jpg\",\"width\":512,\"height\":512,\"caption\":\"Radio Ljubu\u0161ki\"},\"image\":{\"@id\":\"https:\\\/\\\/radioljubuski.ba\\\/#\\\/schema\\\/logo\\\/image\\\/\"},\"sameAs\":[\"https:\\\/\\\/www.facebook.com\\\/Radiio-Ljubuski-1490835324566332\",\"https:\\\/\\\/x.com\\\/radioljubuski\",\"https:\\\/\\\/hr.linkedin.com\\\/company\\\/radio-ljubuski\",\"https:\\\/\\\/www.youtube.com\\\/channel\\\/UCHYaeO_n0Db3tjNGudGpXyw\"]},{\"@type\":\"Person\",\"@id\":\"https:\\\/\\\/radioljubuski.ba\\\/#\\\/schema\\\/person\\\/19fc700381a780f69665d7956c469e3b\",\"name\":\"Radio Ljubu\u0161ki\"}]}<\/script>\n<!-- \/ Yoast SEO plugin. -->","yoast_head_json":{"title":"Vode\u0107i strijelac Prve HNL kakvog ne poznajete - RADIO LJUBU\u0160KI","robots":{"index":"index","follow":"follow","max-snippet":"max-snippet:-1","max-image-preview":"max-image-preview:large","max-video-preview":"max-video-preview:-1"},"canonical":"https:\/\/radioljubuski.ba\/index.php\/2021\/11\/03\/vodeci-strijelac-prve-hnl-kakvog-ne-poznajete\/","og_locale":"hr_HR","og_type":"article","og_title":"Vode\u0107i strijelac Prve HNL kakvog ne poznajete - RADIO LJUBU\u0160KI","og_description":"Napada\u010d Rijeke Josip Drmi\u0107, vode\u0107i strijelac Prve HNL s 11 pogodaka ove sezone, o fenomenalnoj golgeterskoj formi, ali i svojim hobijima i kreativnoj strani razgovarao je s Ivanom Dorianom Molnarom za emisiju Stadion.&nbsp; &nbsp; Koja je tajna dobrog golgetera i kako bi opisao svoj stil igre? &#8211; Opasan sam, ne\u0107u puno \u010dekati nego odmah tra\u017eim [&hellip;]","og_url":"https:\/\/radioljubuski.ba\/index.php\/2021\/11\/03\/vodeci-strijelac-prve-hnl-kakvog-ne-poznajete\/","og_site_name":"RADIO LJUBU\u0160KI","article_publisher":"https:\/\/www.facebook.com\/Radiio-Ljubuski-1490835324566332","article_published_time":"2021-11-02T23:00:59+00:00","article_modified_time":"2021-11-02T23:01:01+00:00","og_image":[{"width":740,"height":438,"url":"https:\/\/radioljubuski.ba\/wp-content\/uploads\/2021\/11\/740x438-drmic-rijeka-20211102084728.png","type":"image\/png"}],"author":"Radio Ljubu\u0161ki","twitter_card":"summary_large_image","twitter_creator":"@radioljubuski","twitter_site":"@radioljubuski","twitter_misc":{"Napisao\/la":"Radio Ljubu\u0161ki","Procijenjeno vrijeme \u010ditanja":"2 minute"},"schema":{"@context":"https:\/\/schema.org","@graph":[{"@type":"Article","@id":"https:\/\/radioljubuski.ba\/index.php\/2021\/11\/03\/vodeci-strijelac-prve-hnl-kakvog-ne-poznajete\/#article","isPartOf":{"@id":"https:\/\/radioljubuski.ba\/index.php\/2021\/11\/03\/vodeci-strijelac-prve-hnl-kakvog-ne-poznajete\/"},"author":{"name":"Radio Ljubu\u0161ki","@id":"https:\/\/radioljubuski.ba\/#\/schema\/person\/19fc700381a780f69665d7956c469e3b"},"headline":"Vode\u0107i strijelac Prve HNL kakvog ne poznajete","datePublished":"2021-11-02T23:00:59+00:00","dateModified":"2021-11-02T23:01:01+00:00","mainEntityOfPage":{"@id":"https:\/\/radioljubuski.ba\/index.php\/2021\/11\/03\/vodeci-strijelac-prve-hnl-kakvog-ne-poznajete\/"},"wordCount":368,"publisher":{"@id":"https:\/\/radioljubuski.ba\/#organization"},"image":{"@id":"https:\/\/radioljubuski.ba\/index.php\/2021\/11\/03\/vodeci-strijelac-prve-hnl-kakvog-ne-poznajete\/#primaryimage"},"thumbnailUrl":"https:\/\/radioljubuski.ba\/wp-content\/uploads\/2021\/11\/740x438-drmic-rijeka-20211102084728.png","articleSection":["\u0160port"],"inLanguage":"hr"},{"@type":"WebPage","@id":"https:\/\/radioljubuski.ba\/index.php\/2021\/11\/03\/vodeci-strijelac-prve-hnl-kakvog-ne-poznajete\/","url":"https:\/\/radioljubuski.ba\/index.php\/2021\/11\/03\/vodeci-strijelac-prve-hnl-kakvog-ne-poznajete\/","name":"Vode\u0107i strijelac Prve HNL kakvog ne poznajete - RADIO LJUBU\u0160KI","isPartOf":{"@id":"https:\/\/radioljubuski.ba\/#website"},"primaryImageOfPage":{"@id":"https:\/\/radioljubuski.ba\/index.php\/2021\/11\/03\/vodeci-strijelac-prve-hnl-kakvog-ne-poznajete\/#primaryimage"},"image":{"@id":"https:\/\/radioljubuski.ba\/index.php\/2021\/11\/03\/vodeci-strijelac-prve-hnl-kakvog-ne-poznajete\/#primaryimage"},"thumbnailUrl":"https:\/\/radioljubuski.ba\/wp-content\/uploads\/2021\/11\/740x438-drmic-rijeka-20211102084728.png","datePublished":"2021-11-02T23:00:59+00:00","dateModified":"2021-11-02T23:01:01+00:00","breadcrumb":{"@id":"https:\/\/radioljubuski.ba\/index.php\/2021\/11\/03\/vodeci-strijelac-prve-hnl-kakvog-ne-poznajete\/#breadcrumb"},"inLanguage":"hr","potentialAction":[{"@type":"ReadAction","target":["https:\/\/radioljubuski.ba\/index.php\/2021\/11\/03\/vodeci-strijelac-prve-hnl-kakvog-ne-poznajete\/"]}]},{"@type":"ImageObject","inLanguage":"hr","@id":"https:\/\/radioljubuski.ba\/index.php\/2021\/11\/03\/vodeci-strijelac-prve-hnl-kakvog-ne-poznajete\/#primaryimage","url":"https:\/\/radioljubuski.ba\/wp-content\/uploads\/2021\/11\/740x438-drmic-rijeka-20211102084728.png","contentUrl":"https:\/\/radioljubuski.ba\/wp-content\/uploads\/2021\/11\/740x438-drmic-rijeka-20211102084728.png","width":740,"height":438},{"@type":"BreadcrumbList","@id":"https:\/\/radioljubuski.ba\/index.php\/2021\/11\/03\/vodeci-strijelac-prve-hnl-kakvog-ne-poznajete\/#breadcrumb","itemListElement":[{"@type":"ListItem","position":1,"name":"Po\u010detna stranica","item":"https:\/\/radioljubuski.ba\/"},{"@type":"ListItem","position":2,"name":"Vode\u0107i strijelac Prve HNL kakvog ne poznajete"}]},{"@type":"WebSite","@id":"https:\/\/radioljubuski.ba\/#website","url":"https:\/\/radioljubuski.ba\/","name":"Radio Ljubu\u0161ki","description":"Sun\u010dana frekvencija Hercegovine","publisher":{"@id":"https:\/\/radioljubuski.ba\/#organization"},"potentialAction":[{"@type":"SearchAction","target":{"@type":"EntryPoint","urlTemplate":"https:\/\/radioljubuski.ba\/?s={search_term_string}"},"query-input":{"@type":"PropertyValueSpecification","valueRequired":true,"valueName":"search_term_string"}}],"inLanguage":"hr"},{"@type":"Organization","@id":"https:\/\/radioljubuski.ba\/#organization","name":"Radio Ljubu\u0161ki","url":"https:\/\/radioljubuski.ba\/","logo":{"@type":"ImageObject","inLanguage":"hr","@id":"https:\/\/radioljubuski.ba\/#\/schema\/logo\/image\/","url":"https:\/\/radioljubuski.ba\/wp-content\/uploads\/2021\/02\/cropped-Radio_Ljubuski_logo1.jpg","contentUrl":"https:\/\/radioljubuski.ba\/wp-content\/uploads\/2021\/02\/cropped-Radio_Ljubuski_logo1.jpg","width":512,"height":512,"caption":"Radio Ljubu\u0161ki"},"image":{"@id":"https:\/\/radioljubuski.ba\/#\/schema\/logo\/image\/"},"sameAs":["https:\/\/www.facebook.com\/Radiio-Ljubuski-1490835324566332","https:\/\/x.com\/radioljubuski","https:\/\/hr.linkedin.com\/company\/radio-ljubuski","https:\/\/www.youtube.com\/channel\/UCHYaeO_n0Db3tjNGudGpXyw"]},{"@type":"Person","@id":"https:\/\/radioljubuski.ba\/#\/schema\/person\/19fc700381a780f69665d7956c469e3b","name":"Radio Ljubu\u0161ki"}]}},"_links":{"self":[{"href":"https:\/\/radioljubuski.ba\/index.php\/wp-json\/wp\/v2\/posts\/84102","targetHints":{"allow":["GET"]}}],"collection":[{"href":"https:\/\/radioljubuski.ba\/index.php\/wp-json\/wp\/v2\/posts"}],"about":[{"href":"https:\/\/radioljubuski.ba\/index.php\/wp-json\/wp\/v2\/types\/post"}],"author":[{"embeddable":true,"href":"https:\/\/radioljubuski.ba\/index.php\/wp-json\/wp\/v2\/users\/2"}],"replies":[{"embeddable":true,"href":"https:\/\/radioljubuski.ba\/index.php\/wp-json\/wp\/v2\/comments?post=84102"}],"version-history":[{"count":1,"href":"https:\/\/radioljubuski.ba\/index.php\/wp-json\/wp\/v2\/posts\/84102\/revisions"}],"predecessor-version":[{"id":84104,"href":"https:\/\/radioljubuski.ba\/index.php\/wp-json\/wp\/v2\/posts\/84102\/revisions\/84104"}],"wp:featuredmedia":[{"embeddable":true,"href":"https:\/\/radioljubuski.ba\/index.php\/wp-json\/wp\/v2\/media\/84103"}],"wp:attachment":[{"href":"https:\/\/radioljubuski.ba\/index.php\/wp-json\/wp\/v2\/media?parent=84102"}],"wp:term":[{"taxonomy":"category","embeddable":true,"href":"https:\/\/radioljubuski.ba\/index.php\/wp-json\/wp\/v2\/categories?post=84102"},{"taxonomy":"post_tag","embeddable":true,"href":"https:\/\/radioljubuski.ba\/index.php\/wp-json\/wp\/v2\/tags?post=84102"}],"curies":[{"name":"wp","href":"https:\/\/api.w.org\/{rel}","templated":true}]}}