{"id":84108,"date":"2021-11-03T00:04:45","date_gmt":"2021-11-02T23:04:45","guid":{"rendered":"https:\/\/radioljubuski.ba\/?p=84108"},"modified":"2021-11-03T00:04:47","modified_gmt":"2021-11-02T23:04:47","slug":"pocele-prijave-za-jubilarno-izdanje-kutije-sibica","status":"publish","type":"post","link":"https:\/\/radioljubuski.ba\/index.php\/2021\/11\/03\/pocele-prijave-za-jubilarno-izdanje-kutije-sibica\/","title":{"rendered":"Po\u010dele prijave za jubilarno izdanje Kutije \u0161ibica"},"content":{"rendered":"\n<p><strong>Prijave za 50. izdanje malonogometnog turnira Kutija \u0161ibica 2021. powered by Coca Cola, po\u010dinju od danas, a turnir \u0107e se odr\u017eati od 20. studenog do 29. prosinca, u organizaciji Ustanove Upravljanje sportskim objektima te pod pokroviteljstvom Grada Zagreba.<\/strong><\/p>\n\n\n\n<p>&#8211; Ako nisi igrao Kutiju \u0161ibica, nisi igrao nogomet, legendarna je izjava koja se tijekom proteklih pet desetlje\u0107a pro\u0161irila me\u0111u svima onima koji vole nogomet i koji jako dobro znaju \u0161to zna\u010di zaigrati na terenu dvojke u Domu sportova. Igrati Kutiju oduvijek je bio poseban izazov za sve ljubitelje malog nogometa, a upisati se kao pobjednik jubilarnog pedesetog izdanja, bit \u0107e povijesni trenutak za jednu od ovogodi\u0161njih mom\u010dadi.&nbsp;<\/p>\n\n\n\n<p>Nakon Han\u017eekovi\u0107evog memorijala i Zlatne piruete, Kutija \u0161ibica tre\u0107e je najstarije sportsko doga\u0111anje koje Grad Zagreb podr\u017eava i to ve\u0107 punih pet desetlje\u0107a. Uz 50. seniorski turnir igrat \u0107e se i 14. veteranski turnir te 5. turnir \u017eena, s ukupnim nagradnim fondom u iznosu od 170.000,00 kuna. Prijave se od danas mogu predati putem internetske stranice www.kutija-sibica.hr ili direktno u Domu sportova, svakog dana od 12 do 20 sati, u sobi 125, a zavr\u0161no s 9. studenim 2021. godine. Cijene kotizacija se nisu mijenjale pa \u0107e tako za seniorski i veteranski turnir biti potrebno uplatiti 1.000 kn, dok za turnir \u017eena 200 kn.<\/p>\n\n\n\n<p>&#8211; Rijetko se koja priredba mo\u017ee pohvaliti ovakvom brojkom, a posebno je nevjerojatno da \u0107e turnir, koji nije bio profesionalan, do\u017eivjeti tolike godine. Me\u0111utim, Kutija \u0161ibica traje ve\u0107 pola stolje\u0107a i to je ono \u010dime se s ponosom mo\u017ee pohvaliti. \u010cinjenica je da se svatko tko je dr\u017eao do sebe i tko je mislio da zna igrati mali nogomet, pojavio u Kutiji \u0161ibica. Rijetko koji vrhunski nogometa\u0161 nije zaigrao Kutiju i bio je pravi u\u017eitak gledati<strong>&nbsp;Cicu Kranj\u010dara<\/strong>,&nbsp;<strong>Rajka Janjanina<\/strong>,&nbsp;<strong>Marka Mlinari\u0107a,<\/strong>&nbsp;<strong>Snje\u0161ka Cevrina<\/strong>,<strong>&nbsp;Bla\u017ea Sli\u0161kovi\u0107a<\/strong>&nbsp;te brojne druge velikane nogometa na ovoj priredbi, poru\u010dio je<strong>&nbsp;Anton Samovojska<\/strong>, \u010dlan organizacijskog odbora te je dodao:&nbsp;<\/p>\n\n\n\n<p>&#8211; Iako jo\u0161 uvijek \u017eivimo u vrlo izazovnim vremenima, odlu\u010dili smo ove godine organizirati Kutiju \u0161ibica bez obzira na broj prijava. Me\u0111utim, vjerujemo da \u0107e odaziv mom\u010dadi unato\u010d svemu biti velik jer osvojiti Kutiju je oduvijek bio ne samo nevjerojatan izazov ve\u0107 i iznimna \u010dast za igra\u010de.<\/p>\n\n\n\n<p>Izvla\u010denje parova potvr\u0111eno je za 17. studenog, nakon \u010dega kre\u0107u sportski dvoboji na \u010dak pet lokacija \u2013 u dvorani 2 u Domu sportova te dvoranama Bo\u0161ko Bo\u017ei\u0107 Pepsi, Dubrava, Pe\u0161\u0107enica i Sutinska vrela. Po\u010detak spektakularne zavr\u0161nice predvi\u0111en je na \u0160tefanje, a u srijedu, 29. prosinca, doznat \u0107e se i pobjednici seniroskog, veteranskog te \u017eenskog dijela turnira.<\/p>\n\n\n\n<p>Velika \u0107e pa\u017enja biti posve\u0107ena provo\u0111enju svih nu\u017enih epidemiolo\u0161kih mjera. Tako \u0107e sudjelovanje igra\u010da na turniru ali i ulaz posjetiteljima u dvorane biti dozvoljeni samo uz predo\u010denje EU digitalne COVID potvrde.&nbsp;<\/p>\n\n\n\n<p>Izvor:hrt.hr<\/p>\n","protected":false},"excerpt":{"rendered":"<p>Prijave za 50. izdanje malonogometnog turnira Kutija \u0161ibica 2021. powered by Coca Cola, po\u010dinju od danas, a turnir \u0107e se odr\u017eati od 20. studenog do 29. prosinca, u organizaciji Ustanove Upravljanje sportskim objektima te pod pokroviteljstvom Grada Zagreba. &#8211; Ako nisi igrao Kutiju \u0161ibica, nisi igrao nogomet, legendarna je izjava koja se tijekom proteklih pet [&hellip;]<\/p>\n","protected":false},"author":2,"featured_media":84109,"comment_status":"closed","ping_status":"closed","sticky":false,"template":"","format":"standard","meta":{"h5ap_radio_sources":[],"footnotes":""},"categories":[7],"tags":[],"class_list":["post-84108","post","type-post","status-publish","format-standard","has-post-thumbnail","hentry","category-sport"],"yoast_head":"<!-- This site is optimized with the Yoast SEO plugin v27.5 - https:\/\/yoast.com\/product\/yoast-seo-wordpress\/ -->\n<title>Po\u010dele prijave za jubilarno izdanje Kutije \u0161ibica - RADIO LJUBU\u0160KI<\/title>\n<meta name=\"robots\" content=\"index, follow, max-snippet:-1, max-image-preview:large, max-video-preview:-1\" \/>\n<link rel=\"canonical\" href=\"https:\/\/radioljubuski.ba\/index.php\/2021\/11\/03\/pocele-prijave-za-jubilarno-izdanje-kutije-sibica\/\" \/>\n<meta property=\"og:locale\" content=\"hr_HR\" \/>\n<meta property=\"og:type\" content=\"article\" \/>\n<meta property=\"og:title\" content=\"Po\u010dele prijave za jubilarno izdanje Kutije \u0161ibica - RADIO LJUBU\u0160KI\" \/>\n<meta property=\"og:description\" content=\"Prijave za 50. izdanje malonogometnog turnira Kutija \u0161ibica 2021. powered by Coca Cola, po\u010dinju od danas, a turnir \u0107e se odr\u017eati od 20. studenog do 29. prosinca, u organizaciji Ustanove Upravljanje sportskim objektima te pod pokroviteljstvom Grada Zagreba. &#8211; Ako nisi igrao Kutiju \u0161ibica, nisi igrao nogomet, legendarna je izjava koja se tijekom proteklih pet [&hellip;]\" \/>\n<meta property=\"og:url\" content=\"https:\/\/radioljubuski.ba\/index.php\/2021\/11\/03\/pocele-prijave-za-jubilarno-izdanje-kutije-sibica\/\" \/>\n<meta property=\"og:site_name\" content=\"RADIO LJUBU\u0160KI\" \/>\n<meta property=\"article:publisher\" content=\"https:\/\/www.facebook.com\/Radiio-Ljubuski-1490835324566332\" \/>\n<meta property=\"article:published_time\" content=\"2021-11-02T23:04:45+00:00\" \/>\n<meta property=\"article:modified_time\" content=\"2021-11-02T23:04:47+00:00\" \/>\n<meta property=\"og:image\" content=\"https:\/\/radioljubuski.ba\/wp-content\/uploads\/2021\/11\/13kutija-sibica-2021-20211102115916.jpg\" \/>\n\t<meta property=\"og:image:width\" content=\"1600\" \/>\n\t<meta property=\"og:image:height\" content=\"1066\" \/>\n\t<meta property=\"og:image:type\" content=\"image\/jpeg\" \/>\n<meta name=\"author\" content=\"Radio Ljubu\u0161ki\" \/>\n<meta name=\"twitter:card\" content=\"summary_large_image\" \/>\n<meta name=\"twitter:creator\" content=\"@radioljubuski\" \/>\n<meta name=\"twitter:site\" content=\"@radioljubuski\" \/>\n<meta name=\"twitter:label1\" content=\"Napisao\/la\" \/>\n\t<meta name=\"twitter:data1\" content=\"Radio Ljubu\u0161ki\" \/>\n\t<meta name=\"twitter:label2\" content=\"Procijenjeno vrijeme \u010ditanja\" \/>\n\t<meta name=\"twitter:data2\" content=\"2 minute\" \/>\n<script type=\"application\/ld+json\" class=\"yoast-schema-graph\">{\"@context\":\"https:\\\/\\\/schema.org\",\"@graph\":[{\"@type\":\"Article\",\"@id\":\"https:\\\/\\\/radioljubuski.ba\\\/index.php\\\/2021\\\/11\\\/03\\\/pocele-prijave-za-jubilarno-izdanje-kutije-sibica\\\/#article\",\"isPartOf\":{\"@id\":\"https:\\\/\\\/radioljubuski.ba\\\/index.php\\\/2021\\\/11\\\/03\\\/pocele-prijave-za-jubilarno-izdanje-kutije-sibica\\\/\"},\"author\":{\"name\":\"Radio Ljubu\u0161ki\",\"@id\":\"https:\\\/\\\/radioljubuski.ba\\\/#\\\/schema\\\/person\\\/19fc700381a780f69665d7956c469e3b\"},\"headline\":\"Po\u010dele prijave za jubilarno izdanje Kutije \u0161ibica\",\"datePublished\":\"2021-11-02T23:04:45+00:00\",\"dateModified\":\"2021-11-02T23:04:47+00:00\",\"mainEntityOfPage\":{\"@id\":\"https:\\\/\\\/radioljubuski.ba\\\/index.php\\\/2021\\\/11\\\/03\\\/pocele-prijave-za-jubilarno-izdanje-kutije-sibica\\\/\"},\"wordCount\":500,\"publisher\":{\"@id\":\"https:\\\/\\\/radioljubuski.ba\\\/#organization\"},\"image\":{\"@id\":\"https:\\\/\\\/radioljubuski.ba\\\/index.php\\\/2021\\\/11\\\/03\\\/pocele-prijave-za-jubilarno-izdanje-kutije-sibica\\\/#primaryimage\"},\"thumbnailUrl\":\"https:\\\/\\\/radioljubuski.ba\\\/wp-content\\\/uploads\\\/2021\\\/11\\\/13kutija-sibica-2021-20211102115916.jpg\",\"articleSection\":[\"\u0160port\"],\"inLanguage\":\"hr\"},{\"@type\":\"WebPage\",\"@id\":\"https:\\\/\\\/radioljubuski.ba\\\/index.php\\\/2021\\\/11\\\/03\\\/pocele-prijave-za-jubilarno-izdanje-kutije-sibica\\\/\",\"url\":\"https:\\\/\\\/radioljubuski.ba\\\/index.php\\\/2021\\\/11\\\/03\\\/pocele-prijave-za-jubilarno-izdanje-kutije-sibica\\\/\",\"name\":\"Po\u010dele prijave za jubilarno izdanje Kutije \u0161ibica - RADIO LJUBU\u0160KI\",\"isPartOf\":{\"@id\":\"https:\\\/\\\/radioljubuski.ba\\\/#website\"},\"primaryImageOfPage\":{\"@id\":\"https:\\\/\\\/radioljubuski.ba\\\/index.php\\\/2021\\\/11\\\/03\\\/pocele-prijave-za-jubilarno-izdanje-kutije-sibica\\\/#primaryimage\"},\"image\":{\"@id\":\"https:\\\/\\\/radioljubuski.ba\\\/index.php\\\/2021\\\/11\\\/03\\\/pocele-prijave-za-jubilarno-izdanje-kutije-sibica\\\/#primaryimage\"},\"thumbnailUrl\":\"https:\\\/\\\/radioljubuski.ba\\\/wp-content\\\/uploads\\\/2021\\\/11\\\/13kutija-sibica-2021-20211102115916.jpg\",\"datePublished\":\"2021-11-02T23:04:45+00:00\",\"dateModified\":\"2021-11-02T23:04:47+00:00\",\"breadcrumb\":{\"@id\":\"https:\\\/\\\/radioljubuski.ba\\\/index.php\\\/2021\\\/11\\\/03\\\/pocele-prijave-za-jubilarno-izdanje-kutije-sibica\\\/#breadcrumb\"},\"inLanguage\":\"hr\",\"potentialAction\":[{\"@type\":\"ReadAction\",\"target\":[\"https:\\\/\\\/radioljubuski.ba\\\/index.php\\\/2021\\\/11\\\/03\\\/pocele-prijave-za-jubilarno-izdanje-kutije-sibica\\\/\"]}]},{\"@type\":\"ImageObject\",\"inLanguage\":\"hr\",\"@id\":\"https:\\\/\\\/radioljubuski.ba\\\/index.php\\\/2021\\\/11\\\/03\\\/pocele-prijave-za-jubilarno-izdanje-kutije-sibica\\\/#primaryimage\",\"url\":\"https:\\\/\\\/radioljubuski.ba\\\/wp-content\\\/uploads\\\/2021\\\/11\\\/13kutija-sibica-2021-20211102115916.jpg\",\"contentUrl\":\"https:\\\/\\\/radioljubuski.ba\\\/wp-content\\\/uploads\\\/2021\\\/11\\\/13kutija-sibica-2021-20211102115916.jpg\",\"width\":1600,\"height\":1066},{\"@type\":\"BreadcrumbList\",\"@id\":\"https:\\\/\\\/radioljubuski.ba\\\/index.php\\\/2021\\\/11\\\/03\\\/pocele-prijave-za-jubilarno-izdanje-kutije-sibica\\\/#breadcrumb\",\"itemListElement\":[{\"@type\":\"ListItem\",\"position\":1,\"name\":\"Po\u010detna stranica\",\"item\":\"https:\\\/\\\/radioljubuski.ba\\\/\"},{\"@type\":\"ListItem\",\"position\":2,\"name\":\"Po\u010dele prijave za jubilarno izdanje Kutije \u0161ibica\"}]},{\"@type\":\"WebSite\",\"@id\":\"https:\\\/\\\/radioljubuski.ba\\\/#website\",\"url\":\"https:\\\/\\\/radioljubuski.ba\\\/\",\"name\":\"Radio Ljubu\u0161ki\",\"description\":\"Sun\u010dana frekvencija Hercegovine\",\"publisher\":{\"@id\":\"https:\\\/\\\/radioljubuski.ba\\\/#organization\"},\"potentialAction\":[{\"@type\":\"SearchAction\",\"target\":{\"@type\":\"EntryPoint\",\"urlTemplate\":\"https:\\\/\\\/radioljubuski.ba\\\/?s={search_term_string}\"},\"query-input\":{\"@type\":\"PropertyValueSpecification\",\"valueRequired\":true,\"valueName\":\"search_term_string\"}}],\"inLanguage\":\"hr\"},{\"@type\":\"Organization\",\"@id\":\"https:\\\/\\\/radioljubuski.ba\\\/#organization\",\"name\":\"Radio Ljubu\u0161ki\",\"url\":\"https:\\\/\\\/radioljubuski.ba\\\/\",\"logo\":{\"@type\":\"ImageObject\",\"inLanguage\":\"hr\",\"@id\":\"https:\\\/\\\/radioljubuski.ba\\\/#\\\/schema\\\/logo\\\/image\\\/\",\"url\":\"https:\\\/\\\/radioljubuski.ba\\\/wp-content\\\/uploads\\\/2021\\\/02\\\/cropped-Radio_Ljubuski_logo1.jpg\",\"contentUrl\":\"https:\\\/\\\/radioljubuski.ba\\\/wp-content\\\/uploads\\\/2021\\\/02\\\/cropped-Radio_Ljubuski_logo1.jpg\",\"width\":512,\"height\":512,\"caption\":\"Radio Ljubu\u0161ki\"},\"image\":{\"@id\":\"https:\\\/\\\/radioljubuski.ba\\\/#\\\/schema\\\/logo\\\/image\\\/\"},\"sameAs\":[\"https:\\\/\\\/www.facebook.com\\\/Radiio-Ljubuski-1490835324566332\",\"https:\\\/\\\/x.com\\\/radioljubuski\",\"https:\\\/\\\/hr.linkedin.com\\\/company\\\/radio-ljubuski\",\"https:\\\/\\\/www.youtube.com\\\/channel\\\/UCHYaeO_n0Db3tjNGudGpXyw\"]},{\"@type\":\"Person\",\"@id\":\"https:\\\/\\\/radioljubuski.ba\\\/#\\\/schema\\\/person\\\/19fc700381a780f69665d7956c469e3b\",\"name\":\"Radio Ljubu\u0161ki\"}]}<\/script>\n<!-- \/ Yoast SEO plugin. -->","yoast_head_json":{"title":"Po\u010dele prijave za jubilarno izdanje Kutije \u0161ibica - RADIO LJUBU\u0160KI","robots":{"index":"index","follow":"follow","max-snippet":"max-snippet:-1","max-image-preview":"max-image-preview:large","max-video-preview":"max-video-preview:-1"},"canonical":"https:\/\/radioljubuski.ba\/index.php\/2021\/11\/03\/pocele-prijave-za-jubilarno-izdanje-kutije-sibica\/","og_locale":"hr_HR","og_type":"article","og_title":"Po\u010dele prijave za jubilarno izdanje Kutije \u0161ibica - RADIO LJUBU\u0160KI","og_description":"Prijave za 50. izdanje malonogometnog turnira Kutija \u0161ibica 2021. powered by Coca Cola, po\u010dinju od danas, a turnir \u0107e se odr\u017eati od 20. studenog do 29. prosinca, u organizaciji Ustanove Upravljanje sportskim objektima te pod pokroviteljstvom Grada Zagreba. &#8211; Ako nisi igrao Kutiju \u0161ibica, nisi igrao nogomet, legendarna je izjava koja se tijekom proteklih pet [&hellip;]","og_url":"https:\/\/radioljubuski.ba\/index.php\/2021\/11\/03\/pocele-prijave-za-jubilarno-izdanje-kutije-sibica\/","og_site_name":"RADIO LJUBU\u0160KI","article_publisher":"https:\/\/www.facebook.com\/Radiio-Ljubuski-1490835324566332","article_published_time":"2021-11-02T23:04:45+00:00","article_modified_time":"2021-11-02T23:04:47+00:00","og_image":[{"width":1600,"height":1066,"url":"https:\/\/radioljubuski.ba\/wp-content\/uploads\/2021\/11\/13kutija-sibica-2021-20211102115916.jpg","type":"image\/jpeg"}],"author":"Radio Ljubu\u0161ki","twitter_card":"summary_large_image","twitter_creator":"@radioljubuski","twitter_site":"@radioljubuski","twitter_misc":{"Napisao\/la":"Radio Ljubu\u0161ki","Procijenjeno vrijeme \u010ditanja":"2 minute"},"schema":{"@context":"https:\/\/schema.org","@graph":[{"@type":"Article","@id":"https:\/\/radioljubuski.ba\/index.php\/2021\/11\/03\/pocele-prijave-za-jubilarno-izdanje-kutije-sibica\/#article","isPartOf":{"@id":"https:\/\/radioljubuski.ba\/index.php\/2021\/11\/03\/pocele-prijave-za-jubilarno-izdanje-kutije-sibica\/"},"author":{"name":"Radio Ljubu\u0161ki","@id":"https:\/\/radioljubuski.ba\/#\/schema\/person\/19fc700381a780f69665d7956c469e3b"},"headline":"Po\u010dele prijave za jubilarno izdanje Kutije \u0161ibica","datePublished":"2021-11-02T23:04:45+00:00","dateModified":"2021-11-02T23:04:47+00:00","mainEntityOfPage":{"@id":"https:\/\/radioljubuski.ba\/index.php\/2021\/11\/03\/pocele-prijave-za-jubilarno-izdanje-kutije-sibica\/"},"wordCount":500,"publisher":{"@id":"https:\/\/radioljubuski.ba\/#organization"},"image":{"@id":"https:\/\/radioljubuski.ba\/index.php\/2021\/11\/03\/pocele-prijave-za-jubilarno-izdanje-kutije-sibica\/#primaryimage"},"thumbnailUrl":"https:\/\/radioljubuski.ba\/wp-content\/uploads\/2021\/11\/13kutija-sibica-2021-20211102115916.jpg","articleSection":["\u0160port"],"inLanguage":"hr"},{"@type":"WebPage","@id":"https:\/\/radioljubuski.ba\/index.php\/2021\/11\/03\/pocele-prijave-za-jubilarno-izdanje-kutije-sibica\/","url":"https:\/\/radioljubuski.ba\/index.php\/2021\/11\/03\/pocele-prijave-za-jubilarno-izdanje-kutije-sibica\/","name":"Po\u010dele prijave za jubilarno izdanje Kutije \u0161ibica - RADIO LJUBU\u0160KI","isPartOf":{"@id":"https:\/\/radioljubuski.ba\/#website"},"primaryImageOfPage":{"@id":"https:\/\/radioljubuski.ba\/index.php\/2021\/11\/03\/pocele-prijave-za-jubilarno-izdanje-kutije-sibica\/#primaryimage"},"image":{"@id":"https:\/\/radioljubuski.ba\/index.php\/2021\/11\/03\/pocele-prijave-za-jubilarno-izdanje-kutije-sibica\/#primaryimage"},"thumbnailUrl":"https:\/\/radioljubuski.ba\/wp-content\/uploads\/2021\/11\/13kutija-sibica-2021-20211102115916.jpg","datePublished":"2021-11-02T23:04:45+00:00","dateModified":"2021-11-02T23:04:47+00:00","breadcrumb":{"@id":"https:\/\/radioljubuski.ba\/index.php\/2021\/11\/03\/pocele-prijave-za-jubilarno-izdanje-kutije-sibica\/#breadcrumb"},"inLanguage":"hr","potentialAction":[{"@type":"ReadAction","target":["https:\/\/radioljubuski.ba\/index.php\/2021\/11\/03\/pocele-prijave-za-jubilarno-izdanje-kutije-sibica\/"]}]},{"@type":"ImageObject","inLanguage":"hr","@id":"https:\/\/radioljubuski.ba\/index.php\/2021\/11\/03\/pocele-prijave-za-jubilarno-izdanje-kutije-sibica\/#primaryimage","url":"https:\/\/radioljubuski.ba\/wp-content\/uploads\/2021\/11\/13kutija-sibica-2021-20211102115916.jpg","contentUrl":"https:\/\/radioljubuski.ba\/wp-content\/uploads\/2021\/11\/13kutija-sibica-2021-20211102115916.jpg","width":1600,"height":1066},{"@type":"BreadcrumbList","@id":"https:\/\/radioljubuski.ba\/index.php\/2021\/11\/03\/pocele-prijave-za-jubilarno-izdanje-kutije-sibica\/#breadcrumb","itemListElement":[{"@type":"ListItem","position":1,"name":"Po\u010detna stranica","item":"https:\/\/radioljubuski.ba\/"},{"@type":"ListItem","position":2,"name":"Po\u010dele prijave za jubilarno izdanje Kutije \u0161ibica"}]},{"@type":"WebSite","@id":"https:\/\/radioljubuski.ba\/#website","url":"https:\/\/radioljubuski.ba\/","name":"Radio Ljubu\u0161ki","description":"Sun\u010dana frekvencija Hercegovine","publisher":{"@id":"https:\/\/radioljubuski.ba\/#organization"},"potentialAction":[{"@type":"SearchAction","target":{"@type":"EntryPoint","urlTemplate":"https:\/\/radioljubuski.ba\/?s={search_term_string}"},"query-input":{"@type":"PropertyValueSpecification","valueRequired":true,"valueName":"search_term_string"}}],"inLanguage":"hr"},{"@type":"Organization","@id":"https:\/\/radioljubuski.ba\/#organization","name":"Radio Ljubu\u0161ki","url":"https:\/\/radioljubuski.ba\/","logo":{"@type":"ImageObject","inLanguage":"hr","@id":"https:\/\/radioljubuski.ba\/#\/schema\/logo\/image\/","url":"https:\/\/radioljubuski.ba\/wp-content\/uploads\/2021\/02\/cropped-Radio_Ljubuski_logo1.jpg","contentUrl":"https:\/\/radioljubuski.ba\/wp-content\/uploads\/2021\/02\/cropped-Radio_Ljubuski_logo1.jpg","width":512,"height":512,"caption":"Radio Ljubu\u0161ki"},"image":{"@id":"https:\/\/radioljubuski.ba\/#\/schema\/logo\/image\/"},"sameAs":["https:\/\/www.facebook.com\/Radiio-Ljubuski-1490835324566332","https:\/\/x.com\/radioljubuski","https:\/\/hr.linkedin.com\/company\/radio-ljubuski","https:\/\/www.youtube.com\/channel\/UCHYaeO_n0Db3tjNGudGpXyw"]},{"@type":"Person","@id":"https:\/\/radioljubuski.ba\/#\/schema\/person\/19fc700381a780f69665d7956c469e3b","name":"Radio Ljubu\u0161ki"}]}},"_links":{"self":[{"href":"https:\/\/radioljubuski.ba\/index.php\/wp-json\/wp\/v2\/posts\/84108","targetHints":{"allow":["GET"]}}],"collection":[{"href":"https:\/\/radioljubuski.ba\/index.php\/wp-json\/wp\/v2\/posts"}],"about":[{"href":"https:\/\/radioljubuski.ba\/index.php\/wp-json\/wp\/v2\/types\/post"}],"author":[{"embeddable":true,"href":"https:\/\/radioljubuski.ba\/index.php\/wp-json\/wp\/v2\/users\/2"}],"replies":[{"embeddable":true,"href":"https:\/\/radioljubuski.ba\/index.php\/wp-json\/wp\/v2\/comments?post=84108"}],"version-history":[{"count":1,"href":"https:\/\/radioljubuski.ba\/index.php\/wp-json\/wp\/v2\/posts\/84108\/revisions"}],"predecessor-version":[{"id":84110,"href":"https:\/\/radioljubuski.ba\/index.php\/wp-json\/wp\/v2\/posts\/84108\/revisions\/84110"}],"wp:featuredmedia":[{"embeddable":true,"href":"https:\/\/radioljubuski.ba\/index.php\/wp-json\/wp\/v2\/media\/84109"}],"wp:attachment":[{"href":"https:\/\/radioljubuski.ba\/index.php\/wp-json\/wp\/v2\/media?parent=84108"}],"wp:term":[{"taxonomy":"category","embeddable":true,"href":"https:\/\/radioljubuski.ba\/index.php\/wp-json\/wp\/v2\/categories?post=84108"},{"taxonomy":"post_tag","embeddable":true,"href":"https:\/\/radioljubuski.ba\/index.php\/wp-json\/wp\/v2\/tags?post=84108"}],"curies":[{"name":"wp","href":"https:\/\/api.w.org\/{rel}","templated":true}]}}