{"id":84111,"date":"2021-11-03T00:06:12","date_gmt":"2021-11-02T23:06:12","guid":{"rendered":"https:\/\/radioljubuski.ba\/?p=84111"},"modified":"2021-11-03T00:06:13","modified_gmt":"2021-11-02T23:06:13","slug":"poznato-tko-ce-dijeliti-pravdu-na-utakmici-dinamo-rapid","status":"publish","type":"post","link":"https:\/\/radioljubuski.ba\/index.php\/2021\/11\/03\/poznato-tko-ce-dijeliti-pravdu-na-utakmici-dinamo-rapid\/","title":{"rendered":"Poznato tko \u0107e dijeliti pravdu na utakmici Dinamo &#8211; Rapid"},"content":{"rendered":"\n<p><strong>\u0160kot&nbsp;John&nbsp;Beaton&nbsp;odre\u0111en je za glavnog suca utakmice 4. kola UEFA Europske lige izme\u0111u zagreba\u010dkog Dinama i be\u010dkog Rapida, koja \u0107e u \u010detvrtak (21 sat) biti odigrana na Maksimiru.<\/strong><\/p>\n\n\n\n<p>Beatonu je 39 godina, a FIFA oznaku me\u0111unarodnog suca nosi od 2012.<\/p>\n\n\n\n<p>Ovo \u0107e mu biti druga utakmica u grupnoj fazi Europske lige u ovoj sezoni, a prvu je sudio 16. rujna u Beogradu, gdje je Crvena zvezda svladala portugalsku Bragu sa 2-1.<\/p>\n\n\n\n<p>Hrvatskim ljubiteljima nogometa ve\u0107 je dobro poznat jer je u listopadu 2020. sudio utakmicu reprezentacija Hrvatske i \u0160vedske u Ligi nacija, u kojoj su izabranici&nbsp;<strong>Zlatka&nbsp;Dali\u0107a&nbsp;<\/strong>svladali \u0160ve\u0111ane sa 2-1 na Maksimiru.<\/p>\n\n\n\n<p>Osim toga je u rujnu 2017. sudio utakmicu grupne faze Europske lige na Rujevici, u kojoj je Rijeka pora\u017eena sa 2-1 od atenskog AEK-a, a navija\u010di Hajduka ga se sje\u0107aju iz kvalifikacija za Europsku ligu, kad je u kolovozu 2016. splitska mom\u010dad na Poljudu svladala ukrajinsku Oleksandriju sa 3-1.<\/p>\n\n\n\n<p>Izvor:hrt.hr<\/p>\n","protected":false},"excerpt":{"rendered":"<p>\u0160kot&nbsp;John&nbsp;Beaton&nbsp;odre\u0111en je za glavnog suca utakmice 4. kola UEFA Europske lige izme\u0111u zagreba\u010dkog Dinama i be\u010dkog Rapida, koja \u0107e u \u010detvrtak (21 sat) biti odigrana na Maksimiru. Beatonu je 39 godina, a FIFA oznaku me\u0111unarodnog suca nosi od 2012. Ovo \u0107e mu biti druga utakmica u grupnoj fazi Europske lige u ovoj sezoni, a prvu [&hellip;]<\/p>\n","protected":false},"author":2,"featured_media":0,"comment_status":"closed","ping_status":"closed","sticky":false,"template":"","format":"standard","meta":{"h5ap_radio_sources":[],"footnotes":""},"categories":[7],"tags":[],"class_list":["post-84111","post","type-post","status-publish","format-standard","hentry","category-sport"],"yoast_head":"<!-- This site is optimized with the Yoast SEO plugin v27.5 - https:\/\/yoast.com\/product\/yoast-seo-wordpress\/ -->\n<title>Poznato tko \u0107e dijeliti pravdu na utakmici Dinamo - Rapid - RADIO LJUBU\u0160KI<\/title>\n<meta name=\"robots\" content=\"index, follow, max-snippet:-1, max-image-preview:large, max-video-preview:-1\" \/>\n<link rel=\"canonical\" href=\"https:\/\/radioljubuski.ba\/index.php\/2021\/11\/03\/poznato-tko-ce-dijeliti-pravdu-na-utakmici-dinamo-rapid\/\" \/>\n<meta property=\"og:locale\" content=\"hr_HR\" \/>\n<meta property=\"og:type\" content=\"article\" \/>\n<meta property=\"og:title\" content=\"Poznato tko \u0107e dijeliti pravdu na utakmici Dinamo - Rapid - RADIO LJUBU\u0160KI\" \/>\n<meta property=\"og:description\" content=\"\u0160kot&nbsp;John&nbsp;Beaton&nbsp;odre\u0111en je za glavnog suca utakmice 4. kola UEFA Europske lige izme\u0111u zagreba\u010dkog Dinama i be\u010dkog Rapida, koja \u0107e u \u010detvrtak (21 sat) biti odigrana na Maksimiru. Beatonu je 39 godina, a FIFA oznaku me\u0111unarodnog suca nosi od 2012. Ovo \u0107e mu biti druga utakmica u grupnoj fazi Europske lige u ovoj sezoni, a prvu [&hellip;]\" \/>\n<meta property=\"og:url\" content=\"https:\/\/radioljubuski.ba\/index.php\/2021\/11\/03\/poznato-tko-ce-dijeliti-pravdu-na-utakmici-dinamo-rapid\/\" \/>\n<meta property=\"og:site_name\" content=\"RADIO LJUBU\u0160KI\" \/>\n<meta property=\"article:publisher\" content=\"https:\/\/www.facebook.com\/Radiio-Ljubuski-1490835324566332\" \/>\n<meta property=\"article:published_time\" content=\"2021-11-02T23:06:12+00:00\" \/>\n<meta property=\"article:modified_time\" content=\"2021-11-02T23:06:13+00:00\" \/>\n<meta property=\"og:image\" content=\"https:\/\/radioljubuski.ba\/wp-content\/uploads\/2021\/11\/2021-10-21t213111z-997191547-up1ehal1fu5ef-rtrmadp-3-soccer-europa-rav-dza-report-20211102125033-scaled.jpg\" \/>\n\t<meta property=\"og:image:width\" content=\"2560\" \/>\n\t<meta property=\"og:image:height\" content=\"1727\" \/>\n\t<meta property=\"og:image:type\" content=\"image\/jpeg\" \/>\n<meta name=\"author\" content=\"Radio Ljubu\u0161ki\" \/>\n<meta name=\"twitter:card\" content=\"summary_large_image\" \/>\n<meta name=\"twitter:creator\" content=\"@radioljubuski\" \/>\n<meta name=\"twitter:site\" content=\"@radioljubuski\" \/>\n<meta name=\"twitter:label1\" content=\"Napisao\/la\" \/>\n\t<meta name=\"twitter:data1\" content=\"Radio Ljubu\u0161ki\" \/>\n\t<meta name=\"twitter:label2\" content=\"Procijenjeno vrijeme \u010ditanja\" \/>\n\t<meta name=\"twitter:data2\" content=\"1 minuta\" \/>\n<script type=\"application\/ld+json\" class=\"yoast-schema-graph\">{\"@context\":\"https:\\\/\\\/schema.org\",\"@graph\":[{\"@type\":\"Article\",\"@id\":\"https:\\\/\\\/radioljubuski.ba\\\/index.php\\\/2021\\\/11\\\/03\\\/poznato-tko-ce-dijeliti-pravdu-na-utakmici-dinamo-rapid\\\/#article\",\"isPartOf\":{\"@id\":\"https:\\\/\\\/radioljubuski.ba\\\/index.php\\\/2021\\\/11\\\/03\\\/poznato-tko-ce-dijeliti-pravdu-na-utakmici-dinamo-rapid\\\/\"},\"author\":{\"name\":\"Radio Ljubu\u0161ki\",\"@id\":\"https:\\\/\\\/radioljubuski.ba\\\/#\\\/schema\\\/person\\\/19fc700381a780f69665d7956c469e3b\"},\"headline\":\"Poznato tko \u0107e dijeliti pravdu na utakmici Dinamo &#8211; Rapid\",\"datePublished\":\"2021-11-02T23:06:12+00:00\",\"dateModified\":\"2021-11-02T23:06:13+00:00\",\"mainEntityOfPage\":{\"@id\":\"https:\\\/\\\/radioljubuski.ba\\\/index.php\\\/2021\\\/11\\\/03\\\/poznato-tko-ce-dijeliti-pravdu-na-utakmici-dinamo-rapid\\\/\"},\"wordCount\":177,\"publisher\":{\"@id\":\"https:\\\/\\\/radioljubuski.ba\\\/#organization\"},\"articleSection\":[\"\u0160port\"],\"inLanguage\":\"hr\"},{\"@type\":\"WebPage\",\"@id\":\"https:\\\/\\\/radioljubuski.ba\\\/index.php\\\/2021\\\/11\\\/03\\\/poznato-tko-ce-dijeliti-pravdu-na-utakmici-dinamo-rapid\\\/\",\"url\":\"https:\\\/\\\/radioljubuski.ba\\\/index.php\\\/2021\\\/11\\\/03\\\/poznato-tko-ce-dijeliti-pravdu-na-utakmici-dinamo-rapid\\\/\",\"name\":\"Poznato tko \u0107e dijeliti pravdu na utakmici Dinamo - Rapid - RADIO LJUBU\u0160KI\",\"isPartOf\":{\"@id\":\"https:\\\/\\\/radioljubuski.ba\\\/#website\"},\"datePublished\":\"2021-11-02T23:06:12+00:00\",\"dateModified\":\"2021-11-02T23:06:13+00:00\",\"breadcrumb\":{\"@id\":\"https:\\\/\\\/radioljubuski.ba\\\/index.php\\\/2021\\\/11\\\/03\\\/poznato-tko-ce-dijeliti-pravdu-na-utakmici-dinamo-rapid\\\/#breadcrumb\"},\"inLanguage\":\"hr\",\"potentialAction\":[{\"@type\":\"ReadAction\",\"target\":[\"https:\\\/\\\/radioljubuski.ba\\\/index.php\\\/2021\\\/11\\\/03\\\/poznato-tko-ce-dijeliti-pravdu-na-utakmici-dinamo-rapid\\\/\"]}]},{\"@type\":\"BreadcrumbList\",\"@id\":\"https:\\\/\\\/radioljubuski.ba\\\/index.php\\\/2021\\\/11\\\/03\\\/poznato-tko-ce-dijeliti-pravdu-na-utakmici-dinamo-rapid\\\/#breadcrumb\",\"itemListElement\":[{\"@type\":\"ListItem\",\"position\":1,\"name\":\"Po\u010detna stranica\",\"item\":\"https:\\\/\\\/radioljubuski.ba\\\/\"},{\"@type\":\"ListItem\",\"position\":2,\"name\":\"Poznato tko \u0107e dijeliti pravdu na utakmici Dinamo &#8211; Rapid\"}]},{\"@type\":\"WebSite\",\"@id\":\"https:\\\/\\\/radioljubuski.ba\\\/#website\",\"url\":\"https:\\\/\\\/radioljubuski.ba\\\/\",\"name\":\"Radio Ljubu\u0161ki\",\"description\":\"Sun\u010dana frekvencija Hercegovine\",\"publisher\":{\"@id\":\"https:\\\/\\\/radioljubuski.ba\\\/#organization\"},\"potentialAction\":[{\"@type\":\"SearchAction\",\"target\":{\"@type\":\"EntryPoint\",\"urlTemplate\":\"https:\\\/\\\/radioljubuski.ba\\\/?s={search_term_string}\"},\"query-input\":{\"@type\":\"PropertyValueSpecification\",\"valueRequired\":true,\"valueName\":\"search_term_string\"}}],\"inLanguage\":\"hr\"},{\"@type\":\"Organization\",\"@id\":\"https:\\\/\\\/radioljubuski.ba\\\/#organization\",\"name\":\"Radio Ljubu\u0161ki\",\"url\":\"https:\\\/\\\/radioljubuski.ba\\\/\",\"logo\":{\"@type\":\"ImageObject\",\"inLanguage\":\"hr\",\"@id\":\"https:\\\/\\\/radioljubuski.ba\\\/#\\\/schema\\\/logo\\\/image\\\/\",\"url\":\"https:\\\/\\\/radioljubuski.ba\\\/wp-content\\\/uploads\\\/2021\\\/02\\\/cropped-Radio_Ljubuski_logo1.jpg\",\"contentUrl\":\"https:\\\/\\\/radioljubuski.ba\\\/wp-content\\\/uploads\\\/2021\\\/02\\\/cropped-Radio_Ljubuski_logo1.jpg\",\"width\":512,\"height\":512,\"caption\":\"Radio Ljubu\u0161ki\"},\"image\":{\"@id\":\"https:\\\/\\\/radioljubuski.ba\\\/#\\\/schema\\\/logo\\\/image\\\/\"},\"sameAs\":[\"https:\\\/\\\/www.facebook.com\\\/Radiio-Ljubuski-1490835324566332\",\"https:\\\/\\\/x.com\\\/radioljubuski\",\"https:\\\/\\\/hr.linkedin.com\\\/company\\\/radio-ljubuski\",\"https:\\\/\\\/www.youtube.com\\\/channel\\\/UCHYaeO_n0Db3tjNGudGpXyw\"]},{\"@type\":\"Person\",\"@id\":\"https:\\\/\\\/radioljubuski.ba\\\/#\\\/schema\\\/person\\\/19fc700381a780f69665d7956c469e3b\",\"name\":\"Radio Ljubu\u0161ki\"}]}<\/script>\n<!-- \/ Yoast SEO plugin. -->","yoast_head_json":{"title":"Poznato tko \u0107e dijeliti pravdu na utakmici Dinamo - Rapid - RADIO LJUBU\u0160KI","robots":{"index":"index","follow":"follow","max-snippet":"max-snippet:-1","max-image-preview":"max-image-preview:large","max-video-preview":"max-video-preview:-1"},"canonical":"https:\/\/radioljubuski.ba\/index.php\/2021\/11\/03\/poznato-tko-ce-dijeliti-pravdu-na-utakmici-dinamo-rapid\/","og_locale":"hr_HR","og_type":"article","og_title":"Poznato tko \u0107e dijeliti pravdu na utakmici Dinamo - Rapid - RADIO LJUBU\u0160KI","og_description":"\u0160kot&nbsp;John&nbsp;Beaton&nbsp;odre\u0111en je za glavnog suca utakmice 4. kola UEFA Europske lige izme\u0111u zagreba\u010dkog Dinama i be\u010dkog Rapida, koja \u0107e u \u010detvrtak (21 sat) biti odigrana na Maksimiru. Beatonu je 39 godina, a FIFA oznaku me\u0111unarodnog suca nosi od 2012. Ovo \u0107e mu biti druga utakmica u grupnoj fazi Europske lige u ovoj sezoni, a prvu [&hellip;]","og_url":"https:\/\/radioljubuski.ba\/index.php\/2021\/11\/03\/poznato-tko-ce-dijeliti-pravdu-na-utakmici-dinamo-rapid\/","og_site_name":"RADIO LJUBU\u0160KI","article_publisher":"https:\/\/www.facebook.com\/Radiio-Ljubuski-1490835324566332","article_published_time":"2021-11-02T23:06:12+00:00","article_modified_time":"2021-11-02T23:06:13+00:00","og_image":[{"width":2560,"height":1727,"url":"https:\/\/radioljubuski.ba\/wp-content\/uploads\/2021\/11\/2021-10-21t213111z-997191547-up1ehal1fu5ef-rtrmadp-3-soccer-europa-rav-dza-report-20211102125033-scaled.jpg","type":"image\/jpeg"}],"author":"Radio Ljubu\u0161ki","twitter_card":"summary_large_image","twitter_creator":"@radioljubuski","twitter_site":"@radioljubuski","twitter_misc":{"Napisao\/la":"Radio Ljubu\u0161ki","Procijenjeno vrijeme \u010ditanja":"1 minuta"},"schema":{"@context":"https:\/\/schema.org","@graph":[{"@type":"Article","@id":"https:\/\/radioljubuski.ba\/index.php\/2021\/11\/03\/poznato-tko-ce-dijeliti-pravdu-na-utakmici-dinamo-rapid\/#article","isPartOf":{"@id":"https:\/\/radioljubuski.ba\/index.php\/2021\/11\/03\/poznato-tko-ce-dijeliti-pravdu-na-utakmici-dinamo-rapid\/"},"author":{"name":"Radio Ljubu\u0161ki","@id":"https:\/\/radioljubuski.ba\/#\/schema\/person\/19fc700381a780f69665d7956c469e3b"},"headline":"Poznato tko \u0107e dijeliti pravdu na utakmici Dinamo &#8211; Rapid","datePublished":"2021-11-02T23:06:12+00:00","dateModified":"2021-11-02T23:06:13+00:00","mainEntityOfPage":{"@id":"https:\/\/radioljubuski.ba\/index.php\/2021\/11\/03\/poznato-tko-ce-dijeliti-pravdu-na-utakmici-dinamo-rapid\/"},"wordCount":177,"publisher":{"@id":"https:\/\/radioljubuski.ba\/#organization"},"articleSection":["\u0160port"],"inLanguage":"hr"},{"@type":"WebPage","@id":"https:\/\/radioljubuski.ba\/index.php\/2021\/11\/03\/poznato-tko-ce-dijeliti-pravdu-na-utakmici-dinamo-rapid\/","url":"https:\/\/radioljubuski.ba\/index.php\/2021\/11\/03\/poznato-tko-ce-dijeliti-pravdu-na-utakmici-dinamo-rapid\/","name":"Poznato tko \u0107e dijeliti pravdu na utakmici Dinamo - Rapid - RADIO LJUBU\u0160KI","isPartOf":{"@id":"https:\/\/radioljubuski.ba\/#website"},"datePublished":"2021-11-02T23:06:12+00:00","dateModified":"2021-11-02T23:06:13+00:00","breadcrumb":{"@id":"https:\/\/radioljubuski.ba\/index.php\/2021\/11\/03\/poznato-tko-ce-dijeliti-pravdu-na-utakmici-dinamo-rapid\/#breadcrumb"},"inLanguage":"hr","potentialAction":[{"@type":"ReadAction","target":["https:\/\/radioljubuski.ba\/index.php\/2021\/11\/03\/poznato-tko-ce-dijeliti-pravdu-na-utakmici-dinamo-rapid\/"]}]},{"@type":"BreadcrumbList","@id":"https:\/\/radioljubuski.ba\/index.php\/2021\/11\/03\/poznato-tko-ce-dijeliti-pravdu-na-utakmici-dinamo-rapid\/#breadcrumb","itemListElement":[{"@type":"ListItem","position":1,"name":"Po\u010detna stranica","item":"https:\/\/radioljubuski.ba\/"},{"@type":"ListItem","position":2,"name":"Poznato tko \u0107e dijeliti pravdu na utakmici Dinamo &#8211; Rapid"}]},{"@type":"WebSite","@id":"https:\/\/radioljubuski.ba\/#website","url":"https:\/\/radioljubuski.ba\/","name":"Radio Ljubu\u0161ki","description":"Sun\u010dana frekvencija Hercegovine","publisher":{"@id":"https:\/\/radioljubuski.ba\/#organization"},"potentialAction":[{"@type":"SearchAction","target":{"@type":"EntryPoint","urlTemplate":"https:\/\/radioljubuski.ba\/?s={search_term_string}"},"query-input":{"@type":"PropertyValueSpecification","valueRequired":true,"valueName":"search_term_string"}}],"inLanguage":"hr"},{"@type":"Organization","@id":"https:\/\/radioljubuski.ba\/#organization","name":"Radio Ljubu\u0161ki","url":"https:\/\/radioljubuski.ba\/","logo":{"@type":"ImageObject","inLanguage":"hr","@id":"https:\/\/radioljubuski.ba\/#\/schema\/logo\/image\/","url":"https:\/\/radioljubuski.ba\/wp-content\/uploads\/2021\/02\/cropped-Radio_Ljubuski_logo1.jpg","contentUrl":"https:\/\/radioljubuski.ba\/wp-content\/uploads\/2021\/02\/cropped-Radio_Ljubuski_logo1.jpg","width":512,"height":512,"caption":"Radio Ljubu\u0161ki"},"image":{"@id":"https:\/\/radioljubuski.ba\/#\/schema\/logo\/image\/"},"sameAs":["https:\/\/www.facebook.com\/Radiio-Ljubuski-1490835324566332","https:\/\/x.com\/radioljubuski","https:\/\/hr.linkedin.com\/company\/radio-ljubuski","https:\/\/www.youtube.com\/channel\/UCHYaeO_n0Db3tjNGudGpXyw"]},{"@type":"Person","@id":"https:\/\/radioljubuski.ba\/#\/schema\/person\/19fc700381a780f69665d7956c469e3b","name":"Radio Ljubu\u0161ki"}]}},"_links":{"self":[{"href":"https:\/\/radioljubuski.ba\/index.php\/wp-json\/wp\/v2\/posts\/84111","targetHints":{"allow":["GET"]}}],"collection":[{"href":"https:\/\/radioljubuski.ba\/index.php\/wp-json\/wp\/v2\/posts"}],"about":[{"href":"https:\/\/radioljubuski.ba\/index.php\/wp-json\/wp\/v2\/types\/post"}],"author":[{"embeddable":true,"href":"https:\/\/radioljubuski.ba\/index.php\/wp-json\/wp\/v2\/users\/2"}],"replies":[{"embeddable":true,"href":"https:\/\/radioljubuski.ba\/index.php\/wp-json\/wp\/v2\/comments?post=84111"}],"version-history":[{"count":1,"href":"https:\/\/radioljubuski.ba\/index.php\/wp-json\/wp\/v2\/posts\/84111\/revisions"}],"predecessor-version":[{"id":84113,"href":"https:\/\/radioljubuski.ba\/index.php\/wp-json\/wp\/v2\/posts\/84111\/revisions\/84113"}],"wp:attachment":[{"href":"https:\/\/radioljubuski.ba\/index.php\/wp-json\/wp\/v2\/media?parent=84111"}],"wp:term":[{"taxonomy":"category","embeddable":true,"href":"https:\/\/radioljubuski.ba\/index.php\/wp-json\/wp\/v2\/categories?post=84111"},{"taxonomy":"post_tag","embeddable":true,"href":"https:\/\/radioljubuski.ba\/index.php\/wp-json\/wp\/v2\/tags?post=84111"}],"curies":[{"name":"wp","href":"https:\/\/api.w.org\/{rel}","templated":true}]}}