{"id":84117,"date":"2021-11-03T00:11:03","date_gmt":"2021-11-02T23:11:03","guid":{"rendered":"https:\/\/radioljubuski.ba\/?p=84117"},"modified":"2021-11-03T00:11:05","modified_gmt":"2021-11-02T23:11:05","slug":"hajduk-predstavio-novog-trenera-jakobusic-govorio-o-hns-u-i-smjeni-gustafssona","status":"publish","type":"post","link":"https:\/\/radioljubuski.ba\/index.php\/2021\/11\/03\/hajduk-predstavio-novog-trenera-jakobusic-govorio-o-hns-u-i-smjeni-gustafssona\/","title":{"rendered":"Hajduk predstavio novog trenera, Jakobu\u0161i\u0107 govorio o HNS-u i smjeni Gustafssona"},"content":{"rendered":"\n<p><strong>Predsjednik Uprave Hajduka Luk\u0161a Jakobu\u0161i\u0107, sportski direktor Mindaugas Nikoli\u010dius i trener Valdas Dambrauskas govorili su na konferenciji za medije prilikom predstavljanja litvanskog stru\u010dnjaka na klupi &#8220;Bilih&#8221;.<\/strong><\/p>\n\n\n\n<p>Na po\u010detku rije\u010d je preuzeo predsjednik Uprave:<br><br>&#8211; Drago mi je da mogu predstaviti novog trenera, ali nije mi drag razlog za\u0161to smo tu. Nije to ono \u0161to smo planirali, kad klub mijenja trenera usred sezone, nije dobro, ali \u0161to je &#8211; tu je. Htio bih se zahvaliti biv\u0161em treneru\u00a0<strong>Gustafssonu<\/strong>, mislim da nema osobe u klubu kojoj nije \u017eao \u0161to odlazi. Nismo ispunili ciljeve, nismo u\u0161li u Europsku ligu, \u010dinjenica da nije htio govoriti o razlozima, govori o tome o kakvom se gospodinu radi, morali smo reagirati jer nije imao rezultata. Hajduk se mora boriti za trofeje. Imali smo ideje da nakon stanke analiziramo, ali svi znate kako je to izgledalo zadnje tri, \u010detiri utakmice, rekao je Jakobu\u0161i\u0107 te ustvrdio da je odgovornost njegova za smjenu trenera. &#8211; Prvi \u010dovjek je uvijek odgovoran.<br><br>Sportski direktor Mindaugas Nikoli\u010dius rekao je razloge za\u0161to je doveden ba\u0161 Dambrauskas.<br><br>&#8211; \u017delio bih se zahvaliti biv\u0161em treneru koji vi\u0161e nije u klubu. Trebali smo reagirati brzo, imali smo nekoliko opcija, ali odlu\u010dili smo se za Valdasa. Imao sam dobru suradnju s njim, on dobro postaje ligu, ima iskustva i osvajao je trofeje u svim dr\u017eavama u kojima je trenirao.<br><br>Dambrauskas je sretan zbog dolaska u Hajduk.<br><br>&#8211; Sretan sam \u0161to sam se vratio u Hrvatsku, \u0161to sam do\u0161ao u Split, u Hajduk koji je poznat diljem Europe zbog navija\u010da, povijesti, Privilegiran sam \u0161to sam dio ovog kluba. Ovo je odsad i moja obitelj i poku\u0161at \u0107u dati sve od sebe da Hajduk dobije ono \u0161to i zaslu\u017euje, rekao je Dambrauskas te nastavio:<br><br>&#8211; Nisam dugo bio izvan Hrvatske, pratio sam, promijenilo se nekoliko igra\u010da Hajduka, ali znam ih, znam protivnike. Hajduk \u017eeli napredovati i pobijediti u sljede\u0107oj utakmici. Nikad nisam vodio mom\u010dad koja se ne bori za neku titulu. Moj cilj je pomo\u0107i klubu da to ostvari, a kako brzo \u0107emo to uspjeti, vidjet \u0107emo, zaklju\u010dio je novi trener Hajduka.<\/p>\n\n\n\n<iframe loading=\"lazy\" src=\"https:\/\/www.facebook.com\/plugins\/video.php?height=476&#038;href=https%3A%2F%2Fwww.facebook.com%2FHRTsport%2Fvideos%2F4660742080656940%2F&#038;show_text=false&#038;width=476&#038;t=0\" width=\"476\" height=\"476\" style=\"border:none;overflow:hidden\" scrolling=\"no\" frameborder=\"0\" allowfullscreen=\"true\" allow=\"autoplay; clipboard-write; encrypted-media; picture-in-picture; web-share\" allowFullScreen=\"true\"><\/iframe>\n\n\n\n<p>Predsjednik Uprave govorio je o odabiru trenera i o\u010dekivanju javnosti.<\/p>\n\n\n\n<p>&#8211; Te\u0161ko je Hajduko\u010dkoj javnosti gdje je Hajduk doru\u010dak, ru\u010dak i ve\u010dera ostati zatvoren, a sve zanima sve, ali to je moj stil. Radimo onako kako mislimo da je najbolje, na\u0161 na\u010din rada je malo druga\u010diji. Ne radimo ni\u0161ta napamet, ne radimo ni\u0161ta ishitreno, vjerujem da je sportski direktor ve\u0107 tra\u017eio novog trenera, to je normalan proces, ustvrdio je Jakobu\u0161i\u0107.<\/p>\n\n\n\n<p>Govorio je Jakobu\u0161i\u0107 i o suradnji s HNS-om.<br><br>&#8211; Mogu re\u0107i da sam nazvao&nbsp;<strong>Brunu Mari\u0107a&nbsp;<\/strong>i rekao sam mu da je moj uspjeh \u0161to nemam njegov broj, a njegov je neuspjeh \u0161to sam ga nabavio. Moj na\u010din nije takav, ali \u010dinjenica jest da smo vidjeli u pro\u0161losti da klubovi napi\u0161u ne\u0161to prijete\u0107e, a ne potpi\u0161u se oni imenom i prezimenom. Vidjeli smo da dopredsjednici HNS-a smijenjuju druge predsjednike HNS-a. Mo\u017eemo i mi biti glasni, a ako se mi zaderemo, \u010dut \u0107e se. \u010cinjenica da nas nema tamo, ali zauzet \u0107emo stav jer trebamo biti u tijelima HNS-a, ali ne pod svaku cijenu, kazao je predsjednik Uprave.<br><br><\/p>\n\n\n\n<p>Novi trener svjestan je pritiska, ali se veseli izazovu na klupi.<br><br>&#8211; Nije bilo previ\u0161e razloga za\u0161to sam odabrao Split. Najve\u0107i razlog je Hajduk i ono \u0161to on zna\u010di da Dalmaciju, veliki je izazov preda mnom, bit \u0107u testiran, ne tra\u017eim lake zada\u0107e, ali pobijediti s Hajdukom i osvajati s njim, to bi ne\u0161to zna\u010dilo. Kada uzme\u0161 takav izazov, treba\u0161 imati prave ljude oko sebe, a sportski direktor i predsjednik imaju pravu ideju i potporu, rekao je Dambrauskas.<\/p>\n\n\n\n<p>Izvor:hrt.hr<\/p>\n","protected":false},"excerpt":{"rendered":"<p>Predsjednik Uprave Hajduka Luk\u0161a Jakobu\u0161i\u0107, sportski direktor Mindaugas Nikoli\u010dius i trener Valdas Dambrauskas govorili su na konferenciji za medije prilikom predstavljanja litvanskog stru\u010dnjaka na klupi &#8220;Bilih&#8221;. Na po\u010detku rije\u010d je preuzeo predsjednik Uprave: &#8211; Drago mi je da mogu predstaviti novog trenera, ali nije mi drag razlog za\u0161to smo tu. Nije to ono \u0161to smo [&hellip;]<\/p>\n","protected":false},"author":2,"featured_media":84118,"comment_status":"closed","ping_status":"closed","sticky":false,"template":"","format":"standard","meta":{"h5ap_radio_sources":[],"footnotes":""},"categories":[7],"tags":[],"class_list":["post-84117","post","type-post","status-publish","format-standard","has-post-thumbnail","hentry","category-sport"],"yoast_head":"<!-- This site is optimized with the Yoast SEO plugin v27.5 - https:\/\/yoast.com\/product\/yoast-seo-wordpress\/ -->\n<title>Hajduk predstavio novog trenera, Jakobu\u0161i\u0107 govorio o HNS-u i smjeni Gustafssona - RADIO LJUBU\u0160KI<\/title>\n<meta name=\"robots\" content=\"index, follow, max-snippet:-1, max-image-preview:large, max-video-preview:-1\" \/>\n<link rel=\"canonical\" href=\"https:\/\/radioljubuski.ba\/index.php\/2021\/11\/03\/hajduk-predstavio-novog-trenera-jakobusic-govorio-o-hns-u-i-smjeni-gustafssona\/\" \/>\n<meta property=\"og:locale\" content=\"hr_HR\" \/>\n<meta property=\"og:type\" content=\"article\" \/>\n<meta property=\"og:title\" content=\"Hajduk predstavio novog trenera, Jakobu\u0161i\u0107 govorio o HNS-u i smjeni Gustafssona - RADIO LJUBU\u0160KI\" \/>\n<meta property=\"og:description\" content=\"Predsjednik Uprave Hajduka Luk\u0161a Jakobu\u0161i\u0107, sportski direktor Mindaugas Nikoli\u010dius i trener Valdas Dambrauskas govorili su na konferenciji za medije prilikom predstavljanja litvanskog stru\u010dnjaka na klupi &#8220;Bilih&#8221;. Na po\u010detku rije\u010d je preuzeo predsjednik Uprave: &#8211; Drago mi je da mogu predstaviti novog trenera, ali nije mi drag razlog za\u0161to smo tu. Nije to ono \u0161to smo [&hellip;]\" \/>\n<meta property=\"og:url\" content=\"https:\/\/radioljubuski.ba\/index.php\/2021\/11\/03\/hajduk-predstavio-novog-trenera-jakobusic-govorio-o-hns-u-i-smjeni-gustafssona\/\" \/>\n<meta property=\"og:site_name\" content=\"RADIO LJUBU\u0160KI\" \/>\n<meta property=\"article:publisher\" content=\"https:\/\/www.facebook.com\/Radiio-Ljubuski-1490835324566332\" \/>\n<meta property=\"article:published_time\" content=\"2021-11-02T23:11:03+00:00\" \/>\n<meta property=\"article:modified_time\" content=\"2021-11-02T23:11:05+00:00\" \/>\n<meta property=\"og:image\" content=\"https:\/\/radioljubuski.ba\/wp-content\/uploads\/2021\/11\/hajduk-press1-20211102182618.jpg\" \/>\n\t<meta property=\"og:image:width\" content=\"1920\" \/>\n\t<meta property=\"og:image:height\" content=\"1080\" \/>\n\t<meta property=\"og:image:type\" content=\"image\/jpeg\" \/>\n<meta name=\"author\" content=\"Radio Ljubu\u0161ki\" \/>\n<meta name=\"twitter:card\" content=\"summary_large_image\" \/>\n<meta name=\"twitter:creator\" content=\"@radioljubuski\" \/>\n<meta name=\"twitter:site\" content=\"@radioljubuski\" \/>\n<meta name=\"twitter:label1\" content=\"Napisao\/la\" \/>\n\t<meta name=\"twitter:data1\" content=\"Radio Ljubu\u0161ki\" \/>\n\t<meta name=\"twitter:label2\" content=\"Procijenjeno vrijeme \u010ditanja\" \/>\n\t<meta name=\"twitter:data2\" content=\"3 minute\" \/>\n<script type=\"application\/ld+json\" class=\"yoast-schema-graph\">{\"@context\":\"https:\\\/\\\/schema.org\",\"@graph\":[{\"@type\":\"Article\",\"@id\":\"https:\\\/\\\/radioljubuski.ba\\\/index.php\\\/2021\\\/11\\\/03\\\/hajduk-predstavio-novog-trenera-jakobusic-govorio-o-hns-u-i-smjeni-gustafssona\\\/#article\",\"isPartOf\":{\"@id\":\"https:\\\/\\\/radioljubuski.ba\\\/index.php\\\/2021\\\/11\\\/03\\\/hajduk-predstavio-novog-trenera-jakobusic-govorio-o-hns-u-i-smjeni-gustafssona\\\/\"},\"author\":{\"name\":\"Radio Ljubu\u0161ki\",\"@id\":\"https:\\\/\\\/radioljubuski.ba\\\/#\\\/schema\\\/person\\\/19fc700381a780f69665d7956c469e3b\"},\"headline\":\"Hajduk predstavio novog trenera, Jakobu\u0161i\u0107 govorio o HNS-u i smjeni Gustafssona\",\"datePublished\":\"2021-11-02T23:11:03+00:00\",\"dateModified\":\"2021-11-02T23:11:05+00:00\",\"mainEntityOfPage\":{\"@id\":\"https:\\\/\\\/radioljubuski.ba\\\/index.php\\\/2021\\\/11\\\/03\\\/hajduk-predstavio-novog-trenera-jakobusic-govorio-o-hns-u-i-smjeni-gustafssona\\\/\"},\"wordCount\":668,\"publisher\":{\"@id\":\"https:\\\/\\\/radioljubuski.ba\\\/#organization\"},\"image\":{\"@id\":\"https:\\\/\\\/radioljubuski.ba\\\/index.php\\\/2021\\\/11\\\/03\\\/hajduk-predstavio-novog-trenera-jakobusic-govorio-o-hns-u-i-smjeni-gustafssona\\\/#primaryimage\"},\"thumbnailUrl\":\"https:\\\/\\\/radioljubuski.ba\\\/wp-content\\\/uploads\\\/2021\\\/11\\\/hajduk-press1-20211102182618.jpg\",\"articleSection\":[\"\u0160port\"],\"inLanguage\":\"hr\"},{\"@type\":\"WebPage\",\"@id\":\"https:\\\/\\\/radioljubuski.ba\\\/index.php\\\/2021\\\/11\\\/03\\\/hajduk-predstavio-novog-trenera-jakobusic-govorio-o-hns-u-i-smjeni-gustafssona\\\/\",\"url\":\"https:\\\/\\\/radioljubuski.ba\\\/index.php\\\/2021\\\/11\\\/03\\\/hajduk-predstavio-novog-trenera-jakobusic-govorio-o-hns-u-i-smjeni-gustafssona\\\/\",\"name\":\"Hajduk predstavio novog trenera, Jakobu\u0161i\u0107 govorio o HNS-u i smjeni Gustafssona - RADIO LJUBU\u0160KI\",\"isPartOf\":{\"@id\":\"https:\\\/\\\/radioljubuski.ba\\\/#website\"},\"primaryImageOfPage\":{\"@id\":\"https:\\\/\\\/radioljubuski.ba\\\/index.php\\\/2021\\\/11\\\/03\\\/hajduk-predstavio-novog-trenera-jakobusic-govorio-o-hns-u-i-smjeni-gustafssona\\\/#primaryimage\"},\"image\":{\"@id\":\"https:\\\/\\\/radioljubuski.ba\\\/index.php\\\/2021\\\/11\\\/03\\\/hajduk-predstavio-novog-trenera-jakobusic-govorio-o-hns-u-i-smjeni-gustafssona\\\/#primaryimage\"},\"thumbnailUrl\":\"https:\\\/\\\/radioljubuski.ba\\\/wp-content\\\/uploads\\\/2021\\\/11\\\/hajduk-press1-20211102182618.jpg\",\"datePublished\":\"2021-11-02T23:11:03+00:00\",\"dateModified\":\"2021-11-02T23:11:05+00:00\",\"breadcrumb\":{\"@id\":\"https:\\\/\\\/radioljubuski.ba\\\/index.php\\\/2021\\\/11\\\/03\\\/hajduk-predstavio-novog-trenera-jakobusic-govorio-o-hns-u-i-smjeni-gustafssona\\\/#breadcrumb\"},\"inLanguage\":\"hr\",\"potentialAction\":[{\"@type\":\"ReadAction\",\"target\":[\"https:\\\/\\\/radioljubuski.ba\\\/index.php\\\/2021\\\/11\\\/03\\\/hajduk-predstavio-novog-trenera-jakobusic-govorio-o-hns-u-i-smjeni-gustafssona\\\/\"]}]},{\"@type\":\"ImageObject\",\"inLanguage\":\"hr\",\"@id\":\"https:\\\/\\\/radioljubuski.ba\\\/index.php\\\/2021\\\/11\\\/03\\\/hajduk-predstavio-novog-trenera-jakobusic-govorio-o-hns-u-i-smjeni-gustafssona\\\/#primaryimage\",\"url\":\"https:\\\/\\\/radioljubuski.ba\\\/wp-content\\\/uploads\\\/2021\\\/11\\\/hajduk-press1-20211102182618.jpg\",\"contentUrl\":\"https:\\\/\\\/radioljubuski.ba\\\/wp-content\\\/uploads\\\/2021\\\/11\\\/hajduk-press1-20211102182618.jpg\",\"width\":1920,\"height\":1080},{\"@type\":\"BreadcrumbList\",\"@id\":\"https:\\\/\\\/radioljubuski.ba\\\/index.php\\\/2021\\\/11\\\/03\\\/hajduk-predstavio-novog-trenera-jakobusic-govorio-o-hns-u-i-smjeni-gustafssona\\\/#breadcrumb\",\"itemListElement\":[{\"@type\":\"ListItem\",\"position\":1,\"name\":\"Po\u010detna stranica\",\"item\":\"https:\\\/\\\/radioljubuski.ba\\\/\"},{\"@type\":\"ListItem\",\"position\":2,\"name\":\"Hajduk predstavio novog trenera, Jakobu\u0161i\u0107 govorio o HNS-u i smjeni Gustafssona\"}]},{\"@type\":\"WebSite\",\"@id\":\"https:\\\/\\\/radioljubuski.ba\\\/#website\",\"url\":\"https:\\\/\\\/radioljubuski.ba\\\/\",\"name\":\"Radio Ljubu\u0161ki\",\"description\":\"Sun\u010dana frekvencija Hercegovine\",\"publisher\":{\"@id\":\"https:\\\/\\\/radioljubuski.ba\\\/#organization\"},\"potentialAction\":[{\"@type\":\"SearchAction\",\"target\":{\"@type\":\"EntryPoint\",\"urlTemplate\":\"https:\\\/\\\/radioljubuski.ba\\\/?s={search_term_string}\"},\"query-input\":{\"@type\":\"PropertyValueSpecification\",\"valueRequired\":true,\"valueName\":\"search_term_string\"}}],\"inLanguage\":\"hr\"},{\"@type\":\"Organization\",\"@id\":\"https:\\\/\\\/radioljubuski.ba\\\/#organization\",\"name\":\"Radio Ljubu\u0161ki\",\"url\":\"https:\\\/\\\/radioljubuski.ba\\\/\",\"logo\":{\"@type\":\"ImageObject\",\"inLanguage\":\"hr\",\"@id\":\"https:\\\/\\\/radioljubuski.ba\\\/#\\\/schema\\\/logo\\\/image\\\/\",\"url\":\"https:\\\/\\\/radioljubuski.ba\\\/wp-content\\\/uploads\\\/2021\\\/02\\\/cropped-Radio_Ljubuski_logo1.jpg\",\"contentUrl\":\"https:\\\/\\\/radioljubuski.ba\\\/wp-content\\\/uploads\\\/2021\\\/02\\\/cropped-Radio_Ljubuski_logo1.jpg\",\"width\":512,\"height\":512,\"caption\":\"Radio Ljubu\u0161ki\"},\"image\":{\"@id\":\"https:\\\/\\\/radioljubuski.ba\\\/#\\\/schema\\\/logo\\\/image\\\/\"},\"sameAs\":[\"https:\\\/\\\/www.facebook.com\\\/Radiio-Ljubuski-1490835324566332\",\"https:\\\/\\\/x.com\\\/radioljubuski\",\"https:\\\/\\\/hr.linkedin.com\\\/company\\\/radio-ljubuski\",\"https:\\\/\\\/www.youtube.com\\\/channel\\\/UCHYaeO_n0Db3tjNGudGpXyw\"]},{\"@type\":\"Person\",\"@id\":\"https:\\\/\\\/radioljubuski.ba\\\/#\\\/schema\\\/person\\\/19fc700381a780f69665d7956c469e3b\",\"name\":\"Radio Ljubu\u0161ki\"}]}<\/script>\n<!-- \/ Yoast SEO plugin. -->","yoast_head_json":{"title":"Hajduk predstavio novog trenera, Jakobu\u0161i\u0107 govorio o HNS-u i smjeni Gustafssona - RADIO LJUBU\u0160KI","robots":{"index":"index","follow":"follow","max-snippet":"max-snippet:-1","max-image-preview":"max-image-preview:large","max-video-preview":"max-video-preview:-1"},"canonical":"https:\/\/radioljubuski.ba\/index.php\/2021\/11\/03\/hajduk-predstavio-novog-trenera-jakobusic-govorio-o-hns-u-i-smjeni-gustafssona\/","og_locale":"hr_HR","og_type":"article","og_title":"Hajduk predstavio novog trenera, Jakobu\u0161i\u0107 govorio o HNS-u i smjeni Gustafssona - RADIO LJUBU\u0160KI","og_description":"Predsjednik Uprave Hajduka Luk\u0161a Jakobu\u0161i\u0107, sportski direktor Mindaugas Nikoli\u010dius i trener Valdas Dambrauskas govorili su na konferenciji za medije prilikom predstavljanja litvanskog stru\u010dnjaka na klupi &#8220;Bilih&#8221;. Na po\u010detku rije\u010d je preuzeo predsjednik Uprave: &#8211; Drago mi je da mogu predstaviti novog trenera, ali nije mi drag razlog za\u0161to smo tu. Nije to ono \u0161to smo [&hellip;]","og_url":"https:\/\/radioljubuski.ba\/index.php\/2021\/11\/03\/hajduk-predstavio-novog-trenera-jakobusic-govorio-o-hns-u-i-smjeni-gustafssona\/","og_site_name":"RADIO LJUBU\u0160KI","article_publisher":"https:\/\/www.facebook.com\/Radiio-Ljubuski-1490835324566332","article_published_time":"2021-11-02T23:11:03+00:00","article_modified_time":"2021-11-02T23:11:05+00:00","og_image":[{"width":1920,"height":1080,"url":"https:\/\/radioljubuski.ba\/wp-content\/uploads\/2021\/11\/hajduk-press1-20211102182618.jpg","type":"image\/jpeg"}],"author":"Radio Ljubu\u0161ki","twitter_card":"summary_large_image","twitter_creator":"@radioljubuski","twitter_site":"@radioljubuski","twitter_misc":{"Napisao\/la":"Radio Ljubu\u0161ki","Procijenjeno vrijeme \u010ditanja":"3 minute"},"schema":{"@context":"https:\/\/schema.org","@graph":[{"@type":"Article","@id":"https:\/\/radioljubuski.ba\/index.php\/2021\/11\/03\/hajduk-predstavio-novog-trenera-jakobusic-govorio-o-hns-u-i-smjeni-gustafssona\/#article","isPartOf":{"@id":"https:\/\/radioljubuski.ba\/index.php\/2021\/11\/03\/hajduk-predstavio-novog-trenera-jakobusic-govorio-o-hns-u-i-smjeni-gustafssona\/"},"author":{"name":"Radio Ljubu\u0161ki","@id":"https:\/\/radioljubuski.ba\/#\/schema\/person\/19fc700381a780f69665d7956c469e3b"},"headline":"Hajduk predstavio novog trenera, Jakobu\u0161i\u0107 govorio o HNS-u i smjeni Gustafssona","datePublished":"2021-11-02T23:11:03+00:00","dateModified":"2021-11-02T23:11:05+00:00","mainEntityOfPage":{"@id":"https:\/\/radioljubuski.ba\/index.php\/2021\/11\/03\/hajduk-predstavio-novog-trenera-jakobusic-govorio-o-hns-u-i-smjeni-gustafssona\/"},"wordCount":668,"publisher":{"@id":"https:\/\/radioljubuski.ba\/#organization"},"image":{"@id":"https:\/\/radioljubuski.ba\/index.php\/2021\/11\/03\/hajduk-predstavio-novog-trenera-jakobusic-govorio-o-hns-u-i-smjeni-gustafssona\/#primaryimage"},"thumbnailUrl":"https:\/\/radioljubuski.ba\/wp-content\/uploads\/2021\/11\/hajduk-press1-20211102182618.jpg","articleSection":["\u0160port"],"inLanguage":"hr"},{"@type":"WebPage","@id":"https:\/\/radioljubuski.ba\/index.php\/2021\/11\/03\/hajduk-predstavio-novog-trenera-jakobusic-govorio-o-hns-u-i-smjeni-gustafssona\/","url":"https:\/\/radioljubuski.ba\/index.php\/2021\/11\/03\/hajduk-predstavio-novog-trenera-jakobusic-govorio-o-hns-u-i-smjeni-gustafssona\/","name":"Hajduk predstavio novog trenera, Jakobu\u0161i\u0107 govorio o HNS-u i smjeni Gustafssona - RADIO LJUBU\u0160KI","isPartOf":{"@id":"https:\/\/radioljubuski.ba\/#website"},"primaryImageOfPage":{"@id":"https:\/\/radioljubuski.ba\/index.php\/2021\/11\/03\/hajduk-predstavio-novog-trenera-jakobusic-govorio-o-hns-u-i-smjeni-gustafssona\/#primaryimage"},"image":{"@id":"https:\/\/radioljubuski.ba\/index.php\/2021\/11\/03\/hajduk-predstavio-novog-trenera-jakobusic-govorio-o-hns-u-i-smjeni-gustafssona\/#primaryimage"},"thumbnailUrl":"https:\/\/radioljubuski.ba\/wp-content\/uploads\/2021\/11\/hajduk-press1-20211102182618.jpg","datePublished":"2021-11-02T23:11:03+00:00","dateModified":"2021-11-02T23:11:05+00:00","breadcrumb":{"@id":"https:\/\/radioljubuski.ba\/index.php\/2021\/11\/03\/hajduk-predstavio-novog-trenera-jakobusic-govorio-o-hns-u-i-smjeni-gustafssona\/#breadcrumb"},"inLanguage":"hr","potentialAction":[{"@type":"ReadAction","target":["https:\/\/radioljubuski.ba\/index.php\/2021\/11\/03\/hajduk-predstavio-novog-trenera-jakobusic-govorio-o-hns-u-i-smjeni-gustafssona\/"]}]},{"@type":"ImageObject","inLanguage":"hr","@id":"https:\/\/radioljubuski.ba\/index.php\/2021\/11\/03\/hajduk-predstavio-novog-trenera-jakobusic-govorio-o-hns-u-i-smjeni-gustafssona\/#primaryimage","url":"https:\/\/radioljubuski.ba\/wp-content\/uploads\/2021\/11\/hajduk-press1-20211102182618.jpg","contentUrl":"https:\/\/radioljubuski.ba\/wp-content\/uploads\/2021\/11\/hajduk-press1-20211102182618.jpg","width":1920,"height":1080},{"@type":"BreadcrumbList","@id":"https:\/\/radioljubuski.ba\/index.php\/2021\/11\/03\/hajduk-predstavio-novog-trenera-jakobusic-govorio-o-hns-u-i-smjeni-gustafssona\/#breadcrumb","itemListElement":[{"@type":"ListItem","position":1,"name":"Po\u010detna stranica","item":"https:\/\/radioljubuski.ba\/"},{"@type":"ListItem","position":2,"name":"Hajduk predstavio novog trenera, Jakobu\u0161i\u0107 govorio o HNS-u i smjeni Gustafssona"}]},{"@type":"WebSite","@id":"https:\/\/radioljubuski.ba\/#website","url":"https:\/\/radioljubuski.ba\/","name":"Radio Ljubu\u0161ki","description":"Sun\u010dana frekvencija Hercegovine","publisher":{"@id":"https:\/\/radioljubuski.ba\/#organization"},"potentialAction":[{"@type":"SearchAction","target":{"@type":"EntryPoint","urlTemplate":"https:\/\/radioljubuski.ba\/?s={search_term_string}"},"query-input":{"@type":"PropertyValueSpecification","valueRequired":true,"valueName":"search_term_string"}}],"inLanguage":"hr"},{"@type":"Organization","@id":"https:\/\/radioljubuski.ba\/#organization","name":"Radio Ljubu\u0161ki","url":"https:\/\/radioljubuski.ba\/","logo":{"@type":"ImageObject","inLanguage":"hr","@id":"https:\/\/radioljubuski.ba\/#\/schema\/logo\/image\/","url":"https:\/\/radioljubuski.ba\/wp-content\/uploads\/2021\/02\/cropped-Radio_Ljubuski_logo1.jpg","contentUrl":"https:\/\/radioljubuski.ba\/wp-content\/uploads\/2021\/02\/cropped-Radio_Ljubuski_logo1.jpg","width":512,"height":512,"caption":"Radio Ljubu\u0161ki"},"image":{"@id":"https:\/\/radioljubuski.ba\/#\/schema\/logo\/image\/"},"sameAs":["https:\/\/www.facebook.com\/Radiio-Ljubuski-1490835324566332","https:\/\/x.com\/radioljubuski","https:\/\/hr.linkedin.com\/company\/radio-ljubuski","https:\/\/www.youtube.com\/channel\/UCHYaeO_n0Db3tjNGudGpXyw"]},{"@type":"Person","@id":"https:\/\/radioljubuski.ba\/#\/schema\/person\/19fc700381a780f69665d7956c469e3b","name":"Radio Ljubu\u0161ki"}]}},"_links":{"self":[{"href":"https:\/\/radioljubuski.ba\/index.php\/wp-json\/wp\/v2\/posts\/84117","targetHints":{"allow":["GET"]}}],"collection":[{"href":"https:\/\/radioljubuski.ba\/index.php\/wp-json\/wp\/v2\/posts"}],"about":[{"href":"https:\/\/radioljubuski.ba\/index.php\/wp-json\/wp\/v2\/types\/post"}],"author":[{"embeddable":true,"href":"https:\/\/radioljubuski.ba\/index.php\/wp-json\/wp\/v2\/users\/2"}],"replies":[{"embeddable":true,"href":"https:\/\/radioljubuski.ba\/index.php\/wp-json\/wp\/v2\/comments?post=84117"}],"version-history":[{"count":1,"href":"https:\/\/radioljubuski.ba\/index.php\/wp-json\/wp\/v2\/posts\/84117\/revisions"}],"predecessor-version":[{"id":84119,"href":"https:\/\/radioljubuski.ba\/index.php\/wp-json\/wp\/v2\/posts\/84117\/revisions\/84119"}],"wp:featuredmedia":[{"embeddable":true,"href":"https:\/\/radioljubuski.ba\/index.php\/wp-json\/wp\/v2\/media\/84118"}],"wp:attachment":[{"href":"https:\/\/radioljubuski.ba\/index.php\/wp-json\/wp\/v2\/media?parent=84117"}],"wp:term":[{"taxonomy":"category","embeddable":true,"href":"https:\/\/radioljubuski.ba\/index.php\/wp-json\/wp\/v2\/categories?post=84117"},{"taxonomy":"post_tag","embeddable":true,"href":"https:\/\/radioljubuski.ba\/index.php\/wp-json\/wp\/v2\/tags?post=84117"}],"curies":[{"name":"wp","href":"https:\/\/api.w.org\/{rel}","templated":true}]}}