{"id":84126,"date":"2021-11-03T00:16:28","date_gmt":"2021-11-02T23:16:28","guid":{"rendered":"https:\/\/radioljubuski.ba\/?p=84126"},"modified":"2021-11-03T00:16:29","modified_gmt":"2021-11-02T23:16:29","slug":"ibrahimovic-opet-dobio-poziv-svedskog-izbornika","status":"publish","type":"post","link":"https:\/\/radioljubuski.ba\/index.php\/2021\/11\/03\/ibrahimovic-opet-dobio-poziv-svedskog-izbornika\/","title":{"rendered":"Ibrahimovi\u0107 opet dobio poziv \u0161vedskog izbornika"},"content":{"rendered":"\n<p><strong>Napada\u010d Milana&nbsp;Zlatan&nbsp;Ibrahimovi\u0107, koji se oporavio od ozljede, pozvan je u \u0161vedsku reprezentaciju za zadnje dvije kvalifikacijske utakmice za SP 2022. protiv Gruzije i \u0160panjolske.<\/strong><\/p>\n\n\n\n<p>\u010cetrdesetogodi\u0161nji Ibrahimovi\u0107 koji je u zadnje tri utakmice Serie A zabio dva gola morao je propustiti Euro 2020. zbog ozljede koljena i iako ga je izbornik&nbsp;<strong>Janne&nbsp;Andersson&nbsp;<\/strong>pozvao u reprezentaciju za kvalifikacije u listopadu opet je bio prisiljen povu\u0107i se kako bi mogao nastaviti oporavak.<\/p>\n\n\n\n<p>Sada se vra\u0107a u \u0161vedsku reprezentaciju koja je vode\u0107a u skupini B nakon \u0161est utakmica sa 15 bodova, dva vi\u0161e od \u0160panjolske. Pobjednik skupine se izravno kvalificira na SP u Kataru, dok drugoplasirani ide u doigravanje.<\/p>\n\n\n\n<blockquote class=\"twitter-tweet\"><p lang=\"es\" dir=\"ltr\">\ud83d\udca5 \u00daLTIMA HORA I <a href=\"https:\/\/twitter.com\/Ibra_official?ref_src=twsrc%5Etfw\">@Ibra_official<\/a> es convocado por Suecia para el partido de clasificaci\u00f3n al Mundial contra la <a href=\"https:\/\/twitter.com\/SeFutbol?ref_src=twsrc%5Etfw\">@SeFutbol<\/a> <br><br>\ud83c\udd9a Espa\u00f1a &#8211; Suecia<br>\ud83d\udcc5 Domingo 14 de noviembre<br>\u23f0 20:45h<br><br>\ud83d\udcfb <a href=\"https:\/\/twitter.com\/hashtag\/PartidazoCOPE?src=hash&amp;ref_src=twsrc%5Etfw\">#PartidazoCOPE<\/a> <a href=\"https:\/\/t.co\/ogfSR7TbFj\">pic.twitter.com\/ogfSR7TbFj<\/a><\/p>&mdash; El Partidazo de COPE (@partidazocope) <a href=\"https:\/\/twitter.com\/partidazocope\/status\/1455504654167588864?ref_src=twsrc%5Etfw\">November 2, 2021<\/a><\/blockquote> <script async src=\"https:\/\/platform.twitter.com\/widgets.js\" charset=\"utf-8\"><\/script>\n\n\n\n<p>&#8211; Pola\u017eem velike nade da \u0107e biti u stanju pridonijeti, kazao je Andersson.&nbsp;<\/p>\n\n\n\n<p>&#8211; Dosta smo kontaktirali i on jedva \u010deka priklju\u010diti se reprezentaciji. Naravno, to je dobro za nas da imamo tako dobrog igra\u010da s toliko iskustva u tako klju\u010dnoj situaciji.<\/p>\n\n\n\n<p>\u0160vedska prvu utakmicu protiv Gruzije igra 11. studenog u Batumiju, a onda tri dana kasnije gostuje protiv \u0160panjolske u Sevilli.<\/p>\n\n\n\n<p>Izvor:hrt.hr<\/p>\n","protected":false},"excerpt":{"rendered":"<p>Napada\u010d Milana&nbsp;Zlatan&nbsp;Ibrahimovi\u0107, koji se oporavio od ozljede, pozvan je u \u0161vedsku reprezentaciju za zadnje dvije kvalifikacijske utakmice za SP 2022. protiv Gruzije i \u0160panjolske. \u010cetrdesetogodi\u0161nji Ibrahimovi\u0107 koji je u zadnje tri utakmice Serie A zabio dva gola morao je propustiti Euro 2020. zbog ozljede koljena i iako ga je izbornik&nbsp;Janne&nbsp;Andersson&nbsp;pozvao u reprezentaciju za kvalifikacije u [&hellip;]<\/p>\n","protected":false},"author":2,"featured_media":76501,"comment_status":"closed","ping_status":"closed","sticky":false,"template":"","format":"standard","meta":{"h5ap_radio_sources":[],"footnotes":""},"categories":[7],"tags":[],"class_list":["post-84126","post","type-post","status-publish","format-standard","has-post-thumbnail","hentry","category-sport"],"yoast_head":"<!-- This site is optimized with the Yoast SEO plugin v27.5 - https:\/\/yoast.com\/product\/yoast-seo-wordpress\/ -->\n<title>Ibrahimovi\u0107 opet dobio poziv \u0161vedskog izbornika - RADIO LJUBU\u0160KI<\/title>\n<meta name=\"robots\" content=\"index, follow, max-snippet:-1, max-image-preview:large, max-video-preview:-1\" \/>\n<link rel=\"canonical\" href=\"https:\/\/radioljubuski.ba\/index.php\/2021\/11\/03\/ibrahimovic-opet-dobio-poziv-svedskog-izbornika\/\" \/>\n<meta property=\"og:locale\" content=\"hr_HR\" \/>\n<meta property=\"og:type\" content=\"article\" \/>\n<meta property=\"og:title\" content=\"Ibrahimovi\u0107 opet dobio poziv \u0161vedskog izbornika - RADIO LJUBU\u0160KI\" \/>\n<meta property=\"og:description\" content=\"Napada\u010d Milana&nbsp;Zlatan&nbsp;Ibrahimovi\u0107, koji se oporavio od ozljede, pozvan je u \u0161vedsku reprezentaciju za zadnje dvije kvalifikacijske utakmice za SP 2022. protiv Gruzije i \u0160panjolske. \u010cetrdesetogodi\u0161nji Ibrahimovi\u0107 koji je u zadnje tri utakmice Serie A zabio dva gola morao je propustiti Euro 2020. zbog ozljede koljena i iako ga je izbornik&nbsp;Janne&nbsp;Andersson&nbsp;pozvao u reprezentaciju za kvalifikacije u [&hellip;]\" \/>\n<meta property=\"og:url\" content=\"https:\/\/radioljubuski.ba\/index.php\/2021\/11\/03\/ibrahimovic-opet-dobio-poziv-svedskog-izbornika\/\" \/>\n<meta property=\"og:site_name\" content=\"RADIO LJUBU\u0160KI\" \/>\n<meta property=\"article:publisher\" content=\"https:\/\/www.facebook.com\/Radiio-Ljubuski-1490835324566332\" \/>\n<meta property=\"article:published_time\" content=\"2021-11-02T23:16:28+00:00\" \/>\n<meta property=\"article:modified_time\" content=\"2021-11-02T23:16:29+00:00\" \/>\n<meta property=\"og:image\" content=\"https:\/\/radioljubuski.ba\/wp-content\/uploads\/2021\/10\/62175932-zlatan-ibrahimovic.jpg\" \/>\n\t<meta property=\"og:image:width\" content=\"1296\" \/>\n\t<meta property=\"og:image:height\" content=\"640\" \/>\n\t<meta property=\"og:image:type\" content=\"image\/jpeg\" \/>\n<meta name=\"author\" content=\"Radio Ljubu\u0161ki\" \/>\n<meta name=\"twitter:card\" content=\"summary_large_image\" \/>\n<meta name=\"twitter:creator\" content=\"@radioljubuski\" \/>\n<meta name=\"twitter:site\" content=\"@radioljubuski\" \/>\n<meta name=\"twitter:label1\" content=\"Napisao\/la\" \/>\n\t<meta name=\"twitter:data1\" content=\"Radio Ljubu\u0161ki\" \/>\n\t<meta name=\"twitter:label2\" content=\"Procijenjeno vrijeme \u010ditanja\" \/>\n\t<meta name=\"twitter:data2\" content=\"1 minuta\" \/>\n<script type=\"application\/ld+json\" class=\"yoast-schema-graph\">{\"@context\":\"https:\\\/\\\/schema.org\",\"@graph\":[{\"@type\":\"Article\",\"@id\":\"https:\\\/\\\/radioljubuski.ba\\\/index.php\\\/2021\\\/11\\\/03\\\/ibrahimovic-opet-dobio-poziv-svedskog-izbornika\\\/#article\",\"isPartOf\":{\"@id\":\"https:\\\/\\\/radioljubuski.ba\\\/index.php\\\/2021\\\/11\\\/03\\\/ibrahimovic-opet-dobio-poziv-svedskog-izbornika\\\/\"},\"author\":{\"name\":\"Radio Ljubu\u0161ki\",\"@id\":\"https:\\\/\\\/radioljubuski.ba\\\/#\\\/schema\\\/person\\\/19fc700381a780f69665d7956c469e3b\"},\"headline\":\"Ibrahimovi\u0107 opet dobio poziv \u0161vedskog izbornika\",\"datePublished\":\"2021-11-02T23:16:28+00:00\",\"dateModified\":\"2021-11-02T23:16:29+00:00\",\"mainEntityOfPage\":{\"@id\":\"https:\\\/\\\/radioljubuski.ba\\\/index.php\\\/2021\\\/11\\\/03\\\/ibrahimovic-opet-dobio-poziv-svedskog-izbornika\\\/\"},\"wordCount\":231,\"publisher\":{\"@id\":\"https:\\\/\\\/radioljubuski.ba\\\/#organization\"},\"image\":{\"@id\":\"https:\\\/\\\/radioljubuski.ba\\\/index.php\\\/2021\\\/11\\\/03\\\/ibrahimovic-opet-dobio-poziv-svedskog-izbornika\\\/#primaryimage\"},\"thumbnailUrl\":\"https:\\\/\\\/radioljubuski.ba\\\/wp-content\\\/uploads\\\/2021\\\/10\\\/62175932-zlatan-ibrahimovic.jpg\",\"articleSection\":[\"\u0160port\"],\"inLanguage\":\"hr\"},{\"@type\":\"WebPage\",\"@id\":\"https:\\\/\\\/radioljubuski.ba\\\/index.php\\\/2021\\\/11\\\/03\\\/ibrahimovic-opet-dobio-poziv-svedskog-izbornika\\\/\",\"url\":\"https:\\\/\\\/radioljubuski.ba\\\/index.php\\\/2021\\\/11\\\/03\\\/ibrahimovic-opet-dobio-poziv-svedskog-izbornika\\\/\",\"name\":\"Ibrahimovi\u0107 opet dobio poziv \u0161vedskog izbornika - RADIO LJUBU\u0160KI\",\"isPartOf\":{\"@id\":\"https:\\\/\\\/radioljubuski.ba\\\/#website\"},\"primaryImageOfPage\":{\"@id\":\"https:\\\/\\\/radioljubuski.ba\\\/index.php\\\/2021\\\/11\\\/03\\\/ibrahimovic-opet-dobio-poziv-svedskog-izbornika\\\/#primaryimage\"},\"image\":{\"@id\":\"https:\\\/\\\/radioljubuski.ba\\\/index.php\\\/2021\\\/11\\\/03\\\/ibrahimovic-opet-dobio-poziv-svedskog-izbornika\\\/#primaryimage\"},\"thumbnailUrl\":\"https:\\\/\\\/radioljubuski.ba\\\/wp-content\\\/uploads\\\/2021\\\/10\\\/62175932-zlatan-ibrahimovic.jpg\",\"datePublished\":\"2021-11-02T23:16:28+00:00\",\"dateModified\":\"2021-11-02T23:16:29+00:00\",\"breadcrumb\":{\"@id\":\"https:\\\/\\\/radioljubuski.ba\\\/index.php\\\/2021\\\/11\\\/03\\\/ibrahimovic-opet-dobio-poziv-svedskog-izbornika\\\/#breadcrumb\"},\"inLanguage\":\"hr\",\"potentialAction\":[{\"@type\":\"ReadAction\",\"target\":[\"https:\\\/\\\/radioljubuski.ba\\\/index.php\\\/2021\\\/11\\\/03\\\/ibrahimovic-opet-dobio-poziv-svedskog-izbornika\\\/\"]}]},{\"@type\":\"ImageObject\",\"inLanguage\":\"hr\",\"@id\":\"https:\\\/\\\/radioljubuski.ba\\\/index.php\\\/2021\\\/11\\\/03\\\/ibrahimovic-opet-dobio-poziv-svedskog-izbornika\\\/#primaryimage\",\"url\":\"https:\\\/\\\/radioljubuski.ba\\\/wp-content\\\/uploads\\\/2021\\\/10\\\/62175932-zlatan-ibrahimovic.jpg\",\"contentUrl\":\"https:\\\/\\\/radioljubuski.ba\\\/wp-content\\\/uploads\\\/2021\\\/10\\\/62175932-zlatan-ibrahimovic.jpg\",\"width\":1296,\"height\":640},{\"@type\":\"BreadcrumbList\",\"@id\":\"https:\\\/\\\/radioljubuski.ba\\\/index.php\\\/2021\\\/11\\\/03\\\/ibrahimovic-opet-dobio-poziv-svedskog-izbornika\\\/#breadcrumb\",\"itemListElement\":[{\"@type\":\"ListItem\",\"position\":1,\"name\":\"Po\u010detna stranica\",\"item\":\"https:\\\/\\\/radioljubuski.ba\\\/\"},{\"@type\":\"ListItem\",\"position\":2,\"name\":\"Ibrahimovi\u0107 opet dobio poziv \u0161vedskog izbornika\"}]},{\"@type\":\"WebSite\",\"@id\":\"https:\\\/\\\/radioljubuski.ba\\\/#website\",\"url\":\"https:\\\/\\\/radioljubuski.ba\\\/\",\"name\":\"Radio Ljubu\u0161ki\",\"description\":\"Sun\u010dana frekvencija Hercegovine\",\"publisher\":{\"@id\":\"https:\\\/\\\/radioljubuski.ba\\\/#organization\"},\"potentialAction\":[{\"@type\":\"SearchAction\",\"target\":{\"@type\":\"EntryPoint\",\"urlTemplate\":\"https:\\\/\\\/radioljubuski.ba\\\/?s={search_term_string}\"},\"query-input\":{\"@type\":\"PropertyValueSpecification\",\"valueRequired\":true,\"valueName\":\"search_term_string\"}}],\"inLanguage\":\"hr\"},{\"@type\":\"Organization\",\"@id\":\"https:\\\/\\\/radioljubuski.ba\\\/#organization\",\"name\":\"Radio Ljubu\u0161ki\",\"url\":\"https:\\\/\\\/radioljubuski.ba\\\/\",\"logo\":{\"@type\":\"ImageObject\",\"inLanguage\":\"hr\",\"@id\":\"https:\\\/\\\/radioljubuski.ba\\\/#\\\/schema\\\/logo\\\/image\\\/\",\"url\":\"https:\\\/\\\/radioljubuski.ba\\\/wp-content\\\/uploads\\\/2021\\\/02\\\/cropped-Radio_Ljubuski_logo1.jpg\",\"contentUrl\":\"https:\\\/\\\/radioljubuski.ba\\\/wp-content\\\/uploads\\\/2021\\\/02\\\/cropped-Radio_Ljubuski_logo1.jpg\",\"width\":512,\"height\":512,\"caption\":\"Radio Ljubu\u0161ki\"},\"image\":{\"@id\":\"https:\\\/\\\/radioljubuski.ba\\\/#\\\/schema\\\/logo\\\/image\\\/\"},\"sameAs\":[\"https:\\\/\\\/www.facebook.com\\\/Radiio-Ljubuski-1490835324566332\",\"https:\\\/\\\/x.com\\\/radioljubuski\",\"https:\\\/\\\/hr.linkedin.com\\\/company\\\/radio-ljubuski\",\"https:\\\/\\\/www.youtube.com\\\/channel\\\/UCHYaeO_n0Db3tjNGudGpXyw\"]},{\"@type\":\"Person\",\"@id\":\"https:\\\/\\\/radioljubuski.ba\\\/#\\\/schema\\\/person\\\/19fc700381a780f69665d7956c469e3b\",\"name\":\"Radio Ljubu\u0161ki\"}]}<\/script>\n<!-- \/ Yoast SEO plugin. -->","yoast_head_json":{"title":"Ibrahimovi\u0107 opet dobio poziv \u0161vedskog izbornika - RADIO LJUBU\u0160KI","robots":{"index":"index","follow":"follow","max-snippet":"max-snippet:-1","max-image-preview":"max-image-preview:large","max-video-preview":"max-video-preview:-1"},"canonical":"https:\/\/radioljubuski.ba\/index.php\/2021\/11\/03\/ibrahimovic-opet-dobio-poziv-svedskog-izbornika\/","og_locale":"hr_HR","og_type":"article","og_title":"Ibrahimovi\u0107 opet dobio poziv \u0161vedskog izbornika - RADIO LJUBU\u0160KI","og_description":"Napada\u010d Milana&nbsp;Zlatan&nbsp;Ibrahimovi\u0107, koji se oporavio od ozljede, pozvan je u \u0161vedsku reprezentaciju za zadnje dvije kvalifikacijske utakmice za SP 2022. protiv Gruzije i \u0160panjolske. \u010cetrdesetogodi\u0161nji Ibrahimovi\u0107 koji je u zadnje tri utakmice Serie A zabio dva gola morao je propustiti Euro 2020. zbog ozljede koljena i iako ga je izbornik&nbsp;Janne&nbsp;Andersson&nbsp;pozvao u reprezentaciju za kvalifikacije u [&hellip;]","og_url":"https:\/\/radioljubuski.ba\/index.php\/2021\/11\/03\/ibrahimovic-opet-dobio-poziv-svedskog-izbornika\/","og_site_name":"RADIO LJUBU\u0160KI","article_publisher":"https:\/\/www.facebook.com\/Radiio-Ljubuski-1490835324566332","article_published_time":"2021-11-02T23:16:28+00:00","article_modified_time":"2021-11-02T23:16:29+00:00","og_image":[{"width":1296,"height":640,"url":"https:\/\/radioljubuski.ba\/wp-content\/uploads\/2021\/10\/62175932-zlatan-ibrahimovic.jpg","type":"image\/jpeg"}],"author":"Radio Ljubu\u0161ki","twitter_card":"summary_large_image","twitter_creator":"@radioljubuski","twitter_site":"@radioljubuski","twitter_misc":{"Napisao\/la":"Radio Ljubu\u0161ki","Procijenjeno vrijeme \u010ditanja":"1 minuta"},"schema":{"@context":"https:\/\/schema.org","@graph":[{"@type":"Article","@id":"https:\/\/radioljubuski.ba\/index.php\/2021\/11\/03\/ibrahimovic-opet-dobio-poziv-svedskog-izbornika\/#article","isPartOf":{"@id":"https:\/\/radioljubuski.ba\/index.php\/2021\/11\/03\/ibrahimovic-opet-dobio-poziv-svedskog-izbornika\/"},"author":{"name":"Radio Ljubu\u0161ki","@id":"https:\/\/radioljubuski.ba\/#\/schema\/person\/19fc700381a780f69665d7956c469e3b"},"headline":"Ibrahimovi\u0107 opet dobio poziv \u0161vedskog izbornika","datePublished":"2021-11-02T23:16:28+00:00","dateModified":"2021-11-02T23:16:29+00:00","mainEntityOfPage":{"@id":"https:\/\/radioljubuski.ba\/index.php\/2021\/11\/03\/ibrahimovic-opet-dobio-poziv-svedskog-izbornika\/"},"wordCount":231,"publisher":{"@id":"https:\/\/radioljubuski.ba\/#organization"},"image":{"@id":"https:\/\/radioljubuski.ba\/index.php\/2021\/11\/03\/ibrahimovic-opet-dobio-poziv-svedskog-izbornika\/#primaryimage"},"thumbnailUrl":"https:\/\/radioljubuski.ba\/wp-content\/uploads\/2021\/10\/62175932-zlatan-ibrahimovic.jpg","articleSection":["\u0160port"],"inLanguage":"hr"},{"@type":"WebPage","@id":"https:\/\/radioljubuski.ba\/index.php\/2021\/11\/03\/ibrahimovic-opet-dobio-poziv-svedskog-izbornika\/","url":"https:\/\/radioljubuski.ba\/index.php\/2021\/11\/03\/ibrahimovic-opet-dobio-poziv-svedskog-izbornika\/","name":"Ibrahimovi\u0107 opet dobio poziv \u0161vedskog izbornika - RADIO LJUBU\u0160KI","isPartOf":{"@id":"https:\/\/radioljubuski.ba\/#website"},"primaryImageOfPage":{"@id":"https:\/\/radioljubuski.ba\/index.php\/2021\/11\/03\/ibrahimovic-opet-dobio-poziv-svedskog-izbornika\/#primaryimage"},"image":{"@id":"https:\/\/radioljubuski.ba\/index.php\/2021\/11\/03\/ibrahimovic-opet-dobio-poziv-svedskog-izbornika\/#primaryimage"},"thumbnailUrl":"https:\/\/radioljubuski.ba\/wp-content\/uploads\/2021\/10\/62175932-zlatan-ibrahimovic.jpg","datePublished":"2021-11-02T23:16:28+00:00","dateModified":"2021-11-02T23:16:29+00:00","breadcrumb":{"@id":"https:\/\/radioljubuski.ba\/index.php\/2021\/11\/03\/ibrahimovic-opet-dobio-poziv-svedskog-izbornika\/#breadcrumb"},"inLanguage":"hr","potentialAction":[{"@type":"ReadAction","target":["https:\/\/radioljubuski.ba\/index.php\/2021\/11\/03\/ibrahimovic-opet-dobio-poziv-svedskog-izbornika\/"]}]},{"@type":"ImageObject","inLanguage":"hr","@id":"https:\/\/radioljubuski.ba\/index.php\/2021\/11\/03\/ibrahimovic-opet-dobio-poziv-svedskog-izbornika\/#primaryimage","url":"https:\/\/radioljubuski.ba\/wp-content\/uploads\/2021\/10\/62175932-zlatan-ibrahimovic.jpg","contentUrl":"https:\/\/radioljubuski.ba\/wp-content\/uploads\/2021\/10\/62175932-zlatan-ibrahimovic.jpg","width":1296,"height":640},{"@type":"BreadcrumbList","@id":"https:\/\/radioljubuski.ba\/index.php\/2021\/11\/03\/ibrahimovic-opet-dobio-poziv-svedskog-izbornika\/#breadcrumb","itemListElement":[{"@type":"ListItem","position":1,"name":"Po\u010detna stranica","item":"https:\/\/radioljubuski.ba\/"},{"@type":"ListItem","position":2,"name":"Ibrahimovi\u0107 opet dobio poziv \u0161vedskog izbornika"}]},{"@type":"WebSite","@id":"https:\/\/radioljubuski.ba\/#website","url":"https:\/\/radioljubuski.ba\/","name":"Radio Ljubu\u0161ki","description":"Sun\u010dana frekvencija Hercegovine","publisher":{"@id":"https:\/\/radioljubuski.ba\/#organization"},"potentialAction":[{"@type":"SearchAction","target":{"@type":"EntryPoint","urlTemplate":"https:\/\/radioljubuski.ba\/?s={search_term_string}"},"query-input":{"@type":"PropertyValueSpecification","valueRequired":true,"valueName":"search_term_string"}}],"inLanguage":"hr"},{"@type":"Organization","@id":"https:\/\/radioljubuski.ba\/#organization","name":"Radio Ljubu\u0161ki","url":"https:\/\/radioljubuski.ba\/","logo":{"@type":"ImageObject","inLanguage":"hr","@id":"https:\/\/radioljubuski.ba\/#\/schema\/logo\/image\/","url":"https:\/\/radioljubuski.ba\/wp-content\/uploads\/2021\/02\/cropped-Radio_Ljubuski_logo1.jpg","contentUrl":"https:\/\/radioljubuski.ba\/wp-content\/uploads\/2021\/02\/cropped-Radio_Ljubuski_logo1.jpg","width":512,"height":512,"caption":"Radio Ljubu\u0161ki"},"image":{"@id":"https:\/\/radioljubuski.ba\/#\/schema\/logo\/image\/"},"sameAs":["https:\/\/www.facebook.com\/Radiio-Ljubuski-1490835324566332","https:\/\/x.com\/radioljubuski","https:\/\/hr.linkedin.com\/company\/radio-ljubuski","https:\/\/www.youtube.com\/channel\/UCHYaeO_n0Db3tjNGudGpXyw"]},{"@type":"Person","@id":"https:\/\/radioljubuski.ba\/#\/schema\/person\/19fc700381a780f69665d7956c469e3b","name":"Radio Ljubu\u0161ki"}]}},"_links":{"self":[{"href":"https:\/\/radioljubuski.ba\/index.php\/wp-json\/wp\/v2\/posts\/84126","targetHints":{"allow":["GET"]}}],"collection":[{"href":"https:\/\/radioljubuski.ba\/index.php\/wp-json\/wp\/v2\/posts"}],"about":[{"href":"https:\/\/radioljubuski.ba\/index.php\/wp-json\/wp\/v2\/types\/post"}],"author":[{"embeddable":true,"href":"https:\/\/radioljubuski.ba\/index.php\/wp-json\/wp\/v2\/users\/2"}],"replies":[{"embeddable":true,"href":"https:\/\/radioljubuski.ba\/index.php\/wp-json\/wp\/v2\/comments?post=84126"}],"version-history":[{"count":1,"href":"https:\/\/radioljubuski.ba\/index.php\/wp-json\/wp\/v2\/posts\/84126\/revisions"}],"predecessor-version":[{"id":84127,"href":"https:\/\/radioljubuski.ba\/index.php\/wp-json\/wp\/v2\/posts\/84126\/revisions\/84127"}],"wp:featuredmedia":[{"embeddable":true,"href":"https:\/\/radioljubuski.ba\/index.php\/wp-json\/wp\/v2\/media\/76501"}],"wp:attachment":[{"href":"https:\/\/radioljubuski.ba\/index.php\/wp-json\/wp\/v2\/media?parent=84126"}],"wp:term":[{"taxonomy":"category","embeddable":true,"href":"https:\/\/radioljubuski.ba\/index.php\/wp-json\/wp\/v2\/categories?post=84126"},{"taxonomy":"post_tag","embeddable":true,"href":"https:\/\/radioljubuski.ba\/index.php\/wp-json\/wp\/v2\/tags?post=84126"}],"curies":[{"name":"wp","href":"https:\/\/api.w.org\/{rel}","templated":true}]}}