{"id":84128,"date":"2021-11-03T00:18:03","date_gmt":"2021-11-02T23:18:03","guid":{"rendered":"https:\/\/radioljubuski.ba\/?p=84128"},"modified":"2021-11-03T00:18:04","modified_gmt":"2021-11-02T23:18:04","slug":"modric-poslao-poruku-agueru-odusevio-navijace-barcelone-i-reala","status":"publish","type":"post","link":"https:\/\/radioljubuski.ba\/index.php\/2021\/11\/03\/modric-poslao-poruku-agueru-odusevio-navijace-barcelone-i-reala\/","title":{"rendered":"Modri\u0107 poslao poruku Ag\u00fceru, odu\u0161evio navija\u010de Barcelone i Reala"},"content":{"rendered":"\n<p><strong>Kapetan hrvatske nogometne reprezentacije Luka Modri\u0107 za\u017eelio je igra\u010du Barcelone Sergiju Ag\u00fceru brzi oporavak nakon \u0161to je objavljeno da \u0107e biti van terena tri mjeseca zbog sr\u010dane aritmije.<\/strong><\/p>\n\n\n\n<p>Argentinac je iza\u0161ao iz igre u posljednjoj utakmici Barcelone protiv Alavesa zbog bolova u prsima. Nogometa\u0161 Barcelona uhvatio se za prsa te u strahu pogledao suigra\u010de oko sebe te je morao iza\u0107i.<br><br>Nakon obavljenih pretraga ustanovljeno je da treba pauzirati najmanje tri mjeseca, a potom \u0107e saznati to\u010dno vrijeme njegovog povratka na teren.<br><br>Mnogi kolege izrazili su mu podr\u0161ku, a me\u0111u njima je bio i veznjak Real Madrida.<br><br>&#8211; Razvedri se, Kun. \u017delim ti brz oporavak. Zagrljaj, napisao je Modri\u0107 na Twitteru. Ova gesta hrvatskog nogometa\u0161a nai\u0161la je na odobravanje od svih navija\u010da na dru\u0161tvenim mre\u017eama, i od Realovih, ali i od Katalonaca.<\/p>\n\n\n\n<blockquote class=\"twitter-tweet\"><p lang=\"es\" dir=\"ltr\">Mucho \u00e1nimo, Kun. Te deseo una pronta recuperaci\u00f3n. Un abrazo. <a href=\"https:\/\/t.co\/vOMhslSHKx\">https:\/\/t.co\/vOMhslSHKx<\/a><\/p>&mdash; Luka Modri\u0107 (@lukamodric10) <a href=\"https:\/\/twitter.com\/lukamodric10\/status\/1455291414145818635?ref_src=twsrc%5Etfw\">November 1, 2021<\/a><\/blockquote> <script async src=\"https:\/\/platform.twitter.com\/widgets.js\" charset=\"utf-8\"><\/script>\n\n\n\n<p>Izvor:hrt.hr<\/p>\n","protected":false},"excerpt":{"rendered":"<p>Kapetan hrvatske nogometne reprezentacije Luka Modri\u0107 za\u017eelio je igra\u010du Barcelone Sergiju Ag\u00fceru brzi oporavak nakon \u0161to je objavljeno da \u0107e biti van terena tri mjeseca zbog sr\u010dane aritmije. Argentinac je iza\u0161ao iz igre u posljednjoj utakmici Barcelone protiv Alavesa zbog bolova u prsima. Nogometa\u0161 Barcelona uhvatio se za prsa te u strahu pogledao suigra\u010de oko [&hellip;]<\/p>\n","protected":false},"author":2,"featured_media":84129,"comment_status":"closed","ping_status":"closed","sticky":false,"template":"","format":"standard","meta":{"h5ap_radio_sources":[],"footnotes":""},"categories":[7],"tags":[],"class_list":["post-84128","post","type-post","status-publish","format-standard","has-post-thumbnail","hentry","category-sport"],"yoast_head":"<!-- This site is optimized with the Yoast SEO plugin v27.5 - https:\/\/yoast.com\/product\/yoast-seo-wordpress\/ -->\n<title>Modri\u0107 poslao poruku Ag\u00fceru, odu\u0161evio navija\u010de Barcelone i Reala - RADIO LJUBU\u0160KI<\/title>\n<meta name=\"robots\" content=\"index, follow, max-snippet:-1, max-image-preview:large, max-video-preview:-1\" \/>\n<link rel=\"canonical\" href=\"https:\/\/radioljubuski.ba\/index.php\/2021\/11\/03\/modric-poslao-poruku-agueru-odusevio-navijace-barcelone-i-reala\/\" \/>\n<meta property=\"og:locale\" content=\"hr_HR\" \/>\n<meta property=\"og:type\" content=\"article\" \/>\n<meta property=\"og:title\" content=\"Modri\u0107 poslao poruku Ag\u00fceru, odu\u0161evio navija\u010de Barcelone i Reala - RADIO LJUBU\u0160KI\" \/>\n<meta property=\"og:description\" content=\"Kapetan hrvatske nogometne reprezentacije Luka Modri\u0107 za\u017eelio je igra\u010du Barcelone Sergiju Ag\u00fceru brzi oporavak nakon \u0161to je objavljeno da \u0107e biti van terena tri mjeseca zbog sr\u010dane aritmije. Argentinac je iza\u0161ao iz igre u posljednjoj utakmici Barcelone protiv Alavesa zbog bolova u prsima. Nogometa\u0161 Barcelona uhvatio se za prsa te u strahu pogledao suigra\u010de oko [&hellip;]\" \/>\n<meta property=\"og:url\" content=\"https:\/\/radioljubuski.ba\/index.php\/2021\/11\/03\/modric-poslao-poruku-agueru-odusevio-navijace-barcelone-i-reala\/\" \/>\n<meta property=\"og:site_name\" content=\"RADIO LJUBU\u0160KI\" \/>\n<meta property=\"article:publisher\" content=\"https:\/\/www.facebook.com\/Radiio-Ljubuski-1490835324566332\" \/>\n<meta property=\"article:published_time\" content=\"2021-11-02T23:18:03+00:00\" \/>\n<meta property=\"article:modified_time\" content=\"2021-11-02T23:18:04+00:00\" \/>\n<meta property=\"og:image\" content=\"https:\/\/radioljubuski.ba\/wp-content\/uploads\/2021\/11\/untitled-design-22.jpg\" \/>\n\t<meta property=\"og:image:width\" content=\"1200\" \/>\n\t<meta property=\"og:image:height\" content=\"800\" \/>\n\t<meta property=\"og:image:type\" content=\"image\/jpeg\" \/>\n<meta name=\"author\" content=\"Radio Ljubu\u0161ki\" \/>\n<meta name=\"twitter:card\" content=\"summary_large_image\" \/>\n<meta name=\"twitter:creator\" content=\"@radioljubuski\" \/>\n<meta name=\"twitter:site\" content=\"@radioljubuski\" \/>\n<meta name=\"twitter:label1\" content=\"Napisao\/la\" \/>\n\t<meta name=\"twitter:data1\" content=\"Radio Ljubu\u0161ki\" \/>\n\t<meta name=\"twitter:label2\" content=\"Procijenjeno vrijeme \u010ditanja\" \/>\n\t<meta name=\"twitter:data2\" content=\"1 minuta\" \/>\n<script type=\"application\/ld+json\" class=\"yoast-schema-graph\">{\"@context\":\"https:\\\/\\\/schema.org\",\"@graph\":[{\"@type\":\"Article\",\"@id\":\"https:\\\/\\\/radioljubuski.ba\\\/index.php\\\/2021\\\/11\\\/03\\\/modric-poslao-poruku-agueru-odusevio-navijace-barcelone-i-reala\\\/#article\",\"isPartOf\":{\"@id\":\"https:\\\/\\\/radioljubuski.ba\\\/index.php\\\/2021\\\/11\\\/03\\\/modric-poslao-poruku-agueru-odusevio-navijace-barcelone-i-reala\\\/\"},\"author\":{\"name\":\"Radio Ljubu\u0161ki\",\"@id\":\"https:\\\/\\\/radioljubuski.ba\\\/#\\\/schema\\\/person\\\/19fc700381a780f69665d7956c469e3b\"},\"headline\":\"Modri\u0107 poslao poruku Ag\u00fceru, odu\u0161evio navija\u010de Barcelone i Reala\",\"datePublished\":\"2021-11-02T23:18:03+00:00\",\"dateModified\":\"2021-11-02T23:18:04+00:00\",\"mainEntityOfPage\":{\"@id\":\"https:\\\/\\\/radioljubuski.ba\\\/index.php\\\/2021\\\/11\\\/03\\\/modric-poslao-poruku-agueru-odusevio-navijace-barcelone-i-reala\\\/\"},\"wordCount\":181,\"publisher\":{\"@id\":\"https:\\\/\\\/radioljubuski.ba\\\/#organization\"},\"image\":{\"@id\":\"https:\\\/\\\/radioljubuski.ba\\\/index.php\\\/2021\\\/11\\\/03\\\/modric-poslao-poruku-agueru-odusevio-navijace-barcelone-i-reala\\\/#primaryimage\"},\"thumbnailUrl\":\"https:\\\/\\\/radioljubuski.ba\\\/wp-content\\\/uploads\\\/2021\\\/11\\\/untitled-design-22.jpg\",\"articleSection\":[\"\u0160port\"],\"inLanguage\":\"hr\"},{\"@type\":\"WebPage\",\"@id\":\"https:\\\/\\\/radioljubuski.ba\\\/index.php\\\/2021\\\/11\\\/03\\\/modric-poslao-poruku-agueru-odusevio-navijace-barcelone-i-reala\\\/\",\"url\":\"https:\\\/\\\/radioljubuski.ba\\\/index.php\\\/2021\\\/11\\\/03\\\/modric-poslao-poruku-agueru-odusevio-navijace-barcelone-i-reala\\\/\",\"name\":\"Modri\u0107 poslao poruku Ag\u00fceru, odu\u0161evio navija\u010de Barcelone i Reala - RADIO LJUBU\u0160KI\",\"isPartOf\":{\"@id\":\"https:\\\/\\\/radioljubuski.ba\\\/#website\"},\"primaryImageOfPage\":{\"@id\":\"https:\\\/\\\/radioljubuski.ba\\\/index.php\\\/2021\\\/11\\\/03\\\/modric-poslao-poruku-agueru-odusevio-navijace-barcelone-i-reala\\\/#primaryimage\"},\"image\":{\"@id\":\"https:\\\/\\\/radioljubuski.ba\\\/index.php\\\/2021\\\/11\\\/03\\\/modric-poslao-poruku-agueru-odusevio-navijace-barcelone-i-reala\\\/#primaryimage\"},\"thumbnailUrl\":\"https:\\\/\\\/radioljubuski.ba\\\/wp-content\\\/uploads\\\/2021\\\/11\\\/untitled-design-22.jpg\",\"datePublished\":\"2021-11-02T23:18:03+00:00\",\"dateModified\":\"2021-11-02T23:18:04+00:00\",\"breadcrumb\":{\"@id\":\"https:\\\/\\\/radioljubuski.ba\\\/index.php\\\/2021\\\/11\\\/03\\\/modric-poslao-poruku-agueru-odusevio-navijace-barcelone-i-reala\\\/#breadcrumb\"},\"inLanguage\":\"hr\",\"potentialAction\":[{\"@type\":\"ReadAction\",\"target\":[\"https:\\\/\\\/radioljubuski.ba\\\/index.php\\\/2021\\\/11\\\/03\\\/modric-poslao-poruku-agueru-odusevio-navijace-barcelone-i-reala\\\/\"]}]},{\"@type\":\"ImageObject\",\"inLanguage\":\"hr\",\"@id\":\"https:\\\/\\\/radioljubuski.ba\\\/index.php\\\/2021\\\/11\\\/03\\\/modric-poslao-poruku-agueru-odusevio-navijace-barcelone-i-reala\\\/#primaryimage\",\"url\":\"https:\\\/\\\/radioljubuski.ba\\\/wp-content\\\/uploads\\\/2021\\\/11\\\/untitled-design-22.jpg\",\"contentUrl\":\"https:\\\/\\\/radioljubuski.ba\\\/wp-content\\\/uploads\\\/2021\\\/11\\\/untitled-design-22.jpg\",\"width\":1200,\"height\":800},{\"@type\":\"BreadcrumbList\",\"@id\":\"https:\\\/\\\/radioljubuski.ba\\\/index.php\\\/2021\\\/11\\\/03\\\/modric-poslao-poruku-agueru-odusevio-navijace-barcelone-i-reala\\\/#breadcrumb\",\"itemListElement\":[{\"@type\":\"ListItem\",\"position\":1,\"name\":\"Po\u010detna stranica\",\"item\":\"https:\\\/\\\/radioljubuski.ba\\\/\"},{\"@type\":\"ListItem\",\"position\":2,\"name\":\"Modri\u0107 poslao poruku Ag\u00fceru, odu\u0161evio navija\u010de Barcelone i Reala\"}]},{\"@type\":\"WebSite\",\"@id\":\"https:\\\/\\\/radioljubuski.ba\\\/#website\",\"url\":\"https:\\\/\\\/radioljubuski.ba\\\/\",\"name\":\"Radio Ljubu\u0161ki\",\"description\":\"Sun\u010dana frekvencija Hercegovine\",\"publisher\":{\"@id\":\"https:\\\/\\\/radioljubuski.ba\\\/#organization\"},\"potentialAction\":[{\"@type\":\"SearchAction\",\"target\":{\"@type\":\"EntryPoint\",\"urlTemplate\":\"https:\\\/\\\/radioljubuski.ba\\\/?s={search_term_string}\"},\"query-input\":{\"@type\":\"PropertyValueSpecification\",\"valueRequired\":true,\"valueName\":\"search_term_string\"}}],\"inLanguage\":\"hr\"},{\"@type\":\"Organization\",\"@id\":\"https:\\\/\\\/radioljubuski.ba\\\/#organization\",\"name\":\"Radio Ljubu\u0161ki\",\"url\":\"https:\\\/\\\/radioljubuski.ba\\\/\",\"logo\":{\"@type\":\"ImageObject\",\"inLanguage\":\"hr\",\"@id\":\"https:\\\/\\\/radioljubuski.ba\\\/#\\\/schema\\\/logo\\\/image\\\/\",\"url\":\"https:\\\/\\\/radioljubuski.ba\\\/wp-content\\\/uploads\\\/2021\\\/02\\\/cropped-Radio_Ljubuski_logo1.jpg\",\"contentUrl\":\"https:\\\/\\\/radioljubuski.ba\\\/wp-content\\\/uploads\\\/2021\\\/02\\\/cropped-Radio_Ljubuski_logo1.jpg\",\"width\":512,\"height\":512,\"caption\":\"Radio Ljubu\u0161ki\"},\"image\":{\"@id\":\"https:\\\/\\\/radioljubuski.ba\\\/#\\\/schema\\\/logo\\\/image\\\/\"},\"sameAs\":[\"https:\\\/\\\/www.facebook.com\\\/Radiio-Ljubuski-1490835324566332\",\"https:\\\/\\\/x.com\\\/radioljubuski\",\"https:\\\/\\\/hr.linkedin.com\\\/company\\\/radio-ljubuski\",\"https:\\\/\\\/www.youtube.com\\\/channel\\\/UCHYaeO_n0Db3tjNGudGpXyw\"]},{\"@type\":\"Person\",\"@id\":\"https:\\\/\\\/radioljubuski.ba\\\/#\\\/schema\\\/person\\\/19fc700381a780f69665d7956c469e3b\",\"name\":\"Radio Ljubu\u0161ki\"}]}<\/script>\n<!-- \/ Yoast SEO plugin. -->","yoast_head_json":{"title":"Modri\u0107 poslao poruku Ag\u00fceru, odu\u0161evio navija\u010de Barcelone i Reala - RADIO LJUBU\u0160KI","robots":{"index":"index","follow":"follow","max-snippet":"max-snippet:-1","max-image-preview":"max-image-preview:large","max-video-preview":"max-video-preview:-1"},"canonical":"https:\/\/radioljubuski.ba\/index.php\/2021\/11\/03\/modric-poslao-poruku-agueru-odusevio-navijace-barcelone-i-reala\/","og_locale":"hr_HR","og_type":"article","og_title":"Modri\u0107 poslao poruku Ag\u00fceru, odu\u0161evio navija\u010de Barcelone i Reala - RADIO LJUBU\u0160KI","og_description":"Kapetan hrvatske nogometne reprezentacije Luka Modri\u0107 za\u017eelio je igra\u010du Barcelone Sergiju Ag\u00fceru brzi oporavak nakon \u0161to je objavljeno da \u0107e biti van terena tri mjeseca zbog sr\u010dane aritmije. Argentinac je iza\u0161ao iz igre u posljednjoj utakmici Barcelone protiv Alavesa zbog bolova u prsima. Nogometa\u0161 Barcelona uhvatio se za prsa te u strahu pogledao suigra\u010de oko [&hellip;]","og_url":"https:\/\/radioljubuski.ba\/index.php\/2021\/11\/03\/modric-poslao-poruku-agueru-odusevio-navijace-barcelone-i-reala\/","og_site_name":"RADIO LJUBU\u0160KI","article_publisher":"https:\/\/www.facebook.com\/Radiio-Ljubuski-1490835324566332","article_published_time":"2021-11-02T23:18:03+00:00","article_modified_time":"2021-11-02T23:18:04+00:00","og_image":[{"width":1200,"height":800,"url":"https:\/\/radioljubuski.ba\/wp-content\/uploads\/2021\/11\/untitled-design-22.jpg","type":"image\/jpeg"}],"author":"Radio Ljubu\u0161ki","twitter_card":"summary_large_image","twitter_creator":"@radioljubuski","twitter_site":"@radioljubuski","twitter_misc":{"Napisao\/la":"Radio Ljubu\u0161ki","Procijenjeno vrijeme \u010ditanja":"1 minuta"},"schema":{"@context":"https:\/\/schema.org","@graph":[{"@type":"Article","@id":"https:\/\/radioljubuski.ba\/index.php\/2021\/11\/03\/modric-poslao-poruku-agueru-odusevio-navijace-barcelone-i-reala\/#article","isPartOf":{"@id":"https:\/\/radioljubuski.ba\/index.php\/2021\/11\/03\/modric-poslao-poruku-agueru-odusevio-navijace-barcelone-i-reala\/"},"author":{"name":"Radio Ljubu\u0161ki","@id":"https:\/\/radioljubuski.ba\/#\/schema\/person\/19fc700381a780f69665d7956c469e3b"},"headline":"Modri\u0107 poslao poruku Ag\u00fceru, odu\u0161evio navija\u010de Barcelone i Reala","datePublished":"2021-11-02T23:18:03+00:00","dateModified":"2021-11-02T23:18:04+00:00","mainEntityOfPage":{"@id":"https:\/\/radioljubuski.ba\/index.php\/2021\/11\/03\/modric-poslao-poruku-agueru-odusevio-navijace-barcelone-i-reala\/"},"wordCount":181,"publisher":{"@id":"https:\/\/radioljubuski.ba\/#organization"},"image":{"@id":"https:\/\/radioljubuski.ba\/index.php\/2021\/11\/03\/modric-poslao-poruku-agueru-odusevio-navijace-barcelone-i-reala\/#primaryimage"},"thumbnailUrl":"https:\/\/radioljubuski.ba\/wp-content\/uploads\/2021\/11\/untitled-design-22.jpg","articleSection":["\u0160port"],"inLanguage":"hr"},{"@type":"WebPage","@id":"https:\/\/radioljubuski.ba\/index.php\/2021\/11\/03\/modric-poslao-poruku-agueru-odusevio-navijace-barcelone-i-reala\/","url":"https:\/\/radioljubuski.ba\/index.php\/2021\/11\/03\/modric-poslao-poruku-agueru-odusevio-navijace-barcelone-i-reala\/","name":"Modri\u0107 poslao poruku Ag\u00fceru, odu\u0161evio navija\u010de Barcelone i Reala - RADIO LJUBU\u0160KI","isPartOf":{"@id":"https:\/\/radioljubuski.ba\/#website"},"primaryImageOfPage":{"@id":"https:\/\/radioljubuski.ba\/index.php\/2021\/11\/03\/modric-poslao-poruku-agueru-odusevio-navijace-barcelone-i-reala\/#primaryimage"},"image":{"@id":"https:\/\/radioljubuski.ba\/index.php\/2021\/11\/03\/modric-poslao-poruku-agueru-odusevio-navijace-barcelone-i-reala\/#primaryimage"},"thumbnailUrl":"https:\/\/radioljubuski.ba\/wp-content\/uploads\/2021\/11\/untitled-design-22.jpg","datePublished":"2021-11-02T23:18:03+00:00","dateModified":"2021-11-02T23:18:04+00:00","breadcrumb":{"@id":"https:\/\/radioljubuski.ba\/index.php\/2021\/11\/03\/modric-poslao-poruku-agueru-odusevio-navijace-barcelone-i-reala\/#breadcrumb"},"inLanguage":"hr","potentialAction":[{"@type":"ReadAction","target":["https:\/\/radioljubuski.ba\/index.php\/2021\/11\/03\/modric-poslao-poruku-agueru-odusevio-navijace-barcelone-i-reala\/"]}]},{"@type":"ImageObject","inLanguage":"hr","@id":"https:\/\/radioljubuski.ba\/index.php\/2021\/11\/03\/modric-poslao-poruku-agueru-odusevio-navijace-barcelone-i-reala\/#primaryimage","url":"https:\/\/radioljubuski.ba\/wp-content\/uploads\/2021\/11\/untitled-design-22.jpg","contentUrl":"https:\/\/radioljubuski.ba\/wp-content\/uploads\/2021\/11\/untitled-design-22.jpg","width":1200,"height":800},{"@type":"BreadcrumbList","@id":"https:\/\/radioljubuski.ba\/index.php\/2021\/11\/03\/modric-poslao-poruku-agueru-odusevio-navijace-barcelone-i-reala\/#breadcrumb","itemListElement":[{"@type":"ListItem","position":1,"name":"Po\u010detna stranica","item":"https:\/\/radioljubuski.ba\/"},{"@type":"ListItem","position":2,"name":"Modri\u0107 poslao poruku Ag\u00fceru, odu\u0161evio navija\u010de Barcelone i Reala"}]},{"@type":"WebSite","@id":"https:\/\/radioljubuski.ba\/#website","url":"https:\/\/radioljubuski.ba\/","name":"Radio Ljubu\u0161ki","description":"Sun\u010dana frekvencija Hercegovine","publisher":{"@id":"https:\/\/radioljubuski.ba\/#organization"},"potentialAction":[{"@type":"SearchAction","target":{"@type":"EntryPoint","urlTemplate":"https:\/\/radioljubuski.ba\/?s={search_term_string}"},"query-input":{"@type":"PropertyValueSpecification","valueRequired":true,"valueName":"search_term_string"}}],"inLanguage":"hr"},{"@type":"Organization","@id":"https:\/\/radioljubuski.ba\/#organization","name":"Radio Ljubu\u0161ki","url":"https:\/\/radioljubuski.ba\/","logo":{"@type":"ImageObject","inLanguage":"hr","@id":"https:\/\/radioljubuski.ba\/#\/schema\/logo\/image\/","url":"https:\/\/radioljubuski.ba\/wp-content\/uploads\/2021\/02\/cropped-Radio_Ljubuski_logo1.jpg","contentUrl":"https:\/\/radioljubuski.ba\/wp-content\/uploads\/2021\/02\/cropped-Radio_Ljubuski_logo1.jpg","width":512,"height":512,"caption":"Radio Ljubu\u0161ki"},"image":{"@id":"https:\/\/radioljubuski.ba\/#\/schema\/logo\/image\/"},"sameAs":["https:\/\/www.facebook.com\/Radiio-Ljubuski-1490835324566332","https:\/\/x.com\/radioljubuski","https:\/\/hr.linkedin.com\/company\/radio-ljubuski","https:\/\/www.youtube.com\/channel\/UCHYaeO_n0Db3tjNGudGpXyw"]},{"@type":"Person","@id":"https:\/\/radioljubuski.ba\/#\/schema\/person\/19fc700381a780f69665d7956c469e3b","name":"Radio Ljubu\u0161ki"}]}},"_links":{"self":[{"href":"https:\/\/radioljubuski.ba\/index.php\/wp-json\/wp\/v2\/posts\/84128","targetHints":{"allow":["GET"]}}],"collection":[{"href":"https:\/\/radioljubuski.ba\/index.php\/wp-json\/wp\/v2\/posts"}],"about":[{"href":"https:\/\/radioljubuski.ba\/index.php\/wp-json\/wp\/v2\/types\/post"}],"author":[{"embeddable":true,"href":"https:\/\/radioljubuski.ba\/index.php\/wp-json\/wp\/v2\/users\/2"}],"replies":[{"embeddable":true,"href":"https:\/\/radioljubuski.ba\/index.php\/wp-json\/wp\/v2\/comments?post=84128"}],"version-history":[{"count":1,"href":"https:\/\/radioljubuski.ba\/index.php\/wp-json\/wp\/v2\/posts\/84128\/revisions"}],"predecessor-version":[{"id":84130,"href":"https:\/\/radioljubuski.ba\/index.php\/wp-json\/wp\/v2\/posts\/84128\/revisions\/84130"}],"wp:featuredmedia":[{"embeddable":true,"href":"https:\/\/radioljubuski.ba\/index.php\/wp-json\/wp\/v2\/media\/84129"}],"wp:attachment":[{"href":"https:\/\/radioljubuski.ba\/index.php\/wp-json\/wp\/v2\/media?parent=84128"}],"wp:term":[{"taxonomy":"category","embeddable":true,"href":"https:\/\/radioljubuski.ba\/index.php\/wp-json\/wp\/v2\/categories?post=84128"},{"taxonomy":"post_tag","embeddable":true,"href":"https:\/\/radioljubuski.ba\/index.php\/wp-json\/wp\/v2\/tags?post=84128"}],"curies":[{"name":"wp","href":"https:\/\/api.w.org\/{rel}","templated":true}]}}