{"id":84131,"date":"2021-11-03T00:20:02","date_gmt":"2021-11-02T23:20:02","guid":{"rendered":"https:\/\/radioljubuski.ba\/?p=84131"},"modified":"2021-11-03T00:20:03","modified_gmt":"2021-11-02T23:20:03","slug":"blatter-i-platini-pred-svicarskim-sudom-zbog-prijevare","status":"publish","type":"post","link":"https:\/\/radioljubuski.ba\/index.php\/2021\/11\/03\/blatter-i-platini-pred-svicarskim-sudom-zbog-prijevare\/","title":{"rendered":"Blatter i Platini pred \u0161vicarskim sudom zbog prijevare"},"content":{"rendered":"\n<p><strong>Biv\u0161i predsjednik UEFA-e&nbsp;Michel Platini&nbsp;i biv\u0161i predsjednik FIFA-e&nbsp;Sepp Blatter&nbsp;optu\u017eeni su u \u0160vicarskoj za nekoliko kaznenih djela, uklju\u010duju\u0107i prijevaru, u slu\u010daju sumnjive isplate zbog koje su od 2015. godine suspendirani, objavilo je u utorak \u0161vicarsko tu\u017eiteljstvo.<\/strong><\/p>\n\n\n\n<p>Sada je na Saveznom kaznenom sudu u Bellinzoni da potvrdi ovu optu\u017enicu i odlu\u010di o odr\u017eavanju procesa protiv dvojice biv\u0161ih \u010delnika, tako\u0111er procesuiranih za nepo\u0161teno upravljanje, zlouporabu povjerenja i krivotvorenje vrijednosnih papira.<br><br>Nakon \u0161est godina istrage, optu\u017eeni su da su nezakonito dogovorili isplatu dva milijuna \u0161vicarskih franaka od strane FIFA-e, odnosno 1,8 milijuna eura, u korist Michela Platinija, pi\u0161e u priop\u0107enju konfederalnog tu\u017eiteljstva.<\/p>\n\n\n\n<blockquote class=\"twitter-tweet\"><p lang=\"en\" dir=\"ltr\">Former FIFA president Sepp Blatter and his ex-UEFA counterpart Michel Platini have been charged with fraud in Switzerland, following a six-year investigation into a payment of 2 million Swiss francs from FIFA to Platini. Both have long denied wrongdoing. <a href=\"https:\/\/twitter.com\/hashtag\/FIFA?src=hash&amp;ref_src=twsrc%5Etfw\">#FIFA<\/a> <a href=\"https:\/\/twitter.com\/hashtag\/Blatter?src=hash&amp;ref_src=twsrc%5Etfw\">#Blatter<\/a> <a href=\"https:\/\/twitter.com\/hashtag\/Platini?src=hash&amp;ref_src=twsrc%5Etfw\">#Platini<\/a> <a href=\"https:\/\/t.co\/YhfCsVVzap\">pic.twitter.com\/YhfCsVVzap<\/a><\/p>&mdash; Alkass Digital (@alkass_digital) <a href=\"https:\/\/twitter.com\/alkass_digital\/status\/1455552688591093761?ref_src=twsrc%5Etfw\">November 2, 2021<\/a><\/blockquote> <script async src=\"https:\/\/platform.twitter.com\/widgets.js\" charset=\"utf-8\"><\/script>\n\n\n\n<p>Trostruki osvaja\u010d Zlatne lopte bio je savjetnik Seppa Blattera izme\u0111u 1998. i 2002., tijekom njegovog prvog mandata na \u010delu FIFA-e, prema ugovoru potpisanom 1999. uz godi\u0161nju naknadu od 300.000 \u0161vicarskih franaka.<br><br>Me\u0111utim, 2011. godine, vi\u0161e od osam godina nakon zavr\u0161etka svoje savjetni\u010dke djelatnosti, biv\u0161i kapetan francuske reprezentacije polo\u017eio je potra\u017eivanje od dva milijuna \u0161vicarskih franaka, koje je FIFA platila uz pomo\u0107 Seppa Blattera \u0161to tu\u017eiteljstvo smatra neutemeljenim.<br><br>Njih dvojica su od po\u010detka istra\u017ena tijela uvjeravali da su usmeno dogovorili godi\u0161nju pla\u0107u od milijun \u0161vicarskih franaka za ovaj savjetodavni rad, \u0161to tada nisu dopu\u0161tale financije FIFA-e, i da je onda isplata Platiniju jednostavno kasnila.<br><br>Prijevara se u \u0160vicarskoj ka\u017enjava s pet godina zatvora ili nov\u010danom kaznom.<\/p>\n\n\n\n<p>Izvor:hrt.hr<\/p>\n","protected":false},"excerpt":{"rendered":"<p>Biv\u0161i predsjednik UEFA-e&nbsp;Michel Platini&nbsp;i biv\u0161i predsjednik FIFA-e&nbsp;Sepp Blatter&nbsp;optu\u017eeni su u \u0160vicarskoj za nekoliko kaznenih djela, uklju\u010duju\u0107i prijevaru, u slu\u010daju sumnjive isplate zbog koje su od 2015. godine suspendirani, objavilo je u utorak \u0161vicarsko tu\u017eiteljstvo. Sada je na Saveznom kaznenom sudu u Bellinzoni da potvrdi ovu optu\u017enicu i odlu\u010di o odr\u017eavanju procesa protiv dvojice biv\u0161ih \u010delnika, [&hellip;]<\/p>\n","protected":false},"author":2,"featured_media":84132,"comment_status":"closed","ping_status":"closed","sticky":false,"template":"","format":"standard","meta":{"h5ap_radio_sources":[],"footnotes":""},"categories":[7],"tags":[],"class_list":["post-84131","post","type-post","status-publish","format-standard","has-post-thumbnail","hentry","category-sport"],"yoast_head":"<!-- This site is optimized with the Yoast SEO plugin v27.5 - https:\/\/yoast.com\/product\/yoast-seo-wordpress\/ -->\n<title>Blatter i Platini pred \u0161vicarskim sudom zbog prijevare - RADIO LJUBU\u0160KI<\/title>\n<meta name=\"robots\" content=\"index, follow, max-snippet:-1, max-image-preview:large, max-video-preview:-1\" \/>\n<link rel=\"canonical\" href=\"https:\/\/radioljubuski.ba\/index.php\/2021\/11\/03\/blatter-i-platini-pred-svicarskim-sudom-zbog-prijevare\/\" \/>\n<meta property=\"og:locale\" content=\"hr_HR\" \/>\n<meta property=\"og:type\" content=\"article\" \/>\n<meta property=\"og:title\" content=\"Blatter i Platini pred \u0161vicarskim sudom zbog prijevare - RADIO LJUBU\u0160KI\" \/>\n<meta property=\"og:description\" content=\"Biv\u0161i predsjednik UEFA-e&nbsp;Michel Platini&nbsp;i biv\u0161i predsjednik FIFA-e&nbsp;Sepp Blatter&nbsp;optu\u017eeni su u \u0160vicarskoj za nekoliko kaznenih djela, uklju\u010duju\u0107i prijevaru, u slu\u010daju sumnjive isplate zbog koje su od 2015. godine suspendirani, objavilo je u utorak \u0161vicarsko tu\u017eiteljstvo. Sada je na Saveznom kaznenom sudu u Bellinzoni da potvrdi ovu optu\u017enicu i odlu\u010di o odr\u017eavanju procesa protiv dvojice biv\u0161ih \u010delnika, [&hellip;]\" \/>\n<meta property=\"og:url\" content=\"https:\/\/radioljubuski.ba\/index.php\/2021\/11\/03\/blatter-i-platini-pred-svicarskim-sudom-zbog-prijevare\/\" \/>\n<meta property=\"og:site_name\" content=\"RADIO LJUBU\u0160KI\" \/>\n<meta property=\"article:publisher\" content=\"https:\/\/www.facebook.com\/Radiio-Ljubuski-1490835324566332\" \/>\n<meta property=\"article:published_time\" content=\"2021-11-02T23:20:02+00:00\" \/>\n<meta property=\"article:modified_time\" content=\"2021-11-02T23:20:03+00:00\" \/>\n<meta property=\"og:image\" content=\"https:\/\/radioljubuski.ba\/wp-content\/uploads\/2021\/11\/o_19870248_1024.jpg\" \/>\n\t<meta property=\"og:image:width\" content=\"1024\" \/>\n\t<meta property=\"og:image:height\" content=\"768\" \/>\n\t<meta property=\"og:image:type\" content=\"image\/jpeg\" \/>\n<meta name=\"author\" content=\"Radio Ljubu\u0161ki\" \/>\n<meta name=\"twitter:card\" content=\"summary_large_image\" \/>\n<meta name=\"twitter:creator\" content=\"@radioljubuski\" \/>\n<meta name=\"twitter:site\" content=\"@radioljubuski\" \/>\n<meta name=\"twitter:label1\" content=\"Napisao\/la\" \/>\n\t<meta name=\"twitter:data1\" content=\"Radio Ljubu\u0161ki\" \/>\n\t<meta name=\"twitter:label2\" content=\"Procijenjeno vrijeme \u010ditanja\" \/>\n\t<meta name=\"twitter:data2\" content=\"2 minute\" \/>\n<script type=\"application\/ld+json\" class=\"yoast-schema-graph\">{\"@context\":\"https:\\\/\\\/schema.org\",\"@graph\":[{\"@type\":\"Article\",\"@id\":\"https:\\\/\\\/radioljubuski.ba\\\/index.php\\\/2021\\\/11\\\/03\\\/blatter-i-platini-pred-svicarskim-sudom-zbog-prijevare\\\/#article\",\"isPartOf\":{\"@id\":\"https:\\\/\\\/radioljubuski.ba\\\/index.php\\\/2021\\\/11\\\/03\\\/blatter-i-platini-pred-svicarskim-sudom-zbog-prijevare\\\/\"},\"author\":{\"name\":\"Radio Ljubu\u0161ki\",\"@id\":\"https:\\\/\\\/radioljubuski.ba\\\/#\\\/schema\\\/person\\\/19fc700381a780f69665d7956c469e3b\"},\"headline\":\"Blatter i Platini pred \u0161vicarskim sudom zbog prijevare\",\"datePublished\":\"2021-11-02T23:20:02+00:00\",\"dateModified\":\"2021-11-02T23:20:03+00:00\",\"mainEntityOfPage\":{\"@id\":\"https:\\\/\\\/radioljubuski.ba\\\/index.php\\\/2021\\\/11\\\/03\\\/blatter-i-platini-pred-svicarskim-sudom-zbog-prijevare\\\/\"},\"wordCount\":309,\"publisher\":{\"@id\":\"https:\\\/\\\/radioljubuski.ba\\\/#organization\"},\"image\":{\"@id\":\"https:\\\/\\\/radioljubuski.ba\\\/index.php\\\/2021\\\/11\\\/03\\\/blatter-i-platini-pred-svicarskim-sudom-zbog-prijevare\\\/#primaryimage\"},\"thumbnailUrl\":\"https:\\\/\\\/radioljubuski.ba\\\/wp-content\\\/uploads\\\/2021\\\/11\\\/o_19870248_1024.jpg\",\"articleSection\":[\"\u0160port\"],\"inLanguage\":\"hr\"},{\"@type\":\"WebPage\",\"@id\":\"https:\\\/\\\/radioljubuski.ba\\\/index.php\\\/2021\\\/11\\\/03\\\/blatter-i-platini-pred-svicarskim-sudom-zbog-prijevare\\\/\",\"url\":\"https:\\\/\\\/radioljubuski.ba\\\/index.php\\\/2021\\\/11\\\/03\\\/blatter-i-platini-pred-svicarskim-sudom-zbog-prijevare\\\/\",\"name\":\"Blatter i Platini pred \u0161vicarskim sudom zbog prijevare - RADIO LJUBU\u0160KI\",\"isPartOf\":{\"@id\":\"https:\\\/\\\/radioljubuski.ba\\\/#website\"},\"primaryImageOfPage\":{\"@id\":\"https:\\\/\\\/radioljubuski.ba\\\/index.php\\\/2021\\\/11\\\/03\\\/blatter-i-platini-pred-svicarskim-sudom-zbog-prijevare\\\/#primaryimage\"},\"image\":{\"@id\":\"https:\\\/\\\/radioljubuski.ba\\\/index.php\\\/2021\\\/11\\\/03\\\/blatter-i-platini-pred-svicarskim-sudom-zbog-prijevare\\\/#primaryimage\"},\"thumbnailUrl\":\"https:\\\/\\\/radioljubuski.ba\\\/wp-content\\\/uploads\\\/2021\\\/11\\\/o_19870248_1024.jpg\",\"datePublished\":\"2021-11-02T23:20:02+00:00\",\"dateModified\":\"2021-11-02T23:20:03+00:00\",\"breadcrumb\":{\"@id\":\"https:\\\/\\\/radioljubuski.ba\\\/index.php\\\/2021\\\/11\\\/03\\\/blatter-i-platini-pred-svicarskim-sudom-zbog-prijevare\\\/#breadcrumb\"},\"inLanguage\":\"hr\",\"potentialAction\":[{\"@type\":\"ReadAction\",\"target\":[\"https:\\\/\\\/radioljubuski.ba\\\/index.php\\\/2021\\\/11\\\/03\\\/blatter-i-platini-pred-svicarskim-sudom-zbog-prijevare\\\/\"]}]},{\"@type\":\"ImageObject\",\"inLanguage\":\"hr\",\"@id\":\"https:\\\/\\\/radioljubuski.ba\\\/index.php\\\/2021\\\/11\\\/03\\\/blatter-i-platini-pred-svicarskim-sudom-zbog-prijevare\\\/#primaryimage\",\"url\":\"https:\\\/\\\/radioljubuski.ba\\\/wp-content\\\/uploads\\\/2021\\\/11\\\/o_19870248_1024.jpg\",\"contentUrl\":\"https:\\\/\\\/radioljubuski.ba\\\/wp-content\\\/uploads\\\/2021\\\/11\\\/o_19870248_1024.jpg\",\"width\":1024,\"height\":768},{\"@type\":\"BreadcrumbList\",\"@id\":\"https:\\\/\\\/radioljubuski.ba\\\/index.php\\\/2021\\\/11\\\/03\\\/blatter-i-platini-pred-svicarskim-sudom-zbog-prijevare\\\/#breadcrumb\",\"itemListElement\":[{\"@type\":\"ListItem\",\"position\":1,\"name\":\"Po\u010detna stranica\",\"item\":\"https:\\\/\\\/radioljubuski.ba\\\/\"},{\"@type\":\"ListItem\",\"position\":2,\"name\":\"Blatter i Platini pred \u0161vicarskim sudom zbog prijevare\"}]},{\"@type\":\"WebSite\",\"@id\":\"https:\\\/\\\/radioljubuski.ba\\\/#website\",\"url\":\"https:\\\/\\\/radioljubuski.ba\\\/\",\"name\":\"Radio Ljubu\u0161ki\",\"description\":\"Sun\u010dana frekvencija Hercegovine\",\"publisher\":{\"@id\":\"https:\\\/\\\/radioljubuski.ba\\\/#organization\"},\"potentialAction\":[{\"@type\":\"SearchAction\",\"target\":{\"@type\":\"EntryPoint\",\"urlTemplate\":\"https:\\\/\\\/radioljubuski.ba\\\/?s={search_term_string}\"},\"query-input\":{\"@type\":\"PropertyValueSpecification\",\"valueRequired\":true,\"valueName\":\"search_term_string\"}}],\"inLanguage\":\"hr\"},{\"@type\":\"Organization\",\"@id\":\"https:\\\/\\\/radioljubuski.ba\\\/#organization\",\"name\":\"Radio Ljubu\u0161ki\",\"url\":\"https:\\\/\\\/radioljubuski.ba\\\/\",\"logo\":{\"@type\":\"ImageObject\",\"inLanguage\":\"hr\",\"@id\":\"https:\\\/\\\/radioljubuski.ba\\\/#\\\/schema\\\/logo\\\/image\\\/\",\"url\":\"https:\\\/\\\/radioljubuski.ba\\\/wp-content\\\/uploads\\\/2021\\\/02\\\/cropped-Radio_Ljubuski_logo1.jpg\",\"contentUrl\":\"https:\\\/\\\/radioljubuski.ba\\\/wp-content\\\/uploads\\\/2021\\\/02\\\/cropped-Radio_Ljubuski_logo1.jpg\",\"width\":512,\"height\":512,\"caption\":\"Radio Ljubu\u0161ki\"},\"image\":{\"@id\":\"https:\\\/\\\/radioljubuski.ba\\\/#\\\/schema\\\/logo\\\/image\\\/\"},\"sameAs\":[\"https:\\\/\\\/www.facebook.com\\\/Radiio-Ljubuski-1490835324566332\",\"https:\\\/\\\/x.com\\\/radioljubuski\",\"https:\\\/\\\/hr.linkedin.com\\\/company\\\/radio-ljubuski\",\"https:\\\/\\\/www.youtube.com\\\/channel\\\/UCHYaeO_n0Db3tjNGudGpXyw\"]},{\"@type\":\"Person\",\"@id\":\"https:\\\/\\\/radioljubuski.ba\\\/#\\\/schema\\\/person\\\/19fc700381a780f69665d7956c469e3b\",\"name\":\"Radio Ljubu\u0161ki\"}]}<\/script>\n<!-- \/ Yoast SEO plugin. -->","yoast_head_json":{"title":"Blatter i Platini pred \u0161vicarskim sudom zbog prijevare - RADIO LJUBU\u0160KI","robots":{"index":"index","follow":"follow","max-snippet":"max-snippet:-1","max-image-preview":"max-image-preview:large","max-video-preview":"max-video-preview:-1"},"canonical":"https:\/\/radioljubuski.ba\/index.php\/2021\/11\/03\/blatter-i-platini-pred-svicarskim-sudom-zbog-prijevare\/","og_locale":"hr_HR","og_type":"article","og_title":"Blatter i Platini pred \u0161vicarskim sudom zbog prijevare - RADIO LJUBU\u0160KI","og_description":"Biv\u0161i predsjednik UEFA-e&nbsp;Michel Platini&nbsp;i biv\u0161i predsjednik FIFA-e&nbsp;Sepp Blatter&nbsp;optu\u017eeni su u \u0160vicarskoj za nekoliko kaznenih djela, uklju\u010duju\u0107i prijevaru, u slu\u010daju sumnjive isplate zbog koje su od 2015. godine suspendirani, objavilo je u utorak \u0161vicarsko tu\u017eiteljstvo. Sada je na Saveznom kaznenom sudu u Bellinzoni da potvrdi ovu optu\u017enicu i odlu\u010di o odr\u017eavanju procesa protiv dvojice biv\u0161ih \u010delnika, [&hellip;]","og_url":"https:\/\/radioljubuski.ba\/index.php\/2021\/11\/03\/blatter-i-platini-pred-svicarskim-sudom-zbog-prijevare\/","og_site_name":"RADIO LJUBU\u0160KI","article_publisher":"https:\/\/www.facebook.com\/Radiio-Ljubuski-1490835324566332","article_published_time":"2021-11-02T23:20:02+00:00","article_modified_time":"2021-11-02T23:20:03+00:00","og_image":[{"width":1024,"height":768,"url":"https:\/\/radioljubuski.ba\/wp-content\/uploads\/2021\/11\/o_19870248_1024.jpg","type":"image\/jpeg"}],"author":"Radio Ljubu\u0161ki","twitter_card":"summary_large_image","twitter_creator":"@radioljubuski","twitter_site":"@radioljubuski","twitter_misc":{"Napisao\/la":"Radio Ljubu\u0161ki","Procijenjeno vrijeme \u010ditanja":"2 minute"},"schema":{"@context":"https:\/\/schema.org","@graph":[{"@type":"Article","@id":"https:\/\/radioljubuski.ba\/index.php\/2021\/11\/03\/blatter-i-platini-pred-svicarskim-sudom-zbog-prijevare\/#article","isPartOf":{"@id":"https:\/\/radioljubuski.ba\/index.php\/2021\/11\/03\/blatter-i-platini-pred-svicarskim-sudom-zbog-prijevare\/"},"author":{"name":"Radio Ljubu\u0161ki","@id":"https:\/\/radioljubuski.ba\/#\/schema\/person\/19fc700381a780f69665d7956c469e3b"},"headline":"Blatter i Platini pred \u0161vicarskim sudom zbog prijevare","datePublished":"2021-11-02T23:20:02+00:00","dateModified":"2021-11-02T23:20:03+00:00","mainEntityOfPage":{"@id":"https:\/\/radioljubuski.ba\/index.php\/2021\/11\/03\/blatter-i-platini-pred-svicarskim-sudom-zbog-prijevare\/"},"wordCount":309,"publisher":{"@id":"https:\/\/radioljubuski.ba\/#organization"},"image":{"@id":"https:\/\/radioljubuski.ba\/index.php\/2021\/11\/03\/blatter-i-platini-pred-svicarskim-sudom-zbog-prijevare\/#primaryimage"},"thumbnailUrl":"https:\/\/radioljubuski.ba\/wp-content\/uploads\/2021\/11\/o_19870248_1024.jpg","articleSection":["\u0160port"],"inLanguage":"hr"},{"@type":"WebPage","@id":"https:\/\/radioljubuski.ba\/index.php\/2021\/11\/03\/blatter-i-platini-pred-svicarskim-sudom-zbog-prijevare\/","url":"https:\/\/radioljubuski.ba\/index.php\/2021\/11\/03\/blatter-i-platini-pred-svicarskim-sudom-zbog-prijevare\/","name":"Blatter i Platini pred \u0161vicarskim sudom zbog prijevare - RADIO LJUBU\u0160KI","isPartOf":{"@id":"https:\/\/radioljubuski.ba\/#website"},"primaryImageOfPage":{"@id":"https:\/\/radioljubuski.ba\/index.php\/2021\/11\/03\/blatter-i-platini-pred-svicarskim-sudom-zbog-prijevare\/#primaryimage"},"image":{"@id":"https:\/\/radioljubuski.ba\/index.php\/2021\/11\/03\/blatter-i-platini-pred-svicarskim-sudom-zbog-prijevare\/#primaryimage"},"thumbnailUrl":"https:\/\/radioljubuski.ba\/wp-content\/uploads\/2021\/11\/o_19870248_1024.jpg","datePublished":"2021-11-02T23:20:02+00:00","dateModified":"2021-11-02T23:20:03+00:00","breadcrumb":{"@id":"https:\/\/radioljubuski.ba\/index.php\/2021\/11\/03\/blatter-i-platini-pred-svicarskim-sudom-zbog-prijevare\/#breadcrumb"},"inLanguage":"hr","potentialAction":[{"@type":"ReadAction","target":["https:\/\/radioljubuski.ba\/index.php\/2021\/11\/03\/blatter-i-platini-pred-svicarskim-sudom-zbog-prijevare\/"]}]},{"@type":"ImageObject","inLanguage":"hr","@id":"https:\/\/radioljubuski.ba\/index.php\/2021\/11\/03\/blatter-i-platini-pred-svicarskim-sudom-zbog-prijevare\/#primaryimage","url":"https:\/\/radioljubuski.ba\/wp-content\/uploads\/2021\/11\/o_19870248_1024.jpg","contentUrl":"https:\/\/radioljubuski.ba\/wp-content\/uploads\/2021\/11\/o_19870248_1024.jpg","width":1024,"height":768},{"@type":"BreadcrumbList","@id":"https:\/\/radioljubuski.ba\/index.php\/2021\/11\/03\/blatter-i-platini-pred-svicarskim-sudom-zbog-prijevare\/#breadcrumb","itemListElement":[{"@type":"ListItem","position":1,"name":"Po\u010detna stranica","item":"https:\/\/radioljubuski.ba\/"},{"@type":"ListItem","position":2,"name":"Blatter i Platini pred \u0161vicarskim sudom zbog prijevare"}]},{"@type":"WebSite","@id":"https:\/\/radioljubuski.ba\/#website","url":"https:\/\/radioljubuski.ba\/","name":"Radio Ljubu\u0161ki","description":"Sun\u010dana frekvencija Hercegovine","publisher":{"@id":"https:\/\/radioljubuski.ba\/#organization"},"potentialAction":[{"@type":"SearchAction","target":{"@type":"EntryPoint","urlTemplate":"https:\/\/radioljubuski.ba\/?s={search_term_string}"},"query-input":{"@type":"PropertyValueSpecification","valueRequired":true,"valueName":"search_term_string"}}],"inLanguage":"hr"},{"@type":"Organization","@id":"https:\/\/radioljubuski.ba\/#organization","name":"Radio Ljubu\u0161ki","url":"https:\/\/radioljubuski.ba\/","logo":{"@type":"ImageObject","inLanguage":"hr","@id":"https:\/\/radioljubuski.ba\/#\/schema\/logo\/image\/","url":"https:\/\/radioljubuski.ba\/wp-content\/uploads\/2021\/02\/cropped-Radio_Ljubuski_logo1.jpg","contentUrl":"https:\/\/radioljubuski.ba\/wp-content\/uploads\/2021\/02\/cropped-Radio_Ljubuski_logo1.jpg","width":512,"height":512,"caption":"Radio Ljubu\u0161ki"},"image":{"@id":"https:\/\/radioljubuski.ba\/#\/schema\/logo\/image\/"},"sameAs":["https:\/\/www.facebook.com\/Radiio-Ljubuski-1490835324566332","https:\/\/x.com\/radioljubuski","https:\/\/hr.linkedin.com\/company\/radio-ljubuski","https:\/\/www.youtube.com\/channel\/UCHYaeO_n0Db3tjNGudGpXyw"]},{"@type":"Person","@id":"https:\/\/radioljubuski.ba\/#\/schema\/person\/19fc700381a780f69665d7956c469e3b","name":"Radio Ljubu\u0161ki"}]}},"_links":{"self":[{"href":"https:\/\/radioljubuski.ba\/index.php\/wp-json\/wp\/v2\/posts\/84131","targetHints":{"allow":["GET"]}}],"collection":[{"href":"https:\/\/radioljubuski.ba\/index.php\/wp-json\/wp\/v2\/posts"}],"about":[{"href":"https:\/\/radioljubuski.ba\/index.php\/wp-json\/wp\/v2\/types\/post"}],"author":[{"embeddable":true,"href":"https:\/\/radioljubuski.ba\/index.php\/wp-json\/wp\/v2\/users\/2"}],"replies":[{"embeddable":true,"href":"https:\/\/radioljubuski.ba\/index.php\/wp-json\/wp\/v2\/comments?post=84131"}],"version-history":[{"count":1,"href":"https:\/\/radioljubuski.ba\/index.php\/wp-json\/wp\/v2\/posts\/84131\/revisions"}],"predecessor-version":[{"id":84133,"href":"https:\/\/radioljubuski.ba\/index.php\/wp-json\/wp\/v2\/posts\/84131\/revisions\/84133"}],"wp:featuredmedia":[{"embeddable":true,"href":"https:\/\/radioljubuski.ba\/index.php\/wp-json\/wp\/v2\/media\/84132"}],"wp:attachment":[{"href":"https:\/\/radioljubuski.ba\/index.php\/wp-json\/wp\/v2\/media?parent=84131"}],"wp:term":[{"taxonomy":"category","embeddable":true,"href":"https:\/\/radioljubuski.ba\/index.php\/wp-json\/wp\/v2\/categories?post=84131"},{"taxonomy":"post_tag","embeddable":true,"href":"https:\/\/radioljubuski.ba\/index.php\/wp-json\/wp\/v2\/tags?post=84131"}],"curies":[{"name":"wp","href":"https:\/\/api.w.org\/{rel}","templated":true}]}}