{"id":84141,"date":"2021-11-03T00:27:13","date_gmt":"2021-11-02T23:27:13","guid":{"rendered":"https:\/\/radioljubuski.ba\/?p=84141"},"modified":"2021-11-03T00:27:15","modified_gmt":"2021-11-02T23:27:15","slug":"chelsea-slavio-u-malmou-wolfsburgu-protiv-salzburga-premijerna-pobjeda","status":"publish","type":"post","link":"https:\/\/radioljubuski.ba\/index.php\/2021\/11\/03\/chelsea-slavio-u-malmou-wolfsburgu-protiv-salzburga-premijerna-pobjeda\/","title":{"rendered":"Chelsea slavio u Malm\u00f6u, Wolfsburgu protiv Salzburga premijerna pobjeda"},"content":{"rendered":"\n<p><strong>U prvim susretima 4. kola nogometne Lige prvaka Chelsea je s 1:0 slavio na gostovanju kod Malm\u00f6a, dok je Wolfsburg kao doma\u0107in s 2:1 bio bolji od Salzburga.\u00a0<\/strong><\/p>\n\n\n\n<blockquote class=\"twitter-tweet\"><p lang=\"de\" dir=\"ltr\">\u23f0 RESULTS \u23f0<br><br>\ud83d\udfe2 Baku &amp; Nmecha net as Wolfsburg end Salzburg&#39;s unbeaten record in Group G<br><br>\ud83d\udd35 Hudson-Odoi &amp; Ziyech combine for Chelsea winner at Malm\u00f6<br><br>\ud83e\udd14 Who impressed?<a href=\"https:\/\/twitter.com\/hashtag\/UCL?src=hash&amp;ref_src=twsrc%5Etfw\">#UCL<\/a><\/p>&mdash; UEFA Champions League (@ChampionsLeague) <a href=\"https:\/\/twitter.com\/ChampionsLeague\/status\/1455621511864328194?ref_src=twsrc%5Etfw\">November 2, 2021<\/a><\/blockquote> <script async src=\"https:\/\/platform.twitter.com\/widgets.js\" charset=\"utf-8\"><\/script>\n\n\n\n<p>U skupini H Chelsea je ostvario tre\u0107u pobjedu te je nakon 4:0 na doma\u0107em terenu protiv Malm\u00f6a pobijedio \u0161vedskog prvaka i na njegovom terenu (1:0).<br><br>Takav rezultat ne oslikava na pravi na\u010din doga\u0111aje na travnjaku jer je aktualni pobjednik Lige prvaka bio puno bolji te je pogotovo do pogotka posve dominirao travnjakom.<br><br>Chelsea je nizao prilike, stezao je obru\u010d oko svog doma\u0107ina i na kraju je Malm\u00f6 pokleknuo u 56. minuti kada je&nbsp;<strong>Hakim Ziyech<\/strong>&nbsp;pogodio za 1:0. I nakon toga su gosti imali dobre \u0161anse za pove\u0107anje prednosti, ali ostala je ta minimalna pobjeda.<\/p>\n\n\n\n<p>Ovom pobjedom Chelsea se bodovno izjedna\u010dio s Juventusom (po devet bodova) na vrhu ljestvice ove skupine, s tim da talijanska mom\u010dad ima utakmicu manje. Zenit je tre\u0107i s tri boda, dok su \u0160ve\u0111ani i dalje na nuli.<br><br>Zbog ozljede&nbsp;<strong>Mateo Kova\u010di\u0107<\/strong>&nbsp;nije igrao u ovom susretu za Chelsea, dok je&nbsp;<strong>Antonio Mirko \u010colak<\/strong>&nbsp;odigrao svih 90 minuta za doma\u0107ina.<\/p>\n\n\n\n<p>U skupini G Wolfsburg je na doma\u0107em terenu pobijedio austrijskog prvaka Red Bull Salzburg 2:1 te mu je uzvratio za poraz u pro\u0161lom kolu kada su Austrijanci na svom terenu slavili 3:1.<br><br>Wolfsburg je time sprije\u010dio dodatni bijeg vode\u0107eg RB Salzburga na vrhu ljestvice koji ima sedam bodova. U igru za prolazak se definitivno uklju\u010dio Wolfsburg koji ima pet bodova. Sevilla je na tri, Lille na dva boda, ali te dvije mom\u010dadi imaju utakmicu manje.<\/p>\n\n\n\n<figure class=\"wp-block-image\"><img decoding=\"async\" src=\"https:\/\/api.hrt.hr\/media\/c5\/fc\/740x438-wolfsburg-salzburg2-20211102190716.jpg\" alt=\"\"\/><\/figure>\n\n\n\n<p>Ve\u0107 u 3. minuti Wolfsburg je poveo golom&nbsp;<strong>Bakua<\/strong>, ali je nakon pola sata igre&nbsp;<strong>W\u00f6ber&nbsp;<\/strong>izjedna\u010dio za goste. Ravnopravna utakmica odlu\u010dena je u 60. minuti, a tada je&nbsp;<strong>Nmecha&nbsp;<\/strong>zabio za premijernu pobjedu Wolfsburga. U zavr\u0161nici su gosti stisnuli, tra\u017eili su izjedna\u010denje i bod, ali do cilja nisu stigli.<br><br>U gostuju\u0107em sastavu hrvatski nogometa\u0161&nbsp;<strong>Luka Su\u010di\u0107<\/strong>&nbsp;je igrao do 77. minute.<\/p>\n\n\n\n<p>Izvor:hrt.hr<\/p>\n","protected":false},"excerpt":{"rendered":"<p>U prvim susretima 4. kola nogometne Lige prvaka Chelsea je s 1:0 slavio na gostovanju kod Malm\u00f6a, dok je Wolfsburg kao doma\u0107in s 2:1 bio bolji od Salzburga.\u00a0 \u23f0 RESULTS \u23f0 \ud83d\udfe2 Baku &amp; Nmecha net as Wolfsburg end Salzburg&#39;s unbeaten record in Group G \ud83d\udd35 Hudson-Odoi &amp; Ziyech combine for Chelsea winner at Malm\u00f6 [&hellip;]<\/p>\n","protected":false},"author":2,"featured_media":84142,"comment_status":"closed","ping_status":"closed","sticky":false,"template":"","format":"standard","meta":{"h5ap_radio_sources":[],"footnotes":""},"categories":[7],"tags":[],"class_list":["post-84141","post","type-post","status-publish","format-standard","has-post-thumbnail","hentry","category-sport"],"yoast_head":"<!-- This site is optimized with the Yoast SEO plugin v27.5 - https:\/\/yoast.com\/product\/yoast-seo-wordpress\/ -->\n<title>Chelsea slavio u Malm\u00f6u, Wolfsburgu protiv Salzburga premijerna pobjeda - RADIO LJUBU\u0160KI<\/title>\n<meta name=\"robots\" content=\"index, follow, max-snippet:-1, max-image-preview:large, max-video-preview:-1\" \/>\n<link rel=\"canonical\" href=\"https:\/\/radioljubuski.ba\/index.php\/2021\/11\/03\/chelsea-slavio-u-malmou-wolfsburgu-protiv-salzburga-premijerna-pobjeda\/\" \/>\n<meta property=\"og:locale\" content=\"hr_HR\" \/>\n<meta property=\"og:type\" content=\"article\" \/>\n<meta property=\"og:title\" content=\"Chelsea slavio u Malm\u00f6u, Wolfsburgu protiv Salzburga premijerna pobjeda - RADIO LJUBU\u0160KI\" \/>\n<meta property=\"og:description\" content=\"U prvim susretima 4. kola nogometne Lige prvaka Chelsea je s 1:0 slavio na gostovanju kod Malm\u00f6a, dok je Wolfsburg kao doma\u0107in s 2:1 bio bolji od Salzburga.\u00a0 \u23f0 RESULTS \u23f0 \ud83d\udfe2 Baku &amp; Nmecha net as Wolfsburg end Salzburg&#039;s unbeaten record in Group G \ud83d\udd35 Hudson-Odoi &amp; Ziyech combine for Chelsea winner at Malm\u00f6 [&hellip;]\" \/>\n<meta property=\"og:url\" content=\"https:\/\/radioljubuski.ba\/index.php\/2021\/11\/03\/chelsea-slavio-u-malmou-wolfsburgu-protiv-salzburga-premijerna-pobjeda\/\" \/>\n<meta property=\"og:site_name\" content=\"RADIO LJUBU\u0160KI\" \/>\n<meta property=\"article:publisher\" content=\"https:\/\/www.facebook.com\/Radiio-Ljubuski-1490835324566332\" \/>\n<meta property=\"article:published_time\" content=\"2021-11-02T23:27:13+00:00\" \/>\n<meta property=\"article:modified_time\" content=\"2021-11-02T23:27:15+00:00\" \/>\n<meta property=\"og:image\" content=\"https:\/\/radioljubuski.ba\/wp-content\/uploads\/2021\/11\/740x438-malmo-chelsea5-20211102193342.jpg\" \/>\n\t<meta property=\"og:image:width\" content=\"740\" \/>\n\t<meta property=\"og:image:height\" content=\"438\" \/>\n\t<meta property=\"og:image:type\" content=\"image\/jpeg\" \/>\n<meta name=\"author\" content=\"Radio Ljubu\u0161ki\" \/>\n<meta name=\"twitter:card\" content=\"summary_large_image\" \/>\n<meta name=\"twitter:creator\" content=\"@radioljubuski\" \/>\n<meta name=\"twitter:site\" content=\"@radioljubuski\" \/>\n<meta name=\"twitter:label1\" content=\"Napisao\/la\" \/>\n\t<meta name=\"twitter:data1\" content=\"Radio Ljubu\u0161ki\" \/>\n\t<meta name=\"twitter:label2\" content=\"Procijenjeno vrijeme \u010ditanja\" \/>\n\t<meta name=\"twitter:data2\" content=\"2 minute\" \/>\n<script type=\"application\/ld+json\" class=\"yoast-schema-graph\">{\"@context\":\"https:\\\/\\\/schema.org\",\"@graph\":[{\"@type\":\"Article\",\"@id\":\"https:\\\/\\\/radioljubuski.ba\\\/index.php\\\/2021\\\/11\\\/03\\\/chelsea-slavio-u-malmou-wolfsburgu-protiv-salzburga-premijerna-pobjeda\\\/#article\",\"isPartOf\":{\"@id\":\"https:\\\/\\\/radioljubuski.ba\\\/index.php\\\/2021\\\/11\\\/03\\\/chelsea-slavio-u-malmou-wolfsburgu-protiv-salzburga-premijerna-pobjeda\\\/\"},\"author\":{\"name\":\"Radio Ljubu\u0161ki\",\"@id\":\"https:\\\/\\\/radioljubuski.ba\\\/#\\\/schema\\\/person\\\/19fc700381a780f69665d7956c469e3b\"},\"headline\":\"Chelsea slavio u Malm\u00f6u, Wolfsburgu protiv Salzburga premijerna pobjeda\",\"datePublished\":\"2021-11-02T23:27:13+00:00\",\"dateModified\":\"2021-11-02T23:27:15+00:00\",\"mainEntityOfPage\":{\"@id\":\"https:\\\/\\\/radioljubuski.ba\\\/index.php\\\/2021\\\/11\\\/03\\\/chelsea-slavio-u-malmou-wolfsburgu-protiv-salzburga-premijerna-pobjeda\\\/\"},\"wordCount\":394,\"publisher\":{\"@id\":\"https:\\\/\\\/radioljubuski.ba\\\/#organization\"},\"image\":{\"@id\":\"https:\\\/\\\/radioljubuski.ba\\\/index.php\\\/2021\\\/11\\\/03\\\/chelsea-slavio-u-malmou-wolfsburgu-protiv-salzburga-premijerna-pobjeda\\\/#primaryimage\"},\"thumbnailUrl\":\"https:\\\/\\\/radioljubuski.ba\\\/wp-content\\\/uploads\\\/2021\\\/11\\\/740x438-malmo-chelsea5-20211102193342.jpg\",\"articleSection\":[\"\u0160port\"],\"inLanguage\":\"hr\"},{\"@type\":\"WebPage\",\"@id\":\"https:\\\/\\\/radioljubuski.ba\\\/index.php\\\/2021\\\/11\\\/03\\\/chelsea-slavio-u-malmou-wolfsburgu-protiv-salzburga-premijerna-pobjeda\\\/\",\"url\":\"https:\\\/\\\/radioljubuski.ba\\\/index.php\\\/2021\\\/11\\\/03\\\/chelsea-slavio-u-malmou-wolfsburgu-protiv-salzburga-premijerna-pobjeda\\\/\",\"name\":\"Chelsea slavio u Malm\u00f6u, Wolfsburgu protiv Salzburga premijerna pobjeda - RADIO LJUBU\u0160KI\",\"isPartOf\":{\"@id\":\"https:\\\/\\\/radioljubuski.ba\\\/#website\"},\"primaryImageOfPage\":{\"@id\":\"https:\\\/\\\/radioljubuski.ba\\\/index.php\\\/2021\\\/11\\\/03\\\/chelsea-slavio-u-malmou-wolfsburgu-protiv-salzburga-premijerna-pobjeda\\\/#primaryimage\"},\"image\":{\"@id\":\"https:\\\/\\\/radioljubuski.ba\\\/index.php\\\/2021\\\/11\\\/03\\\/chelsea-slavio-u-malmou-wolfsburgu-protiv-salzburga-premijerna-pobjeda\\\/#primaryimage\"},\"thumbnailUrl\":\"https:\\\/\\\/radioljubuski.ba\\\/wp-content\\\/uploads\\\/2021\\\/11\\\/740x438-malmo-chelsea5-20211102193342.jpg\",\"datePublished\":\"2021-11-02T23:27:13+00:00\",\"dateModified\":\"2021-11-02T23:27:15+00:00\",\"breadcrumb\":{\"@id\":\"https:\\\/\\\/radioljubuski.ba\\\/index.php\\\/2021\\\/11\\\/03\\\/chelsea-slavio-u-malmou-wolfsburgu-protiv-salzburga-premijerna-pobjeda\\\/#breadcrumb\"},\"inLanguage\":\"hr\",\"potentialAction\":[{\"@type\":\"ReadAction\",\"target\":[\"https:\\\/\\\/radioljubuski.ba\\\/index.php\\\/2021\\\/11\\\/03\\\/chelsea-slavio-u-malmou-wolfsburgu-protiv-salzburga-premijerna-pobjeda\\\/\"]}]},{\"@type\":\"ImageObject\",\"inLanguage\":\"hr\",\"@id\":\"https:\\\/\\\/radioljubuski.ba\\\/index.php\\\/2021\\\/11\\\/03\\\/chelsea-slavio-u-malmou-wolfsburgu-protiv-salzburga-premijerna-pobjeda\\\/#primaryimage\",\"url\":\"https:\\\/\\\/radioljubuski.ba\\\/wp-content\\\/uploads\\\/2021\\\/11\\\/740x438-malmo-chelsea5-20211102193342.jpg\",\"contentUrl\":\"https:\\\/\\\/radioljubuski.ba\\\/wp-content\\\/uploads\\\/2021\\\/11\\\/740x438-malmo-chelsea5-20211102193342.jpg\",\"width\":740,\"height\":438},{\"@type\":\"BreadcrumbList\",\"@id\":\"https:\\\/\\\/radioljubuski.ba\\\/index.php\\\/2021\\\/11\\\/03\\\/chelsea-slavio-u-malmou-wolfsburgu-protiv-salzburga-premijerna-pobjeda\\\/#breadcrumb\",\"itemListElement\":[{\"@type\":\"ListItem\",\"position\":1,\"name\":\"Po\u010detna stranica\",\"item\":\"https:\\\/\\\/radioljubuski.ba\\\/\"},{\"@type\":\"ListItem\",\"position\":2,\"name\":\"Chelsea slavio u Malm\u00f6u, Wolfsburgu protiv Salzburga premijerna pobjeda\"}]},{\"@type\":\"WebSite\",\"@id\":\"https:\\\/\\\/radioljubuski.ba\\\/#website\",\"url\":\"https:\\\/\\\/radioljubuski.ba\\\/\",\"name\":\"Radio Ljubu\u0161ki\",\"description\":\"Sun\u010dana frekvencija Hercegovine\",\"publisher\":{\"@id\":\"https:\\\/\\\/radioljubuski.ba\\\/#organization\"},\"potentialAction\":[{\"@type\":\"SearchAction\",\"target\":{\"@type\":\"EntryPoint\",\"urlTemplate\":\"https:\\\/\\\/radioljubuski.ba\\\/?s={search_term_string}\"},\"query-input\":{\"@type\":\"PropertyValueSpecification\",\"valueRequired\":true,\"valueName\":\"search_term_string\"}}],\"inLanguage\":\"hr\"},{\"@type\":\"Organization\",\"@id\":\"https:\\\/\\\/radioljubuski.ba\\\/#organization\",\"name\":\"Radio Ljubu\u0161ki\",\"url\":\"https:\\\/\\\/radioljubuski.ba\\\/\",\"logo\":{\"@type\":\"ImageObject\",\"inLanguage\":\"hr\",\"@id\":\"https:\\\/\\\/radioljubuski.ba\\\/#\\\/schema\\\/logo\\\/image\\\/\",\"url\":\"https:\\\/\\\/radioljubuski.ba\\\/wp-content\\\/uploads\\\/2021\\\/02\\\/cropped-Radio_Ljubuski_logo1.jpg\",\"contentUrl\":\"https:\\\/\\\/radioljubuski.ba\\\/wp-content\\\/uploads\\\/2021\\\/02\\\/cropped-Radio_Ljubuski_logo1.jpg\",\"width\":512,\"height\":512,\"caption\":\"Radio Ljubu\u0161ki\"},\"image\":{\"@id\":\"https:\\\/\\\/radioljubuski.ba\\\/#\\\/schema\\\/logo\\\/image\\\/\"},\"sameAs\":[\"https:\\\/\\\/www.facebook.com\\\/Radiio-Ljubuski-1490835324566332\",\"https:\\\/\\\/x.com\\\/radioljubuski\",\"https:\\\/\\\/hr.linkedin.com\\\/company\\\/radio-ljubuski\",\"https:\\\/\\\/www.youtube.com\\\/channel\\\/UCHYaeO_n0Db3tjNGudGpXyw\"]},{\"@type\":\"Person\",\"@id\":\"https:\\\/\\\/radioljubuski.ba\\\/#\\\/schema\\\/person\\\/19fc700381a780f69665d7956c469e3b\",\"name\":\"Radio Ljubu\u0161ki\"}]}<\/script>\n<!-- \/ Yoast SEO plugin. -->","yoast_head_json":{"title":"Chelsea slavio u Malm\u00f6u, Wolfsburgu protiv Salzburga premijerna pobjeda - RADIO LJUBU\u0160KI","robots":{"index":"index","follow":"follow","max-snippet":"max-snippet:-1","max-image-preview":"max-image-preview:large","max-video-preview":"max-video-preview:-1"},"canonical":"https:\/\/radioljubuski.ba\/index.php\/2021\/11\/03\/chelsea-slavio-u-malmou-wolfsburgu-protiv-salzburga-premijerna-pobjeda\/","og_locale":"hr_HR","og_type":"article","og_title":"Chelsea slavio u Malm\u00f6u, Wolfsburgu protiv Salzburga premijerna pobjeda - RADIO LJUBU\u0160KI","og_description":"U prvim susretima 4. kola nogometne Lige prvaka Chelsea je s 1:0 slavio na gostovanju kod Malm\u00f6a, dok je Wolfsburg kao doma\u0107in s 2:1 bio bolji od Salzburga.\u00a0 \u23f0 RESULTS \u23f0 \ud83d\udfe2 Baku &amp; Nmecha net as Wolfsburg end Salzburg&#39;s unbeaten record in Group G \ud83d\udd35 Hudson-Odoi &amp; Ziyech combine for Chelsea winner at Malm\u00f6 [&hellip;]","og_url":"https:\/\/radioljubuski.ba\/index.php\/2021\/11\/03\/chelsea-slavio-u-malmou-wolfsburgu-protiv-salzburga-premijerna-pobjeda\/","og_site_name":"RADIO LJUBU\u0160KI","article_publisher":"https:\/\/www.facebook.com\/Radiio-Ljubuski-1490835324566332","article_published_time":"2021-11-02T23:27:13+00:00","article_modified_time":"2021-11-02T23:27:15+00:00","og_image":[{"width":740,"height":438,"url":"https:\/\/radioljubuski.ba\/wp-content\/uploads\/2021\/11\/740x438-malmo-chelsea5-20211102193342.jpg","type":"image\/jpeg"}],"author":"Radio Ljubu\u0161ki","twitter_card":"summary_large_image","twitter_creator":"@radioljubuski","twitter_site":"@radioljubuski","twitter_misc":{"Napisao\/la":"Radio Ljubu\u0161ki","Procijenjeno vrijeme \u010ditanja":"2 minute"},"schema":{"@context":"https:\/\/schema.org","@graph":[{"@type":"Article","@id":"https:\/\/radioljubuski.ba\/index.php\/2021\/11\/03\/chelsea-slavio-u-malmou-wolfsburgu-protiv-salzburga-premijerna-pobjeda\/#article","isPartOf":{"@id":"https:\/\/radioljubuski.ba\/index.php\/2021\/11\/03\/chelsea-slavio-u-malmou-wolfsburgu-protiv-salzburga-premijerna-pobjeda\/"},"author":{"name":"Radio Ljubu\u0161ki","@id":"https:\/\/radioljubuski.ba\/#\/schema\/person\/19fc700381a780f69665d7956c469e3b"},"headline":"Chelsea slavio u Malm\u00f6u, Wolfsburgu protiv Salzburga premijerna pobjeda","datePublished":"2021-11-02T23:27:13+00:00","dateModified":"2021-11-02T23:27:15+00:00","mainEntityOfPage":{"@id":"https:\/\/radioljubuski.ba\/index.php\/2021\/11\/03\/chelsea-slavio-u-malmou-wolfsburgu-protiv-salzburga-premijerna-pobjeda\/"},"wordCount":394,"publisher":{"@id":"https:\/\/radioljubuski.ba\/#organization"},"image":{"@id":"https:\/\/radioljubuski.ba\/index.php\/2021\/11\/03\/chelsea-slavio-u-malmou-wolfsburgu-protiv-salzburga-premijerna-pobjeda\/#primaryimage"},"thumbnailUrl":"https:\/\/radioljubuski.ba\/wp-content\/uploads\/2021\/11\/740x438-malmo-chelsea5-20211102193342.jpg","articleSection":["\u0160port"],"inLanguage":"hr"},{"@type":"WebPage","@id":"https:\/\/radioljubuski.ba\/index.php\/2021\/11\/03\/chelsea-slavio-u-malmou-wolfsburgu-protiv-salzburga-premijerna-pobjeda\/","url":"https:\/\/radioljubuski.ba\/index.php\/2021\/11\/03\/chelsea-slavio-u-malmou-wolfsburgu-protiv-salzburga-premijerna-pobjeda\/","name":"Chelsea slavio u Malm\u00f6u, Wolfsburgu protiv Salzburga premijerna pobjeda - RADIO LJUBU\u0160KI","isPartOf":{"@id":"https:\/\/radioljubuski.ba\/#website"},"primaryImageOfPage":{"@id":"https:\/\/radioljubuski.ba\/index.php\/2021\/11\/03\/chelsea-slavio-u-malmou-wolfsburgu-protiv-salzburga-premijerna-pobjeda\/#primaryimage"},"image":{"@id":"https:\/\/radioljubuski.ba\/index.php\/2021\/11\/03\/chelsea-slavio-u-malmou-wolfsburgu-protiv-salzburga-premijerna-pobjeda\/#primaryimage"},"thumbnailUrl":"https:\/\/radioljubuski.ba\/wp-content\/uploads\/2021\/11\/740x438-malmo-chelsea5-20211102193342.jpg","datePublished":"2021-11-02T23:27:13+00:00","dateModified":"2021-11-02T23:27:15+00:00","breadcrumb":{"@id":"https:\/\/radioljubuski.ba\/index.php\/2021\/11\/03\/chelsea-slavio-u-malmou-wolfsburgu-protiv-salzburga-premijerna-pobjeda\/#breadcrumb"},"inLanguage":"hr","potentialAction":[{"@type":"ReadAction","target":["https:\/\/radioljubuski.ba\/index.php\/2021\/11\/03\/chelsea-slavio-u-malmou-wolfsburgu-protiv-salzburga-premijerna-pobjeda\/"]}]},{"@type":"ImageObject","inLanguage":"hr","@id":"https:\/\/radioljubuski.ba\/index.php\/2021\/11\/03\/chelsea-slavio-u-malmou-wolfsburgu-protiv-salzburga-premijerna-pobjeda\/#primaryimage","url":"https:\/\/radioljubuski.ba\/wp-content\/uploads\/2021\/11\/740x438-malmo-chelsea5-20211102193342.jpg","contentUrl":"https:\/\/radioljubuski.ba\/wp-content\/uploads\/2021\/11\/740x438-malmo-chelsea5-20211102193342.jpg","width":740,"height":438},{"@type":"BreadcrumbList","@id":"https:\/\/radioljubuski.ba\/index.php\/2021\/11\/03\/chelsea-slavio-u-malmou-wolfsburgu-protiv-salzburga-premijerna-pobjeda\/#breadcrumb","itemListElement":[{"@type":"ListItem","position":1,"name":"Po\u010detna stranica","item":"https:\/\/radioljubuski.ba\/"},{"@type":"ListItem","position":2,"name":"Chelsea slavio u Malm\u00f6u, Wolfsburgu protiv Salzburga premijerna pobjeda"}]},{"@type":"WebSite","@id":"https:\/\/radioljubuski.ba\/#website","url":"https:\/\/radioljubuski.ba\/","name":"Radio Ljubu\u0161ki","description":"Sun\u010dana frekvencija Hercegovine","publisher":{"@id":"https:\/\/radioljubuski.ba\/#organization"},"potentialAction":[{"@type":"SearchAction","target":{"@type":"EntryPoint","urlTemplate":"https:\/\/radioljubuski.ba\/?s={search_term_string}"},"query-input":{"@type":"PropertyValueSpecification","valueRequired":true,"valueName":"search_term_string"}}],"inLanguage":"hr"},{"@type":"Organization","@id":"https:\/\/radioljubuski.ba\/#organization","name":"Radio Ljubu\u0161ki","url":"https:\/\/radioljubuski.ba\/","logo":{"@type":"ImageObject","inLanguage":"hr","@id":"https:\/\/radioljubuski.ba\/#\/schema\/logo\/image\/","url":"https:\/\/radioljubuski.ba\/wp-content\/uploads\/2021\/02\/cropped-Radio_Ljubuski_logo1.jpg","contentUrl":"https:\/\/radioljubuski.ba\/wp-content\/uploads\/2021\/02\/cropped-Radio_Ljubuski_logo1.jpg","width":512,"height":512,"caption":"Radio Ljubu\u0161ki"},"image":{"@id":"https:\/\/radioljubuski.ba\/#\/schema\/logo\/image\/"},"sameAs":["https:\/\/www.facebook.com\/Radiio-Ljubuski-1490835324566332","https:\/\/x.com\/radioljubuski","https:\/\/hr.linkedin.com\/company\/radio-ljubuski","https:\/\/www.youtube.com\/channel\/UCHYaeO_n0Db3tjNGudGpXyw"]},{"@type":"Person","@id":"https:\/\/radioljubuski.ba\/#\/schema\/person\/19fc700381a780f69665d7956c469e3b","name":"Radio Ljubu\u0161ki"}]}},"_links":{"self":[{"href":"https:\/\/radioljubuski.ba\/index.php\/wp-json\/wp\/v2\/posts\/84141","targetHints":{"allow":["GET"]}}],"collection":[{"href":"https:\/\/radioljubuski.ba\/index.php\/wp-json\/wp\/v2\/posts"}],"about":[{"href":"https:\/\/radioljubuski.ba\/index.php\/wp-json\/wp\/v2\/types\/post"}],"author":[{"embeddable":true,"href":"https:\/\/radioljubuski.ba\/index.php\/wp-json\/wp\/v2\/users\/2"}],"replies":[{"embeddable":true,"href":"https:\/\/radioljubuski.ba\/index.php\/wp-json\/wp\/v2\/comments?post=84141"}],"version-history":[{"count":1,"href":"https:\/\/radioljubuski.ba\/index.php\/wp-json\/wp\/v2\/posts\/84141\/revisions"}],"predecessor-version":[{"id":84143,"href":"https:\/\/radioljubuski.ba\/index.php\/wp-json\/wp\/v2\/posts\/84141\/revisions\/84143"}],"wp:featuredmedia":[{"embeddable":true,"href":"https:\/\/radioljubuski.ba\/index.php\/wp-json\/wp\/v2\/media\/84142"}],"wp:attachment":[{"href":"https:\/\/radioljubuski.ba\/index.php\/wp-json\/wp\/v2\/media?parent=84141"}],"wp:term":[{"taxonomy":"category","embeddable":true,"href":"https:\/\/radioljubuski.ba\/index.php\/wp-json\/wp\/v2\/categories?post=84141"},{"taxonomy":"post_tag","embeddable":true,"href":"https:\/\/radioljubuski.ba\/index.php\/wp-json\/wp\/v2\/tags?post=84141"}],"curies":[{"name":"wp","href":"https:\/\/api.w.org\/{rel}","templated":true}]}}