{"id":84223,"date":"2021-11-03T01:51:55","date_gmt":"2021-11-03T00:51:55","guid":{"rendered":"https:\/\/radioljubuski.ba\/?p=84223"},"modified":"2021-11-03T01:51:55","modified_gmt":"2021-11-03T00:51:55","slug":"izdano-narancasto-upozorenje-u-hercegovini-se-ocekuju-intenzivne-padaline-i-olujni-vjetar","status":"publish","type":"post","link":"https:\/\/radioljubuski.ba\/index.php\/2021\/11\/03\/izdano-narancasto-upozorenje-u-hercegovini-se-ocekuju-intenzivne-padaline-i-olujni-vjetar\/","title":{"rendered":"Izdano naran\u010dasto upozorenje, u Hercegovini se o\u010dekuju intenzivne padaline i olujni vjetar"},"content":{"rendered":"\n<p>Federalni hidrometeorolo\u0161ki zavod Bosne i Hercegovine izdao je naran\u010dasto upozorenje zbog o\u010dekivanih intenzivnih padalina i olujnog vjetra.<\/p>\n\n\n\n<p>Iz FHMZBiH navode da se u narednih 24 sata o\u010dekuju intenzivne padaline u Hercegovini i jugozapadnim podru\u010djima Bosne, te olujni vjetar u Hercegovini, Krajini i centralnim dijelovima. &nbsp;<\/p>\n\n\n\n<p>O\u010dekivana koli\u010dina padalina u Hercegovini i jugozapadnoj Bosni od 30-60 l\/m2. Olujan vjetar poslije podne i tokom no\u0107i, u Hercegovini, Krajini i centralnim dijelovima, vi\u0161i od 70 km\/h.<\/p>\n\n\n\n<p>Agencija za vodno podru\u010dje rijeke Save priop\u0107ila je da je prognozirano pove\u0107anje vodostaja na skoro svim vodotocima na cijelom vodnom podru\u010dju Save u Federaciji BiH (sliv Une i Sane, Vrbasa, Bosne, Drine i neposredni sliv rijeke Save).<\/p>\n\n\n\n<p>Padaline koje se prognoziraju u narednim danima uvjetovale su potrebu za poja\u010danim pra\u0107enjem vodostaja na svim vodotocima na vodnom podru\u010dju Save u Federaciji BiH.<\/p>\n\n\n\n<p>Buji\u010dni vodotoci na kojima mo\u017ee do\u0107i do pove\u0107anja vodostaja u ovom periodu su na podru\u010dju gornjeg toka sliva rijeke Une, Sane, Vrbasa, Bosne, Spre\u010de i Drine.<\/p>\n\n\n\n<p>Prognozirana pove\u0107anja vodostaja na ve\u0107im vodotocima ne bi trebala dovesti do ve\u0107ih problema, odnosno izlijevanja rijeka iz korita. Eventualna lokalna izlijevanja mogu\u0107a su na buji\u010dnim vodotocima na navedenom dijelu vodnog podru\u010dja rijeke Save u FBiH.<\/p>\n\n\n\n<p>Prema meteorolo\u0161kim prognozama, prestanak padalina na cijelom vodnom podru\u010dju rijeke Save u FBiH o\u010dekuje se 7. studenog.<\/p>\n\n\n\n<p>Sve aktivnosti na pra\u0107enju i obavje\u0161tavanju o trenutnom hidrolo\u0161ko\u2010hidrauli\u010dkom stanju se provode u skladu s Federalnim operativnim planom obrane od poplava, priop\u0107eno je iz Agencije za vodno podru\u010dje rijeke Save.<\/p>\n\n\n\n<p>Izvor:pogled.ba<\/p>\n","protected":false},"excerpt":{"rendered":"<p>Federalni hidrometeorolo\u0161ki zavod Bosne i Hercegovine izdao je naran\u010dasto upozorenje zbog o\u010dekivanih intenzivnih padalina i olujnog vjetra. Iz FHMZBiH navode da se u narednih 24 sata o\u010dekuju intenzivne padaline u Hercegovini i jugozapadnim podru\u010djima Bosne, te olujni vjetar u Hercegovini, Krajini i centralnim dijelovima. &nbsp; O\u010dekivana koli\u010dina padalina u Hercegovini i jugozapadnoj Bosni od 30-60 [&hellip;]<\/p>\n","protected":false},"author":2,"featured_media":0,"comment_status":"closed","ping_status":"closed","sticky":false,"template":"","format":"standard","meta":{"h5ap_radio_sources":[],"footnotes":""},"categories":[1],"tags":[],"class_list":["post-84223","post","type-post","status-publish","format-standard","hentry","category-bihiregija"],"yoast_head":"<!-- This site is optimized with the Yoast SEO plugin v27.5 - https:\/\/yoast.com\/product\/yoast-seo-wordpress\/ -->\n<title>Izdano naran\u010dasto upozorenje, u Hercegovini se o\u010dekuju intenzivne padaline i olujni vjetar - RADIO LJUBU\u0160KI<\/title>\n<meta name=\"robots\" content=\"index, follow, max-snippet:-1, max-image-preview:large, max-video-preview:-1\" \/>\n<link rel=\"canonical\" href=\"https:\/\/radioljubuski.ba\/index.php\/2021\/11\/03\/izdano-narancasto-upozorenje-u-hercegovini-se-ocekuju-intenzivne-padaline-i-olujni-vjetar\/\" \/>\n<meta property=\"og:locale\" content=\"hr_HR\" \/>\n<meta property=\"og:type\" content=\"article\" \/>\n<meta property=\"og:title\" content=\"Izdano naran\u010dasto upozorenje, u Hercegovini se o\u010dekuju intenzivne padaline i olujni vjetar - RADIO LJUBU\u0160KI\" \/>\n<meta property=\"og:description\" content=\"Federalni hidrometeorolo\u0161ki zavod Bosne i Hercegovine izdao je naran\u010dasto upozorenje zbog o\u010dekivanih intenzivnih padalina i olujnog vjetra. Iz FHMZBiH navode da se u narednih 24 sata o\u010dekuju intenzivne padaline u Hercegovini i jugozapadnim podru\u010djima Bosne, te olujni vjetar u Hercegovini, Krajini i centralnim dijelovima. &nbsp; O\u010dekivana koli\u010dina padalina u Hercegovini i jugozapadnoj Bosni od 30-60 [&hellip;]\" \/>\n<meta property=\"og:url\" content=\"https:\/\/radioljubuski.ba\/index.php\/2021\/11\/03\/izdano-narancasto-upozorenje-u-hercegovini-se-ocekuju-intenzivne-padaline-i-olujni-vjetar\/\" \/>\n<meta property=\"og:site_name\" content=\"RADIO LJUBU\u0160KI\" \/>\n<meta property=\"article:publisher\" content=\"https:\/\/www.facebook.com\/Radiio-Ljubuski-1490835324566332\" \/>\n<meta property=\"article:published_time\" content=\"2021-11-03T00:51:55+00:00\" \/>\n<meta property=\"og:image\" content=\"https:\/\/radioljubuski.ba\/wp-content\/uploads\/2021\/11\/quUvWKSP_vjetar_kisa.jpg\" \/>\n\t<meta property=\"og:image:width\" content=\"1000\" \/>\n\t<meta property=\"og:image:height\" content=\"625\" \/>\n\t<meta property=\"og:image:type\" content=\"image\/jpeg\" \/>\n<meta name=\"author\" content=\"Radio Ljubu\u0161ki\" \/>\n<meta name=\"twitter:card\" content=\"summary_large_image\" \/>\n<meta name=\"twitter:creator\" content=\"@radioljubuski\" \/>\n<meta name=\"twitter:site\" content=\"@radioljubuski\" \/>\n<meta name=\"twitter:label1\" content=\"Napisao\/la\" \/>\n\t<meta name=\"twitter:data1\" content=\"Radio Ljubu\u0161ki\" \/>\n\t<meta name=\"twitter:label2\" content=\"Procijenjeno vrijeme \u010ditanja\" \/>\n\t<meta name=\"twitter:data2\" content=\"2 minute\" \/>\n<script type=\"application\/ld+json\" class=\"yoast-schema-graph\">{\"@context\":\"https:\\\/\\\/schema.org\",\"@graph\":[{\"@type\":\"Article\",\"@id\":\"https:\\\/\\\/radioljubuski.ba\\\/index.php\\\/2021\\\/11\\\/03\\\/izdano-narancasto-upozorenje-u-hercegovini-se-ocekuju-intenzivne-padaline-i-olujni-vjetar\\\/#article\",\"isPartOf\":{\"@id\":\"https:\\\/\\\/radioljubuski.ba\\\/index.php\\\/2021\\\/11\\\/03\\\/izdano-narancasto-upozorenje-u-hercegovini-se-ocekuju-intenzivne-padaline-i-olujni-vjetar\\\/\"},\"author\":{\"name\":\"Radio Ljubu\u0161ki\",\"@id\":\"https:\\\/\\\/radioljubuski.ba\\\/#\\\/schema\\\/person\\\/19fc700381a780f69665d7956c469e3b\"},\"headline\":\"Izdano naran\u010dasto upozorenje, u Hercegovini se o\u010dekuju intenzivne padaline i olujni vjetar\",\"datePublished\":\"2021-11-03T00:51:55+00:00\",\"mainEntityOfPage\":{\"@id\":\"https:\\\/\\\/radioljubuski.ba\\\/index.php\\\/2021\\\/11\\\/03\\\/izdano-narancasto-upozorenje-u-hercegovini-se-ocekuju-intenzivne-padaline-i-olujni-vjetar\\\/\"},\"wordCount\":296,\"publisher\":{\"@id\":\"https:\\\/\\\/radioljubuski.ba\\\/#organization\"},\"articleSection\":[\"BIH i regija\"],\"inLanguage\":\"hr\"},{\"@type\":\"WebPage\",\"@id\":\"https:\\\/\\\/radioljubuski.ba\\\/index.php\\\/2021\\\/11\\\/03\\\/izdano-narancasto-upozorenje-u-hercegovini-se-ocekuju-intenzivne-padaline-i-olujni-vjetar\\\/\",\"url\":\"https:\\\/\\\/radioljubuski.ba\\\/index.php\\\/2021\\\/11\\\/03\\\/izdano-narancasto-upozorenje-u-hercegovini-se-ocekuju-intenzivne-padaline-i-olujni-vjetar\\\/\",\"name\":\"Izdano naran\u010dasto upozorenje, u Hercegovini se o\u010dekuju intenzivne padaline i olujni vjetar - RADIO LJUBU\u0160KI\",\"isPartOf\":{\"@id\":\"https:\\\/\\\/radioljubuski.ba\\\/#website\"},\"datePublished\":\"2021-11-03T00:51:55+00:00\",\"breadcrumb\":{\"@id\":\"https:\\\/\\\/radioljubuski.ba\\\/index.php\\\/2021\\\/11\\\/03\\\/izdano-narancasto-upozorenje-u-hercegovini-se-ocekuju-intenzivne-padaline-i-olujni-vjetar\\\/#breadcrumb\"},\"inLanguage\":\"hr\",\"potentialAction\":[{\"@type\":\"ReadAction\",\"target\":[\"https:\\\/\\\/radioljubuski.ba\\\/index.php\\\/2021\\\/11\\\/03\\\/izdano-narancasto-upozorenje-u-hercegovini-se-ocekuju-intenzivne-padaline-i-olujni-vjetar\\\/\"]}]},{\"@type\":\"BreadcrumbList\",\"@id\":\"https:\\\/\\\/radioljubuski.ba\\\/index.php\\\/2021\\\/11\\\/03\\\/izdano-narancasto-upozorenje-u-hercegovini-se-ocekuju-intenzivne-padaline-i-olujni-vjetar\\\/#breadcrumb\",\"itemListElement\":[{\"@type\":\"ListItem\",\"position\":1,\"name\":\"Po\u010detna stranica\",\"item\":\"https:\\\/\\\/radioljubuski.ba\\\/\"},{\"@type\":\"ListItem\",\"position\":2,\"name\":\"Izdano naran\u010dasto upozorenje, u Hercegovini se o\u010dekuju intenzivne padaline i olujni vjetar\"}]},{\"@type\":\"WebSite\",\"@id\":\"https:\\\/\\\/radioljubuski.ba\\\/#website\",\"url\":\"https:\\\/\\\/radioljubuski.ba\\\/\",\"name\":\"Radio Ljubu\u0161ki\",\"description\":\"Sun\u010dana frekvencija Hercegovine\",\"publisher\":{\"@id\":\"https:\\\/\\\/radioljubuski.ba\\\/#organization\"},\"potentialAction\":[{\"@type\":\"SearchAction\",\"target\":{\"@type\":\"EntryPoint\",\"urlTemplate\":\"https:\\\/\\\/radioljubuski.ba\\\/?s={search_term_string}\"},\"query-input\":{\"@type\":\"PropertyValueSpecification\",\"valueRequired\":true,\"valueName\":\"search_term_string\"}}],\"inLanguage\":\"hr\"},{\"@type\":\"Organization\",\"@id\":\"https:\\\/\\\/radioljubuski.ba\\\/#organization\",\"name\":\"Radio Ljubu\u0161ki\",\"url\":\"https:\\\/\\\/radioljubuski.ba\\\/\",\"logo\":{\"@type\":\"ImageObject\",\"inLanguage\":\"hr\",\"@id\":\"https:\\\/\\\/radioljubuski.ba\\\/#\\\/schema\\\/logo\\\/image\\\/\",\"url\":\"https:\\\/\\\/radioljubuski.ba\\\/wp-content\\\/uploads\\\/2021\\\/02\\\/cropped-Radio_Ljubuski_logo1.jpg\",\"contentUrl\":\"https:\\\/\\\/radioljubuski.ba\\\/wp-content\\\/uploads\\\/2021\\\/02\\\/cropped-Radio_Ljubuski_logo1.jpg\",\"width\":512,\"height\":512,\"caption\":\"Radio Ljubu\u0161ki\"},\"image\":{\"@id\":\"https:\\\/\\\/radioljubuski.ba\\\/#\\\/schema\\\/logo\\\/image\\\/\"},\"sameAs\":[\"https:\\\/\\\/www.facebook.com\\\/Radiio-Ljubuski-1490835324566332\",\"https:\\\/\\\/x.com\\\/radioljubuski\",\"https:\\\/\\\/hr.linkedin.com\\\/company\\\/radio-ljubuski\",\"https:\\\/\\\/www.youtube.com\\\/channel\\\/UCHYaeO_n0Db3tjNGudGpXyw\"]},{\"@type\":\"Person\",\"@id\":\"https:\\\/\\\/radioljubuski.ba\\\/#\\\/schema\\\/person\\\/19fc700381a780f69665d7956c469e3b\",\"name\":\"Radio Ljubu\u0161ki\"}]}<\/script>\n<!-- \/ Yoast SEO plugin. -->","yoast_head_json":{"title":"Izdano naran\u010dasto upozorenje, u Hercegovini se o\u010dekuju intenzivne padaline i olujni vjetar - RADIO LJUBU\u0160KI","robots":{"index":"index","follow":"follow","max-snippet":"max-snippet:-1","max-image-preview":"max-image-preview:large","max-video-preview":"max-video-preview:-1"},"canonical":"https:\/\/radioljubuski.ba\/index.php\/2021\/11\/03\/izdano-narancasto-upozorenje-u-hercegovini-se-ocekuju-intenzivne-padaline-i-olujni-vjetar\/","og_locale":"hr_HR","og_type":"article","og_title":"Izdano naran\u010dasto upozorenje, u Hercegovini se o\u010dekuju intenzivne padaline i olujni vjetar - RADIO LJUBU\u0160KI","og_description":"Federalni hidrometeorolo\u0161ki zavod Bosne i Hercegovine izdao je naran\u010dasto upozorenje zbog o\u010dekivanih intenzivnih padalina i olujnog vjetra. Iz FHMZBiH navode da se u narednih 24 sata o\u010dekuju intenzivne padaline u Hercegovini i jugozapadnim podru\u010djima Bosne, te olujni vjetar u Hercegovini, Krajini i centralnim dijelovima. &nbsp; O\u010dekivana koli\u010dina padalina u Hercegovini i jugozapadnoj Bosni od 30-60 [&hellip;]","og_url":"https:\/\/radioljubuski.ba\/index.php\/2021\/11\/03\/izdano-narancasto-upozorenje-u-hercegovini-se-ocekuju-intenzivne-padaline-i-olujni-vjetar\/","og_site_name":"RADIO LJUBU\u0160KI","article_publisher":"https:\/\/www.facebook.com\/Radiio-Ljubuski-1490835324566332","article_published_time":"2021-11-03T00:51:55+00:00","og_image":[{"width":1000,"height":625,"url":"https:\/\/radioljubuski.ba\/wp-content\/uploads\/2021\/11\/quUvWKSP_vjetar_kisa.jpg","type":"image\/jpeg"}],"author":"Radio Ljubu\u0161ki","twitter_card":"summary_large_image","twitter_creator":"@radioljubuski","twitter_site":"@radioljubuski","twitter_misc":{"Napisao\/la":"Radio Ljubu\u0161ki","Procijenjeno vrijeme \u010ditanja":"2 minute"},"schema":{"@context":"https:\/\/schema.org","@graph":[{"@type":"Article","@id":"https:\/\/radioljubuski.ba\/index.php\/2021\/11\/03\/izdano-narancasto-upozorenje-u-hercegovini-se-ocekuju-intenzivne-padaline-i-olujni-vjetar\/#article","isPartOf":{"@id":"https:\/\/radioljubuski.ba\/index.php\/2021\/11\/03\/izdano-narancasto-upozorenje-u-hercegovini-se-ocekuju-intenzivne-padaline-i-olujni-vjetar\/"},"author":{"name":"Radio Ljubu\u0161ki","@id":"https:\/\/radioljubuski.ba\/#\/schema\/person\/19fc700381a780f69665d7956c469e3b"},"headline":"Izdano naran\u010dasto upozorenje, u Hercegovini se o\u010dekuju intenzivne padaline i olujni vjetar","datePublished":"2021-11-03T00:51:55+00:00","mainEntityOfPage":{"@id":"https:\/\/radioljubuski.ba\/index.php\/2021\/11\/03\/izdano-narancasto-upozorenje-u-hercegovini-se-ocekuju-intenzivne-padaline-i-olujni-vjetar\/"},"wordCount":296,"publisher":{"@id":"https:\/\/radioljubuski.ba\/#organization"},"articleSection":["BIH i regija"],"inLanguage":"hr"},{"@type":"WebPage","@id":"https:\/\/radioljubuski.ba\/index.php\/2021\/11\/03\/izdano-narancasto-upozorenje-u-hercegovini-se-ocekuju-intenzivne-padaline-i-olujni-vjetar\/","url":"https:\/\/radioljubuski.ba\/index.php\/2021\/11\/03\/izdano-narancasto-upozorenje-u-hercegovini-se-ocekuju-intenzivne-padaline-i-olujni-vjetar\/","name":"Izdano naran\u010dasto upozorenje, u Hercegovini se o\u010dekuju intenzivne padaline i olujni vjetar - RADIO LJUBU\u0160KI","isPartOf":{"@id":"https:\/\/radioljubuski.ba\/#website"},"datePublished":"2021-11-03T00:51:55+00:00","breadcrumb":{"@id":"https:\/\/radioljubuski.ba\/index.php\/2021\/11\/03\/izdano-narancasto-upozorenje-u-hercegovini-se-ocekuju-intenzivne-padaline-i-olujni-vjetar\/#breadcrumb"},"inLanguage":"hr","potentialAction":[{"@type":"ReadAction","target":["https:\/\/radioljubuski.ba\/index.php\/2021\/11\/03\/izdano-narancasto-upozorenje-u-hercegovini-se-ocekuju-intenzivne-padaline-i-olujni-vjetar\/"]}]},{"@type":"BreadcrumbList","@id":"https:\/\/radioljubuski.ba\/index.php\/2021\/11\/03\/izdano-narancasto-upozorenje-u-hercegovini-se-ocekuju-intenzivne-padaline-i-olujni-vjetar\/#breadcrumb","itemListElement":[{"@type":"ListItem","position":1,"name":"Po\u010detna stranica","item":"https:\/\/radioljubuski.ba\/"},{"@type":"ListItem","position":2,"name":"Izdano naran\u010dasto upozorenje, u Hercegovini se o\u010dekuju intenzivne padaline i olujni vjetar"}]},{"@type":"WebSite","@id":"https:\/\/radioljubuski.ba\/#website","url":"https:\/\/radioljubuski.ba\/","name":"Radio Ljubu\u0161ki","description":"Sun\u010dana frekvencija Hercegovine","publisher":{"@id":"https:\/\/radioljubuski.ba\/#organization"},"potentialAction":[{"@type":"SearchAction","target":{"@type":"EntryPoint","urlTemplate":"https:\/\/radioljubuski.ba\/?s={search_term_string}"},"query-input":{"@type":"PropertyValueSpecification","valueRequired":true,"valueName":"search_term_string"}}],"inLanguage":"hr"},{"@type":"Organization","@id":"https:\/\/radioljubuski.ba\/#organization","name":"Radio Ljubu\u0161ki","url":"https:\/\/radioljubuski.ba\/","logo":{"@type":"ImageObject","inLanguage":"hr","@id":"https:\/\/radioljubuski.ba\/#\/schema\/logo\/image\/","url":"https:\/\/radioljubuski.ba\/wp-content\/uploads\/2021\/02\/cropped-Radio_Ljubuski_logo1.jpg","contentUrl":"https:\/\/radioljubuski.ba\/wp-content\/uploads\/2021\/02\/cropped-Radio_Ljubuski_logo1.jpg","width":512,"height":512,"caption":"Radio Ljubu\u0161ki"},"image":{"@id":"https:\/\/radioljubuski.ba\/#\/schema\/logo\/image\/"},"sameAs":["https:\/\/www.facebook.com\/Radiio-Ljubuski-1490835324566332","https:\/\/x.com\/radioljubuski","https:\/\/hr.linkedin.com\/company\/radio-ljubuski","https:\/\/www.youtube.com\/channel\/UCHYaeO_n0Db3tjNGudGpXyw"]},{"@type":"Person","@id":"https:\/\/radioljubuski.ba\/#\/schema\/person\/19fc700381a780f69665d7956c469e3b","name":"Radio Ljubu\u0161ki"}]}},"_links":{"self":[{"href":"https:\/\/radioljubuski.ba\/index.php\/wp-json\/wp\/v2\/posts\/84223","targetHints":{"allow":["GET"]}}],"collection":[{"href":"https:\/\/radioljubuski.ba\/index.php\/wp-json\/wp\/v2\/posts"}],"about":[{"href":"https:\/\/radioljubuski.ba\/index.php\/wp-json\/wp\/v2\/types\/post"}],"author":[{"embeddable":true,"href":"https:\/\/radioljubuski.ba\/index.php\/wp-json\/wp\/v2\/users\/2"}],"replies":[{"embeddable":true,"href":"https:\/\/radioljubuski.ba\/index.php\/wp-json\/wp\/v2\/comments?post=84223"}],"version-history":[{"count":1,"href":"https:\/\/radioljubuski.ba\/index.php\/wp-json\/wp\/v2\/posts\/84223\/revisions"}],"predecessor-version":[{"id":84225,"href":"https:\/\/radioljubuski.ba\/index.php\/wp-json\/wp\/v2\/posts\/84223\/revisions\/84225"}],"wp:attachment":[{"href":"https:\/\/radioljubuski.ba\/index.php\/wp-json\/wp\/v2\/media?parent=84223"}],"wp:term":[{"taxonomy":"category","embeddable":true,"href":"https:\/\/radioljubuski.ba\/index.php\/wp-json\/wp\/v2\/categories?post=84223"},{"taxonomy":"post_tag","embeddable":true,"href":"https:\/\/radioljubuski.ba\/index.php\/wp-json\/wp\/v2\/tags?post=84223"}],"curies":[{"name":"wp","href":"https:\/\/api.w.org\/{rel}","templated":true}]}}