{"id":84240,"date":"2021-11-03T02:00:27","date_gmt":"2021-11-03T01:00:27","guid":{"rendered":"https:\/\/radioljubuski.ba\/?p=84240"},"modified":"2021-11-03T02:00:28","modified_gmt":"2021-11-03T01:00:28","slug":"nova-donacija-cjepiva-za-bih-danas-stize-pfizer","status":"publish","type":"post","link":"https:\/\/radioljubuski.ba\/index.php\/2021\/11\/03\/nova-donacija-cjepiva-za-bih-danas-stize-pfizer\/","title":{"rendered":"Nova donacija cjepiva za BiH: Danas sti\u017ee Pfizer"},"content":{"rendered":"\n<p>U srijedu, 3. studenog 2021. godine u 14:00 sati bit \u0107e odr\u017eana ceremonijalna primopredaja cjepiva koje je Bosni i Hercegovini donirala Vlada Poljske.<\/p>\n\n\n\n<p>Ceremonija \u0107e biti odr\u017eana u prostorijama Hercegovinalijeka. Donacija se sastoji od 190.710 doza cjepiva proizvo\u0111a\u010da Pfizer-BioNTech.<\/p>\n\n\n\n<p>Cjepiva \u0107e ministrici civilnih poslova Bosne i Hercegovine Ankici Gudeljevi\u0107 ceremonijalno predati veleposlanik Poljske u BiH Jaroslav Lindenberg, a predvi\u0111ene su izjave za medije.<\/p>\n\n\n\n<p>Izvor:pogled.ba<\/p>\n","protected":false},"excerpt":{"rendered":"<p>U srijedu, 3. studenog 2021. godine u 14:00 sati bit \u0107e odr\u017eana ceremonijalna primopredaja cjepiva koje je Bosni i Hercegovini donirala Vlada Poljske. Ceremonija \u0107e biti odr\u017eana u prostorijama Hercegovinalijeka. Donacija se sastoji od 190.710 doza cjepiva proizvo\u0111a\u010da Pfizer-BioNTech. Cjepiva \u0107e ministrici civilnih poslova Bosne i Hercegovine Ankici Gudeljevi\u0107 ceremonijalno predati veleposlanik Poljske u BiH [&hellip;]<\/p>\n","protected":false},"author":2,"featured_media":2970,"comment_status":"closed","ping_status":"closed","sticky":false,"template":"","format":"standard","meta":{"h5ap_radio_sources":[],"footnotes":""},"categories":[1],"tags":[],"class_list":["post-84240","post","type-post","status-publish","format-standard","has-post-thumbnail","hentry","category-bihiregija"],"yoast_head":"<!-- This site is optimized with the Yoast SEO plugin v27.5 - https:\/\/yoast.com\/product\/yoast-seo-wordpress\/ -->\n<title>Nova donacija cjepiva za BiH: Danas sti\u017ee Pfizer - RADIO LJUBU\u0160KI<\/title>\n<meta name=\"robots\" content=\"index, follow, max-snippet:-1, max-image-preview:large, max-video-preview:-1\" \/>\n<link rel=\"canonical\" href=\"https:\/\/radioljubuski.ba\/index.php\/2021\/11\/03\/nova-donacija-cjepiva-za-bih-danas-stize-pfizer\/\" \/>\n<meta property=\"og:locale\" content=\"hr_HR\" \/>\n<meta property=\"og:type\" content=\"article\" \/>\n<meta property=\"og:title\" content=\"Nova donacija cjepiva za BiH: Danas sti\u017ee Pfizer - RADIO LJUBU\u0160KI\" \/>\n<meta property=\"og:description\" content=\"U srijedu, 3. studenog 2021. godine u 14:00 sati bit \u0107e odr\u017eana ceremonijalna primopredaja cjepiva koje je Bosni i Hercegovini donirala Vlada Poljske. Ceremonija \u0107e biti odr\u017eana u prostorijama Hercegovinalijeka. Donacija se sastoji od 190.710 doza cjepiva proizvo\u0111a\u010da Pfizer-BioNTech. Cjepiva \u0107e ministrici civilnih poslova Bosne i Hercegovine Ankici Gudeljevi\u0107 ceremonijalno predati veleposlanik Poljske u BiH [&hellip;]\" \/>\n<meta property=\"og:url\" content=\"https:\/\/radioljubuski.ba\/index.php\/2021\/11\/03\/nova-donacija-cjepiva-za-bih-danas-stize-pfizer\/\" \/>\n<meta property=\"og:site_name\" content=\"RADIO LJUBU\u0160KI\" \/>\n<meta property=\"article:publisher\" content=\"https:\/\/www.facebook.com\/Radiio-Ljubuski-1490835324566332\" \/>\n<meta property=\"article:published_time\" content=\"2021-11-03T01:00:27+00:00\" \/>\n<meta property=\"article:modified_time\" content=\"2021-11-03T01:00:28+00:00\" \/>\n<meta property=\"og:image\" content=\"https:\/\/radioljubuski.ba\/wp-content\/uploads\/2021\/03\/000_8XT4DA-e1609063004614-1024x640-1.jpg\" \/>\n\t<meta property=\"og:image:width\" content=\"1024\" \/>\n\t<meta property=\"og:image:height\" content=\"640\" \/>\n\t<meta property=\"og:image:type\" content=\"image\/jpeg\" \/>\n<meta name=\"author\" content=\"Radio Ljubu\u0161ki\" \/>\n<meta name=\"twitter:card\" content=\"summary_large_image\" \/>\n<meta name=\"twitter:creator\" content=\"@radioljubuski\" \/>\n<meta name=\"twitter:site\" content=\"@radioljubuski\" \/>\n<meta name=\"twitter:label1\" content=\"Napisao\/la\" \/>\n\t<meta name=\"twitter:data1\" content=\"Radio Ljubu\u0161ki\" \/>\n\t<meta name=\"twitter:label2\" content=\"Procijenjeno vrijeme \u010ditanja\" \/>\n\t<meta name=\"twitter:data2\" content=\"1 minuta\" \/>\n<script type=\"application\/ld+json\" class=\"yoast-schema-graph\">{\"@context\":\"https:\\\/\\\/schema.org\",\"@graph\":[{\"@type\":\"Article\",\"@id\":\"https:\\\/\\\/radioljubuski.ba\\\/index.php\\\/2021\\\/11\\\/03\\\/nova-donacija-cjepiva-za-bih-danas-stize-pfizer\\\/#article\",\"isPartOf\":{\"@id\":\"https:\\\/\\\/radioljubuski.ba\\\/index.php\\\/2021\\\/11\\\/03\\\/nova-donacija-cjepiva-za-bih-danas-stize-pfizer\\\/\"},\"author\":{\"name\":\"Radio Ljubu\u0161ki\",\"@id\":\"https:\\\/\\\/radioljubuski.ba\\\/#\\\/schema\\\/person\\\/19fc700381a780f69665d7956c469e3b\"},\"headline\":\"Nova donacija cjepiva za BiH: Danas sti\u017ee Pfizer\",\"datePublished\":\"2021-11-03T01:00:27+00:00\",\"dateModified\":\"2021-11-03T01:00:28+00:00\",\"mainEntityOfPage\":{\"@id\":\"https:\\\/\\\/radioljubuski.ba\\\/index.php\\\/2021\\\/11\\\/03\\\/nova-donacija-cjepiva-za-bih-danas-stize-pfizer\\\/\"},\"wordCount\":76,\"publisher\":{\"@id\":\"https:\\\/\\\/radioljubuski.ba\\\/#organization\"},\"image\":{\"@id\":\"https:\\\/\\\/radioljubuski.ba\\\/index.php\\\/2021\\\/11\\\/03\\\/nova-donacija-cjepiva-za-bih-danas-stize-pfizer\\\/#primaryimage\"},\"thumbnailUrl\":\"https:\\\/\\\/radioljubuski.ba\\\/wp-content\\\/uploads\\\/2021\\\/03\\\/000_8XT4DA-e1609063004614-1024x640-1.jpg\",\"articleSection\":[\"BIH i regija\"],\"inLanguage\":\"hr\"},{\"@type\":\"WebPage\",\"@id\":\"https:\\\/\\\/radioljubuski.ba\\\/index.php\\\/2021\\\/11\\\/03\\\/nova-donacija-cjepiva-za-bih-danas-stize-pfizer\\\/\",\"url\":\"https:\\\/\\\/radioljubuski.ba\\\/index.php\\\/2021\\\/11\\\/03\\\/nova-donacija-cjepiva-za-bih-danas-stize-pfizer\\\/\",\"name\":\"Nova donacija cjepiva za BiH: Danas sti\u017ee Pfizer - RADIO LJUBU\u0160KI\",\"isPartOf\":{\"@id\":\"https:\\\/\\\/radioljubuski.ba\\\/#website\"},\"primaryImageOfPage\":{\"@id\":\"https:\\\/\\\/radioljubuski.ba\\\/index.php\\\/2021\\\/11\\\/03\\\/nova-donacija-cjepiva-za-bih-danas-stize-pfizer\\\/#primaryimage\"},\"image\":{\"@id\":\"https:\\\/\\\/radioljubuski.ba\\\/index.php\\\/2021\\\/11\\\/03\\\/nova-donacija-cjepiva-za-bih-danas-stize-pfizer\\\/#primaryimage\"},\"thumbnailUrl\":\"https:\\\/\\\/radioljubuski.ba\\\/wp-content\\\/uploads\\\/2021\\\/03\\\/000_8XT4DA-e1609063004614-1024x640-1.jpg\",\"datePublished\":\"2021-11-03T01:00:27+00:00\",\"dateModified\":\"2021-11-03T01:00:28+00:00\",\"breadcrumb\":{\"@id\":\"https:\\\/\\\/radioljubuski.ba\\\/index.php\\\/2021\\\/11\\\/03\\\/nova-donacija-cjepiva-za-bih-danas-stize-pfizer\\\/#breadcrumb\"},\"inLanguage\":\"hr\",\"potentialAction\":[{\"@type\":\"ReadAction\",\"target\":[\"https:\\\/\\\/radioljubuski.ba\\\/index.php\\\/2021\\\/11\\\/03\\\/nova-donacija-cjepiva-za-bih-danas-stize-pfizer\\\/\"]}]},{\"@type\":\"ImageObject\",\"inLanguage\":\"hr\",\"@id\":\"https:\\\/\\\/radioljubuski.ba\\\/index.php\\\/2021\\\/11\\\/03\\\/nova-donacija-cjepiva-za-bih-danas-stize-pfizer\\\/#primaryimage\",\"url\":\"https:\\\/\\\/radioljubuski.ba\\\/wp-content\\\/uploads\\\/2021\\\/03\\\/000_8XT4DA-e1609063004614-1024x640-1.jpg\",\"contentUrl\":\"https:\\\/\\\/radioljubuski.ba\\\/wp-content\\\/uploads\\\/2021\\\/03\\\/000_8XT4DA-e1609063004614-1024x640-1.jpg\",\"width\":1024,\"height\":640,\"caption\":\"Doses of the Pfizer-Biontech Covid-19 corona virus vaccine are seen at a vaccination center in Magdeburg, eastern Germany, on December 27, 2020. - The European Union began a vaccine rollout, even as countries in the bloc were forced back into lockdown by a new strain of the virus, believed to be more infectious, that continues to spread from Britain. The pandemic has claimed more than 1.7 million lives and is still running rampant in much of the world, but the recent launching of innoculation campaigns has boosted hopes that 2021 could bring a respite. (Photo by Ronny Hartmann \\\/ POOL \\\/ AFP)\"},{\"@type\":\"BreadcrumbList\",\"@id\":\"https:\\\/\\\/radioljubuski.ba\\\/index.php\\\/2021\\\/11\\\/03\\\/nova-donacija-cjepiva-za-bih-danas-stize-pfizer\\\/#breadcrumb\",\"itemListElement\":[{\"@type\":\"ListItem\",\"position\":1,\"name\":\"Po\u010detna stranica\",\"item\":\"https:\\\/\\\/radioljubuski.ba\\\/\"},{\"@type\":\"ListItem\",\"position\":2,\"name\":\"Nova donacija cjepiva za BiH: Danas sti\u017ee Pfizer\"}]},{\"@type\":\"WebSite\",\"@id\":\"https:\\\/\\\/radioljubuski.ba\\\/#website\",\"url\":\"https:\\\/\\\/radioljubuski.ba\\\/\",\"name\":\"Radio Ljubu\u0161ki\",\"description\":\"Sun\u010dana frekvencija Hercegovine\",\"publisher\":{\"@id\":\"https:\\\/\\\/radioljubuski.ba\\\/#organization\"},\"potentialAction\":[{\"@type\":\"SearchAction\",\"target\":{\"@type\":\"EntryPoint\",\"urlTemplate\":\"https:\\\/\\\/radioljubuski.ba\\\/?s={search_term_string}\"},\"query-input\":{\"@type\":\"PropertyValueSpecification\",\"valueRequired\":true,\"valueName\":\"search_term_string\"}}],\"inLanguage\":\"hr\"},{\"@type\":\"Organization\",\"@id\":\"https:\\\/\\\/radioljubuski.ba\\\/#organization\",\"name\":\"Radio Ljubu\u0161ki\",\"url\":\"https:\\\/\\\/radioljubuski.ba\\\/\",\"logo\":{\"@type\":\"ImageObject\",\"inLanguage\":\"hr\",\"@id\":\"https:\\\/\\\/radioljubuski.ba\\\/#\\\/schema\\\/logo\\\/image\\\/\",\"url\":\"https:\\\/\\\/radioljubuski.ba\\\/wp-content\\\/uploads\\\/2021\\\/02\\\/cropped-Radio_Ljubuski_logo1.jpg\",\"contentUrl\":\"https:\\\/\\\/radioljubuski.ba\\\/wp-content\\\/uploads\\\/2021\\\/02\\\/cropped-Radio_Ljubuski_logo1.jpg\",\"width\":512,\"height\":512,\"caption\":\"Radio Ljubu\u0161ki\"},\"image\":{\"@id\":\"https:\\\/\\\/radioljubuski.ba\\\/#\\\/schema\\\/logo\\\/image\\\/\"},\"sameAs\":[\"https:\\\/\\\/www.facebook.com\\\/Radiio-Ljubuski-1490835324566332\",\"https:\\\/\\\/x.com\\\/radioljubuski\",\"https:\\\/\\\/hr.linkedin.com\\\/company\\\/radio-ljubuski\",\"https:\\\/\\\/www.youtube.com\\\/channel\\\/UCHYaeO_n0Db3tjNGudGpXyw\"]},{\"@type\":\"Person\",\"@id\":\"https:\\\/\\\/radioljubuski.ba\\\/#\\\/schema\\\/person\\\/19fc700381a780f69665d7956c469e3b\",\"name\":\"Radio Ljubu\u0161ki\"}]}<\/script>\n<!-- \/ Yoast SEO plugin. -->","yoast_head_json":{"title":"Nova donacija cjepiva za BiH: Danas sti\u017ee Pfizer - RADIO LJUBU\u0160KI","robots":{"index":"index","follow":"follow","max-snippet":"max-snippet:-1","max-image-preview":"max-image-preview:large","max-video-preview":"max-video-preview:-1"},"canonical":"https:\/\/radioljubuski.ba\/index.php\/2021\/11\/03\/nova-donacija-cjepiva-za-bih-danas-stize-pfizer\/","og_locale":"hr_HR","og_type":"article","og_title":"Nova donacija cjepiva za BiH: Danas sti\u017ee Pfizer - RADIO LJUBU\u0160KI","og_description":"U srijedu, 3. studenog 2021. godine u 14:00 sati bit \u0107e odr\u017eana ceremonijalna primopredaja cjepiva koje je Bosni i Hercegovini donirala Vlada Poljske. Ceremonija \u0107e biti odr\u017eana u prostorijama Hercegovinalijeka. Donacija se sastoji od 190.710 doza cjepiva proizvo\u0111a\u010da Pfizer-BioNTech. Cjepiva \u0107e ministrici civilnih poslova Bosne i Hercegovine Ankici Gudeljevi\u0107 ceremonijalno predati veleposlanik Poljske u BiH [&hellip;]","og_url":"https:\/\/radioljubuski.ba\/index.php\/2021\/11\/03\/nova-donacija-cjepiva-za-bih-danas-stize-pfizer\/","og_site_name":"RADIO LJUBU\u0160KI","article_publisher":"https:\/\/www.facebook.com\/Radiio-Ljubuski-1490835324566332","article_published_time":"2021-11-03T01:00:27+00:00","article_modified_time":"2021-11-03T01:00:28+00:00","og_image":[{"width":1024,"height":640,"url":"https:\/\/radioljubuski.ba\/wp-content\/uploads\/2021\/03\/000_8XT4DA-e1609063004614-1024x640-1.jpg","type":"image\/jpeg"}],"author":"Radio Ljubu\u0161ki","twitter_card":"summary_large_image","twitter_creator":"@radioljubuski","twitter_site":"@radioljubuski","twitter_misc":{"Napisao\/la":"Radio Ljubu\u0161ki","Procijenjeno vrijeme \u010ditanja":"1 minuta"},"schema":{"@context":"https:\/\/schema.org","@graph":[{"@type":"Article","@id":"https:\/\/radioljubuski.ba\/index.php\/2021\/11\/03\/nova-donacija-cjepiva-za-bih-danas-stize-pfizer\/#article","isPartOf":{"@id":"https:\/\/radioljubuski.ba\/index.php\/2021\/11\/03\/nova-donacija-cjepiva-za-bih-danas-stize-pfizer\/"},"author":{"name":"Radio Ljubu\u0161ki","@id":"https:\/\/radioljubuski.ba\/#\/schema\/person\/19fc700381a780f69665d7956c469e3b"},"headline":"Nova donacija cjepiva za BiH: Danas sti\u017ee Pfizer","datePublished":"2021-11-03T01:00:27+00:00","dateModified":"2021-11-03T01:00:28+00:00","mainEntityOfPage":{"@id":"https:\/\/radioljubuski.ba\/index.php\/2021\/11\/03\/nova-donacija-cjepiva-za-bih-danas-stize-pfizer\/"},"wordCount":76,"publisher":{"@id":"https:\/\/radioljubuski.ba\/#organization"},"image":{"@id":"https:\/\/radioljubuski.ba\/index.php\/2021\/11\/03\/nova-donacija-cjepiva-za-bih-danas-stize-pfizer\/#primaryimage"},"thumbnailUrl":"https:\/\/radioljubuski.ba\/wp-content\/uploads\/2021\/03\/000_8XT4DA-e1609063004614-1024x640-1.jpg","articleSection":["BIH i regija"],"inLanguage":"hr"},{"@type":"WebPage","@id":"https:\/\/radioljubuski.ba\/index.php\/2021\/11\/03\/nova-donacija-cjepiva-za-bih-danas-stize-pfizer\/","url":"https:\/\/radioljubuski.ba\/index.php\/2021\/11\/03\/nova-donacija-cjepiva-za-bih-danas-stize-pfizer\/","name":"Nova donacija cjepiva za BiH: Danas sti\u017ee Pfizer - RADIO LJUBU\u0160KI","isPartOf":{"@id":"https:\/\/radioljubuski.ba\/#website"},"primaryImageOfPage":{"@id":"https:\/\/radioljubuski.ba\/index.php\/2021\/11\/03\/nova-donacija-cjepiva-za-bih-danas-stize-pfizer\/#primaryimage"},"image":{"@id":"https:\/\/radioljubuski.ba\/index.php\/2021\/11\/03\/nova-donacija-cjepiva-za-bih-danas-stize-pfizer\/#primaryimage"},"thumbnailUrl":"https:\/\/radioljubuski.ba\/wp-content\/uploads\/2021\/03\/000_8XT4DA-e1609063004614-1024x640-1.jpg","datePublished":"2021-11-03T01:00:27+00:00","dateModified":"2021-11-03T01:00:28+00:00","breadcrumb":{"@id":"https:\/\/radioljubuski.ba\/index.php\/2021\/11\/03\/nova-donacija-cjepiva-za-bih-danas-stize-pfizer\/#breadcrumb"},"inLanguage":"hr","potentialAction":[{"@type":"ReadAction","target":["https:\/\/radioljubuski.ba\/index.php\/2021\/11\/03\/nova-donacija-cjepiva-za-bih-danas-stize-pfizer\/"]}]},{"@type":"ImageObject","inLanguage":"hr","@id":"https:\/\/radioljubuski.ba\/index.php\/2021\/11\/03\/nova-donacija-cjepiva-za-bih-danas-stize-pfizer\/#primaryimage","url":"https:\/\/radioljubuski.ba\/wp-content\/uploads\/2021\/03\/000_8XT4DA-e1609063004614-1024x640-1.jpg","contentUrl":"https:\/\/radioljubuski.ba\/wp-content\/uploads\/2021\/03\/000_8XT4DA-e1609063004614-1024x640-1.jpg","width":1024,"height":640,"caption":"Doses of the Pfizer-Biontech Covid-19 corona virus vaccine are seen at a vaccination center in Magdeburg, eastern Germany, on December 27, 2020. - The European Union began a vaccine rollout, even as countries in the bloc were forced back into lockdown by a new strain of the virus, believed to be more infectious, that continues to spread from Britain. The pandemic has claimed more than 1.7 million lives and is still running rampant in much of the world, but the recent launching of innoculation campaigns has boosted hopes that 2021 could bring a respite. (Photo by Ronny Hartmann \/ POOL \/ AFP)"},{"@type":"BreadcrumbList","@id":"https:\/\/radioljubuski.ba\/index.php\/2021\/11\/03\/nova-donacija-cjepiva-za-bih-danas-stize-pfizer\/#breadcrumb","itemListElement":[{"@type":"ListItem","position":1,"name":"Po\u010detna stranica","item":"https:\/\/radioljubuski.ba\/"},{"@type":"ListItem","position":2,"name":"Nova donacija cjepiva za BiH: Danas sti\u017ee Pfizer"}]},{"@type":"WebSite","@id":"https:\/\/radioljubuski.ba\/#website","url":"https:\/\/radioljubuski.ba\/","name":"Radio Ljubu\u0161ki","description":"Sun\u010dana frekvencija Hercegovine","publisher":{"@id":"https:\/\/radioljubuski.ba\/#organization"},"potentialAction":[{"@type":"SearchAction","target":{"@type":"EntryPoint","urlTemplate":"https:\/\/radioljubuski.ba\/?s={search_term_string}"},"query-input":{"@type":"PropertyValueSpecification","valueRequired":true,"valueName":"search_term_string"}}],"inLanguage":"hr"},{"@type":"Organization","@id":"https:\/\/radioljubuski.ba\/#organization","name":"Radio Ljubu\u0161ki","url":"https:\/\/radioljubuski.ba\/","logo":{"@type":"ImageObject","inLanguage":"hr","@id":"https:\/\/radioljubuski.ba\/#\/schema\/logo\/image\/","url":"https:\/\/radioljubuski.ba\/wp-content\/uploads\/2021\/02\/cropped-Radio_Ljubuski_logo1.jpg","contentUrl":"https:\/\/radioljubuski.ba\/wp-content\/uploads\/2021\/02\/cropped-Radio_Ljubuski_logo1.jpg","width":512,"height":512,"caption":"Radio Ljubu\u0161ki"},"image":{"@id":"https:\/\/radioljubuski.ba\/#\/schema\/logo\/image\/"},"sameAs":["https:\/\/www.facebook.com\/Radiio-Ljubuski-1490835324566332","https:\/\/x.com\/radioljubuski","https:\/\/hr.linkedin.com\/company\/radio-ljubuski","https:\/\/www.youtube.com\/channel\/UCHYaeO_n0Db3tjNGudGpXyw"]},{"@type":"Person","@id":"https:\/\/radioljubuski.ba\/#\/schema\/person\/19fc700381a780f69665d7956c469e3b","name":"Radio Ljubu\u0161ki"}]}},"_links":{"self":[{"href":"https:\/\/radioljubuski.ba\/index.php\/wp-json\/wp\/v2\/posts\/84240","targetHints":{"allow":["GET"]}}],"collection":[{"href":"https:\/\/radioljubuski.ba\/index.php\/wp-json\/wp\/v2\/posts"}],"about":[{"href":"https:\/\/radioljubuski.ba\/index.php\/wp-json\/wp\/v2\/types\/post"}],"author":[{"embeddable":true,"href":"https:\/\/radioljubuski.ba\/index.php\/wp-json\/wp\/v2\/users\/2"}],"replies":[{"embeddable":true,"href":"https:\/\/radioljubuski.ba\/index.php\/wp-json\/wp\/v2\/comments?post=84240"}],"version-history":[{"count":1,"href":"https:\/\/radioljubuski.ba\/index.php\/wp-json\/wp\/v2\/posts\/84240\/revisions"}],"predecessor-version":[{"id":84241,"href":"https:\/\/radioljubuski.ba\/index.php\/wp-json\/wp\/v2\/posts\/84240\/revisions\/84241"}],"wp:featuredmedia":[{"embeddable":true,"href":"https:\/\/radioljubuski.ba\/index.php\/wp-json\/wp\/v2\/media\/2970"}],"wp:attachment":[{"href":"https:\/\/radioljubuski.ba\/index.php\/wp-json\/wp\/v2\/media?parent=84240"}],"wp:term":[{"taxonomy":"category","embeddable":true,"href":"https:\/\/radioljubuski.ba\/index.php\/wp-json\/wp\/v2\/categories?post=84240"},{"taxonomy":"post_tag","embeddable":true,"href":"https:\/\/radioljubuski.ba\/index.php\/wp-json\/wp\/v2\/tags?post=84240"}],"curies":[{"name":"wp","href":"https:\/\/api.w.org\/{rel}","templated":true}]}}