{"id":84259,"date":"2021-11-03T02:10:56","date_gmt":"2021-11-03T01:10:56","guid":{"rendered":"https:\/\/radioljubuski.ba\/?p=84259"},"modified":"2021-11-03T02:10:57","modified_gmt":"2021-11-03T01:10:57","slug":"u-mladu-reprezentaciju-bih-pozvana-tri-igraca-zrinjskog-i-jedan-sirokog","status":"publish","type":"post","link":"https:\/\/radioljubuski.ba\/index.php\/2021\/11\/03\/u-mladu-reprezentaciju-bih-pozvana-tri-igraca-zrinjskog-i-jedan-sirokog\/","title":{"rendered":"U mladu reprezentaciju BiH pozvana tri igra\u010da Zrinjskog i jedan \u0160irokog"},"content":{"rendered":"\n<p>Izbornik mlade nogometne reprezentacije Bosne i Hercegovine &nbsp;Slobodan Star\u010devi\u0107 obavio je popis igra\u010da za predstoje\u0107e kvalifikacijske utakmice za Europsko prvenstvo 2023. za igra\u010de do 21 godine protiv reprezentacije \u0160vedske i Crne Gore.<\/p>\n\n\n\n<p>Bh. tim \u0107e 12. studenog gostovati \u0160vedskoj u Borasu, dok \u0107e se s Crnom Gorom sastati 16. studenog na Grbavici.&nbsp;<\/p>\n\n\n\n<p>Na spisku se nalaze sljede\u0107i igra\u010di: Nikola \u0106etkovi\u0107 (Borac), Belmin Dizdarevi\u0107 (Sarajevo), Luka Ka\u010davenda (Vele\u017e), \u0110or\u0111e Milojevi\u0107 (Borac), Adrian Leon Bari\u0161i\u0107 (Osijek, Hrvatska), Jovan Pavlovi\u0107 (Rudar Prijedor), Sa\u0161a Marjanovi\u0107 (Gorica, Hrvatska), David \u010coli\u0107 (Leotar), Amar Dedi\u0107 (Wolfsberger, Austrija), Nenad Niki\u0107 (Radnik), Luka Mali\u0107 (\u017deljezni\u010dar), Igor Savi\u0107 (Zrinjski), Amar Begi\u0107 (Borac), Andrej \u0110okanovi\u0107 (Sarajevo), Zvonimir Petrovi\u0107 (Korona Kielce, Poljska), Bla\u017e Bo\u0161kovi\u0107 (GO\u0160K), Ivan Ba\u0161i\u0107 (Zrinjski), Amar Memi\u0107 (NK Bravo, Slovenija), Amar Tahri\u0107 (Radnik), Milan Savi\u0107 (\u010cukari\u010dki, Srbija), Andrija Drljo (MTK Budapest, Ma\u0111arska), Jasmin Osmi\u0107 (Sloboda), Belmin Me\u0161inovi\u0107 (Tuzla City), Anes Ma\u0161i\u0107 (Zrinjski), Faris Zubanovi\u0107 (Vele\u017e), Daniel Luki\u0107 (\u0160iroki Brijeg).<\/p>\n\n\n\n<p>&#8211; Radujemo se novom okupljanju. Prethodnu akciju smo zavr\u0161ili pobjedom protiv Luksemburga i \u017eelimo da nastavimo u tom pravcu. Prvo nas o\u010dekuje te\u0161ko gostovanje u \u0160vedskoj protiv lidera u grupi koji \u0107e sigurno tra\u017eiti \u0161ansu da se u\u010dvrsti na toj poziciji. Me\u0111utim, mi smo protiv njih u Zenici pokazali dobru igru i da se mo\u017eemo nositi s njima, te se nadamo pozitivnom rezultatu. Nakon toga dolazi nam Crna Gora. Oni su tako\u0111er dobra ekipa i tu mo\u017eemo o\u010dekivati jedan intenzivan me\u010d kakav je bio u Podgorici ranije ove godine. Na nama je da napravimo dobru organizaciju rada na pripremama i da kroz dobru igru do\u0111emo do \u017eeljenih rezultata &#8211; kazao je Star\u010devi\u0107.&nbsp;<\/p>\n\n\n\n<p>Nakon pet odigranih utakmica u F-grupi ekipa BiH zauzima peto mjesto s pet bodova. Vode\u0107a \u0160vedska ima 11 bodova, slijedi Italija s 10, Crna Gora i Republika Irska s po sedam, dok je posljednji Luksemburg s jednim bodom. &nbsp;&nbsp;<\/p>\n\n\n\n<p>Reprezentativci \u0107e se okupiti 8. studenog u Trening centru Nogometnog saveza BiH u Zenici.<\/p>\n\n\n\n<p>Izvor:pogled.ba<\/p>\n","protected":false},"excerpt":{"rendered":"<p>Izbornik mlade nogometne reprezentacije Bosne i Hercegovine &nbsp;Slobodan Star\u010devi\u0107 obavio je popis igra\u010da za predstoje\u0107e kvalifikacijske utakmice za Europsko prvenstvo 2023. za igra\u010de do 21 godine protiv reprezentacije \u0160vedske i Crne Gore. Bh. tim \u0107e 12. studenog gostovati \u0160vedskoj u Borasu, dok \u0107e se s Crnom Gorom sastati 16. studenog na Grbavici.&nbsp; Na spisku se [&hellip;]<\/p>\n","protected":false},"author":2,"featured_media":84260,"comment_status":"closed","ping_status":"closed","sticky":false,"template":"","format":"standard","meta":{"h5ap_radio_sources":[],"footnotes":""},"categories":[7],"tags":[],"class_list":["post-84259","post","type-post","status-publish","format-standard","has-post-thumbnail","hentry","category-sport"],"yoast_head":"<!-- This site is optimized with the Yoast SEO plugin v27.5 - https:\/\/yoast.com\/product\/yoast-seo-wordpress\/ -->\n<title>U mladu reprezentaciju BiH pozvana tri igra\u010da Zrinjskog i jedan \u0160irokog - RADIO LJUBU\u0160KI<\/title>\n<meta name=\"robots\" content=\"index, follow, max-snippet:-1, max-image-preview:large, max-video-preview:-1\" \/>\n<link rel=\"canonical\" href=\"https:\/\/radioljubuski.ba\/index.php\/2021\/11\/03\/u-mladu-reprezentaciju-bih-pozvana-tri-igraca-zrinjskog-i-jedan-sirokog\/\" \/>\n<meta property=\"og:locale\" content=\"hr_HR\" \/>\n<meta property=\"og:type\" content=\"article\" \/>\n<meta property=\"og:title\" content=\"U mladu reprezentaciju BiH pozvana tri igra\u010da Zrinjskog i jedan \u0160irokog - RADIO LJUBU\u0160KI\" \/>\n<meta property=\"og:description\" content=\"Izbornik mlade nogometne reprezentacije Bosne i Hercegovine &nbsp;Slobodan Star\u010devi\u0107 obavio je popis igra\u010da za predstoje\u0107e kvalifikacijske utakmice za Europsko prvenstvo 2023. za igra\u010de do 21 godine protiv reprezentacije \u0160vedske i Crne Gore. Bh. tim \u0107e 12. studenog gostovati \u0160vedskoj u Borasu, dok \u0107e se s Crnom Gorom sastati 16. studenog na Grbavici.&nbsp; Na spisku se [&hellip;]\" \/>\n<meta property=\"og:url\" content=\"https:\/\/radioljubuski.ba\/index.php\/2021\/11\/03\/u-mladu-reprezentaciju-bih-pozvana-tri-igraca-zrinjskog-i-jedan-sirokog\/\" \/>\n<meta property=\"og:site_name\" content=\"RADIO LJUBU\u0160KI\" \/>\n<meta property=\"article:publisher\" content=\"https:\/\/www.facebook.com\/Radiio-Ljubuski-1490835324566332\" \/>\n<meta property=\"article:published_time\" content=\"2021-11-03T01:10:56+00:00\" \/>\n<meta property=\"article:modified_time\" content=\"2021-11-03T01:10:57+00:00\" \/>\n<meta property=\"og:image\" content=\"https:\/\/radioljubuski.ba\/wp-content\/uploads\/2021\/11\/3-2021-11-02-14-25-15-starcevic.jpg\" \/>\n\t<meta property=\"og:image:width\" content=\"1000\" \/>\n\t<meta property=\"og:image:height\" content=\"625\" \/>\n\t<meta property=\"og:image:type\" content=\"image\/jpeg\" \/>\n<meta name=\"author\" content=\"Radio Ljubu\u0161ki\" \/>\n<meta name=\"twitter:card\" content=\"summary_large_image\" \/>\n<meta name=\"twitter:creator\" content=\"@radioljubuski\" \/>\n<meta name=\"twitter:site\" content=\"@radioljubuski\" \/>\n<meta name=\"twitter:label1\" content=\"Napisao\/la\" \/>\n\t<meta name=\"twitter:data1\" content=\"Radio Ljubu\u0161ki\" \/>\n\t<meta name=\"twitter:label2\" content=\"Procijenjeno vrijeme \u010ditanja\" \/>\n\t<meta name=\"twitter:data2\" content=\"2 minute\" \/>\n<script type=\"application\/ld+json\" class=\"yoast-schema-graph\">{\"@context\":\"https:\\\/\\\/schema.org\",\"@graph\":[{\"@type\":\"Article\",\"@id\":\"https:\\\/\\\/radioljubuski.ba\\\/index.php\\\/2021\\\/11\\\/03\\\/u-mladu-reprezentaciju-bih-pozvana-tri-igraca-zrinjskog-i-jedan-sirokog\\\/#article\",\"isPartOf\":{\"@id\":\"https:\\\/\\\/radioljubuski.ba\\\/index.php\\\/2021\\\/11\\\/03\\\/u-mladu-reprezentaciju-bih-pozvana-tri-igraca-zrinjskog-i-jedan-sirokog\\\/\"},\"author\":{\"name\":\"Radio Ljubu\u0161ki\",\"@id\":\"https:\\\/\\\/radioljubuski.ba\\\/#\\\/schema\\\/person\\\/19fc700381a780f69665d7956c469e3b\"},\"headline\":\"U mladu reprezentaciju BiH pozvana tri igra\u010da Zrinjskog i jedan \u0160irokog\",\"datePublished\":\"2021-11-03T01:10:56+00:00\",\"dateModified\":\"2021-11-03T01:10:57+00:00\",\"mainEntityOfPage\":{\"@id\":\"https:\\\/\\\/radioljubuski.ba\\\/index.php\\\/2021\\\/11\\\/03\\\/u-mladu-reprezentaciju-bih-pozvana-tri-igraca-zrinjskog-i-jedan-sirokog\\\/\"},\"wordCount\":358,\"publisher\":{\"@id\":\"https:\\\/\\\/radioljubuski.ba\\\/#organization\"},\"image\":{\"@id\":\"https:\\\/\\\/radioljubuski.ba\\\/index.php\\\/2021\\\/11\\\/03\\\/u-mladu-reprezentaciju-bih-pozvana-tri-igraca-zrinjskog-i-jedan-sirokog\\\/#primaryimage\"},\"thumbnailUrl\":\"https:\\\/\\\/radioljubuski.ba\\\/wp-content\\\/uploads\\\/2021\\\/11\\\/3-2021-11-02-14-25-15-starcevic.jpg\",\"articleSection\":[\"\u0160port\"],\"inLanguage\":\"hr\"},{\"@type\":\"WebPage\",\"@id\":\"https:\\\/\\\/radioljubuski.ba\\\/index.php\\\/2021\\\/11\\\/03\\\/u-mladu-reprezentaciju-bih-pozvana-tri-igraca-zrinjskog-i-jedan-sirokog\\\/\",\"url\":\"https:\\\/\\\/radioljubuski.ba\\\/index.php\\\/2021\\\/11\\\/03\\\/u-mladu-reprezentaciju-bih-pozvana-tri-igraca-zrinjskog-i-jedan-sirokog\\\/\",\"name\":\"U mladu reprezentaciju BiH pozvana tri igra\u010da Zrinjskog i jedan \u0160irokog - RADIO LJUBU\u0160KI\",\"isPartOf\":{\"@id\":\"https:\\\/\\\/radioljubuski.ba\\\/#website\"},\"primaryImageOfPage\":{\"@id\":\"https:\\\/\\\/radioljubuski.ba\\\/index.php\\\/2021\\\/11\\\/03\\\/u-mladu-reprezentaciju-bih-pozvana-tri-igraca-zrinjskog-i-jedan-sirokog\\\/#primaryimage\"},\"image\":{\"@id\":\"https:\\\/\\\/radioljubuski.ba\\\/index.php\\\/2021\\\/11\\\/03\\\/u-mladu-reprezentaciju-bih-pozvana-tri-igraca-zrinjskog-i-jedan-sirokog\\\/#primaryimage\"},\"thumbnailUrl\":\"https:\\\/\\\/radioljubuski.ba\\\/wp-content\\\/uploads\\\/2021\\\/11\\\/3-2021-11-02-14-25-15-starcevic.jpg\",\"datePublished\":\"2021-11-03T01:10:56+00:00\",\"dateModified\":\"2021-11-03T01:10:57+00:00\",\"breadcrumb\":{\"@id\":\"https:\\\/\\\/radioljubuski.ba\\\/index.php\\\/2021\\\/11\\\/03\\\/u-mladu-reprezentaciju-bih-pozvana-tri-igraca-zrinjskog-i-jedan-sirokog\\\/#breadcrumb\"},\"inLanguage\":\"hr\",\"potentialAction\":[{\"@type\":\"ReadAction\",\"target\":[\"https:\\\/\\\/radioljubuski.ba\\\/index.php\\\/2021\\\/11\\\/03\\\/u-mladu-reprezentaciju-bih-pozvana-tri-igraca-zrinjskog-i-jedan-sirokog\\\/\"]}]},{\"@type\":\"ImageObject\",\"inLanguage\":\"hr\",\"@id\":\"https:\\\/\\\/radioljubuski.ba\\\/index.php\\\/2021\\\/11\\\/03\\\/u-mladu-reprezentaciju-bih-pozvana-tri-igraca-zrinjskog-i-jedan-sirokog\\\/#primaryimage\",\"url\":\"https:\\\/\\\/radioljubuski.ba\\\/wp-content\\\/uploads\\\/2021\\\/11\\\/3-2021-11-02-14-25-15-starcevic.jpg\",\"contentUrl\":\"https:\\\/\\\/radioljubuski.ba\\\/wp-content\\\/uploads\\\/2021\\\/11\\\/3-2021-11-02-14-25-15-starcevic.jpg\",\"width\":1000,\"height\":625},{\"@type\":\"BreadcrumbList\",\"@id\":\"https:\\\/\\\/radioljubuski.ba\\\/index.php\\\/2021\\\/11\\\/03\\\/u-mladu-reprezentaciju-bih-pozvana-tri-igraca-zrinjskog-i-jedan-sirokog\\\/#breadcrumb\",\"itemListElement\":[{\"@type\":\"ListItem\",\"position\":1,\"name\":\"Po\u010detna stranica\",\"item\":\"https:\\\/\\\/radioljubuski.ba\\\/\"},{\"@type\":\"ListItem\",\"position\":2,\"name\":\"U mladu reprezentaciju BiH pozvana tri igra\u010da Zrinjskog i jedan \u0160irokog\"}]},{\"@type\":\"WebSite\",\"@id\":\"https:\\\/\\\/radioljubuski.ba\\\/#website\",\"url\":\"https:\\\/\\\/radioljubuski.ba\\\/\",\"name\":\"Radio Ljubu\u0161ki\",\"description\":\"Sun\u010dana frekvencija Hercegovine\",\"publisher\":{\"@id\":\"https:\\\/\\\/radioljubuski.ba\\\/#organization\"},\"potentialAction\":[{\"@type\":\"SearchAction\",\"target\":{\"@type\":\"EntryPoint\",\"urlTemplate\":\"https:\\\/\\\/radioljubuski.ba\\\/?s={search_term_string}\"},\"query-input\":{\"@type\":\"PropertyValueSpecification\",\"valueRequired\":true,\"valueName\":\"search_term_string\"}}],\"inLanguage\":\"hr\"},{\"@type\":\"Organization\",\"@id\":\"https:\\\/\\\/radioljubuski.ba\\\/#organization\",\"name\":\"Radio Ljubu\u0161ki\",\"url\":\"https:\\\/\\\/radioljubuski.ba\\\/\",\"logo\":{\"@type\":\"ImageObject\",\"inLanguage\":\"hr\",\"@id\":\"https:\\\/\\\/radioljubuski.ba\\\/#\\\/schema\\\/logo\\\/image\\\/\",\"url\":\"https:\\\/\\\/radioljubuski.ba\\\/wp-content\\\/uploads\\\/2021\\\/02\\\/cropped-Radio_Ljubuski_logo1.jpg\",\"contentUrl\":\"https:\\\/\\\/radioljubuski.ba\\\/wp-content\\\/uploads\\\/2021\\\/02\\\/cropped-Radio_Ljubuski_logo1.jpg\",\"width\":512,\"height\":512,\"caption\":\"Radio Ljubu\u0161ki\"},\"image\":{\"@id\":\"https:\\\/\\\/radioljubuski.ba\\\/#\\\/schema\\\/logo\\\/image\\\/\"},\"sameAs\":[\"https:\\\/\\\/www.facebook.com\\\/Radiio-Ljubuski-1490835324566332\",\"https:\\\/\\\/x.com\\\/radioljubuski\",\"https:\\\/\\\/hr.linkedin.com\\\/company\\\/radio-ljubuski\",\"https:\\\/\\\/www.youtube.com\\\/channel\\\/UCHYaeO_n0Db3tjNGudGpXyw\"]},{\"@type\":\"Person\",\"@id\":\"https:\\\/\\\/radioljubuski.ba\\\/#\\\/schema\\\/person\\\/19fc700381a780f69665d7956c469e3b\",\"name\":\"Radio Ljubu\u0161ki\"}]}<\/script>\n<!-- \/ Yoast SEO plugin. -->","yoast_head_json":{"title":"U mladu reprezentaciju BiH pozvana tri igra\u010da Zrinjskog i jedan \u0160irokog - RADIO LJUBU\u0160KI","robots":{"index":"index","follow":"follow","max-snippet":"max-snippet:-1","max-image-preview":"max-image-preview:large","max-video-preview":"max-video-preview:-1"},"canonical":"https:\/\/radioljubuski.ba\/index.php\/2021\/11\/03\/u-mladu-reprezentaciju-bih-pozvana-tri-igraca-zrinjskog-i-jedan-sirokog\/","og_locale":"hr_HR","og_type":"article","og_title":"U mladu reprezentaciju BiH pozvana tri igra\u010da Zrinjskog i jedan \u0160irokog - RADIO LJUBU\u0160KI","og_description":"Izbornik mlade nogometne reprezentacije Bosne i Hercegovine &nbsp;Slobodan Star\u010devi\u0107 obavio je popis igra\u010da za predstoje\u0107e kvalifikacijske utakmice za Europsko prvenstvo 2023. za igra\u010de do 21 godine protiv reprezentacije \u0160vedske i Crne Gore. Bh. tim \u0107e 12. studenog gostovati \u0160vedskoj u Borasu, dok \u0107e se s Crnom Gorom sastati 16. studenog na Grbavici.&nbsp; Na spisku se [&hellip;]","og_url":"https:\/\/radioljubuski.ba\/index.php\/2021\/11\/03\/u-mladu-reprezentaciju-bih-pozvana-tri-igraca-zrinjskog-i-jedan-sirokog\/","og_site_name":"RADIO LJUBU\u0160KI","article_publisher":"https:\/\/www.facebook.com\/Radiio-Ljubuski-1490835324566332","article_published_time":"2021-11-03T01:10:56+00:00","article_modified_time":"2021-11-03T01:10:57+00:00","og_image":[{"width":1000,"height":625,"url":"https:\/\/radioljubuski.ba\/wp-content\/uploads\/2021\/11\/3-2021-11-02-14-25-15-starcevic.jpg","type":"image\/jpeg"}],"author":"Radio Ljubu\u0161ki","twitter_card":"summary_large_image","twitter_creator":"@radioljubuski","twitter_site":"@radioljubuski","twitter_misc":{"Napisao\/la":"Radio Ljubu\u0161ki","Procijenjeno vrijeme \u010ditanja":"2 minute"},"schema":{"@context":"https:\/\/schema.org","@graph":[{"@type":"Article","@id":"https:\/\/radioljubuski.ba\/index.php\/2021\/11\/03\/u-mladu-reprezentaciju-bih-pozvana-tri-igraca-zrinjskog-i-jedan-sirokog\/#article","isPartOf":{"@id":"https:\/\/radioljubuski.ba\/index.php\/2021\/11\/03\/u-mladu-reprezentaciju-bih-pozvana-tri-igraca-zrinjskog-i-jedan-sirokog\/"},"author":{"name":"Radio Ljubu\u0161ki","@id":"https:\/\/radioljubuski.ba\/#\/schema\/person\/19fc700381a780f69665d7956c469e3b"},"headline":"U mladu reprezentaciju BiH pozvana tri igra\u010da Zrinjskog i jedan \u0160irokog","datePublished":"2021-11-03T01:10:56+00:00","dateModified":"2021-11-03T01:10:57+00:00","mainEntityOfPage":{"@id":"https:\/\/radioljubuski.ba\/index.php\/2021\/11\/03\/u-mladu-reprezentaciju-bih-pozvana-tri-igraca-zrinjskog-i-jedan-sirokog\/"},"wordCount":358,"publisher":{"@id":"https:\/\/radioljubuski.ba\/#organization"},"image":{"@id":"https:\/\/radioljubuski.ba\/index.php\/2021\/11\/03\/u-mladu-reprezentaciju-bih-pozvana-tri-igraca-zrinjskog-i-jedan-sirokog\/#primaryimage"},"thumbnailUrl":"https:\/\/radioljubuski.ba\/wp-content\/uploads\/2021\/11\/3-2021-11-02-14-25-15-starcevic.jpg","articleSection":["\u0160port"],"inLanguage":"hr"},{"@type":"WebPage","@id":"https:\/\/radioljubuski.ba\/index.php\/2021\/11\/03\/u-mladu-reprezentaciju-bih-pozvana-tri-igraca-zrinjskog-i-jedan-sirokog\/","url":"https:\/\/radioljubuski.ba\/index.php\/2021\/11\/03\/u-mladu-reprezentaciju-bih-pozvana-tri-igraca-zrinjskog-i-jedan-sirokog\/","name":"U mladu reprezentaciju BiH pozvana tri igra\u010da Zrinjskog i jedan \u0160irokog - RADIO LJUBU\u0160KI","isPartOf":{"@id":"https:\/\/radioljubuski.ba\/#website"},"primaryImageOfPage":{"@id":"https:\/\/radioljubuski.ba\/index.php\/2021\/11\/03\/u-mladu-reprezentaciju-bih-pozvana-tri-igraca-zrinjskog-i-jedan-sirokog\/#primaryimage"},"image":{"@id":"https:\/\/radioljubuski.ba\/index.php\/2021\/11\/03\/u-mladu-reprezentaciju-bih-pozvana-tri-igraca-zrinjskog-i-jedan-sirokog\/#primaryimage"},"thumbnailUrl":"https:\/\/radioljubuski.ba\/wp-content\/uploads\/2021\/11\/3-2021-11-02-14-25-15-starcevic.jpg","datePublished":"2021-11-03T01:10:56+00:00","dateModified":"2021-11-03T01:10:57+00:00","breadcrumb":{"@id":"https:\/\/radioljubuski.ba\/index.php\/2021\/11\/03\/u-mladu-reprezentaciju-bih-pozvana-tri-igraca-zrinjskog-i-jedan-sirokog\/#breadcrumb"},"inLanguage":"hr","potentialAction":[{"@type":"ReadAction","target":["https:\/\/radioljubuski.ba\/index.php\/2021\/11\/03\/u-mladu-reprezentaciju-bih-pozvana-tri-igraca-zrinjskog-i-jedan-sirokog\/"]}]},{"@type":"ImageObject","inLanguage":"hr","@id":"https:\/\/radioljubuski.ba\/index.php\/2021\/11\/03\/u-mladu-reprezentaciju-bih-pozvana-tri-igraca-zrinjskog-i-jedan-sirokog\/#primaryimage","url":"https:\/\/radioljubuski.ba\/wp-content\/uploads\/2021\/11\/3-2021-11-02-14-25-15-starcevic.jpg","contentUrl":"https:\/\/radioljubuski.ba\/wp-content\/uploads\/2021\/11\/3-2021-11-02-14-25-15-starcevic.jpg","width":1000,"height":625},{"@type":"BreadcrumbList","@id":"https:\/\/radioljubuski.ba\/index.php\/2021\/11\/03\/u-mladu-reprezentaciju-bih-pozvana-tri-igraca-zrinjskog-i-jedan-sirokog\/#breadcrumb","itemListElement":[{"@type":"ListItem","position":1,"name":"Po\u010detna stranica","item":"https:\/\/radioljubuski.ba\/"},{"@type":"ListItem","position":2,"name":"U mladu reprezentaciju BiH pozvana tri igra\u010da Zrinjskog i jedan \u0160irokog"}]},{"@type":"WebSite","@id":"https:\/\/radioljubuski.ba\/#website","url":"https:\/\/radioljubuski.ba\/","name":"Radio Ljubu\u0161ki","description":"Sun\u010dana frekvencija Hercegovine","publisher":{"@id":"https:\/\/radioljubuski.ba\/#organization"},"potentialAction":[{"@type":"SearchAction","target":{"@type":"EntryPoint","urlTemplate":"https:\/\/radioljubuski.ba\/?s={search_term_string}"},"query-input":{"@type":"PropertyValueSpecification","valueRequired":true,"valueName":"search_term_string"}}],"inLanguage":"hr"},{"@type":"Organization","@id":"https:\/\/radioljubuski.ba\/#organization","name":"Radio Ljubu\u0161ki","url":"https:\/\/radioljubuski.ba\/","logo":{"@type":"ImageObject","inLanguage":"hr","@id":"https:\/\/radioljubuski.ba\/#\/schema\/logo\/image\/","url":"https:\/\/radioljubuski.ba\/wp-content\/uploads\/2021\/02\/cropped-Radio_Ljubuski_logo1.jpg","contentUrl":"https:\/\/radioljubuski.ba\/wp-content\/uploads\/2021\/02\/cropped-Radio_Ljubuski_logo1.jpg","width":512,"height":512,"caption":"Radio Ljubu\u0161ki"},"image":{"@id":"https:\/\/radioljubuski.ba\/#\/schema\/logo\/image\/"},"sameAs":["https:\/\/www.facebook.com\/Radiio-Ljubuski-1490835324566332","https:\/\/x.com\/radioljubuski","https:\/\/hr.linkedin.com\/company\/radio-ljubuski","https:\/\/www.youtube.com\/channel\/UCHYaeO_n0Db3tjNGudGpXyw"]},{"@type":"Person","@id":"https:\/\/radioljubuski.ba\/#\/schema\/person\/19fc700381a780f69665d7956c469e3b","name":"Radio Ljubu\u0161ki"}]}},"_links":{"self":[{"href":"https:\/\/radioljubuski.ba\/index.php\/wp-json\/wp\/v2\/posts\/84259","targetHints":{"allow":["GET"]}}],"collection":[{"href":"https:\/\/radioljubuski.ba\/index.php\/wp-json\/wp\/v2\/posts"}],"about":[{"href":"https:\/\/radioljubuski.ba\/index.php\/wp-json\/wp\/v2\/types\/post"}],"author":[{"embeddable":true,"href":"https:\/\/radioljubuski.ba\/index.php\/wp-json\/wp\/v2\/users\/2"}],"replies":[{"embeddable":true,"href":"https:\/\/radioljubuski.ba\/index.php\/wp-json\/wp\/v2\/comments?post=84259"}],"version-history":[{"count":1,"href":"https:\/\/radioljubuski.ba\/index.php\/wp-json\/wp\/v2\/posts\/84259\/revisions"}],"predecessor-version":[{"id":84261,"href":"https:\/\/radioljubuski.ba\/index.php\/wp-json\/wp\/v2\/posts\/84259\/revisions\/84261"}],"wp:featuredmedia":[{"embeddable":true,"href":"https:\/\/radioljubuski.ba\/index.php\/wp-json\/wp\/v2\/media\/84260"}],"wp:attachment":[{"href":"https:\/\/radioljubuski.ba\/index.php\/wp-json\/wp\/v2\/media?parent=84259"}],"wp:term":[{"taxonomy":"category","embeddable":true,"href":"https:\/\/radioljubuski.ba\/index.php\/wp-json\/wp\/v2\/categories?post=84259"},{"taxonomy":"post_tag","embeddable":true,"href":"https:\/\/radioljubuski.ba\/index.php\/wp-json\/wp\/v2\/tags?post=84259"}],"curies":[{"name":"wp","href":"https:\/\/api.w.org\/{rel}","templated":true}]}}