{"id":84262,"date":"2021-11-03T02:11:59","date_gmt":"2021-11-03T01:11:59","guid":{"rendered":"https:\/\/radioljubuski.ba\/?p=84262"},"modified":"2021-11-03T02:12:00","modified_gmt":"2021-11-03T01:12:00","slug":"poskupio-kruh-u-bih-povecana-cijena-i-drugih-pekarskih-proizvoda","status":"publish","type":"post","link":"https:\/\/radioljubuski.ba\/index.php\/2021\/11\/03\/poskupio-kruh-u-bih-povecana-cijena-i-drugih-pekarskih-proizvoda\/","title":{"rendered":"Poskupio kruh u BiH, pove\u0107ana cijena i drugih pekarskih proizvoda"},"content":{"rendered":"\n<p>Cijene kruha od ju\u010der porasle su za deset feninga, a drugih, jeftinijih pekarskih proizvoda za pet feninga priop\u0107eno je iz Krajina Klasa, uz obja\u0161njenje da nisu cijene standardnog bijelog kruha od 600 grama jednake u cijeloj BiH.<\/p>\n\n\n\n<p>\u201cNaprimjer u Banja Luci kruh je ko\u0161tao 1,50 KM, sada \u0107e biti 1,60 KM, isto je i u Sarajevu\u201d, pojasnili su iz ove kompanije za&nbsp;<a href=\"https:\/\/ba.n1info.com\/vijesti\/hljeb-sa-150-km-poskupio-na-160-km\/\" target=\"_blank\" rel=\"noreferrer noopener\">N1<\/a>, uz poja\u0161njenje da je npr. u Bijeljini cijena istog kruha do sada iznosila 1,10 KM.<\/p>\n\n\n\n<p>U narednom periodu rast \u0107e cijene pekarskih prozvoda, a razlozi su konstantan rast cijene p\u0161enice, te masno\u0107a i \u017eitarica na globalnom tr\u017ei\u0161tu, ka\u017eu za N1 u Krajina Klasu koji je jedan od najve\u0107ih distributera ovog tipa proizvoda u BiH.<\/p>\n\n\n\n<p>\u201cOve godine jesu poskupljivali pekarski proizvodi, te \u0107e biti i nova poskupljenja. Mi smo od ju\u010der uveli nove cijene u na\u0161e maloprodajne objekte, kao i cijene kod veleprodajnih kupaca. U narednom periodu \u0107e vjerojatno svi pekari, koji nisu do sada, poskupiti svoje proizvode obzirom da je cijena p\u0161enice zna\u010dajno porasla, sa tendencijom daljeg rasta, barem prema burzovnim projekcijama\u201d, pojasnio je za N1 Nemanja Trivi\u0107 iz Krajina Klasa.<\/p>\n\n\n\n<p>Osim toga poseban faktor koji utje\u010de na poskupljenja predstavlja manjak radne snage te rast pla\u0107a pojasnio je Trivi\u0107.<\/p>\n\n\n\n<p>\u201cProsje\u010dna pla\u0107a u na\u0161oj kompaniji je rasla preko 20% u posljednje dvije godine, te su na\u0161a o\u010dekivanja da \u0107e se taj trend nastaviti \u0161to \u0107e neminovno utjecati na mogu\u0107nosti opstanka pekara na na\u0161em tr\u017ei\u0161tu\u201d, rekao je predstavnik ove kompanije.<\/p>\n\n\n\n<p>Trivi\u0107 dodaje da se ve\u0107 vide negativni efekti ovoga jer se pove\u0107ava broj pekara koje se zatvaraju uslijed nedostatka radnika i cijene rada koju nisu u mogu\u0107nosti da isprate financijski.<\/p>\n\n\n\n<p>Trendovi rasta cijena u BiH neminovnost su zbog situacije na burzama i u ovom sektoru. Rastu cijene ulja, margarina, \u017eitarica i drugih propratnih sirovina koje pekari koriste ka\u017eu iz ovog sektora.<\/p>\n\n\n\n<p>\u201cCijena masno\u0107a i \u017eitarica na globalnom tr\u017ei\u0161tu koja je rasla i preko 100% te su cijene svih propratnih sirovina u pekarskoj industriji zna\u010dajno porasle. Sva &nbsp;roba je u porastu uslijed razli\u010ditih faktora, te su sve projekcije takve da \u0107e se te cijene odr\u017eati i u narednom periodu\u201d, rekao je sugovornik N1.<\/p>\n\n\n\n<p>Izvor:N1<\/p>\n","protected":false},"excerpt":{"rendered":"<p>Cijene kruha od ju\u010der porasle su za deset feninga, a drugih, jeftinijih pekarskih proizvoda za pet feninga priop\u0107eno je iz Krajina Klasa, uz obja\u0161njenje da nisu cijene standardnog bijelog kruha od 600 grama jednake u cijeloj BiH. \u201cNaprimjer u Banja Luci kruh je ko\u0161tao 1,50 KM, sada \u0107e biti 1,60 KM, isto je i u [&hellip;]<\/p>\n","protected":false},"author":2,"featured_media":84263,"comment_status":"closed","ping_status":"closed","sticky":false,"template":"","format":"standard","meta":{"h5ap_radio_sources":[],"footnotes":""},"categories":[1],"tags":[],"class_list":["post-84262","post","type-post","status-publish","format-standard","has-post-thumbnail","hentry","category-bihiregija"],"yoast_head":"<!-- This site is optimized with the Yoast SEO plugin v27.5 - https:\/\/yoast.com\/product\/yoast-seo-wordpress\/ -->\n<title>Poskupio kruh u BiH, pove\u0107ana cijena i drugih pekarskih proizvoda - RADIO LJUBU\u0160KI<\/title>\n<meta name=\"robots\" content=\"index, follow, max-snippet:-1, max-image-preview:large, max-video-preview:-1\" \/>\n<link rel=\"canonical\" href=\"https:\/\/radioljubuski.ba\/index.php\/2021\/11\/03\/poskupio-kruh-u-bih-povecana-cijena-i-drugih-pekarskih-proizvoda\/\" \/>\n<meta property=\"og:locale\" content=\"hr_HR\" \/>\n<meta property=\"og:type\" content=\"article\" \/>\n<meta property=\"og:title\" content=\"Poskupio kruh u BiH, pove\u0107ana cijena i drugih pekarskih proizvoda - RADIO LJUBU\u0160KI\" \/>\n<meta property=\"og:description\" content=\"Cijene kruha od ju\u010der porasle su za deset feninga, a drugih, jeftinijih pekarskih proizvoda za pet feninga priop\u0107eno je iz Krajina Klasa, uz obja\u0161njenje da nisu cijene standardnog bijelog kruha od 600 grama jednake u cijeloj BiH. \u201cNaprimjer u Banja Luci kruh je ko\u0161tao 1,50 KM, sada \u0107e biti 1,60 KM, isto je i u [&hellip;]\" \/>\n<meta property=\"og:url\" content=\"https:\/\/radioljubuski.ba\/index.php\/2021\/11\/03\/poskupio-kruh-u-bih-povecana-cijena-i-drugih-pekarskih-proizvoda\/\" \/>\n<meta property=\"og:site_name\" content=\"RADIO LJUBU\u0160KI\" \/>\n<meta property=\"article:publisher\" content=\"https:\/\/www.facebook.com\/Radiio-Ljubuski-1490835324566332\" \/>\n<meta property=\"article:published_time\" content=\"2021-11-03T01:11:59+00:00\" \/>\n<meta property=\"article:modified_time\" content=\"2021-11-03T01:12:00+00:00\" \/>\n<meta property=\"og:image\" content=\"https:\/\/radioljubuski.ba\/wp-content\/uploads\/2021\/11\/cRViaTXH_bijeli_kruh.jpg\" \/>\n\t<meta property=\"og:image:width\" content=\"1000\" \/>\n\t<meta property=\"og:image:height\" content=\"625\" \/>\n\t<meta property=\"og:image:type\" content=\"image\/jpeg\" \/>\n<meta name=\"author\" content=\"Radio Ljubu\u0161ki\" \/>\n<meta name=\"twitter:card\" content=\"summary_large_image\" \/>\n<meta name=\"twitter:creator\" content=\"@radioljubuski\" \/>\n<meta name=\"twitter:site\" content=\"@radioljubuski\" \/>\n<meta name=\"twitter:label1\" content=\"Napisao\/la\" \/>\n\t<meta name=\"twitter:data1\" content=\"Radio Ljubu\u0161ki\" \/>\n\t<meta name=\"twitter:label2\" content=\"Procijenjeno vrijeme \u010ditanja\" \/>\n\t<meta name=\"twitter:data2\" content=\"2 minute\" \/>\n<script type=\"application\/ld+json\" class=\"yoast-schema-graph\">{\"@context\":\"https:\\\/\\\/schema.org\",\"@graph\":[{\"@type\":\"Article\",\"@id\":\"https:\\\/\\\/radioljubuski.ba\\\/index.php\\\/2021\\\/11\\\/03\\\/poskupio-kruh-u-bih-povecana-cijena-i-drugih-pekarskih-proizvoda\\\/#article\",\"isPartOf\":{\"@id\":\"https:\\\/\\\/radioljubuski.ba\\\/index.php\\\/2021\\\/11\\\/03\\\/poskupio-kruh-u-bih-povecana-cijena-i-drugih-pekarskih-proizvoda\\\/\"},\"author\":{\"name\":\"Radio Ljubu\u0161ki\",\"@id\":\"https:\\\/\\\/radioljubuski.ba\\\/#\\\/schema\\\/person\\\/19fc700381a780f69665d7956c469e3b\"},\"headline\":\"Poskupio kruh u BiH, pove\u0107ana cijena i drugih pekarskih proizvoda\",\"datePublished\":\"2021-11-03T01:11:59+00:00\",\"dateModified\":\"2021-11-03T01:12:00+00:00\",\"mainEntityOfPage\":{\"@id\":\"https:\\\/\\\/radioljubuski.ba\\\/index.php\\\/2021\\\/11\\\/03\\\/poskupio-kruh-u-bih-povecana-cijena-i-drugih-pekarskih-proizvoda\\\/\"},\"wordCount\":397,\"publisher\":{\"@id\":\"https:\\\/\\\/radioljubuski.ba\\\/#organization\"},\"image\":{\"@id\":\"https:\\\/\\\/radioljubuski.ba\\\/index.php\\\/2021\\\/11\\\/03\\\/poskupio-kruh-u-bih-povecana-cijena-i-drugih-pekarskih-proizvoda\\\/#primaryimage\"},\"thumbnailUrl\":\"https:\\\/\\\/radioljubuski.ba\\\/wp-content\\\/uploads\\\/2021\\\/11\\\/cRViaTXH_bijeli_kruh.jpg\",\"articleSection\":[\"BIH i regija\"],\"inLanguage\":\"hr\"},{\"@type\":\"WebPage\",\"@id\":\"https:\\\/\\\/radioljubuski.ba\\\/index.php\\\/2021\\\/11\\\/03\\\/poskupio-kruh-u-bih-povecana-cijena-i-drugih-pekarskih-proizvoda\\\/\",\"url\":\"https:\\\/\\\/radioljubuski.ba\\\/index.php\\\/2021\\\/11\\\/03\\\/poskupio-kruh-u-bih-povecana-cijena-i-drugih-pekarskih-proizvoda\\\/\",\"name\":\"Poskupio kruh u BiH, pove\u0107ana cijena i drugih pekarskih proizvoda - RADIO LJUBU\u0160KI\",\"isPartOf\":{\"@id\":\"https:\\\/\\\/radioljubuski.ba\\\/#website\"},\"primaryImageOfPage\":{\"@id\":\"https:\\\/\\\/radioljubuski.ba\\\/index.php\\\/2021\\\/11\\\/03\\\/poskupio-kruh-u-bih-povecana-cijena-i-drugih-pekarskih-proizvoda\\\/#primaryimage\"},\"image\":{\"@id\":\"https:\\\/\\\/radioljubuski.ba\\\/index.php\\\/2021\\\/11\\\/03\\\/poskupio-kruh-u-bih-povecana-cijena-i-drugih-pekarskih-proizvoda\\\/#primaryimage\"},\"thumbnailUrl\":\"https:\\\/\\\/radioljubuski.ba\\\/wp-content\\\/uploads\\\/2021\\\/11\\\/cRViaTXH_bijeli_kruh.jpg\",\"datePublished\":\"2021-11-03T01:11:59+00:00\",\"dateModified\":\"2021-11-03T01:12:00+00:00\",\"breadcrumb\":{\"@id\":\"https:\\\/\\\/radioljubuski.ba\\\/index.php\\\/2021\\\/11\\\/03\\\/poskupio-kruh-u-bih-povecana-cijena-i-drugih-pekarskih-proizvoda\\\/#breadcrumb\"},\"inLanguage\":\"hr\",\"potentialAction\":[{\"@type\":\"ReadAction\",\"target\":[\"https:\\\/\\\/radioljubuski.ba\\\/index.php\\\/2021\\\/11\\\/03\\\/poskupio-kruh-u-bih-povecana-cijena-i-drugih-pekarskih-proizvoda\\\/\"]}]},{\"@type\":\"ImageObject\",\"inLanguage\":\"hr\",\"@id\":\"https:\\\/\\\/radioljubuski.ba\\\/index.php\\\/2021\\\/11\\\/03\\\/poskupio-kruh-u-bih-povecana-cijena-i-drugih-pekarskih-proizvoda\\\/#primaryimage\",\"url\":\"https:\\\/\\\/radioljubuski.ba\\\/wp-content\\\/uploads\\\/2021\\\/11\\\/cRViaTXH_bijeli_kruh.jpg\",\"contentUrl\":\"https:\\\/\\\/radioljubuski.ba\\\/wp-content\\\/uploads\\\/2021\\\/11\\\/cRViaTXH_bijeli_kruh.jpg\",\"width\":1000,\"height\":625},{\"@type\":\"BreadcrumbList\",\"@id\":\"https:\\\/\\\/radioljubuski.ba\\\/index.php\\\/2021\\\/11\\\/03\\\/poskupio-kruh-u-bih-povecana-cijena-i-drugih-pekarskih-proizvoda\\\/#breadcrumb\",\"itemListElement\":[{\"@type\":\"ListItem\",\"position\":1,\"name\":\"Po\u010detna stranica\",\"item\":\"https:\\\/\\\/radioljubuski.ba\\\/\"},{\"@type\":\"ListItem\",\"position\":2,\"name\":\"Poskupio kruh u BiH, pove\u0107ana cijena i drugih pekarskih proizvoda\"}]},{\"@type\":\"WebSite\",\"@id\":\"https:\\\/\\\/radioljubuski.ba\\\/#website\",\"url\":\"https:\\\/\\\/radioljubuski.ba\\\/\",\"name\":\"Radio Ljubu\u0161ki\",\"description\":\"Sun\u010dana frekvencija Hercegovine\",\"publisher\":{\"@id\":\"https:\\\/\\\/radioljubuski.ba\\\/#organization\"},\"potentialAction\":[{\"@type\":\"SearchAction\",\"target\":{\"@type\":\"EntryPoint\",\"urlTemplate\":\"https:\\\/\\\/radioljubuski.ba\\\/?s={search_term_string}\"},\"query-input\":{\"@type\":\"PropertyValueSpecification\",\"valueRequired\":true,\"valueName\":\"search_term_string\"}}],\"inLanguage\":\"hr\"},{\"@type\":\"Organization\",\"@id\":\"https:\\\/\\\/radioljubuski.ba\\\/#organization\",\"name\":\"Radio Ljubu\u0161ki\",\"url\":\"https:\\\/\\\/radioljubuski.ba\\\/\",\"logo\":{\"@type\":\"ImageObject\",\"inLanguage\":\"hr\",\"@id\":\"https:\\\/\\\/radioljubuski.ba\\\/#\\\/schema\\\/logo\\\/image\\\/\",\"url\":\"https:\\\/\\\/radioljubuski.ba\\\/wp-content\\\/uploads\\\/2021\\\/02\\\/cropped-Radio_Ljubuski_logo1.jpg\",\"contentUrl\":\"https:\\\/\\\/radioljubuski.ba\\\/wp-content\\\/uploads\\\/2021\\\/02\\\/cropped-Radio_Ljubuski_logo1.jpg\",\"width\":512,\"height\":512,\"caption\":\"Radio Ljubu\u0161ki\"},\"image\":{\"@id\":\"https:\\\/\\\/radioljubuski.ba\\\/#\\\/schema\\\/logo\\\/image\\\/\"},\"sameAs\":[\"https:\\\/\\\/www.facebook.com\\\/Radiio-Ljubuski-1490835324566332\",\"https:\\\/\\\/x.com\\\/radioljubuski\",\"https:\\\/\\\/hr.linkedin.com\\\/company\\\/radio-ljubuski\",\"https:\\\/\\\/www.youtube.com\\\/channel\\\/UCHYaeO_n0Db3tjNGudGpXyw\"]},{\"@type\":\"Person\",\"@id\":\"https:\\\/\\\/radioljubuski.ba\\\/#\\\/schema\\\/person\\\/19fc700381a780f69665d7956c469e3b\",\"name\":\"Radio Ljubu\u0161ki\"}]}<\/script>\n<!-- \/ Yoast SEO plugin. -->","yoast_head_json":{"title":"Poskupio kruh u BiH, pove\u0107ana cijena i drugih pekarskih proizvoda - RADIO LJUBU\u0160KI","robots":{"index":"index","follow":"follow","max-snippet":"max-snippet:-1","max-image-preview":"max-image-preview:large","max-video-preview":"max-video-preview:-1"},"canonical":"https:\/\/radioljubuski.ba\/index.php\/2021\/11\/03\/poskupio-kruh-u-bih-povecana-cijena-i-drugih-pekarskih-proizvoda\/","og_locale":"hr_HR","og_type":"article","og_title":"Poskupio kruh u BiH, pove\u0107ana cijena i drugih pekarskih proizvoda - RADIO LJUBU\u0160KI","og_description":"Cijene kruha od ju\u010der porasle su za deset feninga, a drugih, jeftinijih pekarskih proizvoda za pet feninga priop\u0107eno je iz Krajina Klasa, uz obja\u0161njenje da nisu cijene standardnog bijelog kruha od 600 grama jednake u cijeloj BiH. \u201cNaprimjer u Banja Luci kruh je ko\u0161tao 1,50 KM, sada \u0107e biti 1,60 KM, isto je i u [&hellip;]","og_url":"https:\/\/radioljubuski.ba\/index.php\/2021\/11\/03\/poskupio-kruh-u-bih-povecana-cijena-i-drugih-pekarskih-proizvoda\/","og_site_name":"RADIO LJUBU\u0160KI","article_publisher":"https:\/\/www.facebook.com\/Radiio-Ljubuski-1490835324566332","article_published_time":"2021-11-03T01:11:59+00:00","article_modified_time":"2021-11-03T01:12:00+00:00","og_image":[{"width":1000,"height":625,"url":"https:\/\/radioljubuski.ba\/wp-content\/uploads\/2021\/11\/cRViaTXH_bijeli_kruh.jpg","type":"image\/jpeg"}],"author":"Radio Ljubu\u0161ki","twitter_card":"summary_large_image","twitter_creator":"@radioljubuski","twitter_site":"@radioljubuski","twitter_misc":{"Napisao\/la":"Radio Ljubu\u0161ki","Procijenjeno vrijeme \u010ditanja":"2 minute"},"schema":{"@context":"https:\/\/schema.org","@graph":[{"@type":"Article","@id":"https:\/\/radioljubuski.ba\/index.php\/2021\/11\/03\/poskupio-kruh-u-bih-povecana-cijena-i-drugih-pekarskih-proizvoda\/#article","isPartOf":{"@id":"https:\/\/radioljubuski.ba\/index.php\/2021\/11\/03\/poskupio-kruh-u-bih-povecana-cijena-i-drugih-pekarskih-proizvoda\/"},"author":{"name":"Radio Ljubu\u0161ki","@id":"https:\/\/radioljubuski.ba\/#\/schema\/person\/19fc700381a780f69665d7956c469e3b"},"headline":"Poskupio kruh u BiH, pove\u0107ana cijena i drugih pekarskih proizvoda","datePublished":"2021-11-03T01:11:59+00:00","dateModified":"2021-11-03T01:12:00+00:00","mainEntityOfPage":{"@id":"https:\/\/radioljubuski.ba\/index.php\/2021\/11\/03\/poskupio-kruh-u-bih-povecana-cijena-i-drugih-pekarskih-proizvoda\/"},"wordCount":397,"publisher":{"@id":"https:\/\/radioljubuski.ba\/#organization"},"image":{"@id":"https:\/\/radioljubuski.ba\/index.php\/2021\/11\/03\/poskupio-kruh-u-bih-povecana-cijena-i-drugih-pekarskih-proizvoda\/#primaryimage"},"thumbnailUrl":"https:\/\/radioljubuski.ba\/wp-content\/uploads\/2021\/11\/cRViaTXH_bijeli_kruh.jpg","articleSection":["BIH i regija"],"inLanguage":"hr"},{"@type":"WebPage","@id":"https:\/\/radioljubuski.ba\/index.php\/2021\/11\/03\/poskupio-kruh-u-bih-povecana-cijena-i-drugih-pekarskih-proizvoda\/","url":"https:\/\/radioljubuski.ba\/index.php\/2021\/11\/03\/poskupio-kruh-u-bih-povecana-cijena-i-drugih-pekarskih-proizvoda\/","name":"Poskupio kruh u BiH, pove\u0107ana cijena i drugih pekarskih proizvoda - RADIO LJUBU\u0160KI","isPartOf":{"@id":"https:\/\/radioljubuski.ba\/#website"},"primaryImageOfPage":{"@id":"https:\/\/radioljubuski.ba\/index.php\/2021\/11\/03\/poskupio-kruh-u-bih-povecana-cijena-i-drugih-pekarskih-proizvoda\/#primaryimage"},"image":{"@id":"https:\/\/radioljubuski.ba\/index.php\/2021\/11\/03\/poskupio-kruh-u-bih-povecana-cijena-i-drugih-pekarskih-proizvoda\/#primaryimage"},"thumbnailUrl":"https:\/\/radioljubuski.ba\/wp-content\/uploads\/2021\/11\/cRViaTXH_bijeli_kruh.jpg","datePublished":"2021-11-03T01:11:59+00:00","dateModified":"2021-11-03T01:12:00+00:00","breadcrumb":{"@id":"https:\/\/radioljubuski.ba\/index.php\/2021\/11\/03\/poskupio-kruh-u-bih-povecana-cijena-i-drugih-pekarskih-proizvoda\/#breadcrumb"},"inLanguage":"hr","potentialAction":[{"@type":"ReadAction","target":["https:\/\/radioljubuski.ba\/index.php\/2021\/11\/03\/poskupio-kruh-u-bih-povecana-cijena-i-drugih-pekarskih-proizvoda\/"]}]},{"@type":"ImageObject","inLanguage":"hr","@id":"https:\/\/radioljubuski.ba\/index.php\/2021\/11\/03\/poskupio-kruh-u-bih-povecana-cijena-i-drugih-pekarskih-proizvoda\/#primaryimage","url":"https:\/\/radioljubuski.ba\/wp-content\/uploads\/2021\/11\/cRViaTXH_bijeli_kruh.jpg","contentUrl":"https:\/\/radioljubuski.ba\/wp-content\/uploads\/2021\/11\/cRViaTXH_bijeli_kruh.jpg","width":1000,"height":625},{"@type":"BreadcrumbList","@id":"https:\/\/radioljubuski.ba\/index.php\/2021\/11\/03\/poskupio-kruh-u-bih-povecana-cijena-i-drugih-pekarskih-proizvoda\/#breadcrumb","itemListElement":[{"@type":"ListItem","position":1,"name":"Po\u010detna stranica","item":"https:\/\/radioljubuski.ba\/"},{"@type":"ListItem","position":2,"name":"Poskupio kruh u BiH, pove\u0107ana cijena i drugih pekarskih proizvoda"}]},{"@type":"WebSite","@id":"https:\/\/radioljubuski.ba\/#website","url":"https:\/\/radioljubuski.ba\/","name":"Radio Ljubu\u0161ki","description":"Sun\u010dana frekvencija Hercegovine","publisher":{"@id":"https:\/\/radioljubuski.ba\/#organization"},"potentialAction":[{"@type":"SearchAction","target":{"@type":"EntryPoint","urlTemplate":"https:\/\/radioljubuski.ba\/?s={search_term_string}"},"query-input":{"@type":"PropertyValueSpecification","valueRequired":true,"valueName":"search_term_string"}}],"inLanguage":"hr"},{"@type":"Organization","@id":"https:\/\/radioljubuski.ba\/#organization","name":"Radio Ljubu\u0161ki","url":"https:\/\/radioljubuski.ba\/","logo":{"@type":"ImageObject","inLanguage":"hr","@id":"https:\/\/radioljubuski.ba\/#\/schema\/logo\/image\/","url":"https:\/\/radioljubuski.ba\/wp-content\/uploads\/2021\/02\/cropped-Radio_Ljubuski_logo1.jpg","contentUrl":"https:\/\/radioljubuski.ba\/wp-content\/uploads\/2021\/02\/cropped-Radio_Ljubuski_logo1.jpg","width":512,"height":512,"caption":"Radio Ljubu\u0161ki"},"image":{"@id":"https:\/\/radioljubuski.ba\/#\/schema\/logo\/image\/"},"sameAs":["https:\/\/www.facebook.com\/Radiio-Ljubuski-1490835324566332","https:\/\/x.com\/radioljubuski","https:\/\/hr.linkedin.com\/company\/radio-ljubuski","https:\/\/www.youtube.com\/channel\/UCHYaeO_n0Db3tjNGudGpXyw"]},{"@type":"Person","@id":"https:\/\/radioljubuski.ba\/#\/schema\/person\/19fc700381a780f69665d7956c469e3b","name":"Radio Ljubu\u0161ki"}]}},"_links":{"self":[{"href":"https:\/\/radioljubuski.ba\/index.php\/wp-json\/wp\/v2\/posts\/84262","targetHints":{"allow":["GET"]}}],"collection":[{"href":"https:\/\/radioljubuski.ba\/index.php\/wp-json\/wp\/v2\/posts"}],"about":[{"href":"https:\/\/radioljubuski.ba\/index.php\/wp-json\/wp\/v2\/types\/post"}],"author":[{"embeddable":true,"href":"https:\/\/radioljubuski.ba\/index.php\/wp-json\/wp\/v2\/users\/2"}],"replies":[{"embeddable":true,"href":"https:\/\/radioljubuski.ba\/index.php\/wp-json\/wp\/v2\/comments?post=84262"}],"version-history":[{"count":1,"href":"https:\/\/radioljubuski.ba\/index.php\/wp-json\/wp\/v2\/posts\/84262\/revisions"}],"predecessor-version":[{"id":84264,"href":"https:\/\/radioljubuski.ba\/index.php\/wp-json\/wp\/v2\/posts\/84262\/revisions\/84264"}],"wp:featuredmedia":[{"embeddable":true,"href":"https:\/\/radioljubuski.ba\/index.php\/wp-json\/wp\/v2\/media\/84263"}],"wp:attachment":[{"href":"https:\/\/radioljubuski.ba\/index.php\/wp-json\/wp\/v2\/media?parent=84262"}],"wp:term":[{"taxonomy":"category","embeddable":true,"href":"https:\/\/radioljubuski.ba\/index.php\/wp-json\/wp\/v2\/categories?post=84262"},{"taxonomy":"post_tag","embeddable":true,"href":"https:\/\/radioljubuski.ba\/index.php\/wp-json\/wp\/v2\/tags?post=84262"}],"curies":[{"name":"wp","href":"https:\/\/api.w.org\/{rel}","templated":true}]}}