{"id":84304,"date":"2021-11-03T02:56:27","date_gmt":"2021-11-03T01:56:27","guid":{"rendered":"https:\/\/radioljubuski.ba\/?p=84304"},"modified":"2021-11-03T02:56:28","modified_gmt":"2021-11-03T01:56:28","slug":"lucic-o-stanju-u-bih-ozbiljniji-problem-od-dodika-je-izetbegovic-i-njegove-prijetnje-tenkovima","status":"publish","type":"post","link":"https:\/\/radioljubuski.ba\/index.php\/2021\/11\/03\/lucic-o-stanju-u-bih-ozbiljniji-problem-od-dodika-je-izetbegovic-i-njegove-prijetnje-tenkovima\/","title":{"rendered":"Lu\u010di\u0107 o stanju u BiH: \u2018Ozbiljniji problem od Dodika je Izetbegovi\u0107 i njegove prijetnje tenkovima\u2019"},"content":{"rendered":"\n<p><strong>Poprili\u010dno zabrinjavaju\u0107e izvje\u0161\u0107e novog visokog predstavnika me\u0111unarodne zajednice u Bosni i Hercegovini Christiana Schmidta UN-u, a \u010dije dijelove prenosi Guardian, govori da on namjerava upozoriti Vije\u0107e sigurnosti UN-a da se stanje u BiH opasno komplicira, da je zemlja u neposrednoj opasnosti od raspada i da postoji &#8220;vrlo realna&#8221; mogu\u0107nost ponovnog sukoba.&nbsp;<\/strong><\/p>\n\n\n\n<p>&#8211; Ovo izvje\u0161\u0107e zvu\u010dni dramati\u010dno, vidjelo smo nekoliko re\u010denica, nismo vidjeli cijelo to njegovo izvje\u0161\u0107e. Ne znamo \u0161to u potpunosti govori i ka\u017ee, ali ovo je samo po sebi zabrinjavaju\u0107e. Naravno da je situacija komplicirana, problemati\u010dna. Ve\u0107 desetak godina se to mo\u017ee \u010duti u medijima, govorio sam i pisao da treba ulo\u017eiti vi\u0161e energije u BiH. Nije problem u tome ho\u0107e li se BiH raspasti, dru\u0161tvo se raspalo ratu, pitanje je ho\u0107e li ona profunkcionirati. Institucije jedva funkcioniraju, jo\u0161 se nije niti konstituirala Vlada koja je ve\u0107 prakti\u010dno trebala zavr\u0161iti mandat, pro\u0161le su ve\u0107 tri godine.\u00a0<br><br><strong>&#8220;Doga\u0111aju se opasne stvari za BiH&#8221;<\/strong><br><br>Dodaje da\u00a0<strong>Milorad Dodik<\/strong>\u00a0cijelo vrijeme ima politi\u010dki performans, ali i da ukazuje na probleme.\u00a0<br><br>&#8211; Smatram da on nije jedini problem ovdje. Ima tu daleko ozbiljnijih problema. Trebalo je vidjeti intervju\u00a0<strong>Bakira Izetbegovi\u0107a<\/strong>\u00a0i njegove prijetnje tenkovima, vojskom. Izvje\u0161\u0107e ima svoj temelj, ali onda se stvara histerija s druge strane, onda se po\u010dinje prijetiti, po\u010dinju se brojati tenkovi i vojske, to je vrlo opasno za BiH, ali i za okru\u017eenje. Hrvatskoj to nikako ne ide u prilog.\u00a0<br><br><strong>Odgovornost me\u0111unarodne zajednice<\/strong><br><br>No, tu je i odgovornost me\u0111unarodne zajednice, smatra Lu\u010di\u0107. Spomenuo je rezoluciju NATO-a gdje se, kako je rekao, nije mogla staviti definicija o tri konstitutivna naroda, nakon \u010dega su predsjednik i ministar vanjskih poslova lobirali i tra\u017eili.<br><br>&#8211; Tko je onda taj tko je razbijao Daytonski sporazum? Me\u0111unarodna zajednica definitivno u tome sudjeluje, a sam\u00a0<strong>Christian Schmidt<\/strong>\u00a0zapravo, na neki na\u010din predstavlja njema\u010dku politiku, iako predstavlja UN.\u00a0<br><br><strong>&#8220;Izmjene Izbornog zakona bit \u0107e potrebno nametnuti&#8221;<\/strong><br><br>Lu\u010di\u0107 dodaje da postoji probu\u0111en interes me\u0111unarodne zajednice za BiH.<br><br>&#8211; Nisu pokazivali interes dok se stvari nisu po\u010dele komplicirati. Ponovno se uklju\u010duje i ameri\u010dka politika. Ono \u0161to su potiskivali, nije bilo dovoljno, shvatili su da se moraju uklju\u010diti, da je situacija ozbiljna.\u00a0<br><br>Me\u0111unarodna zajednica je zapravo instalirala Dodika, a sada je postao problem, smatra Lu\u010di\u0107. Smatra i da ne\u0107e do\u0107i sporazumom do izmjena Izbornog zakona.\u00a0<br><br>&#8211; U to sam uvjeren. To sam i sino\u0107 i \u010duo izravno od Izetbegovi\u0107a. To se mo\u017ee samo nametnuti, kao \u0161to uostalom i BiH i sve drugo nametnuto. Stvari se moraju nametnuti da bi se stvorila ravnote\u017ea, a u kona\u010dnici i Ustav je sam po sebi odr\u017eiv, da ga se silom nije i\u0161lo mijenjati i prilago\u0111avati prema \u017eeljama lobista.\u00a0<br><br><strong>&#8220;Hrvati u BiH jedinstveni&#8221;<\/strong><br><br>Na pitanje ho\u0107e li zapravo onda EU i SAD mo\u0107i nametnuti &#8220;bo\u0161nja\u010dkoj strani&#8221; takvo rje\u0161enje, Lu\u010di\u0107 ka\u017ee da to ne zna, da je to bilo mogu\u0107e prije 25 godina, ali da sada ovo \u0161to smo gledali u Afganistanu ne izgleda obe\u0107avaju\u0107e.<br><br>&#8211; Sve \u010de\u0161\u0107e imam osje\u0107aj kao da sam vratio u 89. ili 90. godinu. Slu\u0161am pri\u010du o gra\u0111anskoj dr\u017eavi, o pravu &#8220;jedan \u010dovjek jedan glas&#8221;, o tome da \u0107e se &#8220;institucionalno ili izvaninstitucionalno rie\u0161avati problemi&#8221;, kao \u0161to je govorio i Slobodan Milo\u0161evi\u0107, u skladu s Ustavom ili van njega. Takve su stvari jako opasne.\u00a0<br><br>Dodaje i da su svi Hrvati u BiH jedinstveni po pitanju svoje budu\u0107nosti.<br><br>&#8211; Svi su okrenuti EU i NATO paktu. Tu postoji suglasnost i mislim da je to dobro za BiH i Hrvate u BiH, zaklju\u010duje.\u00a0<\/p>\n\n\n\n<div style=\"width: 640px;\" class=\"wp-video\"><video class=\"wp-video-shortcode\" id=\"video-84304-1\" width=\"640\" height=\"360\" preload=\"metadata\" controls=\"controls\"><source type=\"video\/mp4\" src=\"https:\/\/api.hrt.hr\/media\/89\/00\/tvd2-lucic-0211-20211102185900.mp4?_=1\" \/><a href=\"https:\/\/api.hrt.hr\/media\/89\/00\/tvd2-lucic-0211-20211102185900.mp4\">https:\/\/api.hrt.hr\/media\/89\/00\/tvd2-lucic-0211-20211102185900.mp4<\/a><\/video><\/div>\n\n\n\n<p>Izvor:hrt.hr<\/p>\n","protected":false},"excerpt":{"rendered":"<p>Poprili\u010dno zabrinjavaju\u0107e izvje\u0161\u0107e novog visokog predstavnika me\u0111unarodne zajednice u Bosni i Hercegovini Christiana Schmidta UN-u, a \u010dije dijelove prenosi Guardian, govori da on namjerava upozoriti Vije\u0107e sigurnosti UN-a da se stanje u BiH opasno komplicira, da je zemlja u neposrednoj opasnosti od raspada i da postoji &#8220;vrlo realna&#8221; mogu\u0107nost ponovnog sukoba.&nbsp; &#8211; Ovo izvje\u0161\u0107e zvu\u010dni [&hellip;]<\/p>\n","protected":false},"author":2,"featured_media":84305,"comment_status":"closed","ping_status":"closed","sticky":false,"template":"","format":"standard","meta":{"h5ap_radio_sources":[],"footnotes":""},"categories":[1],"tags":[],"class_list":["post-84304","post","type-post","status-publish","format-standard","has-post-thumbnail","hentry","category-bihiregija"],"yoast_head":"<!-- This site is optimized with the Yoast SEO plugin v27.5 - https:\/\/yoast.com\/product\/yoast-seo-wordpress\/ -->\n<title>Lu\u010di\u0107 o stanju u BiH: \u2018Ozbiljniji problem od Dodika je Izetbegovi\u0107 i njegove prijetnje tenkovima\u2019 - RADIO LJUBU\u0160KI<\/title>\n<meta name=\"robots\" content=\"index, follow, max-snippet:-1, max-image-preview:large, max-video-preview:-1\" \/>\n<link rel=\"canonical\" href=\"https:\/\/radioljubuski.ba\/index.php\/2021\/11\/03\/lucic-o-stanju-u-bih-ozbiljniji-problem-od-dodika-je-izetbegovic-i-njegove-prijetnje-tenkovima\/\" \/>\n<meta property=\"og:locale\" content=\"hr_HR\" \/>\n<meta property=\"og:type\" content=\"article\" \/>\n<meta property=\"og:title\" content=\"Lu\u010di\u0107 o stanju u BiH: \u2018Ozbiljniji problem od Dodika je Izetbegovi\u0107 i njegove prijetnje tenkovima\u2019 - RADIO LJUBU\u0160KI\" \/>\n<meta property=\"og:description\" content=\"Poprili\u010dno zabrinjavaju\u0107e izvje\u0161\u0107e novog visokog predstavnika me\u0111unarodne zajednice u Bosni i Hercegovini Christiana Schmidta UN-u, a \u010dije dijelove prenosi Guardian, govori da on namjerava upozoriti Vije\u0107e sigurnosti UN-a da se stanje u BiH opasno komplicira, da je zemlja u neposrednoj opasnosti od raspada i da postoji &#8220;vrlo realna&#8221; mogu\u0107nost ponovnog sukoba.&nbsp; &#8211; Ovo izvje\u0161\u0107e zvu\u010dni [&hellip;]\" \/>\n<meta property=\"og:url\" content=\"https:\/\/radioljubuski.ba\/index.php\/2021\/11\/03\/lucic-o-stanju-u-bih-ozbiljniji-problem-od-dodika-je-izetbegovic-i-njegove-prijetnje-tenkovima\/\" \/>\n<meta property=\"og:site_name\" content=\"RADIO LJUBU\u0160KI\" \/>\n<meta property=\"article:publisher\" content=\"https:\/\/www.facebook.com\/Radiio-Ljubuski-1490835324566332\" \/>\n<meta property=\"article:published_time\" content=\"2021-11-03T01:56:27+00:00\" \/>\n<meta property=\"article:modified_time\" content=\"2021-11-03T01:56:28+00:00\" \/>\n<meta property=\"og:image\" content=\"https:\/\/radioljubuski.ba\/wp-content\/uploads\/2021\/11\/preuzmi-9.jpg\" \/>\n\t<meta property=\"og:image:width\" content=\"300\" \/>\n\t<meta property=\"og:image:height\" content=\"168\" \/>\n\t<meta property=\"og:image:type\" content=\"image\/jpeg\" \/>\n<meta name=\"author\" content=\"Radio Ljubu\u0161ki\" \/>\n<meta name=\"twitter:card\" content=\"summary_large_image\" \/>\n<meta name=\"twitter:creator\" content=\"@radioljubuski\" \/>\n<meta name=\"twitter:site\" content=\"@radioljubuski\" \/>\n<meta name=\"twitter:label1\" content=\"Napisao\/la\" \/>\n\t<meta name=\"twitter:data1\" content=\"Radio Ljubu\u0161ki\" \/>\n\t<meta name=\"twitter:label2\" content=\"Procijenjeno vrijeme \u010ditanja\" \/>\n\t<meta name=\"twitter:data2\" content=\"3 minute\" \/>\n<script type=\"application\/ld+json\" class=\"yoast-schema-graph\">{\"@context\":\"https:\\\/\\\/schema.org\",\"@graph\":[{\"@type\":\"Article\",\"@id\":\"https:\\\/\\\/radioljubuski.ba\\\/index.php\\\/2021\\\/11\\\/03\\\/lucic-o-stanju-u-bih-ozbiljniji-problem-od-dodika-je-izetbegovic-i-njegove-prijetnje-tenkovima\\\/#article\",\"isPartOf\":{\"@id\":\"https:\\\/\\\/radioljubuski.ba\\\/index.php\\\/2021\\\/11\\\/03\\\/lucic-o-stanju-u-bih-ozbiljniji-problem-od-dodika-je-izetbegovic-i-njegove-prijetnje-tenkovima\\\/\"},\"author\":{\"name\":\"Radio Ljubu\u0161ki\",\"@id\":\"https:\\\/\\\/radioljubuski.ba\\\/#\\\/schema\\\/person\\\/19fc700381a780f69665d7956c469e3b\"},\"headline\":\"Lu\u010di\u0107 o stanju u BiH: \u2018Ozbiljniji problem od Dodika je Izetbegovi\u0107 i njegove prijetnje tenkovima\u2019\",\"datePublished\":\"2021-11-03T01:56:27+00:00\",\"dateModified\":\"2021-11-03T01:56:28+00:00\",\"mainEntityOfPage\":{\"@id\":\"https:\\\/\\\/radioljubuski.ba\\\/index.php\\\/2021\\\/11\\\/03\\\/lucic-o-stanju-u-bih-ozbiljniji-problem-od-dodika-je-izetbegovic-i-njegove-prijetnje-tenkovima\\\/\"},\"wordCount\":670,\"publisher\":{\"@id\":\"https:\\\/\\\/radioljubuski.ba\\\/#organization\"},\"image\":{\"@id\":\"https:\\\/\\\/radioljubuski.ba\\\/index.php\\\/2021\\\/11\\\/03\\\/lucic-o-stanju-u-bih-ozbiljniji-problem-od-dodika-je-izetbegovic-i-njegove-prijetnje-tenkovima\\\/#primaryimage\"},\"thumbnailUrl\":\"https:\\\/\\\/radioljubuski.ba\\\/wp-content\\\/uploads\\\/2021\\\/11\\\/preuzmi-9.jpg\",\"articleSection\":[\"BIH i regija\"],\"inLanguage\":\"hr\"},{\"@type\":\"WebPage\",\"@id\":\"https:\\\/\\\/radioljubuski.ba\\\/index.php\\\/2021\\\/11\\\/03\\\/lucic-o-stanju-u-bih-ozbiljniji-problem-od-dodika-je-izetbegovic-i-njegove-prijetnje-tenkovima\\\/\",\"url\":\"https:\\\/\\\/radioljubuski.ba\\\/index.php\\\/2021\\\/11\\\/03\\\/lucic-o-stanju-u-bih-ozbiljniji-problem-od-dodika-je-izetbegovic-i-njegove-prijetnje-tenkovima\\\/\",\"name\":\"Lu\u010di\u0107 o stanju u BiH: \u2018Ozbiljniji problem od Dodika je Izetbegovi\u0107 i njegove prijetnje tenkovima\u2019 - RADIO LJUBU\u0160KI\",\"isPartOf\":{\"@id\":\"https:\\\/\\\/radioljubuski.ba\\\/#website\"},\"primaryImageOfPage\":{\"@id\":\"https:\\\/\\\/radioljubuski.ba\\\/index.php\\\/2021\\\/11\\\/03\\\/lucic-o-stanju-u-bih-ozbiljniji-problem-od-dodika-je-izetbegovic-i-njegove-prijetnje-tenkovima\\\/#primaryimage\"},\"image\":{\"@id\":\"https:\\\/\\\/radioljubuski.ba\\\/index.php\\\/2021\\\/11\\\/03\\\/lucic-o-stanju-u-bih-ozbiljniji-problem-od-dodika-je-izetbegovic-i-njegove-prijetnje-tenkovima\\\/#primaryimage\"},\"thumbnailUrl\":\"https:\\\/\\\/radioljubuski.ba\\\/wp-content\\\/uploads\\\/2021\\\/11\\\/preuzmi-9.jpg\",\"datePublished\":\"2021-11-03T01:56:27+00:00\",\"dateModified\":\"2021-11-03T01:56:28+00:00\",\"breadcrumb\":{\"@id\":\"https:\\\/\\\/radioljubuski.ba\\\/index.php\\\/2021\\\/11\\\/03\\\/lucic-o-stanju-u-bih-ozbiljniji-problem-od-dodika-je-izetbegovic-i-njegove-prijetnje-tenkovima\\\/#breadcrumb\"},\"inLanguage\":\"hr\",\"potentialAction\":[{\"@type\":\"ReadAction\",\"target\":[\"https:\\\/\\\/radioljubuski.ba\\\/index.php\\\/2021\\\/11\\\/03\\\/lucic-o-stanju-u-bih-ozbiljniji-problem-od-dodika-je-izetbegovic-i-njegove-prijetnje-tenkovima\\\/\"]}]},{\"@type\":\"ImageObject\",\"inLanguage\":\"hr\",\"@id\":\"https:\\\/\\\/radioljubuski.ba\\\/index.php\\\/2021\\\/11\\\/03\\\/lucic-o-stanju-u-bih-ozbiljniji-problem-od-dodika-je-izetbegovic-i-njegove-prijetnje-tenkovima\\\/#primaryimage\",\"url\":\"https:\\\/\\\/radioljubuski.ba\\\/wp-content\\\/uploads\\\/2021\\\/11\\\/preuzmi-9.jpg\",\"contentUrl\":\"https:\\\/\\\/radioljubuski.ba\\\/wp-content\\\/uploads\\\/2021\\\/11\\\/preuzmi-9.jpg\",\"width\":300,\"height\":168},{\"@type\":\"BreadcrumbList\",\"@id\":\"https:\\\/\\\/radioljubuski.ba\\\/index.php\\\/2021\\\/11\\\/03\\\/lucic-o-stanju-u-bih-ozbiljniji-problem-od-dodika-je-izetbegovic-i-njegove-prijetnje-tenkovima\\\/#breadcrumb\",\"itemListElement\":[{\"@type\":\"ListItem\",\"position\":1,\"name\":\"Po\u010detna stranica\",\"item\":\"https:\\\/\\\/radioljubuski.ba\\\/\"},{\"@type\":\"ListItem\",\"position\":2,\"name\":\"Lu\u010di\u0107 o stanju u BiH: \u2018Ozbiljniji problem od Dodika je Izetbegovi\u0107 i njegove prijetnje tenkovima\u2019\"}]},{\"@type\":\"WebSite\",\"@id\":\"https:\\\/\\\/radioljubuski.ba\\\/#website\",\"url\":\"https:\\\/\\\/radioljubuski.ba\\\/\",\"name\":\"Radio Ljubu\u0161ki\",\"description\":\"Sun\u010dana frekvencija Hercegovine\",\"publisher\":{\"@id\":\"https:\\\/\\\/radioljubuski.ba\\\/#organization\"},\"potentialAction\":[{\"@type\":\"SearchAction\",\"target\":{\"@type\":\"EntryPoint\",\"urlTemplate\":\"https:\\\/\\\/radioljubuski.ba\\\/?s={search_term_string}\"},\"query-input\":{\"@type\":\"PropertyValueSpecification\",\"valueRequired\":true,\"valueName\":\"search_term_string\"}}],\"inLanguage\":\"hr\"},{\"@type\":\"Organization\",\"@id\":\"https:\\\/\\\/radioljubuski.ba\\\/#organization\",\"name\":\"Radio Ljubu\u0161ki\",\"url\":\"https:\\\/\\\/radioljubuski.ba\\\/\",\"logo\":{\"@type\":\"ImageObject\",\"inLanguage\":\"hr\",\"@id\":\"https:\\\/\\\/radioljubuski.ba\\\/#\\\/schema\\\/logo\\\/image\\\/\",\"url\":\"https:\\\/\\\/radioljubuski.ba\\\/wp-content\\\/uploads\\\/2021\\\/02\\\/cropped-Radio_Ljubuski_logo1.jpg\",\"contentUrl\":\"https:\\\/\\\/radioljubuski.ba\\\/wp-content\\\/uploads\\\/2021\\\/02\\\/cropped-Radio_Ljubuski_logo1.jpg\",\"width\":512,\"height\":512,\"caption\":\"Radio Ljubu\u0161ki\"},\"image\":{\"@id\":\"https:\\\/\\\/radioljubuski.ba\\\/#\\\/schema\\\/logo\\\/image\\\/\"},\"sameAs\":[\"https:\\\/\\\/www.facebook.com\\\/Radiio-Ljubuski-1490835324566332\",\"https:\\\/\\\/x.com\\\/radioljubuski\",\"https:\\\/\\\/hr.linkedin.com\\\/company\\\/radio-ljubuski\",\"https:\\\/\\\/www.youtube.com\\\/channel\\\/UCHYaeO_n0Db3tjNGudGpXyw\"]},{\"@type\":\"Person\",\"@id\":\"https:\\\/\\\/radioljubuski.ba\\\/#\\\/schema\\\/person\\\/19fc700381a780f69665d7956c469e3b\",\"name\":\"Radio Ljubu\u0161ki\"}]}<\/script>\n<!-- \/ Yoast SEO plugin. -->","yoast_head_json":{"title":"Lu\u010di\u0107 o stanju u BiH: \u2018Ozbiljniji problem od Dodika je Izetbegovi\u0107 i njegove prijetnje tenkovima\u2019 - RADIO LJUBU\u0160KI","robots":{"index":"index","follow":"follow","max-snippet":"max-snippet:-1","max-image-preview":"max-image-preview:large","max-video-preview":"max-video-preview:-1"},"canonical":"https:\/\/radioljubuski.ba\/index.php\/2021\/11\/03\/lucic-o-stanju-u-bih-ozbiljniji-problem-od-dodika-je-izetbegovic-i-njegove-prijetnje-tenkovima\/","og_locale":"hr_HR","og_type":"article","og_title":"Lu\u010di\u0107 o stanju u BiH: \u2018Ozbiljniji problem od Dodika je Izetbegovi\u0107 i njegove prijetnje tenkovima\u2019 - RADIO LJUBU\u0160KI","og_description":"Poprili\u010dno zabrinjavaju\u0107e izvje\u0161\u0107e novog visokog predstavnika me\u0111unarodne zajednice u Bosni i Hercegovini Christiana Schmidta UN-u, a \u010dije dijelove prenosi Guardian, govori da on namjerava upozoriti Vije\u0107e sigurnosti UN-a da se stanje u BiH opasno komplicira, da je zemlja u neposrednoj opasnosti od raspada i da postoji &#8220;vrlo realna&#8221; mogu\u0107nost ponovnog sukoba.&nbsp; &#8211; Ovo izvje\u0161\u0107e zvu\u010dni [&hellip;]","og_url":"https:\/\/radioljubuski.ba\/index.php\/2021\/11\/03\/lucic-o-stanju-u-bih-ozbiljniji-problem-od-dodika-je-izetbegovic-i-njegove-prijetnje-tenkovima\/","og_site_name":"RADIO LJUBU\u0160KI","article_publisher":"https:\/\/www.facebook.com\/Radiio-Ljubuski-1490835324566332","article_published_time":"2021-11-03T01:56:27+00:00","article_modified_time":"2021-11-03T01:56:28+00:00","og_image":[{"width":300,"height":168,"url":"https:\/\/radioljubuski.ba\/wp-content\/uploads\/2021\/11\/preuzmi-9.jpg","type":"image\/jpeg"}],"author":"Radio Ljubu\u0161ki","twitter_card":"summary_large_image","twitter_creator":"@radioljubuski","twitter_site":"@radioljubuski","twitter_misc":{"Napisao\/la":"Radio Ljubu\u0161ki","Procijenjeno vrijeme \u010ditanja":"3 minute"},"schema":{"@context":"https:\/\/schema.org","@graph":[{"@type":"Article","@id":"https:\/\/radioljubuski.ba\/index.php\/2021\/11\/03\/lucic-o-stanju-u-bih-ozbiljniji-problem-od-dodika-je-izetbegovic-i-njegove-prijetnje-tenkovima\/#article","isPartOf":{"@id":"https:\/\/radioljubuski.ba\/index.php\/2021\/11\/03\/lucic-o-stanju-u-bih-ozbiljniji-problem-od-dodika-je-izetbegovic-i-njegove-prijetnje-tenkovima\/"},"author":{"name":"Radio Ljubu\u0161ki","@id":"https:\/\/radioljubuski.ba\/#\/schema\/person\/19fc700381a780f69665d7956c469e3b"},"headline":"Lu\u010di\u0107 o stanju u BiH: \u2018Ozbiljniji problem od Dodika je Izetbegovi\u0107 i njegove prijetnje tenkovima\u2019","datePublished":"2021-11-03T01:56:27+00:00","dateModified":"2021-11-03T01:56:28+00:00","mainEntityOfPage":{"@id":"https:\/\/radioljubuski.ba\/index.php\/2021\/11\/03\/lucic-o-stanju-u-bih-ozbiljniji-problem-od-dodika-je-izetbegovic-i-njegove-prijetnje-tenkovima\/"},"wordCount":670,"publisher":{"@id":"https:\/\/radioljubuski.ba\/#organization"},"image":{"@id":"https:\/\/radioljubuski.ba\/index.php\/2021\/11\/03\/lucic-o-stanju-u-bih-ozbiljniji-problem-od-dodika-je-izetbegovic-i-njegove-prijetnje-tenkovima\/#primaryimage"},"thumbnailUrl":"https:\/\/radioljubuski.ba\/wp-content\/uploads\/2021\/11\/preuzmi-9.jpg","articleSection":["BIH i regija"],"inLanguage":"hr"},{"@type":"WebPage","@id":"https:\/\/radioljubuski.ba\/index.php\/2021\/11\/03\/lucic-o-stanju-u-bih-ozbiljniji-problem-od-dodika-je-izetbegovic-i-njegove-prijetnje-tenkovima\/","url":"https:\/\/radioljubuski.ba\/index.php\/2021\/11\/03\/lucic-o-stanju-u-bih-ozbiljniji-problem-od-dodika-je-izetbegovic-i-njegove-prijetnje-tenkovima\/","name":"Lu\u010di\u0107 o stanju u BiH: \u2018Ozbiljniji problem od Dodika je Izetbegovi\u0107 i njegove prijetnje tenkovima\u2019 - RADIO LJUBU\u0160KI","isPartOf":{"@id":"https:\/\/radioljubuski.ba\/#website"},"primaryImageOfPage":{"@id":"https:\/\/radioljubuski.ba\/index.php\/2021\/11\/03\/lucic-o-stanju-u-bih-ozbiljniji-problem-od-dodika-je-izetbegovic-i-njegove-prijetnje-tenkovima\/#primaryimage"},"image":{"@id":"https:\/\/radioljubuski.ba\/index.php\/2021\/11\/03\/lucic-o-stanju-u-bih-ozbiljniji-problem-od-dodika-je-izetbegovic-i-njegove-prijetnje-tenkovima\/#primaryimage"},"thumbnailUrl":"https:\/\/radioljubuski.ba\/wp-content\/uploads\/2021\/11\/preuzmi-9.jpg","datePublished":"2021-11-03T01:56:27+00:00","dateModified":"2021-11-03T01:56:28+00:00","breadcrumb":{"@id":"https:\/\/radioljubuski.ba\/index.php\/2021\/11\/03\/lucic-o-stanju-u-bih-ozbiljniji-problem-od-dodika-je-izetbegovic-i-njegove-prijetnje-tenkovima\/#breadcrumb"},"inLanguage":"hr","potentialAction":[{"@type":"ReadAction","target":["https:\/\/radioljubuski.ba\/index.php\/2021\/11\/03\/lucic-o-stanju-u-bih-ozbiljniji-problem-od-dodika-je-izetbegovic-i-njegove-prijetnje-tenkovima\/"]}]},{"@type":"ImageObject","inLanguage":"hr","@id":"https:\/\/radioljubuski.ba\/index.php\/2021\/11\/03\/lucic-o-stanju-u-bih-ozbiljniji-problem-od-dodika-je-izetbegovic-i-njegove-prijetnje-tenkovima\/#primaryimage","url":"https:\/\/radioljubuski.ba\/wp-content\/uploads\/2021\/11\/preuzmi-9.jpg","contentUrl":"https:\/\/radioljubuski.ba\/wp-content\/uploads\/2021\/11\/preuzmi-9.jpg","width":300,"height":168},{"@type":"BreadcrumbList","@id":"https:\/\/radioljubuski.ba\/index.php\/2021\/11\/03\/lucic-o-stanju-u-bih-ozbiljniji-problem-od-dodika-je-izetbegovic-i-njegove-prijetnje-tenkovima\/#breadcrumb","itemListElement":[{"@type":"ListItem","position":1,"name":"Po\u010detna stranica","item":"https:\/\/radioljubuski.ba\/"},{"@type":"ListItem","position":2,"name":"Lu\u010di\u0107 o stanju u BiH: \u2018Ozbiljniji problem od Dodika je Izetbegovi\u0107 i njegove prijetnje tenkovima\u2019"}]},{"@type":"WebSite","@id":"https:\/\/radioljubuski.ba\/#website","url":"https:\/\/radioljubuski.ba\/","name":"Radio Ljubu\u0161ki","description":"Sun\u010dana frekvencija Hercegovine","publisher":{"@id":"https:\/\/radioljubuski.ba\/#organization"},"potentialAction":[{"@type":"SearchAction","target":{"@type":"EntryPoint","urlTemplate":"https:\/\/radioljubuski.ba\/?s={search_term_string}"},"query-input":{"@type":"PropertyValueSpecification","valueRequired":true,"valueName":"search_term_string"}}],"inLanguage":"hr"},{"@type":"Organization","@id":"https:\/\/radioljubuski.ba\/#organization","name":"Radio Ljubu\u0161ki","url":"https:\/\/radioljubuski.ba\/","logo":{"@type":"ImageObject","inLanguage":"hr","@id":"https:\/\/radioljubuski.ba\/#\/schema\/logo\/image\/","url":"https:\/\/radioljubuski.ba\/wp-content\/uploads\/2021\/02\/cropped-Radio_Ljubuski_logo1.jpg","contentUrl":"https:\/\/radioljubuski.ba\/wp-content\/uploads\/2021\/02\/cropped-Radio_Ljubuski_logo1.jpg","width":512,"height":512,"caption":"Radio Ljubu\u0161ki"},"image":{"@id":"https:\/\/radioljubuski.ba\/#\/schema\/logo\/image\/"},"sameAs":["https:\/\/www.facebook.com\/Radiio-Ljubuski-1490835324566332","https:\/\/x.com\/radioljubuski","https:\/\/hr.linkedin.com\/company\/radio-ljubuski","https:\/\/www.youtube.com\/channel\/UCHYaeO_n0Db3tjNGudGpXyw"]},{"@type":"Person","@id":"https:\/\/radioljubuski.ba\/#\/schema\/person\/19fc700381a780f69665d7956c469e3b","name":"Radio Ljubu\u0161ki"}]}},"_links":{"self":[{"href":"https:\/\/radioljubuski.ba\/index.php\/wp-json\/wp\/v2\/posts\/84304","targetHints":{"allow":["GET"]}}],"collection":[{"href":"https:\/\/radioljubuski.ba\/index.php\/wp-json\/wp\/v2\/posts"}],"about":[{"href":"https:\/\/radioljubuski.ba\/index.php\/wp-json\/wp\/v2\/types\/post"}],"author":[{"embeddable":true,"href":"https:\/\/radioljubuski.ba\/index.php\/wp-json\/wp\/v2\/users\/2"}],"replies":[{"embeddable":true,"href":"https:\/\/radioljubuski.ba\/index.php\/wp-json\/wp\/v2\/comments?post=84304"}],"version-history":[{"count":1,"href":"https:\/\/radioljubuski.ba\/index.php\/wp-json\/wp\/v2\/posts\/84304\/revisions"}],"predecessor-version":[{"id":84306,"href":"https:\/\/radioljubuski.ba\/index.php\/wp-json\/wp\/v2\/posts\/84304\/revisions\/84306"}],"wp:featuredmedia":[{"embeddable":true,"href":"https:\/\/radioljubuski.ba\/index.php\/wp-json\/wp\/v2\/media\/84305"}],"wp:attachment":[{"href":"https:\/\/radioljubuski.ba\/index.php\/wp-json\/wp\/v2\/media?parent=84304"}],"wp:term":[{"taxonomy":"category","embeddable":true,"href":"https:\/\/radioljubuski.ba\/index.php\/wp-json\/wp\/v2\/categories?post=84304"},{"taxonomy":"post_tag","embeddable":true,"href":"https:\/\/radioljubuski.ba\/index.php\/wp-json\/wp\/v2\/tags?post=84304"}],"curies":[{"name":"wp","href":"https:\/\/api.w.org\/{rel}","templated":true}]}}