{"id":84310,"date":"2021-11-03T02:59:54","date_gmt":"2021-11-03T01:59:54","guid":{"rendered":"https:\/\/radioljubuski.ba\/?p=84310"},"modified":"2021-11-03T02:59:56","modified_gmt":"2021-11-03T01:59:56","slug":"kajtazi-glede-zabrane-zds-a-tvrdi-sve-cemo-se-dogovoriti-mandat-traje-jos-tri-godine","status":"publish","type":"post","link":"https:\/\/radioljubuski.ba\/index.php\/2021\/11\/03\/kajtazi-glede-zabrane-zds-a-tvrdi-sve-cemo-se-dogovoriti-mandat-traje-jos-tri-godine\/","title":{"rendered":"Kajtazi glede zabrane ZDS-a tvrdi: Sve \u0107emo se dogovoriti, mandat traje jo\u0161 tri godine"},"content":{"rendered":"\n<p>Saborski zastupnik romske i jo\u0161 jedanaest nacionalnih manjina Veljko Kajtazi bio je na&nbsp;<a href=\"https:\/\/hr.n1info.com\/vijesti\/kajtazi-o-zabrani-zds-a-sve-cemo-se-dogovoriti-mandat-traje-jos-tri-godine\/\">N1<\/a>&nbsp;gdje je govorio je o polo\u017eaju Roma u Hrvatskoj, koji su najve\u0107i problemi s kojima se Romi u Hrvatskoj susre\u0107u, a osvrnuo se i na zabranu pozdrava \u201cZa dom spremni\u201d.<\/p>\n\n\n\n<p>Komentirao je i najve\u0107e probleme s kojima se Romi u Hrvatskoj danas susre\u0107u.<\/p>\n\n\n\n<p>\u201cRomi su na ovim prostorima 700 godina. Romi su se asimilirali u ve\u0107insko stanovni\u0161tvo, a ve\u0107insko stanvni\u0161tvo ne zna ama ba\u0161 ni\u0161ta o Romima. Tu su predrasude da Romi ne \u017eele raditi, da su la\u017ejivci, da su prljavi, a to uop\u0107e nije to\u010dno. Romi su ro\u0111eni u recesiji i umiru s recesijom, ali opstaju svih ovih godina.\u201d<\/p>\n\n\n\n<p>Kazao je da je samo \u0161est pripadnike romske nacionalne manjine zaposleno u poslovima javne uprave.<\/p>\n\n\n\n<p>\u201cAko jednog neromskog djeteta nema u \u0161koli, onda su sve institucije na nogama, a kad jednog romskog djeteta nema u \u0161koli, ka\u017ee se da je to tradicija\u201d, ocijenio je.<\/p>\n\n\n\n<p><strong>\u201cRome trebamo prihvatiti kao sugra\u0111ane\u201d<\/strong><\/p>\n\n\n\n<p>\u201cRomska zajednica zanemarena je 700 godina. Bje\u017eali smo od toga da trebamo pomo\u0107i da prihvatimo Rome kao sugra\u0111ane\u201d, dodao je.<\/p>\n\n\n\n<p>Osvrnuo se na probleme s oru\u017ejem u Me\u0111imurju. Kajtazi je tada upozoravao o problemu s ilegalnim oru\u017ejem. Kajtazi ka\u017ee da nije mogao odra\u0111ivati posao policije i dati imena nego da je mogao samo skrenuti pa\u017enju na problem.<\/p>\n\n\n\n<p>\u201cTo je smije\u0161no da ja dam imena ljudi. To zna\u010di da bih ja trebao ne\u010diji posao odraditi? Mislim da MUP treba odraditi svoj dio posla i to prema svima i treba imati iste kriterije prema svima\u201d, kazao je Kajtazi.<\/p>\n\n\n\n<p><strong>\u201cNedavno sam \u010ditao i Dobroni\u0107a, drago mi je i zbog njegovih stavova o ZDS\u201d<\/strong><\/p>\n\n\n\n<p>Tvrdi da se ne \u010dini dovoljno toga za romsku zajednicu. \u201cOva Vlada, zahvaljuju\u0107i Plenkovi\u0107u, krenula je u rje\u0161avanje problema\u201d, rekao je, dodaju\u0107i da postoji i strategija i operativni plan.<\/p>\n\n\n\n<p>Kajtazi podr\u017eava premijera Plenkovi\u0107a, te se osvrnuo na inicijativu zabrane pozdrava \u201cZa dom spremni\u201d, navode\u0107i da \u0107e se o tome razgovarati.<\/p>\n\n\n\n<p>\u201cDr\u017eim se i dalje svog stava. Nedavno sam \u010ditao i Dobroni\u0107a, drago mi je i zbog njegovih stavova. Moramo biti konkretni u zakonskim regulativama i ne vidim razlog za\u0161to bi mi bili druga\u010diji nego zakon u Njema\u010dkoj ili Austriji. Vidjet \u0107emo, razgovarat \u0107emo. Sve \u0107emo se dogovoriti. Jo\u0161 tri godine traje mandat\u201d, kazao je Kajtazi.<\/p>\n\n\n\n<p><em>Izvor: narod.hr<\/em><\/p>\n","protected":false},"excerpt":{"rendered":"<p>Saborski zastupnik romske i jo\u0161 jedanaest nacionalnih manjina Veljko Kajtazi bio je na&nbsp;N1&nbsp;gdje je govorio je o polo\u017eaju Roma u Hrvatskoj, koji su najve\u0107i problemi s kojima se Romi u Hrvatskoj susre\u0107u, a osvrnuo se i na zabranu pozdrava \u201cZa dom spremni\u201d. Komentirao je i najve\u0107e probleme s kojima se Romi u Hrvatskoj danas susre\u0107u. [&hellip;]<\/p>\n","protected":false},"author":2,"featured_media":84311,"comment_status":"closed","ping_status":"closed","sticky":false,"template":"","format":"standard","meta":{"h5ap_radio_sources":[],"footnotes":""},"categories":[1],"tags":[],"class_list":["post-84310","post","type-post","status-publish","format-standard","has-post-thumbnail","hentry","category-bihiregija"],"yoast_head":"<!-- This site is optimized with the Yoast SEO plugin v27.5 - https:\/\/yoast.com\/product\/yoast-seo-wordpress\/ -->\n<title>Kajtazi glede zabrane ZDS-a tvrdi: Sve \u0107emo se dogovoriti, mandat traje jo\u0161 tri godine - RADIO LJUBU\u0160KI<\/title>\n<meta name=\"robots\" content=\"index, follow, max-snippet:-1, max-image-preview:large, max-video-preview:-1\" \/>\n<link rel=\"canonical\" href=\"https:\/\/radioljubuski.ba\/index.php\/2021\/11\/03\/kajtazi-glede-zabrane-zds-a-tvrdi-sve-cemo-se-dogovoriti-mandat-traje-jos-tri-godine\/\" \/>\n<meta property=\"og:locale\" content=\"hr_HR\" \/>\n<meta property=\"og:type\" content=\"article\" \/>\n<meta property=\"og:title\" content=\"Kajtazi glede zabrane ZDS-a tvrdi: Sve \u0107emo se dogovoriti, mandat traje jo\u0161 tri godine - RADIO LJUBU\u0160KI\" \/>\n<meta property=\"og:description\" content=\"Saborski zastupnik romske i jo\u0161 jedanaest nacionalnih manjina Veljko Kajtazi bio je na&nbsp;N1&nbsp;gdje je govorio je o polo\u017eaju Roma u Hrvatskoj, koji su najve\u0107i problemi s kojima se Romi u Hrvatskoj susre\u0107u, a osvrnuo se i na zabranu pozdrava \u201cZa dom spremni\u201d. Komentirao je i najve\u0107e probleme s kojima se Romi u Hrvatskoj danas susre\u0107u. [&hellip;]\" \/>\n<meta property=\"og:url\" content=\"https:\/\/radioljubuski.ba\/index.php\/2021\/11\/03\/kajtazi-glede-zabrane-zds-a-tvrdi-sve-cemo-se-dogovoriti-mandat-traje-jos-tri-godine\/\" \/>\n<meta property=\"og:site_name\" content=\"RADIO LJUBU\u0160KI\" \/>\n<meta property=\"article:publisher\" content=\"https:\/\/www.facebook.com\/Radiio-Ljubuski-1490835324566332\" \/>\n<meta property=\"article:published_time\" content=\"2021-11-03T01:59:54+00:00\" \/>\n<meta property=\"article:modified_time\" content=\"2021-11-03T01:59:56+00:00\" \/>\n<meta property=\"og:image\" content=\"https:\/\/radioljubuski.ba\/wp-content\/uploads\/2021\/11\/Veljko-Kajtazi-696x448-1.jpg\" \/>\n\t<meta property=\"og:image:width\" content=\"696\" \/>\n\t<meta property=\"og:image:height\" content=\"448\" \/>\n\t<meta property=\"og:image:type\" content=\"image\/jpeg\" \/>\n<meta name=\"author\" content=\"Radio Ljubu\u0161ki\" \/>\n<meta name=\"twitter:card\" content=\"summary_large_image\" \/>\n<meta name=\"twitter:creator\" content=\"@radioljubuski\" \/>\n<meta name=\"twitter:site\" content=\"@radioljubuski\" \/>\n<meta name=\"twitter:label1\" content=\"Napisao\/la\" \/>\n\t<meta name=\"twitter:data1\" content=\"Radio Ljubu\u0161ki\" \/>\n\t<meta name=\"twitter:label2\" content=\"Procijenjeno vrijeme \u010ditanja\" \/>\n\t<meta name=\"twitter:data2\" content=\"2 minute\" \/>\n<script type=\"application\/ld+json\" class=\"yoast-schema-graph\">{\"@context\":\"https:\\\/\\\/schema.org\",\"@graph\":[{\"@type\":\"Article\",\"@id\":\"https:\\\/\\\/radioljubuski.ba\\\/index.php\\\/2021\\\/11\\\/03\\\/kajtazi-glede-zabrane-zds-a-tvrdi-sve-cemo-se-dogovoriti-mandat-traje-jos-tri-godine\\\/#article\",\"isPartOf\":{\"@id\":\"https:\\\/\\\/radioljubuski.ba\\\/index.php\\\/2021\\\/11\\\/03\\\/kajtazi-glede-zabrane-zds-a-tvrdi-sve-cemo-se-dogovoriti-mandat-traje-jos-tri-godine\\\/\"},\"author\":{\"name\":\"Radio Ljubu\u0161ki\",\"@id\":\"https:\\\/\\\/radioljubuski.ba\\\/#\\\/schema\\\/person\\\/19fc700381a780f69665d7956c469e3b\"},\"headline\":\"Kajtazi glede zabrane ZDS-a tvrdi: Sve \u0107emo se dogovoriti, mandat traje jo\u0161 tri godine\",\"datePublished\":\"2021-11-03T01:59:54+00:00\",\"dateModified\":\"2021-11-03T01:59:56+00:00\",\"mainEntityOfPage\":{\"@id\":\"https:\\\/\\\/radioljubuski.ba\\\/index.php\\\/2021\\\/11\\\/03\\\/kajtazi-glede-zabrane-zds-a-tvrdi-sve-cemo-se-dogovoriti-mandat-traje-jos-tri-godine\\\/\"},\"wordCount\":436,\"publisher\":{\"@id\":\"https:\\\/\\\/radioljubuski.ba\\\/#organization\"},\"image\":{\"@id\":\"https:\\\/\\\/radioljubuski.ba\\\/index.php\\\/2021\\\/11\\\/03\\\/kajtazi-glede-zabrane-zds-a-tvrdi-sve-cemo-se-dogovoriti-mandat-traje-jos-tri-godine\\\/#primaryimage\"},\"thumbnailUrl\":\"https:\\\/\\\/radioljubuski.ba\\\/wp-content\\\/uploads\\\/2021\\\/11\\\/Veljko-Kajtazi-696x448-1.jpg\",\"articleSection\":[\"BIH i regija\"],\"inLanguage\":\"hr\"},{\"@type\":\"WebPage\",\"@id\":\"https:\\\/\\\/radioljubuski.ba\\\/index.php\\\/2021\\\/11\\\/03\\\/kajtazi-glede-zabrane-zds-a-tvrdi-sve-cemo-se-dogovoriti-mandat-traje-jos-tri-godine\\\/\",\"url\":\"https:\\\/\\\/radioljubuski.ba\\\/index.php\\\/2021\\\/11\\\/03\\\/kajtazi-glede-zabrane-zds-a-tvrdi-sve-cemo-se-dogovoriti-mandat-traje-jos-tri-godine\\\/\",\"name\":\"Kajtazi glede zabrane ZDS-a tvrdi: Sve \u0107emo se dogovoriti, mandat traje jo\u0161 tri godine - RADIO LJUBU\u0160KI\",\"isPartOf\":{\"@id\":\"https:\\\/\\\/radioljubuski.ba\\\/#website\"},\"primaryImageOfPage\":{\"@id\":\"https:\\\/\\\/radioljubuski.ba\\\/index.php\\\/2021\\\/11\\\/03\\\/kajtazi-glede-zabrane-zds-a-tvrdi-sve-cemo-se-dogovoriti-mandat-traje-jos-tri-godine\\\/#primaryimage\"},\"image\":{\"@id\":\"https:\\\/\\\/radioljubuski.ba\\\/index.php\\\/2021\\\/11\\\/03\\\/kajtazi-glede-zabrane-zds-a-tvrdi-sve-cemo-se-dogovoriti-mandat-traje-jos-tri-godine\\\/#primaryimage\"},\"thumbnailUrl\":\"https:\\\/\\\/radioljubuski.ba\\\/wp-content\\\/uploads\\\/2021\\\/11\\\/Veljko-Kajtazi-696x448-1.jpg\",\"datePublished\":\"2021-11-03T01:59:54+00:00\",\"dateModified\":\"2021-11-03T01:59:56+00:00\",\"breadcrumb\":{\"@id\":\"https:\\\/\\\/radioljubuski.ba\\\/index.php\\\/2021\\\/11\\\/03\\\/kajtazi-glede-zabrane-zds-a-tvrdi-sve-cemo-se-dogovoriti-mandat-traje-jos-tri-godine\\\/#breadcrumb\"},\"inLanguage\":\"hr\",\"potentialAction\":[{\"@type\":\"ReadAction\",\"target\":[\"https:\\\/\\\/radioljubuski.ba\\\/index.php\\\/2021\\\/11\\\/03\\\/kajtazi-glede-zabrane-zds-a-tvrdi-sve-cemo-se-dogovoriti-mandat-traje-jos-tri-godine\\\/\"]}]},{\"@type\":\"ImageObject\",\"inLanguage\":\"hr\",\"@id\":\"https:\\\/\\\/radioljubuski.ba\\\/index.php\\\/2021\\\/11\\\/03\\\/kajtazi-glede-zabrane-zds-a-tvrdi-sve-cemo-se-dogovoriti-mandat-traje-jos-tri-godine\\\/#primaryimage\",\"url\":\"https:\\\/\\\/radioljubuski.ba\\\/wp-content\\\/uploads\\\/2021\\\/11\\\/Veljko-Kajtazi-696x448-1.jpg\",\"contentUrl\":\"https:\\\/\\\/radioljubuski.ba\\\/wp-content\\\/uploads\\\/2021\\\/11\\\/Veljko-Kajtazi-696x448-1.jpg\",\"width\":696,\"height\":448},{\"@type\":\"BreadcrumbList\",\"@id\":\"https:\\\/\\\/radioljubuski.ba\\\/index.php\\\/2021\\\/11\\\/03\\\/kajtazi-glede-zabrane-zds-a-tvrdi-sve-cemo-se-dogovoriti-mandat-traje-jos-tri-godine\\\/#breadcrumb\",\"itemListElement\":[{\"@type\":\"ListItem\",\"position\":1,\"name\":\"Po\u010detna stranica\",\"item\":\"https:\\\/\\\/radioljubuski.ba\\\/\"},{\"@type\":\"ListItem\",\"position\":2,\"name\":\"Kajtazi glede zabrane ZDS-a tvrdi: Sve \u0107emo se dogovoriti, mandat traje jo\u0161 tri godine\"}]},{\"@type\":\"WebSite\",\"@id\":\"https:\\\/\\\/radioljubuski.ba\\\/#website\",\"url\":\"https:\\\/\\\/radioljubuski.ba\\\/\",\"name\":\"Radio Ljubu\u0161ki\",\"description\":\"Sun\u010dana frekvencija Hercegovine\",\"publisher\":{\"@id\":\"https:\\\/\\\/radioljubuski.ba\\\/#organization\"},\"potentialAction\":[{\"@type\":\"SearchAction\",\"target\":{\"@type\":\"EntryPoint\",\"urlTemplate\":\"https:\\\/\\\/radioljubuski.ba\\\/?s={search_term_string}\"},\"query-input\":{\"@type\":\"PropertyValueSpecification\",\"valueRequired\":true,\"valueName\":\"search_term_string\"}}],\"inLanguage\":\"hr\"},{\"@type\":\"Organization\",\"@id\":\"https:\\\/\\\/radioljubuski.ba\\\/#organization\",\"name\":\"Radio Ljubu\u0161ki\",\"url\":\"https:\\\/\\\/radioljubuski.ba\\\/\",\"logo\":{\"@type\":\"ImageObject\",\"inLanguage\":\"hr\",\"@id\":\"https:\\\/\\\/radioljubuski.ba\\\/#\\\/schema\\\/logo\\\/image\\\/\",\"url\":\"https:\\\/\\\/radioljubuski.ba\\\/wp-content\\\/uploads\\\/2021\\\/02\\\/cropped-Radio_Ljubuski_logo1.jpg\",\"contentUrl\":\"https:\\\/\\\/radioljubuski.ba\\\/wp-content\\\/uploads\\\/2021\\\/02\\\/cropped-Radio_Ljubuski_logo1.jpg\",\"width\":512,\"height\":512,\"caption\":\"Radio Ljubu\u0161ki\"},\"image\":{\"@id\":\"https:\\\/\\\/radioljubuski.ba\\\/#\\\/schema\\\/logo\\\/image\\\/\"},\"sameAs\":[\"https:\\\/\\\/www.facebook.com\\\/Radiio-Ljubuski-1490835324566332\",\"https:\\\/\\\/x.com\\\/radioljubuski\",\"https:\\\/\\\/hr.linkedin.com\\\/company\\\/radio-ljubuski\",\"https:\\\/\\\/www.youtube.com\\\/channel\\\/UCHYaeO_n0Db3tjNGudGpXyw\"]},{\"@type\":\"Person\",\"@id\":\"https:\\\/\\\/radioljubuski.ba\\\/#\\\/schema\\\/person\\\/19fc700381a780f69665d7956c469e3b\",\"name\":\"Radio Ljubu\u0161ki\"}]}<\/script>\n<!-- \/ Yoast SEO plugin. -->","yoast_head_json":{"title":"Kajtazi glede zabrane ZDS-a tvrdi: Sve \u0107emo se dogovoriti, mandat traje jo\u0161 tri godine - RADIO LJUBU\u0160KI","robots":{"index":"index","follow":"follow","max-snippet":"max-snippet:-1","max-image-preview":"max-image-preview:large","max-video-preview":"max-video-preview:-1"},"canonical":"https:\/\/radioljubuski.ba\/index.php\/2021\/11\/03\/kajtazi-glede-zabrane-zds-a-tvrdi-sve-cemo-se-dogovoriti-mandat-traje-jos-tri-godine\/","og_locale":"hr_HR","og_type":"article","og_title":"Kajtazi glede zabrane ZDS-a tvrdi: Sve \u0107emo se dogovoriti, mandat traje jo\u0161 tri godine - RADIO LJUBU\u0160KI","og_description":"Saborski zastupnik romske i jo\u0161 jedanaest nacionalnih manjina Veljko Kajtazi bio je na&nbsp;N1&nbsp;gdje je govorio je o polo\u017eaju Roma u Hrvatskoj, koji su najve\u0107i problemi s kojima se Romi u Hrvatskoj susre\u0107u, a osvrnuo se i na zabranu pozdrava \u201cZa dom spremni\u201d. Komentirao je i najve\u0107e probleme s kojima se Romi u Hrvatskoj danas susre\u0107u. [&hellip;]","og_url":"https:\/\/radioljubuski.ba\/index.php\/2021\/11\/03\/kajtazi-glede-zabrane-zds-a-tvrdi-sve-cemo-se-dogovoriti-mandat-traje-jos-tri-godine\/","og_site_name":"RADIO LJUBU\u0160KI","article_publisher":"https:\/\/www.facebook.com\/Radiio-Ljubuski-1490835324566332","article_published_time":"2021-11-03T01:59:54+00:00","article_modified_time":"2021-11-03T01:59:56+00:00","og_image":[{"width":696,"height":448,"url":"https:\/\/radioljubuski.ba\/wp-content\/uploads\/2021\/11\/Veljko-Kajtazi-696x448-1.jpg","type":"image\/jpeg"}],"author":"Radio Ljubu\u0161ki","twitter_card":"summary_large_image","twitter_creator":"@radioljubuski","twitter_site":"@radioljubuski","twitter_misc":{"Napisao\/la":"Radio Ljubu\u0161ki","Procijenjeno vrijeme \u010ditanja":"2 minute"},"schema":{"@context":"https:\/\/schema.org","@graph":[{"@type":"Article","@id":"https:\/\/radioljubuski.ba\/index.php\/2021\/11\/03\/kajtazi-glede-zabrane-zds-a-tvrdi-sve-cemo-se-dogovoriti-mandat-traje-jos-tri-godine\/#article","isPartOf":{"@id":"https:\/\/radioljubuski.ba\/index.php\/2021\/11\/03\/kajtazi-glede-zabrane-zds-a-tvrdi-sve-cemo-se-dogovoriti-mandat-traje-jos-tri-godine\/"},"author":{"name":"Radio Ljubu\u0161ki","@id":"https:\/\/radioljubuski.ba\/#\/schema\/person\/19fc700381a780f69665d7956c469e3b"},"headline":"Kajtazi glede zabrane ZDS-a tvrdi: Sve \u0107emo se dogovoriti, mandat traje jo\u0161 tri godine","datePublished":"2021-11-03T01:59:54+00:00","dateModified":"2021-11-03T01:59:56+00:00","mainEntityOfPage":{"@id":"https:\/\/radioljubuski.ba\/index.php\/2021\/11\/03\/kajtazi-glede-zabrane-zds-a-tvrdi-sve-cemo-se-dogovoriti-mandat-traje-jos-tri-godine\/"},"wordCount":436,"publisher":{"@id":"https:\/\/radioljubuski.ba\/#organization"},"image":{"@id":"https:\/\/radioljubuski.ba\/index.php\/2021\/11\/03\/kajtazi-glede-zabrane-zds-a-tvrdi-sve-cemo-se-dogovoriti-mandat-traje-jos-tri-godine\/#primaryimage"},"thumbnailUrl":"https:\/\/radioljubuski.ba\/wp-content\/uploads\/2021\/11\/Veljko-Kajtazi-696x448-1.jpg","articleSection":["BIH i regija"],"inLanguage":"hr"},{"@type":"WebPage","@id":"https:\/\/radioljubuski.ba\/index.php\/2021\/11\/03\/kajtazi-glede-zabrane-zds-a-tvrdi-sve-cemo-se-dogovoriti-mandat-traje-jos-tri-godine\/","url":"https:\/\/radioljubuski.ba\/index.php\/2021\/11\/03\/kajtazi-glede-zabrane-zds-a-tvrdi-sve-cemo-se-dogovoriti-mandat-traje-jos-tri-godine\/","name":"Kajtazi glede zabrane ZDS-a tvrdi: Sve \u0107emo se dogovoriti, mandat traje jo\u0161 tri godine - RADIO LJUBU\u0160KI","isPartOf":{"@id":"https:\/\/radioljubuski.ba\/#website"},"primaryImageOfPage":{"@id":"https:\/\/radioljubuski.ba\/index.php\/2021\/11\/03\/kajtazi-glede-zabrane-zds-a-tvrdi-sve-cemo-se-dogovoriti-mandat-traje-jos-tri-godine\/#primaryimage"},"image":{"@id":"https:\/\/radioljubuski.ba\/index.php\/2021\/11\/03\/kajtazi-glede-zabrane-zds-a-tvrdi-sve-cemo-se-dogovoriti-mandat-traje-jos-tri-godine\/#primaryimage"},"thumbnailUrl":"https:\/\/radioljubuski.ba\/wp-content\/uploads\/2021\/11\/Veljko-Kajtazi-696x448-1.jpg","datePublished":"2021-11-03T01:59:54+00:00","dateModified":"2021-11-03T01:59:56+00:00","breadcrumb":{"@id":"https:\/\/radioljubuski.ba\/index.php\/2021\/11\/03\/kajtazi-glede-zabrane-zds-a-tvrdi-sve-cemo-se-dogovoriti-mandat-traje-jos-tri-godine\/#breadcrumb"},"inLanguage":"hr","potentialAction":[{"@type":"ReadAction","target":["https:\/\/radioljubuski.ba\/index.php\/2021\/11\/03\/kajtazi-glede-zabrane-zds-a-tvrdi-sve-cemo-se-dogovoriti-mandat-traje-jos-tri-godine\/"]}]},{"@type":"ImageObject","inLanguage":"hr","@id":"https:\/\/radioljubuski.ba\/index.php\/2021\/11\/03\/kajtazi-glede-zabrane-zds-a-tvrdi-sve-cemo-se-dogovoriti-mandat-traje-jos-tri-godine\/#primaryimage","url":"https:\/\/radioljubuski.ba\/wp-content\/uploads\/2021\/11\/Veljko-Kajtazi-696x448-1.jpg","contentUrl":"https:\/\/radioljubuski.ba\/wp-content\/uploads\/2021\/11\/Veljko-Kajtazi-696x448-1.jpg","width":696,"height":448},{"@type":"BreadcrumbList","@id":"https:\/\/radioljubuski.ba\/index.php\/2021\/11\/03\/kajtazi-glede-zabrane-zds-a-tvrdi-sve-cemo-se-dogovoriti-mandat-traje-jos-tri-godine\/#breadcrumb","itemListElement":[{"@type":"ListItem","position":1,"name":"Po\u010detna stranica","item":"https:\/\/radioljubuski.ba\/"},{"@type":"ListItem","position":2,"name":"Kajtazi glede zabrane ZDS-a tvrdi: Sve \u0107emo se dogovoriti, mandat traje jo\u0161 tri godine"}]},{"@type":"WebSite","@id":"https:\/\/radioljubuski.ba\/#website","url":"https:\/\/radioljubuski.ba\/","name":"Radio Ljubu\u0161ki","description":"Sun\u010dana frekvencija Hercegovine","publisher":{"@id":"https:\/\/radioljubuski.ba\/#organization"},"potentialAction":[{"@type":"SearchAction","target":{"@type":"EntryPoint","urlTemplate":"https:\/\/radioljubuski.ba\/?s={search_term_string}"},"query-input":{"@type":"PropertyValueSpecification","valueRequired":true,"valueName":"search_term_string"}}],"inLanguage":"hr"},{"@type":"Organization","@id":"https:\/\/radioljubuski.ba\/#organization","name":"Radio Ljubu\u0161ki","url":"https:\/\/radioljubuski.ba\/","logo":{"@type":"ImageObject","inLanguage":"hr","@id":"https:\/\/radioljubuski.ba\/#\/schema\/logo\/image\/","url":"https:\/\/radioljubuski.ba\/wp-content\/uploads\/2021\/02\/cropped-Radio_Ljubuski_logo1.jpg","contentUrl":"https:\/\/radioljubuski.ba\/wp-content\/uploads\/2021\/02\/cropped-Radio_Ljubuski_logo1.jpg","width":512,"height":512,"caption":"Radio Ljubu\u0161ki"},"image":{"@id":"https:\/\/radioljubuski.ba\/#\/schema\/logo\/image\/"},"sameAs":["https:\/\/www.facebook.com\/Radiio-Ljubuski-1490835324566332","https:\/\/x.com\/radioljubuski","https:\/\/hr.linkedin.com\/company\/radio-ljubuski","https:\/\/www.youtube.com\/channel\/UCHYaeO_n0Db3tjNGudGpXyw"]},{"@type":"Person","@id":"https:\/\/radioljubuski.ba\/#\/schema\/person\/19fc700381a780f69665d7956c469e3b","name":"Radio Ljubu\u0161ki"}]}},"_links":{"self":[{"href":"https:\/\/radioljubuski.ba\/index.php\/wp-json\/wp\/v2\/posts\/84310","targetHints":{"allow":["GET"]}}],"collection":[{"href":"https:\/\/radioljubuski.ba\/index.php\/wp-json\/wp\/v2\/posts"}],"about":[{"href":"https:\/\/radioljubuski.ba\/index.php\/wp-json\/wp\/v2\/types\/post"}],"author":[{"embeddable":true,"href":"https:\/\/radioljubuski.ba\/index.php\/wp-json\/wp\/v2\/users\/2"}],"replies":[{"embeddable":true,"href":"https:\/\/radioljubuski.ba\/index.php\/wp-json\/wp\/v2\/comments?post=84310"}],"version-history":[{"count":1,"href":"https:\/\/radioljubuski.ba\/index.php\/wp-json\/wp\/v2\/posts\/84310\/revisions"}],"predecessor-version":[{"id":84312,"href":"https:\/\/radioljubuski.ba\/index.php\/wp-json\/wp\/v2\/posts\/84310\/revisions\/84312"}],"wp:featuredmedia":[{"embeddable":true,"href":"https:\/\/radioljubuski.ba\/index.php\/wp-json\/wp\/v2\/media\/84311"}],"wp:attachment":[{"href":"https:\/\/radioljubuski.ba\/index.php\/wp-json\/wp\/v2\/media?parent=84310"}],"wp:term":[{"taxonomy":"category","embeddable":true,"href":"https:\/\/radioljubuski.ba\/index.php\/wp-json\/wp\/v2\/categories?post=84310"},{"taxonomy":"post_tag","embeddable":true,"href":"https:\/\/radioljubuski.ba\/index.php\/wp-json\/wp\/v2\/tags?post=84310"}],"curies":[{"name":"wp","href":"https:\/\/api.w.org\/{rel}","templated":true}]}}