{"id":84313,"date":"2021-11-03T03:02:07","date_gmt":"2021-11-03T02:02:07","guid":{"rendered":"https:\/\/radioljubuski.ba\/?p=84313"},"modified":"2021-11-03T03:02:09","modified_gmt":"2021-11-03T02:02:09","slug":"slucaj-vukovarskog-murala-i-katarina-jovanovic-iz-mozemo-trazi-uklanjanje-bobana","status":"publish","type":"post","link":"https:\/\/radioljubuski.ba\/index.php\/2021\/11\/03\/slucaj-vukovarskog-murala-i-katarina-jovanovic-iz-mozemo-trazi-uklanjanje-bobana\/","title":{"rendered":"Slu\u010daj Vukovarskog murala: I Katarina Jovanovi\u0107 iz Mo\u017eemo tra\u017ei uklanjanje Bobana"},"content":{"rendered":"\n<p>Posljednjih dana jedna od glavnih tema u medijima bilo je brisanje murala na zagreba\u010dkom Lani\u0161tu posve\u0107enog Vukovaru. BBB nisu dopustili da dugo ostane obrisan nego su ga ponovno izradili.<\/p>\n\n\n\n<p>Me\u0111utim, u opasnosti su i ostali murali koji nisu u skladu s mo\u017eemovskom ideologijom.<\/p>\n\n\n\n<h4 class=\"wp-block-heading\"><strong>Za Kekin i Jovanovi\u0107 nasilje je \u2013 jedan od simbola otpora jugoslavenskoj re\u017eimskoj miliciji<\/strong><\/h4>\n\n\n\n<p>Saborska zastupnica Nove ljevice Ivana Kekin u nedjelju je izrazila zadovoljstvo brisanjem murala navode\u0107i da je rije\u010d o, kako tvrdi, \u201cratnom zlo\u010dincu Praljku\u201d, i da su brisanje s muralom generala Hrvatske vojske Slobodana Praljaka tra\u017eili \u201cgra\u0111ani\u201d.<\/p>\n\n\n\n<p>\u201cDana je uputa da se prefarba mural, no do\u0161lo je do nesporazuma komunalnog redara i HEP-a te su se gre\u0161kom uklonili i ostali murali\u201d, ustvrdila je.<\/p>\n\n\n\n<p>Kasnije se osvrnula i na&nbsp;<strong>mural Zvonimira Bobana<\/strong>, koji je posve\u0107en legendarnoj utakmici Dinamo-Crvena Zvezda iz 1990. godine na kojoj je&nbsp;<strong>hrvatski nogometa\u0161 krenuo braniti navija\u010de<\/strong>, a na udarac pendrekom uzvratio je udariv\u0161i jugoslavenskog milicajca.<\/p>\n\n\n\n<p>\u201cMislim da nije primjereno da nasilje bude pored \u0161kola. Ja, osobno, bih maknula i Bobanov grafit jer ne vidim potrebu da ne\u0161to nasilno stoji pored \u0161kole\u201c, ustvrdila je psihijatrica Kekin.<\/p>\n\n\n\n<h4 class=\"wp-block-heading\"><strong>\u0160to smeta Katarini Jovanovi\u0107?<\/strong><\/h4>\n\n\n\n<p>Dok je zbog aktualne koronakrize naru\u0161eno psihi\u010dko zdravlje u\u010denika, djeca pate od znatnog pove\u0107anja depresivnih i anksioznih stanja, fobija i strahova, pove\u0107ano je nasilje u obitelji \u2013 saborska zastupnica Nove ljevice Ivana Kekin i njezina strana\u010dka kolegica Katarina Jovanovi\u0107, koja je bila na listi ekstremne ljevice Mo\u017eemo za Vije\u0107e Mjesnog odbora Remetinec \u2013 interpretiraju pak kao nasilje jedan od simbola otpora jugoslavenskoj re\u017eimskoj miliciji.<\/p>\n\n\n\n<p>\u201cSmatrate li prikladnim da se na odgojno-obrazovnoj ustanovi nalazi&nbsp;<strong>mural na kojem jedna osoba nogom zamahuje na drugu?<\/strong>\u201c, tvrdi Katarina Jovanovi\u0107 u pismu koje je poslala nadle\u017enima iz Osnovne \u0161kole Savski Gaj.<\/p>\n\n\n\n<h5 class=\"wp-block-heading\"><strong>Koji su to \u2018gra\u0111ani\u2019 podnijeli prijave?<\/strong><\/h5>\n\n\n\n<p>Novinar i urednik Z1 televizije i vrlo popularne emisije Bujica Velimir Bujanec otkrio je kako je \u010dlanica platforme Mo\u017eemo tra\u017eila uklanjanje jo\u0161 jednog murala, \u0161to je detaljno objasnio.<\/p>\n\n\n\n<iframe loading=\"lazy\" src=\"https:\/\/www.facebook.com\/plugins\/post.php?href=https%3A%2F%2Fwww.facebook.com%2Fbujicavelimirbujanec%2Fphotos%2Fa.398281753651831%2F2686314151515235%2F%3Ftype%3D3&#038;show_text=true&#038;width=500\" width=\"500\" height=\"295\" style=\"border:none;overflow:hidden\" scrolling=\"no\" frameborder=\"0\" allowfullscreen=\"true\" allow=\"autoplay; clipboard-write; encrypted-media; picture-in-picture; web-share\"><\/iframe>\n\n\n\n<p>\u201c<strong>Katarina Jovanovi\u0107, \u010dlanica Toma\u0161evi\u0107eve platforme Mo\u017eemo<\/strong>, koja je bila na listi ekstremne ljevice za Vije\u0107e Mjesnog odbora Remetinec, u e-mailu koji ima redakcija Bujice, a koji je poslala nadle\u017enima iz Osnovne \u0161kole Savski Gaj, pored ostaloga, navodi: \u2018Ostalo je pitanje ravnatelju i vama svima koje nisam stigla postaviti, a&nbsp;<strong>odnosi se na murale na na\u0161oj \u0161koli. Smatrate li prikladnim da se na odgojno-obrazovnoj ustanovi nalazi mural na kojem jedna osoba nogom zamahuje na drugu?<\/strong>\u2019<\/p>\n\n\n\n<p>O\u010dito, aludiraju\u0107i na povijesnu scenu s Dinamovog stadiona, kada je kapetan Zvonimir Boban tijekom prekinute utakmice s beogradskom \u2018Zvezdom\u2019 stao u obranu na\u0161ih navija\u010da pred nasrtajem jugo-komunisti\u010dkih milicajaca, Jovanovi\u0107ka iz Mo\u017eemo, jo\u0161 i docira: \u2018<strong>Molim Vas da me ne krenete sad u\u010diti povijest i obja\u0161njavate pri\u010du, jako dobro znam tko je na slici\u2026\u2019<\/strong>.<\/p>\n\n\n\n<p>Iako smu\u0161eni gradona\u010delnik Toma Toma\u0161evi\u0107 tvrdi da su prijave protiv murala podnijeli \u2018gra\u0111ani\u2019,&nbsp;<strong>mailovi kojima raspola\u017eemo, u potpunosti ga demantiraju \u2013 pa ispada da su ti \u2018gra\u0111ani\u2019 zapravo \u2013 drugovi iz njegove platforme Mo\u017eemo!<\/strong>&nbsp;U prvom mailu, predsjednik Vije\u0107a Gradske \u010detvrti Novi Zagreb,&nbsp;<strong>Tomislav Vukoja<\/strong>, drug iz Mo\u017eemo, jasno navodi da su mu sporne \u2018dvije lokacije\u2019 u naselju Lani\u0161te, na kojima se nalaze \u2018neprimjereni graffiti\u2019. U drugom mailu drugarica iz Mo\u017eemo,&nbsp;<strong>Katarina Jovanovi\u0107<\/strong>, otkriva koja je to druga lokacija i tra\u017ei da se ukloni mural Zvone Bobana\u201d, objavio je Bujanec.<\/p>\n\n\n\n<p><strong>Za Novu ljevicu nasilan i David jer je pra\u0107kom pogodio Golijata?<\/strong><\/p>\n\n\n\n<p>\u201cZa stranku Nova ljevica i njihovu zastupnicu Kekin vjerojatno je i David nasilan jer je pra\u0107kom pogodio tiranina Golijata\u201d, istaknuo je Mostov Marin Mileti\u0107. Nada se da \u201ctakvima nisu nasilni i heroji koji su branili na\u0161e ku\u0107e, ulice, na\u0161e gradove i obitelji u Domovinskom ratu\u201d.<\/p>\n\n\n\n<h4 class=\"wp-block-heading\"><strong>\u0160to su Mo\u017eemo i Katarina Jovanovi\u0107 obe\u0107avali gra\u0111anima za Remetinec u predizbornoj kampanji pogledajte u nastavku:<\/strong><\/h4>\n\n\n\n<figure class=\"wp-block-image\"><img decoding=\"async\" src=\"https:\/\/narod.hr\/wp-content\/uploads\/2021\/11\/katarina-jovanovic-remetinec-mozemo.jpg\" alt=\"\"\/><\/figure>\n\n\n\n<p><em>Izvor: narod.hr<\/em><\/p>\n","protected":false},"excerpt":{"rendered":"<p>Posljednjih dana jedna od glavnih tema u medijima bilo je brisanje murala na zagreba\u010dkom Lani\u0161tu posve\u0107enog Vukovaru. BBB nisu dopustili da dugo ostane obrisan nego su ga ponovno izradili. Me\u0111utim, u opasnosti su i ostali murali koji nisu u skladu s mo\u017eemovskom ideologijom. Za Kekin i Jovanovi\u0107 nasilje je \u2013 jedan od simbola otpora jugoslavenskoj [&hellip;]<\/p>\n","protected":false},"author":2,"featured_media":84314,"comment_status":"closed","ping_status":"closed","sticky":false,"template":"","format":"standard","meta":{"h5ap_radio_sources":[],"footnotes":""},"categories":[1],"tags":[],"class_list":["post-84313","post","type-post","status-publish","format-standard","has-post-thumbnail","hentry","category-bihiregija"],"yoast_head":"<!-- This site is optimized with the Yoast SEO plugin v27.5 - https:\/\/yoast.com\/product\/yoast-seo-wordpress\/ -->\n<title>Slu\u010daj Vukovarskog murala: I Katarina Jovanovi\u0107 iz Mo\u017eemo tra\u017ei uklanjanje Bobana - RADIO LJUBU\u0160KI<\/title>\n<meta name=\"robots\" content=\"index, follow, max-snippet:-1, max-image-preview:large, max-video-preview:-1\" \/>\n<link rel=\"canonical\" href=\"https:\/\/radioljubuski.ba\/index.php\/2021\/11\/03\/slucaj-vukovarskog-murala-i-katarina-jovanovic-iz-mozemo-trazi-uklanjanje-bobana\/\" \/>\n<meta property=\"og:locale\" content=\"hr_HR\" \/>\n<meta property=\"og:type\" content=\"article\" \/>\n<meta property=\"og:title\" content=\"Slu\u010daj Vukovarskog murala: I Katarina Jovanovi\u0107 iz Mo\u017eemo tra\u017ei uklanjanje Bobana - RADIO LJUBU\u0160KI\" \/>\n<meta property=\"og:description\" content=\"Posljednjih dana jedna od glavnih tema u medijima bilo je brisanje murala na zagreba\u010dkom Lani\u0161tu posve\u0107enog Vukovaru. BBB nisu dopustili da dugo ostane obrisan nego su ga ponovno izradili. Me\u0111utim, u opasnosti su i ostali murali koji nisu u skladu s mo\u017eemovskom ideologijom. Za Kekin i Jovanovi\u0107 nasilje je \u2013 jedan od simbola otpora jugoslavenskoj [&hellip;]\" \/>\n<meta property=\"og:url\" content=\"https:\/\/radioljubuski.ba\/index.php\/2021\/11\/03\/slucaj-vukovarskog-murala-i-katarina-jovanovic-iz-mozemo-trazi-uklanjanje-bobana\/\" \/>\n<meta property=\"og:site_name\" content=\"RADIO LJUBU\u0160KI\" \/>\n<meta property=\"article:publisher\" content=\"https:\/\/www.facebook.com\/Radiio-Ljubuski-1490835324566332\" \/>\n<meta property=\"article:published_time\" content=\"2021-11-03T02:02:07+00:00\" \/>\n<meta property=\"article:modified_time\" content=\"2021-11-03T02:02:09+00:00\" \/>\n<meta property=\"og:image\" content=\"https:\/\/radioljubuski.ba\/wp-content\/uploads\/2021\/11\/katarina-jovanovic-bbb-dinamo-boban-696x464-1.jpg\" \/>\n\t<meta property=\"og:image:width\" content=\"696\" \/>\n\t<meta property=\"og:image:height\" content=\"464\" \/>\n\t<meta property=\"og:image:type\" content=\"image\/jpeg\" \/>\n<meta name=\"author\" content=\"Radio Ljubu\u0161ki\" \/>\n<meta name=\"twitter:card\" content=\"summary_large_image\" \/>\n<meta name=\"twitter:creator\" content=\"@radioljubuski\" \/>\n<meta name=\"twitter:site\" content=\"@radioljubuski\" \/>\n<meta name=\"twitter:label1\" content=\"Napisao\/la\" \/>\n\t<meta name=\"twitter:data1\" content=\"Radio Ljubu\u0161ki\" \/>\n\t<meta name=\"twitter:label2\" content=\"Procijenjeno vrijeme \u010ditanja\" \/>\n\t<meta name=\"twitter:data2\" content=\"3 minute\" \/>\n<script type=\"application\/ld+json\" class=\"yoast-schema-graph\">{\"@context\":\"https:\\\/\\\/schema.org\",\"@graph\":[{\"@type\":\"Article\",\"@id\":\"https:\\\/\\\/radioljubuski.ba\\\/index.php\\\/2021\\\/11\\\/03\\\/slucaj-vukovarskog-murala-i-katarina-jovanovic-iz-mozemo-trazi-uklanjanje-bobana\\\/#article\",\"isPartOf\":{\"@id\":\"https:\\\/\\\/radioljubuski.ba\\\/index.php\\\/2021\\\/11\\\/03\\\/slucaj-vukovarskog-murala-i-katarina-jovanovic-iz-mozemo-trazi-uklanjanje-bobana\\\/\"},\"author\":{\"name\":\"Radio Ljubu\u0161ki\",\"@id\":\"https:\\\/\\\/radioljubuski.ba\\\/#\\\/schema\\\/person\\\/19fc700381a780f69665d7956c469e3b\"},\"headline\":\"Slu\u010daj Vukovarskog murala: I Katarina Jovanovi\u0107 iz Mo\u017eemo tra\u017ei uklanjanje Bobana\",\"datePublished\":\"2021-11-03T02:02:07+00:00\",\"dateModified\":\"2021-11-03T02:02:09+00:00\",\"mainEntityOfPage\":{\"@id\":\"https:\\\/\\\/radioljubuski.ba\\\/index.php\\\/2021\\\/11\\\/03\\\/slucaj-vukovarskog-murala-i-katarina-jovanovic-iz-mozemo-trazi-uklanjanje-bobana\\\/\"},\"wordCount\":691,\"publisher\":{\"@id\":\"https:\\\/\\\/radioljubuski.ba\\\/#organization\"},\"image\":{\"@id\":\"https:\\\/\\\/radioljubuski.ba\\\/index.php\\\/2021\\\/11\\\/03\\\/slucaj-vukovarskog-murala-i-katarina-jovanovic-iz-mozemo-trazi-uklanjanje-bobana\\\/#primaryimage\"},\"thumbnailUrl\":\"https:\\\/\\\/radioljubuski.ba\\\/wp-content\\\/uploads\\\/2021\\\/11\\\/katarina-jovanovic-bbb-dinamo-boban-696x464-1.jpg\",\"articleSection\":[\"BIH i regija\"],\"inLanguage\":\"hr\"},{\"@type\":\"WebPage\",\"@id\":\"https:\\\/\\\/radioljubuski.ba\\\/index.php\\\/2021\\\/11\\\/03\\\/slucaj-vukovarskog-murala-i-katarina-jovanovic-iz-mozemo-trazi-uklanjanje-bobana\\\/\",\"url\":\"https:\\\/\\\/radioljubuski.ba\\\/index.php\\\/2021\\\/11\\\/03\\\/slucaj-vukovarskog-murala-i-katarina-jovanovic-iz-mozemo-trazi-uklanjanje-bobana\\\/\",\"name\":\"Slu\u010daj Vukovarskog murala: I Katarina Jovanovi\u0107 iz Mo\u017eemo tra\u017ei uklanjanje Bobana - RADIO LJUBU\u0160KI\",\"isPartOf\":{\"@id\":\"https:\\\/\\\/radioljubuski.ba\\\/#website\"},\"primaryImageOfPage\":{\"@id\":\"https:\\\/\\\/radioljubuski.ba\\\/index.php\\\/2021\\\/11\\\/03\\\/slucaj-vukovarskog-murala-i-katarina-jovanovic-iz-mozemo-trazi-uklanjanje-bobana\\\/#primaryimage\"},\"image\":{\"@id\":\"https:\\\/\\\/radioljubuski.ba\\\/index.php\\\/2021\\\/11\\\/03\\\/slucaj-vukovarskog-murala-i-katarina-jovanovic-iz-mozemo-trazi-uklanjanje-bobana\\\/#primaryimage\"},\"thumbnailUrl\":\"https:\\\/\\\/radioljubuski.ba\\\/wp-content\\\/uploads\\\/2021\\\/11\\\/katarina-jovanovic-bbb-dinamo-boban-696x464-1.jpg\",\"datePublished\":\"2021-11-03T02:02:07+00:00\",\"dateModified\":\"2021-11-03T02:02:09+00:00\",\"breadcrumb\":{\"@id\":\"https:\\\/\\\/radioljubuski.ba\\\/index.php\\\/2021\\\/11\\\/03\\\/slucaj-vukovarskog-murala-i-katarina-jovanovic-iz-mozemo-trazi-uklanjanje-bobana\\\/#breadcrumb\"},\"inLanguage\":\"hr\",\"potentialAction\":[{\"@type\":\"ReadAction\",\"target\":[\"https:\\\/\\\/radioljubuski.ba\\\/index.php\\\/2021\\\/11\\\/03\\\/slucaj-vukovarskog-murala-i-katarina-jovanovic-iz-mozemo-trazi-uklanjanje-bobana\\\/\"]}]},{\"@type\":\"ImageObject\",\"inLanguage\":\"hr\",\"@id\":\"https:\\\/\\\/radioljubuski.ba\\\/index.php\\\/2021\\\/11\\\/03\\\/slucaj-vukovarskog-murala-i-katarina-jovanovic-iz-mozemo-trazi-uklanjanje-bobana\\\/#primaryimage\",\"url\":\"https:\\\/\\\/radioljubuski.ba\\\/wp-content\\\/uploads\\\/2021\\\/11\\\/katarina-jovanovic-bbb-dinamo-boban-696x464-1.jpg\",\"contentUrl\":\"https:\\\/\\\/radioljubuski.ba\\\/wp-content\\\/uploads\\\/2021\\\/11\\\/katarina-jovanovic-bbb-dinamo-boban-696x464-1.jpg\",\"width\":696,\"height\":464},{\"@type\":\"BreadcrumbList\",\"@id\":\"https:\\\/\\\/radioljubuski.ba\\\/index.php\\\/2021\\\/11\\\/03\\\/slucaj-vukovarskog-murala-i-katarina-jovanovic-iz-mozemo-trazi-uklanjanje-bobana\\\/#breadcrumb\",\"itemListElement\":[{\"@type\":\"ListItem\",\"position\":1,\"name\":\"Po\u010detna stranica\",\"item\":\"https:\\\/\\\/radioljubuski.ba\\\/\"},{\"@type\":\"ListItem\",\"position\":2,\"name\":\"Slu\u010daj Vukovarskog murala: I Katarina Jovanovi\u0107 iz Mo\u017eemo tra\u017ei uklanjanje Bobana\"}]},{\"@type\":\"WebSite\",\"@id\":\"https:\\\/\\\/radioljubuski.ba\\\/#website\",\"url\":\"https:\\\/\\\/radioljubuski.ba\\\/\",\"name\":\"Radio Ljubu\u0161ki\",\"description\":\"Sun\u010dana frekvencija Hercegovine\",\"publisher\":{\"@id\":\"https:\\\/\\\/radioljubuski.ba\\\/#organization\"},\"potentialAction\":[{\"@type\":\"SearchAction\",\"target\":{\"@type\":\"EntryPoint\",\"urlTemplate\":\"https:\\\/\\\/radioljubuski.ba\\\/?s={search_term_string}\"},\"query-input\":{\"@type\":\"PropertyValueSpecification\",\"valueRequired\":true,\"valueName\":\"search_term_string\"}}],\"inLanguage\":\"hr\"},{\"@type\":\"Organization\",\"@id\":\"https:\\\/\\\/radioljubuski.ba\\\/#organization\",\"name\":\"Radio Ljubu\u0161ki\",\"url\":\"https:\\\/\\\/radioljubuski.ba\\\/\",\"logo\":{\"@type\":\"ImageObject\",\"inLanguage\":\"hr\",\"@id\":\"https:\\\/\\\/radioljubuski.ba\\\/#\\\/schema\\\/logo\\\/image\\\/\",\"url\":\"https:\\\/\\\/radioljubuski.ba\\\/wp-content\\\/uploads\\\/2021\\\/02\\\/cropped-Radio_Ljubuski_logo1.jpg\",\"contentUrl\":\"https:\\\/\\\/radioljubuski.ba\\\/wp-content\\\/uploads\\\/2021\\\/02\\\/cropped-Radio_Ljubuski_logo1.jpg\",\"width\":512,\"height\":512,\"caption\":\"Radio Ljubu\u0161ki\"},\"image\":{\"@id\":\"https:\\\/\\\/radioljubuski.ba\\\/#\\\/schema\\\/logo\\\/image\\\/\"},\"sameAs\":[\"https:\\\/\\\/www.facebook.com\\\/Radiio-Ljubuski-1490835324566332\",\"https:\\\/\\\/x.com\\\/radioljubuski\",\"https:\\\/\\\/hr.linkedin.com\\\/company\\\/radio-ljubuski\",\"https:\\\/\\\/www.youtube.com\\\/channel\\\/UCHYaeO_n0Db3tjNGudGpXyw\"]},{\"@type\":\"Person\",\"@id\":\"https:\\\/\\\/radioljubuski.ba\\\/#\\\/schema\\\/person\\\/19fc700381a780f69665d7956c469e3b\",\"name\":\"Radio Ljubu\u0161ki\"}]}<\/script>\n<!-- \/ Yoast SEO plugin. -->","yoast_head_json":{"title":"Slu\u010daj Vukovarskog murala: I Katarina Jovanovi\u0107 iz Mo\u017eemo tra\u017ei uklanjanje Bobana - RADIO LJUBU\u0160KI","robots":{"index":"index","follow":"follow","max-snippet":"max-snippet:-1","max-image-preview":"max-image-preview:large","max-video-preview":"max-video-preview:-1"},"canonical":"https:\/\/radioljubuski.ba\/index.php\/2021\/11\/03\/slucaj-vukovarskog-murala-i-katarina-jovanovic-iz-mozemo-trazi-uklanjanje-bobana\/","og_locale":"hr_HR","og_type":"article","og_title":"Slu\u010daj Vukovarskog murala: I Katarina Jovanovi\u0107 iz Mo\u017eemo tra\u017ei uklanjanje Bobana - RADIO LJUBU\u0160KI","og_description":"Posljednjih dana jedna od glavnih tema u medijima bilo je brisanje murala na zagreba\u010dkom Lani\u0161tu posve\u0107enog Vukovaru. BBB nisu dopustili da dugo ostane obrisan nego su ga ponovno izradili. Me\u0111utim, u opasnosti su i ostali murali koji nisu u skladu s mo\u017eemovskom ideologijom. Za Kekin i Jovanovi\u0107 nasilje je \u2013 jedan od simbola otpora jugoslavenskoj [&hellip;]","og_url":"https:\/\/radioljubuski.ba\/index.php\/2021\/11\/03\/slucaj-vukovarskog-murala-i-katarina-jovanovic-iz-mozemo-trazi-uklanjanje-bobana\/","og_site_name":"RADIO LJUBU\u0160KI","article_publisher":"https:\/\/www.facebook.com\/Radiio-Ljubuski-1490835324566332","article_published_time":"2021-11-03T02:02:07+00:00","article_modified_time":"2021-11-03T02:02:09+00:00","og_image":[{"width":696,"height":464,"url":"https:\/\/radioljubuski.ba\/wp-content\/uploads\/2021\/11\/katarina-jovanovic-bbb-dinamo-boban-696x464-1.jpg","type":"image\/jpeg"}],"author":"Radio Ljubu\u0161ki","twitter_card":"summary_large_image","twitter_creator":"@radioljubuski","twitter_site":"@radioljubuski","twitter_misc":{"Napisao\/la":"Radio Ljubu\u0161ki","Procijenjeno vrijeme \u010ditanja":"3 minute"},"schema":{"@context":"https:\/\/schema.org","@graph":[{"@type":"Article","@id":"https:\/\/radioljubuski.ba\/index.php\/2021\/11\/03\/slucaj-vukovarskog-murala-i-katarina-jovanovic-iz-mozemo-trazi-uklanjanje-bobana\/#article","isPartOf":{"@id":"https:\/\/radioljubuski.ba\/index.php\/2021\/11\/03\/slucaj-vukovarskog-murala-i-katarina-jovanovic-iz-mozemo-trazi-uklanjanje-bobana\/"},"author":{"name":"Radio Ljubu\u0161ki","@id":"https:\/\/radioljubuski.ba\/#\/schema\/person\/19fc700381a780f69665d7956c469e3b"},"headline":"Slu\u010daj Vukovarskog murala: I Katarina Jovanovi\u0107 iz Mo\u017eemo tra\u017ei uklanjanje Bobana","datePublished":"2021-11-03T02:02:07+00:00","dateModified":"2021-11-03T02:02:09+00:00","mainEntityOfPage":{"@id":"https:\/\/radioljubuski.ba\/index.php\/2021\/11\/03\/slucaj-vukovarskog-murala-i-katarina-jovanovic-iz-mozemo-trazi-uklanjanje-bobana\/"},"wordCount":691,"publisher":{"@id":"https:\/\/radioljubuski.ba\/#organization"},"image":{"@id":"https:\/\/radioljubuski.ba\/index.php\/2021\/11\/03\/slucaj-vukovarskog-murala-i-katarina-jovanovic-iz-mozemo-trazi-uklanjanje-bobana\/#primaryimage"},"thumbnailUrl":"https:\/\/radioljubuski.ba\/wp-content\/uploads\/2021\/11\/katarina-jovanovic-bbb-dinamo-boban-696x464-1.jpg","articleSection":["BIH i regija"],"inLanguage":"hr"},{"@type":"WebPage","@id":"https:\/\/radioljubuski.ba\/index.php\/2021\/11\/03\/slucaj-vukovarskog-murala-i-katarina-jovanovic-iz-mozemo-trazi-uklanjanje-bobana\/","url":"https:\/\/radioljubuski.ba\/index.php\/2021\/11\/03\/slucaj-vukovarskog-murala-i-katarina-jovanovic-iz-mozemo-trazi-uklanjanje-bobana\/","name":"Slu\u010daj Vukovarskog murala: I Katarina Jovanovi\u0107 iz Mo\u017eemo tra\u017ei uklanjanje Bobana - RADIO LJUBU\u0160KI","isPartOf":{"@id":"https:\/\/radioljubuski.ba\/#website"},"primaryImageOfPage":{"@id":"https:\/\/radioljubuski.ba\/index.php\/2021\/11\/03\/slucaj-vukovarskog-murala-i-katarina-jovanovic-iz-mozemo-trazi-uklanjanje-bobana\/#primaryimage"},"image":{"@id":"https:\/\/radioljubuski.ba\/index.php\/2021\/11\/03\/slucaj-vukovarskog-murala-i-katarina-jovanovic-iz-mozemo-trazi-uklanjanje-bobana\/#primaryimage"},"thumbnailUrl":"https:\/\/radioljubuski.ba\/wp-content\/uploads\/2021\/11\/katarina-jovanovic-bbb-dinamo-boban-696x464-1.jpg","datePublished":"2021-11-03T02:02:07+00:00","dateModified":"2021-11-03T02:02:09+00:00","breadcrumb":{"@id":"https:\/\/radioljubuski.ba\/index.php\/2021\/11\/03\/slucaj-vukovarskog-murala-i-katarina-jovanovic-iz-mozemo-trazi-uklanjanje-bobana\/#breadcrumb"},"inLanguage":"hr","potentialAction":[{"@type":"ReadAction","target":["https:\/\/radioljubuski.ba\/index.php\/2021\/11\/03\/slucaj-vukovarskog-murala-i-katarina-jovanovic-iz-mozemo-trazi-uklanjanje-bobana\/"]}]},{"@type":"ImageObject","inLanguage":"hr","@id":"https:\/\/radioljubuski.ba\/index.php\/2021\/11\/03\/slucaj-vukovarskog-murala-i-katarina-jovanovic-iz-mozemo-trazi-uklanjanje-bobana\/#primaryimage","url":"https:\/\/radioljubuski.ba\/wp-content\/uploads\/2021\/11\/katarina-jovanovic-bbb-dinamo-boban-696x464-1.jpg","contentUrl":"https:\/\/radioljubuski.ba\/wp-content\/uploads\/2021\/11\/katarina-jovanovic-bbb-dinamo-boban-696x464-1.jpg","width":696,"height":464},{"@type":"BreadcrumbList","@id":"https:\/\/radioljubuski.ba\/index.php\/2021\/11\/03\/slucaj-vukovarskog-murala-i-katarina-jovanovic-iz-mozemo-trazi-uklanjanje-bobana\/#breadcrumb","itemListElement":[{"@type":"ListItem","position":1,"name":"Po\u010detna stranica","item":"https:\/\/radioljubuski.ba\/"},{"@type":"ListItem","position":2,"name":"Slu\u010daj Vukovarskog murala: I Katarina Jovanovi\u0107 iz Mo\u017eemo tra\u017ei uklanjanje Bobana"}]},{"@type":"WebSite","@id":"https:\/\/radioljubuski.ba\/#website","url":"https:\/\/radioljubuski.ba\/","name":"Radio Ljubu\u0161ki","description":"Sun\u010dana frekvencija Hercegovine","publisher":{"@id":"https:\/\/radioljubuski.ba\/#organization"},"potentialAction":[{"@type":"SearchAction","target":{"@type":"EntryPoint","urlTemplate":"https:\/\/radioljubuski.ba\/?s={search_term_string}"},"query-input":{"@type":"PropertyValueSpecification","valueRequired":true,"valueName":"search_term_string"}}],"inLanguage":"hr"},{"@type":"Organization","@id":"https:\/\/radioljubuski.ba\/#organization","name":"Radio Ljubu\u0161ki","url":"https:\/\/radioljubuski.ba\/","logo":{"@type":"ImageObject","inLanguage":"hr","@id":"https:\/\/radioljubuski.ba\/#\/schema\/logo\/image\/","url":"https:\/\/radioljubuski.ba\/wp-content\/uploads\/2021\/02\/cropped-Radio_Ljubuski_logo1.jpg","contentUrl":"https:\/\/radioljubuski.ba\/wp-content\/uploads\/2021\/02\/cropped-Radio_Ljubuski_logo1.jpg","width":512,"height":512,"caption":"Radio Ljubu\u0161ki"},"image":{"@id":"https:\/\/radioljubuski.ba\/#\/schema\/logo\/image\/"},"sameAs":["https:\/\/www.facebook.com\/Radiio-Ljubuski-1490835324566332","https:\/\/x.com\/radioljubuski","https:\/\/hr.linkedin.com\/company\/radio-ljubuski","https:\/\/www.youtube.com\/channel\/UCHYaeO_n0Db3tjNGudGpXyw"]},{"@type":"Person","@id":"https:\/\/radioljubuski.ba\/#\/schema\/person\/19fc700381a780f69665d7956c469e3b","name":"Radio Ljubu\u0161ki"}]}},"_links":{"self":[{"href":"https:\/\/radioljubuski.ba\/index.php\/wp-json\/wp\/v2\/posts\/84313","targetHints":{"allow":["GET"]}}],"collection":[{"href":"https:\/\/radioljubuski.ba\/index.php\/wp-json\/wp\/v2\/posts"}],"about":[{"href":"https:\/\/radioljubuski.ba\/index.php\/wp-json\/wp\/v2\/types\/post"}],"author":[{"embeddable":true,"href":"https:\/\/radioljubuski.ba\/index.php\/wp-json\/wp\/v2\/users\/2"}],"replies":[{"embeddable":true,"href":"https:\/\/radioljubuski.ba\/index.php\/wp-json\/wp\/v2\/comments?post=84313"}],"version-history":[{"count":1,"href":"https:\/\/radioljubuski.ba\/index.php\/wp-json\/wp\/v2\/posts\/84313\/revisions"}],"predecessor-version":[{"id":84315,"href":"https:\/\/radioljubuski.ba\/index.php\/wp-json\/wp\/v2\/posts\/84313\/revisions\/84315"}],"wp:featuredmedia":[{"embeddable":true,"href":"https:\/\/radioljubuski.ba\/index.php\/wp-json\/wp\/v2\/media\/84314"}],"wp:attachment":[{"href":"https:\/\/radioljubuski.ba\/index.php\/wp-json\/wp\/v2\/media?parent=84313"}],"wp:term":[{"taxonomy":"category","embeddable":true,"href":"https:\/\/radioljubuski.ba\/index.php\/wp-json\/wp\/v2\/categories?post=84313"},{"taxonomy":"post_tag","embeddable":true,"href":"https:\/\/radioljubuski.ba\/index.php\/wp-json\/wp\/v2\/tags?post=84313"}],"curies":[{"name":"wp","href":"https:\/\/api.w.org\/{rel}","templated":true}]}}