{"id":84339,"date":"2021-11-03T08:49:59","date_gmt":"2021-11-03T07:49:59","guid":{"rendered":"https:\/\/radioljubuski.ba\/?p=84339"},"modified":"2021-11-03T08:50:00","modified_gmt":"2021-11-03T07:50:00","slug":"27-obljetnica-oslobadanja-kupresa-operacija-cincar","status":"publish","type":"post","link":"https:\/\/radioljubuski.ba\/index.php\/2021\/11\/03\/27-obljetnica-oslobadanja-kupresa-operacija-cincar\/","title":{"rendered":"27. obljetnica osloba\u0111anja Kupresa \u2013 \u2018Operacija Cincar\u2019"},"content":{"rendered":"\n<p>Na dana\u0161nji dan 1994. godine uspje\u0161no je okon\u010dana prva zajedni\u010dka operacija HVO-a i \u201cArmije BiH\u201d \u2013 operacija \u201cCincar\u201d<\/p>\n\n\n\n<p>Operacija Cincar bila je prva zdru\u017eena operacija HVO-a i Armije BiH nakon potpisivanja Washingtonskog sporazuma u prolje\u0107e 1994.godine.<\/p>\n\n\n\n<p>Ovom operacijom oslobo\u0111en je ve\u0107i dio Kupre\u0161ke visoravni, uklju\u010duju\u0107i Kupres kojega je HVO u\u0161ao 3. studenoga 1994.<\/p>\n\n\n\n<p>Provedba operacije trajala je tri dana, od 1 do 3.studenoga 1994. i uvod je u hrvatske oslobodila\u010dke operacije koje su slijedile: Zima \u201994.,Skok 1, Skok 2, Ljeto \u201995., Oluja, Maestral i Ju\u017eni potez.<\/p>\n\n\n\n<p>Operacija je dobila ime po planini Cincar koja dijeli Kupre\u0161ko i Glamo\u010dko polje i njenom istoimenom vrhu.<\/p>\n\n\n\n<p>Oslobo\u0111enje Kupresa i Kupre\u0161kog polja, stvaranje operativne osnovice za daljnje navalne operacije HV-a i HVO-a, otvaranje prometnice Bugojno \u2013 Livno i otklanjanje opasnosti od napada na \u0160uicu.<\/p>\n\n\n\n<p>Slabljenje i zaustavljanje neprijateljske ofenzive na Biha\u0107 i stvaranje pogodnog strate\u0161kog prostora za osloba\u0111anje dijelova RH i Bosne pod nadzorom pobunjenih Srba.<\/p>\n\n\n\n<p>Oslobo\u0111eno je podru\u010dje ukupne povr\u0161ine 600 kvadratnih kilometara, vojska bosanskih Srba je odba\u010dena dalje od planine Cincar, otvorena je prometnica Bugojno \u2013 Livno, oslobo\u0111en je ve\u0107i dio strate\u0161ki va\u017enog Kupre\u0161kog polja te sam gradi\u0107 Kupres i okolna sela. Na strani HVO-a poginula su tri vojnika, a ranjeno ih je nekoliko.<\/p>\n\n\n\n<p>Velik je uspjeh operacije bio i uspje\u0161na koordinacija Armije BiH i HVO-a, na koju je muslimansko vodstvo R BiH pristalo tek pod pritiskom SAD-a.<\/p>\n\n\n\n<p>Pokazalo se da bi daljnja suradnja tih dviju vojski pridonijela promijeni strate\u0161ke situacije u ratu u BiH, uz omogu\u0107eno zdru\u017eeno djelovanje HV-a i HVO-a na podru\u010dju BiH, koje je u operacijama koje su slijedile ostvarilo vojno-strate\u0161ki preokret na terenu.<\/p>\n\n\n\n<iframe loading=\"lazy\" src=\"https:\/\/www.facebook.com\/plugins\/video.php?href=https%3A%2F%2Fwww.facebook.com%2FDogodiloSeNaDanasnjiDanDomovinskiRat%2Fvideos%2F842401076158253%2F&#038;show_text=0&#038;width=560\" width=\"560\" height=\"315\" style=\"border:none;overflow:hidden\" scrolling=\"no\" frameborder=\"0\" allowfullscreen=\"true\" allow=\"autoplay; clipboard-write; encrypted-media; picture-in-picture; web-share\" allowFullScreen=\"true\"><\/iframe>\n\n\n\n<p><strong>Izvor: Kamenjar.com<\/strong><\/p>\n","protected":false},"excerpt":{"rendered":"<p>Na dana\u0161nji dan 1994. godine uspje\u0161no je okon\u010dana prva zajedni\u010dka operacija HVO-a i \u201cArmije BiH\u201d \u2013 operacija \u201cCincar\u201d Operacija Cincar bila je prva zdru\u017eena operacija HVO-a i Armije BiH nakon potpisivanja Washingtonskog sporazuma u prolje\u0107e 1994.godine. Ovom operacijom oslobo\u0111en je ve\u0107i dio Kupre\u0161ke visoravni, uklju\u010duju\u0107i Kupres kojega je HVO u\u0161ao 3. studenoga 1994. Provedba operacije [&hellip;]<\/p>\n","protected":false},"author":2,"featured_media":84340,"comment_status":"closed","ping_status":"closed","sticky":false,"template":"","format":"standard","meta":{"h5ap_radio_sources":[],"footnotes":""},"categories":[1],"tags":[],"class_list":["post-84339","post","type-post","status-publish","format-standard","has-post-thumbnail","hentry","category-bihiregija"],"yoast_head":"<!-- This site is optimized with the Yoast SEO plugin v27.5 - https:\/\/yoast.com\/product\/yoast-seo-wordpress\/ -->\n<title>27. obljetnica osloba\u0111anja Kupresa \u2013 \u2018Operacija Cincar\u2019 - RADIO LJUBU\u0160KI<\/title>\n<meta name=\"robots\" content=\"index, follow, max-snippet:-1, max-image-preview:large, max-video-preview:-1\" \/>\n<link rel=\"canonical\" href=\"https:\/\/radioljubuski.ba\/index.php\/2021\/11\/03\/27-obljetnica-oslobadanja-kupresa-operacija-cincar\/\" \/>\n<meta property=\"og:locale\" content=\"hr_HR\" \/>\n<meta property=\"og:type\" content=\"article\" \/>\n<meta property=\"og:title\" content=\"27. obljetnica osloba\u0111anja Kupresa \u2013 \u2018Operacija Cincar\u2019 - RADIO LJUBU\u0160KI\" \/>\n<meta property=\"og:description\" content=\"Na dana\u0161nji dan 1994. godine uspje\u0161no je okon\u010dana prva zajedni\u010dka operacija HVO-a i \u201cArmije BiH\u201d \u2013 operacija \u201cCincar\u201d Operacija Cincar bila je prva zdru\u017eena operacija HVO-a i Armije BiH nakon potpisivanja Washingtonskog sporazuma u prolje\u0107e 1994.godine. Ovom operacijom oslobo\u0111en je ve\u0107i dio Kupre\u0161ke visoravni, uklju\u010duju\u0107i Kupres kojega je HVO u\u0161ao 3. studenoga 1994. Provedba operacije [&hellip;]\" \/>\n<meta property=\"og:url\" content=\"https:\/\/radioljubuski.ba\/index.php\/2021\/11\/03\/27-obljetnica-oslobadanja-kupresa-operacija-cincar\/\" \/>\n<meta property=\"og:site_name\" content=\"RADIO LJUBU\u0160KI\" \/>\n<meta property=\"article:publisher\" content=\"https:\/\/www.facebook.com\/Radiio-Ljubuski-1490835324566332\" \/>\n<meta property=\"article:published_time\" content=\"2021-11-03T07:49:59+00:00\" \/>\n<meta property=\"article:modified_time\" content=\"2021-11-03T07:50:00+00:00\" \/>\n<meta property=\"og:image\" content=\"https:\/\/radioljubuski.ba\/wp-content\/uploads\/2021\/11\/busici-kupres.jpg\" \/>\n\t<meta property=\"og:image:width\" content=\"770\" \/>\n\t<meta property=\"og:image:height\" content=\"342\" \/>\n\t<meta property=\"og:image:type\" content=\"image\/jpeg\" \/>\n<meta name=\"author\" content=\"Radio Ljubu\u0161ki\" \/>\n<meta name=\"twitter:card\" content=\"summary_large_image\" \/>\n<meta name=\"twitter:creator\" content=\"@radioljubuski\" \/>\n<meta name=\"twitter:site\" content=\"@radioljubuski\" \/>\n<meta name=\"twitter:label1\" content=\"Napisao\/la\" \/>\n\t<meta name=\"twitter:data1\" content=\"Radio Ljubu\u0161ki\" \/>\n\t<meta name=\"twitter:label2\" content=\"Procijenjeno vrijeme \u010ditanja\" \/>\n\t<meta name=\"twitter:data2\" content=\"2 minute\" \/>\n<script type=\"application\/ld+json\" class=\"yoast-schema-graph\">{\"@context\":\"https:\\\/\\\/schema.org\",\"@graph\":[{\"@type\":\"Article\",\"@id\":\"https:\\\/\\\/radioljubuski.ba\\\/index.php\\\/2021\\\/11\\\/03\\\/27-obljetnica-oslobadanja-kupresa-operacija-cincar\\\/#article\",\"isPartOf\":{\"@id\":\"https:\\\/\\\/radioljubuski.ba\\\/index.php\\\/2021\\\/11\\\/03\\\/27-obljetnica-oslobadanja-kupresa-operacija-cincar\\\/\"},\"author\":{\"name\":\"Radio Ljubu\u0161ki\",\"@id\":\"https:\\\/\\\/radioljubuski.ba\\\/#\\\/schema\\\/person\\\/19fc700381a780f69665d7956c469e3b\"},\"headline\":\"27. obljetnica osloba\u0111anja Kupresa \u2013 \u2018Operacija Cincar\u2019\",\"datePublished\":\"2021-11-03T07:49:59+00:00\",\"dateModified\":\"2021-11-03T07:50:00+00:00\",\"mainEntityOfPage\":{\"@id\":\"https:\\\/\\\/radioljubuski.ba\\\/index.php\\\/2021\\\/11\\\/03\\\/27-obljetnica-oslobadanja-kupresa-operacija-cincar\\\/\"},\"wordCount\":297,\"publisher\":{\"@id\":\"https:\\\/\\\/radioljubuski.ba\\\/#organization\"},\"image\":{\"@id\":\"https:\\\/\\\/radioljubuski.ba\\\/index.php\\\/2021\\\/11\\\/03\\\/27-obljetnica-oslobadanja-kupresa-operacija-cincar\\\/#primaryimage\"},\"thumbnailUrl\":\"https:\\\/\\\/radioljubuski.ba\\\/wp-content\\\/uploads\\\/2021\\\/11\\\/busici-kupres.jpg\",\"articleSection\":[\"BIH i regija\"],\"inLanguage\":\"hr\"},{\"@type\":\"WebPage\",\"@id\":\"https:\\\/\\\/radioljubuski.ba\\\/index.php\\\/2021\\\/11\\\/03\\\/27-obljetnica-oslobadanja-kupresa-operacija-cincar\\\/\",\"url\":\"https:\\\/\\\/radioljubuski.ba\\\/index.php\\\/2021\\\/11\\\/03\\\/27-obljetnica-oslobadanja-kupresa-operacija-cincar\\\/\",\"name\":\"27. obljetnica osloba\u0111anja Kupresa \u2013 \u2018Operacija Cincar\u2019 - RADIO LJUBU\u0160KI\",\"isPartOf\":{\"@id\":\"https:\\\/\\\/radioljubuski.ba\\\/#website\"},\"primaryImageOfPage\":{\"@id\":\"https:\\\/\\\/radioljubuski.ba\\\/index.php\\\/2021\\\/11\\\/03\\\/27-obljetnica-oslobadanja-kupresa-operacija-cincar\\\/#primaryimage\"},\"image\":{\"@id\":\"https:\\\/\\\/radioljubuski.ba\\\/index.php\\\/2021\\\/11\\\/03\\\/27-obljetnica-oslobadanja-kupresa-operacija-cincar\\\/#primaryimage\"},\"thumbnailUrl\":\"https:\\\/\\\/radioljubuski.ba\\\/wp-content\\\/uploads\\\/2021\\\/11\\\/busici-kupres.jpg\",\"datePublished\":\"2021-11-03T07:49:59+00:00\",\"dateModified\":\"2021-11-03T07:50:00+00:00\",\"breadcrumb\":{\"@id\":\"https:\\\/\\\/radioljubuski.ba\\\/index.php\\\/2021\\\/11\\\/03\\\/27-obljetnica-oslobadanja-kupresa-operacija-cincar\\\/#breadcrumb\"},\"inLanguage\":\"hr\",\"potentialAction\":[{\"@type\":\"ReadAction\",\"target\":[\"https:\\\/\\\/radioljubuski.ba\\\/index.php\\\/2021\\\/11\\\/03\\\/27-obljetnica-oslobadanja-kupresa-operacija-cincar\\\/\"]}]},{\"@type\":\"ImageObject\",\"inLanguage\":\"hr\",\"@id\":\"https:\\\/\\\/radioljubuski.ba\\\/index.php\\\/2021\\\/11\\\/03\\\/27-obljetnica-oslobadanja-kupresa-operacija-cincar\\\/#primaryimage\",\"url\":\"https:\\\/\\\/radioljubuski.ba\\\/wp-content\\\/uploads\\\/2021\\\/11\\\/busici-kupres.jpg\",\"contentUrl\":\"https:\\\/\\\/radioljubuski.ba\\\/wp-content\\\/uploads\\\/2021\\\/11\\\/busici-kupres.jpg\",\"width\":770,\"height\":342},{\"@type\":\"BreadcrumbList\",\"@id\":\"https:\\\/\\\/radioljubuski.ba\\\/index.php\\\/2021\\\/11\\\/03\\\/27-obljetnica-oslobadanja-kupresa-operacija-cincar\\\/#breadcrumb\",\"itemListElement\":[{\"@type\":\"ListItem\",\"position\":1,\"name\":\"Po\u010detna stranica\",\"item\":\"https:\\\/\\\/radioljubuski.ba\\\/\"},{\"@type\":\"ListItem\",\"position\":2,\"name\":\"27. obljetnica osloba\u0111anja Kupresa \u2013 \u2018Operacija Cincar\u2019\"}]},{\"@type\":\"WebSite\",\"@id\":\"https:\\\/\\\/radioljubuski.ba\\\/#website\",\"url\":\"https:\\\/\\\/radioljubuski.ba\\\/\",\"name\":\"Radio Ljubu\u0161ki\",\"description\":\"Sun\u010dana frekvencija Hercegovine\",\"publisher\":{\"@id\":\"https:\\\/\\\/radioljubuski.ba\\\/#organization\"},\"potentialAction\":[{\"@type\":\"SearchAction\",\"target\":{\"@type\":\"EntryPoint\",\"urlTemplate\":\"https:\\\/\\\/radioljubuski.ba\\\/?s={search_term_string}\"},\"query-input\":{\"@type\":\"PropertyValueSpecification\",\"valueRequired\":true,\"valueName\":\"search_term_string\"}}],\"inLanguage\":\"hr\"},{\"@type\":\"Organization\",\"@id\":\"https:\\\/\\\/radioljubuski.ba\\\/#organization\",\"name\":\"Radio Ljubu\u0161ki\",\"url\":\"https:\\\/\\\/radioljubuski.ba\\\/\",\"logo\":{\"@type\":\"ImageObject\",\"inLanguage\":\"hr\",\"@id\":\"https:\\\/\\\/radioljubuski.ba\\\/#\\\/schema\\\/logo\\\/image\\\/\",\"url\":\"https:\\\/\\\/radioljubuski.ba\\\/wp-content\\\/uploads\\\/2021\\\/02\\\/cropped-Radio_Ljubuski_logo1.jpg\",\"contentUrl\":\"https:\\\/\\\/radioljubuski.ba\\\/wp-content\\\/uploads\\\/2021\\\/02\\\/cropped-Radio_Ljubuski_logo1.jpg\",\"width\":512,\"height\":512,\"caption\":\"Radio Ljubu\u0161ki\"},\"image\":{\"@id\":\"https:\\\/\\\/radioljubuski.ba\\\/#\\\/schema\\\/logo\\\/image\\\/\"},\"sameAs\":[\"https:\\\/\\\/www.facebook.com\\\/Radiio-Ljubuski-1490835324566332\",\"https:\\\/\\\/x.com\\\/radioljubuski\",\"https:\\\/\\\/hr.linkedin.com\\\/company\\\/radio-ljubuski\",\"https:\\\/\\\/www.youtube.com\\\/channel\\\/UCHYaeO_n0Db3tjNGudGpXyw\"]},{\"@type\":\"Person\",\"@id\":\"https:\\\/\\\/radioljubuski.ba\\\/#\\\/schema\\\/person\\\/19fc700381a780f69665d7956c469e3b\",\"name\":\"Radio Ljubu\u0161ki\"}]}<\/script>\n<!-- \/ Yoast SEO plugin. -->","yoast_head_json":{"title":"27. obljetnica osloba\u0111anja Kupresa \u2013 \u2018Operacija Cincar\u2019 - RADIO LJUBU\u0160KI","robots":{"index":"index","follow":"follow","max-snippet":"max-snippet:-1","max-image-preview":"max-image-preview:large","max-video-preview":"max-video-preview:-1"},"canonical":"https:\/\/radioljubuski.ba\/index.php\/2021\/11\/03\/27-obljetnica-oslobadanja-kupresa-operacija-cincar\/","og_locale":"hr_HR","og_type":"article","og_title":"27. obljetnica osloba\u0111anja Kupresa \u2013 \u2018Operacija Cincar\u2019 - RADIO LJUBU\u0160KI","og_description":"Na dana\u0161nji dan 1994. godine uspje\u0161no je okon\u010dana prva zajedni\u010dka operacija HVO-a i \u201cArmije BiH\u201d \u2013 operacija \u201cCincar\u201d Operacija Cincar bila je prva zdru\u017eena operacija HVO-a i Armije BiH nakon potpisivanja Washingtonskog sporazuma u prolje\u0107e 1994.godine. Ovom operacijom oslobo\u0111en je ve\u0107i dio Kupre\u0161ke visoravni, uklju\u010duju\u0107i Kupres kojega je HVO u\u0161ao 3. studenoga 1994. Provedba operacije [&hellip;]","og_url":"https:\/\/radioljubuski.ba\/index.php\/2021\/11\/03\/27-obljetnica-oslobadanja-kupresa-operacija-cincar\/","og_site_name":"RADIO LJUBU\u0160KI","article_publisher":"https:\/\/www.facebook.com\/Radiio-Ljubuski-1490835324566332","article_published_time":"2021-11-03T07:49:59+00:00","article_modified_time":"2021-11-03T07:50:00+00:00","og_image":[{"width":770,"height":342,"url":"https:\/\/radioljubuski.ba\/wp-content\/uploads\/2021\/11\/busici-kupres.jpg","type":"image\/jpeg"}],"author":"Radio Ljubu\u0161ki","twitter_card":"summary_large_image","twitter_creator":"@radioljubuski","twitter_site":"@radioljubuski","twitter_misc":{"Napisao\/la":"Radio Ljubu\u0161ki","Procijenjeno vrijeme \u010ditanja":"2 minute"},"schema":{"@context":"https:\/\/schema.org","@graph":[{"@type":"Article","@id":"https:\/\/radioljubuski.ba\/index.php\/2021\/11\/03\/27-obljetnica-oslobadanja-kupresa-operacija-cincar\/#article","isPartOf":{"@id":"https:\/\/radioljubuski.ba\/index.php\/2021\/11\/03\/27-obljetnica-oslobadanja-kupresa-operacija-cincar\/"},"author":{"name":"Radio Ljubu\u0161ki","@id":"https:\/\/radioljubuski.ba\/#\/schema\/person\/19fc700381a780f69665d7956c469e3b"},"headline":"27. obljetnica osloba\u0111anja Kupresa \u2013 \u2018Operacija Cincar\u2019","datePublished":"2021-11-03T07:49:59+00:00","dateModified":"2021-11-03T07:50:00+00:00","mainEntityOfPage":{"@id":"https:\/\/radioljubuski.ba\/index.php\/2021\/11\/03\/27-obljetnica-oslobadanja-kupresa-operacija-cincar\/"},"wordCount":297,"publisher":{"@id":"https:\/\/radioljubuski.ba\/#organization"},"image":{"@id":"https:\/\/radioljubuski.ba\/index.php\/2021\/11\/03\/27-obljetnica-oslobadanja-kupresa-operacija-cincar\/#primaryimage"},"thumbnailUrl":"https:\/\/radioljubuski.ba\/wp-content\/uploads\/2021\/11\/busici-kupres.jpg","articleSection":["BIH i regija"],"inLanguage":"hr"},{"@type":"WebPage","@id":"https:\/\/radioljubuski.ba\/index.php\/2021\/11\/03\/27-obljetnica-oslobadanja-kupresa-operacija-cincar\/","url":"https:\/\/radioljubuski.ba\/index.php\/2021\/11\/03\/27-obljetnica-oslobadanja-kupresa-operacija-cincar\/","name":"27. obljetnica osloba\u0111anja Kupresa \u2013 \u2018Operacija Cincar\u2019 - RADIO LJUBU\u0160KI","isPartOf":{"@id":"https:\/\/radioljubuski.ba\/#website"},"primaryImageOfPage":{"@id":"https:\/\/radioljubuski.ba\/index.php\/2021\/11\/03\/27-obljetnica-oslobadanja-kupresa-operacija-cincar\/#primaryimage"},"image":{"@id":"https:\/\/radioljubuski.ba\/index.php\/2021\/11\/03\/27-obljetnica-oslobadanja-kupresa-operacija-cincar\/#primaryimage"},"thumbnailUrl":"https:\/\/radioljubuski.ba\/wp-content\/uploads\/2021\/11\/busici-kupres.jpg","datePublished":"2021-11-03T07:49:59+00:00","dateModified":"2021-11-03T07:50:00+00:00","breadcrumb":{"@id":"https:\/\/radioljubuski.ba\/index.php\/2021\/11\/03\/27-obljetnica-oslobadanja-kupresa-operacija-cincar\/#breadcrumb"},"inLanguage":"hr","potentialAction":[{"@type":"ReadAction","target":["https:\/\/radioljubuski.ba\/index.php\/2021\/11\/03\/27-obljetnica-oslobadanja-kupresa-operacija-cincar\/"]}]},{"@type":"ImageObject","inLanguage":"hr","@id":"https:\/\/radioljubuski.ba\/index.php\/2021\/11\/03\/27-obljetnica-oslobadanja-kupresa-operacija-cincar\/#primaryimage","url":"https:\/\/radioljubuski.ba\/wp-content\/uploads\/2021\/11\/busici-kupres.jpg","contentUrl":"https:\/\/radioljubuski.ba\/wp-content\/uploads\/2021\/11\/busici-kupres.jpg","width":770,"height":342},{"@type":"BreadcrumbList","@id":"https:\/\/radioljubuski.ba\/index.php\/2021\/11\/03\/27-obljetnica-oslobadanja-kupresa-operacija-cincar\/#breadcrumb","itemListElement":[{"@type":"ListItem","position":1,"name":"Po\u010detna stranica","item":"https:\/\/radioljubuski.ba\/"},{"@type":"ListItem","position":2,"name":"27. obljetnica osloba\u0111anja Kupresa \u2013 \u2018Operacija Cincar\u2019"}]},{"@type":"WebSite","@id":"https:\/\/radioljubuski.ba\/#website","url":"https:\/\/radioljubuski.ba\/","name":"Radio Ljubu\u0161ki","description":"Sun\u010dana frekvencija Hercegovine","publisher":{"@id":"https:\/\/radioljubuski.ba\/#organization"},"potentialAction":[{"@type":"SearchAction","target":{"@type":"EntryPoint","urlTemplate":"https:\/\/radioljubuski.ba\/?s={search_term_string}"},"query-input":{"@type":"PropertyValueSpecification","valueRequired":true,"valueName":"search_term_string"}}],"inLanguage":"hr"},{"@type":"Organization","@id":"https:\/\/radioljubuski.ba\/#organization","name":"Radio Ljubu\u0161ki","url":"https:\/\/radioljubuski.ba\/","logo":{"@type":"ImageObject","inLanguage":"hr","@id":"https:\/\/radioljubuski.ba\/#\/schema\/logo\/image\/","url":"https:\/\/radioljubuski.ba\/wp-content\/uploads\/2021\/02\/cropped-Radio_Ljubuski_logo1.jpg","contentUrl":"https:\/\/radioljubuski.ba\/wp-content\/uploads\/2021\/02\/cropped-Radio_Ljubuski_logo1.jpg","width":512,"height":512,"caption":"Radio Ljubu\u0161ki"},"image":{"@id":"https:\/\/radioljubuski.ba\/#\/schema\/logo\/image\/"},"sameAs":["https:\/\/www.facebook.com\/Radiio-Ljubuski-1490835324566332","https:\/\/x.com\/radioljubuski","https:\/\/hr.linkedin.com\/company\/radio-ljubuski","https:\/\/www.youtube.com\/channel\/UCHYaeO_n0Db3tjNGudGpXyw"]},{"@type":"Person","@id":"https:\/\/radioljubuski.ba\/#\/schema\/person\/19fc700381a780f69665d7956c469e3b","name":"Radio Ljubu\u0161ki"}]}},"_links":{"self":[{"href":"https:\/\/radioljubuski.ba\/index.php\/wp-json\/wp\/v2\/posts\/84339","targetHints":{"allow":["GET"]}}],"collection":[{"href":"https:\/\/radioljubuski.ba\/index.php\/wp-json\/wp\/v2\/posts"}],"about":[{"href":"https:\/\/radioljubuski.ba\/index.php\/wp-json\/wp\/v2\/types\/post"}],"author":[{"embeddable":true,"href":"https:\/\/radioljubuski.ba\/index.php\/wp-json\/wp\/v2\/users\/2"}],"replies":[{"embeddable":true,"href":"https:\/\/radioljubuski.ba\/index.php\/wp-json\/wp\/v2\/comments?post=84339"}],"version-history":[{"count":1,"href":"https:\/\/radioljubuski.ba\/index.php\/wp-json\/wp\/v2\/posts\/84339\/revisions"}],"predecessor-version":[{"id":84341,"href":"https:\/\/radioljubuski.ba\/index.php\/wp-json\/wp\/v2\/posts\/84339\/revisions\/84341"}],"wp:featuredmedia":[{"embeddable":true,"href":"https:\/\/radioljubuski.ba\/index.php\/wp-json\/wp\/v2\/media\/84340"}],"wp:attachment":[{"href":"https:\/\/radioljubuski.ba\/index.php\/wp-json\/wp\/v2\/media?parent=84339"}],"wp:term":[{"taxonomy":"category","embeddable":true,"href":"https:\/\/radioljubuski.ba\/index.php\/wp-json\/wp\/v2\/categories?post=84339"},{"taxonomy":"post_tag","embeddable":true,"href":"https:\/\/radioljubuski.ba\/index.php\/wp-json\/wp\/v2\/tags?post=84339"}],"curies":[{"name":"wp","href":"https:\/\/api.w.org\/{rel}","templated":true}]}}