{"id":8436,"date":"2021-03-31T23:46:48","date_gmt":"2021-03-31T22:46:48","guid":{"rendered":"https:\/\/radioljubuski.ba\/?p=8436"},"modified":"2021-03-31T23:46:48","modified_gmt":"2021-03-31T22:46:48","slug":"cerkez-bracni-par-iz-arapske-zemlje-unio-britanski-soj-u-bih-26-prosinca","status":"publish","type":"post","link":"https:\/\/radioljubuski.ba\/index.php\/2021\/03\/31\/cerkez-bracni-par-iz-arapske-zemlje-unio-britanski-soj-u-bih-26-prosinca\/","title":{"rendered":"\u010cerkez: Bra\u010dni par iz arapske zemlje unio britanski soj u BiH 26. prosinca"},"content":{"rendered":"\n<p><strong>Pomo\u0107nik federalnog ministra zdravstva Goran \u010cerkez kazao je za N1 kako su utvrdili da je britanski soj u na\u0161u zemlju do\u0161ao 26. prosinca kada su u BiH boravili turisti iz arapskih zemalja. Rije\u010d je o bra\u010dnom paru.<\/strong><\/p>\n\n\n\n<p>Komentiraju\u0107i to \u0161to Vije\u0107e ministara ne \u017eeli uvesti mjeru obveznog PCR testiranja na granicama dr\u017eave, kazao je: \u201cMi smo zemlja otvorenih vrata\u201d.<\/p>\n\n\n\n<p>\u201cMjere koje smo donijeli, u studenome su jako dobre i apsolutno su jam\u010dile da ne u\u0111emo u ovaj val da smo radili odre\u0111ene stvari koje nismo. Tri segmenta su u borbi protiv Covda, jedno je epidemiolo\u0161ka mjera, drugo nadzor, za koji je odgovorna najvi\u0161e politika, koji je izostao i bio lo\u0161 i tre\u0107e je pitanje lije\u010denja \u2013 za\u0161to ljudi umiru, \u0161to se doga\u0111a. Jasno smo vidjeli da su mjere jako dobre, nisu nigdje kopirane, napravljene su prema na\u0161oj situaciji. Dana 26. 12. imali smo ljude iz odre\u0111enih arapskih zemalja s britanskim sojem. Dogodilo nam se ono \u0161to se dogodilo Enegleskoj\u201d, rekao je \u010cerkez.<\/p>\n\n\n\n<p>\u201cMi smo na odre\u0111enom broj uzoraka utvrdili da je 26.12. bio prisutan britanski soj kod bra\u010dnog para iz odre\u0111ene arapske zemlje. Gospodin Goleti\u0107 je rekao jer je sekvencionirao soj. Provjerili smo gdje su boravili i sve. U Engleskoj se dva mjeseca nakon detekcije soja pojavljuje ubrzano \u0161irenje. Sad je taj soj dominantan kod nas. Na istra\u017eivanjima u KCUS-u od 24 uzorka \u2013 23 su bila britanski, u drugoj fazi od 24 imali smo 21 britanski i tri \u010de\u0161ka. Kod nas je sada taj virus dominantan, jako brzo se \u0161iri. U tom mjesecu kada smo ukazivali da se ne\u0161to doga\u0111a, a to je kraj sije\u010dnja gdje incidenca u S\u017d raste na 111, a onda ide po tjednima 137, 184, 269, u osmom tjednu 460 da bi do\u0161ao na 700, sad je u padu 642 \u2013 ja sam tada rekao vrlo jasno, da ukoliko brzo ne reagiramo i ne poduzmemo mjere nadzora, ne nove mjere da uvodimo i zatvorimo, da nemamo restorane po 150-180 ljudi koji slave, jer Sarajevo je specifi\u010dno. Sarajevo i Mostar su dvije razli\u010dite pri\u010de. Kao \u0161to je Sarajevo i London. Broj stanovnika, naseljenost, gusto\u0107a, mjesta gdje se susre\u0107u ljudi. \u010cesto ljudi postavljaju pitanja za\u0161to i tr\u017ene centre ne zatvaramo. Koliko je va\u0161 kontakt u tr\u017enom centru? Minuta \u2013 dvije, za toliko se virus ne \u0161iri. Znate gdje se \u0161iri? Kada sjednete u torlejbus od Dobrinje do Drvenije, a on pun, a nitko ni\u0161ta ne poduzima. \u0160iri se u kafi\u0107ima ako imate po 120, 130, 150 ljudi. Morate imati nadzor policije i inspekcije i usmjeriti snage da to stopirate\u201c, rekao je \u010cerkez.<\/p>\n\n\n\n<p>Pohvalio je novu vlast u Tuzlanskoj kazav\u0161i kako su uradili dobru stvar promijeniv\u0161i zakon da mogu kafi\u0107e, ukoliko kr\u0161i mjere, zatvoriti na \u0161est mjeseci i du\u017ee putem suda.<\/p>\n\n\n\n<p>\u201cNe morate ka\u017enjavati i sve zatvoriti. Ne, zatvarat \u0107emo one koji kr\u0161e, dr\u017eat \u0107emo se u okviru mjera koje smo propisali, ne\u0107emo nikoga ugro\u017eavati i idemo dalje\u201d, kazao je.<\/p>\n\n\n\n<p>Istaknuo je kako smo izgubili nadzor navode\u0107i primjer Mostara gdje se u bolnici otvara \u0161esti ili sedmi kat za Covid pacijente. Naveo je kako tamo jo\u0161 nisu zatvoreni kafi\u0107i, a da gra\u0111ani ne nose masku. Tako\u0111er, kazao je kako ni \u017eupanije nisu u\u010dinili ni\u0161ta da za godinu dana promijene zakone i omogu\u0107e ka\u017enjavanje onih koji ne po\u0161tuju mjere poptu no\u0161enja maske.<\/p>\n\n\n\n<p>Naglasio je kako je \u201cmjera nadzora u politi\u010dkim rukama\u201d.<\/p>\n\n\n\n<p>\u201cMjere koje se donose u smislu samih mjera, to je u rukama struke i to ne smije biti u politici i mi smo to imali vi\u0161e nego susjedne zemlje. Prevenirali smo. Jako je te\u0161ko rukovoditi krizom gdje imate velike radove. Vidjeli ste da su u Koreji znali zatvarati stambene blokove. Rekli su nam, \u2018znate mi ne mo\u017eemo zatvoriti \u017eupaniju, jer ako zatvorimo jednu, oni \u0107e oti\u0107i na drugo mjesto\u2019. Mjera zatvaranja je jedna od najstarijih mjera. Onaj tko ima dozvolu za rad, ulazi i izlazi\u201d, kazao je \u010cerkez.<\/p>\n\n\n\n<p>\/HMS\/<\/p>\n","protected":false},"excerpt":{"rendered":"<p>Pomo\u0107nik federalnog ministra zdravstva Goran \u010cerkez kazao je za N1 kako su utvrdili da je britanski soj u na\u0161u zemlju do\u0161ao 26. prosinca kada su u BiH boravili turisti iz arapskih zemalja. Rije\u010d je o bra\u010dnom paru. Komentiraju\u0107i to \u0161to Vije\u0107e ministara ne \u017eeli uvesti mjeru obveznog PCR testiranja na granicama dr\u017eave, kazao je: \u201cMi [&hellip;]<\/p>\n","protected":false},"author":2,"featured_media":8437,"comment_status":"closed","ping_status":"closed","sticky":false,"template":"","format":"standard","meta":{"h5ap_radio_sources":[],"footnotes":""},"categories":[1],"tags":[],"class_list":["post-8436","post","type-post","status-publish","format-standard","has-post-thumbnail","hentry","category-bihiregija"],"yoast_head":"<!-- This site is optimized with the Yoast SEO plugin v27.5 - https:\/\/yoast.com\/product\/yoast-seo-wordpress\/ -->\n<title>\u010cerkez: Bra\u010dni par iz arapske zemlje unio britanski soj u BiH 26. prosinca - RADIO LJUBU\u0160KI<\/title>\n<meta name=\"robots\" content=\"index, follow, max-snippet:-1, max-image-preview:large, max-video-preview:-1\" \/>\n<link rel=\"canonical\" href=\"https:\/\/radioljubuski.ba\/index.php\/2021\/03\/31\/cerkez-bracni-par-iz-arapske-zemlje-unio-britanski-soj-u-bih-26-prosinca\/\" \/>\n<meta property=\"og:locale\" content=\"hr_HR\" \/>\n<meta property=\"og:type\" content=\"article\" \/>\n<meta property=\"og:title\" content=\"\u010cerkez: Bra\u010dni par iz arapske zemlje unio britanski soj u BiH 26. prosinca - RADIO LJUBU\u0160KI\" \/>\n<meta property=\"og:description\" content=\"Pomo\u0107nik federalnog ministra zdravstva Goran \u010cerkez kazao je za N1 kako su utvrdili da je britanski soj u na\u0161u zemlju do\u0161ao 26. prosinca kada su u BiH boravili turisti iz arapskih zemalja. Rije\u010d je o bra\u010dnom paru. Komentiraju\u0107i to \u0161to Vije\u0107e ministara ne \u017eeli uvesti mjeru obveznog PCR testiranja na granicama dr\u017eave, kazao je: \u201cMi [&hellip;]\" \/>\n<meta property=\"og:url\" content=\"https:\/\/radioljubuski.ba\/index.php\/2021\/03\/31\/cerkez-bracni-par-iz-arapske-zemlje-unio-britanski-soj-u-bih-26-prosinca\/\" \/>\n<meta property=\"og:site_name\" content=\"RADIO LJUBU\u0160KI\" \/>\n<meta property=\"article:publisher\" content=\"https:\/\/www.facebook.com\/Radiio-Ljubuski-1490835324566332\" \/>\n<meta property=\"article:published_time\" content=\"2021-03-31T22:46:48+00:00\" \/>\n<meta property=\"og:image\" content=\"https:\/\/radioljubuski.ba\/wp-content\/uploads\/2021\/03\/ERKEZ-CRNA-MASKA-e1597934733665.jpg\" \/>\n\t<meta property=\"og:image:width\" content=\"654\" \/>\n\t<meta property=\"og:image:height\" content=\"343\" \/>\n\t<meta property=\"og:image:type\" content=\"image\/jpeg\" \/>\n<meta name=\"author\" content=\"Radio Ljubu\u0161ki\" \/>\n<meta name=\"twitter:card\" content=\"summary_large_image\" \/>\n<meta name=\"twitter:creator\" content=\"@radioljubuski\" \/>\n<meta name=\"twitter:site\" content=\"@radioljubuski\" \/>\n<meta name=\"twitter:label1\" content=\"Napisao\/la\" \/>\n\t<meta name=\"twitter:data1\" content=\"Radio Ljubu\u0161ki\" \/>\n\t<meta name=\"twitter:label2\" content=\"Procijenjeno vrijeme \u010ditanja\" \/>\n\t<meta name=\"twitter:data2\" content=\"3 minute\" \/>\n<script type=\"application\/ld+json\" class=\"yoast-schema-graph\">{\"@context\":\"https:\\\/\\\/schema.org\",\"@graph\":[{\"@type\":\"Article\",\"@id\":\"https:\\\/\\\/radioljubuski.ba\\\/index.php\\\/2021\\\/03\\\/31\\\/cerkez-bracni-par-iz-arapske-zemlje-unio-britanski-soj-u-bih-26-prosinca\\\/#article\",\"isPartOf\":{\"@id\":\"https:\\\/\\\/radioljubuski.ba\\\/index.php\\\/2021\\\/03\\\/31\\\/cerkez-bracni-par-iz-arapske-zemlje-unio-britanski-soj-u-bih-26-prosinca\\\/\"},\"author\":{\"name\":\"Radio Ljubu\u0161ki\",\"@id\":\"https:\\\/\\\/radioljubuski.ba\\\/#\\\/schema\\\/person\\\/19fc700381a780f69665d7956c469e3b\"},\"headline\":\"\u010cerkez: Bra\u010dni par iz arapske zemlje unio britanski soj u BiH 26. prosinca\",\"datePublished\":\"2021-03-31T22:46:48+00:00\",\"mainEntityOfPage\":{\"@id\":\"https:\\\/\\\/radioljubuski.ba\\\/index.php\\\/2021\\\/03\\\/31\\\/cerkez-bracni-par-iz-arapske-zemlje-unio-britanski-soj-u-bih-26-prosinca\\\/\"},\"wordCount\":694,\"publisher\":{\"@id\":\"https:\\\/\\\/radioljubuski.ba\\\/#organization\"},\"image\":{\"@id\":\"https:\\\/\\\/radioljubuski.ba\\\/index.php\\\/2021\\\/03\\\/31\\\/cerkez-bracni-par-iz-arapske-zemlje-unio-britanski-soj-u-bih-26-prosinca\\\/#primaryimage\"},\"thumbnailUrl\":\"https:\\\/\\\/radioljubuski.ba\\\/wp-content\\\/uploads\\\/2021\\\/03\\\/ERKEZ-CRNA-MASKA-e1597934733665.jpg\",\"articleSection\":[\"BIH i regija\"],\"inLanguage\":\"hr\"},{\"@type\":\"WebPage\",\"@id\":\"https:\\\/\\\/radioljubuski.ba\\\/index.php\\\/2021\\\/03\\\/31\\\/cerkez-bracni-par-iz-arapske-zemlje-unio-britanski-soj-u-bih-26-prosinca\\\/\",\"url\":\"https:\\\/\\\/radioljubuski.ba\\\/index.php\\\/2021\\\/03\\\/31\\\/cerkez-bracni-par-iz-arapske-zemlje-unio-britanski-soj-u-bih-26-prosinca\\\/\",\"name\":\"\u010cerkez: Bra\u010dni par iz arapske zemlje unio britanski soj u BiH 26. prosinca - RADIO LJUBU\u0160KI\",\"isPartOf\":{\"@id\":\"https:\\\/\\\/radioljubuski.ba\\\/#website\"},\"primaryImageOfPage\":{\"@id\":\"https:\\\/\\\/radioljubuski.ba\\\/index.php\\\/2021\\\/03\\\/31\\\/cerkez-bracni-par-iz-arapske-zemlje-unio-britanski-soj-u-bih-26-prosinca\\\/#primaryimage\"},\"image\":{\"@id\":\"https:\\\/\\\/radioljubuski.ba\\\/index.php\\\/2021\\\/03\\\/31\\\/cerkez-bracni-par-iz-arapske-zemlje-unio-britanski-soj-u-bih-26-prosinca\\\/#primaryimage\"},\"thumbnailUrl\":\"https:\\\/\\\/radioljubuski.ba\\\/wp-content\\\/uploads\\\/2021\\\/03\\\/ERKEZ-CRNA-MASKA-e1597934733665.jpg\",\"datePublished\":\"2021-03-31T22:46:48+00:00\",\"breadcrumb\":{\"@id\":\"https:\\\/\\\/radioljubuski.ba\\\/index.php\\\/2021\\\/03\\\/31\\\/cerkez-bracni-par-iz-arapske-zemlje-unio-britanski-soj-u-bih-26-prosinca\\\/#breadcrumb\"},\"inLanguage\":\"hr\",\"potentialAction\":[{\"@type\":\"ReadAction\",\"target\":[\"https:\\\/\\\/radioljubuski.ba\\\/index.php\\\/2021\\\/03\\\/31\\\/cerkez-bracni-par-iz-arapske-zemlje-unio-britanski-soj-u-bih-26-prosinca\\\/\"]}]},{\"@type\":\"ImageObject\",\"inLanguage\":\"hr\",\"@id\":\"https:\\\/\\\/radioljubuski.ba\\\/index.php\\\/2021\\\/03\\\/31\\\/cerkez-bracni-par-iz-arapske-zemlje-unio-britanski-soj-u-bih-26-prosinca\\\/#primaryimage\",\"url\":\"https:\\\/\\\/radioljubuski.ba\\\/wp-content\\\/uploads\\\/2021\\\/03\\\/ERKEZ-CRNA-MASKA-e1597934733665.jpg\",\"contentUrl\":\"https:\\\/\\\/radioljubuski.ba\\\/wp-content\\\/uploads\\\/2021\\\/03\\\/ERKEZ-CRNA-MASKA-e1597934733665.jpg\",\"width\":654,\"height\":343},{\"@type\":\"BreadcrumbList\",\"@id\":\"https:\\\/\\\/radioljubuski.ba\\\/index.php\\\/2021\\\/03\\\/31\\\/cerkez-bracni-par-iz-arapske-zemlje-unio-britanski-soj-u-bih-26-prosinca\\\/#breadcrumb\",\"itemListElement\":[{\"@type\":\"ListItem\",\"position\":1,\"name\":\"Po\u010detna stranica\",\"item\":\"https:\\\/\\\/radioljubuski.ba\\\/\"},{\"@type\":\"ListItem\",\"position\":2,\"name\":\"\u010cerkez: Bra\u010dni par iz arapske zemlje unio britanski soj u BiH 26. prosinca\"}]},{\"@type\":\"WebSite\",\"@id\":\"https:\\\/\\\/radioljubuski.ba\\\/#website\",\"url\":\"https:\\\/\\\/radioljubuski.ba\\\/\",\"name\":\"Radio Ljubu\u0161ki\",\"description\":\"Sun\u010dana frekvencija Hercegovine\",\"publisher\":{\"@id\":\"https:\\\/\\\/radioljubuski.ba\\\/#organization\"},\"potentialAction\":[{\"@type\":\"SearchAction\",\"target\":{\"@type\":\"EntryPoint\",\"urlTemplate\":\"https:\\\/\\\/radioljubuski.ba\\\/?s={search_term_string}\"},\"query-input\":{\"@type\":\"PropertyValueSpecification\",\"valueRequired\":true,\"valueName\":\"search_term_string\"}}],\"inLanguage\":\"hr\"},{\"@type\":\"Organization\",\"@id\":\"https:\\\/\\\/radioljubuski.ba\\\/#organization\",\"name\":\"Radio Ljubu\u0161ki\",\"url\":\"https:\\\/\\\/radioljubuski.ba\\\/\",\"logo\":{\"@type\":\"ImageObject\",\"inLanguage\":\"hr\",\"@id\":\"https:\\\/\\\/radioljubuski.ba\\\/#\\\/schema\\\/logo\\\/image\\\/\",\"url\":\"https:\\\/\\\/radioljubuski.ba\\\/wp-content\\\/uploads\\\/2021\\\/02\\\/cropped-Radio_Ljubuski_logo1.jpg\",\"contentUrl\":\"https:\\\/\\\/radioljubuski.ba\\\/wp-content\\\/uploads\\\/2021\\\/02\\\/cropped-Radio_Ljubuski_logo1.jpg\",\"width\":512,\"height\":512,\"caption\":\"Radio Ljubu\u0161ki\"},\"image\":{\"@id\":\"https:\\\/\\\/radioljubuski.ba\\\/#\\\/schema\\\/logo\\\/image\\\/\"},\"sameAs\":[\"https:\\\/\\\/www.facebook.com\\\/Radiio-Ljubuski-1490835324566332\",\"https:\\\/\\\/x.com\\\/radioljubuski\",\"https:\\\/\\\/hr.linkedin.com\\\/company\\\/radio-ljubuski\",\"https:\\\/\\\/www.youtube.com\\\/channel\\\/UCHYaeO_n0Db3tjNGudGpXyw\"]},{\"@type\":\"Person\",\"@id\":\"https:\\\/\\\/radioljubuski.ba\\\/#\\\/schema\\\/person\\\/19fc700381a780f69665d7956c469e3b\",\"name\":\"Radio Ljubu\u0161ki\"}]}<\/script>\n<!-- \/ Yoast SEO plugin. -->","yoast_head_json":{"title":"\u010cerkez: Bra\u010dni par iz arapske zemlje unio britanski soj u BiH 26. prosinca - RADIO LJUBU\u0160KI","robots":{"index":"index","follow":"follow","max-snippet":"max-snippet:-1","max-image-preview":"max-image-preview:large","max-video-preview":"max-video-preview:-1"},"canonical":"https:\/\/radioljubuski.ba\/index.php\/2021\/03\/31\/cerkez-bracni-par-iz-arapske-zemlje-unio-britanski-soj-u-bih-26-prosinca\/","og_locale":"hr_HR","og_type":"article","og_title":"\u010cerkez: Bra\u010dni par iz arapske zemlje unio britanski soj u BiH 26. prosinca - RADIO LJUBU\u0160KI","og_description":"Pomo\u0107nik federalnog ministra zdravstva Goran \u010cerkez kazao je za N1 kako su utvrdili da je britanski soj u na\u0161u zemlju do\u0161ao 26. prosinca kada su u BiH boravili turisti iz arapskih zemalja. Rije\u010d je o bra\u010dnom paru. Komentiraju\u0107i to \u0161to Vije\u0107e ministara ne \u017eeli uvesti mjeru obveznog PCR testiranja na granicama dr\u017eave, kazao je: \u201cMi [&hellip;]","og_url":"https:\/\/radioljubuski.ba\/index.php\/2021\/03\/31\/cerkez-bracni-par-iz-arapske-zemlje-unio-britanski-soj-u-bih-26-prosinca\/","og_site_name":"RADIO LJUBU\u0160KI","article_publisher":"https:\/\/www.facebook.com\/Radiio-Ljubuski-1490835324566332","article_published_time":"2021-03-31T22:46:48+00:00","og_image":[{"width":654,"height":343,"url":"https:\/\/radioljubuski.ba\/wp-content\/uploads\/2021\/03\/ERKEZ-CRNA-MASKA-e1597934733665.jpg","type":"image\/jpeg"}],"author":"Radio Ljubu\u0161ki","twitter_card":"summary_large_image","twitter_creator":"@radioljubuski","twitter_site":"@radioljubuski","twitter_misc":{"Napisao\/la":"Radio Ljubu\u0161ki","Procijenjeno vrijeme \u010ditanja":"3 minute"},"schema":{"@context":"https:\/\/schema.org","@graph":[{"@type":"Article","@id":"https:\/\/radioljubuski.ba\/index.php\/2021\/03\/31\/cerkez-bracni-par-iz-arapske-zemlje-unio-britanski-soj-u-bih-26-prosinca\/#article","isPartOf":{"@id":"https:\/\/radioljubuski.ba\/index.php\/2021\/03\/31\/cerkez-bracni-par-iz-arapske-zemlje-unio-britanski-soj-u-bih-26-prosinca\/"},"author":{"name":"Radio Ljubu\u0161ki","@id":"https:\/\/radioljubuski.ba\/#\/schema\/person\/19fc700381a780f69665d7956c469e3b"},"headline":"\u010cerkez: Bra\u010dni par iz arapske zemlje unio britanski soj u BiH 26. prosinca","datePublished":"2021-03-31T22:46:48+00:00","mainEntityOfPage":{"@id":"https:\/\/radioljubuski.ba\/index.php\/2021\/03\/31\/cerkez-bracni-par-iz-arapske-zemlje-unio-britanski-soj-u-bih-26-prosinca\/"},"wordCount":694,"publisher":{"@id":"https:\/\/radioljubuski.ba\/#organization"},"image":{"@id":"https:\/\/radioljubuski.ba\/index.php\/2021\/03\/31\/cerkez-bracni-par-iz-arapske-zemlje-unio-britanski-soj-u-bih-26-prosinca\/#primaryimage"},"thumbnailUrl":"https:\/\/radioljubuski.ba\/wp-content\/uploads\/2021\/03\/ERKEZ-CRNA-MASKA-e1597934733665.jpg","articleSection":["BIH i regija"],"inLanguage":"hr"},{"@type":"WebPage","@id":"https:\/\/radioljubuski.ba\/index.php\/2021\/03\/31\/cerkez-bracni-par-iz-arapske-zemlje-unio-britanski-soj-u-bih-26-prosinca\/","url":"https:\/\/radioljubuski.ba\/index.php\/2021\/03\/31\/cerkez-bracni-par-iz-arapske-zemlje-unio-britanski-soj-u-bih-26-prosinca\/","name":"\u010cerkez: Bra\u010dni par iz arapske zemlje unio britanski soj u BiH 26. prosinca - RADIO LJUBU\u0160KI","isPartOf":{"@id":"https:\/\/radioljubuski.ba\/#website"},"primaryImageOfPage":{"@id":"https:\/\/radioljubuski.ba\/index.php\/2021\/03\/31\/cerkez-bracni-par-iz-arapske-zemlje-unio-britanski-soj-u-bih-26-prosinca\/#primaryimage"},"image":{"@id":"https:\/\/radioljubuski.ba\/index.php\/2021\/03\/31\/cerkez-bracni-par-iz-arapske-zemlje-unio-britanski-soj-u-bih-26-prosinca\/#primaryimage"},"thumbnailUrl":"https:\/\/radioljubuski.ba\/wp-content\/uploads\/2021\/03\/ERKEZ-CRNA-MASKA-e1597934733665.jpg","datePublished":"2021-03-31T22:46:48+00:00","breadcrumb":{"@id":"https:\/\/radioljubuski.ba\/index.php\/2021\/03\/31\/cerkez-bracni-par-iz-arapske-zemlje-unio-britanski-soj-u-bih-26-prosinca\/#breadcrumb"},"inLanguage":"hr","potentialAction":[{"@type":"ReadAction","target":["https:\/\/radioljubuski.ba\/index.php\/2021\/03\/31\/cerkez-bracni-par-iz-arapske-zemlje-unio-britanski-soj-u-bih-26-prosinca\/"]}]},{"@type":"ImageObject","inLanguage":"hr","@id":"https:\/\/radioljubuski.ba\/index.php\/2021\/03\/31\/cerkez-bracni-par-iz-arapske-zemlje-unio-britanski-soj-u-bih-26-prosinca\/#primaryimage","url":"https:\/\/radioljubuski.ba\/wp-content\/uploads\/2021\/03\/ERKEZ-CRNA-MASKA-e1597934733665.jpg","contentUrl":"https:\/\/radioljubuski.ba\/wp-content\/uploads\/2021\/03\/ERKEZ-CRNA-MASKA-e1597934733665.jpg","width":654,"height":343},{"@type":"BreadcrumbList","@id":"https:\/\/radioljubuski.ba\/index.php\/2021\/03\/31\/cerkez-bracni-par-iz-arapske-zemlje-unio-britanski-soj-u-bih-26-prosinca\/#breadcrumb","itemListElement":[{"@type":"ListItem","position":1,"name":"Po\u010detna stranica","item":"https:\/\/radioljubuski.ba\/"},{"@type":"ListItem","position":2,"name":"\u010cerkez: Bra\u010dni par iz arapske zemlje unio britanski soj u BiH 26. prosinca"}]},{"@type":"WebSite","@id":"https:\/\/radioljubuski.ba\/#website","url":"https:\/\/radioljubuski.ba\/","name":"Radio Ljubu\u0161ki","description":"Sun\u010dana frekvencija Hercegovine","publisher":{"@id":"https:\/\/radioljubuski.ba\/#organization"},"potentialAction":[{"@type":"SearchAction","target":{"@type":"EntryPoint","urlTemplate":"https:\/\/radioljubuski.ba\/?s={search_term_string}"},"query-input":{"@type":"PropertyValueSpecification","valueRequired":true,"valueName":"search_term_string"}}],"inLanguage":"hr"},{"@type":"Organization","@id":"https:\/\/radioljubuski.ba\/#organization","name":"Radio Ljubu\u0161ki","url":"https:\/\/radioljubuski.ba\/","logo":{"@type":"ImageObject","inLanguage":"hr","@id":"https:\/\/radioljubuski.ba\/#\/schema\/logo\/image\/","url":"https:\/\/radioljubuski.ba\/wp-content\/uploads\/2021\/02\/cropped-Radio_Ljubuski_logo1.jpg","contentUrl":"https:\/\/radioljubuski.ba\/wp-content\/uploads\/2021\/02\/cropped-Radio_Ljubuski_logo1.jpg","width":512,"height":512,"caption":"Radio Ljubu\u0161ki"},"image":{"@id":"https:\/\/radioljubuski.ba\/#\/schema\/logo\/image\/"},"sameAs":["https:\/\/www.facebook.com\/Radiio-Ljubuski-1490835324566332","https:\/\/x.com\/radioljubuski","https:\/\/hr.linkedin.com\/company\/radio-ljubuski","https:\/\/www.youtube.com\/channel\/UCHYaeO_n0Db3tjNGudGpXyw"]},{"@type":"Person","@id":"https:\/\/radioljubuski.ba\/#\/schema\/person\/19fc700381a780f69665d7956c469e3b","name":"Radio Ljubu\u0161ki"}]}},"_links":{"self":[{"href":"https:\/\/radioljubuski.ba\/index.php\/wp-json\/wp\/v2\/posts\/8436","targetHints":{"allow":["GET"]}}],"collection":[{"href":"https:\/\/radioljubuski.ba\/index.php\/wp-json\/wp\/v2\/posts"}],"about":[{"href":"https:\/\/radioljubuski.ba\/index.php\/wp-json\/wp\/v2\/types\/post"}],"author":[{"embeddable":true,"href":"https:\/\/radioljubuski.ba\/index.php\/wp-json\/wp\/v2\/users\/2"}],"replies":[{"embeddable":true,"href":"https:\/\/radioljubuski.ba\/index.php\/wp-json\/wp\/v2\/comments?post=8436"}],"version-history":[{"count":1,"href":"https:\/\/radioljubuski.ba\/index.php\/wp-json\/wp\/v2\/posts\/8436\/revisions"}],"predecessor-version":[{"id":8438,"href":"https:\/\/radioljubuski.ba\/index.php\/wp-json\/wp\/v2\/posts\/8436\/revisions\/8438"}],"wp:featuredmedia":[{"embeddable":true,"href":"https:\/\/radioljubuski.ba\/index.php\/wp-json\/wp\/v2\/media\/8437"}],"wp:attachment":[{"href":"https:\/\/radioljubuski.ba\/index.php\/wp-json\/wp\/v2\/media?parent=8436"}],"wp:term":[{"taxonomy":"category","embeddable":true,"href":"https:\/\/radioljubuski.ba\/index.php\/wp-json\/wp\/v2\/categories?post=8436"},{"taxonomy":"post_tag","embeddable":true,"href":"https:\/\/radioljubuski.ba\/index.php\/wp-json\/wp\/v2\/tags?post=8436"}],"curies":[{"name":"wp","href":"https:\/\/api.w.org\/{rel}","templated":true}]}}