{"id":84385,"date":"2021-11-03T11:29:44","date_gmt":"2021-11-03T10:29:44","guid":{"rendered":"https:\/\/radioljubuski.ba\/?p=84385"},"modified":"2021-11-03T11:29:46","modified_gmt":"2021-11-03T10:29:46","slug":"kaznjen-s-1-329-km-jer-je-iz-bih-u-hrvatsku-prenio-dvije-vrece-kupusa","status":"publish","type":"post","link":"https:\/\/radioljubuski.ba\/index.php\/2021\/11\/03\/kaznjen-s-1-329-km-jer-je-iz-bih-u-hrvatsku-prenio-dvije-vrece-kupusa\/","title":{"rendered":"Ka\u017enjen s 1.329 KM jer je iz BiH u Hrvatsku prenio dvije vre\u0107e kupusa"},"content":{"rendered":"\n<h5 class=\"wp-block-heading\">Prilikom ulaska u Hrvatsku na grani\u010dnom prijelazu Iza\u010di\u0107\/Li\u010dko Petrovo Selo voza\u010da su carinici kaznili sa 5.100 kuna, odnosno oko 1.329 KM, jer je preko granice prenio dvije vre\u0107e kupusa, to\u010dnije 15 kilograma.<\/h5>\n\n\n\n<p>Kako se navodi u prekr\u0161ajnom nalogu koji je izdat ovom voza\u010du kriv je jer \u201c<strong>nije podnio carinsku deklaraciju za robu<\/strong>&nbsp;pod zabranama koja je prona\u0111ena u torbama u prtlja\u017enom prostoru i to 15 kilograma svje\u017eeg kupusa\u201d, prenosi Fokus.ba.<\/p>\n\n\n\n<p>Osim njega,\u00a0<strong>carinici su kaznili jo\u0161 tri osobe<\/strong>, jednu zbog tri bundeve u automobilu i to kaznom od 3.500 kuna odnosno oko 912 KM, drugog voza\u010da\u00a0<strong>za tri akumulatora<\/strong>\u00a0s 4.000 kuna (oko 1.040 KM) i plus 400 kuna, \u0161to je oko 100 maraka, za tro\u0161kove odvoza na sme\u0107e, te jednu<strong>\u00a0putnicu koja je imala 10 pa\u0161teta<\/strong>. Ona je, kako tvrdi voza\u010d, dobila kaznu od 3.000 kuna, oko 780 maraka.<\/p>\n\n\n\n<p>Ranije ovog vikenda putnica na&nbsp;<strong>Grani\u010dnom prijelazu Maljevac<\/strong>&nbsp;je kod sebe imala 6 kilograma svje\u017eeg i 5 kilograma suhog mesa zbog \u010dega je ka\u017enjena s 22.000 kuna!<\/p>\n\n\n\n<p>Podsjetimo, strogo je zabranjeno preno\u0161enje<strong>&nbsp;svje\u017eeg mesa ili suhomesnatih proizvoda,<\/strong>&nbsp;kao i preno\u0161enje mlije\u010dnih proizvoda, vo\u0107a i povr\u0107a preko granica EU. O tome mo\u017eete pro\u010ditati vi\u0161e na ovom&nbsp;<strong><a href=\"https:\/\/europa.eu\/youreurope\/citizens\/travel\/carry\/meat-dairy-animal\/index_hr.htm\" target=\"_blank\" rel=\"noreferrer noopener\">LINKU<\/a>.<\/strong><\/p>\n\n\n\n<p><strong>Izvor: Jabuka.tv<\/strong><\/p>\n","protected":false},"excerpt":{"rendered":"<p>Prilikom ulaska u Hrvatsku na grani\u010dnom prijelazu Iza\u010di\u0107\/Li\u010dko Petrovo Selo voza\u010da su carinici kaznili sa 5.100 kuna, odnosno oko 1.329 KM, jer je preko granice prenio dvije vre\u0107e kupusa, to\u010dnije 15 kilograma. Kako se navodi u prekr\u0161ajnom nalogu koji je izdat ovom voza\u010du kriv je jer \u201cnije podnio carinsku deklaraciju za robu&nbsp;pod zabranama koja je [&hellip;]<\/p>\n","protected":false},"author":2,"featured_media":68783,"comment_status":"closed","ping_status":"closed","sticky":false,"template":"","format":"standard","meta":{"h5ap_radio_sources":[],"footnotes":""},"categories":[1],"tags":[],"class_list":["post-84385","post","type-post","status-publish","format-standard","has-post-thumbnail","hentry","category-bihiregija"],"yoast_head":"<!-- This site is optimized with the Yoast SEO plugin v27.5 - https:\/\/yoast.com\/product\/yoast-seo-wordpress\/ -->\n<title>Ka\u017enjen s 1.329 KM jer je iz BiH u Hrvatsku prenio dvije vre\u0107e kupusa - RADIO LJUBU\u0160KI<\/title>\n<meta name=\"robots\" content=\"index, follow, max-snippet:-1, max-image-preview:large, max-video-preview:-1\" \/>\n<link rel=\"canonical\" href=\"https:\/\/radioljubuski.ba\/index.php\/2021\/11\/03\/kaznjen-s-1-329-km-jer-je-iz-bih-u-hrvatsku-prenio-dvije-vrece-kupusa\/\" \/>\n<meta property=\"og:locale\" content=\"hr_HR\" \/>\n<meta property=\"og:type\" content=\"article\" \/>\n<meta property=\"og:title\" content=\"Ka\u017enjen s 1.329 KM jer je iz BiH u Hrvatsku prenio dvije vre\u0107e kupusa - RADIO LJUBU\u0160KI\" \/>\n<meta property=\"og:description\" content=\"Prilikom ulaska u Hrvatsku na grani\u010dnom prijelazu Iza\u010di\u0107\/Li\u010dko Petrovo Selo voza\u010da su carinici kaznili sa 5.100 kuna, odnosno oko 1.329 KM, jer je preko granice prenio dvije vre\u0107e kupusa, to\u010dnije 15 kilograma. Kako se navodi u prekr\u0161ajnom nalogu koji je izdat ovom voza\u010du kriv je jer \u201cnije podnio carinsku deklaraciju za robu&nbsp;pod zabranama koja je [&hellip;]\" \/>\n<meta property=\"og:url\" content=\"https:\/\/radioljubuski.ba\/index.php\/2021\/11\/03\/kaznjen-s-1-329-km-jer-je-iz-bih-u-hrvatsku-prenio-dvije-vrece-kupusa\/\" \/>\n<meta property=\"og:site_name\" content=\"RADIO LJUBU\u0160KI\" \/>\n<meta property=\"article:publisher\" content=\"https:\/\/www.facebook.com\/Radiio-Ljubuski-1490835324566332\" \/>\n<meta property=\"article:published_time\" content=\"2021-11-03T10:29:44+00:00\" \/>\n<meta property=\"article:modified_time\" content=\"2021-11-03T10:29:46+00:00\" \/>\n<meta property=\"og:image\" content=\"https:\/\/radioljubuski.ba\/wp-content\/uploads\/2021\/09\/N1iZGrB0_kupus.jpg\" \/>\n\t<meta property=\"og:image:width\" content=\"1000\" \/>\n\t<meta property=\"og:image:height\" content=\"625\" \/>\n\t<meta property=\"og:image:type\" content=\"image\/jpeg\" \/>\n<meta name=\"author\" content=\"Radio Ljubu\u0161ki\" \/>\n<meta name=\"twitter:card\" content=\"summary_large_image\" \/>\n<meta name=\"twitter:creator\" content=\"@radioljubuski\" \/>\n<meta name=\"twitter:site\" content=\"@radioljubuski\" \/>\n<meta name=\"twitter:label1\" content=\"Napisao\/la\" \/>\n\t<meta name=\"twitter:data1\" content=\"Radio Ljubu\u0161ki\" \/>\n\t<meta name=\"twitter:label2\" content=\"Procijenjeno vrijeme \u010ditanja\" \/>\n\t<meta name=\"twitter:data2\" content=\"1 minuta\" \/>\n<script type=\"application\/ld+json\" class=\"yoast-schema-graph\">{\"@context\":\"https:\\\/\\\/schema.org\",\"@graph\":[{\"@type\":\"Article\",\"@id\":\"https:\\\/\\\/radioljubuski.ba\\\/index.php\\\/2021\\\/11\\\/03\\\/kaznjen-s-1-329-km-jer-je-iz-bih-u-hrvatsku-prenio-dvije-vrece-kupusa\\\/#article\",\"isPartOf\":{\"@id\":\"https:\\\/\\\/radioljubuski.ba\\\/index.php\\\/2021\\\/11\\\/03\\\/kaznjen-s-1-329-km-jer-je-iz-bih-u-hrvatsku-prenio-dvije-vrece-kupusa\\\/\"},\"author\":{\"name\":\"Radio Ljubu\u0161ki\",\"@id\":\"https:\\\/\\\/radioljubuski.ba\\\/#\\\/schema\\\/person\\\/19fc700381a780f69665d7956c469e3b\"},\"headline\":\"Ka\u017enjen s 1.329 KM jer je iz BiH u Hrvatsku prenio dvije vre\u0107e kupusa\",\"datePublished\":\"2021-11-03T10:29:44+00:00\",\"dateModified\":\"2021-11-03T10:29:46+00:00\",\"mainEntityOfPage\":{\"@id\":\"https:\\\/\\\/radioljubuski.ba\\\/index.php\\\/2021\\\/11\\\/03\\\/kaznjen-s-1-329-km-jer-je-iz-bih-u-hrvatsku-prenio-dvije-vrece-kupusa\\\/\"},\"wordCount\":233,\"publisher\":{\"@id\":\"https:\\\/\\\/radioljubuski.ba\\\/#organization\"},\"image\":{\"@id\":\"https:\\\/\\\/radioljubuski.ba\\\/index.php\\\/2021\\\/11\\\/03\\\/kaznjen-s-1-329-km-jer-je-iz-bih-u-hrvatsku-prenio-dvije-vrece-kupusa\\\/#primaryimage\"},\"thumbnailUrl\":\"https:\\\/\\\/radioljubuski.ba\\\/wp-content\\\/uploads\\\/2021\\\/09\\\/N1iZGrB0_kupus.jpg\",\"articleSection\":[\"BIH i regija\"],\"inLanguage\":\"hr\"},{\"@type\":\"WebPage\",\"@id\":\"https:\\\/\\\/radioljubuski.ba\\\/index.php\\\/2021\\\/11\\\/03\\\/kaznjen-s-1-329-km-jer-je-iz-bih-u-hrvatsku-prenio-dvije-vrece-kupusa\\\/\",\"url\":\"https:\\\/\\\/radioljubuski.ba\\\/index.php\\\/2021\\\/11\\\/03\\\/kaznjen-s-1-329-km-jer-je-iz-bih-u-hrvatsku-prenio-dvije-vrece-kupusa\\\/\",\"name\":\"Ka\u017enjen s 1.329 KM jer je iz BiH u Hrvatsku prenio dvije vre\u0107e kupusa - RADIO LJUBU\u0160KI\",\"isPartOf\":{\"@id\":\"https:\\\/\\\/radioljubuski.ba\\\/#website\"},\"primaryImageOfPage\":{\"@id\":\"https:\\\/\\\/radioljubuski.ba\\\/index.php\\\/2021\\\/11\\\/03\\\/kaznjen-s-1-329-km-jer-je-iz-bih-u-hrvatsku-prenio-dvije-vrece-kupusa\\\/#primaryimage\"},\"image\":{\"@id\":\"https:\\\/\\\/radioljubuski.ba\\\/index.php\\\/2021\\\/11\\\/03\\\/kaznjen-s-1-329-km-jer-je-iz-bih-u-hrvatsku-prenio-dvije-vrece-kupusa\\\/#primaryimage\"},\"thumbnailUrl\":\"https:\\\/\\\/radioljubuski.ba\\\/wp-content\\\/uploads\\\/2021\\\/09\\\/N1iZGrB0_kupus.jpg\",\"datePublished\":\"2021-11-03T10:29:44+00:00\",\"dateModified\":\"2021-11-03T10:29:46+00:00\",\"breadcrumb\":{\"@id\":\"https:\\\/\\\/radioljubuski.ba\\\/index.php\\\/2021\\\/11\\\/03\\\/kaznjen-s-1-329-km-jer-je-iz-bih-u-hrvatsku-prenio-dvije-vrece-kupusa\\\/#breadcrumb\"},\"inLanguage\":\"hr\",\"potentialAction\":[{\"@type\":\"ReadAction\",\"target\":[\"https:\\\/\\\/radioljubuski.ba\\\/index.php\\\/2021\\\/11\\\/03\\\/kaznjen-s-1-329-km-jer-je-iz-bih-u-hrvatsku-prenio-dvije-vrece-kupusa\\\/\"]}]},{\"@type\":\"ImageObject\",\"inLanguage\":\"hr\",\"@id\":\"https:\\\/\\\/radioljubuski.ba\\\/index.php\\\/2021\\\/11\\\/03\\\/kaznjen-s-1-329-km-jer-je-iz-bih-u-hrvatsku-prenio-dvije-vrece-kupusa\\\/#primaryimage\",\"url\":\"https:\\\/\\\/radioljubuski.ba\\\/wp-content\\\/uploads\\\/2021\\\/09\\\/N1iZGrB0_kupus.jpg\",\"contentUrl\":\"https:\\\/\\\/radioljubuski.ba\\\/wp-content\\\/uploads\\\/2021\\\/09\\\/N1iZGrB0_kupus.jpg\",\"width\":1000,\"height\":625},{\"@type\":\"BreadcrumbList\",\"@id\":\"https:\\\/\\\/radioljubuski.ba\\\/index.php\\\/2021\\\/11\\\/03\\\/kaznjen-s-1-329-km-jer-je-iz-bih-u-hrvatsku-prenio-dvije-vrece-kupusa\\\/#breadcrumb\",\"itemListElement\":[{\"@type\":\"ListItem\",\"position\":1,\"name\":\"Po\u010detna stranica\",\"item\":\"https:\\\/\\\/radioljubuski.ba\\\/\"},{\"@type\":\"ListItem\",\"position\":2,\"name\":\"Ka\u017enjen s 1.329 KM jer je iz BiH u Hrvatsku prenio dvije vre\u0107e kupusa\"}]},{\"@type\":\"WebSite\",\"@id\":\"https:\\\/\\\/radioljubuski.ba\\\/#website\",\"url\":\"https:\\\/\\\/radioljubuski.ba\\\/\",\"name\":\"Radio Ljubu\u0161ki\",\"description\":\"Sun\u010dana frekvencija Hercegovine\",\"publisher\":{\"@id\":\"https:\\\/\\\/radioljubuski.ba\\\/#organization\"},\"potentialAction\":[{\"@type\":\"SearchAction\",\"target\":{\"@type\":\"EntryPoint\",\"urlTemplate\":\"https:\\\/\\\/radioljubuski.ba\\\/?s={search_term_string}\"},\"query-input\":{\"@type\":\"PropertyValueSpecification\",\"valueRequired\":true,\"valueName\":\"search_term_string\"}}],\"inLanguage\":\"hr\"},{\"@type\":\"Organization\",\"@id\":\"https:\\\/\\\/radioljubuski.ba\\\/#organization\",\"name\":\"Radio Ljubu\u0161ki\",\"url\":\"https:\\\/\\\/radioljubuski.ba\\\/\",\"logo\":{\"@type\":\"ImageObject\",\"inLanguage\":\"hr\",\"@id\":\"https:\\\/\\\/radioljubuski.ba\\\/#\\\/schema\\\/logo\\\/image\\\/\",\"url\":\"https:\\\/\\\/radioljubuski.ba\\\/wp-content\\\/uploads\\\/2021\\\/02\\\/cropped-Radio_Ljubuski_logo1.jpg\",\"contentUrl\":\"https:\\\/\\\/radioljubuski.ba\\\/wp-content\\\/uploads\\\/2021\\\/02\\\/cropped-Radio_Ljubuski_logo1.jpg\",\"width\":512,\"height\":512,\"caption\":\"Radio Ljubu\u0161ki\"},\"image\":{\"@id\":\"https:\\\/\\\/radioljubuski.ba\\\/#\\\/schema\\\/logo\\\/image\\\/\"},\"sameAs\":[\"https:\\\/\\\/www.facebook.com\\\/Radiio-Ljubuski-1490835324566332\",\"https:\\\/\\\/x.com\\\/radioljubuski\",\"https:\\\/\\\/hr.linkedin.com\\\/company\\\/radio-ljubuski\",\"https:\\\/\\\/www.youtube.com\\\/channel\\\/UCHYaeO_n0Db3tjNGudGpXyw\"]},{\"@type\":\"Person\",\"@id\":\"https:\\\/\\\/radioljubuski.ba\\\/#\\\/schema\\\/person\\\/19fc700381a780f69665d7956c469e3b\",\"name\":\"Radio Ljubu\u0161ki\"}]}<\/script>\n<!-- \/ Yoast SEO plugin. -->","yoast_head_json":{"title":"Ka\u017enjen s 1.329 KM jer je iz BiH u Hrvatsku prenio dvije vre\u0107e kupusa - RADIO LJUBU\u0160KI","robots":{"index":"index","follow":"follow","max-snippet":"max-snippet:-1","max-image-preview":"max-image-preview:large","max-video-preview":"max-video-preview:-1"},"canonical":"https:\/\/radioljubuski.ba\/index.php\/2021\/11\/03\/kaznjen-s-1-329-km-jer-je-iz-bih-u-hrvatsku-prenio-dvije-vrece-kupusa\/","og_locale":"hr_HR","og_type":"article","og_title":"Ka\u017enjen s 1.329 KM jer je iz BiH u Hrvatsku prenio dvije vre\u0107e kupusa - RADIO LJUBU\u0160KI","og_description":"Prilikom ulaska u Hrvatsku na grani\u010dnom prijelazu Iza\u010di\u0107\/Li\u010dko Petrovo Selo voza\u010da su carinici kaznili sa 5.100 kuna, odnosno oko 1.329 KM, jer je preko granice prenio dvije vre\u0107e kupusa, to\u010dnije 15 kilograma. Kako se navodi u prekr\u0161ajnom nalogu koji je izdat ovom voza\u010du kriv je jer \u201cnije podnio carinsku deklaraciju za robu&nbsp;pod zabranama koja je [&hellip;]","og_url":"https:\/\/radioljubuski.ba\/index.php\/2021\/11\/03\/kaznjen-s-1-329-km-jer-je-iz-bih-u-hrvatsku-prenio-dvije-vrece-kupusa\/","og_site_name":"RADIO LJUBU\u0160KI","article_publisher":"https:\/\/www.facebook.com\/Radiio-Ljubuski-1490835324566332","article_published_time":"2021-11-03T10:29:44+00:00","article_modified_time":"2021-11-03T10:29:46+00:00","og_image":[{"width":1000,"height":625,"url":"https:\/\/radioljubuski.ba\/wp-content\/uploads\/2021\/09\/N1iZGrB0_kupus.jpg","type":"image\/jpeg"}],"author":"Radio Ljubu\u0161ki","twitter_card":"summary_large_image","twitter_creator":"@radioljubuski","twitter_site":"@radioljubuski","twitter_misc":{"Napisao\/la":"Radio Ljubu\u0161ki","Procijenjeno vrijeme \u010ditanja":"1 minuta"},"schema":{"@context":"https:\/\/schema.org","@graph":[{"@type":"Article","@id":"https:\/\/radioljubuski.ba\/index.php\/2021\/11\/03\/kaznjen-s-1-329-km-jer-je-iz-bih-u-hrvatsku-prenio-dvije-vrece-kupusa\/#article","isPartOf":{"@id":"https:\/\/radioljubuski.ba\/index.php\/2021\/11\/03\/kaznjen-s-1-329-km-jer-je-iz-bih-u-hrvatsku-prenio-dvije-vrece-kupusa\/"},"author":{"name":"Radio Ljubu\u0161ki","@id":"https:\/\/radioljubuski.ba\/#\/schema\/person\/19fc700381a780f69665d7956c469e3b"},"headline":"Ka\u017enjen s 1.329 KM jer je iz BiH u Hrvatsku prenio dvije vre\u0107e kupusa","datePublished":"2021-11-03T10:29:44+00:00","dateModified":"2021-11-03T10:29:46+00:00","mainEntityOfPage":{"@id":"https:\/\/radioljubuski.ba\/index.php\/2021\/11\/03\/kaznjen-s-1-329-km-jer-je-iz-bih-u-hrvatsku-prenio-dvije-vrece-kupusa\/"},"wordCount":233,"publisher":{"@id":"https:\/\/radioljubuski.ba\/#organization"},"image":{"@id":"https:\/\/radioljubuski.ba\/index.php\/2021\/11\/03\/kaznjen-s-1-329-km-jer-je-iz-bih-u-hrvatsku-prenio-dvije-vrece-kupusa\/#primaryimage"},"thumbnailUrl":"https:\/\/radioljubuski.ba\/wp-content\/uploads\/2021\/09\/N1iZGrB0_kupus.jpg","articleSection":["BIH i regija"],"inLanguage":"hr"},{"@type":"WebPage","@id":"https:\/\/radioljubuski.ba\/index.php\/2021\/11\/03\/kaznjen-s-1-329-km-jer-je-iz-bih-u-hrvatsku-prenio-dvije-vrece-kupusa\/","url":"https:\/\/radioljubuski.ba\/index.php\/2021\/11\/03\/kaznjen-s-1-329-km-jer-je-iz-bih-u-hrvatsku-prenio-dvije-vrece-kupusa\/","name":"Ka\u017enjen s 1.329 KM jer je iz BiH u Hrvatsku prenio dvije vre\u0107e kupusa - RADIO LJUBU\u0160KI","isPartOf":{"@id":"https:\/\/radioljubuski.ba\/#website"},"primaryImageOfPage":{"@id":"https:\/\/radioljubuski.ba\/index.php\/2021\/11\/03\/kaznjen-s-1-329-km-jer-je-iz-bih-u-hrvatsku-prenio-dvije-vrece-kupusa\/#primaryimage"},"image":{"@id":"https:\/\/radioljubuski.ba\/index.php\/2021\/11\/03\/kaznjen-s-1-329-km-jer-je-iz-bih-u-hrvatsku-prenio-dvije-vrece-kupusa\/#primaryimage"},"thumbnailUrl":"https:\/\/radioljubuski.ba\/wp-content\/uploads\/2021\/09\/N1iZGrB0_kupus.jpg","datePublished":"2021-11-03T10:29:44+00:00","dateModified":"2021-11-03T10:29:46+00:00","breadcrumb":{"@id":"https:\/\/radioljubuski.ba\/index.php\/2021\/11\/03\/kaznjen-s-1-329-km-jer-je-iz-bih-u-hrvatsku-prenio-dvije-vrece-kupusa\/#breadcrumb"},"inLanguage":"hr","potentialAction":[{"@type":"ReadAction","target":["https:\/\/radioljubuski.ba\/index.php\/2021\/11\/03\/kaznjen-s-1-329-km-jer-je-iz-bih-u-hrvatsku-prenio-dvije-vrece-kupusa\/"]}]},{"@type":"ImageObject","inLanguage":"hr","@id":"https:\/\/radioljubuski.ba\/index.php\/2021\/11\/03\/kaznjen-s-1-329-km-jer-je-iz-bih-u-hrvatsku-prenio-dvije-vrece-kupusa\/#primaryimage","url":"https:\/\/radioljubuski.ba\/wp-content\/uploads\/2021\/09\/N1iZGrB0_kupus.jpg","contentUrl":"https:\/\/radioljubuski.ba\/wp-content\/uploads\/2021\/09\/N1iZGrB0_kupus.jpg","width":1000,"height":625},{"@type":"BreadcrumbList","@id":"https:\/\/radioljubuski.ba\/index.php\/2021\/11\/03\/kaznjen-s-1-329-km-jer-je-iz-bih-u-hrvatsku-prenio-dvije-vrece-kupusa\/#breadcrumb","itemListElement":[{"@type":"ListItem","position":1,"name":"Po\u010detna stranica","item":"https:\/\/radioljubuski.ba\/"},{"@type":"ListItem","position":2,"name":"Ka\u017enjen s 1.329 KM jer je iz BiH u Hrvatsku prenio dvije vre\u0107e kupusa"}]},{"@type":"WebSite","@id":"https:\/\/radioljubuski.ba\/#website","url":"https:\/\/radioljubuski.ba\/","name":"Radio Ljubu\u0161ki","description":"Sun\u010dana frekvencija Hercegovine","publisher":{"@id":"https:\/\/radioljubuski.ba\/#organization"},"potentialAction":[{"@type":"SearchAction","target":{"@type":"EntryPoint","urlTemplate":"https:\/\/radioljubuski.ba\/?s={search_term_string}"},"query-input":{"@type":"PropertyValueSpecification","valueRequired":true,"valueName":"search_term_string"}}],"inLanguage":"hr"},{"@type":"Organization","@id":"https:\/\/radioljubuski.ba\/#organization","name":"Radio Ljubu\u0161ki","url":"https:\/\/radioljubuski.ba\/","logo":{"@type":"ImageObject","inLanguage":"hr","@id":"https:\/\/radioljubuski.ba\/#\/schema\/logo\/image\/","url":"https:\/\/radioljubuski.ba\/wp-content\/uploads\/2021\/02\/cropped-Radio_Ljubuski_logo1.jpg","contentUrl":"https:\/\/radioljubuski.ba\/wp-content\/uploads\/2021\/02\/cropped-Radio_Ljubuski_logo1.jpg","width":512,"height":512,"caption":"Radio Ljubu\u0161ki"},"image":{"@id":"https:\/\/radioljubuski.ba\/#\/schema\/logo\/image\/"},"sameAs":["https:\/\/www.facebook.com\/Radiio-Ljubuski-1490835324566332","https:\/\/x.com\/radioljubuski","https:\/\/hr.linkedin.com\/company\/radio-ljubuski","https:\/\/www.youtube.com\/channel\/UCHYaeO_n0Db3tjNGudGpXyw"]},{"@type":"Person","@id":"https:\/\/radioljubuski.ba\/#\/schema\/person\/19fc700381a780f69665d7956c469e3b","name":"Radio Ljubu\u0161ki"}]}},"_links":{"self":[{"href":"https:\/\/radioljubuski.ba\/index.php\/wp-json\/wp\/v2\/posts\/84385","targetHints":{"allow":["GET"]}}],"collection":[{"href":"https:\/\/radioljubuski.ba\/index.php\/wp-json\/wp\/v2\/posts"}],"about":[{"href":"https:\/\/radioljubuski.ba\/index.php\/wp-json\/wp\/v2\/types\/post"}],"author":[{"embeddable":true,"href":"https:\/\/radioljubuski.ba\/index.php\/wp-json\/wp\/v2\/users\/2"}],"replies":[{"embeddable":true,"href":"https:\/\/radioljubuski.ba\/index.php\/wp-json\/wp\/v2\/comments?post=84385"}],"version-history":[{"count":1,"href":"https:\/\/radioljubuski.ba\/index.php\/wp-json\/wp\/v2\/posts\/84385\/revisions"}],"predecessor-version":[{"id":84386,"href":"https:\/\/radioljubuski.ba\/index.php\/wp-json\/wp\/v2\/posts\/84385\/revisions\/84386"}],"wp:featuredmedia":[{"embeddable":true,"href":"https:\/\/radioljubuski.ba\/index.php\/wp-json\/wp\/v2\/media\/68783"}],"wp:attachment":[{"href":"https:\/\/radioljubuski.ba\/index.php\/wp-json\/wp\/v2\/media?parent=84385"}],"wp:term":[{"taxonomy":"category","embeddable":true,"href":"https:\/\/radioljubuski.ba\/index.php\/wp-json\/wp\/v2\/categories?post=84385"},{"taxonomy":"post_tag","embeddable":true,"href":"https:\/\/radioljubuski.ba\/index.php\/wp-json\/wp\/v2\/tags?post=84385"}],"curies":[{"name":"wp","href":"https:\/\/api.w.org\/{rel}","templated":true}]}}