{"id":84410,"date":"2021-11-03T11:47:17","date_gmt":"2021-11-03T10:47:17","guid":{"rendered":"https:\/\/radioljubuski.ba\/?p=84410"},"modified":"2021-11-03T11:47:17","modified_gmt":"2021-11-03T10:47:17","slug":"zbog-poskupljenja-ugostitelji-daju-manje-porcije-piletine","status":"publish","type":"post","link":"https:\/\/radioljubuski.ba\/index.php\/2021\/11\/03\/zbog-poskupljenja-ugostitelji-daju-manje-porcije-piletine\/","title":{"rendered":"Zbog poskupljenja ugostitelji daju manje porcije piletine"},"content":{"rendered":"\n<p>Kraj godine sa sobom donosi poskupljenja. Cijene ve\u0107 podi\u017eu pekari, a istovremeno rastu cijene energenata i \u017eivotnih namirnica.<br><\/p>\n\n\n\n<p>Od sije\u010dnja \u0107e po svemu sude\u0107i porasti i cijene cigareta, zbog porasta tro\u0161arine za osam feninga. <\/p>\n\n\n\n<p>Mogu li gra\u0111ani pre\u017eivjeti?<\/p>\n\n\n\n<p>Najobi\u010dniji, bijeli kruh od 600 grama od ju\u010der je skuplji za 10 feninga. A ve\u0107 danas svi koji su ga kupili platili su 1,6 KM, umjesto doju\u010dera\u0161njih 1,5.<\/p>\n\n\n\n<p>Imamo najave drugih pekara da \u0107e pove\u0107avati cijene proizvoda. Dio pekara je ve\u0107 poskupio proizvode, poskupljenja su izme\u0111u 10 i 20 feninga, a zavisit \u0107e od tipa, koliko imamo bra\u0161na i drugih sirovina, isti\u010de Nemanja Trivi\u0107, Krajina Klas.<\/p>\n\n\n\n<p>A cijene sirovina drasti\u010dno su porasle, kako pekarima, tako i gra\u0111anima koji pored kruha, moraju jo\u0161 ne\u0161to pojesti i popiti. Ako se odlu\u010de za odlazak u restoran postoji mogu\u0107nost da \u0107e platiti i duplo vi\u0161e u odnosu na razdoblje prije pandemije.<\/p>\n\n\n\n<p>Pile\u0107i file koji je bio \u0161est, sedam maraka sada je deset. Ka\u017eu, kao teletina. Sve ostalo, ulja, masno\u0107e, puter, bra\u0161no. Cijene povr\u0107a i vo\u0107a \u010desto variraju, sada imamo raj\u010dicu 3-3,5 KM, ka\u017ee Amir Had\u017ei\u0107, predsjednik Udru\u017eenja hotelijera i restoratera u BiH.<\/p>\n\n\n\n<p>Uprkos svemu, ka\u017ee sugovornik N1, ugostitelji se te\u0161ko odlu\u010duju na pove\u0107anje cijena. Neki razliku smanjuju tako \u0161to prave manje porcije.<\/p>\n\n\n\n<p>Do kada \u0107e cijene rasti i je li mogu\u0107 pad cijena \u2013 potpuno je neizvjesno. Privrednici poru\u010duju kako cijene sirovina na burzama diktiraju cijene i na policama u BiH.<\/p>\n\n\n\n<p>Iza\u0161le su nove berzanske cijene na osnovu kojih su dobavlja\u010di formirali cijene. Za sada nema naznaka daljeg rasta, ali s berzanskom robom se nikada ne zna, navodi Trivi\u0107, javlja N1.<\/p>\n\n\n\n<p>CIjene na tr\u017ei\u0161tu N1 prati iz mjeseca u mjesec. U jednoj od kupovina smo bili 15. o\u017eujka. Sol, \u0161e\u0107er i tjestenina zadr\u017eali su iste cijene. Najdrasti\u010dnije je porasla cijena ulja, sa 2,5 KM na 3,15.<\/p>\n\n\n\n<p><strong>Izvor: Jabuka.tv<\/strong><\/p>\n","protected":false},"excerpt":{"rendered":"<p>Kraj godine sa sobom donosi poskupljenja. Cijene ve\u0107 podi\u017eu pekari, a istovremeno rastu cijene energenata i \u017eivotnih namirnica. Od sije\u010dnja \u0107e po svemu sude\u0107i porasti i cijene cigareta, zbog porasta tro\u0161arine za osam feninga. Mogu li gra\u0111ani pre\u017eivjeti? Najobi\u010dniji, bijeli kruh od 600 grama od ju\u010der je skuplji za 10 feninga. A ve\u0107 danas svi [&hellip;]<\/p>\n","protected":false},"author":2,"featured_media":8596,"comment_status":"closed","ping_status":"closed","sticky":false,"template":"","format":"standard","meta":{"h5ap_radio_sources":[],"footnotes":""},"categories":[1],"tags":[],"class_list":["post-84410","post","type-post","status-publish","format-standard","has-post-thumbnail","hentry","category-bihiregija"],"yoast_head":"<!-- This site is optimized with the Yoast SEO plugin v27.5 - https:\/\/yoast.com\/product\/yoast-seo-wordpress\/ -->\n<title>Zbog poskupljenja ugostitelji daju manje porcije piletine - RADIO LJUBU\u0160KI<\/title>\n<meta name=\"robots\" content=\"index, follow, max-snippet:-1, max-image-preview:large, max-video-preview:-1\" \/>\n<link rel=\"canonical\" href=\"https:\/\/radioljubuski.ba\/index.php\/2021\/11\/03\/zbog-poskupljenja-ugostitelji-daju-manje-porcije-piletine\/\" \/>\n<meta property=\"og:locale\" content=\"hr_HR\" \/>\n<meta property=\"og:type\" content=\"article\" \/>\n<meta property=\"og:title\" content=\"Zbog poskupljenja ugostitelji daju manje porcije piletine - RADIO LJUBU\u0160KI\" \/>\n<meta property=\"og:description\" content=\"Kraj godine sa sobom donosi poskupljenja. Cijene ve\u0107 podi\u017eu pekari, a istovremeno rastu cijene energenata i \u017eivotnih namirnica. Od sije\u010dnja \u0107e po svemu sude\u0107i porasti i cijene cigareta, zbog porasta tro\u0161arine za osam feninga. Mogu li gra\u0111ani pre\u017eivjeti? Najobi\u010dniji, bijeli kruh od 600 grama od ju\u010der je skuplji za 10 feninga. A ve\u0107 danas svi [&hellip;]\" \/>\n<meta property=\"og:url\" content=\"https:\/\/radioljubuski.ba\/index.php\/2021\/11\/03\/zbog-poskupljenja-ugostitelji-daju-manje-porcije-piletine\/\" \/>\n<meta property=\"og:site_name\" content=\"RADIO LJUBU\u0160KI\" \/>\n<meta property=\"article:publisher\" content=\"https:\/\/www.facebook.com\/Radiio-Ljubuski-1490835324566332\" \/>\n<meta property=\"article:published_time\" content=\"2021-11-03T10:47:17+00:00\" \/>\n<meta property=\"og:image\" content=\"https:\/\/radioljubuski.ba\/wp-content\/uploads\/2021\/04\/shopping-hrana-namirnice.jpg\" \/>\n\t<meta property=\"og:image:width\" content=\"750\" \/>\n\t<meta property=\"og:image:height\" content=\"426\" \/>\n\t<meta property=\"og:image:type\" content=\"image\/jpeg\" \/>\n<meta name=\"author\" content=\"Radio Ljubu\u0161ki\" \/>\n<meta name=\"twitter:card\" content=\"summary_large_image\" \/>\n<meta name=\"twitter:creator\" content=\"@radioljubuski\" \/>\n<meta name=\"twitter:site\" content=\"@radioljubuski\" \/>\n<meta name=\"twitter:label1\" content=\"Napisao\/la\" \/>\n\t<meta name=\"twitter:data1\" content=\"Radio Ljubu\u0161ki\" \/>\n\t<meta name=\"twitter:label2\" content=\"Procijenjeno vrijeme \u010ditanja\" \/>\n\t<meta name=\"twitter:data2\" content=\"2 minute\" \/>\n<script type=\"application\/ld+json\" class=\"yoast-schema-graph\">{\"@context\":\"https:\\\/\\\/schema.org\",\"@graph\":[{\"@type\":\"Article\",\"@id\":\"https:\\\/\\\/radioljubuski.ba\\\/index.php\\\/2021\\\/11\\\/03\\\/zbog-poskupljenja-ugostitelji-daju-manje-porcije-piletine\\\/#article\",\"isPartOf\":{\"@id\":\"https:\\\/\\\/radioljubuski.ba\\\/index.php\\\/2021\\\/11\\\/03\\\/zbog-poskupljenja-ugostitelji-daju-manje-porcije-piletine\\\/\"},\"author\":{\"name\":\"Radio Ljubu\u0161ki\",\"@id\":\"https:\\\/\\\/radioljubuski.ba\\\/#\\\/schema\\\/person\\\/19fc700381a780f69665d7956c469e3b\"},\"headline\":\"Zbog poskupljenja ugostitelji daju manje porcije piletine\",\"datePublished\":\"2021-11-03T10:47:17+00:00\",\"mainEntityOfPage\":{\"@id\":\"https:\\\/\\\/radioljubuski.ba\\\/index.php\\\/2021\\\/11\\\/03\\\/zbog-poskupljenja-ugostitelji-daju-manje-porcije-piletine\\\/\"},\"wordCount\":343,\"publisher\":{\"@id\":\"https:\\\/\\\/radioljubuski.ba\\\/#organization\"},\"image\":{\"@id\":\"https:\\\/\\\/radioljubuski.ba\\\/index.php\\\/2021\\\/11\\\/03\\\/zbog-poskupljenja-ugostitelji-daju-manje-porcije-piletine\\\/#primaryimage\"},\"thumbnailUrl\":\"https:\\\/\\\/radioljubuski.ba\\\/wp-content\\\/uploads\\\/2021\\\/04\\\/shopping-hrana-namirnice.jpg\",\"articleSection\":[\"BIH i regija\"],\"inLanguage\":\"hr\"},{\"@type\":\"WebPage\",\"@id\":\"https:\\\/\\\/radioljubuski.ba\\\/index.php\\\/2021\\\/11\\\/03\\\/zbog-poskupljenja-ugostitelji-daju-manje-porcije-piletine\\\/\",\"url\":\"https:\\\/\\\/radioljubuski.ba\\\/index.php\\\/2021\\\/11\\\/03\\\/zbog-poskupljenja-ugostitelji-daju-manje-porcije-piletine\\\/\",\"name\":\"Zbog poskupljenja ugostitelji daju manje porcije piletine - RADIO LJUBU\u0160KI\",\"isPartOf\":{\"@id\":\"https:\\\/\\\/radioljubuski.ba\\\/#website\"},\"primaryImageOfPage\":{\"@id\":\"https:\\\/\\\/radioljubuski.ba\\\/index.php\\\/2021\\\/11\\\/03\\\/zbog-poskupljenja-ugostitelji-daju-manje-porcije-piletine\\\/#primaryimage\"},\"image\":{\"@id\":\"https:\\\/\\\/radioljubuski.ba\\\/index.php\\\/2021\\\/11\\\/03\\\/zbog-poskupljenja-ugostitelji-daju-manje-porcije-piletine\\\/#primaryimage\"},\"thumbnailUrl\":\"https:\\\/\\\/radioljubuski.ba\\\/wp-content\\\/uploads\\\/2021\\\/04\\\/shopping-hrana-namirnice.jpg\",\"datePublished\":\"2021-11-03T10:47:17+00:00\",\"breadcrumb\":{\"@id\":\"https:\\\/\\\/radioljubuski.ba\\\/index.php\\\/2021\\\/11\\\/03\\\/zbog-poskupljenja-ugostitelji-daju-manje-porcije-piletine\\\/#breadcrumb\"},\"inLanguage\":\"hr\",\"potentialAction\":[{\"@type\":\"ReadAction\",\"target\":[\"https:\\\/\\\/radioljubuski.ba\\\/index.php\\\/2021\\\/11\\\/03\\\/zbog-poskupljenja-ugostitelji-daju-manje-porcije-piletine\\\/\"]}]},{\"@type\":\"ImageObject\",\"inLanguage\":\"hr\",\"@id\":\"https:\\\/\\\/radioljubuski.ba\\\/index.php\\\/2021\\\/11\\\/03\\\/zbog-poskupljenja-ugostitelji-daju-manje-porcije-piletine\\\/#primaryimage\",\"url\":\"https:\\\/\\\/radioljubuski.ba\\\/wp-content\\\/uploads\\\/2021\\\/04\\\/shopping-hrana-namirnice.jpg\",\"contentUrl\":\"https:\\\/\\\/radioljubuski.ba\\\/wp-content\\\/uploads\\\/2021\\\/04\\\/shopping-hrana-namirnice.jpg\",\"width\":750,\"height\":426},{\"@type\":\"BreadcrumbList\",\"@id\":\"https:\\\/\\\/radioljubuski.ba\\\/index.php\\\/2021\\\/11\\\/03\\\/zbog-poskupljenja-ugostitelji-daju-manje-porcije-piletine\\\/#breadcrumb\",\"itemListElement\":[{\"@type\":\"ListItem\",\"position\":1,\"name\":\"Po\u010detna stranica\",\"item\":\"https:\\\/\\\/radioljubuski.ba\\\/\"},{\"@type\":\"ListItem\",\"position\":2,\"name\":\"Zbog poskupljenja ugostitelji daju manje porcije piletine\"}]},{\"@type\":\"WebSite\",\"@id\":\"https:\\\/\\\/radioljubuski.ba\\\/#website\",\"url\":\"https:\\\/\\\/radioljubuski.ba\\\/\",\"name\":\"Radio Ljubu\u0161ki\",\"description\":\"Sun\u010dana frekvencija Hercegovine\",\"publisher\":{\"@id\":\"https:\\\/\\\/radioljubuski.ba\\\/#organization\"},\"potentialAction\":[{\"@type\":\"SearchAction\",\"target\":{\"@type\":\"EntryPoint\",\"urlTemplate\":\"https:\\\/\\\/radioljubuski.ba\\\/?s={search_term_string}\"},\"query-input\":{\"@type\":\"PropertyValueSpecification\",\"valueRequired\":true,\"valueName\":\"search_term_string\"}}],\"inLanguage\":\"hr\"},{\"@type\":\"Organization\",\"@id\":\"https:\\\/\\\/radioljubuski.ba\\\/#organization\",\"name\":\"Radio Ljubu\u0161ki\",\"url\":\"https:\\\/\\\/radioljubuski.ba\\\/\",\"logo\":{\"@type\":\"ImageObject\",\"inLanguage\":\"hr\",\"@id\":\"https:\\\/\\\/radioljubuski.ba\\\/#\\\/schema\\\/logo\\\/image\\\/\",\"url\":\"https:\\\/\\\/radioljubuski.ba\\\/wp-content\\\/uploads\\\/2021\\\/02\\\/cropped-Radio_Ljubuski_logo1.jpg\",\"contentUrl\":\"https:\\\/\\\/radioljubuski.ba\\\/wp-content\\\/uploads\\\/2021\\\/02\\\/cropped-Radio_Ljubuski_logo1.jpg\",\"width\":512,\"height\":512,\"caption\":\"Radio Ljubu\u0161ki\"},\"image\":{\"@id\":\"https:\\\/\\\/radioljubuski.ba\\\/#\\\/schema\\\/logo\\\/image\\\/\"},\"sameAs\":[\"https:\\\/\\\/www.facebook.com\\\/Radiio-Ljubuski-1490835324566332\",\"https:\\\/\\\/x.com\\\/radioljubuski\",\"https:\\\/\\\/hr.linkedin.com\\\/company\\\/radio-ljubuski\",\"https:\\\/\\\/www.youtube.com\\\/channel\\\/UCHYaeO_n0Db3tjNGudGpXyw\"]},{\"@type\":\"Person\",\"@id\":\"https:\\\/\\\/radioljubuski.ba\\\/#\\\/schema\\\/person\\\/19fc700381a780f69665d7956c469e3b\",\"name\":\"Radio Ljubu\u0161ki\"}]}<\/script>\n<!-- \/ Yoast SEO plugin. -->","yoast_head_json":{"title":"Zbog poskupljenja ugostitelji daju manje porcije piletine - RADIO LJUBU\u0160KI","robots":{"index":"index","follow":"follow","max-snippet":"max-snippet:-1","max-image-preview":"max-image-preview:large","max-video-preview":"max-video-preview:-1"},"canonical":"https:\/\/radioljubuski.ba\/index.php\/2021\/11\/03\/zbog-poskupljenja-ugostitelji-daju-manje-porcije-piletine\/","og_locale":"hr_HR","og_type":"article","og_title":"Zbog poskupljenja ugostitelji daju manje porcije piletine - RADIO LJUBU\u0160KI","og_description":"Kraj godine sa sobom donosi poskupljenja. Cijene ve\u0107 podi\u017eu pekari, a istovremeno rastu cijene energenata i \u017eivotnih namirnica. Od sije\u010dnja \u0107e po svemu sude\u0107i porasti i cijene cigareta, zbog porasta tro\u0161arine za osam feninga. Mogu li gra\u0111ani pre\u017eivjeti? Najobi\u010dniji, bijeli kruh od 600 grama od ju\u010der je skuplji za 10 feninga. A ve\u0107 danas svi [&hellip;]","og_url":"https:\/\/radioljubuski.ba\/index.php\/2021\/11\/03\/zbog-poskupljenja-ugostitelji-daju-manje-porcije-piletine\/","og_site_name":"RADIO LJUBU\u0160KI","article_publisher":"https:\/\/www.facebook.com\/Radiio-Ljubuski-1490835324566332","article_published_time":"2021-11-03T10:47:17+00:00","og_image":[{"width":750,"height":426,"url":"https:\/\/radioljubuski.ba\/wp-content\/uploads\/2021\/04\/shopping-hrana-namirnice.jpg","type":"image\/jpeg"}],"author":"Radio Ljubu\u0161ki","twitter_card":"summary_large_image","twitter_creator":"@radioljubuski","twitter_site":"@radioljubuski","twitter_misc":{"Napisao\/la":"Radio Ljubu\u0161ki","Procijenjeno vrijeme \u010ditanja":"2 minute"},"schema":{"@context":"https:\/\/schema.org","@graph":[{"@type":"Article","@id":"https:\/\/radioljubuski.ba\/index.php\/2021\/11\/03\/zbog-poskupljenja-ugostitelji-daju-manje-porcije-piletine\/#article","isPartOf":{"@id":"https:\/\/radioljubuski.ba\/index.php\/2021\/11\/03\/zbog-poskupljenja-ugostitelji-daju-manje-porcije-piletine\/"},"author":{"name":"Radio Ljubu\u0161ki","@id":"https:\/\/radioljubuski.ba\/#\/schema\/person\/19fc700381a780f69665d7956c469e3b"},"headline":"Zbog poskupljenja ugostitelji daju manje porcije piletine","datePublished":"2021-11-03T10:47:17+00:00","mainEntityOfPage":{"@id":"https:\/\/radioljubuski.ba\/index.php\/2021\/11\/03\/zbog-poskupljenja-ugostitelji-daju-manje-porcije-piletine\/"},"wordCount":343,"publisher":{"@id":"https:\/\/radioljubuski.ba\/#organization"},"image":{"@id":"https:\/\/radioljubuski.ba\/index.php\/2021\/11\/03\/zbog-poskupljenja-ugostitelji-daju-manje-porcije-piletine\/#primaryimage"},"thumbnailUrl":"https:\/\/radioljubuski.ba\/wp-content\/uploads\/2021\/04\/shopping-hrana-namirnice.jpg","articleSection":["BIH i regija"],"inLanguage":"hr"},{"@type":"WebPage","@id":"https:\/\/radioljubuski.ba\/index.php\/2021\/11\/03\/zbog-poskupljenja-ugostitelji-daju-manje-porcije-piletine\/","url":"https:\/\/radioljubuski.ba\/index.php\/2021\/11\/03\/zbog-poskupljenja-ugostitelji-daju-manje-porcije-piletine\/","name":"Zbog poskupljenja ugostitelji daju manje porcije piletine - RADIO LJUBU\u0160KI","isPartOf":{"@id":"https:\/\/radioljubuski.ba\/#website"},"primaryImageOfPage":{"@id":"https:\/\/radioljubuski.ba\/index.php\/2021\/11\/03\/zbog-poskupljenja-ugostitelji-daju-manje-porcije-piletine\/#primaryimage"},"image":{"@id":"https:\/\/radioljubuski.ba\/index.php\/2021\/11\/03\/zbog-poskupljenja-ugostitelji-daju-manje-porcije-piletine\/#primaryimage"},"thumbnailUrl":"https:\/\/radioljubuski.ba\/wp-content\/uploads\/2021\/04\/shopping-hrana-namirnice.jpg","datePublished":"2021-11-03T10:47:17+00:00","breadcrumb":{"@id":"https:\/\/radioljubuski.ba\/index.php\/2021\/11\/03\/zbog-poskupljenja-ugostitelji-daju-manje-porcije-piletine\/#breadcrumb"},"inLanguage":"hr","potentialAction":[{"@type":"ReadAction","target":["https:\/\/radioljubuski.ba\/index.php\/2021\/11\/03\/zbog-poskupljenja-ugostitelji-daju-manje-porcije-piletine\/"]}]},{"@type":"ImageObject","inLanguage":"hr","@id":"https:\/\/radioljubuski.ba\/index.php\/2021\/11\/03\/zbog-poskupljenja-ugostitelji-daju-manje-porcije-piletine\/#primaryimage","url":"https:\/\/radioljubuski.ba\/wp-content\/uploads\/2021\/04\/shopping-hrana-namirnice.jpg","contentUrl":"https:\/\/radioljubuski.ba\/wp-content\/uploads\/2021\/04\/shopping-hrana-namirnice.jpg","width":750,"height":426},{"@type":"BreadcrumbList","@id":"https:\/\/radioljubuski.ba\/index.php\/2021\/11\/03\/zbog-poskupljenja-ugostitelji-daju-manje-porcije-piletine\/#breadcrumb","itemListElement":[{"@type":"ListItem","position":1,"name":"Po\u010detna stranica","item":"https:\/\/radioljubuski.ba\/"},{"@type":"ListItem","position":2,"name":"Zbog poskupljenja ugostitelji daju manje porcije piletine"}]},{"@type":"WebSite","@id":"https:\/\/radioljubuski.ba\/#website","url":"https:\/\/radioljubuski.ba\/","name":"Radio Ljubu\u0161ki","description":"Sun\u010dana frekvencija Hercegovine","publisher":{"@id":"https:\/\/radioljubuski.ba\/#organization"},"potentialAction":[{"@type":"SearchAction","target":{"@type":"EntryPoint","urlTemplate":"https:\/\/radioljubuski.ba\/?s={search_term_string}"},"query-input":{"@type":"PropertyValueSpecification","valueRequired":true,"valueName":"search_term_string"}}],"inLanguage":"hr"},{"@type":"Organization","@id":"https:\/\/radioljubuski.ba\/#organization","name":"Radio Ljubu\u0161ki","url":"https:\/\/radioljubuski.ba\/","logo":{"@type":"ImageObject","inLanguage":"hr","@id":"https:\/\/radioljubuski.ba\/#\/schema\/logo\/image\/","url":"https:\/\/radioljubuski.ba\/wp-content\/uploads\/2021\/02\/cropped-Radio_Ljubuski_logo1.jpg","contentUrl":"https:\/\/radioljubuski.ba\/wp-content\/uploads\/2021\/02\/cropped-Radio_Ljubuski_logo1.jpg","width":512,"height":512,"caption":"Radio Ljubu\u0161ki"},"image":{"@id":"https:\/\/radioljubuski.ba\/#\/schema\/logo\/image\/"},"sameAs":["https:\/\/www.facebook.com\/Radiio-Ljubuski-1490835324566332","https:\/\/x.com\/radioljubuski","https:\/\/hr.linkedin.com\/company\/radio-ljubuski","https:\/\/www.youtube.com\/channel\/UCHYaeO_n0Db3tjNGudGpXyw"]},{"@type":"Person","@id":"https:\/\/radioljubuski.ba\/#\/schema\/person\/19fc700381a780f69665d7956c469e3b","name":"Radio Ljubu\u0161ki"}]}},"_links":{"self":[{"href":"https:\/\/radioljubuski.ba\/index.php\/wp-json\/wp\/v2\/posts\/84410","targetHints":{"allow":["GET"]}}],"collection":[{"href":"https:\/\/radioljubuski.ba\/index.php\/wp-json\/wp\/v2\/posts"}],"about":[{"href":"https:\/\/radioljubuski.ba\/index.php\/wp-json\/wp\/v2\/types\/post"}],"author":[{"embeddable":true,"href":"https:\/\/radioljubuski.ba\/index.php\/wp-json\/wp\/v2\/users\/2"}],"replies":[{"embeddable":true,"href":"https:\/\/radioljubuski.ba\/index.php\/wp-json\/wp\/v2\/comments?post=84410"}],"version-history":[{"count":1,"href":"https:\/\/radioljubuski.ba\/index.php\/wp-json\/wp\/v2\/posts\/84410\/revisions"}],"predecessor-version":[{"id":84413,"href":"https:\/\/radioljubuski.ba\/index.php\/wp-json\/wp\/v2\/posts\/84410\/revisions\/84413"}],"wp:featuredmedia":[{"embeddable":true,"href":"https:\/\/radioljubuski.ba\/index.php\/wp-json\/wp\/v2\/media\/8596"}],"wp:attachment":[{"href":"https:\/\/radioljubuski.ba\/index.php\/wp-json\/wp\/v2\/media?parent=84410"}],"wp:term":[{"taxonomy":"category","embeddable":true,"href":"https:\/\/radioljubuski.ba\/index.php\/wp-json\/wp\/v2\/categories?post=84410"},{"taxonomy":"post_tag","embeddable":true,"href":"https:\/\/radioljubuski.ba\/index.php\/wp-json\/wp\/v2\/tags?post=84410"}],"curies":[{"name":"wp","href":"https:\/\/api.w.org\/{rel}","templated":true}]}}