{"id":84417,"date":"2021-11-03T11:50:55","date_gmt":"2021-11-03T10:50:55","guid":{"rendered":"https:\/\/radioljubuski.ba\/?p=84417"},"modified":"2021-11-03T11:50:56","modified_gmt":"2021-11-03T10:50:56","slug":"lagao-da-je-iz-makarske-primao-djecji-doplatak-u-bih","status":"publish","type":"post","link":"https:\/\/radioljubuski.ba\/index.php\/2021\/11\/03\/lagao-da-je-iz-makarske-primao-djecji-doplatak-u-bih\/","title":{"rendered":"Lagao da je iz Makarske, primao dje\u010dji doplatak u BiH"},"content":{"rendered":"\n<p><strong>Op\u0107insko dr\u017eavno odvjetni\u0161tvo u Splitu je 20. listopada, nakon provedene istrage, podiglo optu\u017enicu protiv hrvatskog dr\u017eavljanina (1982.) zbog po\u010dinjenja kaznenog djela prijevare iz \u010dlanka 236. stavak 2. Kaznenog zakona\/11. (2. 11. 2021.)<\/strong><\/p>\n\n\n\n<p>Okrivljenom 39-godi\u0161njaku se stavlja na teret da je tijekom rujna 2005. godine, nadle\u017enom uredu Hrvatskog zavoda za mirovinsko osiguranje podnio zahtjev za ostvarivanje prava doplatka na dijete (2005.) koji je obnavljao svake godine sve do ro\u0111enja drugog djeteta (2010.) kada je podnio zahtjev i za drugo dijete, te ih podnosio sve do 2016. godine kada je podnio zahtjev i za tre\u0107e dijete (2016.).<\/p>\n\n\n\n<p>Tereti ga se da je u zahtjevima neistinito navodio kako stanuje u Makarskoj, u obiteljskoj ku\u0107i njegovog oca, iako je znao da nema stalno prebivali\u0161te u Republici Hrvatskoj ve\u0107 u Bosni i Hercegovini, pa su slu\u017ebenici nadle\u017enog zavoda za mirovinsko osiguranje, ne sumnjaju\u0107i u istinitost podataka iz zahtjeva; sukladno zakonskoj odredbi; rje\u0161enjem od 12. listopada 2005. priznali pravo na doplatak za prvo dijete od 1. o\u017eujka 2005. pa sve do 20. srpnja 2020. (iznos od 299,34 kune mjese\u010dno) kada je rje\u0161enjem od 20. srpnja 2010., po\u010dev\u0161i od 14. srpnja 2010., priznato pravo na dje\u010dji doplatak za dvoje djece u iznosu od 598,68 kuna mjese\u010dno.<\/p>\n\n\n\n<p>Rje\u0161enjem istog broja od 14. studenog 2016., po\u010dev\u0161i od 25. listopada 2016., priznato mu je pravo na dje\u010dji doplatak za troje djece i pronatalitetni dodatak u ukupnom iznosu od 1.398,02 kune mjese\u010dno; tako da je od 1. o\u017eujka 2005. do 28. velja\u010de 2020., na ime dje\u010djeg doplatka i pronatalitetnog dodatka primio ukupni iznos od 120.229,00 kuna, koji si je pribavio kao nepripadnu imovinsku korist na \u0161tetu Hrvatskog zavoda za mirovinsko osiguranje.<\/p>\n\n\n\n<p><strong>Izvor: iks-portal.info<\/strong><\/p>\n","protected":false},"excerpt":{"rendered":"<p>Op\u0107insko dr\u017eavno odvjetni\u0161tvo u Splitu je 20. listopada, nakon provedene istrage, podiglo optu\u017enicu protiv hrvatskog dr\u017eavljanina (1982.) zbog po\u010dinjenja kaznenog djela prijevare iz \u010dlanka 236. stavak 2. Kaznenog zakona\/11. (2. 11. 2021.) Okrivljenom 39-godi\u0161njaku se stavlja na teret da je tijekom rujna 2005. godine, nadle\u017enom uredu Hrvatskog zavoda za mirovinsko osiguranje podnio zahtjev za ostvarivanje [&hellip;]<\/p>\n","protected":false},"author":2,"featured_media":32710,"comment_status":"closed","ping_status":"closed","sticky":false,"template":"","format":"standard","meta":{"h5ap_radio_sources":[],"footnotes":""},"categories":[1],"tags":[],"class_list":["post-84417","post","type-post","status-publish","format-standard","has-post-thumbnail","hentry","category-bihiregija"],"yoast_head":"<!-- This site is optimized with the Yoast SEO plugin v27.5 - https:\/\/yoast.com\/product\/yoast-seo-wordpress\/ -->\n<title>Lagao da je iz Makarske, primao dje\u010dji doplatak u BiH - RADIO LJUBU\u0160KI<\/title>\n<meta name=\"robots\" content=\"index, follow, max-snippet:-1, max-image-preview:large, max-video-preview:-1\" \/>\n<link rel=\"canonical\" href=\"https:\/\/radioljubuski.ba\/index.php\/2021\/11\/03\/lagao-da-je-iz-makarske-primao-djecji-doplatak-u-bih\/\" \/>\n<meta property=\"og:locale\" content=\"hr_HR\" \/>\n<meta property=\"og:type\" content=\"article\" \/>\n<meta property=\"og:title\" content=\"Lagao da je iz Makarske, primao dje\u010dji doplatak u BiH - RADIO LJUBU\u0160KI\" \/>\n<meta property=\"og:description\" content=\"Op\u0107insko dr\u017eavno odvjetni\u0161tvo u Splitu je 20. listopada, nakon provedene istrage, podiglo optu\u017enicu protiv hrvatskog dr\u017eavljanina (1982.) zbog po\u010dinjenja kaznenog djela prijevare iz \u010dlanka 236. stavak 2. Kaznenog zakona\/11. (2. 11. 2021.) Okrivljenom 39-godi\u0161njaku se stavlja na teret da je tijekom rujna 2005. godine, nadle\u017enom uredu Hrvatskog zavoda za mirovinsko osiguranje podnio zahtjev za ostvarivanje [&hellip;]\" \/>\n<meta property=\"og:url\" content=\"https:\/\/radioljubuski.ba\/index.php\/2021\/11\/03\/lagao-da-je-iz-makarske-primao-djecji-doplatak-u-bih\/\" \/>\n<meta property=\"og:site_name\" content=\"RADIO LJUBU\u0160KI\" \/>\n<meta property=\"article:publisher\" content=\"https:\/\/www.facebook.com\/Radiio-Ljubuski-1490835324566332\" \/>\n<meta property=\"article:published_time\" content=\"2021-11-03T10:50:55+00:00\" \/>\n<meta property=\"article:modified_time\" content=\"2021-11-03T10:50:56+00:00\" \/>\n<meta property=\"og:image\" content=\"https:\/\/radioljubuski.ba\/wp-content\/uploads\/2021\/06\/5yFowvsT_makarska.jpg\" \/>\n\t<meta property=\"og:image:width\" content=\"1000\" \/>\n\t<meta property=\"og:image:height\" content=\"625\" \/>\n\t<meta property=\"og:image:type\" content=\"image\/jpeg\" \/>\n<meta name=\"author\" content=\"Radio Ljubu\u0161ki\" \/>\n<meta name=\"twitter:card\" content=\"summary_large_image\" \/>\n<meta name=\"twitter:creator\" content=\"@radioljubuski\" \/>\n<meta name=\"twitter:site\" content=\"@radioljubuski\" \/>\n<meta name=\"twitter:label1\" content=\"Napisao\/la\" \/>\n\t<meta name=\"twitter:data1\" content=\"Radio Ljubu\u0161ki\" \/>\n\t<meta name=\"twitter:label2\" content=\"Procijenjeno vrijeme \u010ditanja\" \/>\n\t<meta name=\"twitter:data2\" content=\"2 minute\" \/>\n<script type=\"application\/ld+json\" class=\"yoast-schema-graph\">{\"@context\":\"https:\\\/\\\/schema.org\",\"@graph\":[{\"@type\":\"Article\",\"@id\":\"https:\\\/\\\/radioljubuski.ba\\\/index.php\\\/2021\\\/11\\\/03\\\/lagao-da-je-iz-makarske-primao-djecji-doplatak-u-bih\\\/#article\",\"isPartOf\":{\"@id\":\"https:\\\/\\\/radioljubuski.ba\\\/index.php\\\/2021\\\/11\\\/03\\\/lagao-da-je-iz-makarske-primao-djecji-doplatak-u-bih\\\/\"},\"author\":{\"name\":\"Radio Ljubu\u0161ki\",\"@id\":\"https:\\\/\\\/radioljubuski.ba\\\/#\\\/schema\\\/person\\\/19fc700381a780f69665d7956c469e3b\"},\"headline\":\"Lagao da je iz Makarske, primao dje\u010dji doplatak u BiH\",\"datePublished\":\"2021-11-03T10:50:55+00:00\",\"dateModified\":\"2021-11-03T10:50:56+00:00\",\"mainEntityOfPage\":{\"@id\":\"https:\\\/\\\/radioljubuski.ba\\\/index.php\\\/2021\\\/11\\\/03\\\/lagao-da-je-iz-makarske-primao-djecji-doplatak-u-bih\\\/\"},\"wordCount\":281,\"publisher\":{\"@id\":\"https:\\\/\\\/radioljubuski.ba\\\/#organization\"},\"image\":{\"@id\":\"https:\\\/\\\/radioljubuski.ba\\\/index.php\\\/2021\\\/11\\\/03\\\/lagao-da-je-iz-makarske-primao-djecji-doplatak-u-bih\\\/#primaryimage\"},\"thumbnailUrl\":\"https:\\\/\\\/radioljubuski.ba\\\/wp-content\\\/uploads\\\/2021\\\/06\\\/5yFowvsT_makarska.jpg\",\"articleSection\":[\"BIH i regija\"],\"inLanguage\":\"hr\"},{\"@type\":\"WebPage\",\"@id\":\"https:\\\/\\\/radioljubuski.ba\\\/index.php\\\/2021\\\/11\\\/03\\\/lagao-da-je-iz-makarske-primao-djecji-doplatak-u-bih\\\/\",\"url\":\"https:\\\/\\\/radioljubuski.ba\\\/index.php\\\/2021\\\/11\\\/03\\\/lagao-da-je-iz-makarske-primao-djecji-doplatak-u-bih\\\/\",\"name\":\"Lagao da je iz Makarske, primao dje\u010dji doplatak u BiH - RADIO LJUBU\u0160KI\",\"isPartOf\":{\"@id\":\"https:\\\/\\\/radioljubuski.ba\\\/#website\"},\"primaryImageOfPage\":{\"@id\":\"https:\\\/\\\/radioljubuski.ba\\\/index.php\\\/2021\\\/11\\\/03\\\/lagao-da-je-iz-makarske-primao-djecji-doplatak-u-bih\\\/#primaryimage\"},\"image\":{\"@id\":\"https:\\\/\\\/radioljubuski.ba\\\/index.php\\\/2021\\\/11\\\/03\\\/lagao-da-je-iz-makarske-primao-djecji-doplatak-u-bih\\\/#primaryimage\"},\"thumbnailUrl\":\"https:\\\/\\\/radioljubuski.ba\\\/wp-content\\\/uploads\\\/2021\\\/06\\\/5yFowvsT_makarska.jpg\",\"datePublished\":\"2021-11-03T10:50:55+00:00\",\"dateModified\":\"2021-11-03T10:50:56+00:00\",\"breadcrumb\":{\"@id\":\"https:\\\/\\\/radioljubuski.ba\\\/index.php\\\/2021\\\/11\\\/03\\\/lagao-da-je-iz-makarske-primao-djecji-doplatak-u-bih\\\/#breadcrumb\"},\"inLanguage\":\"hr\",\"potentialAction\":[{\"@type\":\"ReadAction\",\"target\":[\"https:\\\/\\\/radioljubuski.ba\\\/index.php\\\/2021\\\/11\\\/03\\\/lagao-da-je-iz-makarske-primao-djecji-doplatak-u-bih\\\/\"]}]},{\"@type\":\"ImageObject\",\"inLanguage\":\"hr\",\"@id\":\"https:\\\/\\\/radioljubuski.ba\\\/index.php\\\/2021\\\/11\\\/03\\\/lagao-da-je-iz-makarske-primao-djecji-doplatak-u-bih\\\/#primaryimage\",\"url\":\"https:\\\/\\\/radioljubuski.ba\\\/wp-content\\\/uploads\\\/2021\\\/06\\\/5yFowvsT_makarska.jpg\",\"contentUrl\":\"https:\\\/\\\/radioljubuski.ba\\\/wp-content\\\/uploads\\\/2021\\\/06\\\/5yFowvsT_makarska.jpg\",\"width\":1000,\"height\":625},{\"@type\":\"BreadcrumbList\",\"@id\":\"https:\\\/\\\/radioljubuski.ba\\\/index.php\\\/2021\\\/11\\\/03\\\/lagao-da-je-iz-makarske-primao-djecji-doplatak-u-bih\\\/#breadcrumb\",\"itemListElement\":[{\"@type\":\"ListItem\",\"position\":1,\"name\":\"Po\u010detna stranica\",\"item\":\"https:\\\/\\\/radioljubuski.ba\\\/\"},{\"@type\":\"ListItem\",\"position\":2,\"name\":\"Lagao da je iz Makarske, primao dje\u010dji doplatak u BiH\"}]},{\"@type\":\"WebSite\",\"@id\":\"https:\\\/\\\/radioljubuski.ba\\\/#website\",\"url\":\"https:\\\/\\\/radioljubuski.ba\\\/\",\"name\":\"Radio Ljubu\u0161ki\",\"description\":\"Sun\u010dana frekvencija Hercegovine\",\"publisher\":{\"@id\":\"https:\\\/\\\/radioljubuski.ba\\\/#organization\"},\"potentialAction\":[{\"@type\":\"SearchAction\",\"target\":{\"@type\":\"EntryPoint\",\"urlTemplate\":\"https:\\\/\\\/radioljubuski.ba\\\/?s={search_term_string}\"},\"query-input\":{\"@type\":\"PropertyValueSpecification\",\"valueRequired\":true,\"valueName\":\"search_term_string\"}}],\"inLanguage\":\"hr\"},{\"@type\":\"Organization\",\"@id\":\"https:\\\/\\\/radioljubuski.ba\\\/#organization\",\"name\":\"Radio Ljubu\u0161ki\",\"url\":\"https:\\\/\\\/radioljubuski.ba\\\/\",\"logo\":{\"@type\":\"ImageObject\",\"inLanguage\":\"hr\",\"@id\":\"https:\\\/\\\/radioljubuski.ba\\\/#\\\/schema\\\/logo\\\/image\\\/\",\"url\":\"https:\\\/\\\/radioljubuski.ba\\\/wp-content\\\/uploads\\\/2021\\\/02\\\/cropped-Radio_Ljubuski_logo1.jpg\",\"contentUrl\":\"https:\\\/\\\/radioljubuski.ba\\\/wp-content\\\/uploads\\\/2021\\\/02\\\/cropped-Radio_Ljubuski_logo1.jpg\",\"width\":512,\"height\":512,\"caption\":\"Radio Ljubu\u0161ki\"},\"image\":{\"@id\":\"https:\\\/\\\/radioljubuski.ba\\\/#\\\/schema\\\/logo\\\/image\\\/\"},\"sameAs\":[\"https:\\\/\\\/www.facebook.com\\\/Radiio-Ljubuski-1490835324566332\",\"https:\\\/\\\/x.com\\\/radioljubuski\",\"https:\\\/\\\/hr.linkedin.com\\\/company\\\/radio-ljubuski\",\"https:\\\/\\\/www.youtube.com\\\/channel\\\/UCHYaeO_n0Db3tjNGudGpXyw\"]},{\"@type\":\"Person\",\"@id\":\"https:\\\/\\\/radioljubuski.ba\\\/#\\\/schema\\\/person\\\/19fc700381a780f69665d7956c469e3b\",\"name\":\"Radio Ljubu\u0161ki\"}]}<\/script>\n<!-- \/ Yoast SEO plugin. -->","yoast_head_json":{"title":"Lagao da je iz Makarske, primao dje\u010dji doplatak u BiH - RADIO LJUBU\u0160KI","robots":{"index":"index","follow":"follow","max-snippet":"max-snippet:-1","max-image-preview":"max-image-preview:large","max-video-preview":"max-video-preview:-1"},"canonical":"https:\/\/radioljubuski.ba\/index.php\/2021\/11\/03\/lagao-da-je-iz-makarske-primao-djecji-doplatak-u-bih\/","og_locale":"hr_HR","og_type":"article","og_title":"Lagao da je iz Makarske, primao dje\u010dji doplatak u BiH - RADIO LJUBU\u0160KI","og_description":"Op\u0107insko dr\u017eavno odvjetni\u0161tvo u Splitu je 20. listopada, nakon provedene istrage, podiglo optu\u017enicu protiv hrvatskog dr\u017eavljanina (1982.) zbog po\u010dinjenja kaznenog djela prijevare iz \u010dlanka 236. stavak 2. Kaznenog zakona\/11. (2. 11. 2021.) Okrivljenom 39-godi\u0161njaku se stavlja na teret da je tijekom rujna 2005. godine, nadle\u017enom uredu Hrvatskog zavoda za mirovinsko osiguranje podnio zahtjev za ostvarivanje [&hellip;]","og_url":"https:\/\/radioljubuski.ba\/index.php\/2021\/11\/03\/lagao-da-je-iz-makarske-primao-djecji-doplatak-u-bih\/","og_site_name":"RADIO LJUBU\u0160KI","article_publisher":"https:\/\/www.facebook.com\/Radiio-Ljubuski-1490835324566332","article_published_time":"2021-11-03T10:50:55+00:00","article_modified_time":"2021-11-03T10:50:56+00:00","og_image":[{"width":1000,"height":625,"url":"https:\/\/radioljubuski.ba\/wp-content\/uploads\/2021\/06\/5yFowvsT_makarska.jpg","type":"image\/jpeg"}],"author":"Radio Ljubu\u0161ki","twitter_card":"summary_large_image","twitter_creator":"@radioljubuski","twitter_site":"@radioljubuski","twitter_misc":{"Napisao\/la":"Radio Ljubu\u0161ki","Procijenjeno vrijeme \u010ditanja":"2 minute"},"schema":{"@context":"https:\/\/schema.org","@graph":[{"@type":"Article","@id":"https:\/\/radioljubuski.ba\/index.php\/2021\/11\/03\/lagao-da-je-iz-makarske-primao-djecji-doplatak-u-bih\/#article","isPartOf":{"@id":"https:\/\/radioljubuski.ba\/index.php\/2021\/11\/03\/lagao-da-je-iz-makarske-primao-djecji-doplatak-u-bih\/"},"author":{"name":"Radio Ljubu\u0161ki","@id":"https:\/\/radioljubuski.ba\/#\/schema\/person\/19fc700381a780f69665d7956c469e3b"},"headline":"Lagao da je iz Makarske, primao dje\u010dji doplatak u BiH","datePublished":"2021-11-03T10:50:55+00:00","dateModified":"2021-11-03T10:50:56+00:00","mainEntityOfPage":{"@id":"https:\/\/radioljubuski.ba\/index.php\/2021\/11\/03\/lagao-da-je-iz-makarske-primao-djecji-doplatak-u-bih\/"},"wordCount":281,"publisher":{"@id":"https:\/\/radioljubuski.ba\/#organization"},"image":{"@id":"https:\/\/radioljubuski.ba\/index.php\/2021\/11\/03\/lagao-da-je-iz-makarske-primao-djecji-doplatak-u-bih\/#primaryimage"},"thumbnailUrl":"https:\/\/radioljubuski.ba\/wp-content\/uploads\/2021\/06\/5yFowvsT_makarska.jpg","articleSection":["BIH i regija"],"inLanguage":"hr"},{"@type":"WebPage","@id":"https:\/\/radioljubuski.ba\/index.php\/2021\/11\/03\/lagao-da-je-iz-makarske-primao-djecji-doplatak-u-bih\/","url":"https:\/\/radioljubuski.ba\/index.php\/2021\/11\/03\/lagao-da-je-iz-makarske-primao-djecji-doplatak-u-bih\/","name":"Lagao da je iz Makarske, primao dje\u010dji doplatak u BiH - RADIO LJUBU\u0160KI","isPartOf":{"@id":"https:\/\/radioljubuski.ba\/#website"},"primaryImageOfPage":{"@id":"https:\/\/radioljubuski.ba\/index.php\/2021\/11\/03\/lagao-da-je-iz-makarske-primao-djecji-doplatak-u-bih\/#primaryimage"},"image":{"@id":"https:\/\/radioljubuski.ba\/index.php\/2021\/11\/03\/lagao-da-je-iz-makarske-primao-djecji-doplatak-u-bih\/#primaryimage"},"thumbnailUrl":"https:\/\/radioljubuski.ba\/wp-content\/uploads\/2021\/06\/5yFowvsT_makarska.jpg","datePublished":"2021-11-03T10:50:55+00:00","dateModified":"2021-11-03T10:50:56+00:00","breadcrumb":{"@id":"https:\/\/radioljubuski.ba\/index.php\/2021\/11\/03\/lagao-da-je-iz-makarske-primao-djecji-doplatak-u-bih\/#breadcrumb"},"inLanguage":"hr","potentialAction":[{"@type":"ReadAction","target":["https:\/\/radioljubuski.ba\/index.php\/2021\/11\/03\/lagao-da-je-iz-makarske-primao-djecji-doplatak-u-bih\/"]}]},{"@type":"ImageObject","inLanguage":"hr","@id":"https:\/\/radioljubuski.ba\/index.php\/2021\/11\/03\/lagao-da-je-iz-makarske-primao-djecji-doplatak-u-bih\/#primaryimage","url":"https:\/\/radioljubuski.ba\/wp-content\/uploads\/2021\/06\/5yFowvsT_makarska.jpg","contentUrl":"https:\/\/radioljubuski.ba\/wp-content\/uploads\/2021\/06\/5yFowvsT_makarska.jpg","width":1000,"height":625},{"@type":"BreadcrumbList","@id":"https:\/\/radioljubuski.ba\/index.php\/2021\/11\/03\/lagao-da-je-iz-makarske-primao-djecji-doplatak-u-bih\/#breadcrumb","itemListElement":[{"@type":"ListItem","position":1,"name":"Po\u010detna stranica","item":"https:\/\/radioljubuski.ba\/"},{"@type":"ListItem","position":2,"name":"Lagao da je iz Makarske, primao dje\u010dji doplatak u BiH"}]},{"@type":"WebSite","@id":"https:\/\/radioljubuski.ba\/#website","url":"https:\/\/radioljubuski.ba\/","name":"Radio Ljubu\u0161ki","description":"Sun\u010dana frekvencija Hercegovine","publisher":{"@id":"https:\/\/radioljubuski.ba\/#organization"},"potentialAction":[{"@type":"SearchAction","target":{"@type":"EntryPoint","urlTemplate":"https:\/\/radioljubuski.ba\/?s={search_term_string}"},"query-input":{"@type":"PropertyValueSpecification","valueRequired":true,"valueName":"search_term_string"}}],"inLanguage":"hr"},{"@type":"Organization","@id":"https:\/\/radioljubuski.ba\/#organization","name":"Radio Ljubu\u0161ki","url":"https:\/\/radioljubuski.ba\/","logo":{"@type":"ImageObject","inLanguage":"hr","@id":"https:\/\/radioljubuski.ba\/#\/schema\/logo\/image\/","url":"https:\/\/radioljubuski.ba\/wp-content\/uploads\/2021\/02\/cropped-Radio_Ljubuski_logo1.jpg","contentUrl":"https:\/\/radioljubuski.ba\/wp-content\/uploads\/2021\/02\/cropped-Radio_Ljubuski_logo1.jpg","width":512,"height":512,"caption":"Radio Ljubu\u0161ki"},"image":{"@id":"https:\/\/radioljubuski.ba\/#\/schema\/logo\/image\/"},"sameAs":["https:\/\/www.facebook.com\/Radiio-Ljubuski-1490835324566332","https:\/\/x.com\/radioljubuski","https:\/\/hr.linkedin.com\/company\/radio-ljubuski","https:\/\/www.youtube.com\/channel\/UCHYaeO_n0Db3tjNGudGpXyw"]},{"@type":"Person","@id":"https:\/\/radioljubuski.ba\/#\/schema\/person\/19fc700381a780f69665d7956c469e3b","name":"Radio Ljubu\u0161ki"}]}},"_links":{"self":[{"href":"https:\/\/radioljubuski.ba\/index.php\/wp-json\/wp\/v2\/posts\/84417","targetHints":{"allow":["GET"]}}],"collection":[{"href":"https:\/\/radioljubuski.ba\/index.php\/wp-json\/wp\/v2\/posts"}],"about":[{"href":"https:\/\/radioljubuski.ba\/index.php\/wp-json\/wp\/v2\/types\/post"}],"author":[{"embeddable":true,"href":"https:\/\/radioljubuski.ba\/index.php\/wp-json\/wp\/v2\/users\/2"}],"replies":[{"embeddable":true,"href":"https:\/\/radioljubuski.ba\/index.php\/wp-json\/wp\/v2\/comments?post=84417"}],"version-history":[{"count":1,"href":"https:\/\/radioljubuski.ba\/index.php\/wp-json\/wp\/v2\/posts\/84417\/revisions"}],"predecessor-version":[{"id":84419,"href":"https:\/\/radioljubuski.ba\/index.php\/wp-json\/wp\/v2\/posts\/84417\/revisions\/84419"}],"wp:featuredmedia":[{"embeddable":true,"href":"https:\/\/radioljubuski.ba\/index.php\/wp-json\/wp\/v2\/media\/32710"}],"wp:attachment":[{"href":"https:\/\/radioljubuski.ba\/index.php\/wp-json\/wp\/v2\/media?parent=84417"}],"wp:term":[{"taxonomy":"category","embeddable":true,"href":"https:\/\/radioljubuski.ba\/index.php\/wp-json\/wp\/v2\/categories?post=84417"},{"taxonomy":"post_tag","embeddable":true,"href":"https:\/\/radioljubuski.ba\/index.php\/wp-json\/wp\/v2\/tags?post=84417"}],"curies":[{"name":"wp","href":"https:\/\/api.w.org\/{rel}","templated":true}]}}