{"id":84433,"date":"2021-11-03T12:01:58","date_gmt":"2021-11-03T11:01:58","guid":{"rendered":"https:\/\/radioljubuski.ba\/?p=84433"},"modified":"2021-11-03T12:01:58","modified_gmt":"2021-11-03T11:01:58","slug":"bih-s-hrvatskom-i-crnom-gorom-planira-sest-modernih-prijelaza","status":"publish","type":"post","link":"https:\/\/radioljubuski.ba\/index.php\/2021\/11\/03\/bih-s-hrvatskom-i-crnom-gorom-planira-sest-modernih-prijelaza\/","title":{"rendered":"BiH s Hrvatskom i Crnom Gorom planira \u0161est modernih prijelaza"},"content":{"rendered":"\n<p>U ovom trenutku planira se ili je ve\u0107 zapo\u010dela procedura izgradnje \u0161est novih grani\u010dnih prijelaza izme\u0111u Bosne i Hercegovine i Hrvatske odnosno Bosne i Hercegovine i Crne Gore, a time se planira podizanje u\u010dinkovitosti me\u0111ugrani\u010dnoga prometa, kao i ubrzanje ukupnih gospodarskih tokova, \u0161to je od klju\u010dnoga zna\u010daja za veliki broj gospodarstvenika, posebice na jugu zemlje, pi\u0161e<a href=\"https:\/\/www.vecernji.ba\/vijesti\/bih-s-hrvatskom-i-c-gorom-planira-sest-modernih-prijelaza-1536139\" target=\"_blank\" rel=\"noreferrer noopener\"> Ve\u010dernji list BiH.<\/a><\/p>\n\n\n\n<p>Najdalje se oti\u0161lo u procesu izgradnje novog grani\u010dnog prijelaza na prostoru zapadne Hercegovine, odnosno grani\u010dnog prijelaza Osoje (prostor Posu\u0161ja). Za njega je ve\u0107 raspisan natje\u010daj za odabir izvo\u0111a\u010da.<\/p>\n\n\n\n<p><strong>Gospodarski potencijali<\/strong><\/p>\n\n\n\n<p>Ovaj grani\u010dni prijelaz zna\u010dit \u0107e mnogo u smislu bolje iskoristivosti velikih gospodarskih potencijala \u0161ireg prostora Posu\u0161ja, a kako je u vi\u0161e navrata nagla\u0161avao na\u010delnik op\u0107ine Posu\u0161je Ante Begi\u0107, ovo je va\u017eno i zbog pove\u0107anja proto\u010dnosti prometa.<\/p>\n\n\n\n<p>U kontekstu grani\u010dnog prijelaza, treba uputiti i na njegov zna\u010daj za ono na \u0161to Op\u0107ina Posu\u0161je gleda s posebnom pozorno\u0161\u0107u, a to su poslovne zone kao najperspektivnije lokacije koje su na raspolaganju doma\u0107im i stranim investitorima.<\/p>\n\n\n\n<p>Rije\u010d je o zonama Osrdak i Vlake, koje bi u bliskoj budu\u0107nosti trebale biti dodatni pokreta\u010d razvoja op\u0107ine, a s novim, moderno opremljenim grani\u010dnim prijelazom stvorit \u0107e se uvjeti za u\u010dinkovitiju razmjenu dobara. Ina\u010de, za GP Osoje predvi\u0111ena su 5,2 milijuna KM.<\/p>\n\n\n\n<p>Na jugu zemlje planirana je i izgradnja prijelaza Doljani, za \u0161to je u tijeku priprema tehni\u010dke dokumentacije i potrebnih dozvola, nakon \u010dega \u0107e slijediti raspisivanje natje\u010daja. B<\/p>\n\n\n\n<p>udu\u0107i grani\u010dni prijelaz Doljani imat \u0107e strate\u0161ki zna\u010daj za gospodarstvo na jugu dr\u017eave, ali i u kontekstu turisti\u010dke ponude.<\/p>\n\n\n\n<p>Dosada\u0161nji prizori, u kojima su vladale velike gu\u017eve u prometu na postoje\u0107em prijelazu, tako \u0107e vrlo skoro oti\u0107i u pro\u0161lost, a ulazak u BiH i izlazak iz dr\u017eave preko ovoga najfrekventnijeg prometnog pravca u bliskoj \u0107e se budu\u0107nosti odvijati preko modernog, po europskim standardima opremljenoga grani\u010dnog prijelaza.<\/p>\n\n\n\n<p>Osim u turisti\u010dkom smislu, novi \u0107e prijelaz imati i veliki zna\u010daj za gospodarske aktivnosti s obiju strana granice, a posebice trgovinu robama, pri \u010demu \u0107e BiH dosegnuti razinu propusnosti koja ve\u0107 postoji s hrvatske strane koja je, podsje\u0107amo, krajem 2017. godine pustila u promet novoizgra\u0111eni me\u0111unarodni grani\u010dni prijelaz.<\/p>\n\n\n\n<p>Prora\u010dun BiH za 2021. godinu, na\u017ealost, jo\u0161 uvijek nije usvojen, ali je njime predvi\u0111ena gradnja grani\u010dnih prijelaza Klobuk &#8211; Ilino Brdo, Zupci &#8211; Sitnica, Deleu\u0161a &#8211; Bra\u0107enovi\u0107i i Hum &#8211; \u0160\u0107epan Polje izme\u0111u BiH i Crne Gore.<\/p>\n\n\n\n<p><strong>Pograni\u010dni promet<\/strong><\/p>\n\n\n\n<p>Dva bi prijelaza trebala biti na teritoriju Crne Gore, a dva na teritoriju BiH. Planirana su sredstva za 2021. godini u iznosu od 2 milijuna KM, a u 2022. godini 3,5 milijuna KM. Istodobno, kroz IPA sredstva planira se u idu\u0107em razdoblju i izgradnja 28 grani\u010dnih prijelaza za pograni\u010dni promet, s tim \u0161to Uprava za neizravno oporezivanje ima obvezu osigurati zemlji\u0161te, projektnu dokumentaciju i odobrenja za gra\u0111enje, a procijenjena vrijednost za to je oko 2 milijuna KM.<\/p>\n\n\n\n<p>Ostatak sredstva za gradnju trebao bi se dobiti kroz IPA-u. U kontekstu novih grani\u010dnih prijelaza treba uputiti na va\u017enost nedavno otvorenog Svilaja, kao i na budu\u0107i prijelaz kod Gradi\u0161ke na bh. strani, a koji \u0107e vrlo vjerojatno postati integrirani.<\/p>\n\n\n\n<p>Izvor:vecernji.ba<\/p>\n","protected":false},"excerpt":{"rendered":"<p>U ovom trenutku planira se ili je ve\u0107 zapo\u010dela procedura izgradnje \u0161est novih grani\u010dnih prijelaza izme\u0111u Bosne i Hercegovine i Hrvatske odnosno Bosne i Hercegovine i Crne Gore, a time se planira podizanje u\u010dinkovitosti me\u0111ugrani\u010dnoga prometa, kao i ubrzanje ukupnih gospodarskih tokova, \u0161to je od klju\u010dnoga zna\u010daja za veliki broj gospodarstvenika, posebice na jugu zemlje, [&hellip;]<\/p>\n","protected":false},"author":2,"featured_media":84434,"comment_status":"closed","ping_status":"closed","sticky":false,"template":"","format":"standard","meta":{"h5ap_radio_sources":[],"footnotes":""},"categories":[1],"tags":[],"class_list":["post-84433","post","type-post","status-publish","format-standard","has-post-thumbnail","hentry","category-bihiregija"],"yoast_head":"<!-- This site is optimized with the Yoast SEO plugin v27.5 - https:\/\/yoast.com\/product\/yoast-seo-wordpress\/ -->\n<title>BiH s Hrvatskom i Crnom Gorom planira \u0161est modernih prijelaza - RADIO LJUBU\u0160KI<\/title>\n<meta name=\"robots\" content=\"index, follow, max-snippet:-1, max-image-preview:large, max-video-preview:-1\" \/>\n<link rel=\"canonical\" href=\"https:\/\/radioljubuski.ba\/index.php\/2021\/11\/03\/bih-s-hrvatskom-i-crnom-gorom-planira-sest-modernih-prijelaza\/\" \/>\n<meta property=\"og:locale\" content=\"hr_HR\" \/>\n<meta property=\"og:type\" content=\"article\" \/>\n<meta property=\"og:title\" content=\"BiH s Hrvatskom i Crnom Gorom planira \u0161est modernih prijelaza - RADIO LJUBU\u0160KI\" \/>\n<meta property=\"og:description\" content=\"U ovom trenutku planira se ili je ve\u0107 zapo\u010dela procedura izgradnje \u0161est novih grani\u010dnih prijelaza izme\u0111u Bosne i Hercegovine i Hrvatske odnosno Bosne i Hercegovine i Crne Gore, a time se planira podizanje u\u010dinkovitosti me\u0111ugrani\u010dnoga prometa, kao i ubrzanje ukupnih gospodarskih tokova, \u0161to je od klju\u010dnoga zna\u010daja za veliki broj gospodarstvenika, posebice na jugu zemlje, [&hellip;]\" \/>\n<meta property=\"og:url\" content=\"https:\/\/radioljubuski.ba\/index.php\/2021\/11\/03\/bih-s-hrvatskom-i-crnom-gorom-planira-sest-modernih-prijelaza\/\" \/>\n<meta property=\"og:site_name\" content=\"RADIO LJUBU\u0160KI\" \/>\n<meta property=\"article:publisher\" content=\"https:\/\/www.facebook.com\/Radiio-Ljubuski-1490835324566332\" \/>\n<meta property=\"article:published_time\" content=\"2021-11-03T11:01:58+00:00\" \/>\n<meta property=\"og:image\" content=\"https:\/\/radioljubuski.ba\/wp-content\/uploads\/2021\/11\/8-2021-11-03-07-04-56-vl-granica.jpeg\" \/>\n\t<meta property=\"og:image:width\" content=\"1000\" \/>\n\t<meta property=\"og:image:height\" content=\"625\" \/>\n\t<meta property=\"og:image:type\" content=\"image\/jpeg\" \/>\n<meta name=\"author\" content=\"Radio Ljubu\u0161ki\" \/>\n<meta name=\"twitter:card\" content=\"summary_large_image\" \/>\n<meta name=\"twitter:creator\" content=\"@radioljubuski\" \/>\n<meta name=\"twitter:site\" content=\"@radioljubuski\" \/>\n<meta name=\"twitter:label1\" content=\"Napisao\/la\" \/>\n\t<meta name=\"twitter:data1\" content=\"Radio Ljubu\u0161ki\" \/>\n\t<meta name=\"twitter:label2\" content=\"Procijenjeno vrijeme \u010ditanja\" \/>\n\t<meta name=\"twitter:data2\" content=\"3 minute\" \/>\n<script type=\"application\/ld+json\" class=\"yoast-schema-graph\">{\"@context\":\"https:\\\/\\\/schema.org\",\"@graph\":[{\"@type\":\"Article\",\"@id\":\"https:\\\/\\\/radioljubuski.ba\\\/index.php\\\/2021\\\/11\\\/03\\\/bih-s-hrvatskom-i-crnom-gorom-planira-sest-modernih-prijelaza\\\/#article\",\"isPartOf\":{\"@id\":\"https:\\\/\\\/radioljubuski.ba\\\/index.php\\\/2021\\\/11\\\/03\\\/bih-s-hrvatskom-i-crnom-gorom-planira-sest-modernih-prijelaza\\\/\"},\"author\":{\"name\":\"Radio Ljubu\u0161ki\",\"@id\":\"https:\\\/\\\/radioljubuski.ba\\\/#\\\/schema\\\/person\\\/19fc700381a780f69665d7956c469e3b\"},\"headline\":\"BiH s Hrvatskom i Crnom Gorom planira \u0161est modernih prijelaza\",\"datePublished\":\"2021-11-03T11:01:58+00:00\",\"mainEntityOfPage\":{\"@id\":\"https:\\\/\\\/radioljubuski.ba\\\/index.php\\\/2021\\\/11\\\/03\\\/bih-s-hrvatskom-i-crnom-gorom-planira-sest-modernih-prijelaza\\\/\"},\"wordCount\":583,\"publisher\":{\"@id\":\"https:\\\/\\\/radioljubuski.ba\\\/#organization\"},\"image\":{\"@id\":\"https:\\\/\\\/radioljubuski.ba\\\/index.php\\\/2021\\\/11\\\/03\\\/bih-s-hrvatskom-i-crnom-gorom-planira-sest-modernih-prijelaza\\\/#primaryimage\"},\"thumbnailUrl\":\"https:\\\/\\\/radioljubuski.ba\\\/wp-content\\\/uploads\\\/2021\\\/11\\\/8-2021-11-03-07-04-56-vl-granica.jpeg\",\"articleSection\":[\"BIH i regija\"],\"inLanguage\":\"hr\"},{\"@type\":\"WebPage\",\"@id\":\"https:\\\/\\\/radioljubuski.ba\\\/index.php\\\/2021\\\/11\\\/03\\\/bih-s-hrvatskom-i-crnom-gorom-planira-sest-modernih-prijelaza\\\/\",\"url\":\"https:\\\/\\\/radioljubuski.ba\\\/index.php\\\/2021\\\/11\\\/03\\\/bih-s-hrvatskom-i-crnom-gorom-planira-sest-modernih-prijelaza\\\/\",\"name\":\"BiH s Hrvatskom i Crnom Gorom planira \u0161est modernih prijelaza - RADIO LJUBU\u0160KI\",\"isPartOf\":{\"@id\":\"https:\\\/\\\/radioljubuski.ba\\\/#website\"},\"primaryImageOfPage\":{\"@id\":\"https:\\\/\\\/radioljubuski.ba\\\/index.php\\\/2021\\\/11\\\/03\\\/bih-s-hrvatskom-i-crnom-gorom-planira-sest-modernih-prijelaza\\\/#primaryimage\"},\"image\":{\"@id\":\"https:\\\/\\\/radioljubuski.ba\\\/index.php\\\/2021\\\/11\\\/03\\\/bih-s-hrvatskom-i-crnom-gorom-planira-sest-modernih-prijelaza\\\/#primaryimage\"},\"thumbnailUrl\":\"https:\\\/\\\/radioljubuski.ba\\\/wp-content\\\/uploads\\\/2021\\\/11\\\/8-2021-11-03-07-04-56-vl-granica.jpeg\",\"datePublished\":\"2021-11-03T11:01:58+00:00\",\"breadcrumb\":{\"@id\":\"https:\\\/\\\/radioljubuski.ba\\\/index.php\\\/2021\\\/11\\\/03\\\/bih-s-hrvatskom-i-crnom-gorom-planira-sest-modernih-prijelaza\\\/#breadcrumb\"},\"inLanguage\":\"hr\",\"potentialAction\":[{\"@type\":\"ReadAction\",\"target\":[\"https:\\\/\\\/radioljubuski.ba\\\/index.php\\\/2021\\\/11\\\/03\\\/bih-s-hrvatskom-i-crnom-gorom-planira-sest-modernih-prijelaza\\\/\"]}]},{\"@type\":\"ImageObject\",\"inLanguage\":\"hr\",\"@id\":\"https:\\\/\\\/radioljubuski.ba\\\/index.php\\\/2021\\\/11\\\/03\\\/bih-s-hrvatskom-i-crnom-gorom-planira-sest-modernih-prijelaza\\\/#primaryimage\",\"url\":\"https:\\\/\\\/radioljubuski.ba\\\/wp-content\\\/uploads\\\/2021\\\/11\\\/8-2021-11-03-07-04-56-vl-granica.jpeg\",\"contentUrl\":\"https:\\\/\\\/radioljubuski.ba\\\/wp-content\\\/uploads\\\/2021\\\/11\\\/8-2021-11-03-07-04-56-vl-granica.jpeg\",\"width\":1000,\"height\":625},{\"@type\":\"BreadcrumbList\",\"@id\":\"https:\\\/\\\/radioljubuski.ba\\\/index.php\\\/2021\\\/11\\\/03\\\/bih-s-hrvatskom-i-crnom-gorom-planira-sest-modernih-prijelaza\\\/#breadcrumb\",\"itemListElement\":[{\"@type\":\"ListItem\",\"position\":1,\"name\":\"Po\u010detna stranica\",\"item\":\"https:\\\/\\\/radioljubuski.ba\\\/\"},{\"@type\":\"ListItem\",\"position\":2,\"name\":\"BiH s Hrvatskom i Crnom Gorom planira \u0161est modernih prijelaza\"}]},{\"@type\":\"WebSite\",\"@id\":\"https:\\\/\\\/radioljubuski.ba\\\/#website\",\"url\":\"https:\\\/\\\/radioljubuski.ba\\\/\",\"name\":\"Radio Ljubu\u0161ki\",\"description\":\"Sun\u010dana frekvencija Hercegovine\",\"publisher\":{\"@id\":\"https:\\\/\\\/radioljubuski.ba\\\/#organization\"},\"potentialAction\":[{\"@type\":\"SearchAction\",\"target\":{\"@type\":\"EntryPoint\",\"urlTemplate\":\"https:\\\/\\\/radioljubuski.ba\\\/?s={search_term_string}\"},\"query-input\":{\"@type\":\"PropertyValueSpecification\",\"valueRequired\":true,\"valueName\":\"search_term_string\"}}],\"inLanguage\":\"hr\"},{\"@type\":\"Organization\",\"@id\":\"https:\\\/\\\/radioljubuski.ba\\\/#organization\",\"name\":\"Radio Ljubu\u0161ki\",\"url\":\"https:\\\/\\\/radioljubuski.ba\\\/\",\"logo\":{\"@type\":\"ImageObject\",\"inLanguage\":\"hr\",\"@id\":\"https:\\\/\\\/radioljubuski.ba\\\/#\\\/schema\\\/logo\\\/image\\\/\",\"url\":\"https:\\\/\\\/radioljubuski.ba\\\/wp-content\\\/uploads\\\/2021\\\/02\\\/cropped-Radio_Ljubuski_logo1.jpg\",\"contentUrl\":\"https:\\\/\\\/radioljubuski.ba\\\/wp-content\\\/uploads\\\/2021\\\/02\\\/cropped-Radio_Ljubuski_logo1.jpg\",\"width\":512,\"height\":512,\"caption\":\"Radio Ljubu\u0161ki\"},\"image\":{\"@id\":\"https:\\\/\\\/radioljubuski.ba\\\/#\\\/schema\\\/logo\\\/image\\\/\"},\"sameAs\":[\"https:\\\/\\\/www.facebook.com\\\/Radiio-Ljubuski-1490835324566332\",\"https:\\\/\\\/x.com\\\/radioljubuski\",\"https:\\\/\\\/hr.linkedin.com\\\/company\\\/radio-ljubuski\",\"https:\\\/\\\/www.youtube.com\\\/channel\\\/UCHYaeO_n0Db3tjNGudGpXyw\"]},{\"@type\":\"Person\",\"@id\":\"https:\\\/\\\/radioljubuski.ba\\\/#\\\/schema\\\/person\\\/19fc700381a780f69665d7956c469e3b\",\"name\":\"Radio Ljubu\u0161ki\"}]}<\/script>\n<!-- \/ Yoast SEO plugin. -->","yoast_head_json":{"title":"BiH s Hrvatskom i Crnom Gorom planira \u0161est modernih prijelaza - RADIO LJUBU\u0160KI","robots":{"index":"index","follow":"follow","max-snippet":"max-snippet:-1","max-image-preview":"max-image-preview:large","max-video-preview":"max-video-preview:-1"},"canonical":"https:\/\/radioljubuski.ba\/index.php\/2021\/11\/03\/bih-s-hrvatskom-i-crnom-gorom-planira-sest-modernih-prijelaza\/","og_locale":"hr_HR","og_type":"article","og_title":"BiH s Hrvatskom i Crnom Gorom planira \u0161est modernih prijelaza - RADIO LJUBU\u0160KI","og_description":"U ovom trenutku planira se ili je ve\u0107 zapo\u010dela procedura izgradnje \u0161est novih grani\u010dnih prijelaza izme\u0111u Bosne i Hercegovine i Hrvatske odnosno Bosne i Hercegovine i Crne Gore, a time se planira podizanje u\u010dinkovitosti me\u0111ugrani\u010dnoga prometa, kao i ubrzanje ukupnih gospodarskih tokova, \u0161to je od klju\u010dnoga zna\u010daja za veliki broj gospodarstvenika, posebice na jugu zemlje, [&hellip;]","og_url":"https:\/\/radioljubuski.ba\/index.php\/2021\/11\/03\/bih-s-hrvatskom-i-crnom-gorom-planira-sest-modernih-prijelaza\/","og_site_name":"RADIO LJUBU\u0160KI","article_publisher":"https:\/\/www.facebook.com\/Radiio-Ljubuski-1490835324566332","article_published_time":"2021-11-03T11:01:58+00:00","og_image":[{"width":1000,"height":625,"url":"https:\/\/radioljubuski.ba\/wp-content\/uploads\/2021\/11\/8-2021-11-03-07-04-56-vl-granica.jpeg","type":"image\/jpeg"}],"author":"Radio Ljubu\u0161ki","twitter_card":"summary_large_image","twitter_creator":"@radioljubuski","twitter_site":"@radioljubuski","twitter_misc":{"Napisao\/la":"Radio Ljubu\u0161ki","Procijenjeno vrijeme \u010ditanja":"3 minute"},"schema":{"@context":"https:\/\/schema.org","@graph":[{"@type":"Article","@id":"https:\/\/radioljubuski.ba\/index.php\/2021\/11\/03\/bih-s-hrvatskom-i-crnom-gorom-planira-sest-modernih-prijelaza\/#article","isPartOf":{"@id":"https:\/\/radioljubuski.ba\/index.php\/2021\/11\/03\/bih-s-hrvatskom-i-crnom-gorom-planira-sest-modernih-prijelaza\/"},"author":{"name":"Radio Ljubu\u0161ki","@id":"https:\/\/radioljubuski.ba\/#\/schema\/person\/19fc700381a780f69665d7956c469e3b"},"headline":"BiH s Hrvatskom i Crnom Gorom planira \u0161est modernih prijelaza","datePublished":"2021-11-03T11:01:58+00:00","mainEntityOfPage":{"@id":"https:\/\/radioljubuski.ba\/index.php\/2021\/11\/03\/bih-s-hrvatskom-i-crnom-gorom-planira-sest-modernih-prijelaza\/"},"wordCount":583,"publisher":{"@id":"https:\/\/radioljubuski.ba\/#organization"},"image":{"@id":"https:\/\/radioljubuski.ba\/index.php\/2021\/11\/03\/bih-s-hrvatskom-i-crnom-gorom-planira-sest-modernih-prijelaza\/#primaryimage"},"thumbnailUrl":"https:\/\/radioljubuski.ba\/wp-content\/uploads\/2021\/11\/8-2021-11-03-07-04-56-vl-granica.jpeg","articleSection":["BIH i regija"],"inLanguage":"hr"},{"@type":"WebPage","@id":"https:\/\/radioljubuski.ba\/index.php\/2021\/11\/03\/bih-s-hrvatskom-i-crnom-gorom-planira-sest-modernih-prijelaza\/","url":"https:\/\/radioljubuski.ba\/index.php\/2021\/11\/03\/bih-s-hrvatskom-i-crnom-gorom-planira-sest-modernih-prijelaza\/","name":"BiH s Hrvatskom i Crnom Gorom planira \u0161est modernih prijelaza - RADIO LJUBU\u0160KI","isPartOf":{"@id":"https:\/\/radioljubuski.ba\/#website"},"primaryImageOfPage":{"@id":"https:\/\/radioljubuski.ba\/index.php\/2021\/11\/03\/bih-s-hrvatskom-i-crnom-gorom-planira-sest-modernih-prijelaza\/#primaryimage"},"image":{"@id":"https:\/\/radioljubuski.ba\/index.php\/2021\/11\/03\/bih-s-hrvatskom-i-crnom-gorom-planira-sest-modernih-prijelaza\/#primaryimage"},"thumbnailUrl":"https:\/\/radioljubuski.ba\/wp-content\/uploads\/2021\/11\/8-2021-11-03-07-04-56-vl-granica.jpeg","datePublished":"2021-11-03T11:01:58+00:00","breadcrumb":{"@id":"https:\/\/radioljubuski.ba\/index.php\/2021\/11\/03\/bih-s-hrvatskom-i-crnom-gorom-planira-sest-modernih-prijelaza\/#breadcrumb"},"inLanguage":"hr","potentialAction":[{"@type":"ReadAction","target":["https:\/\/radioljubuski.ba\/index.php\/2021\/11\/03\/bih-s-hrvatskom-i-crnom-gorom-planira-sest-modernih-prijelaza\/"]}]},{"@type":"ImageObject","inLanguage":"hr","@id":"https:\/\/radioljubuski.ba\/index.php\/2021\/11\/03\/bih-s-hrvatskom-i-crnom-gorom-planira-sest-modernih-prijelaza\/#primaryimage","url":"https:\/\/radioljubuski.ba\/wp-content\/uploads\/2021\/11\/8-2021-11-03-07-04-56-vl-granica.jpeg","contentUrl":"https:\/\/radioljubuski.ba\/wp-content\/uploads\/2021\/11\/8-2021-11-03-07-04-56-vl-granica.jpeg","width":1000,"height":625},{"@type":"BreadcrumbList","@id":"https:\/\/radioljubuski.ba\/index.php\/2021\/11\/03\/bih-s-hrvatskom-i-crnom-gorom-planira-sest-modernih-prijelaza\/#breadcrumb","itemListElement":[{"@type":"ListItem","position":1,"name":"Po\u010detna stranica","item":"https:\/\/radioljubuski.ba\/"},{"@type":"ListItem","position":2,"name":"BiH s Hrvatskom i Crnom Gorom planira \u0161est modernih prijelaza"}]},{"@type":"WebSite","@id":"https:\/\/radioljubuski.ba\/#website","url":"https:\/\/radioljubuski.ba\/","name":"Radio Ljubu\u0161ki","description":"Sun\u010dana frekvencija Hercegovine","publisher":{"@id":"https:\/\/radioljubuski.ba\/#organization"},"potentialAction":[{"@type":"SearchAction","target":{"@type":"EntryPoint","urlTemplate":"https:\/\/radioljubuski.ba\/?s={search_term_string}"},"query-input":{"@type":"PropertyValueSpecification","valueRequired":true,"valueName":"search_term_string"}}],"inLanguage":"hr"},{"@type":"Organization","@id":"https:\/\/radioljubuski.ba\/#organization","name":"Radio Ljubu\u0161ki","url":"https:\/\/radioljubuski.ba\/","logo":{"@type":"ImageObject","inLanguage":"hr","@id":"https:\/\/radioljubuski.ba\/#\/schema\/logo\/image\/","url":"https:\/\/radioljubuski.ba\/wp-content\/uploads\/2021\/02\/cropped-Radio_Ljubuski_logo1.jpg","contentUrl":"https:\/\/radioljubuski.ba\/wp-content\/uploads\/2021\/02\/cropped-Radio_Ljubuski_logo1.jpg","width":512,"height":512,"caption":"Radio Ljubu\u0161ki"},"image":{"@id":"https:\/\/radioljubuski.ba\/#\/schema\/logo\/image\/"},"sameAs":["https:\/\/www.facebook.com\/Radiio-Ljubuski-1490835324566332","https:\/\/x.com\/radioljubuski","https:\/\/hr.linkedin.com\/company\/radio-ljubuski","https:\/\/www.youtube.com\/channel\/UCHYaeO_n0Db3tjNGudGpXyw"]},{"@type":"Person","@id":"https:\/\/radioljubuski.ba\/#\/schema\/person\/19fc700381a780f69665d7956c469e3b","name":"Radio Ljubu\u0161ki"}]}},"_links":{"self":[{"href":"https:\/\/radioljubuski.ba\/index.php\/wp-json\/wp\/v2\/posts\/84433","targetHints":{"allow":["GET"]}}],"collection":[{"href":"https:\/\/radioljubuski.ba\/index.php\/wp-json\/wp\/v2\/posts"}],"about":[{"href":"https:\/\/radioljubuski.ba\/index.php\/wp-json\/wp\/v2\/types\/post"}],"author":[{"embeddable":true,"href":"https:\/\/radioljubuski.ba\/index.php\/wp-json\/wp\/v2\/users\/2"}],"replies":[{"embeddable":true,"href":"https:\/\/radioljubuski.ba\/index.php\/wp-json\/wp\/v2\/comments?post=84433"}],"version-history":[{"count":1,"href":"https:\/\/radioljubuski.ba\/index.php\/wp-json\/wp\/v2\/posts\/84433\/revisions"}],"predecessor-version":[{"id":84435,"href":"https:\/\/radioljubuski.ba\/index.php\/wp-json\/wp\/v2\/posts\/84433\/revisions\/84435"}],"wp:featuredmedia":[{"embeddable":true,"href":"https:\/\/radioljubuski.ba\/index.php\/wp-json\/wp\/v2\/media\/84434"}],"wp:attachment":[{"href":"https:\/\/radioljubuski.ba\/index.php\/wp-json\/wp\/v2\/media?parent=84433"}],"wp:term":[{"taxonomy":"category","embeddable":true,"href":"https:\/\/radioljubuski.ba\/index.php\/wp-json\/wp\/v2\/categories?post=84433"},{"taxonomy":"post_tag","embeddable":true,"href":"https:\/\/radioljubuski.ba\/index.php\/wp-json\/wp\/v2\/tags?post=84433"}],"curies":[{"name":"wp","href":"https:\/\/api.w.org\/{rel}","templated":true}]}}