{"id":84442,"date":"2021-11-03T12:06:00","date_gmt":"2021-11-03T11:06:00","guid":{"rendered":"https:\/\/radioljubuski.ba\/?p=84442"},"modified":"2021-11-03T12:06:02","modified_gmt":"2021-11-03T11:06:02","slug":"u-bih-povecana-upotreba-antidepresiva-video","status":"publish","type":"post","link":"https:\/\/radioljubuski.ba\/index.php\/2021\/11\/03\/u-bih-povecana-upotreba-antidepresiva-video\/","title":{"rendered":"U BiH pove\u0107ana upotreba antidepresiva &#8211; video"},"content":{"rendered":"\n<p>Pandemija, koja je uzrokovala socijalnu i fizi\u010dku izolaciju, konstantan strah i ekonomske strepnje, ujedno je utjecala i na mentalno zdravlje stanovni\u0161tva. To se najvi\u0161e izra\u017eava u pove\u0107anju depresivnosti i anksioznosti, a time je pove\u0107ana i prodaja antidepresiva. Zabrinjava ve\u0107i broj mla\u0111ih pacijenata s depresivnim i anksioznim stanjima.<\/p>\n\n\n\n<iframe loading=\"lazy\" title=\"Sve ve\u0107a upotreba antidepresiva u BiH\" width=\"640\" height=\"360\" src=\"https:\/\/www.youtube.com\/embed\/d1cA5U5McEQ?feature=oembed\" frameborder=\"0\" allow=\"accelerometer; autoplay; clipboard-write; encrypted-media; gyroscope; picture-in-picture; web-share\" referrerpolicy=\"strict-origin-when-cross-origin\" allowfullscreen><\/iframe>\n\n\n\n<p>Pandemija koronavirusa umnogome je utjecala na pogor\u0161anje mentalnoga zdravlja. Pove\u0107an je broj i ambulantnih slu\u010dajeva, ali i hospitalizacija.<\/p>\n\n\n\n<p>dr. LAMIJA DURANOVI\u0106 VINKOVI\u0106, \u0161efica Slu\u017ebe za psihijatriju RMC &#8220;Dr. Safet Muji\u0107\u201c, Mostar<\/p>\n\n\n\n<p>\u201ePrimijetili smo da u posljednje vrijeme postoji veliki broj mladih osoba koje su tako\u0111er sa simptomima depresije i anksioznosti i \u0161to je najgore, ti simptomi traju du\u017ee vrijeme\u201c, rekla je Duranovi\u0107 Vinkovi\u0107.<\/p>\n\n\n\n<p>Samim tim, pove\u0107ana je uporaba antidepresiva i anksiolitika, odnosno lijekova za smirenje.<\/p>\n\n\n\n<p>dr. KOSANA STANETI\u0106, na\u010delnica Slu\u017ebe obiteljske medicine JZU DZ, Banja Luka<\/p>\n\n\n\n<p>\u201eOno \u0161to mi primje\u0107ujemo u praksi jeste poja\u010dana potreba za anksioliticima Dal&#8217; je to ova neizvjesnost, strah od obolijevanja, od bolesti bliskih \u010dlanova obitelji, pa \u010dak i smrtni ishodi su \u010desto razlog za\u0161to pacijenti pose\u017eu za anksioliticima, ali i za antidepresivima\u201c, kazala je Staneti\u0107.<\/p>\n\n\n\n<p>mr. ph. SEMRA BREKALO, ljekarna \u201eEuropharm\u201c, Mostar<\/p>\n\n\n\n<p>\u201eU zadnje dvije godine otkad je korona, nismo primijetili ne\u0161to pove\u0107an izlaznost tih tableta sa smirenje, sedativa. Nekako vi\u0161e pacijenti idu na opciju biljnih preparata&#8221;, istakla je Brekalo.<\/p>\n\n\n\n<p>dr. LAMIJA DURANOVI\u0106 VINKOVI\u0106, \u0161efica Slu\u017ebe za psihijatriju RMC &#8220;Dr. Safet Muji\u0107\u201c, Mostar<\/p>\n\n\n\n<p>\u201eNije problem ako se ti lijekovi koriste sporadi\u010dno u situacijama stresa. Problem je ako se ti lijekovi koriste svakodnevno u dvije, tri i vi\u0161e doza \u0161to nije rijedak slu\u010daj i simptomi se umiruju trenutno\u201c, objasnila je Duranovi\u0107 Vinkovi\u0107.<\/p>\n\n\n\n<p>Od bolesnika kojima su propisani antidepresivi, njih 50% uzima lijek na propisani na\u010din. Lijekovi sa psihoaktivnim supstancama kupuju se isklju\u010divo na recept, no prethodnih godina tome se znalo progledati kroz prste. \u010cestim inspekcijskim kontrolama, ali i visokim kaznama takva praksa je onemogu\u0107ena.<\/p>\n\n\n\n<p>DU\u0160ANKA MAKIVI\u0106, glasnogovornica Inspektorata Republike Srpske<\/p>\n\n\n\n<p>\u201eOne iznose od 3 do 15 tisu\u0107a za pravno lice, od tisu\u0107u do tri tisu\u0107e za odgovorno lice u pravnom licu i za magistra farmacije od 500 do 1500 KM\u201c.<\/p>\n\n\n\n<p>Va\u017eno je naglasiti kako nije i ne smije biti sramota ukazati na promjene i problem u mentalnom zdravlju, jer nitko nije na to imun. Ozdravljenje je mogu\u0107e, posebice ukoliko se na vrijeme javi specijalistu, pi\u0161e BHRT.<\/p>\n\n\n\n<p>Izvor:BHRT<\/p>\n","protected":false},"excerpt":{"rendered":"<p>Pandemija, koja je uzrokovala socijalnu i fizi\u010dku izolaciju, konstantan strah i ekonomske strepnje, ujedno je utjecala i na mentalno zdravlje stanovni\u0161tva. To se najvi\u0161e izra\u017eava u pove\u0107anju depresivnosti i anksioznosti, a time je pove\u0107ana i prodaja antidepresiva. Zabrinjava ve\u0107i broj mla\u0111ih pacijenata s depresivnim i anksioznim stanjima. Pandemija koronavirusa umnogome je utjecala na pogor\u0161anje mentalnoga [&hellip;]<\/p>\n","protected":false},"author":2,"featured_media":84443,"comment_status":"closed","ping_status":"closed","sticky":false,"template":"","format":"standard","meta":{"h5ap_radio_sources":[],"footnotes":""},"categories":[1],"tags":[],"class_list":["post-84442","post","type-post","status-publish","format-standard","has-post-thumbnail","hentry","category-bihiregija"],"yoast_head":"<!-- This site is optimized with the Yoast SEO plugin v27.5 - https:\/\/yoast.com\/product\/yoast-seo-wordpress\/ -->\n<title>U BiH pove\u0107ana upotreba antidepresiva - video - RADIO LJUBU\u0160KI<\/title>\n<meta name=\"robots\" content=\"index, follow, max-snippet:-1, max-image-preview:large, max-video-preview:-1\" \/>\n<link rel=\"canonical\" href=\"https:\/\/radioljubuski.ba\/index.php\/2021\/11\/03\/u-bih-povecana-upotreba-antidepresiva-video\/\" \/>\n<meta property=\"og:locale\" content=\"hr_HR\" \/>\n<meta property=\"og:type\" content=\"article\" \/>\n<meta property=\"og:title\" content=\"U BiH pove\u0107ana upotreba antidepresiva - video - RADIO LJUBU\u0160KI\" \/>\n<meta property=\"og:description\" content=\"Pandemija, koja je uzrokovala socijalnu i fizi\u010dku izolaciju, konstantan strah i ekonomske strepnje, ujedno je utjecala i na mentalno zdravlje stanovni\u0161tva. To se najvi\u0161e izra\u017eava u pove\u0107anju depresivnosti i anksioznosti, a time je pove\u0107ana i prodaja antidepresiva. Zabrinjava ve\u0107i broj mla\u0111ih pacijenata s depresivnim i anksioznim stanjima. Pandemija koronavirusa umnogome je utjecala na pogor\u0161anje mentalnoga [&hellip;]\" \/>\n<meta property=\"og:url\" content=\"https:\/\/radioljubuski.ba\/index.php\/2021\/11\/03\/u-bih-povecana-upotreba-antidepresiva-video\/\" \/>\n<meta property=\"og:site_name\" content=\"RADIO LJUBU\u0160KI\" \/>\n<meta property=\"article:publisher\" content=\"https:\/\/www.facebook.com\/Radiio-Ljubuski-1490835324566332\" \/>\n<meta property=\"article:published_time\" content=\"2021-11-03T11:06:00+00:00\" \/>\n<meta property=\"article:modified_time\" content=\"2021-11-03T11:06:02+00:00\" \/>\n<meta property=\"og:image\" content=\"https:\/\/radioljubuski.ba\/wp-content\/uploads\/2021\/11\/3-2021-11-03-07-21-09-lamija.png\" \/>\n\t<meta property=\"og:image:width\" content=\"1000\" \/>\n\t<meta property=\"og:image:height\" content=\"625\" \/>\n\t<meta property=\"og:image:type\" content=\"image\/png\" \/>\n<meta name=\"author\" content=\"Radio Ljubu\u0161ki\" \/>\n<meta name=\"twitter:card\" content=\"summary_large_image\" \/>\n<meta name=\"twitter:creator\" content=\"@radioljubuski\" \/>\n<meta name=\"twitter:site\" content=\"@radioljubuski\" \/>\n<meta name=\"twitter:label1\" content=\"Napisao\/la\" \/>\n\t<meta name=\"twitter:data1\" content=\"Radio Ljubu\u0161ki\" \/>\n\t<meta name=\"twitter:label2\" content=\"Procijenjeno vrijeme \u010ditanja\" \/>\n\t<meta name=\"twitter:data2\" content=\"2 minute\" \/>\n<script type=\"application\/ld+json\" class=\"yoast-schema-graph\">{\"@context\":\"https:\\\/\\\/schema.org\",\"@graph\":[{\"@type\":\"Article\",\"@id\":\"https:\\\/\\\/radioljubuski.ba\\\/index.php\\\/2021\\\/11\\\/03\\\/u-bih-povecana-upotreba-antidepresiva-video\\\/#article\",\"isPartOf\":{\"@id\":\"https:\\\/\\\/radioljubuski.ba\\\/index.php\\\/2021\\\/11\\\/03\\\/u-bih-povecana-upotreba-antidepresiva-video\\\/\"},\"author\":{\"name\":\"Radio Ljubu\u0161ki\",\"@id\":\"https:\\\/\\\/radioljubuski.ba\\\/#\\\/schema\\\/person\\\/19fc700381a780f69665d7956c469e3b\"},\"headline\":\"U BiH pove\u0107ana upotreba antidepresiva &#8211; video\",\"datePublished\":\"2021-11-03T11:06:00+00:00\",\"dateModified\":\"2021-11-03T11:06:02+00:00\",\"mainEntityOfPage\":{\"@id\":\"https:\\\/\\\/radioljubuski.ba\\\/index.php\\\/2021\\\/11\\\/03\\\/u-bih-povecana-upotreba-antidepresiva-video\\\/\"},\"wordCount\":430,\"publisher\":{\"@id\":\"https:\\\/\\\/radioljubuski.ba\\\/#organization\"},\"image\":{\"@id\":\"https:\\\/\\\/radioljubuski.ba\\\/index.php\\\/2021\\\/11\\\/03\\\/u-bih-povecana-upotreba-antidepresiva-video\\\/#primaryimage\"},\"thumbnailUrl\":\"https:\\\/\\\/radioljubuski.ba\\\/wp-content\\\/uploads\\\/2021\\\/11\\\/3-2021-11-03-07-21-09-lamija.png\",\"articleSection\":[\"BIH i regija\"],\"inLanguage\":\"hr\"},{\"@type\":\"WebPage\",\"@id\":\"https:\\\/\\\/radioljubuski.ba\\\/index.php\\\/2021\\\/11\\\/03\\\/u-bih-povecana-upotreba-antidepresiva-video\\\/\",\"url\":\"https:\\\/\\\/radioljubuski.ba\\\/index.php\\\/2021\\\/11\\\/03\\\/u-bih-povecana-upotreba-antidepresiva-video\\\/\",\"name\":\"U BiH pove\u0107ana upotreba antidepresiva - video - RADIO LJUBU\u0160KI\",\"isPartOf\":{\"@id\":\"https:\\\/\\\/radioljubuski.ba\\\/#website\"},\"primaryImageOfPage\":{\"@id\":\"https:\\\/\\\/radioljubuski.ba\\\/index.php\\\/2021\\\/11\\\/03\\\/u-bih-povecana-upotreba-antidepresiva-video\\\/#primaryimage\"},\"image\":{\"@id\":\"https:\\\/\\\/radioljubuski.ba\\\/index.php\\\/2021\\\/11\\\/03\\\/u-bih-povecana-upotreba-antidepresiva-video\\\/#primaryimage\"},\"thumbnailUrl\":\"https:\\\/\\\/radioljubuski.ba\\\/wp-content\\\/uploads\\\/2021\\\/11\\\/3-2021-11-03-07-21-09-lamija.png\",\"datePublished\":\"2021-11-03T11:06:00+00:00\",\"dateModified\":\"2021-11-03T11:06:02+00:00\",\"breadcrumb\":{\"@id\":\"https:\\\/\\\/radioljubuski.ba\\\/index.php\\\/2021\\\/11\\\/03\\\/u-bih-povecana-upotreba-antidepresiva-video\\\/#breadcrumb\"},\"inLanguage\":\"hr\",\"potentialAction\":[{\"@type\":\"ReadAction\",\"target\":[\"https:\\\/\\\/radioljubuski.ba\\\/index.php\\\/2021\\\/11\\\/03\\\/u-bih-povecana-upotreba-antidepresiva-video\\\/\"]}]},{\"@type\":\"ImageObject\",\"inLanguage\":\"hr\",\"@id\":\"https:\\\/\\\/radioljubuski.ba\\\/index.php\\\/2021\\\/11\\\/03\\\/u-bih-povecana-upotreba-antidepresiva-video\\\/#primaryimage\",\"url\":\"https:\\\/\\\/radioljubuski.ba\\\/wp-content\\\/uploads\\\/2021\\\/11\\\/3-2021-11-03-07-21-09-lamija.png\",\"contentUrl\":\"https:\\\/\\\/radioljubuski.ba\\\/wp-content\\\/uploads\\\/2021\\\/11\\\/3-2021-11-03-07-21-09-lamija.png\",\"width\":1000,\"height\":625},{\"@type\":\"BreadcrumbList\",\"@id\":\"https:\\\/\\\/radioljubuski.ba\\\/index.php\\\/2021\\\/11\\\/03\\\/u-bih-povecana-upotreba-antidepresiva-video\\\/#breadcrumb\",\"itemListElement\":[{\"@type\":\"ListItem\",\"position\":1,\"name\":\"Po\u010detna stranica\",\"item\":\"https:\\\/\\\/radioljubuski.ba\\\/\"},{\"@type\":\"ListItem\",\"position\":2,\"name\":\"U BiH pove\u0107ana upotreba antidepresiva &#8211; video\"}]},{\"@type\":\"WebSite\",\"@id\":\"https:\\\/\\\/radioljubuski.ba\\\/#website\",\"url\":\"https:\\\/\\\/radioljubuski.ba\\\/\",\"name\":\"Radio Ljubu\u0161ki\",\"description\":\"Sun\u010dana frekvencija Hercegovine\",\"publisher\":{\"@id\":\"https:\\\/\\\/radioljubuski.ba\\\/#organization\"},\"potentialAction\":[{\"@type\":\"SearchAction\",\"target\":{\"@type\":\"EntryPoint\",\"urlTemplate\":\"https:\\\/\\\/radioljubuski.ba\\\/?s={search_term_string}\"},\"query-input\":{\"@type\":\"PropertyValueSpecification\",\"valueRequired\":true,\"valueName\":\"search_term_string\"}}],\"inLanguage\":\"hr\"},{\"@type\":\"Organization\",\"@id\":\"https:\\\/\\\/radioljubuski.ba\\\/#organization\",\"name\":\"Radio Ljubu\u0161ki\",\"url\":\"https:\\\/\\\/radioljubuski.ba\\\/\",\"logo\":{\"@type\":\"ImageObject\",\"inLanguage\":\"hr\",\"@id\":\"https:\\\/\\\/radioljubuski.ba\\\/#\\\/schema\\\/logo\\\/image\\\/\",\"url\":\"https:\\\/\\\/radioljubuski.ba\\\/wp-content\\\/uploads\\\/2021\\\/02\\\/cropped-Radio_Ljubuski_logo1.jpg\",\"contentUrl\":\"https:\\\/\\\/radioljubuski.ba\\\/wp-content\\\/uploads\\\/2021\\\/02\\\/cropped-Radio_Ljubuski_logo1.jpg\",\"width\":512,\"height\":512,\"caption\":\"Radio Ljubu\u0161ki\"},\"image\":{\"@id\":\"https:\\\/\\\/radioljubuski.ba\\\/#\\\/schema\\\/logo\\\/image\\\/\"},\"sameAs\":[\"https:\\\/\\\/www.facebook.com\\\/Radiio-Ljubuski-1490835324566332\",\"https:\\\/\\\/x.com\\\/radioljubuski\",\"https:\\\/\\\/hr.linkedin.com\\\/company\\\/radio-ljubuski\",\"https:\\\/\\\/www.youtube.com\\\/channel\\\/UCHYaeO_n0Db3tjNGudGpXyw\"]},{\"@type\":\"Person\",\"@id\":\"https:\\\/\\\/radioljubuski.ba\\\/#\\\/schema\\\/person\\\/19fc700381a780f69665d7956c469e3b\",\"name\":\"Radio Ljubu\u0161ki\"}]}<\/script>\n<!-- \/ Yoast SEO plugin. -->","yoast_head_json":{"title":"U BiH pove\u0107ana upotreba antidepresiva - video - RADIO LJUBU\u0160KI","robots":{"index":"index","follow":"follow","max-snippet":"max-snippet:-1","max-image-preview":"max-image-preview:large","max-video-preview":"max-video-preview:-1"},"canonical":"https:\/\/radioljubuski.ba\/index.php\/2021\/11\/03\/u-bih-povecana-upotreba-antidepresiva-video\/","og_locale":"hr_HR","og_type":"article","og_title":"U BiH pove\u0107ana upotreba antidepresiva - video - RADIO LJUBU\u0160KI","og_description":"Pandemija, koja je uzrokovala socijalnu i fizi\u010dku izolaciju, konstantan strah i ekonomske strepnje, ujedno je utjecala i na mentalno zdravlje stanovni\u0161tva. To se najvi\u0161e izra\u017eava u pove\u0107anju depresivnosti i anksioznosti, a time je pove\u0107ana i prodaja antidepresiva. Zabrinjava ve\u0107i broj mla\u0111ih pacijenata s depresivnim i anksioznim stanjima. Pandemija koronavirusa umnogome je utjecala na pogor\u0161anje mentalnoga [&hellip;]","og_url":"https:\/\/radioljubuski.ba\/index.php\/2021\/11\/03\/u-bih-povecana-upotreba-antidepresiva-video\/","og_site_name":"RADIO LJUBU\u0160KI","article_publisher":"https:\/\/www.facebook.com\/Radiio-Ljubuski-1490835324566332","article_published_time":"2021-11-03T11:06:00+00:00","article_modified_time":"2021-11-03T11:06:02+00:00","og_image":[{"width":1000,"height":625,"url":"https:\/\/radioljubuski.ba\/wp-content\/uploads\/2021\/11\/3-2021-11-03-07-21-09-lamija.png","type":"image\/png"}],"author":"Radio Ljubu\u0161ki","twitter_card":"summary_large_image","twitter_creator":"@radioljubuski","twitter_site":"@radioljubuski","twitter_misc":{"Napisao\/la":"Radio Ljubu\u0161ki","Procijenjeno vrijeme \u010ditanja":"2 minute"},"schema":{"@context":"https:\/\/schema.org","@graph":[{"@type":"Article","@id":"https:\/\/radioljubuski.ba\/index.php\/2021\/11\/03\/u-bih-povecana-upotreba-antidepresiva-video\/#article","isPartOf":{"@id":"https:\/\/radioljubuski.ba\/index.php\/2021\/11\/03\/u-bih-povecana-upotreba-antidepresiva-video\/"},"author":{"name":"Radio Ljubu\u0161ki","@id":"https:\/\/radioljubuski.ba\/#\/schema\/person\/19fc700381a780f69665d7956c469e3b"},"headline":"U BiH pove\u0107ana upotreba antidepresiva &#8211; video","datePublished":"2021-11-03T11:06:00+00:00","dateModified":"2021-11-03T11:06:02+00:00","mainEntityOfPage":{"@id":"https:\/\/radioljubuski.ba\/index.php\/2021\/11\/03\/u-bih-povecana-upotreba-antidepresiva-video\/"},"wordCount":430,"publisher":{"@id":"https:\/\/radioljubuski.ba\/#organization"},"image":{"@id":"https:\/\/radioljubuski.ba\/index.php\/2021\/11\/03\/u-bih-povecana-upotreba-antidepresiva-video\/#primaryimage"},"thumbnailUrl":"https:\/\/radioljubuski.ba\/wp-content\/uploads\/2021\/11\/3-2021-11-03-07-21-09-lamija.png","articleSection":["BIH i regija"],"inLanguage":"hr"},{"@type":"WebPage","@id":"https:\/\/radioljubuski.ba\/index.php\/2021\/11\/03\/u-bih-povecana-upotreba-antidepresiva-video\/","url":"https:\/\/radioljubuski.ba\/index.php\/2021\/11\/03\/u-bih-povecana-upotreba-antidepresiva-video\/","name":"U BiH pove\u0107ana upotreba antidepresiva - video - RADIO LJUBU\u0160KI","isPartOf":{"@id":"https:\/\/radioljubuski.ba\/#website"},"primaryImageOfPage":{"@id":"https:\/\/radioljubuski.ba\/index.php\/2021\/11\/03\/u-bih-povecana-upotreba-antidepresiva-video\/#primaryimage"},"image":{"@id":"https:\/\/radioljubuski.ba\/index.php\/2021\/11\/03\/u-bih-povecana-upotreba-antidepresiva-video\/#primaryimage"},"thumbnailUrl":"https:\/\/radioljubuski.ba\/wp-content\/uploads\/2021\/11\/3-2021-11-03-07-21-09-lamija.png","datePublished":"2021-11-03T11:06:00+00:00","dateModified":"2021-11-03T11:06:02+00:00","breadcrumb":{"@id":"https:\/\/radioljubuski.ba\/index.php\/2021\/11\/03\/u-bih-povecana-upotreba-antidepresiva-video\/#breadcrumb"},"inLanguage":"hr","potentialAction":[{"@type":"ReadAction","target":["https:\/\/radioljubuski.ba\/index.php\/2021\/11\/03\/u-bih-povecana-upotreba-antidepresiva-video\/"]}]},{"@type":"ImageObject","inLanguage":"hr","@id":"https:\/\/radioljubuski.ba\/index.php\/2021\/11\/03\/u-bih-povecana-upotreba-antidepresiva-video\/#primaryimage","url":"https:\/\/radioljubuski.ba\/wp-content\/uploads\/2021\/11\/3-2021-11-03-07-21-09-lamija.png","contentUrl":"https:\/\/radioljubuski.ba\/wp-content\/uploads\/2021\/11\/3-2021-11-03-07-21-09-lamija.png","width":1000,"height":625},{"@type":"BreadcrumbList","@id":"https:\/\/radioljubuski.ba\/index.php\/2021\/11\/03\/u-bih-povecana-upotreba-antidepresiva-video\/#breadcrumb","itemListElement":[{"@type":"ListItem","position":1,"name":"Po\u010detna stranica","item":"https:\/\/radioljubuski.ba\/"},{"@type":"ListItem","position":2,"name":"U BiH pove\u0107ana upotreba antidepresiva &#8211; video"}]},{"@type":"WebSite","@id":"https:\/\/radioljubuski.ba\/#website","url":"https:\/\/radioljubuski.ba\/","name":"Radio Ljubu\u0161ki","description":"Sun\u010dana frekvencija Hercegovine","publisher":{"@id":"https:\/\/radioljubuski.ba\/#organization"},"potentialAction":[{"@type":"SearchAction","target":{"@type":"EntryPoint","urlTemplate":"https:\/\/radioljubuski.ba\/?s={search_term_string}"},"query-input":{"@type":"PropertyValueSpecification","valueRequired":true,"valueName":"search_term_string"}}],"inLanguage":"hr"},{"@type":"Organization","@id":"https:\/\/radioljubuski.ba\/#organization","name":"Radio Ljubu\u0161ki","url":"https:\/\/radioljubuski.ba\/","logo":{"@type":"ImageObject","inLanguage":"hr","@id":"https:\/\/radioljubuski.ba\/#\/schema\/logo\/image\/","url":"https:\/\/radioljubuski.ba\/wp-content\/uploads\/2021\/02\/cropped-Radio_Ljubuski_logo1.jpg","contentUrl":"https:\/\/radioljubuski.ba\/wp-content\/uploads\/2021\/02\/cropped-Radio_Ljubuski_logo1.jpg","width":512,"height":512,"caption":"Radio Ljubu\u0161ki"},"image":{"@id":"https:\/\/radioljubuski.ba\/#\/schema\/logo\/image\/"},"sameAs":["https:\/\/www.facebook.com\/Radiio-Ljubuski-1490835324566332","https:\/\/x.com\/radioljubuski","https:\/\/hr.linkedin.com\/company\/radio-ljubuski","https:\/\/www.youtube.com\/channel\/UCHYaeO_n0Db3tjNGudGpXyw"]},{"@type":"Person","@id":"https:\/\/radioljubuski.ba\/#\/schema\/person\/19fc700381a780f69665d7956c469e3b","name":"Radio Ljubu\u0161ki"}]}},"_links":{"self":[{"href":"https:\/\/radioljubuski.ba\/index.php\/wp-json\/wp\/v2\/posts\/84442","targetHints":{"allow":["GET"]}}],"collection":[{"href":"https:\/\/radioljubuski.ba\/index.php\/wp-json\/wp\/v2\/posts"}],"about":[{"href":"https:\/\/radioljubuski.ba\/index.php\/wp-json\/wp\/v2\/types\/post"}],"author":[{"embeddable":true,"href":"https:\/\/radioljubuski.ba\/index.php\/wp-json\/wp\/v2\/users\/2"}],"replies":[{"embeddable":true,"href":"https:\/\/radioljubuski.ba\/index.php\/wp-json\/wp\/v2\/comments?post=84442"}],"version-history":[{"count":1,"href":"https:\/\/radioljubuski.ba\/index.php\/wp-json\/wp\/v2\/posts\/84442\/revisions"}],"predecessor-version":[{"id":84444,"href":"https:\/\/radioljubuski.ba\/index.php\/wp-json\/wp\/v2\/posts\/84442\/revisions\/84444"}],"wp:featuredmedia":[{"embeddable":true,"href":"https:\/\/radioljubuski.ba\/index.php\/wp-json\/wp\/v2\/media\/84443"}],"wp:attachment":[{"href":"https:\/\/radioljubuski.ba\/index.php\/wp-json\/wp\/v2\/media?parent=84442"}],"wp:term":[{"taxonomy":"category","embeddable":true,"href":"https:\/\/radioljubuski.ba\/index.php\/wp-json\/wp\/v2\/categories?post=84442"},{"taxonomy":"post_tag","embeddable":true,"href":"https:\/\/radioljubuski.ba\/index.php\/wp-json\/wp\/v2\/tags?post=84442"}],"curies":[{"name":"wp","href":"https:\/\/api.w.org\/{rel}","templated":true}]}}