{"id":84445,"date":"2021-11-03T12:07:15","date_gmt":"2021-11-03T11:07:15","guid":{"rendered":"https:\/\/radioljubuski.ba\/?p=84445"},"modified":"2021-11-03T12:07:16","modified_gmt":"2021-11-03T11:07:16","slug":"bivsi-policajac-eric-adams-postao-gradonacelnik-new-yorka","status":"publish","type":"post","link":"https:\/\/radioljubuski.ba\/index.php\/2021\/11\/03\/bivsi-policajac-eric-adams-postao-gradonacelnik-new-yorka\/","title":{"rendered":"Biv\u0161i policajac Eric Adams postao gradona\u010delnik New Yorka"},"content":{"rendered":"\n<p>Demokrat Eric Adams, biv\u0161i policajac, zagovornik radni\u0161tva i borac protiv rasne diskriminacije, pobijedio je na izborima za gradona\u010delnika New Yorka.<\/p>\n\n\n\n<p>Adams je u kampanji obe\u0107ao da \u0107e oja\u010dati sigurnost u gradu i dati glas radni\u0161tvu, pozivaju\u0107i se na svoje iskustvo u policiji i iskustvo Afroamerikanca koji je u mladosti bio izlo\u017een policijskoj brutalnosti.<\/p>\n\n\n\n<p>Prema prvi rezultatima, 61-godi\u0161nji Adams pobijedio je republikanskog suparnika Curtisa Sliwu s velikom razlikom te tako postao drugi Afroamerikanac na \u010delu ameri\u010dke gospodarske i kulturne prijestolnice. Du\u017enost \u0107e preuzeti u sije\u010dnju od demokrata Billa de Blasija, koji ju je obna\u0161ao osam godina.<\/p>\n\n\n\n<p>U upravljanju gradom o\u010dekuju ga problemi vezani uz o\u017eivljavanje njujor\u0161koga gospodarstva nakon krize izazvane pandemijom koronavirusa, ekonomske i socijalne nejednakosti, nedostatak jeftinih stanova i te\u0161ko\u0107e u javnom \u0161kolstvu.<\/p>\n\n\n\n<p>Njegova bi pobjeda Demokratskoj stranci, kojoj pripada i predsjednik Joe Biden, mogla pokazati sklonosti glasa\u010da, dok u Washingtonu nastoji o\u010duvati krhko savezni\u0161tvo izme\u0111u progresivne i centristi\u010dke struje.<\/p>\n\n\n\n<p>Adams nije oklijevao istaknuti da bi njegova pobjeda mogla poslu\u017eiti kao predlo\u017eak za demokratski put na nacionalnoj razini.<\/p>\n\n\n\n<p>Odbacivao je kritike iznesene na ra\u010dun njegova programa tvrde\u0107i da kriti\u010dari ne govore u ime srednje demokratske struje.<\/p>\n\n\n\n<p>&#8220;Tvrdim da je do\u0161lo vrijeme da prestanemo vjerovati u to da nam trebaju pravi tweetovi. Nama trebaju sigurne ulice&#8221;, rekao je Adams CNN-u nakon \u0161to je u srpnju osvojio strana\u010dku nominaciju.<\/p>\n\n\n\n<p>Prikazuju\u0107i se kao pripadnik njujor\u0161koga radni\u0161tva, rekao je da je liberalnije krilo Demokratske stranke zanemarivalo njezine pripadnike radni\u010dke klase.&nbsp;<\/p>\n\n\n\n<p>Tijekom protekle godine, nakon ubojstva Georgea Floyda 2020. godine u Minneapolisu, koje je izazvalo niz prosvjeda diljem zemlje, demokrati su se mo\u017eda najvi\u0161e bavili pitanjem policije.<\/p>\n\n\n\n<p>No porast kriminala potaknuo je mnoge gradona\u010delni\u010dke kandidate u SAD-u da zatra\u017ee pove\u0107avanje ulaganja u policijske snage, dok je pitanje javne sigurnosti za glasa\u010de postalo jedno od najva\u017enijih.<\/p>\n\n\n\n<p>Adams je tvrdio da se grad ne mo\u017ee potpuno gospodarski oporaviti ako ne rije\u0161i pitanje kriminala. O\u0161tro je odbacivao pozive na smanjivanje sredstava namijenjenih policiji, ocjenjuju\u0107i da je rije\u010d o ljevi\u010darskom aktivizmu te je tra\u017eio ravnote\u017eu izme\u0111u zahtjeva za ja\u010danjem policije i pozivanja na reforme.<\/p>\n\n\n\n<p>Osobno iskustvo njegovim je rije\u010dima dalo vjerodostojnost. Dok je bio tinejd\u017eer, istukli su ga policajci, a kada je postao policajac, bio je jedan od osniva\u010da skupine koja se borila protiv okrutnosti policije.<\/p>\n\n\n\n<p>Kao zagovornik radni\u0161tva, koji je dobio znatnu potporu sindikata, rekao je da \u0107e nastojati bolje povezati stanovnike ni\u017eih primanja s gradskim slu\u017ebama kako bi dobili usluge na koje imaju pravo, ali se njima ne koriste.<\/p>\n\n\n\n<p>Izvor:pogled.ba<\/p>\n","protected":false},"excerpt":{"rendered":"<p>Demokrat Eric Adams, biv\u0161i policajac, zagovornik radni\u0161tva i borac protiv rasne diskriminacije, pobijedio je na izborima za gradona\u010delnika New Yorka. Adams je u kampanji obe\u0107ao da \u0107e oja\u010dati sigurnost u gradu i dati glas radni\u0161tvu, pozivaju\u0107i se na svoje iskustvo u policiji i iskustvo Afroamerikanca koji je u mladosti bio izlo\u017een policijskoj brutalnosti. Prema prvi [&hellip;]<\/p>\n","protected":false},"author":2,"featured_media":84446,"comment_status":"closed","ping_status":"closed","sticky":false,"template":"","format":"standard","meta":{"h5ap_radio_sources":[],"footnotes":""},"categories":[1],"tags":[],"class_list":["post-84445","post","type-post","status-publish","format-standard","has-post-thumbnail","hentry","category-bihiregija"],"yoast_head":"<!-- This site is optimized with the Yoast SEO plugin v27.5 - https:\/\/yoast.com\/product\/yoast-seo-wordpress\/ -->\n<title>Biv\u0161i policajac Eric Adams postao gradona\u010delnik New Yorka - RADIO LJUBU\u0160KI<\/title>\n<meta name=\"robots\" content=\"index, follow, max-snippet:-1, max-image-preview:large, max-video-preview:-1\" \/>\n<link rel=\"canonical\" href=\"https:\/\/radioljubuski.ba\/index.php\/2021\/11\/03\/bivsi-policajac-eric-adams-postao-gradonacelnik-new-yorka\/\" \/>\n<meta property=\"og:locale\" content=\"hr_HR\" \/>\n<meta property=\"og:type\" content=\"article\" \/>\n<meta property=\"og:title\" content=\"Biv\u0161i policajac Eric Adams postao gradona\u010delnik New Yorka - RADIO LJUBU\u0160KI\" \/>\n<meta property=\"og:description\" content=\"Demokrat Eric Adams, biv\u0161i policajac, zagovornik radni\u0161tva i borac protiv rasne diskriminacije, pobijedio je na izborima za gradona\u010delnika New Yorka. Adams je u kampanji obe\u0107ao da \u0107e oja\u010dati sigurnost u gradu i dati glas radni\u0161tvu, pozivaju\u0107i se na svoje iskustvo u policiji i iskustvo Afroamerikanca koji je u mladosti bio izlo\u017een policijskoj brutalnosti. Prema prvi [&hellip;]\" \/>\n<meta property=\"og:url\" content=\"https:\/\/radioljubuski.ba\/index.php\/2021\/11\/03\/bivsi-policajac-eric-adams-postao-gradonacelnik-new-yorka\/\" \/>\n<meta property=\"og:site_name\" content=\"RADIO LJUBU\u0160KI\" \/>\n<meta property=\"article:publisher\" content=\"https:\/\/www.facebook.com\/Radiio-Ljubuski-1490835324566332\" \/>\n<meta property=\"article:published_time\" content=\"2021-11-03T11:07:15+00:00\" \/>\n<meta property=\"article:modified_time\" content=\"2021-11-03T11:07:16+00:00\" \/>\n<meta property=\"og:image\" content=\"https:\/\/radioljubuski.ba\/wp-content\/uploads\/2021\/11\/8-2021-11-03-07-41-43-ERIC-ADAMS.jpg\" \/>\n\t<meta property=\"og:image:width\" content=\"1000\" \/>\n\t<meta property=\"og:image:height\" content=\"625\" \/>\n\t<meta property=\"og:image:type\" content=\"image\/jpeg\" \/>\n<meta name=\"author\" content=\"Radio Ljubu\u0161ki\" \/>\n<meta name=\"twitter:card\" content=\"summary_large_image\" \/>\n<meta name=\"twitter:creator\" content=\"@radioljubuski\" \/>\n<meta name=\"twitter:site\" content=\"@radioljubuski\" \/>\n<meta name=\"twitter:label1\" content=\"Napisao\/la\" \/>\n\t<meta name=\"twitter:data1\" content=\"Radio Ljubu\u0161ki\" \/>\n\t<meta name=\"twitter:label2\" content=\"Procijenjeno vrijeme \u010ditanja\" \/>\n\t<meta name=\"twitter:data2\" content=\"2 minute\" \/>\n<script type=\"application\/ld+json\" class=\"yoast-schema-graph\">{\"@context\":\"https:\\\/\\\/schema.org\",\"@graph\":[{\"@type\":\"Article\",\"@id\":\"https:\\\/\\\/radioljubuski.ba\\\/index.php\\\/2021\\\/11\\\/03\\\/bivsi-policajac-eric-adams-postao-gradonacelnik-new-yorka\\\/#article\",\"isPartOf\":{\"@id\":\"https:\\\/\\\/radioljubuski.ba\\\/index.php\\\/2021\\\/11\\\/03\\\/bivsi-policajac-eric-adams-postao-gradonacelnik-new-yorka\\\/\"},\"author\":{\"name\":\"Radio Ljubu\u0161ki\",\"@id\":\"https:\\\/\\\/radioljubuski.ba\\\/#\\\/schema\\\/person\\\/19fc700381a780f69665d7956c469e3b\"},\"headline\":\"Biv\u0161i policajac Eric Adams postao gradona\u010delnik New Yorka\",\"datePublished\":\"2021-11-03T11:07:15+00:00\",\"dateModified\":\"2021-11-03T11:07:16+00:00\",\"mainEntityOfPage\":{\"@id\":\"https:\\\/\\\/radioljubuski.ba\\\/index.php\\\/2021\\\/11\\\/03\\\/bivsi-policajac-eric-adams-postao-gradonacelnik-new-yorka\\\/\"},\"wordCount\":472,\"publisher\":{\"@id\":\"https:\\\/\\\/radioljubuski.ba\\\/#organization\"},\"image\":{\"@id\":\"https:\\\/\\\/radioljubuski.ba\\\/index.php\\\/2021\\\/11\\\/03\\\/bivsi-policajac-eric-adams-postao-gradonacelnik-new-yorka\\\/#primaryimage\"},\"thumbnailUrl\":\"https:\\\/\\\/radioljubuski.ba\\\/wp-content\\\/uploads\\\/2021\\\/11\\\/8-2021-11-03-07-41-43-ERIC-ADAMS.jpg\",\"articleSection\":[\"BIH i regija\"],\"inLanguage\":\"hr\"},{\"@type\":\"WebPage\",\"@id\":\"https:\\\/\\\/radioljubuski.ba\\\/index.php\\\/2021\\\/11\\\/03\\\/bivsi-policajac-eric-adams-postao-gradonacelnik-new-yorka\\\/\",\"url\":\"https:\\\/\\\/radioljubuski.ba\\\/index.php\\\/2021\\\/11\\\/03\\\/bivsi-policajac-eric-adams-postao-gradonacelnik-new-yorka\\\/\",\"name\":\"Biv\u0161i policajac Eric Adams postao gradona\u010delnik New Yorka - RADIO LJUBU\u0160KI\",\"isPartOf\":{\"@id\":\"https:\\\/\\\/radioljubuski.ba\\\/#website\"},\"primaryImageOfPage\":{\"@id\":\"https:\\\/\\\/radioljubuski.ba\\\/index.php\\\/2021\\\/11\\\/03\\\/bivsi-policajac-eric-adams-postao-gradonacelnik-new-yorka\\\/#primaryimage\"},\"image\":{\"@id\":\"https:\\\/\\\/radioljubuski.ba\\\/index.php\\\/2021\\\/11\\\/03\\\/bivsi-policajac-eric-adams-postao-gradonacelnik-new-yorka\\\/#primaryimage\"},\"thumbnailUrl\":\"https:\\\/\\\/radioljubuski.ba\\\/wp-content\\\/uploads\\\/2021\\\/11\\\/8-2021-11-03-07-41-43-ERIC-ADAMS.jpg\",\"datePublished\":\"2021-11-03T11:07:15+00:00\",\"dateModified\":\"2021-11-03T11:07:16+00:00\",\"breadcrumb\":{\"@id\":\"https:\\\/\\\/radioljubuski.ba\\\/index.php\\\/2021\\\/11\\\/03\\\/bivsi-policajac-eric-adams-postao-gradonacelnik-new-yorka\\\/#breadcrumb\"},\"inLanguage\":\"hr\",\"potentialAction\":[{\"@type\":\"ReadAction\",\"target\":[\"https:\\\/\\\/radioljubuski.ba\\\/index.php\\\/2021\\\/11\\\/03\\\/bivsi-policajac-eric-adams-postao-gradonacelnik-new-yorka\\\/\"]}]},{\"@type\":\"ImageObject\",\"inLanguage\":\"hr\",\"@id\":\"https:\\\/\\\/radioljubuski.ba\\\/index.php\\\/2021\\\/11\\\/03\\\/bivsi-policajac-eric-adams-postao-gradonacelnik-new-yorka\\\/#primaryimage\",\"url\":\"https:\\\/\\\/radioljubuski.ba\\\/wp-content\\\/uploads\\\/2021\\\/11\\\/8-2021-11-03-07-41-43-ERIC-ADAMS.jpg\",\"contentUrl\":\"https:\\\/\\\/radioljubuski.ba\\\/wp-content\\\/uploads\\\/2021\\\/11\\\/8-2021-11-03-07-41-43-ERIC-ADAMS.jpg\",\"width\":1000,\"height\":625},{\"@type\":\"BreadcrumbList\",\"@id\":\"https:\\\/\\\/radioljubuski.ba\\\/index.php\\\/2021\\\/11\\\/03\\\/bivsi-policajac-eric-adams-postao-gradonacelnik-new-yorka\\\/#breadcrumb\",\"itemListElement\":[{\"@type\":\"ListItem\",\"position\":1,\"name\":\"Po\u010detna stranica\",\"item\":\"https:\\\/\\\/radioljubuski.ba\\\/\"},{\"@type\":\"ListItem\",\"position\":2,\"name\":\"Biv\u0161i policajac Eric Adams postao gradona\u010delnik New Yorka\"}]},{\"@type\":\"WebSite\",\"@id\":\"https:\\\/\\\/radioljubuski.ba\\\/#website\",\"url\":\"https:\\\/\\\/radioljubuski.ba\\\/\",\"name\":\"Radio Ljubu\u0161ki\",\"description\":\"Sun\u010dana frekvencija Hercegovine\",\"publisher\":{\"@id\":\"https:\\\/\\\/radioljubuski.ba\\\/#organization\"},\"potentialAction\":[{\"@type\":\"SearchAction\",\"target\":{\"@type\":\"EntryPoint\",\"urlTemplate\":\"https:\\\/\\\/radioljubuski.ba\\\/?s={search_term_string}\"},\"query-input\":{\"@type\":\"PropertyValueSpecification\",\"valueRequired\":true,\"valueName\":\"search_term_string\"}}],\"inLanguage\":\"hr\"},{\"@type\":\"Organization\",\"@id\":\"https:\\\/\\\/radioljubuski.ba\\\/#organization\",\"name\":\"Radio Ljubu\u0161ki\",\"url\":\"https:\\\/\\\/radioljubuski.ba\\\/\",\"logo\":{\"@type\":\"ImageObject\",\"inLanguage\":\"hr\",\"@id\":\"https:\\\/\\\/radioljubuski.ba\\\/#\\\/schema\\\/logo\\\/image\\\/\",\"url\":\"https:\\\/\\\/radioljubuski.ba\\\/wp-content\\\/uploads\\\/2021\\\/02\\\/cropped-Radio_Ljubuski_logo1.jpg\",\"contentUrl\":\"https:\\\/\\\/radioljubuski.ba\\\/wp-content\\\/uploads\\\/2021\\\/02\\\/cropped-Radio_Ljubuski_logo1.jpg\",\"width\":512,\"height\":512,\"caption\":\"Radio Ljubu\u0161ki\"},\"image\":{\"@id\":\"https:\\\/\\\/radioljubuski.ba\\\/#\\\/schema\\\/logo\\\/image\\\/\"},\"sameAs\":[\"https:\\\/\\\/www.facebook.com\\\/Radiio-Ljubuski-1490835324566332\",\"https:\\\/\\\/x.com\\\/radioljubuski\",\"https:\\\/\\\/hr.linkedin.com\\\/company\\\/radio-ljubuski\",\"https:\\\/\\\/www.youtube.com\\\/channel\\\/UCHYaeO_n0Db3tjNGudGpXyw\"]},{\"@type\":\"Person\",\"@id\":\"https:\\\/\\\/radioljubuski.ba\\\/#\\\/schema\\\/person\\\/19fc700381a780f69665d7956c469e3b\",\"name\":\"Radio Ljubu\u0161ki\"}]}<\/script>\n<!-- \/ Yoast SEO plugin. -->","yoast_head_json":{"title":"Biv\u0161i policajac Eric Adams postao gradona\u010delnik New Yorka - RADIO LJUBU\u0160KI","robots":{"index":"index","follow":"follow","max-snippet":"max-snippet:-1","max-image-preview":"max-image-preview:large","max-video-preview":"max-video-preview:-1"},"canonical":"https:\/\/radioljubuski.ba\/index.php\/2021\/11\/03\/bivsi-policajac-eric-adams-postao-gradonacelnik-new-yorka\/","og_locale":"hr_HR","og_type":"article","og_title":"Biv\u0161i policajac Eric Adams postao gradona\u010delnik New Yorka - RADIO LJUBU\u0160KI","og_description":"Demokrat Eric Adams, biv\u0161i policajac, zagovornik radni\u0161tva i borac protiv rasne diskriminacije, pobijedio je na izborima za gradona\u010delnika New Yorka. Adams je u kampanji obe\u0107ao da \u0107e oja\u010dati sigurnost u gradu i dati glas radni\u0161tvu, pozivaju\u0107i se na svoje iskustvo u policiji i iskustvo Afroamerikanca koji je u mladosti bio izlo\u017een policijskoj brutalnosti. Prema prvi [&hellip;]","og_url":"https:\/\/radioljubuski.ba\/index.php\/2021\/11\/03\/bivsi-policajac-eric-adams-postao-gradonacelnik-new-yorka\/","og_site_name":"RADIO LJUBU\u0160KI","article_publisher":"https:\/\/www.facebook.com\/Radiio-Ljubuski-1490835324566332","article_published_time":"2021-11-03T11:07:15+00:00","article_modified_time":"2021-11-03T11:07:16+00:00","og_image":[{"width":1000,"height":625,"url":"https:\/\/radioljubuski.ba\/wp-content\/uploads\/2021\/11\/8-2021-11-03-07-41-43-ERIC-ADAMS.jpg","type":"image\/jpeg"}],"author":"Radio Ljubu\u0161ki","twitter_card":"summary_large_image","twitter_creator":"@radioljubuski","twitter_site":"@radioljubuski","twitter_misc":{"Napisao\/la":"Radio Ljubu\u0161ki","Procijenjeno vrijeme \u010ditanja":"2 minute"},"schema":{"@context":"https:\/\/schema.org","@graph":[{"@type":"Article","@id":"https:\/\/radioljubuski.ba\/index.php\/2021\/11\/03\/bivsi-policajac-eric-adams-postao-gradonacelnik-new-yorka\/#article","isPartOf":{"@id":"https:\/\/radioljubuski.ba\/index.php\/2021\/11\/03\/bivsi-policajac-eric-adams-postao-gradonacelnik-new-yorka\/"},"author":{"name":"Radio Ljubu\u0161ki","@id":"https:\/\/radioljubuski.ba\/#\/schema\/person\/19fc700381a780f69665d7956c469e3b"},"headline":"Biv\u0161i policajac Eric Adams postao gradona\u010delnik New Yorka","datePublished":"2021-11-03T11:07:15+00:00","dateModified":"2021-11-03T11:07:16+00:00","mainEntityOfPage":{"@id":"https:\/\/radioljubuski.ba\/index.php\/2021\/11\/03\/bivsi-policajac-eric-adams-postao-gradonacelnik-new-yorka\/"},"wordCount":472,"publisher":{"@id":"https:\/\/radioljubuski.ba\/#organization"},"image":{"@id":"https:\/\/radioljubuski.ba\/index.php\/2021\/11\/03\/bivsi-policajac-eric-adams-postao-gradonacelnik-new-yorka\/#primaryimage"},"thumbnailUrl":"https:\/\/radioljubuski.ba\/wp-content\/uploads\/2021\/11\/8-2021-11-03-07-41-43-ERIC-ADAMS.jpg","articleSection":["BIH i regija"],"inLanguage":"hr"},{"@type":"WebPage","@id":"https:\/\/radioljubuski.ba\/index.php\/2021\/11\/03\/bivsi-policajac-eric-adams-postao-gradonacelnik-new-yorka\/","url":"https:\/\/radioljubuski.ba\/index.php\/2021\/11\/03\/bivsi-policajac-eric-adams-postao-gradonacelnik-new-yorka\/","name":"Biv\u0161i policajac Eric Adams postao gradona\u010delnik New Yorka - RADIO LJUBU\u0160KI","isPartOf":{"@id":"https:\/\/radioljubuski.ba\/#website"},"primaryImageOfPage":{"@id":"https:\/\/radioljubuski.ba\/index.php\/2021\/11\/03\/bivsi-policajac-eric-adams-postao-gradonacelnik-new-yorka\/#primaryimage"},"image":{"@id":"https:\/\/radioljubuski.ba\/index.php\/2021\/11\/03\/bivsi-policajac-eric-adams-postao-gradonacelnik-new-yorka\/#primaryimage"},"thumbnailUrl":"https:\/\/radioljubuski.ba\/wp-content\/uploads\/2021\/11\/8-2021-11-03-07-41-43-ERIC-ADAMS.jpg","datePublished":"2021-11-03T11:07:15+00:00","dateModified":"2021-11-03T11:07:16+00:00","breadcrumb":{"@id":"https:\/\/radioljubuski.ba\/index.php\/2021\/11\/03\/bivsi-policajac-eric-adams-postao-gradonacelnik-new-yorka\/#breadcrumb"},"inLanguage":"hr","potentialAction":[{"@type":"ReadAction","target":["https:\/\/radioljubuski.ba\/index.php\/2021\/11\/03\/bivsi-policajac-eric-adams-postao-gradonacelnik-new-yorka\/"]}]},{"@type":"ImageObject","inLanguage":"hr","@id":"https:\/\/radioljubuski.ba\/index.php\/2021\/11\/03\/bivsi-policajac-eric-adams-postao-gradonacelnik-new-yorka\/#primaryimage","url":"https:\/\/radioljubuski.ba\/wp-content\/uploads\/2021\/11\/8-2021-11-03-07-41-43-ERIC-ADAMS.jpg","contentUrl":"https:\/\/radioljubuski.ba\/wp-content\/uploads\/2021\/11\/8-2021-11-03-07-41-43-ERIC-ADAMS.jpg","width":1000,"height":625},{"@type":"BreadcrumbList","@id":"https:\/\/radioljubuski.ba\/index.php\/2021\/11\/03\/bivsi-policajac-eric-adams-postao-gradonacelnik-new-yorka\/#breadcrumb","itemListElement":[{"@type":"ListItem","position":1,"name":"Po\u010detna stranica","item":"https:\/\/radioljubuski.ba\/"},{"@type":"ListItem","position":2,"name":"Biv\u0161i policajac Eric Adams postao gradona\u010delnik New Yorka"}]},{"@type":"WebSite","@id":"https:\/\/radioljubuski.ba\/#website","url":"https:\/\/radioljubuski.ba\/","name":"Radio Ljubu\u0161ki","description":"Sun\u010dana frekvencija Hercegovine","publisher":{"@id":"https:\/\/radioljubuski.ba\/#organization"},"potentialAction":[{"@type":"SearchAction","target":{"@type":"EntryPoint","urlTemplate":"https:\/\/radioljubuski.ba\/?s={search_term_string}"},"query-input":{"@type":"PropertyValueSpecification","valueRequired":true,"valueName":"search_term_string"}}],"inLanguage":"hr"},{"@type":"Organization","@id":"https:\/\/radioljubuski.ba\/#organization","name":"Radio Ljubu\u0161ki","url":"https:\/\/radioljubuski.ba\/","logo":{"@type":"ImageObject","inLanguage":"hr","@id":"https:\/\/radioljubuski.ba\/#\/schema\/logo\/image\/","url":"https:\/\/radioljubuski.ba\/wp-content\/uploads\/2021\/02\/cropped-Radio_Ljubuski_logo1.jpg","contentUrl":"https:\/\/radioljubuski.ba\/wp-content\/uploads\/2021\/02\/cropped-Radio_Ljubuski_logo1.jpg","width":512,"height":512,"caption":"Radio Ljubu\u0161ki"},"image":{"@id":"https:\/\/radioljubuski.ba\/#\/schema\/logo\/image\/"},"sameAs":["https:\/\/www.facebook.com\/Radiio-Ljubuski-1490835324566332","https:\/\/x.com\/radioljubuski","https:\/\/hr.linkedin.com\/company\/radio-ljubuski","https:\/\/www.youtube.com\/channel\/UCHYaeO_n0Db3tjNGudGpXyw"]},{"@type":"Person","@id":"https:\/\/radioljubuski.ba\/#\/schema\/person\/19fc700381a780f69665d7956c469e3b","name":"Radio Ljubu\u0161ki"}]}},"_links":{"self":[{"href":"https:\/\/radioljubuski.ba\/index.php\/wp-json\/wp\/v2\/posts\/84445","targetHints":{"allow":["GET"]}}],"collection":[{"href":"https:\/\/radioljubuski.ba\/index.php\/wp-json\/wp\/v2\/posts"}],"about":[{"href":"https:\/\/radioljubuski.ba\/index.php\/wp-json\/wp\/v2\/types\/post"}],"author":[{"embeddable":true,"href":"https:\/\/radioljubuski.ba\/index.php\/wp-json\/wp\/v2\/users\/2"}],"replies":[{"embeddable":true,"href":"https:\/\/radioljubuski.ba\/index.php\/wp-json\/wp\/v2\/comments?post=84445"}],"version-history":[{"count":1,"href":"https:\/\/radioljubuski.ba\/index.php\/wp-json\/wp\/v2\/posts\/84445\/revisions"}],"predecessor-version":[{"id":84447,"href":"https:\/\/radioljubuski.ba\/index.php\/wp-json\/wp\/v2\/posts\/84445\/revisions\/84447"}],"wp:featuredmedia":[{"embeddable":true,"href":"https:\/\/radioljubuski.ba\/index.php\/wp-json\/wp\/v2\/media\/84446"}],"wp:attachment":[{"href":"https:\/\/radioljubuski.ba\/index.php\/wp-json\/wp\/v2\/media?parent=84445"}],"wp:term":[{"taxonomy":"category","embeddable":true,"href":"https:\/\/radioljubuski.ba\/index.php\/wp-json\/wp\/v2\/categories?post=84445"},{"taxonomy":"post_tag","embeddable":true,"href":"https:\/\/radioljubuski.ba\/index.php\/wp-json\/wp\/v2\/tags?post=84445"}],"curies":[{"name":"wp","href":"https:\/\/api.w.org\/{rel}","templated":true}]}}