{"id":84448,"date":"2021-11-03T12:08:31","date_gmt":"2021-11-03T11:08:31","guid":{"rendered":"https:\/\/radioljubuski.ba\/?p=84448"},"modified":"2021-11-03T12:08:32","modified_gmt":"2021-11-03T11:08:32","slug":"mafijasica-s-naslovne-strane","status":"publish","type":"post","link":"https:\/\/radioljubuski.ba\/index.php\/2021\/11\/03\/mafijasica-s-naslovne-strane\/","title":{"rendered":"Mafija\u0161ica s naslovne strane"},"content":{"rendered":"\n<p>Dijana Hrkalovi\u0107, Vu\u010di\u0107ev vojnik, najmo\u0107nija \u017eena srpske policije, \u010deli\u010dna lady, ikona mafije, lutka s naslovne strane, formirala je parapolicijsku strukturu u MUP-u Srbije gdje je sve kontrolirala. Prislu\u0161kivala, pratila, nadzirala, ucjenjivala, i Vu\u010di\u0107a pod nadzor stavila. Dijana je uhi\u0107ena, a tereti je se za umije\u0161anost u neke likvidacije, \u0161titila je kriminalnu organizaciju Veljka Belivuka i prikrivala dokaze za mnoga krivi\u010dna djela, \u010dak i za ubojstva. Hrkalovi\u0107 je i pripadnike BIA-e slala u \u0161pijunsku misiju u Poto\u010dare kada je Vu\u010di\u0107 posjetio Srebrenicu. Pripadnik BIA-e to za Mre\u017eu potvr\u0111uje. Bila je strah za kolege, ministre, politi\u010dare, odvjetnike, kriminalce. Hladna Dijana hladno odstranjivala konkurenciju.<\/p>\n\n\n\n<p>Dijana Hrkalovi\u0107, nekada najmo\u0107nija \u017eena srbijanske policije, smje\u0161tena je iza re\u0161etaka. Biv\u0161a dr\u017eavna tajnica u MUP-u Srbije uhi\u0107ena je zbog sumnji da je utjecala na Dejana Milenkovi\u0107a, biv\u0161eg na\u010delnika Slu\u017ebe za istra\u017ene metode da izvr\u0161i odre\u0111ene istra\u017ene radnje koje se odnose na slu\u010daj koji je poznat kao &#8220;ubojstvo na \u0161inama&#8221;.<\/p>\n\n\n\n<p>&#8220;Neko je danas ponudio iskaz i tek poslije toga je bilo mogu\u0107e da se realizira ovo uhi\u0107enje. Ne mogu da govorim za\u0161ti\u0107eni svjedok. Neko iz policije je kona\u010dno progovorio o tome&#8221;, rekao je predsjednik Srbije Aleksandar Vu\u010di\u0107.<\/p>\n\n\n\n<p>Vu\u010di\u0107 je otkrio da je Hrkalovi\u0107 uhi\u0107ena zbog prikrivanja dokaza koji se odnose na slu\u010daj ubojstva Vlastimira Milo\u0161evi\u0107a koje se dogodilo 2017.godine.<\/p>\n\n\n\n<p>&#8220;Mi znamo tko je izvr\u0161io likvidaciju Milo\u0161evi\u0107a, ja sam o tome nekoliko puta govorio. Ali da ne bih vr\u0161io bilo kakav pritisak na nadle\u017ene dr\u017eavne organe prije svega na tu\u017eiteljstvo i pravosu\u0111e, ne moram da o tome govorim. Policija operativno nedvosmisleno ne samo da ima saznanja ima neposredne i posredne dokaze&#8221;, dodaje Vu\u010di\u0107.<\/p>\n\n\n\n<p>U sudskom procesu koji je tada vo\u0111en, Veljko Belivuk i njegovi suradnici su oslobo\u0111eni jer su pojedini dokazi uni\u0161teni, DNK koji je prona\u0111en na mjestu ubojstva bio je kontaminiran. Hrkalovi\u0107 je povezana s navija\u010dkom grupom &#8220;Principi&#8221; na \u010dijem je \u010delu Veljko Belivuk.<\/p>\n\n\n\n<p>&#8220;To zapravo pokazuje tu samu osionost te paralelne strukture policije koja je mogla da uradi takvo ne\u0161to, da sakrije istragu, da prikrije tragove i dokaze. Pred samo izvr\u0161enje tog zlo\u010dina na \u0161inama, ubojstva karatiste Vlastimira Milo\u0161evi\u0107a, postoji danas operativna informacija koju nisu potvrdili dr\u017eavni organi da je ona poslala Belivuku poruku &#8220;oni ili mi&#8221;&#8221;, ka\u017ee Mladen Radulovi\u0107, urednik portala kurir.rs.<\/p>\n\n\n\n<p>Dr\u017eala sve konce u MUP-u<\/p>\n\n\n\n<p>Tko je zapravo Dijana Hrkalovi\u0107? Kada je Srpska napredna stranaka do\u0161la na vlast, nakon izbora 2012. godine, izabrana je za odbornika SNS-a u Skup\u0161tini grada Beograda. Nakon tog uslijedilo je njeno ekspresno napredovanju u sigurnosnim slu\u017ebama Srbije.<\/p>\n\n\n\n<p>&#8220;Hrkalovi\u0107ka, ono \u0161to nije sporno da je zapravo bila kadar SNS-a, tada je radila svoj posao prvo u BIA-i kasnije je, po dolasku, pod direktnu kontrolu Neboj\u0161e Stefanovi\u0107a po\u010deo je njen vrtoglav uspon u toj karijeri koja je prakti\u010dno vladala samom srpskom policijom. Apsolutno je tu bilo podr\u0161ke politike&#8221;, dodaje Radulovi\u0107.<\/p>\n\n\n\n<p>&#8220;Ona se i dan danas pona\u0161a kao neko koje u SNS, ona \u010dak tvrdi nije ni isklju\u010dena i dalje iz SNS-a&#8221;, isti\u010de Milan Dumanovi\u0107, biv\u0161i operativac Slu\u017ebe za tajno pra\u0107enje MUP-a Srbije.<\/p>\n\n\n\n<p>&#8220;Svakako da ne bi ni\u0161ta moglo da se desi bez znanja vlasti pogotovo slu\u010daj Dijane Hrkalovi\u0107. Ona je i postavljena politi\u010dki na tu funkciju&#8221;, ka\u017ee Milica Vojinovi\u0107, novinarka krik.rs.<\/p>\n\n\n\n<p>Hrkalovi\u0107 je dr\u017eala sve konce u MUP-u, sve procese u policiji ona je kontrolirala i imala je neograni\u010denu mo\u0107 koju je crpila iz vrha vlasti.<\/p>\n\n\n\n<p>&#8220;Sama Dijana Hrkalovi\u0107 je tijekom svoga rada stvorila jednu paralelnu strukturu koja je bila iznad zakona ,iznad doma\u0161aja bilo kog dr\u017eavnog organa. U toj svoj namjeri, u tom svom radu ona to nije mogla da uradi sama. Policija je bukvalno bila, postala servis odre\u0111enih kriminalnih grupa&#8221;, navodi Radulovi\u0107.<\/p>\n\n\n\n<p>&#8220;Dijana Hrkalovi\u0107 je zavr\u0161ila kurs u BIA-i od devet mjeseci, do\u0161la u MUP, uni\u0161tila nam Upravu kriminalisti\u010dke policije i mi smo dobili kriminalnu policiju sastavljenu od njenih ljudi. Sve \u0161to je ona radila imala je podr\u0161ku unutar dr\u017eave. Imala je podr\u0161ku politi\u010dku&#8221;, ka\u017ee Dumanovi\u0107.<\/p>\n\n\n\n<p>&#8220;Ona je bila \u017eena partije u srpskoj policiji. Ta njena uloga politi\u010dka za koju ka\u017eu da se toliko pro\u0161irila je dovela do politizacije policije&#8221;, rekla je Jelena Zori\u0107, novinarka Insajdera.<\/p>\n\n\n\n<p>&#8220;Njoj je predsjednik dr\u017eave delegirao mo\u0107 iz dva razloga, s jedne strane da bi bila protute\u017ea u samoj policiji Neboj\u0161e Stefanovi\u0107u. A s druge strane, Vu\u010di\u0107u je trebao neko povjerljiv tko \u0107e da odr\u017eava vezu izme\u0111u mafije i njega, a da to ne bude on neposredno. Osim u situacijama kada on zaista mora da pravi te kontakte&#8221;, poja\u0161njava odvjetnik Ivan Nini\u0107.<\/p>\n\n\n\n<p>U svibnju 2019. godine razrije\u0161ena du\u017enost<\/p>\n\n\n\n<p>Hrkalovi\u0107 je u policiji formirala timove koji su imali specijalne zadatke pra\u0107enja i prislu\u0161kivanja osoba koje su njoj i njenim nalogodavcima bile interesantne.<\/p>\n\n\n\n<p>&#8220;Mangusta je samo jedna od, bilo je mnogo tih grupa .I svima njima je rukovodila Dijana Hrkalovi\u0107. Oni su bili upotrebljavani za akcije od najve\u0107eg povjerenja. Ovdje su akcije koje su ra\u0111ene za neku kriminalnu grupu protiv druge kriminalne grupe ili direktno za vladaju\u0107u stranku&#8221;, isti\u010de Dumanovi\u0107.<\/p>\n\n\n\n<p>Protiv Dijane Hrkalovi\u0107 i njenih najbli\u017eih suradnika krivi\u010dnu prijavu zbog zloupotrebe slu\u017ebenog polo\u017eaja i trgovine utjecajem 2016. godine podnijeli su policajci Mladen Trbovi\u0107 i Milan Dumanovi\u0107 koje je Hrkalovi\u0107 2015. godine nezakonito poslala u \u0161pijunsku misiju u Poto\u010dare tijekom posjete Aleksandra Vu\u010di\u0107a, bez odluke suda i slu\u017ebenih dokumenata. Njihova krivi\u010dna prijava je odba\u010dena, nakon \u010dega su oni optu\u017eeni i jo\u0161 im se sudi. Dumanovi\u0107 je vi\u0161e puta negirao da se radilo o poku\u0161aju atentata na Vu\u010di\u0107a. Fiktivno su, ka\u017ee, evidentirani da su taj dan, umjesto u Poto\u010darima, bili u Srbiji.<\/p>\n\n\n\n<p>&#8220;Mi van sporazuma oti\u0161li. Ona je nas poslala tamo samo iz jednog jedinog razloga da bi se tada dodvorila svome \u0161efu Aleksandru Vu\u010di\u0107u. Dijana Hrkalovi\u0107 je samo htjela da ovom akcijom poka\u017ee kako ima neka slu\u017eba, da je ona nas poslala i ako se ne\u0161to da ona mo\u017ee da to snimi itd. To je bila jedan prosto nenormalna akcija s obzirom na to da mi to nismo nikada radili. Ona bila ta koja je rukovodila svime. Neboj\u0161a Stefanovi\u0107 je ipak bio &nbsp;osoba br.2 u MUP-u. Ti papiri koji su bili tamo za koje smo mi ukazali, te sveske, terene sve to je sve uni\u0161teno. Ti njeni podre\u0111eni su to uni\u0161tili. To su uklju\u010dena nova krivi\u010dna djela&#8221;, isti\u010de Dumanovi\u0107.<\/p>\n\n\n\n<p>Hrkalovi\u0107 je u svibnju 2019. godine razrije\u0161ena du\u017enosti. Odmah nakon \u0161to se iz Washingtona vratio tada\u0161nji ministar unutarnjih poslova Neboj\u0161a Stefanovi\u0107 koji je u SAD-u razgovarao s predstavnicima sigurnosnih slu\u017ebi koje su mu, navodno, priop\u0107ili da se mora rije\u0161iti ljudi koji kriminaliziraju srpsku policiju.<\/p>\n\n\n\n<p>&#8220;Po dolasku u Beograd, bukvalno iste ve\u010deri on je potpisao ukaz o smjenu Dijane Hrkalovi\u0107 i kao po obi\u010daju zahvalio joj se na tom, kako je rekao predanom radu u policiji, tada na vidjelo nisu iza\u0161li ovakvi podaci&#8221;, dodaje Radulovi\u0107.<\/p>\n\n\n\n<p>Hrkalovi\u0107 je bila bliska Nenadu Vu\u010dkovi\u0107u, pripadniku beogradske \u017eandarmerije koji je imao bliske veze s navija\u010dima Partizana. Vu\u010dkovi\u0107 je bio blizak Aleksandru Stankovi\u0107u zvanom Sale Mutavi ,ubijenom vo\u0111i navija\u010da Partizana i njegovom najbli\u017eem suradniku Veljku Belivuku.<\/p>\n\n\n\n<p>&#8220;Vi\u0111eni su kako navijaju s jednim visokim predstavnikom \u017eandarmerije. Jednim veoma bitnim likom u \u017eandarmeriji, na tribinama su s njim navijali. Vidjeli smo da su o\u010digledno vrlo dobro povezani s njim. Ta osoba je bila njihova veza i s Dijanom Hrkalovi\u0107&#8221;, poja\u0161njava Vojinovi\u0107.<\/p>\n\n\n\n<p>U velja\u010di ove godine uhi\u0107ena je organizirana kriminalna grupa Veljka Belivuka koja je optu\u017eena za brutalna ubojstva, kidnapiranja i okrutne likvidacije.<\/p>\n\n\n\n<p>&#8220;Uhi\u0107eno 17 pripadnika organizirane kriminalne grupe koju osnovano sumnji\u010dimo za ubojstva, iznude, otmice, dilovanje drogom. Srbija je ozbiljna zemlja. Nikad sebi ne\u0107e dozvoliti da u njoj se stvori neki novi Zemunski klan&#8221;, rekao je Aleksandar Vulin, ministar unutarnjih poslova Srbije.<\/p>\n\n\n\n<p>Dokazi protiv Belivuka i njegove kriminalne grupe su prona\u0111eni u ku\u0107i strave u Ritopeku pored Dunava. Plan prevare kojima su \u017ertve namamljivanje u tu ku\u0107u osmislio je Marko Miljkovi\u0107, koji je Belivukova desna ruka.<\/p>\n\n\n\n<p>&#8220;Ova ubila\u010dka grupa ljude je mu\u010dila, ljude je ubijala, na kraju najstra\u0161niji na\u010din mljela njihove ostatke da bi ih dalje uni\u0161tila, da bi ih dalje razbacala&#8221;, dodaje Vulin.<\/p>\n\n\n\n<p>U periodu kada je bila u MUP-u razvijale su se najja\u010de veze izme\u0111u policije i kriminala&nbsp;<\/p>\n\n\n\n<p>Optu\u017enica protiv Belivukove grupe nije otkrila ni\u0161ta o njihovoj politi\u010dkoj i policijskoj podr\u0161ci koju su imali. Ne pominju se ljudi koji su bila njihova konekcija s vla\u0161\u0107u i oni iz vlasti s kojima su se poznavali.<\/p>\n\n\n\n<p>&#8220;Te konkretne i klju\u010dne veze su ostale potpuno nerije\u0161ene i tu\u017eiteljstvo se njima nije apsolutno bavilo. Veljko Belivuk i drugi vrlo va\u017eni predstavnici te grupe, kriminalne grupe vje\u017ebali su strijeljanje i to na dr\u017eavnom streli\u0161tu s generalnim tajnikom vlade Novakom Nedi\u0107em. To je prijavio jo\u0161 Vojni sindikat prije nekoliko godina&#8221;, ka\u017ee Milica Vojinovi\u0107, novinarka krik.rs.<\/p>\n\n\n\n<p>Belivukova grupa je pripadala Kava\u010dkom klanu. Sumnja se da su u sukobu sa suprotstavljenim, \u0160kaljarskim klanom imali podr\u0161ku srbijanske policije koju je, navodno, osiguravala Dijana Hrkalovi\u0107.<\/p>\n\n\n\n<p>&#8220;Veliki resursi policije su upleteni, pu\u0161teni u samom ratu dva klana. Legalna logistika i resursi policije koji su ogromni su stavljeni u obra\u010dun kriminalnih grupa&#8221;, ka\u017ee Mladen Radulovi\u0107, urednik portala kurir.rs.<\/p>\n\n\n\n<p>&#8220;Ba\u0161 u periodu kada je ona bila u MUP-u tu se razvijale najja\u010de veze izme\u0111u policije i kriminala i to je zaista najgora mogu\u0107a stvar u jednoj instituciji&#8221;, dodaje Vojinovi\u0107.<\/p>\n\n\n\n<p>&#8220;Sve te grupe su znale da grupa Veljka Belivuka da iza sebe ima dr\u017eavu. Kada priop\u0107e pred tu\u017eiteljem Vi\u0161eg suda da ja imam saznanja vrh SNS uklju\u010duju\u0107i i Dijanu Hrkalovi\u0107, Neboj\u0161u Stefanovi\u0107a i Aleksandra Vu\u010di\u0107a sura\u0111uje s kava\u010dkim klanom, oni su morali da provjere te podatke. Sada se ispostavilo da je Dijana Hrkalovi\u0107 sura\u0111ivala s kava\u010dkim klanom i svi govore \u010dak i iz SNS-a da je Neboj\u0161a Stefanovi\u0107 je to isto radio preko Dijane Hrkalovi\u0107&#8221;, ka\u017ee Milan Dumanovi\u0107, biv\u0161i operativac Slu\u017ebe za tajno pra\u0107enje MUP-a Srbije.<\/p>\n\n\n\n<p>&#8220;Neupitno je da postoje veze svih tih afera, kriminalnih grupa, s vla\u0161\u0107u odnosno ljudi koji su predstavnici institucija, pa su sad svi oni sada prikazani kao sudionici u kriminalnim radnjama. Evidentno je to ono \u0161to se naziva organizirani kriminal, dakle sprega kriminala uvjetno re\u010deno biznisa i vlasti&#8221;, naveo je Vojislav Tufegd\u017ei\u0107, urednik nedjeljnika Ekspres.<\/p>\n\n\n\n<p>Sve vi\u0161e se govori o tihom sukobu Vu\u010di\u0107a i Stefanovi\u0107a<\/p>\n\n\n\n<p>U optu\u017enici protiv Belivukove grupe nije naveden dio svjedo\u010denja Bojana Hrvatina koji je Neboj\u0161u Stefanovi\u0107a, biv\u0161eg ministra policije i aktualnog ministra obrane spomenu u kontekstu da bi, navodno, odlazak Stefanovi\u0107a s pozicije ministra policije zna\u010dio kraj za Belivukovu kriminalnu grupu. Ne samo to, ali bilo kakve druge konekcije Belivukove grupe sa vla\u0161\u0107u ne nalaze se u optu\u017enici.<\/p>\n\n\n\n<p>&#8220;Od po\u010detka optu\u017enica protiv Veljka Belivuka je takva da mi ne znamo, ne\u0107emo saznati tko su suradnici grupe Veljka Belivuka iz politike&#8221;, ka\u017ee Dumanovi\u0107.<\/p>\n\n\n\n<p>&#8220;Ono \u0161to je zabrinjavaju\u0107e za tu optu\u017enicu to je da u njoj nema dr\u017eavnih funkcionera, a te\u0161ko da je takav kriminalni narko-klan mogao, koji je \u010dinio takva zvjerstva dugo pod velom tajne, mogao da postoji bez podr\u0161ke nekoga iz dr\u017eave&#8221;, smatra Jelena Zori\u0107, novinarka Insajdera.<\/p>\n\n\n\n<p>Vu\u010di\u0107, po obi\u010daju, negira da su on i njegovi suradnici na bilo koji na\u010din povezani s mafija\u0161kim strukturama i kriminalnim klanovima.<\/p>\n\n\n\n<p>&#8220;Ono \u0161to sam imao da ka\u017eem Neboj\u0161i Stefanovi\u0107u rekao sam mu. Ako sam bilo \u0161to kriv ja \u0107u i\u0107i u zatvor, ako je za bilo \u0161to kriv on, on \u0107e i\u0107i u zatvor ne\u0107e nitko biti oslobo\u0111en odgovornosti. Ali ja zato nemam nikakve dokaze, niti bilo \u0161to&#8221;, ka\u017ee Vu\u010di\u0107.<\/p>\n\n\n\n<p>Sve vi\u0161e se govori o tihom sukobu Vu\u010di\u0107a i Stefanovi\u0107a koji je podgrijavan aferama Kru\u0161ik i Jovanjica. Afera Kru\u0161ik dovodila se u vezu s poslovanjem s oru\u017ejem Branka Stefanovi\u0107a, oca tada\u0161njeg ministra policije, a u kontekstu afere Jovanjica spominjao se Andrej Vu\u010di\u0107, brat predsjednika Srbije.<\/p>\n\n\n\n<p>&#8220;Da li je ikada ijedan policajac ijedan dr\u017eavni slu\u017ebenik rekao da je Andrej Vu\u010di\u0107 ili bilo tko upleten u Jovanjicu. Policajac, neko iz MUP-a, pravosu\u0111a bilo tko. Niko nikada. Odakle on tu, hibridnom monta\u017eom&#8221;, dodaje Vu\u010di\u0107.<\/p>\n\n\n\n<p>&#8220;Ja imam obi\u010daj da ka\u017eem Jovanjica je srce Srbije. Iz onoga \u0161to vidite, po\u0161tuju\u0107i prepostvaku nevinosti da mo\u017eda ti ljudi nisu krivi, vi u predmet Jovanjica vidite svu propast srpskog dru\u0161tva i slom dr\u017eave i institucija i temelja dr\u017eave i vladavine prava&#8221;, istakao je odvjetnik Ivan Nini\u0107.<\/p>\n\n\n\n<p>Nedostaje Jovanjica 3<\/p>\n\n\n\n<p>Predmet Jovanjica 1 opisuje na\u010din proizvodnje marihuane i grupu koja se time bavila na \u010delu s Predragom Koluvijom. Me\u0111utim, su\u0111enje u predmetu Jovanjica 2 koja se odnosi na pripadnike policije i slu\u017ebi sigurnosti koji su umije\u0161ani u taj slu\u010daj nikako da po\u010dne.<\/p>\n\n\n\n<p>&#8220;Jedna organizirana kriminalna grupa imala sve poluge i sve instrumente dr\u017eave na raspolaganju. U optu\u017enicu su agenti BIA-e, agenti Vojne slu\u017ebe sigurnosti i aktivni policajci. Nedostaje Jovanjica 3&#8221;, dodaje Nini\u0107.<\/p>\n\n\n\n<p>Koluvijin odvjetnik je Vladimir \u0110ukanovi\u0107, poslanik SNS-a u Skup\u0161tini Srbije. Na potezu &nbsp;je dr\u017eavno pravosu\u0111e koje jedino mo\u017ee dati kona\u010dan odgovor na sve ove afere koje potresaju Srbiju. S posebnom pa\u017enjom \u0107e se pratiti ho\u0107e li srbijansko pravosu\u0111e i na koji na\u010din procesuirati sve one iz vlasti i politike koji se dovode u vezu sa organiziranim kriminalom i kriminalnim klanovima, prenosi FTV.<\/p>\n\n\n\n<p>Izvor:federalna.ba<\/p>\n","protected":false},"excerpt":{"rendered":"<p>Dijana Hrkalovi\u0107, Vu\u010di\u0107ev vojnik, najmo\u0107nija \u017eena srpske policije, \u010deli\u010dna lady, ikona mafije, lutka s naslovne strane, formirala je parapolicijsku strukturu u MUP-u Srbije gdje je sve kontrolirala. Prislu\u0161kivala, pratila, nadzirala, ucjenjivala, i Vu\u010di\u0107a pod nadzor stavila. Dijana je uhi\u0107ena, a tereti je se za umije\u0161anost u neke likvidacije, \u0161titila je kriminalnu organizaciju Veljka Belivuka i [&hellip;]<\/p>\n","protected":false},"author":2,"featured_media":84449,"comment_status":"closed","ping_status":"closed","sticky":false,"template":"","format":"standard","meta":{"h5ap_radio_sources":[],"footnotes":""},"categories":[1],"tags":[],"class_list":["post-84448","post","type-post","status-publish","format-standard","has-post-thumbnail","hentry","category-bihiregija"],"yoast_head":"<!-- This site is optimized with the Yoast SEO plugin v27.5 - https:\/\/yoast.com\/product\/yoast-seo-wordpress\/ -->\n<title>Mafija\u0161ica s naslovne strane - RADIO LJUBU\u0160KI<\/title>\n<meta name=\"robots\" content=\"index, follow, max-snippet:-1, max-image-preview:large, max-video-preview:-1\" \/>\n<link rel=\"canonical\" href=\"https:\/\/radioljubuski.ba\/index.php\/2021\/11\/03\/mafijasica-s-naslovne-strane\/\" \/>\n<meta property=\"og:locale\" content=\"hr_HR\" \/>\n<meta property=\"og:type\" content=\"article\" \/>\n<meta property=\"og:title\" content=\"Mafija\u0161ica s naslovne strane - RADIO LJUBU\u0160KI\" \/>\n<meta property=\"og:description\" content=\"Dijana Hrkalovi\u0107, Vu\u010di\u0107ev vojnik, najmo\u0107nija \u017eena srpske policije, \u010deli\u010dna lady, ikona mafije, lutka s naslovne strane, formirala je parapolicijsku strukturu u MUP-u Srbije gdje je sve kontrolirala. Prislu\u0161kivala, pratila, nadzirala, ucjenjivala, i Vu\u010di\u0107a pod nadzor stavila. Dijana je uhi\u0107ena, a tereti je se za umije\u0161anost u neke likvidacije, \u0161titila je kriminalnu organizaciju Veljka Belivuka i [&hellip;]\" \/>\n<meta property=\"og:url\" content=\"https:\/\/radioljubuski.ba\/index.php\/2021\/11\/03\/mafijasica-s-naslovne-strane\/\" \/>\n<meta property=\"og:site_name\" content=\"RADIO LJUBU\u0160KI\" \/>\n<meta property=\"article:publisher\" content=\"https:\/\/www.facebook.com\/Radiio-Ljubuski-1490835324566332\" \/>\n<meta property=\"article:published_time\" content=\"2021-11-03T11:08:31+00:00\" \/>\n<meta property=\"article:modified_time\" content=\"2021-11-03T11:08:32+00:00\" \/>\n<meta property=\"og:image\" content=\"https:\/\/radioljubuski.ba\/wp-content\/uploads\/2021\/11\/2-2021-10-16-07-55-52-dijana.jpg\" \/>\n\t<meta property=\"og:image:width\" content=\"1000\" \/>\n\t<meta property=\"og:image:height\" content=\"625\" \/>\n\t<meta property=\"og:image:type\" content=\"image\/jpeg\" \/>\n<meta name=\"author\" content=\"Radio Ljubu\u0161ki\" \/>\n<meta name=\"twitter:card\" content=\"summary_large_image\" \/>\n<meta name=\"twitter:creator\" content=\"@radioljubuski\" \/>\n<meta name=\"twitter:site\" content=\"@radioljubuski\" \/>\n<meta name=\"twitter:label1\" content=\"Napisao\/la\" \/>\n\t<meta name=\"twitter:data1\" content=\"Radio Ljubu\u0161ki\" \/>\n\t<meta name=\"twitter:label2\" content=\"Procijenjeno vrijeme \u010ditanja\" \/>\n\t<meta name=\"twitter:data2\" content=\"10 minuta\" \/>\n<script type=\"application\/ld+json\" class=\"yoast-schema-graph\">{\"@context\":\"https:\\\/\\\/schema.org\",\"@graph\":[{\"@type\":\"Article\",\"@id\":\"https:\\\/\\\/radioljubuski.ba\\\/index.php\\\/2021\\\/11\\\/03\\\/mafijasica-s-naslovne-strane\\\/#article\",\"isPartOf\":{\"@id\":\"https:\\\/\\\/radioljubuski.ba\\\/index.php\\\/2021\\\/11\\\/03\\\/mafijasica-s-naslovne-strane\\\/\"},\"author\":{\"name\":\"Radio Ljubu\u0161ki\",\"@id\":\"https:\\\/\\\/radioljubuski.ba\\\/#\\\/schema\\\/person\\\/19fc700381a780f69665d7956c469e3b\"},\"headline\":\"Mafija\u0161ica s naslovne strane\",\"datePublished\":\"2021-11-03T11:08:31+00:00\",\"dateModified\":\"2021-11-03T11:08:32+00:00\",\"mainEntityOfPage\":{\"@id\":\"https:\\\/\\\/radioljubuski.ba\\\/index.php\\\/2021\\\/11\\\/03\\\/mafijasica-s-naslovne-strane\\\/\"},\"wordCount\":2414,\"publisher\":{\"@id\":\"https:\\\/\\\/radioljubuski.ba\\\/#organization\"},\"image\":{\"@id\":\"https:\\\/\\\/radioljubuski.ba\\\/index.php\\\/2021\\\/11\\\/03\\\/mafijasica-s-naslovne-strane\\\/#primaryimage\"},\"thumbnailUrl\":\"https:\\\/\\\/radioljubuski.ba\\\/wp-content\\\/uploads\\\/2021\\\/11\\\/2-2021-10-16-07-55-52-dijana.jpg\",\"articleSection\":[\"BIH i regija\"],\"inLanguage\":\"hr\"},{\"@type\":\"WebPage\",\"@id\":\"https:\\\/\\\/radioljubuski.ba\\\/index.php\\\/2021\\\/11\\\/03\\\/mafijasica-s-naslovne-strane\\\/\",\"url\":\"https:\\\/\\\/radioljubuski.ba\\\/index.php\\\/2021\\\/11\\\/03\\\/mafijasica-s-naslovne-strane\\\/\",\"name\":\"Mafija\u0161ica s naslovne strane - RADIO LJUBU\u0160KI\",\"isPartOf\":{\"@id\":\"https:\\\/\\\/radioljubuski.ba\\\/#website\"},\"primaryImageOfPage\":{\"@id\":\"https:\\\/\\\/radioljubuski.ba\\\/index.php\\\/2021\\\/11\\\/03\\\/mafijasica-s-naslovne-strane\\\/#primaryimage\"},\"image\":{\"@id\":\"https:\\\/\\\/radioljubuski.ba\\\/index.php\\\/2021\\\/11\\\/03\\\/mafijasica-s-naslovne-strane\\\/#primaryimage\"},\"thumbnailUrl\":\"https:\\\/\\\/radioljubuski.ba\\\/wp-content\\\/uploads\\\/2021\\\/11\\\/2-2021-10-16-07-55-52-dijana.jpg\",\"datePublished\":\"2021-11-03T11:08:31+00:00\",\"dateModified\":\"2021-11-03T11:08:32+00:00\",\"breadcrumb\":{\"@id\":\"https:\\\/\\\/radioljubuski.ba\\\/index.php\\\/2021\\\/11\\\/03\\\/mafijasica-s-naslovne-strane\\\/#breadcrumb\"},\"inLanguage\":\"hr\",\"potentialAction\":[{\"@type\":\"ReadAction\",\"target\":[\"https:\\\/\\\/radioljubuski.ba\\\/index.php\\\/2021\\\/11\\\/03\\\/mafijasica-s-naslovne-strane\\\/\"]}]},{\"@type\":\"ImageObject\",\"inLanguage\":\"hr\",\"@id\":\"https:\\\/\\\/radioljubuski.ba\\\/index.php\\\/2021\\\/11\\\/03\\\/mafijasica-s-naslovne-strane\\\/#primaryimage\",\"url\":\"https:\\\/\\\/radioljubuski.ba\\\/wp-content\\\/uploads\\\/2021\\\/11\\\/2-2021-10-16-07-55-52-dijana.jpg\",\"contentUrl\":\"https:\\\/\\\/radioljubuski.ba\\\/wp-content\\\/uploads\\\/2021\\\/11\\\/2-2021-10-16-07-55-52-dijana.jpg\",\"width\":1000,\"height\":625},{\"@type\":\"BreadcrumbList\",\"@id\":\"https:\\\/\\\/radioljubuski.ba\\\/index.php\\\/2021\\\/11\\\/03\\\/mafijasica-s-naslovne-strane\\\/#breadcrumb\",\"itemListElement\":[{\"@type\":\"ListItem\",\"position\":1,\"name\":\"Po\u010detna stranica\",\"item\":\"https:\\\/\\\/radioljubuski.ba\\\/\"},{\"@type\":\"ListItem\",\"position\":2,\"name\":\"Mafija\u0161ica s naslovne strane\"}]},{\"@type\":\"WebSite\",\"@id\":\"https:\\\/\\\/radioljubuski.ba\\\/#website\",\"url\":\"https:\\\/\\\/radioljubuski.ba\\\/\",\"name\":\"Radio Ljubu\u0161ki\",\"description\":\"Sun\u010dana frekvencija Hercegovine\",\"publisher\":{\"@id\":\"https:\\\/\\\/radioljubuski.ba\\\/#organization\"},\"potentialAction\":[{\"@type\":\"SearchAction\",\"target\":{\"@type\":\"EntryPoint\",\"urlTemplate\":\"https:\\\/\\\/radioljubuski.ba\\\/?s={search_term_string}\"},\"query-input\":{\"@type\":\"PropertyValueSpecification\",\"valueRequired\":true,\"valueName\":\"search_term_string\"}}],\"inLanguage\":\"hr\"},{\"@type\":\"Organization\",\"@id\":\"https:\\\/\\\/radioljubuski.ba\\\/#organization\",\"name\":\"Radio Ljubu\u0161ki\",\"url\":\"https:\\\/\\\/radioljubuski.ba\\\/\",\"logo\":{\"@type\":\"ImageObject\",\"inLanguage\":\"hr\",\"@id\":\"https:\\\/\\\/radioljubuski.ba\\\/#\\\/schema\\\/logo\\\/image\\\/\",\"url\":\"https:\\\/\\\/radioljubuski.ba\\\/wp-content\\\/uploads\\\/2021\\\/02\\\/cropped-Radio_Ljubuski_logo1.jpg\",\"contentUrl\":\"https:\\\/\\\/radioljubuski.ba\\\/wp-content\\\/uploads\\\/2021\\\/02\\\/cropped-Radio_Ljubuski_logo1.jpg\",\"width\":512,\"height\":512,\"caption\":\"Radio Ljubu\u0161ki\"},\"image\":{\"@id\":\"https:\\\/\\\/radioljubuski.ba\\\/#\\\/schema\\\/logo\\\/image\\\/\"},\"sameAs\":[\"https:\\\/\\\/www.facebook.com\\\/Radiio-Ljubuski-1490835324566332\",\"https:\\\/\\\/x.com\\\/radioljubuski\",\"https:\\\/\\\/hr.linkedin.com\\\/company\\\/radio-ljubuski\",\"https:\\\/\\\/www.youtube.com\\\/channel\\\/UCHYaeO_n0Db3tjNGudGpXyw\"]},{\"@type\":\"Person\",\"@id\":\"https:\\\/\\\/radioljubuski.ba\\\/#\\\/schema\\\/person\\\/19fc700381a780f69665d7956c469e3b\",\"name\":\"Radio Ljubu\u0161ki\"}]}<\/script>\n<!-- \/ Yoast SEO plugin. -->","yoast_head_json":{"title":"Mafija\u0161ica s naslovne strane - RADIO LJUBU\u0160KI","robots":{"index":"index","follow":"follow","max-snippet":"max-snippet:-1","max-image-preview":"max-image-preview:large","max-video-preview":"max-video-preview:-1"},"canonical":"https:\/\/radioljubuski.ba\/index.php\/2021\/11\/03\/mafijasica-s-naslovne-strane\/","og_locale":"hr_HR","og_type":"article","og_title":"Mafija\u0161ica s naslovne strane - RADIO LJUBU\u0160KI","og_description":"Dijana Hrkalovi\u0107, Vu\u010di\u0107ev vojnik, najmo\u0107nija \u017eena srpske policije, \u010deli\u010dna lady, ikona mafije, lutka s naslovne strane, formirala je parapolicijsku strukturu u MUP-u Srbije gdje je sve kontrolirala. Prislu\u0161kivala, pratila, nadzirala, ucjenjivala, i Vu\u010di\u0107a pod nadzor stavila. Dijana je uhi\u0107ena, a tereti je se za umije\u0161anost u neke likvidacije, \u0161titila je kriminalnu organizaciju Veljka Belivuka i [&hellip;]","og_url":"https:\/\/radioljubuski.ba\/index.php\/2021\/11\/03\/mafijasica-s-naslovne-strane\/","og_site_name":"RADIO LJUBU\u0160KI","article_publisher":"https:\/\/www.facebook.com\/Radiio-Ljubuski-1490835324566332","article_published_time":"2021-11-03T11:08:31+00:00","article_modified_time":"2021-11-03T11:08:32+00:00","og_image":[{"width":1000,"height":625,"url":"https:\/\/radioljubuski.ba\/wp-content\/uploads\/2021\/11\/2-2021-10-16-07-55-52-dijana.jpg","type":"image\/jpeg"}],"author":"Radio Ljubu\u0161ki","twitter_card":"summary_large_image","twitter_creator":"@radioljubuski","twitter_site":"@radioljubuski","twitter_misc":{"Napisao\/la":"Radio Ljubu\u0161ki","Procijenjeno vrijeme \u010ditanja":"10 minuta"},"schema":{"@context":"https:\/\/schema.org","@graph":[{"@type":"Article","@id":"https:\/\/radioljubuski.ba\/index.php\/2021\/11\/03\/mafijasica-s-naslovne-strane\/#article","isPartOf":{"@id":"https:\/\/radioljubuski.ba\/index.php\/2021\/11\/03\/mafijasica-s-naslovne-strane\/"},"author":{"name":"Radio Ljubu\u0161ki","@id":"https:\/\/radioljubuski.ba\/#\/schema\/person\/19fc700381a780f69665d7956c469e3b"},"headline":"Mafija\u0161ica s naslovne strane","datePublished":"2021-11-03T11:08:31+00:00","dateModified":"2021-11-03T11:08:32+00:00","mainEntityOfPage":{"@id":"https:\/\/radioljubuski.ba\/index.php\/2021\/11\/03\/mafijasica-s-naslovne-strane\/"},"wordCount":2414,"publisher":{"@id":"https:\/\/radioljubuski.ba\/#organization"},"image":{"@id":"https:\/\/radioljubuski.ba\/index.php\/2021\/11\/03\/mafijasica-s-naslovne-strane\/#primaryimage"},"thumbnailUrl":"https:\/\/radioljubuski.ba\/wp-content\/uploads\/2021\/11\/2-2021-10-16-07-55-52-dijana.jpg","articleSection":["BIH i regija"],"inLanguage":"hr"},{"@type":"WebPage","@id":"https:\/\/radioljubuski.ba\/index.php\/2021\/11\/03\/mafijasica-s-naslovne-strane\/","url":"https:\/\/radioljubuski.ba\/index.php\/2021\/11\/03\/mafijasica-s-naslovne-strane\/","name":"Mafija\u0161ica s naslovne strane - RADIO LJUBU\u0160KI","isPartOf":{"@id":"https:\/\/radioljubuski.ba\/#website"},"primaryImageOfPage":{"@id":"https:\/\/radioljubuski.ba\/index.php\/2021\/11\/03\/mafijasica-s-naslovne-strane\/#primaryimage"},"image":{"@id":"https:\/\/radioljubuski.ba\/index.php\/2021\/11\/03\/mafijasica-s-naslovne-strane\/#primaryimage"},"thumbnailUrl":"https:\/\/radioljubuski.ba\/wp-content\/uploads\/2021\/11\/2-2021-10-16-07-55-52-dijana.jpg","datePublished":"2021-11-03T11:08:31+00:00","dateModified":"2021-11-03T11:08:32+00:00","breadcrumb":{"@id":"https:\/\/radioljubuski.ba\/index.php\/2021\/11\/03\/mafijasica-s-naslovne-strane\/#breadcrumb"},"inLanguage":"hr","potentialAction":[{"@type":"ReadAction","target":["https:\/\/radioljubuski.ba\/index.php\/2021\/11\/03\/mafijasica-s-naslovne-strane\/"]}]},{"@type":"ImageObject","inLanguage":"hr","@id":"https:\/\/radioljubuski.ba\/index.php\/2021\/11\/03\/mafijasica-s-naslovne-strane\/#primaryimage","url":"https:\/\/radioljubuski.ba\/wp-content\/uploads\/2021\/11\/2-2021-10-16-07-55-52-dijana.jpg","contentUrl":"https:\/\/radioljubuski.ba\/wp-content\/uploads\/2021\/11\/2-2021-10-16-07-55-52-dijana.jpg","width":1000,"height":625},{"@type":"BreadcrumbList","@id":"https:\/\/radioljubuski.ba\/index.php\/2021\/11\/03\/mafijasica-s-naslovne-strane\/#breadcrumb","itemListElement":[{"@type":"ListItem","position":1,"name":"Po\u010detna stranica","item":"https:\/\/radioljubuski.ba\/"},{"@type":"ListItem","position":2,"name":"Mafija\u0161ica s naslovne strane"}]},{"@type":"WebSite","@id":"https:\/\/radioljubuski.ba\/#website","url":"https:\/\/radioljubuski.ba\/","name":"Radio Ljubu\u0161ki","description":"Sun\u010dana frekvencija Hercegovine","publisher":{"@id":"https:\/\/radioljubuski.ba\/#organization"},"potentialAction":[{"@type":"SearchAction","target":{"@type":"EntryPoint","urlTemplate":"https:\/\/radioljubuski.ba\/?s={search_term_string}"},"query-input":{"@type":"PropertyValueSpecification","valueRequired":true,"valueName":"search_term_string"}}],"inLanguage":"hr"},{"@type":"Organization","@id":"https:\/\/radioljubuski.ba\/#organization","name":"Radio Ljubu\u0161ki","url":"https:\/\/radioljubuski.ba\/","logo":{"@type":"ImageObject","inLanguage":"hr","@id":"https:\/\/radioljubuski.ba\/#\/schema\/logo\/image\/","url":"https:\/\/radioljubuski.ba\/wp-content\/uploads\/2021\/02\/cropped-Radio_Ljubuski_logo1.jpg","contentUrl":"https:\/\/radioljubuski.ba\/wp-content\/uploads\/2021\/02\/cropped-Radio_Ljubuski_logo1.jpg","width":512,"height":512,"caption":"Radio Ljubu\u0161ki"},"image":{"@id":"https:\/\/radioljubuski.ba\/#\/schema\/logo\/image\/"},"sameAs":["https:\/\/www.facebook.com\/Radiio-Ljubuski-1490835324566332","https:\/\/x.com\/radioljubuski","https:\/\/hr.linkedin.com\/company\/radio-ljubuski","https:\/\/www.youtube.com\/channel\/UCHYaeO_n0Db3tjNGudGpXyw"]},{"@type":"Person","@id":"https:\/\/radioljubuski.ba\/#\/schema\/person\/19fc700381a780f69665d7956c469e3b","name":"Radio Ljubu\u0161ki"}]}},"_links":{"self":[{"href":"https:\/\/radioljubuski.ba\/index.php\/wp-json\/wp\/v2\/posts\/84448","targetHints":{"allow":["GET"]}}],"collection":[{"href":"https:\/\/radioljubuski.ba\/index.php\/wp-json\/wp\/v2\/posts"}],"about":[{"href":"https:\/\/radioljubuski.ba\/index.php\/wp-json\/wp\/v2\/types\/post"}],"author":[{"embeddable":true,"href":"https:\/\/radioljubuski.ba\/index.php\/wp-json\/wp\/v2\/users\/2"}],"replies":[{"embeddable":true,"href":"https:\/\/radioljubuski.ba\/index.php\/wp-json\/wp\/v2\/comments?post=84448"}],"version-history":[{"count":1,"href":"https:\/\/radioljubuski.ba\/index.php\/wp-json\/wp\/v2\/posts\/84448\/revisions"}],"predecessor-version":[{"id":84450,"href":"https:\/\/radioljubuski.ba\/index.php\/wp-json\/wp\/v2\/posts\/84448\/revisions\/84450"}],"wp:featuredmedia":[{"embeddable":true,"href":"https:\/\/radioljubuski.ba\/index.php\/wp-json\/wp\/v2\/media\/84449"}],"wp:attachment":[{"href":"https:\/\/radioljubuski.ba\/index.php\/wp-json\/wp\/v2\/media?parent=84448"}],"wp:term":[{"taxonomy":"category","embeddable":true,"href":"https:\/\/radioljubuski.ba\/index.php\/wp-json\/wp\/v2\/categories?post=84448"},{"taxonomy":"post_tag","embeddable":true,"href":"https:\/\/radioljubuski.ba\/index.php\/wp-json\/wp\/v2\/tags?post=84448"}],"curies":[{"name":"wp","href":"https:\/\/api.w.org\/{rel}","templated":true}]}}