{"id":8445,"date":"2021-03-31T23:53:01","date_gmt":"2021-03-31T22:53:01","guid":{"rendered":"https:\/\/radioljubuski.ba\/?p=8445"},"modified":"2021-03-31T23:53:02","modified_gmt":"2021-03-31T22:53:02","slug":"na-fortenova-grupu-preneseno-18-53-posto-dionica-mercatora","status":"publish","type":"post","link":"https:\/\/radioljubuski.ba\/index.php\/2021\/03\/31\/na-fortenova-grupu-preneseno-18-53-posto-dionica-mercatora\/","title":{"rendered":"Na Fortenova grupu preneseno 18.53 posto dionica Mercatora"},"content":{"rendered":"\n<p>U utorak, 30. o\u017eujka 2021. je zapo\u010deo postupak prijenosa dionica Poslovnog sistema Mercator na Fortenova grupu. Dionice koje je Sberbank imala u Poslovnim sistemima Mercator zamijenjene su za udjele u Fortenova grupi te je na Fortenova grupu preneseno 18,53 posto dionica Mercatora. Udio Sberbank u vlasni\u0161tvu Fortenova grupe time je narastao na 44 posto.<\/p>\n\n\n\n<p>&nbsp;\u201eJu\u010dera\u0161nji po\u010detak prijenos dionica Mercatora na Fortenova grupu i prodaja Poslovnog podru\u010dja Zamrznuta hrana, koja je zaklju\u010dena u ponedjeljak, dio su optimizacije portfelja Fortenova grupe koja je usmjerena na ja\u010danje kapitalne strukture i konsolidaciju&nbsp; klju\u010dnih podru\u010dja u kojima je Fortenova grupa tr\u017ei\u0161ni lider. Kada ju\u010der zapo\u010deti postupak transfera dionica Mercatora na Fortenova grupu bude zavr\u0161en, Fortenova grupa \u0107e s Mercatorom biti neupitni regionalni tr\u017ei\u0161ni lider u maloprodaji, koji \u0107e imati znatne kapacitete za ulaganja i daljnji rast \u201c \u2013 rekao je Fabris Peru\u0161ko, komentiraju\u0107i po\u010detak postupka prijenosa dionica Mercatora.<\/p>\n\n\n\n<p>Peru\u0161ko je tako\u0111er naglasio kako su kompanije Fortenova grupe u pandemijskoj godini bile klju\u010dne za osiguranje opskrbe kupaca na tr\u017ei\u0161tima na kojima posluju, zahvaljuju\u0107i i tisu\u0107ama velikih i malih, doma\u0107ih i stranih dobavlja\u010da s kojima kompanije Fortenova grupe imaju dugotrajne i stabilne odnose.<\/p>\n\n\n\n<p>&nbsp;\u201cPredstoje\u0107a integracija Mercatora s maloprodajom Fortenova grupe je velika prilika za sve klju\u010dne dobavlja\u010de\u201d \u2013 istaknuo je Peru\u0161ko, nadovezuju\u0107i se na u srijedu objavljeni izvje\u0161taj slovenskog izvanrednog povjerenika u Mercatoru, koji je potvrdio potpunu uskla\u0111enost poslovanja Mercatora sa slovenskim Lex Mercatorom. U izvje\u0161taju je istaknuto kako je Mercator svojim strate\u0161kim slovenskim dobavlja\u010dima ponudio mogu\u0107nost potpisa dugoro\u010dnih ugovora o suradnji, koje su potpisali svi oni koji su u takvim ugovorima na\u0161li svoj poslovni interes.<\/p>\n\n\n\n<p>Izvor:pogled.ba<\/p>\n","protected":false},"excerpt":{"rendered":"<p>U utorak, 30. o\u017eujka 2021. je zapo\u010deo postupak prijenosa dionica Poslovnog sistema Mercator na Fortenova grupu. Dionice koje je Sberbank imala u Poslovnim sistemima Mercator zamijenjene su za udjele u Fortenova grupi te je na Fortenova grupu preneseno 18,53 posto dionica Mercatora. Udio Sberbank u vlasni\u0161tvu Fortenova grupe time je narastao na 44 posto. &nbsp;\u201eJu\u010dera\u0161nji [&hellip;]<\/p>\n","protected":false},"author":2,"featured_media":8446,"comment_status":"closed","ping_status":"closed","sticky":false,"template":"","format":"standard","meta":{"h5ap_radio_sources":[],"footnotes":""},"categories":[1],"tags":[],"class_list":["post-8445","post","type-post","status-publish","format-standard","has-post-thumbnail","hentry","category-bihiregija"],"yoast_head":"<!-- This site is optimized with the Yoast SEO plugin v27.5 - https:\/\/yoast.com\/product\/yoast-seo-wordpress\/ -->\n<title>Na Fortenova grupu preneseno 18.53 posto dionica Mercatora - RADIO LJUBU\u0160KI<\/title>\n<meta name=\"robots\" content=\"index, follow, max-snippet:-1, max-image-preview:large, max-video-preview:-1\" \/>\n<link rel=\"canonical\" href=\"https:\/\/radioljubuski.ba\/index.php\/2021\/03\/31\/na-fortenova-grupu-preneseno-18-53-posto-dionica-mercatora\/\" \/>\n<meta property=\"og:locale\" content=\"hr_HR\" \/>\n<meta property=\"og:type\" content=\"article\" \/>\n<meta property=\"og:title\" content=\"Na Fortenova grupu preneseno 18.53 posto dionica Mercatora - RADIO LJUBU\u0160KI\" \/>\n<meta property=\"og:description\" content=\"U utorak, 30. o\u017eujka 2021. je zapo\u010deo postupak prijenosa dionica Poslovnog sistema Mercator na Fortenova grupu. Dionice koje je Sberbank imala u Poslovnim sistemima Mercator zamijenjene su za udjele u Fortenova grupi te je na Fortenova grupu preneseno 18,53 posto dionica Mercatora. Udio Sberbank u vlasni\u0161tvu Fortenova grupe time je narastao na 44 posto. &nbsp;\u201eJu\u010dera\u0161nji [&hellip;]\" \/>\n<meta property=\"og:url\" content=\"https:\/\/radioljubuski.ba\/index.php\/2021\/03\/31\/na-fortenova-grupu-preneseno-18-53-posto-dionica-mercatora\/\" \/>\n<meta property=\"og:site_name\" content=\"RADIO LJUBU\u0160KI\" \/>\n<meta property=\"article:publisher\" content=\"https:\/\/www.facebook.com\/Radiio-Ljubuski-1490835324566332\" \/>\n<meta property=\"article:published_time\" content=\"2021-03-31T22:53:01+00:00\" \/>\n<meta property=\"article:modified_time\" content=\"2021-03-31T22:53:02+00:00\" \/>\n<meta property=\"og:image\" content=\"https:\/\/radioljubuski.ba\/wp-content\/uploads\/2021\/03\/7-2021-03-31-16-53-30-543554.jpg\" \/>\n\t<meta property=\"og:image:width\" content=\"1000\" \/>\n\t<meta property=\"og:image:height\" content=\"625\" \/>\n\t<meta property=\"og:image:type\" content=\"image\/jpeg\" \/>\n<meta name=\"author\" content=\"Radio Ljubu\u0161ki\" \/>\n<meta name=\"twitter:card\" content=\"summary_large_image\" \/>\n<meta name=\"twitter:creator\" content=\"@radioljubuski\" \/>\n<meta name=\"twitter:site\" content=\"@radioljubuski\" \/>\n<meta name=\"twitter:label1\" content=\"Napisao\/la\" \/>\n\t<meta name=\"twitter:data1\" content=\"Radio Ljubu\u0161ki\" \/>\n\t<meta name=\"twitter:label2\" content=\"Procijenjeno vrijeme \u010ditanja\" \/>\n\t<meta name=\"twitter:data2\" content=\"2 minute\" \/>\n<script type=\"application\/ld+json\" class=\"yoast-schema-graph\">{\"@context\":\"https:\\\/\\\/schema.org\",\"@graph\":[{\"@type\":\"Article\",\"@id\":\"https:\\\/\\\/radioljubuski.ba\\\/index.php\\\/2021\\\/03\\\/31\\\/na-fortenova-grupu-preneseno-18-53-posto-dionica-mercatora\\\/#article\",\"isPartOf\":{\"@id\":\"https:\\\/\\\/radioljubuski.ba\\\/index.php\\\/2021\\\/03\\\/31\\\/na-fortenova-grupu-preneseno-18-53-posto-dionica-mercatora\\\/\"},\"author\":{\"name\":\"Radio Ljubu\u0161ki\",\"@id\":\"https:\\\/\\\/radioljubuski.ba\\\/#\\\/schema\\\/person\\\/19fc700381a780f69665d7956c469e3b\"},\"headline\":\"Na Fortenova grupu preneseno 18.53 posto dionica Mercatora\",\"datePublished\":\"2021-03-31T22:53:01+00:00\",\"dateModified\":\"2021-03-31T22:53:02+00:00\",\"mainEntityOfPage\":{\"@id\":\"https:\\\/\\\/radioljubuski.ba\\\/index.php\\\/2021\\\/03\\\/31\\\/na-fortenova-grupu-preneseno-18-53-posto-dionica-mercatora\\\/\"},\"wordCount\":308,\"publisher\":{\"@id\":\"https:\\\/\\\/radioljubuski.ba\\\/#organization\"},\"image\":{\"@id\":\"https:\\\/\\\/radioljubuski.ba\\\/index.php\\\/2021\\\/03\\\/31\\\/na-fortenova-grupu-preneseno-18-53-posto-dionica-mercatora\\\/#primaryimage\"},\"thumbnailUrl\":\"https:\\\/\\\/radioljubuski.ba\\\/wp-content\\\/uploads\\\/2021\\\/03\\\/7-2021-03-31-16-53-30-543554.jpg\",\"articleSection\":[\"BIH i regija\"],\"inLanguage\":\"hr\"},{\"@type\":\"WebPage\",\"@id\":\"https:\\\/\\\/radioljubuski.ba\\\/index.php\\\/2021\\\/03\\\/31\\\/na-fortenova-grupu-preneseno-18-53-posto-dionica-mercatora\\\/\",\"url\":\"https:\\\/\\\/radioljubuski.ba\\\/index.php\\\/2021\\\/03\\\/31\\\/na-fortenova-grupu-preneseno-18-53-posto-dionica-mercatora\\\/\",\"name\":\"Na Fortenova grupu preneseno 18.53 posto dionica Mercatora - RADIO LJUBU\u0160KI\",\"isPartOf\":{\"@id\":\"https:\\\/\\\/radioljubuski.ba\\\/#website\"},\"primaryImageOfPage\":{\"@id\":\"https:\\\/\\\/radioljubuski.ba\\\/index.php\\\/2021\\\/03\\\/31\\\/na-fortenova-grupu-preneseno-18-53-posto-dionica-mercatora\\\/#primaryimage\"},\"image\":{\"@id\":\"https:\\\/\\\/radioljubuski.ba\\\/index.php\\\/2021\\\/03\\\/31\\\/na-fortenova-grupu-preneseno-18-53-posto-dionica-mercatora\\\/#primaryimage\"},\"thumbnailUrl\":\"https:\\\/\\\/radioljubuski.ba\\\/wp-content\\\/uploads\\\/2021\\\/03\\\/7-2021-03-31-16-53-30-543554.jpg\",\"datePublished\":\"2021-03-31T22:53:01+00:00\",\"dateModified\":\"2021-03-31T22:53:02+00:00\",\"breadcrumb\":{\"@id\":\"https:\\\/\\\/radioljubuski.ba\\\/index.php\\\/2021\\\/03\\\/31\\\/na-fortenova-grupu-preneseno-18-53-posto-dionica-mercatora\\\/#breadcrumb\"},\"inLanguage\":\"hr\",\"potentialAction\":[{\"@type\":\"ReadAction\",\"target\":[\"https:\\\/\\\/radioljubuski.ba\\\/index.php\\\/2021\\\/03\\\/31\\\/na-fortenova-grupu-preneseno-18-53-posto-dionica-mercatora\\\/\"]}]},{\"@type\":\"ImageObject\",\"inLanguage\":\"hr\",\"@id\":\"https:\\\/\\\/radioljubuski.ba\\\/index.php\\\/2021\\\/03\\\/31\\\/na-fortenova-grupu-preneseno-18-53-posto-dionica-mercatora\\\/#primaryimage\",\"url\":\"https:\\\/\\\/radioljubuski.ba\\\/wp-content\\\/uploads\\\/2021\\\/03\\\/7-2021-03-31-16-53-30-543554.jpg\",\"contentUrl\":\"https:\\\/\\\/radioljubuski.ba\\\/wp-content\\\/uploads\\\/2021\\\/03\\\/7-2021-03-31-16-53-30-543554.jpg\",\"width\":1000,\"height\":625},{\"@type\":\"BreadcrumbList\",\"@id\":\"https:\\\/\\\/radioljubuski.ba\\\/index.php\\\/2021\\\/03\\\/31\\\/na-fortenova-grupu-preneseno-18-53-posto-dionica-mercatora\\\/#breadcrumb\",\"itemListElement\":[{\"@type\":\"ListItem\",\"position\":1,\"name\":\"Po\u010detna stranica\",\"item\":\"https:\\\/\\\/radioljubuski.ba\\\/\"},{\"@type\":\"ListItem\",\"position\":2,\"name\":\"Na Fortenova grupu preneseno 18.53 posto dionica Mercatora\"}]},{\"@type\":\"WebSite\",\"@id\":\"https:\\\/\\\/radioljubuski.ba\\\/#website\",\"url\":\"https:\\\/\\\/radioljubuski.ba\\\/\",\"name\":\"Radio Ljubu\u0161ki\",\"description\":\"Sun\u010dana frekvencija Hercegovine\",\"publisher\":{\"@id\":\"https:\\\/\\\/radioljubuski.ba\\\/#organization\"},\"potentialAction\":[{\"@type\":\"SearchAction\",\"target\":{\"@type\":\"EntryPoint\",\"urlTemplate\":\"https:\\\/\\\/radioljubuski.ba\\\/?s={search_term_string}\"},\"query-input\":{\"@type\":\"PropertyValueSpecification\",\"valueRequired\":true,\"valueName\":\"search_term_string\"}}],\"inLanguage\":\"hr\"},{\"@type\":\"Organization\",\"@id\":\"https:\\\/\\\/radioljubuski.ba\\\/#organization\",\"name\":\"Radio Ljubu\u0161ki\",\"url\":\"https:\\\/\\\/radioljubuski.ba\\\/\",\"logo\":{\"@type\":\"ImageObject\",\"inLanguage\":\"hr\",\"@id\":\"https:\\\/\\\/radioljubuski.ba\\\/#\\\/schema\\\/logo\\\/image\\\/\",\"url\":\"https:\\\/\\\/radioljubuski.ba\\\/wp-content\\\/uploads\\\/2021\\\/02\\\/cropped-Radio_Ljubuski_logo1.jpg\",\"contentUrl\":\"https:\\\/\\\/radioljubuski.ba\\\/wp-content\\\/uploads\\\/2021\\\/02\\\/cropped-Radio_Ljubuski_logo1.jpg\",\"width\":512,\"height\":512,\"caption\":\"Radio Ljubu\u0161ki\"},\"image\":{\"@id\":\"https:\\\/\\\/radioljubuski.ba\\\/#\\\/schema\\\/logo\\\/image\\\/\"},\"sameAs\":[\"https:\\\/\\\/www.facebook.com\\\/Radiio-Ljubuski-1490835324566332\",\"https:\\\/\\\/x.com\\\/radioljubuski\",\"https:\\\/\\\/hr.linkedin.com\\\/company\\\/radio-ljubuski\",\"https:\\\/\\\/www.youtube.com\\\/channel\\\/UCHYaeO_n0Db3tjNGudGpXyw\"]},{\"@type\":\"Person\",\"@id\":\"https:\\\/\\\/radioljubuski.ba\\\/#\\\/schema\\\/person\\\/19fc700381a780f69665d7956c469e3b\",\"name\":\"Radio Ljubu\u0161ki\"}]}<\/script>\n<!-- \/ Yoast SEO plugin. -->","yoast_head_json":{"title":"Na Fortenova grupu preneseno 18.53 posto dionica Mercatora - RADIO LJUBU\u0160KI","robots":{"index":"index","follow":"follow","max-snippet":"max-snippet:-1","max-image-preview":"max-image-preview:large","max-video-preview":"max-video-preview:-1"},"canonical":"https:\/\/radioljubuski.ba\/index.php\/2021\/03\/31\/na-fortenova-grupu-preneseno-18-53-posto-dionica-mercatora\/","og_locale":"hr_HR","og_type":"article","og_title":"Na Fortenova grupu preneseno 18.53 posto dionica Mercatora - RADIO LJUBU\u0160KI","og_description":"U utorak, 30. o\u017eujka 2021. je zapo\u010deo postupak prijenosa dionica Poslovnog sistema Mercator na Fortenova grupu. Dionice koje je Sberbank imala u Poslovnim sistemima Mercator zamijenjene su za udjele u Fortenova grupi te je na Fortenova grupu preneseno 18,53 posto dionica Mercatora. Udio Sberbank u vlasni\u0161tvu Fortenova grupe time je narastao na 44 posto. &nbsp;\u201eJu\u010dera\u0161nji [&hellip;]","og_url":"https:\/\/radioljubuski.ba\/index.php\/2021\/03\/31\/na-fortenova-grupu-preneseno-18-53-posto-dionica-mercatora\/","og_site_name":"RADIO LJUBU\u0160KI","article_publisher":"https:\/\/www.facebook.com\/Radiio-Ljubuski-1490835324566332","article_published_time":"2021-03-31T22:53:01+00:00","article_modified_time":"2021-03-31T22:53:02+00:00","og_image":[{"width":1000,"height":625,"url":"https:\/\/radioljubuski.ba\/wp-content\/uploads\/2021\/03\/7-2021-03-31-16-53-30-543554.jpg","type":"image\/jpeg"}],"author":"Radio Ljubu\u0161ki","twitter_card":"summary_large_image","twitter_creator":"@radioljubuski","twitter_site":"@radioljubuski","twitter_misc":{"Napisao\/la":"Radio Ljubu\u0161ki","Procijenjeno vrijeme \u010ditanja":"2 minute"},"schema":{"@context":"https:\/\/schema.org","@graph":[{"@type":"Article","@id":"https:\/\/radioljubuski.ba\/index.php\/2021\/03\/31\/na-fortenova-grupu-preneseno-18-53-posto-dionica-mercatora\/#article","isPartOf":{"@id":"https:\/\/radioljubuski.ba\/index.php\/2021\/03\/31\/na-fortenova-grupu-preneseno-18-53-posto-dionica-mercatora\/"},"author":{"name":"Radio Ljubu\u0161ki","@id":"https:\/\/radioljubuski.ba\/#\/schema\/person\/19fc700381a780f69665d7956c469e3b"},"headline":"Na Fortenova grupu preneseno 18.53 posto dionica Mercatora","datePublished":"2021-03-31T22:53:01+00:00","dateModified":"2021-03-31T22:53:02+00:00","mainEntityOfPage":{"@id":"https:\/\/radioljubuski.ba\/index.php\/2021\/03\/31\/na-fortenova-grupu-preneseno-18-53-posto-dionica-mercatora\/"},"wordCount":308,"publisher":{"@id":"https:\/\/radioljubuski.ba\/#organization"},"image":{"@id":"https:\/\/radioljubuski.ba\/index.php\/2021\/03\/31\/na-fortenova-grupu-preneseno-18-53-posto-dionica-mercatora\/#primaryimage"},"thumbnailUrl":"https:\/\/radioljubuski.ba\/wp-content\/uploads\/2021\/03\/7-2021-03-31-16-53-30-543554.jpg","articleSection":["BIH i regija"],"inLanguage":"hr"},{"@type":"WebPage","@id":"https:\/\/radioljubuski.ba\/index.php\/2021\/03\/31\/na-fortenova-grupu-preneseno-18-53-posto-dionica-mercatora\/","url":"https:\/\/radioljubuski.ba\/index.php\/2021\/03\/31\/na-fortenova-grupu-preneseno-18-53-posto-dionica-mercatora\/","name":"Na Fortenova grupu preneseno 18.53 posto dionica Mercatora - RADIO LJUBU\u0160KI","isPartOf":{"@id":"https:\/\/radioljubuski.ba\/#website"},"primaryImageOfPage":{"@id":"https:\/\/radioljubuski.ba\/index.php\/2021\/03\/31\/na-fortenova-grupu-preneseno-18-53-posto-dionica-mercatora\/#primaryimage"},"image":{"@id":"https:\/\/radioljubuski.ba\/index.php\/2021\/03\/31\/na-fortenova-grupu-preneseno-18-53-posto-dionica-mercatora\/#primaryimage"},"thumbnailUrl":"https:\/\/radioljubuski.ba\/wp-content\/uploads\/2021\/03\/7-2021-03-31-16-53-30-543554.jpg","datePublished":"2021-03-31T22:53:01+00:00","dateModified":"2021-03-31T22:53:02+00:00","breadcrumb":{"@id":"https:\/\/radioljubuski.ba\/index.php\/2021\/03\/31\/na-fortenova-grupu-preneseno-18-53-posto-dionica-mercatora\/#breadcrumb"},"inLanguage":"hr","potentialAction":[{"@type":"ReadAction","target":["https:\/\/radioljubuski.ba\/index.php\/2021\/03\/31\/na-fortenova-grupu-preneseno-18-53-posto-dionica-mercatora\/"]}]},{"@type":"ImageObject","inLanguage":"hr","@id":"https:\/\/radioljubuski.ba\/index.php\/2021\/03\/31\/na-fortenova-grupu-preneseno-18-53-posto-dionica-mercatora\/#primaryimage","url":"https:\/\/radioljubuski.ba\/wp-content\/uploads\/2021\/03\/7-2021-03-31-16-53-30-543554.jpg","contentUrl":"https:\/\/radioljubuski.ba\/wp-content\/uploads\/2021\/03\/7-2021-03-31-16-53-30-543554.jpg","width":1000,"height":625},{"@type":"BreadcrumbList","@id":"https:\/\/radioljubuski.ba\/index.php\/2021\/03\/31\/na-fortenova-grupu-preneseno-18-53-posto-dionica-mercatora\/#breadcrumb","itemListElement":[{"@type":"ListItem","position":1,"name":"Po\u010detna stranica","item":"https:\/\/radioljubuski.ba\/"},{"@type":"ListItem","position":2,"name":"Na Fortenova grupu preneseno 18.53 posto dionica Mercatora"}]},{"@type":"WebSite","@id":"https:\/\/radioljubuski.ba\/#website","url":"https:\/\/radioljubuski.ba\/","name":"Radio Ljubu\u0161ki","description":"Sun\u010dana frekvencija Hercegovine","publisher":{"@id":"https:\/\/radioljubuski.ba\/#organization"},"potentialAction":[{"@type":"SearchAction","target":{"@type":"EntryPoint","urlTemplate":"https:\/\/radioljubuski.ba\/?s={search_term_string}"},"query-input":{"@type":"PropertyValueSpecification","valueRequired":true,"valueName":"search_term_string"}}],"inLanguage":"hr"},{"@type":"Organization","@id":"https:\/\/radioljubuski.ba\/#organization","name":"Radio Ljubu\u0161ki","url":"https:\/\/radioljubuski.ba\/","logo":{"@type":"ImageObject","inLanguage":"hr","@id":"https:\/\/radioljubuski.ba\/#\/schema\/logo\/image\/","url":"https:\/\/radioljubuski.ba\/wp-content\/uploads\/2021\/02\/cropped-Radio_Ljubuski_logo1.jpg","contentUrl":"https:\/\/radioljubuski.ba\/wp-content\/uploads\/2021\/02\/cropped-Radio_Ljubuski_logo1.jpg","width":512,"height":512,"caption":"Radio Ljubu\u0161ki"},"image":{"@id":"https:\/\/radioljubuski.ba\/#\/schema\/logo\/image\/"},"sameAs":["https:\/\/www.facebook.com\/Radiio-Ljubuski-1490835324566332","https:\/\/x.com\/radioljubuski","https:\/\/hr.linkedin.com\/company\/radio-ljubuski","https:\/\/www.youtube.com\/channel\/UCHYaeO_n0Db3tjNGudGpXyw"]},{"@type":"Person","@id":"https:\/\/radioljubuski.ba\/#\/schema\/person\/19fc700381a780f69665d7956c469e3b","name":"Radio Ljubu\u0161ki"}]}},"_links":{"self":[{"href":"https:\/\/radioljubuski.ba\/index.php\/wp-json\/wp\/v2\/posts\/8445","targetHints":{"allow":["GET"]}}],"collection":[{"href":"https:\/\/radioljubuski.ba\/index.php\/wp-json\/wp\/v2\/posts"}],"about":[{"href":"https:\/\/radioljubuski.ba\/index.php\/wp-json\/wp\/v2\/types\/post"}],"author":[{"embeddable":true,"href":"https:\/\/radioljubuski.ba\/index.php\/wp-json\/wp\/v2\/users\/2"}],"replies":[{"embeddable":true,"href":"https:\/\/radioljubuski.ba\/index.php\/wp-json\/wp\/v2\/comments?post=8445"}],"version-history":[{"count":1,"href":"https:\/\/radioljubuski.ba\/index.php\/wp-json\/wp\/v2\/posts\/8445\/revisions"}],"predecessor-version":[{"id":8447,"href":"https:\/\/radioljubuski.ba\/index.php\/wp-json\/wp\/v2\/posts\/8445\/revisions\/8447"}],"wp:featuredmedia":[{"embeddable":true,"href":"https:\/\/radioljubuski.ba\/index.php\/wp-json\/wp\/v2\/media\/8446"}],"wp:attachment":[{"href":"https:\/\/radioljubuski.ba\/index.php\/wp-json\/wp\/v2\/media?parent=8445"}],"wp:term":[{"taxonomy":"category","embeddable":true,"href":"https:\/\/radioljubuski.ba\/index.php\/wp-json\/wp\/v2\/categories?post=8445"},{"taxonomy":"post_tag","embeddable":true,"href":"https:\/\/radioljubuski.ba\/index.php\/wp-json\/wp\/v2\/tags?post=8445"}],"curies":[{"name":"wp","href":"https:\/\/api.w.org\/{rel}","templated":true}]}}