{"id":84463,"date":"2021-11-03T13:03:21","date_gmt":"2021-11-03T12:03:21","guid":{"rendered":"https:\/\/radioljubuski.ba\/?p=84463"},"modified":"2021-11-03T13:03:22","modified_gmt":"2021-11-03T12:03:22","slug":"probijen-najduzi-tunel-na-koridoru-5c","status":"publish","type":"post","link":"https:\/\/radioljubuski.ba\/index.php\/2021\/11\/03\/probijen-najduzi-tunel-na-koridoru-5c\/","title":{"rendered":"Probijen najdu\u017ei tunel na Koridoru 5c"},"content":{"rendered":"\n<h5 class=\"wp-block-heading\">Probijanje desne cijevi tunela Zenica na autocesti Koridora Vc, poddionica Ponirak \u2013 Vraca, bit \u0107e uprili\u010deno u \u010detvrtak.<\/h5>\n\n\n\n<p>Nakon probijanja tunela, bit \u0107e organizirano i kratko obra\u0107anje sudionika u gradnji za medije. Medijima \u0107e se obratiti<strong>&nbsp;Ahmed Mu\u0161ija,<\/strong>&nbsp;predstavnik investitora JP Autoceste FBiH, ispred izvo\u0111a\u010da, kompanije Euro-Asfalt,<strong>&nbsp;Miroslav Tadi\u0107 i Irfan \u00dcnal,<\/strong>&nbsp;nadzorni in\u017eenjer.<\/p>\n\n\n\n<p>Tunel Zenica prolazi\u00a0<strong>ispod planine Vepar<\/strong>\u00a0i imat \u0107e devet prolaza za pje\u0161ake, dva prolaza za motorna vozila i dvije zaustavne dionice, a gradi se po NATM modelu (Nova austrijska tunelska metoda).<\/p>\n\n\n\n<p>Taj tunel je sa svojih&nbsp;<strong>3,36 kilometara du\u017eine<\/strong>&nbsp;trenutno najdu\u017ei iskopani tunel na autocesti Koridora Vc u Bosni i Hercegovini, prenosi BiznisInfo.ba.<\/p>\n\n\n\n<p>Njegovim zavr\u0161etkom i pu\u0161tanjem u promet put izme\u0111u&nbsp;<strong>Zenice i \u017dep\u010da<\/strong>&nbsp;bit \u0107e kra\u0107i za pet kilometara, najavljeno je.<\/p>\n\n\n\n<p><strong>Izvor: Jabuka.tv<\/strong><\/p>\n","protected":false},"excerpt":{"rendered":"<p>Probijanje desne cijevi tunela Zenica na autocesti Koridora Vc, poddionica Ponirak \u2013 Vraca, bit \u0107e uprili\u010deno u \u010detvrtak. Nakon probijanja tunela, bit \u0107e organizirano i kratko obra\u0107anje sudionika u gradnji za medije. Medijima \u0107e se obratiti&nbsp;Ahmed Mu\u0161ija,&nbsp;predstavnik investitora JP Autoceste FBiH, ispred izvo\u0111a\u010da, kompanije Euro-Asfalt,&nbsp;Miroslav Tadi\u0107 i Irfan \u00dcnal,&nbsp;nadzorni in\u017eenjer. Tunel Zenica prolazi\u00a0ispod planine Vepar\u00a0i [&hellip;]<\/p>\n","protected":false},"author":2,"featured_media":84464,"comment_status":"closed","ping_status":"closed","sticky":false,"template":"","format":"standard","meta":{"h5ap_radio_sources":[],"footnotes":""},"categories":[1],"tags":[],"class_list":["post-84463","post","type-post","status-publish","format-standard","has-post-thumbnail","hentry","category-bihiregija"],"yoast_head":"<!-- This site is optimized with the Yoast SEO plugin v27.5 - https:\/\/yoast.com\/product\/yoast-seo-wordpress\/ -->\n<title>Probijen najdu\u017ei tunel na Koridoru 5c - RADIO LJUBU\u0160KI<\/title>\n<meta name=\"robots\" content=\"index, follow, max-snippet:-1, max-image-preview:large, max-video-preview:-1\" \/>\n<link rel=\"canonical\" href=\"https:\/\/radioljubuski.ba\/index.php\/2021\/11\/03\/probijen-najduzi-tunel-na-koridoru-5c\/\" \/>\n<meta property=\"og:locale\" content=\"hr_HR\" \/>\n<meta property=\"og:type\" content=\"article\" \/>\n<meta property=\"og:title\" content=\"Probijen najdu\u017ei tunel na Koridoru 5c - RADIO LJUBU\u0160KI\" \/>\n<meta property=\"og:description\" content=\"Probijanje desne cijevi tunela Zenica na autocesti Koridora Vc, poddionica Ponirak \u2013 Vraca, bit \u0107e uprili\u010deno u \u010detvrtak. Nakon probijanja tunela, bit \u0107e organizirano i kratko obra\u0107anje sudionika u gradnji za medije. Medijima \u0107e se obratiti&nbsp;Ahmed Mu\u0161ija,&nbsp;predstavnik investitora JP Autoceste FBiH, ispred izvo\u0111a\u010da, kompanije Euro-Asfalt,&nbsp;Miroslav Tadi\u0107 i Irfan \u00dcnal,&nbsp;nadzorni in\u017eenjer. Tunel Zenica prolazi\u00a0ispod planine Vepar\u00a0i [&hellip;]\" \/>\n<meta property=\"og:url\" content=\"https:\/\/radioljubuski.ba\/index.php\/2021\/11\/03\/probijen-najduzi-tunel-na-koridoru-5c\/\" \/>\n<meta property=\"og:site_name\" content=\"RADIO LJUBU\u0160KI\" \/>\n<meta property=\"article:publisher\" content=\"https:\/\/www.facebook.com\/Radiio-Ljubuski-1490835324566332\" \/>\n<meta property=\"article:published_time\" content=\"2021-11-03T12:03:21+00:00\" \/>\n<meta property=\"article:modified_time\" content=\"2021-11-03T12:03:22+00:00\" \/>\n<meta property=\"og:image\" content=\"https:\/\/radioljubuski.ba\/wp-content\/uploads\/2021\/11\/tunel-koridorv5.jpg\" \/>\n\t<meta property=\"og:image:width\" content=\"810\" \/>\n\t<meta property=\"og:image:height\" content=\"528\" \/>\n\t<meta property=\"og:image:type\" content=\"image\/jpeg\" \/>\n<meta name=\"author\" content=\"Radio Ljubu\u0161ki\" \/>\n<meta name=\"twitter:card\" content=\"summary_large_image\" \/>\n<meta name=\"twitter:creator\" content=\"@radioljubuski\" \/>\n<meta name=\"twitter:site\" content=\"@radioljubuski\" \/>\n<meta name=\"twitter:label1\" content=\"Napisao\/la\" \/>\n\t<meta name=\"twitter:data1\" content=\"Radio Ljubu\u0161ki\" \/>\n\t<meta name=\"twitter:label2\" content=\"Procijenjeno vrijeme \u010ditanja\" \/>\n\t<meta name=\"twitter:data2\" content=\"1 minuta\" \/>\n<script type=\"application\/ld+json\" class=\"yoast-schema-graph\">{\"@context\":\"https:\\\/\\\/schema.org\",\"@graph\":[{\"@type\":\"Article\",\"@id\":\"https:\\\/\\\/radioljubuski.ba\\\/index.php\\\/2021\\\/11\\\/03\\\/probijen-najduzi-tunel-na-koridoru-5c\\\/#article\",\"isPartOf\":{\"@id\":\"https:\\\/\\\/radioljubuski.ba\\\/index.php\\\/2021\\\/11\\\/03\\\/probijen-najduzi-tunel-na-koridoru-5c\\\/\"},\"author\":{\"name\":\"Radio Ljubu\u0161ki\",\"@id\":\"https:\\\/\\\/radioljubuski.ba\\\/#\\\/schema\\\/person\\\/19fc700381a780f69665d7956c469e3b\"},\"headline\":\"Probijen najdu\u017ei tunel na Koridoru 5c\",\"datePublished\":\"2021-11-03T12:03:21+00:00\",\"dateModified\":\"2021-11-03T12:03:22+00:00\",\"mainEntityOfPage\":{\"@id\":\"https:\\\/\\\/radioljubuski.ba\\\/index.php\\\/2021\\\/11\\\/03\\\/probijen-najduzi-tunel-na-koridoru-5c\\\/\"},\"wordCount\":158,\"publisher\":{\"@id\":\"https:\\\/\\\/radioljubuski.ba\\\/#organization\"},\"image\":{\"@id\":\"https:\\\/\\\/radioljubuski.ba\\\/index.php\\\/2021\\\/11\\\/03\\\/probijen-najduzi-tunel-na-koridoru-5c\\\/#primaryimage\"},\"thumbnailUrl\":\"https:\\\/\\\/radioljubuski.ba\\\/wp-content\\\/uploads\\\/2021\\\/11\\\/tunel-koridorv5.jpg\",\"articleSection\":[\"BIH i regija\"],\"inLanguage\":\"hr\"},{\"@type\":\"WebPage\",\"@id\":\"https:\\\/\\\/radioljubuski.ba\\\/index.php\\\/2021\\\/11\\\/03\\\/probijen-najduzi-tunel-na-koridoru-5c\\\/\",\"url\":\"https:\\\/\\\/radioljubuski.ba\\\/index.php\\\/2021\\\/11\\\/03\\\/probijen-najduzi-tunel-na-koridoru-5c\\\/\",\"name\":\"Probijen najdu\u017ei tunel na Koridoru 5c - RADIO LJUBU\u0160KI\",\"isPartOf\":{\"@id\":\"https:\\\/\\\/radioljubuski.ba\\\/#website\"},\"primaryImageOfPage\":{\"@id\":\"https:\\\/\\\/radioljubuski.ba\\\/index.php\\\/2021\\\/11\\\/03\\\/probijen-najduzi-tunel-na-koridoru-5c\\\/#primaryimage\"},\"image\":{\"@id\":\"https:\\\/\\\/radioljubuski.ba\\\/index.php\\\/2021\\\/11\\\/03\\\/probijen-najduzi-tunel-na-koridoru-5c\\\/#primaryimage\"},\"thumbnailUrl\":\"https:\\\/\\\/radioljubuski.ba\\\/wp-content\\\/uploads\\\/2021\\\/11\\\/tunel-koridorv5.jpg\",\"datePublished\":\"2021-11-03T12:03:21+00:00\",\"dateModified\":\"2021-11-03T12:03:22+00:00\",\"breadcrumb\":{\"@id\":\"https:\\\/\\\/radioljubuski.ba\\\/index.php\\\/2021\\\/11\\\/03\\\/probijen-najduzi-tunel-na-koridoru-5c\\\/#breadcrumb\"},\"inLanguage\":\"hr\",\"potentialAction\":[{\"@type\":\"ReadAction\",\"target\":[\"https:\\\/\\\/radioljubuski.ba\\\/index.php\\\/2021\\\/11\\\/03\\\/probijen-najduzi-tunel-na-koridoru-5c\\\/\"]}]},{\"@type\":\"ImageObject\",\"inLanguage\":\"hr\",\"@id\":\"https:\\\/\\\/radioljubuski.ba\\\/index.php\\\/2021\\\/11\\\/03\\\/probijen-najduzi-tunel-na-koridoru-5c\\\/#primaryimage\",\"url\":\"https:\\\/\\\/radioljubuski.ba\\\/wp-content\\\/uploads\\\/2021\\\/11\\\/tunel-koridorv5.jpg\",\"contentUrl\":\"https:\\\/\\\/radioljubuski.ba\\\/wp-content\\\/uploads\\\/2021\\\/11\\\/tunel-koridorv5.jpg\",\"width\":810,\"height\":528,\"caption\":\"DCIM100MEDIADJI_0194.JPG\"},{\"@type\":\"BreadcrumbList\",\"@id\":\"https:\\\/\\\/radioljubuski.ba\\\/index.php\\\/2021\\\/11\\\/03\\\/probijen-najduzi-tunel-na-koridoru-5c\\\/#breadcrumb\",\"itemListElement\":[{\"@type\":\"ListItem\",\"position\":1,\"name\":\"Po\u010detna stranica\",\"item\":\"https:\\\/\\\/radioljubuski.ba\\\/\"},{\"@type\":\"ListItem\",\"position\":2,\"name\":\"Probijen najdu\u017ei tunel na Koridoru 5c\"}]},{\"@type\":\"WebSite\",\"@id\":\"https:\\\/\\\/radioljubuski.ba\\\/#website\",\"url\":\"https:\\\/\\\/radioljubuski.ba\\\/\",\"name\":\"Radio Ljubu\u0161ki\",\"description\":\"Sun\u010dana frekvencija Hercegovine\",\"publisher\":{\"@id\":\"https:\\\/\\\/radioljubuski.ba\\\/#organization\"},\"potentialAction\":[{\"@type\":\"SearchAction\",\"target\":{\"@type\":\"EntryPoint\",\"urlTemplate\":\"https:\\\/\\\/radioljubuski.ba\\\/?s={search_term_string}\"},\"query-input\":{\"@type\":\"PropertyValueSpecification\",\"valueRequired\":true,\"valueName\":\"search_term_string\"}}],\"inLanguage\":\"hr\"},{\"@type\":\"Organization\",\"@id\":\"https:\\\/\\\/radioljubuski.ba\\\/#organization\",\"name\":\"Radio Ljubu\u0161ki\",\"url\":\"https:\\\/\\\/radioljubuski.ba\\\/\",\"logo\":{\"@type\":\"ImageObject\",\"inLanguage\":\"hr\",\"@id\":\"https:\\\/\\\/radioljubuski.ba\\\/#\\\/schema\\\/logo\\\/image\\\/\",\"url\":\"https:\\\/\\\/radioljubuski.ba\\\/wp-content\\\/uploads\\\/2021\\\/02\\\/cropped-Radio_Ljubuski_logo1.jpg\",\"contentUrl\":\"https:\\\/\\\/radioljubuski.ba\\\/wp-content\\\/uploads\\\/2021\\\/02\\\/cropped-Radio_Ljubuski_logo1.jpg\",\"width\":512,\"height\":512,\"caption\":\"Radio Ljubu\u0161ki\"},\"image\":{\"@id\":\"https:\\\/\\\/radioljubuski.ba\\\/#\\\/schema\\\/logo\\\/image\\\/\"},\"sameAs\":[\"https:\\\/\\\/www.facebook.com\\\/Radiio-Ljubuski-1490835324566332\",\"https:\\\/\\\/x.com\\\/radioljubuski\",\"https:\\\/\\\/hr.linkedin.com\\\/company\\\/radio-ljubuski\",\"https:\\\/\\\/www.youtube.com\\\/channel\\\/UCHYaeO_n0Db3tjNGudGpXyw\"]},{\"@type\":\"Person\",\"@id\":\"https:\\\/\\\/radioljubuski.ba\\\/#\\\/schema\\\/person\\\/19fc700381a780f69665d7956c469e3b\",\"name\":\"Radio Ljubu\u0161ki\"}]}<\/script>\n<!-- \/ Yoast SEO plugin. -->","yoast_head_json":{"title":"Probijen najdu\u017ei tunel na Koridoru 5c - RADIO LJUBU\u0160KI","robots":{"index":"index","follow":"follow","max-snippet":"max-snippet:-1","max-image-preview":"max-image-preview:large","max-video-preview":"max-video-preview:-1"},"canonical":"https:\/\/radioljubuski.ba\/index.php\/2021\/11\/03\/probijen-najduzi-tunel-na-koridoru-5c\/","og_locale":"hr_HR","og_type":"article","og_title":"Probijen najdu\u017ei tunel na Koridoru 5c - RADIO LJUBU\u0160KI","og_description":"Probijanje desne cijevi tunela Zenica na autocesti Koridora Vc, poddionica Ponirak \u2013 Vraca, bit \u0107e uprili\u010deno u \u010detvrtak. Nakon probijanja tunela, bit \u0107e organizirano i kratko obra\u0107anje sudionika u gradnji za medije. Medijima \u0107e se obratiti&nbsp;Ahmed Mu\u0161ija,&nbsp;predstavnik investitora JP Autoceste FBiH, ispred izvo\u0111a\u010da, kompanije Euro-Asfalt,&nbsp;Miroslav Tadi\u0107 i Irfan \u00dcnal,&nbsp;nadzorni in\u017eenjer. Tunel Zenica prolazi\u00a0ispod planine Vepar\u00a0i [&hellip;]","og_url":"https:\/\/radioljubuski.ba\/index.php\/2021\/11\/03\/probijen-najduzi-tunel-na-koridoru-5c\/","og_site_name":"RADIO LJUBU\u0160KI","article_publisher":"https:\/\/www.facebook.com\/Radiio-Ljubuski-1490835324566332","article_published_time":"2021-11-03T12:03:21+00:00","article_modified_time":"2021-11-03T12:03:22+00:00","og_image":[{"width":810,"height":528,"url":"https:\/\/radioljubuski.ba\/wp-content\/uploads\/2021\/11\/tunel-koridorv5.jpg","type":"image\/jpeg"}],"author":"Radio Ljubu\u0161ki","twitter_card":"summary_large_image","twitter_creator":"@radioljubuski","twitter_site":"@radioljubuski","twitter_misc":{"Napisao\/la":"Radio Ljubu\u0161ki","Procijenjeno vrijeme \u010ditanja":"1 minuta"},"schema":{"@context":"https:\/\/schema.org","@graph":[{"@type":"Article","@id":"https:\/\/radioljubuski.ba\/index.php\/2021\/11\/03\/probijen-najduzi-tunel-na-koridoru-5c\/#article","isPartOf":{"@id":"https:\/\/radioljubuski.ba\/index.php\/2021\/11\/03\/probijen-najduzi-tunel-na-koridoru-5c\/"},"author":{"name":"Radio Ljubu\u0161ki","@id":"https:\/\/radioljubuski.ba\/#\/schema\/person\/19fc700381a780f69665d7956c469e3b"},"headline":"Probijen najdu\u017ei tunel na Koridoru 5c","datePublished":"2021-11-03T12:03:21+00:00","dateModified":"2021-11-03T12:03:22+00:00","mainEntityOfPage":{"@id":"https:\/\/radioljubuski.ba\/index.php\/2021\/11\/03\/probijen-najduzi-tunel-na-koridoru-5c\/"},"wordCount":158,"publisher":{"@id":"https:\/\/radioljubuski.ba\/#organization"},"image":{"@id":"https:\/\/radioljubuski.ba\/index.php\/2021\/11\/03\/probijen-najduzi-tunel-na-koridoru-5c\/#primaryimage"},"thumbnailUrl":"https:\/\/radioljubuski.ba\/wp-content\/uploads\/2021\/11\/tunel-koridorv5.jpg","articleSection":["BIH i regija"],"inLanguage":"hr"},{"@type":"WebPage","@id":"https:\/\/radioljubuski.ba\/index.php\/2021\/11\/03\/probijen-najduzi-tunel-na-koridoru-5c\/","url":"https:\/\/radioljubuski.ba\/index.php\/2021\/11\/03\/probijen-najduzi-tunel-na-koridoru-5c\/","name":"Probijen najdu\u017ei tunel na Koridoru 5c - RADIO LJUBU\u0160KI","isPartOf":{"@id":"https:\/\/radioljubuski.ba\/#website"},"primaryImageOfPage":{"@id":"https:\/\/radioljubuski.ba\/index.php\/2021\/11\/03\/probijen-najduzi-tunel-na-koridoru-5c\/#primaryimage"},"image":{"@id":"https:\/\/radioljubuski.ba\/index.php\/2021\/11\/03\/probijen-najduzi-tunel-na-koridoru-5c\/#primaryimage"},"thumbnailUrl":"https:\/\/radioljubuski.ba\/wp-content\/uploads\/2021\/11\/tunel-koridorv5.jpg","datePublished":"2021-11-03T12:03:21+00:00","dateModified":"2021-11-03T12:03:22+00:00","breadcrumb":{"@id":"https:\/\/radioljubuski.ba\/index.php\/2021\/11\/03\/probijen-najduzi-tunel-na-koridoru-5c\/#breadcrumb"},"inLanguage":"hr","potentialAction":[{"@type":"ReadAction","target":["https:\/\/radioljubuski.ba\/index.php\/2021\/11\/03\/probijen-najduzi-tunel-na-koridoru-5c\/"]}]},{"@type":"ImageObject","inLanguage":"hr","@id":"https:\/\/radioljubuski.ba\/index.php\/2021\/11\/03\/probijen-najduzi-tunel-na-koridoru-5c\/#primaryimage","url":"https:\/\/radioljubuski.ba\/wp-content\/uploads\/2021\/11\/tunel-koridorv5.jpg","contentUrl":"https:\/\/radioljubuski.ba\/wp-content\/uploads\/2021\/11\/tunel-koridorv5.jpg","width":810,"height":528,"caption":"DCIM100MEDIADJI_0194.JPG"},{"@type":"BreadcrumbList","@id":"https:\/\/radioljubuski.ba\/index.php\/2021\/11\/03\/probijen-najduzi-tunel-na-koridoru-5c\/#breadcrumb","itemListElement":[{"@type":"ListItem","position":1,"name":"Po\u010detna stranica","item":"https:\/\/radioljubuski.ba\/"},{"@type":"ListItem","position":2,"name":"Probijen najdu\u017ei tunel na Koridoru 5c"}]},{"@type":"WebSite","@id":"https:\/\/radioljubuski.ba\/#website","url":"https:\/\/radioljubuski.ba\/","name":"Radio Ljubu\u0161ki","description":"Sun\u010dana frekvencija Hercegovine","publisher":{"@id":"https:\/\/radioljubuski.ba\/#organization"},"potentialAction":[{"@type":"SearchAction","target":{"@type":"EntryPoint","urlTemplate":"https:\/\/radioljubuski.ba\/?s={search_term_string}"},"query-input":{"@type":"PropertyValueSpecification","valueRequired":true,"valueName":"search_term_string"}}],"inLanguage":"hr"},{"@type":"Organization","@id":"https:\/\/radioljubuski.ba\/#organization","name":"Radio Ljubu\u0161ki","url":"https:\/\/radioljubuski.ba\/","logo":{"@type":"ImageObject","inLanguage":"hr","@id":"https:\/\/radioljubuski.ba\/#\/schema\/logo\/image\/","url":"https:\/\/radioljubuski.ba\/wp-content\/uploads\/2021\/02\/cropped-Radio_Ljubuski_logo1.jpg","contentUrl":"https:\/\/radioljubuski.ba\/wp-content\/uploads\/2021\/02\/cropped-Radio_Ljubuski_logo1.jpg","width":512,"height":512,"caption":"Radio Ljubu\u0161ki"},"image":{"@id":"https:\/\/radioljubuski.ba\/#\/schema\/logo\/image\/"},"sameAs":["https:\/\/www.facebook.com\/Radiio-Ljubuski-1490835324566332","https:\/\/x.com\/radioljubuski","https:\/\/hr.linkedin.com\/company\/radio-ljubuski","https:\/\/www.youtube.com\/channel\/UCHYaeO_n0Db3tjNGudGpXyw"]},{"@type":"Person","@id":"https:\/\/radioljubuski.ba\/#\/schema\/person\/19fc700381a780f69665d7956c469e3b","name":"Radio Ljubu\u0161ki"}]}},"_links":{"self":[{"href":"https:\/\/radioljubuski.ba\/index.php\/wp-json\/wp\/v2\/posts\/84463","targetHints":{"allow":["GET"]}}],"collection":[{"href":"https:\/\/radioljubuski.ba\/index.php\/wp-json\/wp\/v2\/posts"}],"about":[{"href":"https:\/\/radioljubuski.ba\/index.php\/wp-json\/wp\/v2\/types\/post"}],"author":[{"embeddable":true,"href":"https:\/\/radioljubuski.ba\/index.php\/wp-json\/wp\/v2\/users\/2"}],"replies":[{"embeddable":true,"href":"https:\/\/radioljubuski.ba\/index.php\/wp-json\/wp\/v2\/comments?post=84463"}],"version-history":[{"count":1,"href":"https:\/\/radioljubuski.ba\/index.php\/wp-json\/wp\/v2\/posts\/84463\/revisions"}],"predecessor-version":[{"id":84465,"href":"https:\/\/radioljubuski.ba\/index.php\/wp-json\/wp\/v2\/posts\/84463\/revisions\/84465"}],"wp:featuredmedia":[{"embeddable":true,"href":"https:\/\/radioljubuski.ba\/index.php\/wp-json\/wp\/v2\/media\/84464"}],"wp:attachment":[{"href":"https:\/\/radioljubuski.ba\/index.php\/wp-json\/wp\/v2\/media?parent=84463"}],"wp:term":[{"taxonomy":"category","embeddable":true,"href":"https:\/\/radioljubuski.ba\/index.php\/wp-json\/wp\/v2\/categories?post=84463"},{"taxonomy":"post_tag","embeddable":true,"href":"https:\/\/radioljubuski.ba\/index.php\/wp-json\/wp\/v2\/tags?post=84463"}],"curies":[{"name":"wp","href":"https:\/\/api.w.org\/{rel}","templated":true}]}}