{"id":84477,"date":"2021-11-03T14:13:32","date_gmt":"2021-11-03T13:13:32","guid":{"rendered":"https:\/\/radioljubuski.ba\/?p=84477"},"modified":"2021-11-03T14:13:33","modified_gmt":"2021-11-03T13:13:33","slug":"slovenac-u-bih-osnovao-tvrtku-bez-ijednog-radnika-uzeo-milijun-km-i-ugasio-je","status":"publish","type":"post","link":"https:\/\/radioljubuski.ba\/index.php\/2021\/11\/03\/slovenac-u-bih-osnovao-tvrtku-bez-ijednog-radnika-uzeo-milijun-km-i-ugasio-je\/","title":{"rendered":"Slovenac u BiH osnovao tvrtku bez ijednog radnika, uzeo milijun KM i ugasio je"},"content":{"rendered":"\n<p><strong>Tvrtka PrimeSoccer Management, koja je u pro\u0161loj godini bez ijednog radnika zaradila milijun KM, likvidirana je prije nekoliko dana na prijedlog vlasnika Denisa Selimovi\u0107a koji je slovenski dr\u017eavljanin.<\/strong><\/p>\n\n\n\n<p>Okru\u017eni gospodarski sud Banjaluka je 26. listopada donio rje\u0161enje kojim se otvara i zaklju\u010duje skra\u0107eni dobrovoljni likvidacijski postupak, pi\u0161e Capital.<\/p>\n\n\n\n<p>U obrazlo\u017eenju rje\u0161enja navedeno je da je vlasnik dostavio odluku o prestanku rada poslovnog subjekta, kao i notarski ovjerenu izjavu da je izmirio sve obveze prema vjerovnicima..<\/p>\n\n\n\n<p>Sud je nakon toga utvrdio da su ispunjeni uvjeti da se otvori i istovremeno zaklju\u010di dobrovoljni likvidacijski postupak nad ovim poduze\u0107em.<\/p>\n\n\n\n<p>PrimeSoccer Management je jedna od tvrtki u Republici Srpskoj koje nemaju nijednog zaposlenog, a zaradile su milijune KM.<\/p>\n\n\n\n<p>Dobit ove tvrtke, koja se bavi poslovnim savjetovanjem, u pro\u0161loj godini je iznosila 1,06 milijuna KM. Ina\u010de, ova tvrtka je i osnovana pro\u0161le godine preko poduze\u0107a u Banjoj Luci ostvari dobit od milijun eura, pla\u0107a se 10 posto poreza, a ostatak od 900.000 se podigne s ra\u010duna i njime raspola\u017ee po volji.<\/p>\n\n\n\n<p>Kada u Sloveniji zaradite milijun eura, prvo platite porez na dobit od 20 posto, a kada se podi\u017ee preostalih 800.000 dr\u017eava uzima jo\u0161 27,5 posto poreza, ako \u017eelite uzeti dividendu.<\/p>\n\n\n\n<p>\/HMS\/<\/p>\n","protected":false},"excerpt":{"rendered":"<p>Tvrtka PrimeSoccer Management, koja je u pro\u0161loj godini bez ijednog radnika zaradila milijun KM, likvidirana je prije nekoliko dana na prijedlog vlasnika Denisa Selimovi\u0107a koji je slovenski dr\u017eavljanin. Okru\u017eni gospodarski sud Banjaluka je 26. listopada donio rje\u0161enje kojim se otvara i zaklju\u010duje skra\u0107eni dobrovoljni likvidacijski postupak, pi\u0161e Capital. U obrazlo\u017eenju rje\u0161enja navedeno je da je [&hellip;]<\/p>\n","protected":false},"author":2,"featured_media":84478,"comment_status":"closed","ping_status":"closed","sticky":false,"template":"","format":"standard","meta":{"h5ap_radio_sources":[],"footnotes":""},"categories":[1],"tags":[],"class_list":["post-84477","post","type-post","status-publish","format-standard","has-post-thumbnail","hentry","category-bihiregija"],"yoast_head":"<!-- This site is optimized with the Yoast SEO plugin v27.5 - https:\/\/yoast.com\/product\/yoast-seo-wordpress\/ -->\n<title>Slovenac u BiH osnovao tvrtku bez ijednog radnika, uzeo milijun KM i ugasio je - RADIO LJUBU\u0160KI<\/title>\n<meta name=\"robots\" content=\"index, follow, max-snippet:-1, max-image-preview:large, max-video-preview:-1\" \/>\n<link rel=\"canonical\" href=\"https:\/\/radioljubuski.ba\/index.php\/2021\/11\/03\/slovenac-u-bih-osnovao-tvrtku-bez-ijednog-radnika-uzeo-milijun-km-i-ugasio-je\/\" \/>\n<meta property=\"og:locale\" content=\"hr_HR\" \/>\n<meta property=\"og:type\" content=\"article\" \/>\n<meta property=\"og:title\" content=\"Slovenac u BiH osnovao tvrtku bez ijednog radnika, uzeo milijun KM i ugasio je - RADIO LJUBU\u0160KI\" \/>\n<meta property=\"og:description\" content=\"Tvrtka PrimeSoccer Management, koja je u pro\u0161loj godini bez ijednog radnika zaradila milijun KM, likvidirana je prije nekoliko dana na prijedlog vlasnika Denisa Selimovi\u0107a koji je slovenski dr\u017eavljanin. Okru\u017eni gospodarski sud Banjaluka je 26. listopada donio rje\u0161enje kojim se otvara i zaklju\u010duje skra\u0107eni dobrovoljni likvidacijski postupak, pi\u0161e Capital. U obrazlo\u017eenju rje\u0161enja navedeno je da je [&hellip;]\" \/>\n<meta property=\"og:url\" content=\"https:\/\/radioljubuski.ba\/index.php\/2021\/11\/03\/slovenac-u-bih-osnovao-tvrtku-bez-ijednog-radnika-uzeo-milijun-km-i-ugasio-je\/\" \/>\n<meta property=\"og:site_name\" content=\"RADIO LJUBU\u0160KI\" \/>\n<meta property=\"article:publisher\" content=\"https:\/\/www.facebook.com\/Radiio-Ljubuski-1490835324566332\" \/>\n<meta property=\"article:published_time\" content=\"2021-11-03T13:13:32+00:00\" \/>\n<meta property=\"article:modified_time\" content=\"2021-11-03T13:13:33+00:00\" \/>\n<meta property=\"og:image\" content=\"https:\/\/radioljubuski.ba\/wp-content\/uploads\/2021\/11\/Porezna-utaja.jpg\" \/>\n\t<meta property=\"og:image:width\" content=\"1279\" \/>\n\t<meta property=\"og:image:height\" content=\"865\" \/>\n\t<meta property=\"og:image:type\" content=\"image\/jpeg\" \/>\n<meta name=\"author\" content=\"Radio Ljubu\u0161ki\" \/>\n<meta name=\"twitter:card\" content=\"summary_large_image\" \/>\n<meta name=\"twitter:creator\" content=\"@radioljubuski\" \/>\n<meta name=\"twitter:site\" content=\"@radioljubuski\" \/>\n<meta name=\"twitter:label1\" content=\"Napisao\/la\" \/>\n\t<meta name=\"twitter:data1\" content=\"Radio Ljubu\u0161ki\" \/>\n\t<meta name=\"twitter:label2\" content=\"Procijenjeno vrijeme \u010ditanja\" \/>\n\t<meta name=\"twitter:data2\" content=\"1 minuta\" \/>\n<script type=\"application\/ld+json\" class=\"yoast-schema-graph\">{\"@context\":\"https:\\\/\\\/schema.org\",\"@graph\":[{\"@type\":\"Article\",\"@id\":\"https:\\\/\\\/radioljubuski.ba\\\/index.php\\\/2021\\\/11\\\/03\\\/slovenac-u-bih-osnovao-tvrtku-bez-ijednog-radnika-uzeo-milijun-km-i-ugasio-je\\\/#article\",\"isPartOf\":{\"@id\":\"https:\\\/\\\/radioljubuski.ba\\\/index.php\\\/2021\\\/11\\\/03\\\/slovenac-u-bih-osnovao-tvrtku-bez-ijednog-radnika-uzeo-milijun-km-i-ugasio-je\\\/\"},\"author\":{\"name\":\"Radio Ljubu\u0161ki\",\"@id\":\"https:\\\/\\\/radioljubuski.ba\\\/#\\\/schema\\\/person\\\/19fc700381a780f69665d7956c469e3b\"},\"headline\":\"Slovenac u BiH osnovao tvrtku bez ijednog radnika, uzeo milijun KM i ugasio je\",\"datePublished\":\"2021-11-03T13:13:32+00:00\",\"dateModified\":\"2021-11-03T13:13:33+00:00\",\"mainEntityOfPage\":{\"@id\":\"https:\\\/\\\/radioljubuski.ba\\\/index.php\\\/2021\\\/11\\\/03\\\/slovenac-u-bih-osnovao-tvrtku-bez-ijednog-radnika-uzeo-milijun-km-i-ugasio-je\\\/\"},\"wordCount\":225,\"publisher\":{\"@id\":\"https:\\\/\\\/radioljubuski.ba\\\/#organization\"},\"image\":{\"@id\":\"https:\\\/\\\/radioljubuski.ba\\\/index.php\\\/2021\\\/11\\\/03\\\/slovenac-u-bih-osnovao-tvrtku-bez-ijednog-radnika-uzeo-milijun-km-i-ugasio-je\\\/#primaryimage\"},\"thumbnailUrl\":\"https:\\\/\\\/radioljubuski.ba\\\/wp-content\\\/uploads\\\/2021\\\/11\\\/Porezna-utaja.jpg\",\"articleSection\":[\"BIH i regija\"],\"inLanguage\":\"hr\"},{\"@type\":\"WebPage\",\"@id\":\"https:\\\/\\\/radioljubuski.ba\\\/index.php\\\/2021\\\/11\\\/03\\\/slovenac-u-bih-osnovao-tvrtku-bez-ijednog-radnika-uzeo-milijun-km-i-ugasio-je\\\/\",\"url\":\"https:\\\/\\\/radioljubuski.ba\\\/index.php\\\/2021\\\/11\\\/03\\\/slovenac-u-bih-osnovao-tvrtku-bez-ijednog-radnika-uzeo-milijun-km-i-ugasio-je\\\/\",\"name\":\"Slovenac u BiH osnovao tvrtku bez ijednog radnika, uzeo milijun KM i ugasio je - RADIO LJUBU\u0160KI\",\"isPartOf\":{\"@id\":\"https:\\\/\\\/radioljubuski.ba\\\/#website\"},\"primaryImageOfPage\":{\"@id\":\"https:\\\/\\\/radioljubuski.ba\\\/index.php\\\/2021\\\/11\\\/03\\\/slovenac-u-bih-osnovao-tvrtku-bez-ijednog-radnika-uzeo-milijun-km-i-ugasio-je\\\/#primaryimage\"},\"image\":{\"@id\":\"https:\\\/\\\/radioljubuski.ba\\\/index.php\\\/2021\\\/11\\\/03\\\/slovenac-u-bih-osnovao-tvrtku-bez-ijednog-radnika-uzeo-milijun-km-i-ugasio-je\\\/#primaryimage\"},\"thumbnailUrl\":\"https:\\\/\\\/radioljubuski.ba\\\/wp-content\\\/uploads\\\/2021\\\/11\\\/Porezna-utaja.jpg\",\"datePublished\":\"2021-11-03T13:13:32+00:00\",\"dateModified\":\"2021-11-03T13:13:33+00:00\",\"breadcrumb\":{\"@id\":\"https:\\\/\\\/radioljubuski.ba\\\/index.php\\\/2021\\\/11\\\/03\\\/slovenac-u-bih-osnovao-tvrtku-bez-ijednog-radnika-uzeo-milijun-km-i-ugasio-je\\\/#breadcrumb\"},\"inLanguage\":\"hr\",\"potentialAction\":[{\"@type\":\"ReadAction\",\"target\":[\"https:\\\/\\\/radioljubuski.ba\\\/index.php\\\/2021\\\/11\\\/03\\\/slovenac-u-bih-osnovao-tvrtku-bez-ijednog-radnika-uzeo-milijun-km-i-ugasio-je\\\/\"]}]},{\"@type\":\"ImageObject\",\"inLanguage\":\"hr\",\"@id\":\"https:\\\/\\\/radioljubuski.ba\\\/index.php\\\/2021\\\/11\\\/03\\\/slovenac-u-bih-osnovao-tvrtku-bez-ijednog-radnika-uzeo-milijun-km-i-ugasio-je\\\/#primaryimage\",\"url\":\"https:\\\/\\\/radioljubuski.ba\\\/wp-content\\\/uploads\\\/2021\\\/11\\\/Porezna-utaja.jpg\",\"contentUrl\":\"https:\\\/\\\/radioljubuski.ba\\\/wp-content\\\/uploads\\\/2021\\\/11\\\/Porezna-utaja.jpg\",\"width\":1279,\"height\":865},{\"@type\":\"BreadcrumbList\",\"@id\":\"https:\\\/\\\/radioljubuski.ba\\\/index.php\\\/2021\\\/11\\\/03\\\/slovenac-u-bih-osnovao-tvrtku-bez-ijednog-radnika-uzeo-milijun-km-i-ugasio-je\\\/#breadcrumb\",\"itemListElement\":[{\"@type\":\"ListItem\",\"position\":1,\"name\":\"Po\u010detna stranica\",\"item\":\"https:\\\/\\\/radioljubuski.ba\\\/\"},{\"@type\":\"ListItem\",\"position\":2,\"name\":\"Slovenac u BiH osnovao tvrtku bez ijednog radnika, uzeo milijun KM i ugasio je\"}]},{\"@type\":\"WebSite\",\"@id\":\"https:\\\/\\\/radioljubuski.ba\\\/#website\",\"url\":\"https:\\\/\\\/radioljubuski.ba\\\/\",\"name\":\"Radio Ljubu\u0161ki\",\"description\":\"Sun\u010dana frekvencija Hercegovine\",\"publisher\":{\"@id\":\"https:\\\/\\\/radioljubuski.ba\\\/#organization\"},\"potentialAction\":[{\"@type\":\"SearchAction\",\"target\":{\"@type\":\"EntryPoint\",\"urlTemplate\":\"https:\\\/\\\/radioljubuski.ba\\\/?s={search_term_string}\"},\"query-input\":{\"@type\":\"PropertyValueSpecification\",\"valueRequired\":true,\"valueName\":\"search_term_string\"}}],\"inLanguage\":\"hr\"},{\"@type\":\"Organization\",\"@id\":\"https:\\\/\\\/radioljubuski.ba\\\/#organization\",\"name\":\"Radio Ljubu\u0161ki\",\"url\":\"https:\\\/\\\/radioljubuski.ba\\\/\",\"logo\":{\"@type\":\"ImageObject\",\"inLanguage\":\"hr\",\"@id\":\"https:\\\/\\\/radioljubuski.ba\\\/#\\\/schema\\\/logo\\\/image\\\/\",\"url\":\"https:\\\/\\\/radioljubuski.ba\\\/wp-content\\\/uploads\\\/2021\\\/02\\\/cropped-Radio_Ljubuski_logo1.jpg\",\"contentUrl\":\"https:\\\/\\\/radioljubuski.ba\\\/wp-content\\\/uploads\\\/2021\\\/02\\\/cropped-Radio_Ljubuski_logo1.jpg\",\"width\":512,\"height\":512,\"caption\":\"Radio Ljubu\u0161ki\"},\"image\":{\"@id\":\"https:\\\/\\\/radioljubuski.ba\\\/#\\\/schema\\\/logo\\\/image\\\/\"},\"sameAs\":[\"https:\\\/\\\/www.facebook.com\\\/Radiio-Ljubuski-1490835324566332\",\"https:\\\/\\\/x.com\\\/radioljubuski\",\"https:\\\/\\\/hr.linkedin.com\\\/company\\\/radio-ljubuski\",\"https:\\\/\\\/www.youtube.com\\\/channel\\\/UCHYaeO_n0Db3tjNGudGpXyw\"]},{\"@type\":\"Person\",\"@id\":\"https:\\\/\\\/radioljubuski.ba\\\/#\\\/schema\\\/person\\\/19fc700381a780f69665d7956c469e3b\",\"name\":\"Radio Ljubu\u0161ki\"}]}<\/script>\n<!-- \/ Yoast SEO plugin. -->","yoast_head_json":{"title":"Slovenac u BiH osnovao tvrtku bez ijednog radnika, uzeo milijun KM i ugasio je - RADIO LJUBU\u0160KI","robots":{"index":"index","follow":"follow","max-snippet":"max-snippet:-1","max-image-preview":"max-image-preview:large","max-video-preview":"max-video-preview:-1"},"canonical":"https:\/\/radioljubuski.ba\/index.php\/2021\/11\/03\/slovenac-u-bih-osnovao-tvrtku-bez-ijednog-radnika-uzeo-milijun-km-i-ugasio-je\/","og_locale":"hr_HR","og_type":"article","og_title":"Slovenac u BiH osnovao tvrtku bez ijednog radnika, uzeo milijun KM i ugasio je - RADIO LJUBU\u0160KI","og_description":"Tvrtka PrimeSoccer Management, koja je u pro\u0161loj godini bez ijednog radnika zaradila milijun KM, likvidirana je prije nekoliko dana na prijedlog vlasnika Denisa Selimovi\u0107a koji je slovenski dr\u017eavljanin. Okru\u017eni gospodarski sud Banjaluka je 26. listopada donio rje\u0161enje kojim se otvara i zaklju\u010duje skra\u0107eni dobrovoljni likvidacijski postupak, pi\u0161e Capital. U obrazlo\u017eenju rje\u0161enja navedeno je da je [&hellip;]","og_url":"https:\/\/radioljubuski.ba\/index.php\/2021\/11\/03\/slovenac-u-bih-osnovao-tvrtku-bez-ijednog-radnika-uzeo-milijun-km-i-ugasio-je\/","og_site_name":"RADIO LJUBU\u0160KI","article_publisher":"https:\/\/www.facebook.com\/Radiio-Ljubuski-1490835324566332","article_published_time":"2021-11-03T13:13:32+00:00","article_modified_time":"2021-11-03T13:13:33+00:00","og_image":[{"width":1279,"height":865,"url":"https:\/\/radioljubuski.ba\/wp-content\/uploads\/2021\/11\/Porezna-utaja.jpg","type":"image\/jpeg"}],"author":"Radio Ljubu\u0161ki","twitter_card":"summary_large_image","twitter_creator":"@radioljubuski","twitter_site":"@radioljubuski","twitter_misc":{"Napisao\/la":"Radio Ljubu\u0161ki","Procijenjeno vrijeme \u010ditanja":"1 minuta"},"schema":{"@context":"https:\/\/schema.org","@graph":[{"@type":"Article","@id":"https:\/\/radioljubuski.ba\/index.php\/2021\/11\/03\/slovenac-u-bih-osnovao-tvrtku-bez-ijednog-radnika-uzeo-milijun-km-i-ugasio-je\/#article","isPartOf":{"@id":"https:\/\/radioljubuski.ba\/index.php\/2021\/11\/03\/slovenac-u-bih-osnovao-tvrtku-bez-ijednog-radnika-uzeo-milijun-km-i-ugasio-je\/"},"author":{"name":"Radio Ljubu\u0161ki","@id":"https:\/\/radioljubuski.ba\/#\/schema\/person\/19fc700381a780f69665d7956c469e3b"},"headline":"Slovenac u BiH osnovao tvrtku bez ijednog radnika, uzeo milijun KM i ugasio je","datePublished":"2021-11-03T13:13:32+00:00","dateModified":"2021-11-03T13:13:33+00:00","mainEntityOfPage":{"@id":"https:\/\/radioljubuski.ba\/index.php\/2021\/11\/03\/slovenac-u-bih-osnovao-tvrtku-bez-ijednog-radnika-uzeo-milijun-km-i-ugasio-je\/"},"wordCount":225,"publisher":{"@id":"https:\/\/radioljubuski.ba\/#organization"},"image":{"@id":"https:\/\/radioljubuski.ba\/index.php\/2021\/11\/03\/slovenac-u-bih-osnovao-tvrtku-bez-ijednog-radnika-uzeo-milijun-km-i-ugasio-je\/#primaryimage"},"thumbnailUrl":"https:\/\/radioljubuski.ba\/wp-content\/uploads\/2021\/11\/Porezna-utaja.jpg","articleSection":["BIH i regija"],"inLanguage":"hr"},{"@type":"WebPage","@id":"https:\/\/radioljubuski.ba\/index.php\/2021\/11\/03\/slovenac-u-bih-osnovao-tvrtku-bez-ijednog-radnika-uzeo-milijun-km-i-ugasio-je\/","url":"https:\/\/radioljubuski.ba\/index.php\/2021\/11\/03\/slovenac-u-bih-osnovao-tvrtku-bez-ijednog-radnika-uzeo-milijun-km-i-ugasio-je\/","name":"Slovenac u BiH osnovao tvrtku bez ijednog radnika, uzeo milijun KM i ugasio je - RADIO LJUBU\u0160KI","isPartOf":{"@id":"https:\/\/radioljubuski.ba\/#website"},"primaryImageOfPage":{"@id":"https:\/\/radioljubuski.ba\/index.php\/2021\/11\/03\/slovenac-u-bih-osnovao-tvrtku-bez-ijednog-radnika-uzeo-milijun-km-i-ugasio-je\/#primaryimage"},"image":{"@id":"https:\/\/radioljubuski.ba\/index.php\/2021\/11\/03\/slovenac-u-bih-osnovao-tvrtku-bez-ijednog-radnika-uzeo-milijun-km-i-ugasio-je\/#primaryimage"},"thumbnailUrl":"https:\/\/radioljubuski.ba\/wp-content\/uploads\/2021\/11\/Porezna-utaja.jpg","datePublished":"2021-11-03T13:13:32+00:00","dateModified":"2021-11-03T13:13:33+00:00","breadcrumb":{"@id":"https:\/\/radioljubuski.ba\/index.php\/2021\/11\/03\/slovenac-u-bih-osnovao-tvrtku-bez-ijednog-radnika-uzeo-milijun-km-i-ugasio-je\/#breadcrumb"},"inLanguage":"hr","potentialAction":[{"@type":"ReadAction","target":["https:\/\/radioljubuski.ba\/index.php\/2021\/11\/03\/slovenac-u-bih-osnovao-tvrtku-bez-ijednog-radnika-uzeo-milijun-km-i-ugasio-je\/"]}]},{"@type":"ImageObject","inLanguage":"hr","@id":"https:\/\/radioljubuski.ba\/index.php\/2021\/11\/03\/slovenac-u-bih-osnovao-tvrtku-bez-ijednog-radnika-uzeo-milijun-km-i-ugasio-je\/#primaryimage","url":"https:\/\/radioljubuski.ba\/wp-content\/uploads\/2021\/11\/Porezna-utaja.jpg","contentUrl":"https:\/\/radioljubuski.ba\/wp-content\/uploads\/2021\/11\/Porezna-utaja.jpg","width":1279,"height":865},{"@type":"BreadcrumbList","@id":"https:\/\/radioljubuski.ba\/index.php\/2021\/11\/03\/slovenac-u-bih-osnovao-tvrtku-bez-ijednog-radnika-uzeo-milijun-km-i-ugasio-je\/#breadcrumb","itemListElement":[{"@type":"ListItem","position":1,"name":"Po\u010detna stranica","item":"https:\/\/radioljubuski.ba\/"},{"@type":"ListItem","position":2,"name":"Slovenac u BiH osnovao tvrtku bez ijednog radnika, uzeo milijun KM i ugasio je"}]},{"@type":"WebSite","@id":"https:\/\/radioljubuski.ba\/#website","url":"https:\/\/radioljubuski.ba\/","name":"Radio Ljubu\u0161ki","description":"Sun\u010dana frekvencija Hercegovine","publisher":{"@id":"https:\/\/radioljubuski.ba\/#organization"},"potentialAction":[{"@type":"SearchAction","target":{"@type":"EntryPoint","urlTemplate":"https:\/\/radioljubuski.ba\/?s={search_term_string}"},"query-input":{"@type":"PropertyValueSpecification","valueRequired":true,"valueName":"search_term_string"}}],"inLanguage":"hr"},{"@type":"Organization","@id":"https:\/\/radioljubuski.ba\/#organization","name":"Radio Ljubu\u0161ki","url":"https:\/\/radioljubuski.ba\/","logo":{"@type":"ImageObject","inLanguage":"hr","@id":"https:\/\/radioljubuski.ba\/#\/schema\/logo\/image\/","url":"https:\/\/radioljubuski.ba\/wp-content\/uploads\/2021\/02\/cropped-Radio_Ljubuski_logo1.jpg","contentUrl":"https:\/\/radioljubuski.ba\/wp-content\/uploads\/2021\/02\/cropped-Radio_Ljubuski_logo1.jpg","width":512,"height":512,"caption":"Radio Ljubu\u0161ki"},"image":{"@id":"https:\/\/radioljubuski.ba\/#\/schema\/logo\/image\/"},"sameAs":["https:\/\/www.facebook.com\/Radiio-Ljubuski-1490835324566332","https:\/\/x.com\/radioljubuski","https:\/\/hr.linkedin.com\/company\/radio-ljubuski","https:\/\/www.youtube.com\/channel\/UCHYaeO_n0Db3tjNGudGpXyw"]},{"@type":"Person","@id":"https:\/\/radioljubuski.ba\/#\/schema\/person\/19fc700381a780f69665d7956c469e3b","name":"Radio Ljubu\u0161ki"}]}},"_links":{"self":[{"href":"https:\/\/radioljubuski.ba\/index.php\/wp-json\/wp\/v2\/posts\/84477","targetHints":{"allow":["GET"]}}],"collection":[{"href":"https:\/\/radioljubuski.ba\/index.php\/wp-json\/wp\/v2\/posts"}],"about":[{"href":"https:\/\/radioljubuski.ba\/index.php\/wp-json\/wp\/v2\/types\/post"}],"author":[{"embeddable":true,"href":"https:\/\/radioljubuski.ba\/index.php\/wp-json\/wp\/v2\/users\/2"}],"replies":[{"embeddable":true,"href":"https:\/\/radioljubuski.ba\/index.php\/wp-json\/wp\/v2\/comments?post=84477"}],"version-history":[{"count":1,"href":"https:\/\/radioljubuski.ba\/index.php\/wp-json\/wp\/v2\/posts\/84477\/revisions"}],"predecessor-version":[{"id":84479,"href":"https:\/\/radioljubuski.ba\/index.php\/wp-json\/wp\/v2\/posts\/84477\/revisions\/84479"}],"wp:featuredmedia":[{"embeddable":true,"href":"https:\/\/radioljubuski.ba\/index.php\/wp-json\/wp\/v2\/media\/84478"}],"wp:attachment":[{"href":"https:\/\/radioljubuski.ba\/index.php\/wp-json\/wp\/v2\/media?parent=84477"}],"wp:term":[{"taxonomy":"category","embeddable":true,"href":"https:\/\/radioljubuski.ba\/index.php\/wp-json\/wp\/v2\/categories?post=84477"},{"taxonomy":"post_tag","embeddable":true,"href":"https:\/\/radioljubuski.ba\/index.php\/wp-json\/wp\/v2\/tags?post=84477"}],"curies":[{"name":"wp","href":"https:\/\/api.w.org\/{rel}","templated":true}]}}