{"id":84480,"date":"2021-11-03T14:17:39","date_gmt":"2021-11-03T13:17:39","guid":{"rendered":"https:\/\/radioljubuski.ba\/?p=84480"},"modified":"2021-11-03T14:17:39","modified_gmt":"2021-11-03T13:17:39","slug":"titan-bakir-ocigledno-ima-neku-svoju-paravojsku-od-8-000-ljudi","status":"publish","type":"post","link":"https:\/\/radioljubuski.ba\/index.php\/2021\/11\/03\/titan-bakir-ocigledno-ima-neku-svoju-paravojsku-od-8-000-ljudi\/","title":{"rendered":"Titan: Bakir o\u010digledno ima neku svoju paravojsku od 8.000 ljudi"},"content":{"rendered":"\n<p><strong>\u010clan Predsjedni\u0161tva Hrvatskoga narodnog sabora BiH, predsjednik Hrvatske demokratske unije BiH i general Hrvatskoga vije\u0107a obrane Miro Grabovac\u2013Titan u emisiji Kompas RTV-a Herceg-Bosne je naglasio kako Bakir Izetbegovi\u0107 vodi klasi\u010dnu UZP \u010dar\u0161ijsku, a \u017deljko Kom\u0161i\u0107 kafansku politiku.<\/strong><\/p>\n\n\n\n<iframe loading=\"lazy\" title=\"RTV HB | Grabovac za Kompas: Bakir vodi klasi\u010dnu UZP \u010dar\u0161ijsku, a Kom\u0161i\u0107 kafansku politiku\" width=\"640\" height=\"360\" src=\"https:\/\/www.youtube.com\/embed\/GMD63oUIaAY?feature=oembed\" frameborder=\"0\" allow=\"accelerometer; autoplay; clipboard-write; encrypted-media; gyroscope; picture-in-picture; web-share\" referrerpolicy=\"strict-origin-when-cross-origin\" allowfullscreen><\/iframe>\n\n\n\n<p> \u201eTo ne mo\u017ee pro\u0107i i ne smije pro\u0107i kada je u pitanju da se izguraju Hrvati s ovih prostora. Bo\u0161nja\u010dka politika provodi politi\u010dki UZP nad Hrvatima. Poku\u0161ava se, ne ratom, nego politikom izgurati jedan narod da nestane s ovih prostora, a to podrazumijeva i ima sve elemente genocida\u201c, kazao je Grabovac.<\/p>\n\n\n\n<p>Izetbegovi\u0107eve prijetnje ratom, dronovima, pu\u0161kama i pje\u0161a\u0161tvom nazvao je zlim poku\u0161ajima jer je svaki rat zlo sam po sebi. \u201eNe znam na koju vojsku misli. Ako misli na sad\u0161anje Oru\u017eane snage BiH onda to ne stoji jer to nije samo bo\u0161nja\u010dka vojska. Ako, pak, misli na neku bo\u0161nja\u010dku paravojsku, jer ka\u017ee da ima 8.000 vojnika, ne znam \u010dija je to vojska. Osim toga od koga \u0107e to on braniti BiH? Ova zemlja je jednako i hrvatska i bo\u0161nja\u010dka i srpska i ostalih. Prema tome nema je od koga braniti\u201c, poru\u010dio je Grabovac-Titan.<\/p>\n\n\n\n<p>Istaknuo je kako je Izborni zakon napravio veliku \u0161tetu hrvatskom narodu, odnosno prekr\u0161io Ustav BiH, jer je hrvatski narod jedan od nositelja suvereniteta. \u201eBosne i Hercegovine ne\u0107e biti bez ravnopravnosti hrvatskoga naroda \u0161to podrazumijeva da on sam odlu\u010duje o svojoj sudbini. Ovo sada \u0161to se doga\u0111a oko Izbornog zakona, \u0161to pregovara dr. Dragan \u010covi\u0107 u ime HNS-a je minimum koji Hrvati tra\u017ee, a taj koncept i na\u010din djelovanja podr\u017eavam\u201c, objasnio je Grabovac.<\/p>\n\n\n\n<p>Smatra kako hrvatske stranke ne bi trebale iza\u0107i na izbore ako ne do\u0111e do izmjena Izbornog zakona.<br>\u201eUkoliko ne bude udovoljen interes hrvatskoga naroda treba potpuno blokirati izbore 2022. godine. \u0160to bi zna\u010dilo da opet iza\u0111emo na izbore, da nam opet netko bira Kom\u0161i\u0107a ili zastupnika iz bilo kojih drugih mjesta gdje Hrvata nema\u201c, pitao se Grabovac.<\/p>\n\n\n\n<p>I docentica na Studiju politilogije Sveu\u010dili\u0161ta u Mostaru dr. sc. Sanja Vlaisavljevi\u0107 u emisiji Kompas je navela kako hrvatske stranke ne bi trebale iza\u0107i na izbore ukoliko ne do\u0111e do izmjena Izbornog zakona.<\/p>\n\n\n\n<p>\u201eOno \u0161to mora biti dio odgovora je da Hrvati nikako ne smiju odustati od promjena Izbornog zakona. Dopustiti stari scenarij zna\u010di dragovoljno pristati na majorizaciju. \u010cvrsto vjerujem da je hrvatsko politi\u010dko vodstvo ovaj put zaista neumoljivo u ostaviravanju zahtjeva koji nisu ni\u0161ta drugo nego zahtjevi za uva\u017eavanje konstitutivnosti naroda\u201c, poru\u010dila je profesorica Vlaisavljevi\u0107.<\/p>\n\n\n\n<p>Miro Grabovac-Titan je rekao i kako bi Hrvati u BiH do\u017eivjeli debakl da nije uspostavljena Heceg-Bosna.<\/p>\n\n\n\n<p>\u201ePokojni ministar obrane Gojko \u0160u\u0161ak me pozvao 1998. godine u Zagreb i rekao da je Herceg-Bosna \u017ertvovana za cjelovitu Hrvatsku dr\u017eavu i kako je cijena cjelovite dr\u017eave Hrvatske lo\u0161a pozicija Hrvata u BiH te da \u0107e sve u\u010diniti da to poprave\u201c, otkrio je Grabovac.<\/p>\n\n\n\n<p>\/HMS\/<\/p>\n","protected":false},"excerpt":{"rendered":"<p>\u010clan Predsjedni\u0161tva Hrvatskoga narodnog sabora BiH, predsjednik Hrvatske demokratske unije BiH i general Hrvatskoga vije\u0107a obrane Miro Grabovac\u2013Titan u emisiji Kompas RTV-a Herceg-Bosne je naglasio kako Bakir Izetbegovi\u0107 vodi klasi\u010dnu UZP \u010dar\u0161ijsku, a \u017deljko Kom\u0161i\u0107 kafansku politiku. \u201eTo ne mo\u017ee pro\u0107i i ne smije pro\u0107i kada je u pitanju da se izguraju Hrvati s ovih [&hellip;]<\/p>\n","protected":false},"author":2,"featured_media":84481,"comment_status":"closed","ping_status":"closed","sticky":false,"template":"","format":"standard","meta":{"h5ap_radio_sources":[],"footnotes":""},"categories":[1],"tags":[],"class_list":["post-84480","post","type-post","status-publish","format-standard","has-post-thumbnail","hentry","category-bihiregija"],"yoast_head":"<!-- This site is optimized with the Yoast SEO plugin v27.5 - https:\/\/yoast.com\/product\/yoast-seo-wordpress\/ -->\n<title>Titan: Bakir o\u010digledno ima neku svoju paravojsku od 8.000 ljudi - RADIO LJUBU\u0160KI<\/title>\n<meta name=\"robots\" content=\"index, follow, max-snippet:-1, max-image-preview:large, max-video-preview:-1\" \/>\n<link rel=\"canonical\" href=\"https:\/\/radioljubuski.ba\/index.php\/2021\/11\/03\/titan-bakir-ocigledno-ima-neku-svoju-paravojsku-od-8-000-ljudi\/\" \/>\n<meta property=\"og:locale\" content=\"hr_HR\" \/>\n<meta property=\"og:type\" content=\"article\" \/>\n<meta property=\"og:title\" content=\"Titan: Bakir o\u010digledno ima neku svoju paravojsku od 8.000 ljudi - RADIO LJUBU\u0160KI\" \/>\n<meta property=\"og:description\" content=\"\u010clan Predsjedni\u0161tva Hrvatskoga narodnog sabora BiH, predsjednik Hrvatske demokratske unije BiH i general Hrvatskoga vije\u0107a obrane Miro Grabovac\u2013Titan u emisiji Kompas RTV-a Herceg-Bosne je naglasio kako Bakir Izetbegovi\u0107 vodi klasi\u010dnu UZP \u010dar\u0161ijsku, a \u017deljko Kom\u0161i\u0107 kafansku politiku. \u201eTo ne mo\u017ee pro\u0107i i ne smije pro\u0107i kada je u pitanju da se izguraju Hrvati s ovih [&hellip;]\" \/>\n<meta property=\"og:url\" content=\"https:\/\/radioljubuski.ba\/index.php\/2021\/11\/03\/titan-bakir-ocigledno-ima-neku-svoju-paravojsku-od-8-000-ljudi\/\" \/>\n<meta property=\"og:site_name\" content=\"RADIO LJUBU\u0160KI\" \/>\n<meta property=\"article:publisher\" content=\"https:\/\/www.facebook.com\/Radiio-Ljubuski-1490835324566332\" \/>\n<meta property=\"article:published_time\" content=\"2021-11-03T13:17:39+00:00\" \/>\n<meta property=\"og:image\" content=\"https:\/\/radioljubuski.ba\/wp-content\/uploads\/2021\/11\/emisija_kompas-e1635933256991.jpeg\" \/>\n\t<meta property=\"og:image:width\" content=\"1600\" \/>\n\t<meta property=\"og:image:height\" content=\"912\" \/>\n\t<meta property=\"og:image:type\" content=\"image\/jpeg\" \/>\n<meta name=\"author\" content=\"Radio Ljubu\u0161ki\" \/>\n<meta name=\"twitter:card\" content=\"summary_large_image\" \/>\n<meta name=\"twitter:creator\" content=\"@radioljubuski\" \/>\n<meta name=\"twitter:site\" content=\"@radioljubuski\" \/>\n<meta name=\"twitter:label1\" content=\"Napisao\/la\" \/>\n\t<meta name=\"twitter:data1\" content=\"Radio Ljubu\u0161ki\" \/>\n\t<meta name=\"twitter:label2\" content=\"Procijenjeno vrijeme \u010ditanja\" \/>\n\t<meta name=\"twitter:data2\" content=\"3 minute\" \/>\n<script type=\"application\/ld+json\" class=\"yoast-schema-graph\">{\"@context\":\"https:\\\/\\\/schema.org\",\"@graph\":[{\"@type\":\"Article\",\"@id\":\"https:\\\/\\\/radioljubuski.ba\\\/index.php\\\/2021\\\/11\\\/03\\\/titan-bakir-ocigledno-ima-neku-svoju-paravojsku-od-8-000-ljudi\\\/#article\",\"isPartOf\":{\"@id\":\"https:\\\/\\\/radioljubuski.ba\\\/index.php\\\/2021\\\/11\\\/03\\\/titan-bakir-ocigledno-ima-neku-svoju-paravojsku-od-8-000-ljudi\\\/\"},\"author\":{\"name\":\"Radio Ljubu\u0161ki\",\"@id\":\"https:\\\/\\\/radioljubuski.ba\\\/#\\\/schema\\\/person\\\/19fc700381a780f69665d7956c469e3b\"},\"headline\":\"Titan: Bakir o\u010digledno ima neku svoju paravojsku od 8.000 ljudi\",\"datePublished\":\"2021-11-03T13:17:39+00:00\",\"mainEntityOfPage\":{\"@id\":\"https:\\\/\\\/radioljubuski.ba\\\/index.php\\\/2021\\\/11\\\/03\\\/titan-bakir-ocigledno-ima-neku-svoju-paravojsku-od-8-000-ljudi\\\/\"},\"wordCount\":527,\"publisher\":{\"@id\":\"https:\\\/\\\/radioljubuski.ba\\\/#organization\"},\"image\":{\"@id\":\"https:\\\/\\\/radioljubuski.ba\\\/index.php\\\/2021\\\/11\\\/03\\\/titan-bakir-ocigledno-ima-neku-svoju-paravojsku-od-8-000-ljudi\\\/#primaryimage\"},\"thumbnailUrl\":\"https:\\\/\\\/radioljubuski.ba\\\/wp-content\\\/uploads\\\/2021\\\/11\\\/emisija_kompas-e1635933256991.jpeg\",\"articleSection\":[\"BIH i regija\"],\"inLanguage\":\"hr\"},{\"@type\":\"WebPage\",\"@id\":\"https:\\\/\\\/radioljubuski.ba\\\/index.php\\\/2021\\\/11\\\/03\\\/titan-bakir-ocigledno-ima-neku-svoju-paravojsku-od-8-000-ljudi\\\/\",\"url\":\"https:\\\/\\\/radioljubuski.ba\\\/index.php\\\/2021\\\/11\\\/03\\\/titan-bakir-ocigledno-ima-neku-svoju-paravojsku-od-8-000-ljudi\\\/\",\"name\":\"Titan: Bakir o\u010digledno ima neku svoju paravojsku od 8.000 ljudi - RADIO LJUBU\u0160KI\",\"isPartOf\":{\"@id\":\"https:\\\/\\\/radioljubuski.ba\\\/#website\"},\"primaryImageOfPage\":{\"@id\":\"https:\\\/\\\/radioljubuski.ba\\\/index.php\\\/2021\\\/11\\\/03\\\/titan-bakir-ocigledno-ima-neku-svoju-paravojsku-od-8-000-ljudi\\\/#primaryimage\"},\"image\":{\"@id\":\"https:\\\/\\\/radioljubuski.ba\\\/index.php\\\/2021\\\/11\\\/03\\\/titan-bakir-ocigledno-ima-neku-svoju-paravojsku-od-8-000-ljudi\\\/#primaryimage\"},\"thumbnailUrl\":\"https:\\\/\\\/radioljubuski.ba\\\/wp-content\\\/uploads\\\/2021\\\/11\\\/emisija_kompas-e1635933256991.jpeg\",\"datePublished\":\"2021-11-03T13:17:39+00:00\",\"breadcrumb\":{\"@id\":\"https:\\\/\\\/radioljubuski.ba\\\/index.php\\\/2021\\\/11\\\/03\\\/titan-bakir-ocigledno-ima-neku-svoju-paravojsku-od-8-000-ljudi\\\/#breadcrumb\"},\"inLanguage\":\"hr\",\"potentialAction\":[{\"@type\":\"ReadAction\",\"target\":[\"https:\\\/\\\/radioljubuski.ba\\\/index.php\\\/2021\\\/11\\\/03\\\/titan-bakir-ocigledno-ima-neku-svoju-paravojsku-od-8-000-ljudi\\\/\"]}]},{\"@type\":\"ImageObject\",\"inLanguage\":\"hr\",\"@id\":\"https:\\\/\\\/radioljubuski.ba\\\/index.php\\\/2021\\\/11\\\/03\\\/titan-bakir-ocigledno-ima-neku-svoju-paravojsku-od-8-000-ljudi\\\/#primaryimage\",\"url\":\"https:\\\/\\\/radioljubuski.ba\\\/wp-content\\\/uploads\\\/2021\\\/11\\\/emisija_kompas-e1635933256991.jpeg\",\"contentUrl\":\"https:\\\/\\\/radioljubuski.ba\\\/wp-content\\\/uploads\\\/2021\\\/11\\\/emisija_kompas-e1635933256991.jpeg\",\"width\":1600,\"height\":912},{\"@type\":\"BreadcrumbList\",\"@id\":\"https:\\\/\\\/radioljubuski.ba\\\/index.php\\\/2021\\\/11\\\/03\\\/titan-bakir-ocigledno-ima-neku-svoju-paravojsku-od-8-000-ljudi\\\/#breadcrumb\",\"itemListElement\":[{\"@type\":\"ListItem\",\"position\":1,\"name\":\"Po\u010detna stranica\",\"item\":\"https:\\\/\\\/radioljubuski.ba\\\/\"},{\"@type\":\"ListItem\",\"position\":2,\"name\":\"Titan: Bakir o\u010digledno ima neku svoju paravojsku od 8.000 ljudi\"}]},{\"@type\":\"WebSite\",\"@id\":\"https:\\\/\\\/radioljubuski.ba\\\/#website\",\"url\":\"https:\\\/\\\/radioljubuski.ba\\\/\",\"name\":\"Radio Ljubu\u0161ki\",\"description\":\"Sun\u010dana frekvencija Hercegovine\",\"publisher\":{\"@id\":\"https:\\\/\\\/radioljubuski.ba\\\/#organization\"},\"potentialAction\":[{\"@type\":\"SearchAction\",\"target\":{\"@type\":\"EntryPoint\",\"urlTemplate\":\"https:\\\/\\\/radioljubuski.ba\\\/?s={search_term_string}\"},\"query-input\":{\"@type\":\"PropertyValueSpecification\",\"valueRequired\":true,\"valueName\":\"search_term_string\"}}],\"inLanguage\":\"hr\"},{\"@type\":\"Organization\",\"@id\":\"https:\\\/\\\/radioljubuski.ba\\\/#organization\",\"name\":\"Radio Ljubu\u0161ki\",\"url\":\"https:\\\/\\\/radioljubuski.ba\\\/\",\"logo\":{\"@type\":\"ImageObject\",\"inLanguage\":\"hr\",\"@id\":\"https:\\\/\\\/radioljubuski.ba\\\/#\\\/schema\\\/logo\\\/image\\\/\",\"url\":\"https:\\\/\\\/radioljubuski.ba\\\/wp-content\\\/uploads\\\/2021\\\/02\\\/cropped-Radio_Ljubuski_logo1.jpg\",\"contentUrl\":\"https:\\\/\\\/radioljubuski.ba\\\/wp-content\\\/uploads\\\/2021\\\/02\\\/cropped-Radio_Ljubuski_logo1.jpg\",\"width\":512,\"height\":512,\"caption\":\"Radio Ljubu\u0161ki\"},\"image\":{\"@id\":\"https:\\\/\\\/radioljubuski.ba\\\/#\\\/schema\\\/logo\\\/image\\\/\"},\"sameAs\":[\"https:\\\/\\\/www.facebook.com\\\/Radiio-Ljubuski-1490835324566332\",\"https:\\\/\\\/x.com\\\/radioljubuski\",\"https:\\\/\\\/hr.linkedin.com\\\/company\\\/radio-ljubuski\",\"https:\\\/\\\/www.youtube.com\\\/channel\\\/UCHYaeO_n0Db3tjNGudGpXyw\"]},{\"@type\":\"Person\",\"@id\":\"https:\\\/\\\/radioljubuski.ba\\\/#\\\/schema\\\/person\\\/19fc700381a780f69665d7956c469e3b\",\"name\":\"Radio Ljubu\u0161ki\"}]}<\/script>\n<!-- \/ Yoast SEO plugin. -->","yoast_head_json":{"title":"Titan: Bakir o\u010digledno ima neku svoju paravojsku od 8.000 ljudi - RADIO LJUBU\u0160KI","robots":{"index":"index","follow":"follow","max-snippet":"max-snippet:-1","max-image-preview":"max-image-preview:large","max-video-preview":"max-video-preview:-1"},"canonical":"https:\/\/radioljubuski.ba\/index.php\/2021\/11\/03\/titan-bakir-ocigledno-ima-neku-svoju-paravojsku-od-8-000-ljudi\/","og_locale":"hr_HR","og_type":"article","og_title":"Titan: Bakir o\u010digledno ima neku svoju paravojsku od 8.000 ljudi - RADIO LJUBU\u0160KI","og_description":"\u010clan Predsjedni\u0161tva Hrvatskoga narodnog sabora BiH, predsjednik Hrvatske demokratske unije BiH i general Hrvatskoga vije\u0107a obrane Miro Grabovac\u2013Titan u emisiji Kompas RTV-a Herceg-Bosne je naglasio kako Bakir Izetbegovi\u0107 vodi klasi\u010dnu UZP \u010dar\u0161ijsku, a \u017deljko Kom\u0161i\u0107 kafansku politiku. \u201eTo ne mo\u017ee pro\u0107i i ne smije pro\u0107i kada je u pitanju da se izguraju Hrvati s ovih [&hellip;]","og_url":"https:\/\/radioljubuski.ba\/index.php\/2021\/11\/03\/titan-bakir-ocigledno-ima-neku-svoju-paravojsku-od-8-000-ljudi\/","og_site_name":"RADIO LJUBU\u0160KI","article_publisher":"https:\/\/www.facebook.com\/Radiio-Ljubuski-1490835324566332","article_published_time":"2021-11-03T13:17:39+00:00","og_image":[{"width":1600,"height":912,"url":"https:\/\/radioljubuski.ba\/wp-content\/uploads\/2021\/11\/emisija_kompas-e1635933256991.jpeg","type":"image\/jpeg"}],"author":"Radio Ljubu\u0161ki","twitter_card":"summary_large_image","twitter_creator":"@radioljubuski","twitter_site":"@radioljubuski","twitter_misc":{"Napisao\/la":"Radio Ljubu\u0161ki","Procijenjeno vrijeme \u010ditanja":"3 minute"},"schema":{"@context":"https:\/\/schema.org","@graph":[{"@type":"Article","@id":"https:\/\/radioljubuski.ba\/index.php\/2021\/11\/03\/titan-bakir-ocigledno-ima-neku-svoju-paravojsku-od-8-000-ljudi\/#article","isPartOf":{"@id":"https:\/\/radioljubuski.ba\/index.php\/2021\/11\/03\/titan-bakir-ocigledno-ima-neku-svoju-paravojsku-od-8-000-ljudi\/"},"author":{"name":"Radio Ljubu\u0161ki","@id":"https:\/\/radioljubuski.ba\/#\/schema\/person\/19fc700381a780f69665d7956c469e3b"},"headline":"Titan: Bakir o\u010digledno ima neku svoju paravojsku od 8.000 ljudi","datePublished":"2021-11-03T13:17:39+00:00","mainEntityOfPage":{"@id":"https:\/\/radioljubuski.ba\/index.php\/2021\/11\/03\/titan-bakir-ocigledno-ima-neku-svoju-paravojsku-od-8-000-ljudi\/"},"wordCount":527,"publisher":{"@id":"https:\/\/radioljubuski.ba\/#organization"},"image":{"@id":"https:\/\/radioljubuski.ba\/index.php\/2021\/11\/03\/titan-bakir-ocigledno-ima-neku-svoju-paravojsku-od-8-000-ljudi\/#primaryimage"},"thumbnailUrl":"https:\/\/radioljubuski.ba\/wp-content\/uploads\/2021\/11\/emisija_kompas-e1635933256991.jpeg","articleSection":["BIH i regija"],"inLanguage":"hr"},{"@type":"WebPage","@id":"https:\/\/radioljubuski.ba\/index.php\/2021\/11\/03\/titan-bakir-ocigledno-ima-neku-svoju-paravojsku-od-8-000-ljudi\/","url":"https:\/\/radioljubuski.ba\/index.php\/2021\/11\/03\/titan-bakir-ocigledno-ima-neku-svoju-paravojsku-od-8-000-ljudi\/","name":"Titan: Bakir o\u010digledno ima neku svoju paravojsku od 8.000 ljudi - RADIO LJUBU\u0160KI","isPartOf":{"@id":"https:\/\/radioljubuski.ba\/#website"},"primaryImageOfPage":{"@id":"https:\/\/radioljubuski.ba\/index.php\/2021\/11\/03\/titan-bakir-ocigledno-ima-neku-svoju-paravojsku-od-8-000-ljudi\/#primaryimage"},"image":{"@id":"https:\/\/radioljubuski.ba\/index.php\/2021\/11\/03\/titan-bakir-ocigledno-ima-neku-svoju-paravojsku-od-8-000-ljudi\/#primaryimage"},"thumbnailUrl":"https:\/\/radioljubuski.ba\/wp-content\/uploads\/2021\/11\/emisija_kompas-e1635933256991.jpeg","datePublished":"2021-11-03T13:17:39+00:00","breadcrumb":{"@id":"https:\/\/radioljubuski.ba\/index.php\/2021\/11\/03\/titan-bakir-ocigledno-ima-neku-svoju-paravojsku-od-8-000-ljudi\/#breadcrumb"},"inLanguage":"hr","potentialAction":[{"@type":"ReadAction","target":["https:\/\/radioljubuski.ba\/index.php\/2021\/11\/03\/titan-bakir-ocigledno-ima-neku-svoju-paravojsku-od-8-000-ljudi\/"]}]},{"@type":"ImageObject","inLanguage":"hr","@id":"https:\/\/radioljubuski.ba\/index.php\/2021\/11\/03\/titan-bakir-ocigledno-ima-neku-svoju-paravojsku-od-8-000-ljudi\/#primaryimage","url":"https:\/\/radioljubuski.ba\/wp-content\/uploads\/2021\/11\/emisija_kompas-e1635933256991.jpeg","contentUrl":"https:\/\/radioljubuski.ba\/wp-content\/uploads\/2021\/11\/emisija_kompas-e1635933256991.jpeg","width":1600,"height":912},{"@type":"BreadcrumbList","@id":"https:\/\/radioljubuski.ba\/index.php\/2021\/11\/03\/titan-bakir-ocigledno-ima-neku-svoju-paravojsku-od-8-000-ljudi\/#breadcrumb","itemListElement":[{"@type":"ListItem","position":1,"name":"Po\u010detna stranica","item":"https:\/\/radioljubuski.ba\/"},{"@type":"ListItem","position":2,"name":"Titan: Bakir o\u010digledno ima neku svoju paravojsku od 8.000 ljudi"}]},{"@type":"WebSite","@id":"https:\/\/radioljubuski.ba\/#website","url":"https:\/\/radioljubuski.ba\/","name":"Radio Ljubu\u0161ki","description":"Sun\u010dana frekvencija Hercegovine","publisher":{"@id":"https:\/\/radioljubuski.ba\/#organization"},"potentialAction":[{"@type":"SearchAction","target":{"@type":"EntryPoint","urlTemplate":"https:\/\/radioljubuski.ba\/?s={search_term_string}"},"query-input":{"@type":"PropertyValueSpecification","valueRequired":true,"valueName":"search_term_string"}}],"inLanguage":"hr"},{"@type":"Organization","@id":"https:\/\/radioljubuski.ba\/#organization","name":"Radio Ljubu\u0161ki","url":"https:\/\/radioljubuski.ba\/","logo":{"@type":"ImageObject","inLanguage":"hr","@id":"https:\/\/radioljubuski.ba\/#\/schema\/logo\/image\/","url":"https:\/\/radioljubuski.ba\/wp-content\/uploads\/2021\/02\/cropped-Radio_Ljubuski_logo1.jpg","contentUrl":"https:\/\/radioljubuski.ba\/wp-content\/uploads\/2021\/02\/cropped-Radio_Ljubuski_logo1.jpg","width":512,"height":512,"caption":"Radio Ljubu\u0161ki"},"image":{"@id":"https:\/\/radioljubuski.ba\/#\/schema\/logo\/image\/"},"sameAs":["https:\/\/www.facebook.com\/Radiio-Ljubuski-1490835324566332","https:\/\/x.com\/radioljubuski","https:\/\/hr.linkedin.com\/company\/radio-ljubuski","https:\/\/www.youtube.com\/channel\/UCHYaeO_n0Db3tjNGudGpXyw"]},{"@type":"Person","@id":"https:\/\/radioljubuski.ba\/#\/schema\/person\/19fc700381a780f69665d7956c469e3b","name":"Radio Ljubu\u0161ki"}]}},"_links":{"self":[{"href":"https:\/\/radioljubuski.ba\/index.php\/wp-json\/wp\/v2\/posts\/84480","targetHints":{"allow":["GET"]}}],"collection":[{"href":"https:\/\/radioljubuski.ba\/index.php\/wp-json\/wp\/v2\/posts"}],"about":[{"href":"https:\/\/radioljubuski.ba\/index.php\/wp-json\/wp\/v2\/types\/post"}],"author":[{"embeddable":true,"href":"https:\/\/radioljubuski.ba\/index.php\/wp-json\/wp\/v2\/users\/2"}],"replies":[{"embeddable":true,"href":"https:\/\/radioljubuski.ba\/index.php\/wp-json\/wp\/v2\/comments?post=84480"}],"version-history":[{"count":1,"href":"https:\/\/radioljubuski.ba\/index.php\/wp-json\/wp\/v2\/posts\/84480\/revisions"}],"predecessor-version":[{"id":84482,"href":"https:\/\/radioljubuski.ba\/index.php\/wp-json\/wp\/v2\/posts\/84480\/revisions\/84482"}],"wp:featuredmedia":[{"embeddable":true,"href":"https:\/\/radioljubuski.ba\/index.php\/wp-json\/wp\/v2\/media\/84481"}],"wp:attachment":[{"href":"https:\/\/radioljubuski.ba\/index.php\/wp-json\/wp\/v2\/media?parent=84480"}],"wp:term":[{"taxonomy":"category","embeddable":true,"href":"https:\/\/radioljubuski.ba\/index.php\/wp-json\/wp\/v2\/categories?post=84480"},{"taxonomy":"post_tag","embeddable":true,"href":"https:\/\/radioljubuski.ba\/index.php\/wp-json\/wp\/v2\/tags?post=84480"}],"curies":[{"name":"wp","href":"https:\/\/api.w.org\/{rel}","templated":true}]}}