{"id":84483,"date":"2021-11-03T14:18:43","date_gmt":"2021-11-03T13:18:43","guid":{"rendered":"https:\/\/radioljubuski.ba\/?p=84483"},"modified":"2021-11-03T14:18:44","modified_gmt":"2021-11-03T13:18:44","slug":"snsd-predao-narodnoj-skupstini-rs-a-cetiri-dokumenta-o-prijenosu-nadleznosti","status":"publish","type":"post","link":"https:\/\/radioljubuski.ba\/index.php\/2021\/11\/03\/snsd-predao-narodnoj-skupstini-rs-a-cetiri-dokumenta-o-prijenosu-nadleznosti\/","title":{"rendered":"SNSD predao Narodnoj skup\u0161tini RS-a \u010detiri dokumenta o prijenosu nadle\u017enosti"},"content":{"rendered":"\n<p><strong>SNSD je danas u Narodnu skup\u0161tinu RS-a uputio \u010detiri dokumenta u vezi s prijenosom nadle\u017enosti s BiH na entitetsku razinu. Ovi dokumenti, barem kako najavljuje \u0161ef SNSD-a Milorad Dodik, trebali bi u Skup\u0161tini biti razmatrani sredinom studenog.<\/strong><\/p>\n\n\n\n<p>\u010cetiri dokumenta nose nazive Informacija o prijenosu nadle\u017enosti Republike Srpske na razinu BiH, Informacija o prijenosu nadle\u017enosti s Republike Srpske na razinu BiH u oblasti obrane i sigurnosti, Informacija o pravosudnim institucijama BiH i Informacija o prijenosu nadle\u017enosti u oblasti neizravnog oporezivanja, javlja Srpskainfo.com.<\/p>\n\n\n\n<p>Sva \u010detiri dokumenta, osim informacija o pitanjima kojima se bave, na kraju imaju i zaklju\u010dke. U sva \u010detiri dokumenta predlo\u017eenim zaklju\u010dcima se zadu\u017euje Vlada RS-a da u roku od \u0161est mjeseci pripremi set zakona i propisa, kojima bi uredila navedenu oblast na entitetskoj razini. Osim toga, nakon usvajanja tih zakona i propisa, na teritoriju RS-a bi prestali va\u017eiti dr\u017eavni zakoni, a tim institucijama bi bilo zabranjeno djelovanje na teritoriju RS-a.<\/p>\n\n\n\n<p>Prvi dokument predstavlja op\u0107enitu informaciju o svim nadle\u017enostima koje su do sada preba\u010dene s entitetske na dr\u017eavnu razinu.<\/p>\n\n\n\n<p>Drugim dokumentom predvi\u0111eno je povla\u010denje suglasnosti RS-a i odgovaraju\u0107ih odluka iz 2006. godine, na osnovi kojih su od entitetskih vojski formirane Oru\u017eane snage BiH. Usvajanjem potrebnih zakona, kako se navodi u dokumentu, prestat \u0107e va\u017eenje i primjena Zakona o obrani i Zakona o slu\u017ebi u oru\u017eanim snagama BiH na prostoru ovog entiteta.<\/p>\n\n\n\n<p>Tre\u0107im dokumentom predvi\u0111eno je, izme\u0111u ostalog, dono\u0161enje zakona o porezu na dodanu vrijednost i tro\u0161arinama na entitetskoj razini, a \u010detvrtim usvajanje zakona o VSTV-u RS-a. Stupanjem na snagu ovih zakona, kako je planirano, prestat \u0107e va\u017eiti dr\u017eavni zakoni koji ure\u0111uju ova pitanja.<\/p>\n\n\n\n<p>\/HMS\/<\/p>\n","protected":false},"excerpt":{"rendered":"<p>SNSD je danas u Narodnu skup\u0161tinu RS-a uputio \u010detiri dokumenta u vezi s prijenosom nadle\u017enosti s BiH na entitetsku razinu. Ovi dokumenti, barem kako najavljuje \u0161ef SNSD-a Milorad Dodik, trebali bi u Skup\u0161tini biti razmatrani sredinom studenog. \u010cetiri dokumenta nose nazive Informacija o prijenosu nadle\u017enosti Republike Srpske na razinu BiH, Informacija o prijenosu nadle\u017enosti s [&hellip;]<\/p>\n","protected":false},"author":2,"featured_media":84484,"comment_status":"closed","ping_status":"closed","sticky":false,"template":"","format":"standard","meta":{"h5ap_radio_sources":[],"footnotes":""},"categories":[1],"tags":[],"class_list":["post-84483","post","type-post","status-publish","format-standard","has-post-thumbnail","hentry","category-bihiregija"],"yoast_head":"<!-- This site is optimized with the Yoast SEO plugin v27.5 - https:\/\/yoast.com\/product\/yoast-seo-wordpress\/ -->\n<title>SNSD predao Narodnoj skup\u0161tini RS-a \u010detiri dokumenta o prijenosu nadle\u017enosti - RADIO LJUBU\u0160KI<\/title>\n<meta name=\"robots\" content=\"index, follow, max-snippet:-1, max-image-preview:large, max-video-preview:-1\" \/>\n<link rel=\"canonical\" href=\"https:\/\/radioljubuski.ba\/index.php\/2021\/11\/03\/snsd-predao-narodnoj-skupstini-rs-a-cetiri-dokumenta-o-prijenosu-nadleznosti\/\" \/>\n<meta property=\"og:locale\" content=\"hr_HR\" \/>\n<meta property=\"og:type\" content=\"article\" \/>\n<meta property=\"og:title\" content=\"SNSD predao Narodnoj skup\u0161tini RS-a \u010detiri dokumenta o prijenosu nadle\u017enosti - RADIO LJUBU\u0160KI\" \/>\n<meta property=\"og:description\" content=\"SNSD je danas u Narodnu skup\u0161tinu RS-a uputio \u010detiri dokumenta u vezi s prijenosom nadle\u017enosti s BiH na entitetsku razinu. Ovi dokumenti, barem kako najavljuje \u0161ef SNSD-a Milorad Dodik, trebali bi u Skup\u0161tini biti razmatrani sredinom studenog. \u010cetiri dokumenta nose nazive Informacija o prijenosu nadle\u017enosti Republike Srpske na razinu BiH, Informacija o prijenosu nadle\u017enosti s [&hellip;]\" \/>\n<meta property=\"og:url\" content=\"https:\/\/radioljubuski.ba\/index.php\/2021\/11\/03\/snsd-predao-narodnoj-skupstini-rs-a-cetiri-dokumenta-o-prijenosu-nadleznosti\/\" \/>\n<meta property=\"og:site_name\" content=\"RADIO LJUBU\u0160KI\" \/>\n<meta property=\"article:publisher\" content=\"https:\/\/www.facebook.com\/Radiio-Ljubuski-1490835324566332\" \/>\n<meta property=\"article:published_time\" content=\"2021-11-03T13:18:43+00:00\" \/>\n<meta property=\"article:modified_time\" content=\"2021-11-03T13:18:44+00:00\" \/>\n<meta property=\"og:image\" content=\"https:\/\/radioljubuski.ba\/wp-content\/uploads\/2021\/11\/dodik-nsrs-1.jpg\" \/>\n\t<meta property=\"og:image:width\" content=\"870\" \/>\n\t<meta property=\"og:image:height\" content=\"470\" \/>\n\t<meta property=\"og:image:type\" content=\"image\/jpeg\" \/>\n<meta name=\"author\" content=\"Radio Ljubu\u0161ki\" \/>\n<meta name=\"twitter:card\" content=\"summary_large_image\" \/>\n<meta name=\"twitter:creator\" content=\"@radioljubuski\" \/>\n<meta name=\"twitter:site\" content=\"@radioljubuski\" \/>\n<meta name=\"twitter:label1\" content=\"Napisao\/la\" \/>\n\t<meta name=\"twitter:data1\" content=\"Radio Ljubu\u0161ki\" \/>\n\t<meta name=\"twitter:label2\" content=\"Procijenjeno vrijeme \u010ditanja\" \/>\n\t<meta name=\"twitter:data2\" content=\"2 minute\" \/>\n<script type=\"application\/ld+json\" class=\"yoast-schema-graph\">{\"@context\":\"https:\\\/\\\/schema.org\",\"@graph\":[{\"@type\":\"Article\",\"@id\":\"https:\\\/\\\/radioljubuski.ba\\\/index.php\\\/2021\\\/11\\\/03\\\/snsd-predao-narodnoj-skupstini-rs-a-cetiri-dokumenta-o-prijenosu-nadleznosti\\\/#article\",\"isPartOf\":{\"@id\":\"https:\\\/\\\/radioljubuski.ba\\\/index.php\\\/2021\\\/11\\\/03\\\/snsd-predao-narodnoj-skupstini-rs-a-cetiri-dokumenta-o-prijenosu-nadleznosti\\\/\"},\"author\":{\"name\":\"Radio Ljubu\u0161ki\",\"@id\":\"https:\\\/\\\/radioljubuski.ba\\\/#\\\/schema\\\/person\\\/19fc700381a780f69665d7956c469e3b\"},\"headline\":\"SNSD predao Narodnoj skup\u0161tini RS-a \u010detiri dokumenta o prijenosu nadle\u017enosti\",\"datePublished\":\"2021-11-03T13:18:43+00:00\",\"dateModified\":\"2021-11-03T13:18:44+00:00\",\"mainEntityOfPage\":{\"@id\":\"https:\\\/\\\/radioljubuski.ba\\\/index.php\\\/2021\\\/11\\\/03\\\/snsd-predao-narodnoj-skupstini-rs-a-cetiri-dokumenta-o-prijenosu-nadleznosti\\\/\"},\"wordCount\":307,\"publisher\":{\"@id\":\"https:\\\/\\\/radioljubuski.ba\\\/#organization\"},\"image\":{\"@id\":\"https:\\\/\\\/radioljubuski.ba\\\/index.php\\\/2021\\\/11\\\/03\\\/snsd-predao-narodnoj-skupstini-rs-a-cetiri-dokumenta-o-prijenosu-nadleznosti\\\/#primaryimage\"},\"thumbnailUrl\":\"https:\\\/\\\/radioljubuski.ba\\\/wp-content\\\/uploads\\\/2021\\\/11\\\/dodik-nsrs-1.jpg\",\"articleSection\":[\"BIH i regija\"],\"inLanguage\":\"hr\"},{\"@type\":\"WebPage\",\"@id\":\"https:\\\/\\\/radioljubuski.ba\\\/index.php\\\/2021\\\/11\\\/03\\\/snsd-predao-narodnoj-skupstini-rs-a-cetiri-dokumenta-o-prijenosu-nadleznosti\\\/\",\"url\":\"https:\\\/\\\/radioljubuski.ba\\\/index.php\\\/2021\\\/11\\\/03\\\/snsd-predao-narodnoj-skupstini-rs-a-cetiri-dokumenta-o-prijenosu-nadleznosti\\\/\",\"name\":\"SNSD predao Narodnoj skup\u0161tini RS-a \u010detiri dokumenta o prijenosu nadle\u017enosti - RADIO LJUBU\u0160KI\",\"isPartOf\":{\"@id\":\"https:\\\/\\\/radioljubuski.ba\\\/#website\"},\"primaryImageOfPage\":{\"@id\":\"https:\\\/\\\/radioljubuski.ba\\\/index.php\\\/2021\\\/11\\\/03\\\/snsd-predao-narodnoj-skupstini-rs-a-cetiri-dokumenta-o-prijenosu-nadleznosti\\\/#primaryimage\"},\"image\":{\"@id\":\"https:\\\/\\\/radioljubuski.ba\\\/index.php\\\/2021\\\/11\\\/03\\\/snsd-predao-narodnoj-skupstini-rs-a-cetiri-dokumenta-o-prijenosu-nadleznosti\\\/#primaryimage\"},\"thumbnailUrl\":\"https:\\\/\\\/radioljubuski.ba\\\/wp-content\\\/uploads\\\/2021\\\/11\\\/dodik-nsrs-1.jpg\",\"datePublished\":\"2021-11-03T13:18:43+00:00\",\"dateModified\":\"2021-11-03T13:18:44+00:00\",\"breadcrumb\":{\"@id\":\"https:\\\/\\\/radioljubuski.ba\\\/index.php\\\/2021\\\/11\\\/03\\\/snsd-predao-narodnoj-skupstini-rs-a-cetiri-dokumenta-o-prijenosu-nadleznosti\\\/#breadcrumb\"},\"inLanguage\":\"hr\",\"potentialAction\":[{\"@type\":\"ReadAction\",\"target\":[\"https:\\\/\\\/radioljubuski.ba\\\/index.php\\\/2021\\\/11\\\/03\\\/snsd-predao-narodnoj-skupstini-rs-a-cetiri-dokumenta-o-prijenosu-nadleznosti\\\/\"]}]},{\"@type\":\"ImageObject\",\"inLanguage\":\"hr\",\"@id\":\"https:\\\/\\\/radioljubuski.ba\\\/index.php\\\/2021\\\/11\\\/03\\\/snsd-predao-narodnoj-skupstini-rs-a-cetiri-dokumenta-o-prijenosu-nadleznosti\\\/#primaryimage\",\"url\":\"https:\\\/\\\/radioljubuski.ba\\\/wp-content\\\/uploads\\\/2021\\\/11\\\/dodik-nsrs-1.jpg\",\"contentUrl\":\"https:\\\/\\\/radioljubuski.ba\\\/wp-content\\\/uploads\\\/2021\\\/11\\\/dodik-nsrs-1.jpg\",\"width\":870,\"height\":470},{\"@type\":\"BreadcrumbList\",\"@id\":\"https:\\\/\\\/radioljubuski.ba\\\/index.php\\\/2021\\\/11\\\/03\\\/snsd-predao-narodnoj-skupstini-rs-a-cetiri-dokumenta-o-prijenosu-nadleznosti\\\/#breadcrumb\",\"itemListElement\":[{\"@type\":\"ListItem\",\"position\":1,\"name\":\"Po\u010detna stranica\",\"item\":\"https:\\\/\\\/radioljubuski.ba\\\/\"},{\"@type\":\"ListItem\",\"position\":2,\"name\":\"SNSD predao Narodnoj skup\u0161tini RS-a \u010detiri dokumenta o prijenosu nadle\u017enosti\"}]},{\"@type\":\"WebSite\",\"@id\":\"https:\\\/\\\/radioljubuski.ba\\\/#website\",\"url\":\"https:\\\/\\\/radioljubuski.ba\\\/\",\"name\":\"Radio Ljubu\u0161ki\",\"description\":\"Sun\u010dana frekvencija Hercegovine\",\"publisher\":{\"@id\":\"https:\\\/\\\/radioljubuski.ba\\\/#organization\"},\"potentialAction\":[{\"@type\":\"SearchAction\",\"target\":{\"@type\":\"EntryPoint\",\"urlTemplate\":\"https:\\\/\\\/radioljubuski.ba\\\/?s={search_term_string}\"},\"query-input\":{\"@type\":\"PropertyValueSpecification\",\"valueRequired\":true,\"valueName\":\"search_term_string\"}}],\"inLanguage\":\"hr\"},{\"@type\":\"Organization\",\"@id\":\"https:\\\/\\\/radioljubuski.ba\\\/#organization\",\"name\":\"Radio Ljubu\u0161ki\",\"url\":\"https:\\\/\\\/radioljubuski.ba\\\/\",\"logo\":{\"@type\":\"ImageObject\",\"inLanguage\":\"hr\",\"@id\":\"https:\\\/\\\/radioljubuski.ba\\\/#\\\/schema\\\/logo\\\/image\\\/\",\"url\":\"https:\\\/\\\/radioljubuski.ba\\\/wp-content\\\/uploads\\\/2021\\\/02\\\/cropped-Radio_Ljubuski_logo1.jpg\",\"contentUrl\":\"https:\\\/\\\/radioljubuski.ba\\\/wp-content\\\/uploads\\\/2021\\\/02\\\/cropped-Radio_Ljubuski_logo1.jpg\",\"width\":512,\"height\":512,\"caption\":\"Radio Ljubu\u0161ki\"},\"image\":{\"@id\":\"https:\\\/\\\/radioljubuski.ba\\\/#\\\/schema\\\/logo\\\/image\\\/\"},\"sameAs\":[\"https:\\\/\\\/www.facebook.com\\\/Radiio-Ljubuski-1490835324566332\",\"https:\\\/\\\/x.com\\\/radioljubuski\",\"https:\\\/\\\/hr.linkedin.com\\\/company\\\/radio-ljubuski\",\"https:\\\/\\\/www.youtube.com\\\/channel\\\/UCHYaeO_n0Db3tjNGudGpXyw\"]},{\"@type\":\"Person\",\"@id\":\"https:\\\/\\\/radioljubuski.ba\\\/#\\\/schema\\\/person\\\/19fc700381a780f69665d7956c469e3b\",\"name\":\"Radio Ljubu\u0161ki\"}]}<\/script>\n<!-- \/ Yoast SEO plugin. -->","yoast_head_json":{"title":"SNSD predao Narodnoj skup\u0161tini RS-a \u010detiri dokumenta o prijenosu nadle\u017enosti - RADIO LJUBU\u0160KI","robots":{"index":"index","follow":"follow","max-snippet":"max-snippet:-1","max-image-preview":"max-image-preview:large","max-video-preview":"max-video-preview:-1"},"canonical":"https:\/\/radioljubuski.ba\/index.php\/2021\/11\/03\/snsd-predao-narodnoj-skupstini-rs-a-cetiri-dokumenta-o-prijenosu-nadleznosti\/","og_locale":"hr_HR","og_type":"article","og_title":"SNSD predao Narodnoj skup\u0161tini RS-a \u010detiri dokumenta o prijenosu nadle\u017enosti - RADIO LJUBU\u0160KI","og_description":"SNSD je danas u Narodnu skup\u0161tinu RS-a uputio \u010detiri dokumenta u vezi s prijenosom nadle\u017enosti s BiH na entitetsku razinu. Ovi dokumenti, barem kako najavljuje \u0161ef SNSD-a Milorad Dodik, trebali bi u Skup\u0161tini biti razmatrani sredinom studenog. \u010cetiri dokumenta nose nazive Informacija o prijenosu nadle\u017enosti Republike Srpske na razinu BiH, Informacija o prijenosu nadle\u017enosti s [&hellip;]","og_url":"https:\/\/radioljubuski.ba\/index.php\/2021\/11\/03\/snsd-predao-narodnoj-skupstini-rs-a-cetiri-dokumenta-o-prijenosu-nadleznosti\/","og_site_name":"RADIO LJUBU\u0160KI","article_publisher":"https:\/\/www.facebook.com\/Radiio-Ljubuski-1490835324566332","article_published_time":"2021-11-03T13:18:43+00:00","article_modified_time":"2021-11-03T13:18:44+00:00","og_image":[{"width":870,"height":470,"url":"https:\/\/radioljubuski.ba\/wp-content\/uploads\/2021\/11\/dodik-nsrs-1.jpg","type":"image\/jpeg"}],"author":"Radio Ljubu\u0161ki","twitter_card":"summary_large_image","twitter_creator":"@radioljubuski","twitter_site":"@radioljubuski","twitter_misc":{"Napisao\/la":"Radio Ljubu\u0161ki","Procijenjeno vrijeme \u010ditanja":"2 minute"},"schema":{"@context":"https:\/\/schema.org","@graph":[{"@type":"Article","@id":"https:\/\/radioljubuski.ba\/index.php\/2021\/11\/03\/snsd-predao-narodnoj-skupstini-rs-a-cetiri-dokumenta-o-prijenosu-nadleznosti\/#article","isPartOf":{"@id":"https:\/\/radioljubuski.ba\/index.php\/2021\/11\/03\/snsd-predao-narodnoj-skupstini-rs-a-cetiri-dokumenta-o-prijenosu-nadleznosti\/"},"author":{"name":"Radio Ljubu\u0161ki","@id":"https:\/\/radioljubuski.ba\/#\/schema\/person\/19fc700381a780f69665d7956c469e3b"},"headline":"SNSD predao Narodnoj skup\u0161tini RS-a \u010detiri dokumenta o prijenosu nadle\u017enosti","datePublished":"2021-11-03T13:18:43+00:00","dateModified":"2021-11-03T13:18:44+00:00","mainEntityOfPage":{"@id":"https:\/\/radioljubuski.ba\/index.php\/2021\/11\/03\/snsd-predao-narodnoj-skupstini-rs-a-cetiri-dokumenta-o-prijenosu-nadleznosti\/"},"wordCount":307,"publisher":{"@id":"https:\/\/radioljubuski.ba\/#organization"},"image":{"@id":"https:\/\/radioljubuski.ba\/index.php\/2021\/11\/03\/snsd-predao-narodnoj-skupstini-rs-a-cetiri-dokumenta-o-prijenosu-nadleznosti\/#primaryimage"},"thumbnailUrl":"https:\/\/radioljubuski.ba\/wp-content\/uploads\/2021\/11\/dodik-nsrs-1.jpg","articleSection":["BIH i regija"],"inLanguage":"hr"},{"@type":"WebPage","@id":"https:\/\/radioljubuski.ba\/index.php\/2021\/11\/03\/snsd-predao-narodnoj-skupstini-rs-a-cetiri-dokumenta-o-prijenosu-nadleznosti\/","url":"https:\/\/radioljubuski.ba\/index.php\/2021\/11\/03\/snsd-predao-narodnoj-skupstini-rs-a-cetiri-dokumenta-o-prijenosu-nadleznosti\/","name":"SNSD predao Narodnoj skup\u0161tini RS-a \u010detiri dokumenta o prijenosu nadle\u017enosti - RADIO LJUBU\u0160KI","isPartOf":{"@id":"https:\/\/radioljubuski.ba\/#website"},"primaryImageOfPage":{"@id":"https:\/\/radioljubuski.ba\/index.php\/2021\/11\/03\/snsd-predao-narodnoj-skupstini-rs-a-cetiri-dokumenta-o-prijenosu-nadleznosti\/#primaryimage"},"image":{"@id":"https:\/\/radioljubuski.ba\/index.php\/2021\/11\/03\/snsd-predao-narodnoj-skupstini-rs-a-cetiri-dokumenta-o-prijenosu-nadleznosti\/#primaryimage"},"thumbnailUrl":"https:\/\/radioljubuski.ba\/wp-content\/uploads\/2021\/11\/dodik-nsrs-1.jpg","datePublished":"2021-11-03T13:18:43+00:00","dateModified":"2021-11-03T13:18:44+00:00","breadcrumb":{"@id":"https:\/\/radioljubuski.ba\/index.php\/2021\/11\/03\/snsd-predao-narodnoj-skupstini-rs-a-cetiri-dokumenta-o-prijenosu-nadleznosti\/#breadcrumb"},"inLanguage":"hr","potentialAction":[{"@type":"ReadAction","target":["https:\/\/radioljubuski.ba\/index.php\/2021\/11\/03\/snsd-predao-narodnoj-skupstini-rs-a-cetiri-dokumenta-o-prijenosu-nadleznosti\/"]}]},{"@type":"ImageObject","inLanguage":"hr","@id":"https:\/\/radioljubuski.ba\/index.php\/2021\/11\/03\/snsd-predao-narodnoj-skupstini-rs-a-cetiri-dokumenta-o-prijenosu-nadleznosti\/#primaryimage","url":"https:\/\/radioljubuski.ba\/wp-content\/uploads\/2021\/11\/dodik-nsrs-1.jpg","contentUrl":"https:\/\/radioljubuski.ba\/wp-content\/uploads\/2021\/11\/dodik-nsrs-1.jpg","width":870,"height":470},{"@type":"BreadcrumbList","@id":"https:\/\/radioljubuski.ba\/index.php\/2021\/11\/03\/snsd-predao-narodnoj-skupstini-rs-a-cetiri-dokumenta-o-prijenosu-nadleznosti\/#breadcrumb","itemListElement":[{"@type":"ListItem","position":1,"name":"Po\u010detna stranica","item":"https:\/\/radioljubuski.ba\/"},{"@type":"ListItem","position":2,"name":"SNSD predao Narodnoj skup\u0161tini RS-a \u010detiri dokumenta o prijenosu nadle\u017enosti"}]},{"@type":"WebSite","@id":"https:\/\/radioljubuski.ba\/#website","url":"https:\/\/radioljubuski.ba\/","name":"Radio Ljubu\u0161ki","description":"Sun\u010dana frekvencija Hercegovine","publisher":{"@id":"https:\/\/radioljubuski.ba\/#organization"},"potentialAction":[{"@type":"SearchAction","target":{"@type":"EntryPoint","urlTemplate":"https:\/\/radioljubuski.ba\/?s={search_term_string}"},"query-input":{"@type":"PropertyValueSpecification","valueRequired":true,"valueName":"search_term_string"}}],"inLanguage":"hr"},{"@type":"Organization","@id":"https:\/\/radioljubuski.ba\/#organization","name":"Radio Ljubu\u0161ki","url":"https:\/\/radioljubuski.ba\/","logo":{"@type":"ImageObject","inLanguage":"hr","@id":"https:\/\/radioljubuski.ba\/#\/schema\/logo\/image\/","url":"https:\/\/radioljubuski.ba\/wp-content\/uploads\/2021\/02\/cropped-Radio_Ljubuski_logo1.jpg","contentUrl":"https:\/\/radioljubuski.ba\/wp-content\/uploads\/2021\/02\/cropped-Radio_Ljubuski_logo1.jpg","width":512,"height":512,"caption":"Radio Ljubu\u0161ki"},"image":{"@id":"https:\/\/radioljubuski.ba\/#\/schema\/logo\/image\/"},"sameAs":["https:\/\/www.facebook.com\/Radiio-Ljubuski-1490835324566332","https:\/\/x.com\/radioljubuski","https:\/\/hr.linkedin.com\/company\/radio-ljubuski","https:\/\/www.youtube.com\/channel\/UCHYaeO_n0Db3tjNGudGpXyw"]},{"@type":"Person","@id":"https:\/\/radioljubuski.ba\/#\/schema\/person\/19fc700381a780f69665d7956c469e3b","name":"Radio Ljubu\u0161ki"}]}},"_links":{"self":[{"href":"https:\/\/radioljubuski.ba\/index.php\/wp-json\/wp\/v2\/posts\/84483","targetHints":{"allow":["GET"]}}],"collection":[{"href":"https:\/\/radioljubuski.ba\/index.php\/wp-json\/wp\/v2\/posts"}],"about":[{"href":"https:\/\/radioljubuski.ba\/index.php\/wp-json\/wp\/v2\/types\/post"}],"author":[{"embeddable":true,"href":"https:\/\/radioljubuski.ba\/index.php\/wp-json\/wp\/v2\/users\/2"}],"replies":[{"embeddable":true,"href":"https:\/\/radioljubuski.ba\/index.php\/wp-json\/wp\/v2\/comments?post=84483"}],"version-history":[{"count":1,"href":"https:\/\/radioljubuski.ba\/index.php\/wp-json\/wp\/v2\/posts\/84483\/revisions"}],"predecessor-version":[{"id":84485,"href":"https:\/\/radioljubuski.ba\/index.php\/wp-json\/wp\/v2\/posts\/84483\/revisions\/84485"}],"wp:featuredmedia":[{"embeddable":true,"href":"https:\/\/radioljubuski.ba\/index.php\/wp-json\/wp\/v2\/media\/84484"}],"wp:attachment":[{"href":"https:\/\/radioljubuski.ba\/index.php\/wp-json\/wp\/v2\/media?parent=84483"}],"wp:term":[{"taxonomy":"category","embeddable":true,"href":"https:\/\/radioljubuski.ba\/index.php\/wp-json\/wp\/v2\/categories?post=84483"},{"taxonomy":"post_tag","embeddable":true,"href":"https:\/\/radioljubuski.ba\/index.php\/wp-json\/wp\/v2\/tags?post=84483"}],"curies":[{"name":"wp","href":"https:\/\/api.w.org\/{rel}","templated":true}]}}