{"id":84489,"date":"2021-11-03T14:21:10","date_gmt":"2021-11-03T13:21:10","guid":{"rendered":"https:\/\/radioljubuski.ba\/?p=84489"},"modified":"2021-11-03T14:21:11","modified_gmt":"2021-11-03T13:21:11","slug":"demokrati-izgubili-vlast-u-virginiji-republikanac-youngkin-izabran-za-guvernera","status":"publish","type":"post","link":"https:\/\/radioljubuski.ba\/index.php\/2021\/11\/03\/demokrati-izgubili-vlast-u-virginiji-republikanac-youngkin-izabran-za-guvernera\/","title":{"rendered":"Demokrati izgubili vlast u Virginiji, republikanac Youngkin izabran za guvernera"},"content":{"rendered":"\n<p><strong>Republikanac Glenn Youngkin izabran je za guvernera Virginije u velikom preokretu, prema projekcijama ameri\u010dkih medija.<\/strong><\/p>\n\n\n\n<p>On ima 2,1 bod ispred demokrate Terryja McAuliffea, nakon 99 posto prebrojanih glasova.<\/p>\n\n\n\n<p>McAuliffe, koji je bio guverner od 2014. do 2018., vodio je u anketama ali je njegova popularnost naglo opala u posljednje vrijeme.<\/p>\n\n\n\n<p>Glasanje se smatra referendumom o predsjedni\u0161tvu Joea Bidena, a poraz \u0107e uznemiriti demokrate, pi\u0161e britanski BBC. Biden je ostvario uvjerljivu pobjedu u Virginiji na predsjedni\u010dkim izborima prije samo godinu dana.<\/p>\n\n\n\n<p>Youngkin je, u govoru nakon pobjede, obe\u0107ao da \u0107e odmah krenuti na posao transformacije dr\u017eave.<\/p>\n\n\n\n<p>Trenutni demokratski guverner dr\u017eave, Ralph Northam, nije se mogao kandidirati za ponovni izbor jer Virginia ne dopu\u0161ta guvernerima da obavljaju uzastopne mandate.<\/p>\n\n\n\n<p>Ima jo\u0161 potencijalno dobrih vijesti za republikance u ovoj dr\u017eavi. Njihova kandidatkinja Winsome Sears trebala bi postati prva tamnoputa \u017eena zamjenica guvernera.<\/p>\n\n\n\n<p>Popularnost ameri\u010dkog predsjednika Joe Bidena znatno je opala u posljednje vrijeme.<\/p>\n\n\n\n<p>\/HMS\/<\/p>\n","protected":false},"excerpt":{"rendered":"<p>Republikanac Glenn Youngkin izabran je za guvernera Virginije u velikom preokretu, prema projekcijama ameri\u010dkih medija. On ima 2,1 bod ispred demokrate Terryja McAuliffea, nakon 99 posto prebrojanih glasova. McAuliffe, koji je bio guverner od 2014. do 2018., vodio je u anketama ali je njegova popularnost naglo opala u posljednje vrijeme. Glasanje se smatra referendumom o [&hellip;]<\/p>\n","protected":false},"author":2,"featured_media":84490,"comment_status":"closed","ping_status":"closed","sticky":false,"template":"","format":"standard","meta":{"h5ap_radio_sources":[],"footnotes":""},"categories":[1],"tags":[],"class_list":["post-84489","post","type-post","status-publish","format-standard","has-post-thumbnail","hentry","category-bihiregija"],"yoast_head":"<!-- This site is optimized with the Yoast SEO plugin v27.5 - https:\/\/yoast.com\/product\/yoast-seo-wordpress\/ -->\n<title>Demokrati izgubili vlast u Virginiji, republikanac Youngkin izabran za guvernera - RADIO LJUBU\u0160KI<\/title>\n<meta name=\"robots\" content=\"index, follow, max-snippet:-1, max-image-preview:large, max-video-preview:-1\" \/>\n<link rel=\"canonical\" href=\"https:\/\/radioljubuski.ba\/index.php\/2021\/11\/03\/demokrati-izgubili-vlast-u-virginiji-republikanac-youngkin-izabran-za-guvernera\/\" \/>\n<meta property=\"og:locale\" content=\"hr_HR\" \/>\n<meta property=\"og:type\" content=\"article\" \/>\n<meta property=\"og:title\" content=\"Demokrati izgubili vlast u Virginiji, republikanac Youngkin izabran za guvernera - RADIO LJUBU\u0160KI\" \/>\n<meta property=\"og:description\" content=\"Republikanac Glenn Youngkin izabran je za guvernera Virginije u velikom preokretu, prema projekcijama ameri\u010dkih medija. On ima 2,1 bod ispred demokrate Terryja McAuliffea, nakon 99 posto prebrojanih glasova. McAuliffe, koji je bio guverner od 2014. do 2018., vodio je u anketama ali je njegova popularnost naglo opala u posljednje vrijeme. Glasanje se smatra referendumom o [&hellip;]\" \/>\n<meta property=\"og:url\" content=\"https:\/\/radioljubuski.ba\/index.php\/2021\/11\/03\/demokrati-izgubili-vlast-u-virginiji-republikanac-youngkin-izabran-za-guvernera\/\" \/>\n<meta property=\"og:site_name\" content=\"RADIO LJUBU\u0160KI\" \/>\n<meta property=\"article:publisher\" content=\"https:\/\/www.facebook.com\/Radiio-Ljubuski-1490835324566332\" \/>\n<meta property=\"article:published_time\" content=\"2021-11-03T13:21:10+00:00\" \/>\n<meta property=\"article:modified_time\" content=\"2021-11-03T13:21:11+00:00\" \/>\n<meta property=\"og:image\" content=\"https:\/\/radioljubuski.ba\/wp-content\/uploads\/2021\/11\/b_211103065.jpg\" \/>\n\t<meta property=\"og:image:width\" content=\"800\" \/>\n\t<meta property=\"og:image:height\" content=\"533\" \/>\n\t<meta property=\"og:image:type\" content=\"image\/jpeg\" \/>\n<meta name=\"author\" content=\"Radio Ljubu\u0161ki\" \/>\n<meta name=\"twitter:card\" content=\"summary_large_image\" \/>\n<meta name=\"twitter:creator\" content=\"@radioljubuski\" \/>\n<meta name=\"twitter:site\" content=\"@radioljubuski\" \/>\n<meta name=\"twitter:label1\" content=\"Napisao\/la\" \/>\n\t<meta name=\"twitter:data1\" content=\"Radio Ljubu\u0161ki\" \/>\n\t<meta name=\"twitter:label2\" content=\"Procijenjeno vrijeme \u010ditanja\" \/>\n\t<meta name=\"twitter:data2\" content=\"1 minuta\" \/>\n<script type=\"application\/ld+json\" class=\"yoast-schema-graph\">{\"@context\":\"https:\\\/\\\/schema.org\",\"@graph\":[{\"@type\":\"Article\",\"@id\":\"https:\\\/\\\/radioljubuski.ba\\\/index.php\\\/2021\\\/11\\\/03\\\/demokrati-izgubili-vlast-u-virginiji-republikanac-youngkin-izabran-za-guvernera\\\/#article\",\"isPartOf\":{\"@id\":\"https:\\\/\\\/radioljubuski.ba\\\/index.php\\\/2021\\\/11\\\/03\\\/demokrati-izgubili-vlast-u-virginiji-republikanac-youngkin-izabran-za-guvernera\\\/\"},\"author\":{\"name\":\"Radio Ljubu\u0161ki\",\"@id\":\"https:\\\/\\\/radioljubuski.ba\\\/#\\\/schema\\\/person\\\/19fc700381a780f69665d7956c469e3b\"},\"headline\":\"Demokrati izgubili vlast u Virginiji, republikanac Youngkin izabran za guvernera\",\"datePublished\":\"2021-11-03T13:21:10+00:00\",\"dateModified\":\"2021-11-03T13:21:11+00:00\",\"mainEntityOfPage\":{\"@id\":\"https:\\\/\\\/radioljubuski.ba\\\/index.php\\\/2021\\\/11\\\/03\\\/demokrati-izgubili-vlast-u-virginiji-republikanac-youngkin-izabran-za-guvernera\\\/\"},\"wordCount\":167,\"publisher\":{\"@id\":\"https:\\\/\\\/radioljubuski.ba\\\/#organization\"},\"image\":{\"@id\":\"https:\\\/\\\/radioljubuski.ba\\\/index.php\\\/2021\\\/11\\\/03\\\/demokrati-izgubili-vlast-u-virginiji-republikanac-youngkin-izabran-za-guvernera\\\/#primaryimage\"},\"thumbnailUrl\":\"https:\\\/\\\/radioljubuski.ba\\\/wp-content\\\/uploads\\\/2021\\\/11\\\/b_211103065.jpg\",\"articleSection\":[\"BIH i regija\"],\"inLanguage\":\"hr\"},{\"@type\":\"WebPage\",\"@id\":\"https:\\\/\\\/radioljubuski.ba\\\/index.php\\\/2021\\\/11\\\/03\\\/demokrati-izgubili-vlast-u-virginiji-republikanac-youngkin-izabran-za-guvernera\\\/\",\"url\":\"https:\\\/\\\/radioljubuski.ba\\\/index.php\\\/2021\\\/11\\\/03\\\/demokrati-izgubili-vlast-u-virginiji-republikanac-youngkin-izabran-za-guvernera\\\/\",\"name\":\"Demokrati izgubili vlast u Virginiji, republikanac Youngkin izabran za guvernera - RADIO LJUBU\u0160KI\",\"isPartOf\":{\"@id\":\"https:\\\/\\\/radioljubuski.ba\\\/#website\"},\"primaryImageOfPage\":{\"@id\":\"https:\\\/\\\/radioljubuski.ba\\\/index.php\\\/2021\\\/11\\\/03\\\/demokrati-izgubili-vlast-u-virginiji-republikanac-youngkin-izabran-za-guvernera\\\/#primaryimage\"},\"image\":{\"@id\":\"https:\\\/\\\/radioljubuski.ba\\\/index.php\\\/2021\\\/11\\\/03\\\/demokrati-izgubili-vlast-u-virginiji-republikanac-youngkin-izabran-za-guvernera\\\/#primaryimage\"},\"thumbnailUrl\":\"https:\\\/\\\/radioljubuski.ba\\\/wp-content\\\/uploads\\\/2021\\\/11\\\/b_211103065.jpg\",\"datePublished\":\"2021-11-03T13:21:10+00:00\",\"dateModified\":\"2021-11-03T13:21:11+00:00\",\"breadcrumb\":{\"@id\":\"https:\\\/\\\/radioljubuski.ba\\\/index.php\\\/2021\\\/11\\\/03\\\/demokrati-izgubili-vlast-u-virginiji-republikanac-youngkin-izabran-za-guvernera\\\/#breadcrumb\"},\"inLanguage\":\"hr\",\"potentialAction\":[{\"@type\":\"ReadAction\",\"target\":[\"https:\\\/\\\/radioljubuski.ba\\\/index.php\\\/2021\\\/11\\\/03\\\/demokrati-izgubili-vlast-u-virginiji-republikanac-youngkin-izabran-za-guvernera\\\/\"]}]},{\"@type\":\"ImageObject\",\"inLanguage\":\"hr\",\"@id\":\"https:\\\/\\\/radioljubuski.ba\\\/index.php\\\/2021\\\/11\\\/03\\\/demokrati-izgubili-vlast-u-virginiji-republikanac-youngkin-izabran-za-guvernera\\\/#primaryimage\",\"url\":\"https:\\\/\\\/radioljubuski.ba\\\/wp-content\\\/uploads\\\/2021\\\/11\\\/b_211103065.jpg\",\"contentUrl\":\"https:\\\/\\\/radioljubuski.ba\\\/wp-content\\\/uploads\\\/2021\\\/11\\\/b_211103065.jpg\",\"width\":800,\"height\":533},{\"@type\":\"BreadcrumbList\",\"@id\":\"https:\\\/\\\/radioljubuski.ba\\\/index.php\\\/2021\\\/11\\\/03\\\/demokrati-izgubili-vlast-u-virginiji-republikanac-youngkin-izabran-za-guvernera\\\/#breadcrumb\",\"itemListElement\":[{\"@type\":\"ListItem\",\"position\":1,\"name\":\"Po\u010detna stranica\",\"item\":\"https:\\\/\\\/radioljubuski.ba\\\/\"},{\"@type\":\"ListItem\",\"position\":2,\"name\":\"Demokrati izgubili vlast u Virginiji, republikanac Youngkin izabran za guvernera\"}]},{\"@type\":\"WebSite\",\"@id\":\"https:\\\/\\\/radioljubuski.ba\\\/#website\",\"url\":\"https:\\\/\\\/radioljubuski.ba\\\/\",\"name\":\"Radio Ljubu\u0161ki\",\"description\":\"Sun\u010dana frekvencija Hercegovine\",\"publisher\":{\"@id\":\"https:\\\/\\\/radioljubuski.ba\\\/#organization\"},\"potentialAction\":[{\"@type\":\"SearchAction\",\"target\":{\"@type\":\"EntryPoint\",\"urlTemplate\":\"https:\\\/\\\/radioljubuski.ba\\\/?s={search_term_string}\"},\"query-input\":{\"@type\":\"PropertyValueSpecification\",\"valueRequired\":true,\"valueName\":\"search_term_string\"}}],\"inLanguage\":\"hr\"},{\"@type\":\"Organization\",\"@id\":\"https:\\\/\\\/radioljubuski.ba\\\/#organization\",\"name\":\"Radio Ljubu\u0161ki\",\"url\":\"https:\\\/\\\/radioljubuski.ba\\\/\",\"logo\":{\"@type\":\"ImageObject\",\"inLanguage\":\"hr\",\"@id\":\"https:\\\/\\\/radioljubuski.ba\\\/#\\\/schema\\\/logo\\\/image\\\/\",\"url\":\"https:\\\/\\\/radioljubuski.ba\\\/wp-content\\\/uploads\\\/2021\\\/02\\\/cropped-Radio_Ljubuski_logo1.jpg\",\"contentUrl\":\"https:\\\/\\\/radioljubuski.ba\\\/wp-content\\\/uploads\\\/2021\\\/02\\\/cropped-Radio_Ljubuski_logo1.jpg\",\"width\":512,\"height\":512,\"caption\":\"Radio Ljubu\u0161ki\"},\"image\":{\"@id\":\"https:\\\/\\\/radioljubuski.ba\\\/#\\\/schema\\\/logo\\\/image\\\/\"},\"sameAs\":[\"https:\\\/\\\/www.facebook.com\\\/Radiio-Ljubuski-1490835324566332\",\"https:\\\/\\\/x.com\\\/radioljubuski\",\"https:\\\/\\\/hr.linkedin.com\\\/company\\\/radio-ljubuski\",\"https:\\\/\\\/www.youtube.com\\\/channel\\\/UCHYaeO_n0Db3tjNGudGpXyw\"]},{\"@type\":\"Person\",\"@id\":\"https:\\\/\\\/radioljubuski.ba\\\/#\\\/schema\\\/person\\\/19fc700381a780f69665d7956c469e3b\",\"name\":\"Radio Ljubu\u0161ki\"}]}<\/script>\n<!-- \/ Yoast SEO plugin. -->","yoast_head_json":{"title":"Demokrati izgubili vlast u Virginiji, republikanac Youngkin izabran za guvernera - RADIO LJUBU\u0160KI","robots":{"index":"index","follow":"follow","max-snippet":"max-snippet:-1","max-image-preview":"max-image-preview:large","max-video-preview":"max-video-preview:-1"},"canonical":"https:\/\/radioljubuski.ba\/index.php\/2021\/11\/03\/demokrati-izgubili-vlast-u-virginiji-republikanac-youngkin-izabran-za-guvernera\/","og_locale":"hr_HR","og_type":"article","og_title":"Demokrati izgubili vlast u Virginiji, republikanac Youngkin izabran za guvernera - RADIO LJUBU\u0160KI","og_description":"Republikanac Glenn Youngkin izabran je za guvernera Virginije u velikom preokretu, prema projekcijama ameri\u010dkih medija. On ima 2,1 bod ispred demokrate Terryja McAuliffea, nakon 99 posto prebrojanih glasova. McAuliffe, koji je bio guverner od 2014. do 2018., vodio je u anketama ali je njegova popularnost naglo opala u posljednje vrijeme. Glasanje se smatra referendumom o [&hellip;]","og_url":"https:\/\/radioljubuski.ba\/index.php\/2021\/11\/03\/demokrati-izgubili-vlast-u-virginiji-republikanac-youngkin-izabran-za-guvernera\/","og_site_name":"RADIO LJUBU\u0160KI","article_publisher":"https:\/\/www.facebook.com\/Radiio-Ljubuski-1490835324566332","article_published_time":"2021-11-03T13:21:10+00:00","article_modified_time":"2021-11-03T13:21:11+00:00","og_image":[{"width":800,"height":533,"url":"https:\/\/radioljubuski.ba\/wp-content\/uploads\/2021\/11\/b_211103065.jpg","type":"image\/jpeg"}],"author":"Radio Ljubu\u0161ki","twitter_card":"summary_large_image","twitter_creator":"@radioljubuski","twitter_site":"@radioljubuski","twitter_misc":{"Napisao\/la":"Radio Ljubu\u0161ki","Procijenjeno vrijeme \u010ditanja":"1 minuta"},"schema":{"@context":"https:\/\/schema.org","@graph":[{"@type":"Article","@id":"https:\/\/radioljubuski.ba\/index.php\/2021\/11\/03\/demokrati-izgubili-vlast-u-virginiji-republikanac-youngkin-izabran-za-guvernera\/#article","isPartOf":{"@id":"https:\/\/radioljubuski.ba\/index.php\/2021\/11\/03\/demokrati-izgubili-vlast-u-virginiji-republikanac-youngkin-izabran-za-guvernera\/"},"author":{"name":"Radio Ljubu\u0161ki","@id":"https:\/\/radioljubuski.ba\/#\/schema\/person\/19fc700381a780f69665d7956c469e3b"},"headline":"Demokrati izgubili vlast u Virginiji, republikanac Youngkin izabran za guvernera","datePublished":"2021-11-03T13:21:10+00:00","dateModified":"2021-11-03T13:21:11+00:00","mainEntityOfPage":{"@id":"https:\/\/radioljubuski.ba\/index.php\/2021\/11\/03\/demokrati-izgubili-vlast-u-virginiji-republikanac-youngkin-izabran-za-guvernera\/"},"wordCount":167,"publisher":{"@id":"https:\/\/radioljubuski.ba\/#organization"},"image":{"@id":"https:\/\/radioljubuski.ba\/index.php\/2021\/11\/03\/demokrati-izgubili-vlast-u-virginiji-republikanac-youngkin-izabran-za-guvernera\/#primaryimage"},"thumbnailUrl":"https:\/\/radioljubuski.ba\/wp-content\/uploads\/2021\/11\/b_211103065.jpg","articleSection":["BIH i regija"],"inLanguage":"hr"},{"@type":"WebPage","@id":"https:\/\/radioljubuski.ba\/index.php\/2021\/11\/03\/demokrati-izgubili-vlast-u-virginiji-republikanac-youngkin-izabran-za-guvernera\/","url":"https:\/\/radioljubuski.ba\/index.php\/2021\/11\/03\/demokrati-izgubili-vlast-u-virginiji-republikanac-youngkin-izabran-za-guvernera\/","name":"Demokrati izgubili vlast u Virginiji, republikanac Youngkin izabran za guvernera - RADIO LJUBU\u0160KI","isPartOf":{"@id":"https:\/\/radioljubuski.ba\/#website"},"primaryImageOfPage":{"@id":"https:\/\/radioljubuski.ba\/index.php\/2021\/11\/03\/demokrati-izgubili-vlast-u-virginiji-republikanac-youngkin-izabran-za-guvernera\/#primaryimage"},"image":{"@id":"https:\/\/radioljubuski.ba\/index.php\/2021\/11\/03\/demokrati-izgubili-vlast-u-virginiji-republikanac-youngkin-izabran-za-guvernera\/#primaryimage"},"thumbnailUrl":"https:\/\/radioljubuski.ba\/wp-content\/uploads\/2021\/11\/b_211103065.jpg","datePublished":"2021-11-03T13:21:10+00:00","dateModified":"2021-11-03T13:21:11+00:00","breadcrumb":{"@id":"https:\/\/radioljubuski.ba\/index.php\/2021\/11\/03\/demokrati-izgubili-vlast-u-virginiji-republikanac-youngkin-izabran-za-guvernera\/#breadcrumb"},"inLanguage":"hr","potentialAction":[{"@type":"ReadAction","target":["https:\/\/radioljubuski.ba\/index.php\/2021\/11\/03\/demokrati-izgubili-vlast-u-virginiji-republikanac-youngkin-izabran-za-guvernera\/"]}]},{"@type":"ImageObject","inLanguage":"hr","@id":"https:\/\/radioljubuski.ba\/index.php\/2021\/11\/03\/demokrati-izgubili-vlast-u-virginiji-republikanac-youngkin-izabran-za-guvernera\/#primaryimage","url":"https:\/\/radioljubuski.ba\/wp-content\/uploads\/2021\/11\/b_211103065.jpg","contentUrl":"https:\/\/radioljubuski.ba\/wp-content\/uploads\/2021\/11\/b_211103065.jpg","width":800,"height":533},{"@type":"BreadcrumbList","@id":"https:\/\/radioljubuski.ba\/index.php\/2021\/11\/03\/demokrati-izgubili-vlast-u-virginiji-republikanac-youngkin-izabran-za-guvernera\/#breadcrumb","itemListElement":[{"@type":"ListItem","position":1,"name":"Po\u010detna stranica","item":"https:\/\/radioljubuski.ba\/"},{"@type":"ListItem","position":2,"name":"Demokrati izgubili vlast u Virginiji, republikanac Youngkin izabran za guvernera"}]},{"@type":"WebSite","@id":"https:\/\/radioljubuski.ba\/#website","url":"https:\/\/radioljubuski.ba\/","name":"Radio Ljubu\u0161ki","description":"Sun\u010dana frekvencija Hercegovine","publisher":{"@id":"https:\/\/radioljubuski.ba\/#organization"},"potentialAction":[{"@type":"SearchAction","target":{"@type":"EntryPoint","urlTemplate":"https:\/\/radioljubuski.ba\/?s={search_term_string}"},"query-input":{"@type":"PropertyValueSpecification","valueRequired":true,"valueName":"search_term_string"}}],"inLanguage":"hr"},{"@type":"Organization","@id":"https:\/\/radioljubuski.ba\/#organization","name":"Radio Ljubu\u0161ki","url":"https:\/\/radioljubuski.ba\/","logo":{"@type":"ImageObject","inLanguage":"hr","@id":"https:\/\/radioljubuski.ba\/#\/schema\/logo\/image\/","url":"https:\/\/radioljubuski.ba\/wp-content\/uploads\/2021\/02\/cropped-Radio_Ljubuski_logo1.jpg","contentUrl":"https:\/\/radioljubuski.ba\/wp-content\/uploads\/2021\/02\/cropped-Radio_Ljubuski_logo1.jpg","width":512,"height":512,"caption":"Radio Ljubu\u0161ki"},"image":{"@id":"https:\/\/radioljubuski.ba\/#\/schema\/logo\/image\/"},"sameAs":["https:\/\/www.facebook.com\/Radiio-Ljubuski-1490835324566332","https:\/\/x.com\/radioljubuski","https:\/\/hr.linkedin.com\/company\/radio-ljubuski","https:\/\/www.youtube.com\/channel\/UCHYaeO_n0Db3tjNGudGpXyw"]},{"@type":"Person","@id":"https:\/\/radioljubuski.ba\/#\/schema\/person\/19fc700381a780f69665d7956c469e3b","name":"Radio Ljubu\u0161ki"}]}},"_links":{"self":[{"href":"https:\/\/radioljubuski.ba\/index.php\/wp-json\/wp\/v2\/posts\/84489","targetHints":{"allow":["GET"]}}],"collection":[{"href":"https:\/\/radioljubuski.ba\/index.php\/wp-json\/wp\/v2\/posts"}],"about":[{"href":"https:\/\/radioljubuski.ba\/index.php\/wp-json\/wp\/v2\/types\/post"}],"author":[{"embeddable":true,"href":"https:\/\/radioljubuski.ba\/index.php\/wp-json\/wp\/v2\/users\/2"}],"replies":[{"embeddable":true,"href":"https:\/\/radioljubuski.ba\/index.php\/wp-json\/wp\/v2\/comments?post=84489"}],"version-history":[{"count":1,"href":"https:\/\/radioljubuski.ba\/index.php\/wp-json\/wp\/v2\/posts\/84489\/revisions"}],"predecessor-version":[{"id":84491,"href":"https:\/\/radioljubuski.ba\/index.php\/wp-json\/wp\/v2\/posts\/84489\/revisions\/84491"}],"wp:featuredmedia":[{"embeddable":true,"href":"https:\/\/radioljubuski.ba\/index.php\/wp-json\/wp\/v2\/media\/84490"}],"wp:attachment":[{"href":"https:\/\/radioljubuski.ba\/index.php\/wp-json\/wp\/v2\/media?parent=84489"}],"wp:term":[{"taxonomy":"category","embeddable":true,"href":"https:\/\/radioljubuski.ba\/index.php\/wp-json\/wp\/v2\/categories?post=84489"},{"taxonomy":"post_tag","embeddable":true,"href":"https:\/\/radioljubuski.ba\/index.php\/wp-json\/wp\/v2\/tags?post=84489"}],"curies":[{"name":"wp","href":"https:\/\/api.w.org\/{rel}","templated":true}]}}