{"id":84492,"date":"2021-11-03T14:23:14","date_gmt":"2021-11-03T13:23:14","guid":{"rendered":"https:\/\/radioljubuski.ba\/?p=84492"},"modified":"2021-11-03T14:23:16","modified_gmt":"2021-11-03T13:23:16","slug":"ukrali-mu-grob-dosao-na-groblje-kad-ne-vidi-ga-i-onda-vidim-nije-nestao-samo-se-vise-ne-zove-kak-se-zvao-prije","status":"publish","type":"post","link":"https:\/\/radioljubuski.ba\/index.php\/2021\/11\/03\/ukrali-mu-grob-dosao-na-groblje-kad-ne-vidi-ga-i-onda-vidim-nije-nestao-samo-se-vise-ne-zove-kak-se-zvao-prije\/","title":{"rendered":"Ukrali mu grob! Do\u0161ao na groblje, kad, ne vidi ga: &#8216;I onda vidim! Nije nestao, samo se vi\u0161e ne zove kak&#8217; se zvao prije&#8217;"},"content":{"rendered":"\n<p>S cvije\u0107em i svije\u0107ama Miljenko je hodao ina\u010de dobro znanim putem, no grob svojih najmilijih nije mogao prona\u0107i, pi\u0161e <a href=\"https:\/\/www.rtl.hr\/vijesti-hr\/novosti\/hrvatska\/4132644\/ukrali-mu-grob-dosao-na-groblje-kad-ne-vidi-ga-i-onda-vidim-nije-nestao-samo-se-vise-ne-zove-kak-se-zvao-prije\/\">RTL<\/a>.<\/p>\n\n\n\n<p>Do\u0161ao je na obiteljsku grobnicu i umjesto maj\u010dina ugledao tu\u0111e ime. Dogodilo se to Milijenku Pti\u010daru na zagreba\u010dkom Miro\u0161evcu. \u0160okiran \u0161to mu je netko ukrao grob, njegova se pri\u010da ubrzo pro\u0161irila dru\u0161tvenim mre\u017eama pa su ga kontaktirali i iz groblja i ispri\u010dali da se radi o pogre\u0161ci \u017eene koja ja kupila susjedno grobno mjesto.<\/p>\n\n\n\n<p>&#8220;\u010cim sam do\u0161ao tu prvo mi je bilo neobi\u010dno \u0161to nisam vidio grob. Kak&#8217; bi ga vidio. Onda sku\u017eim da je sve u redu sa grobom i nije nestao samo se vi\u0161e ne zove kak&#8217; se zvao prije, odnosno ne pripada vi\u0161e mojoj obitelji, nego ne\u010dije tu\u0111e ime je gore, zna\u010di kao da ti nikada nisi postojao, kao da si paralelnom svemiru&#8221;, ispri\u010dao je vlasnik groba Miljenko Pti\u010dar.<\/p>\n\n\n\n<p>Izvor:rtl.hr<\/p>\n","protected":false},"excerpt":{"rendered":"<p>S cvije\u0107em i svije\u0107ama Miljenko je hodao ina\u010de dobro znanim putem, no grob svojih najmilijih nije mogao prona\u0107i, pi\u0161e RTL. Do\u0161ao je na obiteljsku grobnicu i umjesto maj\u010dina ugledao tu\u0111e ime. Dogodilo se to Milijenku Pti\u010daru na zagreba\u010dkom Miro\u0161evcu. \u0160okiran \u0161to mu je netko ukrao grob, njegova se pri\u010da ubrzo pro\u0161irila dru\u0161tvenim mre\u017eama pa su [&hellip;]<\/p>\n","protected":false},"author":2,"featured_media":84493,"comment_status":"closed","ping_status":"closed","sticky":false,"template":"","format":"standard","meta":{"h5ap_radio_sources":[],"footnotes":""},"categories":[1],"tags":[],"class_list":["post-84492","post","type-post","status-publish","format-standard","has-post-thumbnail","hentry","category-bihiregija"],"yoast_head":"<!-- This site is optimized with the Yoast SEO plugin v27.5 - https:\/\/yoast.com\/product\/yoast-seo-wordpress\/ -->\n<title>Ukrali mu grob! Do\u0161ao na groblje, kad, ne vidi ga: &#039;I onda vidim! Nije nestao, samo se vi\u0161e ne zove kak&#039; se zvao prije&#039; - RADIO LJUBU\u0160KI<\/title>\n<meta name=\"robots\" content=\"index, follow, max-snippet:-1, max-image-preview:large, max-video-preview:-1\" \/>\n<link rel=\"canonical\" href=\"https:\/\/radioljubuski.ba\/index.php\/2021\/11\/03\/ukrali-mu-grob-dosao-na-groblje-kad-ne-vidi-ga-i-onda-vidim-nije-nestao-samo-se-vise-ne-zove-kak-se-zvao-prije\/\" \/>\n<meta property=\"og:locale\" content=\"hr_HR\" \/>\n<meta property=\"og:type\" content=\"article\" \/>\n<meta property=\"og:title\" content=\"Ukrali mu grob! Do\u0161ao na groblje, kad, ne vidi ga: &#039;I onda vidim! Nije nestao, samo se vi\u0161e ne zove kak&#039; se zvao prije&#039; - RADIO LJUBU\u0160KI\" \/>\n<meta property=\"og:description\" content=\"S cvije\u0107em i svije\u0107ama Miljenko je hodao ina\u010de dobro znanim putem, no grob svojih najmilijih nije mogao prona\u0107i, pi\u0161e RTL. Do\u0161ao je na obiteljsku grobnicu i umjesto maj\u010dina ugledao tu\u0111e ime. Dogodilo se to Milijenku Pti\u010daru na zagreba\u010dkom Miro\u0161evcu. \u0160okiran \u0161to mu je netko ukrao grob, njegova se pri\u010da ubrzo pro\u0161irila dru\u0161tvenim mre\u017eama pa su [&hellip;]\" \/>\n<meta property=\"og:url\" content=\"https:\/\/radioljubuski.ba\/index.php\/2021\/11\/03\/ukrali-mu-grob-dosao-na-groblje-kad-ne-vidi-ga-i-onda-vidim-nije-nestao-samo-se-vise-ne-zove-kak-se-zvao-prije\/\" \/>\n<meta property=\"og:site_name\" content=\"RADIO LJUBU\u0160KI\" \/>\n<meta property=\"article:publisher\" content=\"https:\/\/www.facebook.com\/Radiio-Ljubuski-1490835324566332\" \/>\n<meta property=\"article:published_time\" content=\"2021-11-03T13:23:14+00:00\" \/>\n<meta property=\"article:modified_time\" content=\"2021-11-03T13:23:16+00:00\" \/>\n<meta property=\"og:image\" content=\"https:\/\/radioljubuski.ba\/wp-content\/uploads\/2021\/11\/3-2021-11-03-07-48-43-6ac815493bcc5c12b0c475bc388e0229_view_article_new.jpg\" \/>\n\t<meta property=\"og:image:width\" content=\"1000\" \/>\n\t<meta property=\"og:image:height\" content=\"625\" \/>\n\t<meta property=\"og:image:type\" content=\"image\/jpeg\" \/>\n<meta name=\"author\" content=\"Radio Ljubu\u0161ki\" \/>\n<meta name=\"twitter:card\" content=\"summary_large_image\" \/>\n<meta name=\"twitter:creator\" content=\"@radioljubuski\" \/>\n<meta name=\"twitter:site\" content=\"@radioljubuski\" \/>\n<meta name=\"twitter:label1\" content=\"Napisao\/la\" \/>\n\t<meta name=\"twitter:data1\" content=\"Radio Ljubu\u0161ki\" \/>\n\t<meta name=\"twitter:label2\" content=\"Procijenjeno vrijeme \u010ditanja\" \/>\n\t<meta name=\"twitter:data2\" content=\"1 minuta\" \/>\n<script type=\"application\/ld+json\" class=\"yoast-schema-graph\">{\"@context\":\"https:\\\/\\\/schema.org\",\"@graph\":[{\"@type\":\"Article\",\"@id\":\"https:\\\/\\\/radioljubuski.ba\\\/index.php\\\/2021\\\/11\\\/03\\\/ukrali-mu-grob-dosao-na-groblje-kad-ne-vidi-ga-i-onda-vidim-nije-nestao-samo-se-vise-ne-zove-kak-se-zvao-prije\\\/#article\",\"isPartOf\":{\"@id\":\"https:\\\/\\\/radioljubuski.ba\\\/index.php\\\/2021\\\/11\\\/03\\\/ukrali-mu-grob-dosao-na-groblje-kad-ne-vidi-ga-i-onda-vidim-nije-nestao-samo-se-vise-ne-zove-kak-se-zvao-prije\\\/\"},\"author\":{\"name\":\"Radio Ljubu\u0161ki\",\"@id\":\"https:\\\/\\\/radioljubuski.ba\\\/#\\\/schema\\\/person\\\/19fc700381a780f69665d7956c469e3b\"},\"headline\":\"Ukrali mu grob! Do\u0161ao na groblje, kad, ne vidi ga: &#8216;I onda vidim! Nije nestao, samo se vi\u0161e ne zove kak&#8217; se zvao prije&#8217;\",\"datePublished\":\"2021-11-03T13:23:14+00:00\",\"dateModified\":\"2021-11-03T13:23:16+00:00\",\"mainEntityOfPage\":{\"@id\":\"https:\\\/\\\/radioljubuski.ba\\\/index.php\\\/2021\\\/11\\\/03\\\/ukrali-mu-grob-dosao-na-groblje-kad-ne-vidi-ga-i-onda-vidim-nije-nestao-samo-se-vise-ne-zove-kak-se-zvao-prije\\\/\"},\"wordCount\":198,\"publisher\":{\"@id\":\"https:\\\/\\\/radioljubuski.ba\\\/#organization\"},\"image\":{\"@id\":\"https:\\\/\\\/radioljubuski.ba\\\/index.php\\\/2021\\\/11\\\/03\\\/ukrali-mu-grob-dosao-na-groblje-kad-ne-vidi-ga-i-onda-vidim-nije-nestao-samo-se-vise-ne-zove-kak-se-zvao-prije\\\/#primaryimage\"},\"thumbnailUrl\":\"https:\\\/\\\/radioljubuski.ba\\\/wp-content\\\/uploads\\\/2021\\\/11\\\/3-2021-11-03-07-48-43-6ac815493bcc5c12b0c475bc388e0229_view_article_new.jpg\",\"articleSection\":[\"BIH i regija\"],\"inLanguage\":\"hr\"},{\"@type\":\"WebPage\",\"@id\":\"https:\\\/\\\/radioljubuski.ba\\\/index.php\\\/2021\\\/11\\\/03\\\/ukrali-mu-grob-dosao-na-groblje-kad-ne-vidi-ga-i-onda-vidim-nije-nestao-samo-se-vise-ne-zove-kak-se-zvao-prije\\\/\",\"url\":\"https:\\\/\\\/radioljubuski.ba\\\/index.php\\\/2021\\\/11\\\/03\\\/ukrali-mu-grob-dosao-na-groblje-kad-ne-vidi-ga-i-onda-vidim-nije-nestao-samo-se-vise-ne-zove-kak-se-zvao-prije\\\/\",\"name\":\"Ukrali mu grob! Do\u0161ao na groblje, kad, ne vidi ga: 'I onda vidim! Nije nestao, samo se vi\u0161e ne zove kak' se zvao prije' - RADIO LJUBU\u0160KI\",\"isPartOf\":{\"@id\":\"https:\\\/\\\/radioljubuski.ba\\\/#website\"},\"primaryImageOfPage\":{\"@id\":\"https:\\\/\\\/radioljubuski.ba\\\/index.php\\\/2021\\\/11\\\/03\\\/ukrali-mu-grob-dosao-na-groblje-kad-ne-vidi-ga-i-onda-vidim-nije-nestao-samo-se-vise-ne-zove-kak-se-zvao-prije\\\/#primaryimage\"},\"image\":{\"@id\":\"https:\\\/\\\/radioljubuski.ba\\\/index.php\\\/2021\\\/11\\\/03\\\/ukrali-mu-grob-dosao-na-groblje-kad-ne-vidi-ga-i-onda-vidim-nije-nestao-samo-se-vise-ne-zove-kak-se-zvao-prije\\\/#primaryimage\"},\"thumbnailUrl\":\"https:\\\/\\\/radioljubuski.ba\\\/wp-content\\\/uploads\\\/2021\\\/11\\\/3-2021-11-03-07-48-43-6ac815493bcc5c12b0c475bc388e0229_view_article_new.jpg\",\"datePublished\":\"2021-11-03T13:23:14+00:00\",\"dateModified\":\"2021-11-03T13:23:16+00:00\",\"breadcrumb\":{\"@id\":\"https:\\\/\\\/radioljubuski.ba\\\/index.php\\\/2021\\\/11\\\/03\\\/ukrali-mu-grob-dosao-na-groblje-kad-ne-vidi-ga-i-onda-vidim-nije-nestao-samo-se-vise-ne-zove-kak-se-zvao-prije\\\/#breadcrumb\"},\"inLanguage\":\"hr\",\"potentialAction\":[{\"@type\":\"ReadAction\",\"target\":[\"https:\\\/\\\/radioljubuski.ba\\\/index.php\\\/2021\\\/11\\\/03\\\/ukrali-mu-grob-dosao-na-groblje-kad-ne-vidi-ga-i-onda-vidim-nije-nestao-samo-se-vise-ne-zove-kak-se-zvao-prije\\\/\"]}]},{\"@type\":\"ImageObject\",\"inLanguage\":\"hr\",\"@id\":\"https:\\\/\\\/radioljubuski.ba\\\/index.php\\\/2021\\\/11\\\/03\\\/ukrali-mu-grob-dosao-na-groblje-kad-ne-vidi-ga-i-onda-vidim-nije-nestao-samo-se-vise-ne-zove-kak-se-zvao-prije\\\/#primaryimage\",\"url\":\"https:\\\/\\\/radioljubuski.ba\\\/wp-content\\\/uploads\\\/2021\\\/11\\\/3-2021-11-03-07-48-43-6ac815493bcc5c12b0c475bc388e0229_view_article_new.jpg\",\"contentUrl\":\"https:\\\/\\\/radioljubuski.ba\\\/wp-content\\\/uploads\\\/2021\\\/11\\\/3-2021-11-03-07-48-43-6ac815493bcc5c12b0c475bc388e0229_view_article_new.jpg\",\"width\":1000,\"height\":625},{\"@type\":\"BreadcrumbList\",\"@id\":\"https:\\\/\\\/radioljubuski.ba\\\/index.php\\\/2021\\\/11\\\/03\\\/ukrali-mu-grob-dosao-na-groblje-kad-ne-vidi-ga-i-onda-vidim-nije-nestao-samo-se-vise-ne-zove-kak-se-zvao-prije\\\/#breadcrumb\",\"itemListElement\":[{\"@type\":\"ListItem\",\"position\":1,\"name\":\"Po\u010detna stranica\",\"item\":\"https:\\\/\\\/radioljubuski.ba\\\/\"},{\"@type\":\"ListItem\",\"position\":2,\"name\":\"Ukrali mu grob! Do\u0161ao na groblje, kad, ne vidi ga: &#8216;I onda vidim! Nije nestao, samo se vi\u0161e ne zove kak&#8217; se zvao prije&#8217;\"}]},{\"@type\":\"WebSite\",\"@id\":\"https:\\\/\\\/radioljubuski.ba\\\/#website\",\"url\":\"https:\\\/\\\/radioljubuski.ba\\\/\",\"name\":\"Radio Ljubu\u0161ki\",\"description\":\"Sun\u010dana frekvencija Hercegovine\",\"publisher\":{\"@id\":\"https:\\\/\\\/radioljubuski.ba\\\/#organization\"},\"potentialAction\":[{\"@type\":\"SearchAction\",\"target\":{\"@type\":\"EntryPoint\",\"urlTemplate\":\"https:\\\/\\\/radioljubuski.ba\\\/?s={search_term_string}\"},\"query-input\":{\"@type\":\"PropertyValueSpecification\",\"valueRequired\":true,\"valueName\":\"search_term_string\"}}],\"inLanguage\":\"hr\"},{\"@type\":\"Organization\",\"@id\":\"https:\\\/\\\/radioljubuski.ba\\\/#organization\",\"name\":\"Radio Ljubu\u0161ki\",\"url\":\"https:\\\/\\\/radioljubuski.ba\\\/\",\"logo\":{\"@type\":\"ImageObject\",\"inLanguage\":\"hr\",\"@id\":\"https:\\\/\\\/radioljubuski.ba\\\/#\\\/schema\\\/logo\\\/image\\\/\",\"url\":\"https:\\\/\\\/radioljubuski.ba\\\/wp-content\\\/uploads\\\/2021\\\/02\\\/cropped-Radio_Ljubuski_logo1.jpg\",\"contentUrl\":\"https:\\\/\\\/radioljubuski.ba\\\/wp-content\\\/uploads\\\/2021\\\/02\\\/cropped-Radio_Ljubuski_logo1.jpg\",\"width\":512,\"height\":512,\"caption\":\"Radio Ljubu\u0161ki\"},\"image\":{\"@id\":\"https:\\\/\\\/radioljubuski.ba\\\/#\\\/schema\\\/logo\\\/image\\\/\"},\"sameAs\":[\"https:\\\/\\\/www.facebook.com\\\/Radiio-Ljubuski-1490835324566332\",\"https:\\\/\\\/x.com\\\/radioljubuski\",\"https:\\\/\\\/hr.linkedin.com\\\/company\\\/radio-ljubuski\",\"https:\\\/\\\/www.youtube.com\\\/channel\\\/UCHYaeO_n0Db3tjNGudGpXyw\"]},{\"@type\":\"Person\",\"@id\":\"https:\\\/\\\/radioljubuski.ba\\\/#\\\/schema\\\/person\\\/19fc700381a780f69665d7956c469e3b\",\"name\":\"Radio Ljubu\u0161ki\"}]}<\/script>\n<!-- \/ Yoast SEO plugin. -->","yoast_head_json":{"title":"Ukrali mu grob! Do\u0161ao na groblje, kad, ne vidi ga: 'I onda vidim! Nije nestao, samo se vi\u0161e ne zove kak' se zvao prije' - RADIO LJUBU\u0160KI","robots":{"index":"index","follow":"follow","max-snippet":"max-snippet:-1","max-image-preview":"max-image-preview:large","max-video-preview":"max-video-preview:-1"},"canonical":"https:\/\/radioljubuski.ba\/index.php\/2021\/11\/03\/ukrali-mu-grob-dosao-na-groblje-kad-ne-vidi-ga-i-onda-vidim-nije-nestao-samo-se-vise-ne-zove-kak-se-zvao-prije\/","og_locale":"hr_HR","og_type":"article","og_title":"Ukrali mu grob! Do\u0161ao na groblje, kad, ne vidi ga: 'I onda vidim! Nije nestao, samo se vi\u0161e ne zove kak' se zvao prije' - RADIO LJUBU\u0160KI","og_description":"S cvije\u0107em i svije\u0107ama Miljenko je hodao ina\u010de dobro znanim putem, no grob svojih najmilijih nije mogao prona\u0107i, pi\u0161e RTL. Do\u0161ao je na obiteljsku grobnicu i umjesto maj\u010dina ugledao tu\u0111e ime. Dogodilo se to Milijenku Pti\u010daru na zagreba\u010dkom Miro\u0161evcu. \u0160okiran \u0161to mu je netko ukrao grob, njegova se pri\u010da ubrzo pro\u0161irila dru\u0161tvenim mre\u017eama pa su [&hellip;]","og_url":"https:\/\/radioljubuski.ba\/index.php\/2021\/11\/03\/ukrali-mu-grob-dosao-na-groblje-kad-ne-vidi-ga-i-onda-vidim-nije-nestao-samo-se-vise-ne-zove-kak-se-zvao-prije\/","og_site_name":"RADIO LJUBU\u0160KI","article_publisher":"https:\/\/www.facebook.com\/Radiio-Ljubuski-1490835324566332","article_published_time":"2021-11-03T13:23:14+00:00","article_modified_time":"2021-11-03T13:23:16+00:00","og_image":[{"width":1000,"height":625,"url":"https:\/\/radioljubuski.ba\/wp-content\/uploads\/2021\/11\/3-2021-11-03-07-48-43-6ac815493bcc5c12b0c475bc388e0229_view_article_new.jpg","type":"image\/jpeg"}],"author":"Radio Ljubu\u0161ki","twitter_card":"summary_large_image","twitter_creator":"@radioljubuski","twitter_site":"@radioljubuski","twitter_misc":{"Napisao\/la":"Radio Ljubu\u0161ki","Procijenjeno vrijeme \u010ditanja":"1 minuta"},"schema":{"@context":"https:\/\/schema.org","@graph":[{"@type":"Article","@id":"https:\/\/radioljubuski.ba\/index.php\/2021\/11\/03\/ukrali-mu-grob-dosao-na-groblje-kad-ne-vidi-ga-i-onda-vidim-nije-nestao-samo-se-vise-ne-zove-kak-se-zvao-prije\/#article","isPartOf":{"@id":"https:\/\/radioljubuski.ba\/index.php\/2021\/11\/03\/ukrali-mu-grob-dosao-na-groblje-kad-ne-vidi-ga-i-onda-vidim-nije-nestao-samo-se-vise-ne-zove-kak-se-zvao-prije\/"},"author":{"name":"Radio Ljubu\u0161ki","@id":"https:\/\/radioljubuski.ba\/#\/schema\/person\/19fc700381a780f69665d7956c469e3b"},"headline":"Ukrali mu grob! Do\u0161ao na groblje, kad, ne vidi ga: &#8216;I onda vidim! Nije nestao, samo se vi\u0161e ne zove kak&#8217; se zvao prije&#8217;","datePublished":"2021-11-03T13:23:14+00:00","dateModified":"2021-11-03T13:23:16+00:00","mainEntityOfPage":{"@id":"https:\/\/radioljubuski.ba\/index.php\/2021\/11\/03\/ukrali-mu-grob-dosao-na-groblje-kad-ne-vidi-ga-i-onda-vidim-nije-nestao-samo-se-vise-ne-zove-kak-se-zvao-prije\/"},"wordCount":198,"publisher":{"@id":"https:\/\/radioljubuski.ba\/#organization"},"image":{"@id":"https:\/\/radioljubuski.ba\/index.php\/2021\/11\/03\/ukrali-mu-grob-dosao-na-groblje-kad-ne-vidi-ga-i-onda-vidim-nije-nestao-samo-se-vise-ne-zove-kak-se-zvao-prije\/#primaryimage"},"thumbnailUrl":"https:\/\/radioljubuski.ba\/wp-content\/uploads\/2021\/11\/3-2021-11-03-07-48-43-6ac815493bcc5c12b0c475bc388e0229_view_article_new.jpg","articleSection":["BIH i regija"],"inLanguage":"hr"},{"@type":"WebPage","@id":"https:\/\/radioljubuski.ba\/index.php\/2021\/11\/03\/ukrali-mu-grob-dosao-na-groblje-kad-ne-vidi-ga-i-onda-vidim-nije-nestao-samo-se-vise-ne-zove-kak-se-zvao-prije\/","url":"https:\/\/radioljubuski.ba\/index.php\/2021\/11\/03\/ukrali-mu-grob-dosao-na-groblje-kad-ne-vidi-ga-i-onda-vidim-nije-nestao-samo-se-vise-ne-zove-kak-se-zvao-prije\/","name":"Ukrali mu grob! Do\u0161ao na groblje, kad, ne vidi ga: 'I onda vidim! Nije nestao, samo se vi\u0161e ne zove kak' se zvao prije' - RADIO LJUBU\u0160KI","isPartOf":{"@id":"https:\/\/radioljubuski.ba\/#website"},"primaryImageOfPage":{"@id":"https:\/\/radioljubuski.ba\/index.php\/2021\/11\/03\/ukrali-mu-grob-dosao-na-groblje-kad-ne-vidi-ga-i-onda-vidim-nije-nestao-samo-se-vise-ne-zove-kak-se-zvao-prije\/#primaryimage"},"image":{"@id":"https:\/\/radioljubuski.ba\/index.php\/2021\/11\/03\/ukrali-mu-grob-dosao-na-groblje-kad-ne-vidi-ga-i-onda-vidim-nije-nestao-samo-se-vise-ne-zove-kak-se-zvao-prije\/#primaryimage"},"thumbnailUrl":"https:\/\/radioljubuski.ba\/wp-content\/uploads\/2021\/11\/3-2021-11-03-07-48-43-6ac815493bcc5c12b0c475bc388e0229_view_article_new.jpg","datePublished":"2021-11-03T13:23:14+00:00","dateModified":"2021-11-03T13:23:16+00:00","breadcrumb":{"@id":"https:\/\/radioljubuski.ba\/index.php\/2021\/11\/03\/ukrali-mu-grob-dosao-na-groblje-kad-ne-vidi-ga-i-onda-vidim-nije-nestao-samo-se-vise-ne-zove-kak-se-zvao-prije\/#breadcrumb"},"inLanguage":"hr","potentialAction":[{"@type":"ReadAction","target":["https:\/\/radioljubuski.ba\/index.php\/2021\/11\/03\/ukrali-mu-grob-dosao-na-groblje-kad-ne-vidi-ga-i-onda-vidim-nije-nestao-samo-se-vise-ne-zove-kak-se-zvao-prije\/"]}]},{"@type":"ImageObject","inLanguage":"hr","@id":"https:\/\/radioljubuski.ba\/index.php\/2021\/11\/03\/ukrali-mu-grob-dosao-na-groblje-kad-ne-vidi-ga-i-onda-vidim-nije-nestao-samo-se-vise-ne-zove-kak-se-zvao-prije\/#primaryimage","url":"https:\/\/radioljubuski.ba\/wp-content\/uploads\/2021\/11\/3-2021-11-03-07-48-43-6ac815493bcc5c12b0c475bc388e0229_view_article_new.jpg","contentUrl":"https:\/\/radioljubuski.ba\/wp-content\/uploads\/2021\/11\/3-2021-11-03-07-48-43-6ac815493bcc5c12b0c475bc388e0229_view_article_new.jpg","width":1000,"height":625},{"@type":"BreadcrumbList","@id":"https:\/\/radioljubuski.ba\/index.php\/2021\/11\/03\/ukrali-mu-grob-dosao-na-groblje-kad-ne-vidi-ga-i-onda-vidim-nije-nestao-samo-se-vise-ne-zove-kak-se-zvao-prije\/#breadcrumb","itemListElement":[{"@type":"ListItem","position":1,"name":"Po\u010detna stranica","item":"https:\/\/radioljubuski.ba\/"},{"@type":"ListItem","position":2,"name":"Ukrali mu grob! Do\u0161ao na groblje, kad, ne vidi ga: &#8216;I onda vidim! Nije nestao, samo se vi\u0161e ne zove kak&#8217; se zvao prije&#8217;"}]},{"@type":"WebSite","@id":"https:\/\/radioljubuski.ba\/#website","url":"https:\/\/radioljubuski.ba\/","name":"Radio Ljubu\u0161ki","description":"Sun\u010dana frekvencija Hercegovine","publisher":{"@id":"https:\/\/radioljubuski.ba\/#organization"},"potentialAction":[{"@type":"SearchAction","target":{"@type":"EntryPoint","urlTemplate":"https:\/\/radioljubuski.ba\/?s={search_term_string}"},"query-input":{"@type":"PropertyValueSpecification","valueRequired":true,"valueName":"search_term_string"}}],"inLanguage":"hr"},{"@type":"Organization","@id":"https:\/\/radioljubuski.ba\/#organization","name":"Radio Ljubu\u0161ki","url":"https:\/\/radioljubuski.ba\/","logo":{"@type":"ImageObject","inLanguage":"hr","@id":"https:\/\/radioljubuski.ba\/#\/schema\/logo\/image\/","url":"https:\/\/radioljubuski.ba\/wp-content\/uploads\/2021\/02\/cropped-Radio_Ljubuski_logo1.jpg","contentUrl":"https:\/\/radioljubuski.ba\/wp-content\/uploads\/2021\/02\/cropped-Radio_Ljubuski_logo1.jpg","width":512,"height":512,"caption":"Radio Ljubu\u0161ki"},"image":{"@id":"https:\/\/radioljubuski.ba\/#\/schema\/logo\/image\/"},"sameAs":["https:\/\/www.facebook.com\/Radiio-Ljubuski-1490835324566332","https:\/\/x.com\/radioljubuski","https:\/\/hr.linkedin.com\/company\/radio-ljubuski","https:\/\/www.youtube.com\/channel\/UCHYaeO_n0Db3tjNGudGpXyw"]},{"@type":"Person","@id":"https:\/\/radioljubuski.ba\/#\/schema\/person\/19fc700381a780f69665d7956c469e3b","name":"Radio Ljubu\u0161ki"}]}},"_links":{"self":[{"href":"https:\/\/radioljubuski.ba\/index.php\/wp-json\/wp\/v2\/posts\/84492","targetHints":{"allow":["GET"]}}],"collection":[{"href":"https:\/\/radioljubuski.ba\/index.php\/wp-json\/wp\/v2\/posts"}],"about":[{"href":"https:\/\/radioljubuski.ba\/index.php\/wp-json\/wp\/v2\/types\/post"}],"author":[{"embeddable":true,"href":"https:\/\/radioljubuski.ba\/index.php\/wp-json\/wp\/v2\/users\/2"}],"replies":[{"embeddable":true,"href":"https:\/\/radioljubuski.ba\/index.php\/wp-json\/wp\/v2\/comments?post=84492"}],"version-history":[{"count":1,"href":"https:\/\/radioljubuski.ba\/index.php\/wp-json\/wp\/v2\/posts\/84492\/revisions"}],"predecessor-version":[{"id":84494,"href":"https:\/\/radioljubuski.ba\/index.php\/wp-json\/wp\/v2\/posts\/84492\/revisions\/84494"}],"wp:featuredmedia":[{"embeddable":true,"href":"https:\/\/radioljubuski.ba\/index.php\/wp-json\/wp\/v2\/media\/84493"}],"wp:attachment":[{"href":"https:\/\/radioljubuski.ba\/index.php\/wp-json\/wp\/v2\/media?parent=84492"}],"wp:term":[{"taxonomy":"category","embeddable":true,"href":"https:\/\/radioljubuski.ba\/index.php\/wp-json\/wp\/v2\/categories?post=84492"},{"taxonomy":"post_tag","embeddable":true,"href":"https:\/\/radioljubuski.ba\/index.php\/wp-json\/wp\/v2\/tags?post=84492"}],"curies":[{"name":"wp","href":"https:\/\/api.w.org\/{rel}","templated":true}]}}