{"id":84498,"date":"2021-11-03T14:25:58","date_gmt":"2021-11-03T13:25:58","guid":{"rendered":"https:\/\/radioljubuski.ba\/?p=84498"},"modified":"2021-11-03T14:25:58","modified_gmt":"2021-11-03T13:25:58","slug":"slomljeni-otac-u-afganistanu-prodao-9-godisnju-kcer-kako-bi-kupio-hranu-na-oprostaju-zavapio-molim-te-nemoj-ju-tuci","status":"publish","type":"post","link":"https:\/\/radioljubuski.ba\/index.php\/2021\/11\/03\/slomljeni-otac-u-afganistanu-prodao-9-godisnju-kcer-kako-bi-kupio-hranu-na-oprostaju-zavapio-molim-te-nemoj-ju-tuci\/","title":{"rendered":"Slomljeni otac u Afganistanu prodao 9-godi\u0161nju k\u0107er kako bi kupio hranu, na opro\u0161taju zavapio: &#8216;Molim te, nemoj ju tu\u0107i&#8230;&#8217;"},"content":{"rendered":"\n<p>Slomljeni otac u Afganistanu prodao 9-godi\u0161nju k\u0107er kako bi kupio hranu, na opro\u0161taju zavapio: &#8216;Molim te, nemoj ju tu\u0107i&#8230;&#8217;<\/p>\n\n\n\n<p>CNN je objavio potresnu snimku afganistanskog oca, koji je bio prisiljen prodati svoju devetogodi\u0161nju k\u0107er 55-godi\u0161njem mu\u0161karcu kao nevjestu, kako bi mogao kupiti hranu. On je molio novog mu\u017ea svog djeteta da ju ne tu\u010de, pi\u0161e Daily Mail.<\/p>\n\n\n\n<p>Na dan kada je Parwanu (9) odveo njezin 55-godi\u0161nji kupac Qorban, njezin uplakani otac Abdul Malik molio ga je da ne povrijedi svoje dijete. Abdul se slomio dok je rekao Qorbanu: &#8220;Ovo je tvoja nevjesta. Molim te, pazi na nju. Sad si ti odgovoran, molim te, nemoj je tu\u0107i&#8221;.<\/p>\n\n\n\n<iframe loading=\"lazy\" title=\"CNN witnesses 9-year-old being sold for marriage to 55-year-old man\" width=\"640\" height=\"360\" src=\"https:\/\/www.youtube.com\/embed\/e3C8grEN2Fk?feature=oembed\" frameborder=\"0\" allow=\"accelerometer; autoplay; clipboard-write; encrypted-media; gyroscope; picture-in-picture; web-share\" referrerpolicy=\"strict-origin-when-cross-origin\" allowfullscreen><\/iframe>\n\n\n\n<p>Parwanina obitelj rekla je da nije imala izbora i da je me\u0111u brojnim siroma\u0161nim obiteljima koje su prisiljene prodati svoje mlade k\u0107eri u brak kako bi pre\u017eivjele, dok Afganistan sve vi\u0161e tone u humanitarnu krizu.<\/p>\n\n\n\n<p>Jedna djevojka od 10 godina provodi dane pla\u010du\u0107i dok \u010deka dan kada \u0107e je prodati 70-godi\u0161njaku kako bi pomogla svojoj obitelji otplatiti dugove. Jo\u0161 jedna devetero\u010dlana obitelj sprema se prodati svoje \u010detverogodi\u0161nje i devetogodi\u0161nje k\u0107eri kako bi imala dovoljno novca za hranu.<\/p>\n\n\n\n<p>Gospodarstvo u kolapsu, posljedice osje\u0107aju obitelji<br>Otkako su talibani preuzeli Afganistan u kolovozu, gospodarstvo zemlje je na rubu kolapsa, a me\u0111unarodna humanitarna pomo\u0107 je stavljena na \u010dekanje \u2013 a posljedice duboko osje\u0107aju obitelji poput Parwane koje ne mogu kupiti osnovne proizvode poput hrane.<\/p>\n\n\n\n<p>Abdul je prije nekoliko mjeseci bio prisiljen prodati Parwaninu 12-godi\u0161nju sestru kako bi pomogao svojoj obitelji da pre\u017eivi.<\/p>\n\n\n\n<p>&#8220;Otac me prodao jer nemamo kruha, ri\u017ee ili bra\u0161na. Prodao me starcu&#8221;, rekla je devetogodi\u0161nja djevoj\u010dica. Njezin otac Abdul rekao je da je slomljen od krivnje zbog prodaje k\u0107eri i da ne mo\u017ee spavati no\u0107u.<\/p>\n\n\n\n<p>On je za CNN rekao da je bezuspje\u0161no tra\u017eio posao i da je posudio novac od rodbine &#8211; dok je njegova supruga \u010dak molila druge stanovnike kampa za hranu &#8211; ali ni\u0161ta nije uspjelo.<\/p>\n\n\n\n<p>Prodaju i mla\u0111u djecu<br>Jo\u0161 jedna devetero\u010dlana obitelj u provinciji Ghor prodaje svoje \u010detverogodi\u0161nje i devetogodi\u0161nje k\u0107eri jer njihov otac invalid nije sposoban za rad. Rekao je za CNN da \u0107e djevojke prodati 800 funti za svaku. Zaiton, \u010detverogodi\u0161nja k\u0107i, rekla je da razumije za\u0161to se mora prodati.<\/p>\n\n\n\n<p>&#8220;Zato \u0161to smo siroma\u0161na obitelj i nemamo hrane za jelo&#8221;. Njezina baka Rokshana je izbezumljena. &#8220;Ako imamo hrane i ima tko da nam pomogne, to nikada ne bismo u\u010dinili. Nemamo izbora&#8221;, kazala je.<\/p>\n\n\n\n<p>&#8220;Iz dana u dan raste broj obitelji koje prodaju svoju djecu&#8221;, rekao je za CNN Mohammad Naiem Nazem, aktivist za ljudska prava u Badghisu. &#8220;Nedostatak hrane, nedostatak posla, obitelji smatraju da to moraju u\u010diniti&#8221;, prenosi <a href=\"https:\/\/net.hr\/danas\/svijet\/otac-prodao-9-godisnju-kcer-55-godisnjaku-kako-bi-mogao-prehraniti-obitelj-b5b9248c-3c06-11ec-8d11-56192db521b7\">NET.HR<\/a>.<\/p>\n\n\n\n<p>Izvor:net.hr<\/p>\n","protected":false},"excerpt":{"rendered":"<p>Slomljeni otac u Afganistanu prodao 9-godi\u0161nju k\u0107er kako bi kupio hranu, na opro\u0161taju zavapio: &#8216;Molim te, nemoj ju tu\u0107i&#8230;&#8217; CNN je objavio potresnu snimku afganistanskog oca, koji je bio prisiljen prodati svoju devetogodi\u0161nju k\u0107er 55-godi\u0161njem mu\u0161karcu kao nevjestu, kako bi mogao kupiti hranu. On je molio novog mu\u017ea svog djeteta da ju ne tu\u010de, pi\u0161e [&hellip;]<\/p>\n","protected":false},"author":2,"featured_media":84499,"comment_status":"closed","ping_status":"closed","sticky":false,"template":"","format":"standard","meta":{"h5ap_radio_sources":[],"footnotes":""},"categories":[1],"tags":[],"class_list":["post-84498","post","type-post","status-publish","format-standard","has-post-thumbnail","hentry","category-bihiregija"],"yoast_head":"<!-- This site is optimized with the Yoast SEO plugin v27.5 - https:\/\/yoast.com\/product\/yoast-seo-wordpress\/ -->\n<title>Slomljeni otac u Afganistanu prodao 9-godi\u0161nju k\u0107er kako bi kupio hranu, na opro\u0161taju zavapio: &#039;Molim te, nemoj ju tu\u0107i...&#039; - RADIO LJUBU\u0160KI<\/title>\n<meta name=\"robots\" content=\"index, follow, max-snippet:-1, max-image-preview:large, max-video-preview:-1\" \/>\n<link rel=\"canonical\" href=\"https:\/\/radioljubuski.ba\/index.php\/2021\/11\/03\/slomljeni-otac-u-afganistanu-prodao-9-godisnju-kcer-kako-bi-kupio-hranu-na-oprostaju-zavapio-molim-te-nemoj-ju-tuci\/\" \/>\n<meta property=\"og:locale\" content=\"hr_HR\" \/>\n<meta property=\"og:type\" content=\"article\" \/>\n<meta property=\"og:title\" content=\"Slomljeni otac u Afganistanu prodao 9-godi\u0161nju k\u0107er kako bi kupio hranu, na opro\u0161taju zavapio: &#039;Molim te, nemoj ju tu\u0107i...&#039; - RADIO LJUBU\u0160KI\" \/>\n<meta property=\"og:description\" content=\"Slomljeni otac u Afganistanu prodao 9-godi\u0161nju k\u0107er kako bi kupio hranu, na opro\u0161taju zavapio: &#8216;Molim te, nemoj ju tu\u0107i&#8230;&#8217; CNN je objavio potresnu snimku afganistanskog oca, koji je bio prisiljen prodati svoju devetogodi\u0161nju k\u0107er 55-godi\u0161njem mu\u0161karcu kao nevjestu, kako bi mogao kupiti hranu. On je molio novog mu\u017ea svog djeteta da ju ne tu\u010de, pi\u0161e [&hellip;]\" \/>\n<meta property=\"og:url\" content=\"https:\/\/radioljubuski.ba\/index.php\/2021\/11\/03\/slomljeni-otac-u-afganistanu-prodao-9-godisnju-kcer-kako-bi-kupio-hranu-na-oprostaju-zavapio-molim-te-nemoj-ju-tuci\/\" \/>\n<meta property=\"og:site_name\" content=\"RADIO LJUBU\u0160KI\" \/>\n<meta property=\"article:publisher\" content=\"https:\/\/www.facebook.com\/Radiio-Ljubuski-1490835324566332\" \/>\n<meta property=\"article:published_time\" content=\"2021-11-03T13:25:58+00:00\" \/>\n<meta property=\"og:image\" content=\"https:\/\/radioljubuski.ba\/wp-content\/uploads\/2021\/11\/3-2021-11-03-08-10-30-afganistan.png\" \/>\n\t<meta property=\"og:image:width\" content=\"1000\" \/>\n\t<meta property=\"og:image:height\" content=\"625\" \/>\n\t<meta property=\"og:image:type\" content=\"image\/png\" \/>\n<meta name=\"author\" content=\"Radio Ljubu\u0161ki\" \/>\n<meta name=\"twitter:card\" content=\"summary_large_image\" \/>\n<meta name=\"twitter:creator\" content=\"@radioljubuski\" \/>\n<meta name=\"twitter:site\" content=\"@radioljubuski\" \/>\n<meta name=\"twitter:label1\" content=\"Napisao\/la\" \/>\n\t<meta name=\"twitter:data1\" content=\"Radio Ljubu\u0161ki\" \/>\n\t<meta name=\"twitter:label2\" content=\"Procijenjeno vrijeme \u010ditanja\" \/>\n\t<meta name=\"twitter:data2\" content=\"2 minute\" \/>\n<script type=\"application\/ld+json\" class=\"yoast-schema-graph\">{\"@context\":\"https:\\\/\\\/schema.org\",\"@graph\":[{\"@type\":\"Article\",\"@id\":\"https:\\\/\\\/radioljubuski.ba\\\/index.php\\\/2021\\\/11\\\/03\\\/slomljeni-otac-u-afganistanu-prodao-9-godisnju-kcer-kako-bi-kupio-hranu-na-oprostaju-zavapio-molim-te-nemoj-ju-tuci\\\/#article\",\"isPartOf\":{\"@id\":\"https:\\\/\\\/radioljubuski.ba\\\/index.php\\\/2021\\\/11\\\/03\\\/slomljeni-otac-u-afganistanu-prodao-9-godisnju-kcer-kako-bi-kupio-hranu-na-oprostaju-zavapio-molim-te-nemoj-ju-tuci\\\/\"},\"author\":{\"name\":\"Radio Ljubu\u0161ki\",\"@id\":\"https:\\\/\\\/radioljubuski.ba\\\/#\\\/schema\\\/person\\\/19fc700381a780f69665d7956c469e3b\"},\"headline\":\"Slomljeni otac u Afganistanu prodao 9-godi\u0161nju k\u0107er kako bi kupio hranu, na opro\u0161taju zavapio: &#8216;Molim te, nemoj ju tu\u0107i&#8230;&#8217;\",\"datePublished\":\"2021-11-03T13:25:58+00:00\",\"mainEntityOfPage\":{\"@id\":\"https:\\\/\\\/radioljubuski.ba\\\/index.php\\\/2021\\\/11\\\/03\\\/slomljeni-otac-u-afganistanu-prodao-9-godisnju-kcer-kako-bi-kupio-hranu-na-oprostaju-zavapio-molim-te-nemoj-ju-tuci\\\/\"},\"wordCount\":512,\"publisher\":{\"@id\":\"https:\\\/\\\/radioljubuski.ba\\\/#organization\"},\"image\":{\"@id\":\"https:\\\/\\\/radioljubuski.ba\\\/index.php\\\/2021\\\/11\\\/03\\\/slomljeni-otac-u-afganistanu-prodao-9-godisnju-kcer-kako-bi-kupio-hranu-na-oprostaju-zavapio-molim-te-nemoj-ju-tuci\\\/#primaryimage\"},\"thumbnailUrl\":\"https:\\\/\\\/radioljubuski.ba\\\/wp-content\\\/uploads\\\/2021\\\/11\\\/3-2021-11-03-08-10-30-afganistan.png\",\"articleSection\":[\"BIH i regija\"],\"inLanguage\":\"hr\"},{\"@type\":\"WebPage\",\"@id\":\"https:\\\/\\\/radioljubuski.ba\\\/index.php\\\/2021\\\/11\\\/03\\\/slomljeni-otac-u-afganistanu-prodao-9-godisnju-kcer-kako-bi-kupio-hranu-na-oprostaju-zavapio-molim-te-nemoj-ju-tuci\\\/\",\"url\":\"https:\\\/\\\/radioljubuski.ba\\\/index.php\\\/2021\\\/11\\\/03\\\/slomljeni-otac-u-afganistanu-prodao-9-godisnju-kcer-kako-bi-kupio-hranu-na-oprostaju-zavapio-molim-te-nemoj-ju-tuci\\\/\",\"name\":\"Slomljeni otac u Afganistanu prodao 9-godi\u0161nju k\u0107er kako bi kupio hranu, na opro\u0161taju zavapio: 'Molim te, nemoj ju tu\u0107i...' - RADIO LJUBU\u0160KI\",\"isPartOf\":{\"@id\":\"https:\\\/\\\/radioljubuski.ba\\\/#website\"},\"primaryImageOfPage\":{\"@id\":\"https:\\\/\\\/radioljubuski.ba\\\/index.php\\\/2021\\\/11\\\/03\\\/slomljeni-otac-u-afganistanu-prodao-9-godisnju-kcer-kako-bi-kupio-hranu-na-oprostaju-zavapio-molim-te-nemoj-ju-tuci\\\/#primaryimage\"},\"image\":{\"@id\":\"https:\\\/\\\/radioljubuski.ba\\\/index.php\\\/2021\\\/11\\\/03\\\/slomljeni-otac-u-afganistanu-prodao-9-godisnju-kcer-kako-bi-kupio-hranu-na-oprostaju-zavapio-molim-te-nemoj-ju-tuci\\\/#primaryimage\"},\"thumbnailUrl\":\"https:\\\/\\\/radioljubuski.ba\\\/wp-content\\\/uploads\\\/2021\\\/11\\\/3-2021-11-03-08-10-30-afganistan.png\",\"datePublished\":\"2021-11-03T13:25:58+00:00\",\"breadcrumb\":{\"@id\":\"https:\\\/\\\/radioljubuski.ba\\\/index.php\\\/2021\\\/11\\\/03\\\/slomljeni-otac-u-afganistanu-prodao-9-godisnju-kcer-kako-bi-kupio-hranu-na-oprostaju-zavapio-molim-te-nemoj-ju-tuci\\\/#breadcrumb\"},\"inLanguage\":\"hr\",\"potentialAction\":[{\"@type\":\"ReadAction\",\"target\":[\"https:\\\/\\\/radioljubuski.ba\\\/index.php\\\/2021\\\/11\\\/03\\\/slomljeni-otac-u-afganistanu-prodao-9-godisnju-kcer-kako-bi-kupio-hranu-na-oprostaju-zavapio-molim-te-nemoj-ju-tuci\\\/\"]}]},{\"@type\":\"ImageObject\",\"inLanguage\":\"hr\",\"@id\":\"https:\\\/\\\/radioljubuski.ba\\\/index.php\\\/2021\\\/11\\\/03\\\/slomljeni-otac-u-afganistanu-prodao-9-godisnju-kcer-kako-bi-kupio-hranu-na-oprostaju-zavapio-molim-te-nemoj-ju-tuci\\\/#primaryimage\",\"url\":\"https:\\\/\\\/radioljubuski.ba\\\/wp-content\\\/uploads\\\/2021\\\/11\\\/3-2021-11-03-08-10-30-afganistan.png\",\"contentUrl\":\"https:\\\/\\\/radioljubuski.ba\\\/wp-content\\\/uploads\\\/2021\\\/11\\\/3-2021-11-03-08-10-30-afganistan.png\",\"width\":1000,\"height\":625},{\"@type\":\"BreadcrumbList\",\"@id\":\"https:\\\/\\\/radioljubuski.ba\\\/index.php\\\/2021\\\/11\\\/03\\\/slomljeni-otac-u-afganistanu-prodao-9-godisnju-kcer-kako-bi-kupio-hranu-na-oprostaju-zavapio-molim-te-nemoj-ju-tuci\\\/#breadcrumb\",\"itemListElement\":[{\"@type\":\"ListItem\",\"position\":1,\"name\":\"Po\u010detna stranica\",\"item\":\"https:\\\/\\\/radioljubuski.ba\\\/\"},{\"@type\":\"ListItem\",\"position\":2,\"name\":\"Slomljeni otac u Afganistanu prodao 9-godi\u0161nju k\u0107er kako bi kupio hranu, na opro\u0161taju zavapio: &#8216;Molim te, nemoj ju tu\u0107i&#8230;&#8217;\"}]},{\"@type\":\"WebSite\",\"@id\":\"https:\\\/\\\/radioljubuski.ba\\\/#website\",\"url\":\"https:\\\/\\\/radioljubuski.ba\\\/\",\"name\":\"Radio Ljubu\u0161ki\",\"description\":\"Sun\u010dana frekvencija Hercegovine\",\"publisher\":{\"@id\":\"https:\\\/\\\/radioljubuski.ba\\\/#organization\"},\"potentialAction\":[{\"@type\":\"SearchAction\",\"target\":{\"@type\":\"EntryPoint\",\"urlTemplate\":\"https:\\\/\\\/radioljubuski.ba\\\/?s={search_term_string}\"},\"query-input\":{\"@type\":\"PropertyValueSpecification\",\"valueRequired\":true,\"valueName\":\"search_term_string\"}}],\"inLanguage\":\"hr\"},{\"@type\":\"Organization\",\"@id\":\"https:\\\/\\\/radioljubuski.ba\\\/#organization\",\"name\":\"Radio Ljubu\u0161ki\",\"url\":\"https:\\\/\\\/radioljubuski.ba\\\/\",\"logo\":{\"@type\":\"ImageObject\",\"inLanguage\":\"hr\",\"@id\":\"https:\\\/\\\/radioljubuski.ba\\\/#\\\/schema\\\/logo\\\/image\\\/\",\"url\":\"https:\\\/\\\/radioljubuski.ba\\\/wp-content\\\/uploads\\\/2021\\\/02\\\/cropped-Radio_Ljubuski_logo1.jpg\",\"contentUrl\":\"https:\\\/\\\/radioljubuski.ba\\\/wp-content\\\/uploads\\\/2021\\\/02\\\/cropped-Radio_Ljubuski_logo1.jpg\",\"width\":512,\"height\":512,\"caption\":\"Radio Ljubu\u0161ki\"},\"image\":{\"@id\":\"https:\\\/\\\/radioljubuski.ba\\\/#\\\/schema\\\/logo\\\/image\\\/\"},\"sameAs\":[\"https:\\\/\\\/www.facebook.com\\\/Radiio-Ljubuski-1490835324566332\",\"https:\\\/\\\/x.com\\\/radioljubuski\",\"https:\\\/\\\/hr.linkedin.com\\\/company\\\/radio-ljubuski\",\"https:\\\/\\\/www.youtube.com\\\/channel\\\/UCHYaeO_n0Db3tjNGudGpXyw\"]},{\"@type\":\"Person\",\"@id\":\"https:\\\/\\\/radioljubuski.ba\\\/#\\\/schema\\\/person\\\/19fc700381a780f69665d7956c469e3b\",\"name\":\"Radio Ljubu\u0161ki\"}]}<\/script>\n<!-- \/ Yoast SEO plugin. -->","yoast_head_json":{"title":"Slomljeni otac u Afganistanu prodao 9-godi\u0161nju k\u0107er kako bi kupio hranu, na opro\u0161taju zavapio: 'Molim te, nemoj ju tu\u0107i...' - RADIO LJUBU\u0160KI","robots":{"index":"index","follow":"follow","max-snippet":"max-snippet:-1","max-image-preview":"max-image-preview:large","max-video-preview":"max-video-preview:-1"},"canonical":"https:\/\/radioljubuski.ba\/index.php\/2021\/11\/03\/slomljeni-otac-u-afganistanu-prodao-9-godisnju-kcer-kako-bi-kupio-hranu-na-oprostaju-zavapio-molim-te-nemoj-ju-tuci\/","og_locale":"hr_HR","og_type":"article","og_title":"Slomljeni otac u Afganistanu prodao 9-godi\u0161nju k\u0107er kako bi kupio hranu, na opro\u0161taju zavapio: 'Molim te, nemoj ju tu\u0107i...' - RADIO LJUBU\u0160KI","og_description":"Slomljeni otac u Afganistanu prodao 9-godi\u0161nju k\u0107er kako bi kupio hranu, na opro\u0161taju zavapio: &#8216;Molim te, nemoj ju tu\u0107i&#8230;&#8217; CNN je objavio potresnu snimku afganistanskog oca, koji je bio prisiljen prodati svoju devetogodi\u0161nju k\u0107er 55-godi\u0161njem mu\u0161karcu kao nevjestu, kako bi mogao kupiti hranu. On je molio novog mu\u017ea svog djeteta da ju ne tu\u010de, pi\u0161e [&hellip;]","og_url":"https:\/\/radioljubuski.ba\/index.php\/2021\/11\/03\/slomljeni-otac-u-afganistanu-prodao-9-godisnju-kcer-kako-bi-kupio-hranu-na-oprostaju-zavapio-molim-te-nemoj-ju-tuci\/","og_site_name":"RADIO LJUBU\u0160KI","article_publisher":"https:\/\/www.facebook.com\/Radiio-Ljubuski-1490835324566332","article_published_time":"2021-11-03T13:25:58+00:00","og_image":[{"width":1000,"height":625,"url":"https:\/\/radioljubuski.ba\/wp-content\/uploads\/2021\/11\/3-2021-11-03-08-10-30-afganistan.png","type":"image\/png"}],"author":"Radio Ljubu\u0161ki","twitter_card":"summary_large_image","twitter_creator":"@radioljubuski","twitter_site":"@radioljubuski","twitter_misc":{"Napisao\/la":"Radio Ljubu\u0161ki","Procijenjeno vrijeme \u010ditanja":"2 minute"},"schema":{"@context":"https:\/\/schema.org","@graph":[{"@type":"Article","@id":"https:\/\/radioljubuski.ba\/index.php\/2021\/11\/03\/slomljeni-otac-u-afganistanu-prodao-9-godisnju-kcer-kako-bi-kupio-hranu-na-oprostaju-zavapio-molim-te-nemoj-ju-tuci\/#article","isPartOf":{"@id":"https:\/\/radioljubuski.ba\/index.php\/2021\/11\/03\/slomljeni-otac-u-afganistanu-prodao-9-godisnju-kcer-kako-bi-kupio-hranu-na-oprostaju-zavapio-molim-te-nemoj-ju-tuci\/"},"author":{"name":"Radio Ljubu\u0161ki","@id":"https:\/\/radioljubuski.ba\/#\/schema\/person\/19fc700381a780f69665d7956c469e3b"},"headline":"Slomljeni otac u Afganistanu prodao 9-godi\u0161nju k\u0107er kako bi kupio hranu, na opro\u0161taju zavapio: &#8216;Molim te, nemoj ju tu\u0107i&#8230;&#8217;","datePublished":"2021-11-03T13:25:58+00:00","mainEntityOfPage":{"@id":"https:\/\/radioljubuski.ba\/index.php\/2021\/11\/03\/slomljeni-otac-u-afganistanu-prodao-9-godisnju-kcer-kako-bi-kupio-hranu-na-oprostaju-zavapio-molim-te-nemoj-ju-tuci\/"},"wordCount":512,"publisher":{"@id":"https:\/\/radioljubuski.ba\/#organization"},"image":{"@id":"https:\/\/radioljubuski.ba\/index.php\/2021\/11\/03\/slomljeni-otac-u-afganistanu-prodao-9-godisnju-kcer-kako-bi-kupio-hranu-na-oprostaju-zavapio-molim-te-nemoj-ju-tuci\/#primaryimage"},"thumbnailUrl":"https:\/\/radioljubuski.ba\/wp-content\/uploads\/2021\/11\/3-2021-11-03-08-10-30-afganistan.png","articleSection":["BIH i regija"],"inLanguage":"hr"},{"@type":"WebPage","@id":"https:\/\/radioljubuski.ba\/index.php\/2021\/11\/03\/slomljeni-otac-u-afganistanu-prodao-9-godisnju-kcer-kako-bi-kupio-hranu-na-oprostaju-zavapio-molim-te-nemoj-ju-tuci\/","url":"https:\/\/radioljubuski.ba\/index.php\/2021\/11\/03\/slomljeni-otac-u-afganistanu-prodao-9-godisnju-kcer-kako-bi-kupio-hranu-na-oprostaju-zavapio-molim-te-nemoj-ju-tuci\/","name":"Slomljeni otac u Afganistanu prodao 9-godi\u0161nju k\u0107er kako bi kupio hranu, na opro\u0161taju zavapio: 'Molim te, nemoj ju tu\u0107i...' - RADIO LJUBU\u0160KI","isPartOf":{"@id":"https:\/\/radioljubuski.ba\/#website"},"primaryImageOfPage":{"@id":"https:\/\/radioljubuski.ba\/index.php\/2021\/11\/03\/slomljeni-otac-u-afganistanu-prodao-9-godisnju-kcer-kako-bi-kupio-hranu-na-oprostaju-zavapio-molim-te-nemoj-ju-tuci\/#primaryimage"},"image":{"@id":"https:\/\/radioljubuski.ba\/index.php\/2021\/11\/03\/slomljeni-otac-u-afganistanu-prodao-9-godisnju-kcer-kako-bi-kupio-hranu-na-oprostaju-zavapio-molim-te-nemoj-ju-tuci\/#primaryimage"},"thumbnailUrl":"https:\/\/radioljubuski.ba\/wp-content\/uploads\/2021\/11\/3-2021-11-03-08-10-30-afganistan.png","datePublished":"2021-11-03T13:25:58+00:00","breadcrumb":{"@id":"https:\/\/radioljubuski.ba\/index.php\/2021\/11\/03\/slomljeni-otac-u-afganistanu-prodao-9-godisnju-kcer-kako-bi-kupio-hranu-na-oprostaju-zavapio-molim-te-nemoj-ju-tuci\/#breadcrumb"},"inLanguage":"hr","potentialAction":[{"@type":"ReadAction","target":["https:\/\/radioljubuski.ba\/index.php\/2021\/11\/03\/slomljeni-otac-u-afganistanu-prodao-9-godisnju-kcer-kako-bi-kupio-hranu-na-oprostaju-zavapio-molim-te-nemoj-ju-tuci\/"]}]},{"@type":"ImageObject","inLanguage":"hr","@id":"https:\/\/radioljubuski.ba\/index.php\/2021\/11\/03\/slomljeni-otac-u-afganistanu-prodao-9-godisnju-kcer-kako-bi-kupio-hranu-na-oprostaju-zavapio-molim-te-nemoj-ju-tuci\/#primaryimage","url":"https:\/\/radioljubuski.ba\/wp-content\/uploads\/2021\/11\/3-2021-11-03-08-10-30-afganistan.png","contentUrl":"https:\/\/radioljubuski.ba\/wp-content\/uploads\/2021\/11\/3-2021-11-03-08-10-30-afganistan.png","width":1000,"height":625},{"@type":"BreadcrumbList","@id":"https:\/\/radioljubuski.ba\/index.php\/2021\/11\/03\/slomljeni-otac-u-afganistanu-prodao-9-godisnju-kcer-kako-bi-kupio-hranu-na-oprostaju-zavapio-molim-te-nemoj-ju-tuci\/#breadcrumb","itemListElement":[{"@type":"ListItem","position":1,"name":"Po\u010detna stranica","item":"https:\/\/radioljubuski.ba\/"},{"@type":"ListItem","position":2,"name":"Slomljeni otac u Afganistanu prodao 9-godi\u0161nju k\u0107er kako bi kupio hranu, na opro\u0161taju zavapio: &#8216;Molim te, nemoj ju tu\u0107i&#8230;&#8217;"}]},{"@type":"WebSite","@id":"https:\/\/radioljubuski.ba\/#website","url":"https:\/\/radioljubuski.ba\/","name":"Radio Ljubu\u0161ki","description":"Sun\u010dana frekvencija Hercegovine","publisher":{"@id":"https:\/\/radioljubuski.ba\/#organization"},"potentialAction":[{"@type":"SearchAction","target":{"@type":"EntryPoint","urlTemplate":"https:\/\/radioljubuski.ba\/?s={search_term_string}"},"query-input":{"@type":"PropertyValueSpecification","valueRequired":true,"valueName":"search_term_string"}}],"inLanguage":"hr"},{"@type":"Organization","@id":"https:\/\/radioljubuski.ba\/#organization","name":"Radio Ljubu\u0161ki","url":"https:\/\/radioljubuski.ba\/","logo":{"@type":"ImageObject","inLanguage":"hr","@id":"https:\/\/radioljubuski.ba\/#\/schema\/logo\/image\/","url":"https:\/\/radioljubuski.ba\/wp-content\/uploads\/2021\/02\/cropped-Radio_Ljubuski_logo1.jpg","contentUrl":"https:\/\/radioljubuski.ba\/wp-content\/uploads\/2021\/02\/cropped-Radio_Ljubuski_logo1.jpg","width":512,"height":512,"caption":"Radio Ljubu\u0161ki"},"image":{"@id":"https:\/\/radioljubuski.ba\/#\/schema\/logo\/image\/"},"sameAs":["https:\/\/www.facebook.com\/Radiio-Ljubuski-1490835324566332","https:\/\/x.com\/radioljubuski","https:\/\/hr.linkedin.com\/company\/radio-ljubuski","https:\/\/www.youtube.com\/channel\/UCHYaeO_n0Db3tjNGudGpXyw"]},{"@type":"Person","@id":"https:\/\/radioljubuski.ba\/#\/schema\/person\/19fc700381a780f69665d7956c469e3b","name":"Radio Ljubu\u0161ki"}]}},"_links":{"self":[{"href":"https:\/\/radioljubuski.ba\/index.php\/wp-json\/wp\/v2\/posts\/84498","targetHints":{"allow":["GET"]}}],"collection":[{"href":"https:\/\/radioljubuski.ba\/index.php\/wp-json\/wp\/v2\/posts"}],"about":[{"href":"https:\/\/radioljubuski.ba\/index.php\/wp-json\/wp\/v2\/types\/post"}],"author":[{"embeddable":true,"href":"https:\/\/radioljubuski.ba\/index.php\/wp-json\/wp\/v2\/users\/2"}],"replies":[{"embeddable":true,"href":"https:\/\/radioljubuski.ba\/index.php\/wp-json\/wp\/v2\/comments?post=84498"}],"version-history":[{"count":1,"href":"https:\/\/radioljubuski.ba\/index.php\/wp-json\/wp\/v2\/posts\/84498\/revisions"}],"predecessor-version":[{"id":84500,"href":"https:\/\/radioljubuski.ba\/index.php\/wp-json\/wp\/v2\/posts\/84498\/revisions\/84500"}],"wp:featuredmedia":[{"embeddable":true,"href":"https:\/\/radioljubuski.ba\/index.php\/wp-json\/wp\/v2\/media\/84499"}],"wp:attachment":[{"href":"https:\/\/radioljubuski.ba\/index.php\/wp-json\/wp\/v2\/media?parent=84498"}],"wp:term":[{"taxonomy":"category","embeddable":true,"href":"https:\/\/radioljubuski.ba\/index.php\/wp-json\/wp\/v2\/categories?post=84498"},{"taxonomy":"post_tag","embeddable":true,"href":"https:\/\/radioljubuski.ba\/index.php\/wp-json\/wp\/v2\/tags?post=84498"}],"curies":[{"name":"wp","href":"https:\/\/api.w.org\/{rel}","templated":true}]}}