{"id":84506,"date":"2021-11-03T14:30:10","date_gmt":"2021-11-03T13:30:10","guid":{"rendered":"https:\/\/radioljubuski.ba\/?p=84506"},"modified":"2021-11-03T14:30:10","modified_gmt":"2021-11-03T13:30:10","slug":"iz-ramskog-jezera-izranjaju-ostaci-sela-video","status":"publish","type":"post","link":"https:\/\/radioljubuski.ba\/index.php\/2021\/11\/03\/iz-ramskog-jezera-izranjaju-ostaci-sela-video\/","title":{"rendered":"Iz Ramskog jezera izranjaju ostaci sela &#8211; video"},"content":{"rendered":"\n<p>Svakih nekoliko godina, zbog hidrolo\u0161kih prilika i pove\u0107ane proizvodnje el. energije, dolazi do povla\u010denja razine Ramskog jezera i izranjanja ostataka obiteljskih ku\u0107a i vjerskih objekata.<\/p>\n\n\n\n<p>Nakon dugog, vru\u0107eg i su\u0161nog ljeta, i jesen 2021. prili\u010dno je oskudna u pogledu koli\u010dine padalina, \u0161to se najbolje vidi po razini vode u jezeru, pi\u0161e <a href=\"https:\/\/www.rama-prozor.info\/clanak\/video-foto-iz-ramskog-jezera-izranjaju-ostaci-sela\/69755\" target=\"_blank\" rel=\"noreferrer noopener\">Rama-prozor.info.<\/a><\/p>\n\n\n\n<p>Ovih dana, zbog povla\u010denja vode, u selu Kop\u010di\u0107i vidljivi su ostaci sela, put koji je, s obzirom na sve i nakon 53 godine u vrlo dobrom stanju. Ono \u0161to je vidljivo iz daljine, jesu ostaci stare d\u017eamije koja je sada nijemi svjedok jednog vremena.<\/p>\n\n\n\n<iframe loading=\"lazy\" title=\"Kop\u010di\u0107i - Ramsko jezero \/ jesen 2021.\" width=\"640\" height=\"360\" src=\"https:\/\/www.youtube.com\/embed\/56eOpLfc2Qs?feature=oembed\" frameborder=\"0\" allow=\"accelerometer; autoplay; clipboard-write; encrypted-media; gyroscope; picture-in-picture; web-share\" referrerpolicy=\"strict-origin-when-cross-origin\" allowfullscreen><\/iframe>\n\n\n\n<p>Za sve one koji bi \u017eeljeli barem na trenutak se vratiti u pro\u0161lost, prisjetiti se nekih drugih vremena i ljudi, a nisu u mogu\u0107nosti, u videoprilogu snimanom nekoliko zadnjih dana, dajemo mogu\u0107nost da to u\u010dine bez ikakvog napora, opreme i blata\u2026<\/p>\n\n\n\n<p>Izvor:rama-prozor.info<\/p>\n","protected":false},"excerpt":{"rendered":"<p>Svakih nekoliko godina, zbog hidrolo\u0161kih prilika i pove\u0107ane proizvodnje el. energije, dolazi do povla\u010denja razine Ramskog jezera i izranjanja ostataka obiteljskih ku\u0107a i vjerskih objekata. Nakon dugog, vru\u0107eg i su\u0161nog ljeta, i jesen 2021. prili\u010dno je oskudna u pogledu koli\u010dine padalina, \u0161to se najbolje vidi po razini vode u jezeru, pi\u0161e Rama-prozor.info. Ovih dana, zbog [&hellip;]<\/p>\n","protected":false},"author":2,"featured_media":84507,"comment_status":"closed","ping_status":"closed","sticky":false,"template":"","format":"standard","meta":{"h5ap_radio_sources":[],"footnotes":""},"categories":[1],"tags":[],"class_list":["post-84506","post","type-post","status-publish","format-standard","has-post-thumbnail","hentry","category-bihiregija"],"yoast_head":"<!-- This site is optimized with the Yoast SEO plugin v27.5 - https:\/\/yoast.com\/product\/yoast-seo-wordpress\/ -->\n<title>Iz Ramskog jezera izranjaju ostaci sela - video - RADIO LJUBU\u0160KI<\/title>\n<meta name=\"robots\" content=\"index, follow, max-snippet:-1, max-image-preview:large, max-video-preview:-1\" \/>\n<link rel=\"canonical\" href=\"https:\/\/radioljubuski.ba\/index.php\/2021\/11\/03\/iz-ramskog-jezera-izranjaju-ostaci-sela-video\/\" \/>\n<meta property=\"og:locale\" content=\"hr_HR\" \/>\n<meta property=\"og:type\" content=\"article\" \/>\n<meta property=\"og:title\" content=\"Iz Ramskog jezera izranjaju ostaci sela - video - RADIO LJUBU\u0160KI\" \/>\n<meta property=\"og:description\" content=\"Svakih nekoliko godina, zbog hidrolo\u0161kih prilika i pove\u0107ane proizvodnje el. energije, dolazi do povla\u010denja razine Ramskog jezera i izranjanja ostataka obiteljskih ku\u0107a i vjerskih objekata. Nakon dugog, vru\u0107eg i su\u0161nog ljeta, i jesen 2021. prili\u010dno je oskudna u pogledu koli\u010dine padalina, \u0161to se najbolje vidi po razini vode u jezeru, pi\u0161e Rama-prozor.info. Ovih dana, zbog [&hellip;]\" \/>\n<meta property=\"og:url\" content=\"https:\/\/radioljubuski.ba\/index.php\/2021\/11\/03\/iz-ramskog-jezera-izranjaju-ostaci-sela-video\/\" \/>\n<meta property=\"og:site_name\" content=\"RADIO LJUBU\u0160KI\" \/>\n<meta property=\"article:publisher\" content=\"https:\/\/www.facebook.com\/Radiio-Ljubuski-1490835324566332\" \/>\n<meta property=\"article:published_time\" content=\"2021-11-03T13:30:10+00:00\" \/>\n<meta property=\"og:image\" content=\"https:\/\/radioljubuski.ba\/wp-content\/uploads\/2021\/11\/8-2021-11-03-08-41-40-KOPCICI-RAMA.jpg\" \/>\n\t<meta property=\"og:image:width\" content=\"1000\" \/>\n\t<meta property=\"og:image:height\" content=\"625\" \/>\n\t<meta property=\"og:image:type\" content=\"image\/jpeg\" \/>\n<meta name=\"author\" content=\"Radio Ljubu\u0161ki\" \/>\n<meta name=\"twitter:card\" content=\"summary_large_image\" \/>\n<meta name=\"twitter:creator\" content=\"@radioljubuski\" \/>\n<meta name=\"twitter:site\" content=\"@radioljubuski\" \/>\n<meta name=\"twitter:label1\" content=\"Napisao\/la\" \/>\n\t<meta name=\"twitter:data1\" content=\"Radio Ljubu\u0161ki\" \/>\n\t<meta name=\"twitter:label2\" content=\"Procijenjeno vrijeme \u010ditanja\" \/>\n\t<meta name=\"twitter:data2\" content=\"1 minuta\" \/>\n<script type=\"application\/ld+json\" class=\"yoast-schema-graph\">{\"@context\":\"https:\\\/\\\/schema.org\",\"@graph\":[{\"@type\":\"Article\",\"@id\":\"https:\\\/\\\/radioljubuski.ba\\\/index.php\\\/2021\\\/11\\\/03\\\/iz-ramskog-jezera-izranjaju-ostaci-sela-video\\\/#article\",\"isPartOf\":{\"@id\":\"https:\\\/\\\/radioljubuski.ba\\\/index.php\\\/2021\\\/11\\\/03\\\/iz-ramskog-jezera-izranjaju-ostaci-sela-video\\\/\"},\"author\":{\"name\":\"Radio Ljubu\u0161ki\",\"@id\":\"https:\\\/\\\/radioljubuski.ba\\\/#\\\/schema\\\/person\\\/19fc700381a780f69665d7956c469e3b\"},\"headline\":\"Iz Ramskog jezera izranjaju ostaci sela &#8211; video\",\"datePublished\":\"2021-11-03T13:30:10+00:00\",\"mainEntityOfPage\":{\"@id\":\"https:\\\/\\\/radioljubuski.ba\\\/index.php\\\/2021\\\/11\\\/03\\\/iz-ramskog-jezera-izranjaju-ostaci-sela-video\\\/\"},\"wordCount\":172,\"publisher\":{\"@id\":\"https:\\\/\\\/radioljubuski.ba\\\/#organization\"},\"image\":{\"@id\":\"https:\\\/\\\/radioljubuski.ba\\\/index.php\\\/2021\\\/11\\\/03\\\/iz-ramskog-jezera-izranjaju-ostaci-sela-video\\\/#primaryimage\"},\"thumbnailUrl\":\"https:\\\/\\\/radioljubuski.ba\\\/wp-content\\\/uploads\\\/2021\\\/11\\\/8-2021-11-03-08-41-40-KOPCICI-RAMA.jpg\",\"articleSection\":[\"BIH i regija\"],\"inLanguage\":\"hr\"},{\"@type\":\"WebPage\",\"@id\":\"https:\\\/\\\/radioljubuski.ba\\\/index.php\\\/2021\\\/11\\\/03\\\/iz-ramskog-jezera-izranjaju-ostaci-sela-video\\\/\",\"url\":\"https:\\\/\\\/radioljubuski.ba\\\/index.php\\\/2021\\\/11\\\/03\\\/iz-ramskog-jezera-izranjaju-ostaci-sela-video\\\/\",\"name\":\"Iz Ramskog jezera izranjaju ostaci sela - video - RADIO LJUBU\u0160KI\",\"isPartOf\":{\"@id\":\"https:\\\/\\\/radioljubuski.ba\\\/#website\"},\"primaryImageOfPage\":{\"@id\":\"https:\\\/\\\/radioljubuski.ba\\\/index.php\\\/2021\\\/11\\\/03\\\/iz-ramskog-jezera-izranjaju-ostaci-sela-video\\\/#primaryimage\"},\"image\":{\"@id\":\"https:\\\/\\\/radioljubuski.ba\\\/index.php\\\/2021\\\/11\\\/03\\\/iz-ramskog-jezera-izranjaju-ostaci-sela-video\\\/#primaryimage\"},\"thumbnailUrl\":\"https:\\\/\\\/radioljubuski.ba\\\/wp-content\\\/uploads\\\/2021\\\/11\\\/8-2021-11-03-08-41-40-KOPCICI-RAMA.jpg\",\"datePublished\":\"2021-11-03T13:30:10+00:00\",\"breadcrumb\":{\"@id\":\"https:\\\/\\\/radioljubuski.ba\\\/index.php\\\/2021\\\/11\\\/03\\\/iz-ramskog-jezera-izranjaju-ostaci-sela-video\\\/#breadcrumb\"},\"inLanguage\":\"hr\",\"potentialAction\":[{\"@type\":\"ReadAction\",\"target\":[\"https:\\\/\\\/radioljubuski.ba\\\/index.php\\\/2021\\\/11\\\/03\\\/iz-ramskog-jezera-izranjaju-ostaci-sela-video\\\/\"]}]},{\"@type\":\"ImageObject\",\"inLanguage\":\"hr\",\"@id\":\"https:\\\/\\\/radioljubuski.ba\\\/index.php\\\/2021\\\/11\\\/03\\\/iz-ramskog-jezera-izranjaju-ostaci-sela-video\\\/#primaryimage\",\"url\":\"https:\\\/\\\/radioljubuski.ba\\\/wp-content\\\/uploads\\\/2021\\\/11\\\/8-2021-11-03-08-41-40-KOPCICI-RAMA.jpg\",\"contentUrl\":\"https:\\\/\\\/radioljubuski.ba\\\/wp-content\\\/uploads\\\/2021\\\/11\\\/8-2021-11-03-08-41-40-KOPCICI-RAMA.jpg\",\"width\":1000,\"height\":625},{\"@type\":\"BreadcrumbList\",\"@id\":\"https:\\\/\\\/radioljubuski.ba\\\/index.php\\\/2021\\\/11\\\/03\\\/iz-ramskog-jezera-izranjaju-ostaci-sela-video\\\/#breadcrumb\",\"itemListElement\":[{\"@type\":\"ListItem\",\"position\":1,\"name\":\"Po\u010detna stranica\",\"item\":\"https:\\\/\\\/radioljubuski.ba\\\/\"},{\"@type\":\"ListItem\",\"position\":2,\"name\":\"Iz Ramskog jezera izranjaju ostaci sela &#8211; video\"}]},{\"@type\":\"WebSite\",\"@id\":\"https:\\\/\\\/radioljubuski.ba\\\/#website\",\"url\":\"https:\\\/\\\/radioljubuski.ba\\\/\",\"name\":\"Radio Ljubu\u0161ki\",\"description\":\"Sun\u010dana frekvencija Hercegovine\",\"publisher\":{\"@id\":\"https:\\\/\\\/radioljubuski.ba\\\/#organization\"},\"potentialAction\":[{\"@type\":\"SearchAction\",\"target\":{\"@type\":\"EntryPoint\",\"urlTemplate\":\"https:\\\/\\\/radioljubuski.ba\\\/?s={search_term_string}\"},\"query-input\":{\"@type\":\"PropertyValueSpecification\",\"valueRequired\":true,\"valueName\":\"search_term_string\"}}],\"inLanguage\":\"hr\"},{\"@type\":\"Organization\",\"@id\":\"https:\\\/\\\/radioljubuski.ba\\\/#organization\",\"name\":\"Radio Ljubu\u0161ki\",\"url\":\"https:\\\/\\\/radioljubuski.ba\\\/\",\"logo\":{\"@type\":\"ImageObject\",\"inLanguage\":\"hr\",\"@id\":\"https:\\\/\\\/radioljubuski.ba\\\/#\\\/schema\\\/logo\\\/image\\\/\",\"url\":\"https:\\\/\\\/radioljubuski.ba\\\/wp-content\\\/uploads\\\/2021\\\/02\\\/cropped-Radio_Ljubuski_logo1.jpg\",\"contentUrl\":\"https:\\\/\\\/radioljubuski.ba\\\/wp-content\\\/uploads\\\/2021\\\/02\\\/cropped-Radio_Ljubuski_logo1.jpg\",\"width\":512,\"height\":512,\"caption\":\"Radio Ljubu\u0161ki\"},\"image\":{\"@id\":\"https:\\\/\\\/radioljubuski.ba\\\/#\\\/schema\\\/logo\\\/image\\\/\"},\"sameAs\":[\"https:\\\/\\\/www.facebook.com\\\/Radiio-Ljubuski-1490835324566332\",\"https:\\\/\\\/x.com\\\/radioljubuski\",\"https:\\\/\\\/hr.linkedin.com\\\/company\\\/radio-ljubuski\",\"https:\\\/\\\/www.youtube.com\\\/channel\\\/UCHYaeO_n0Db3tjNGudGpXyw\"]},{\"@type\":\"Person\",\"@id\":\"https:\\\/\\\/radioljubuski.ba\\\/#\\\/schema\\\/person\\\/19fc700381a780f69665d7956c469e3b\",\"name\":\"Radio Ljubu\u0161ki\"}]}<\/script>\n<!-- \/ Yoast SEO plugin. -->","yoast_head_json":{"title":"Iz Ramskog jezera izranjaju ostaci sela - video - RADIO LJUBU\u0160KI","robots":{"index":"index","follow":"follow","max-snippet":"max-snippet:-1","max-image-preview":"max-image-preview:large","max-video-preview":"max-video-preview:-1"},"canonical":"https:\/\/radioljubuski.ba\/index.php\/2021\/11\/03\/iz-ramskog-jezera-izranjaju-ostaci-sela-video\/","og_locale":"hr_HR","og_type":"article","og_title":"Iz Ramskog jezera izranjaju ostaci sela - video - RADIO LJUBU\u0160KI","og_description":"Svakih nekoliko godina, zbog hidrolo\u0161kih prilika i pove\u0107ane proizvodnje el. energije, dolazi do povla\u010denja razine Ramskog jezera i izranjanja ostataka obiteljskih ku\u0107a i vjerskih objekata. Nakon dugog, vru\u0107eg i su\u0161nog ljeta, i jesen 2021. prili\u010dno je oskudna u pogledu koli\u010dine padalina, \u0161to se najbolje vidi po razini vode u jezeru, pi\u0161e Rama-prozor.info. Ovih dana, zbog [&hellip;]","og_url":"https:\/\/radioljubuski.ba\/index.php\/2021\/11\/03\/iz-ramskog-jezera-izranjaju-ostaci-sela-video\/","og_site_name":"RADIO LJUBU\u0160KI","article_publisher":"https:\/\/www.facebook.com\/Radiio-Ljubuski-1490835324566332","article_published_time":"2021-11-03T13:30:10+00:00","og_image":[{"width":1000,"height":625,"url":"https:\/\/radioljubuski.ba\/wp-content\/uploads\/2021\/11\/8-2021-11-03-08-41-40-KOPCICI-RAMA.jpg","type":"image\/jpeg"}],"author":"Radio Ljubu\u0161ki","twitter_card":"summary_large_image","twitter_creator":"@radioljubuski","twitter_site":"@radioljubuski","twitter_misc":{"Napisao\/la":"Radio Ljubu\u0161ki","Procijenjeno vrijeme \u010ditanja":"1 minuta"},"schema":{"@context":"https:\/\/schema.org","@graph":[{"@type":"Article","@id":"https:\/\/radioljubuski.ba\/index.php\/2021\/11\/03\/iz-ramskog-jezera-izranjaju-ostaci-sela-video\/#article","isPartOf":{"@id":"https:\/\/radioljubuski.ba\/index.php\/2021\/11\/03\/iz-ramskog-jezera-izranjaju-ostaci-sela-video\/"},"author":{"name":"Radio Ljubu\u0161ki","@id":"https:\/\/radioljubuski.ba\/#\/schema\/person\/19fc700381a780f69665d7956c469e3b"},"headline":"Iz Ramskog jezera izranjaju ostaci sela &#8211; video","datePublished":"2021-11-03T13:30:10+00:00","mainEntityOfPage":{"@id":"https:\/\/radioljubuski.ba\/index.php\/2021\/11\/03\/iz-ramskog-jezera-izranjaju-ostaci-sela-video\/"},"wordCount":172,"publisher":{"@id":"https:\/\/radioljubuski.ba\/#organization"},"image":{"@id":"https:\/\/radioljubuski.ba\/index.php\/2021\/11\/03\/iz-ramskog-jezera-izranjaju-ostaci-sela-video\/#primaryimage"},"thumbnailUrl":"https:\/\/radioljubuski.ba\/wp-content\/uploads\/2021\/11\/8-2021-11-03-08-41-40-KOPCICI-RAMA.jpg","articleSection":["BIH i regija"],"inLanguage":"hr"},{"@type":"WebPage","@id":"https:\/\/radioljubuski.ba\/index.php\/2021\/11\/03\/iz-ramskog-jezera-izranjaju-ostaci-sela-video\/","url":"https:\/\/radioljubuski.ba\/index.php\/2021\/11\/03\/iz-ramskog-jezera-izranjaju-ostaci-sela-video\/","name":"Iz Ramskog jezera izranjaju ostaci sela - video - RADIO LJUBU\u0160KI","isPartOf":{"@id":"https:\/\/radioljubuski.ba\/#website"},"primaryImageOfPage":{"@id":"https:\/\/radioljubuski.ba\/index.php\/2021\/11\/03\/iz-ramskog-jezera-izranjaju-ostaci-sela-video\/#primaryimage"},"image":{"@id":"https:\/\/radioljubuski.ba\/index.php\/2021\/11\/03\/iz-ramskog-jezera-izranjaju-ostaci-sela-video\/#primaryimage"},"thumbnailUrl":"https:\/\/radioljubuski.ba\/wp-content\/uploads\/2021\/11\/8-2021-11-03-08-41-40-KOPCICI-RAMA.jpg","datePublished":"2021-11-03T13:30:10+00:00","breadcrumb":{"@id":"https:\/\/radioljubuski.ba\/index.php\/2021\/11\/03\/iz-ramskog-jezera-izranjaju-ostaci-sela-video\/#breadcrumb"},"inLanguage":"hr","potentialAction":[{"@type":"ReadAction","target":["https:\/\/radioljubuski.ba\/index.php\/2021\/11\/03\/iz-ramskog-jezera-izranjaju-ostaci-sela-video\/"]}]},{"@type":"ImageObject","inLanguage":"hr","@id":"https:\/\/radioljubuski.ba\/index.php\/2021\/11\/03\/iz-ramskog-jezera-izranjaju-ostaci-sela-video\/#primaryimage","url":"https:\/\/radioljubuski.ba\/wp-content\/uploads\/2021\/11\/8-2021-11-03-08-41-40-KOPCICI-RAMA.jpg","contentUrl":"https:\/\/radioljubuski.ba\/wp-content\/uploads\/2021\/11\/8-2021-11-03-08-41-40-KOPCICI-RAMA.jpg","width":1000,"height":625},{"@type":"BreadcrumbList","@id":"https:\/\/radioljubuski.ba\/index.php\/2021\/11\/03\/iz-ramskog-jezera-izranjaju-ostaci-sela-video\/#breadcrumb","itemListElement":[{"@type":"ListItem","position":1,"name":"Po\u010detna stranica","item":"https:\/\/radioljubuski.ba\/"},{"@type":"ListItem","position":2,"name":"Iz Ramskog jezera izranjaju ostaci sela &#8211; video"}]},{"@type":"WebSite","@id":"https:\/\/radioljubuski.ba\/#website","url":"https:\/\/radioljubuski.ba\/","name":"Radio Ljubu\u0161ki","description":"Sun\u010dana frekvencija Hercegovine","publisher":{"@id":"https:\/\/radioljubuski.ba\/#organization"},"potentialAction":[{"@type":"SearchAction","target":{"@type":"EntryPoint","urlTemplate":"https:\/\/radioljubuski.ba\/?s={search_term_string}"},"query-input":{"@type":"PropertyValueSpecification","valueRequired":true,"valueName":"search_term_string"}}],"inLanguage":"hr"},{"@type":"Organization","@id":"https:\/\/radioljubuski.ba\/#organization","name":"Radio Ljubu\u0161ki","url":"https:\/\/radioljubuski.ba\/","logo":{"@type":"ImageObject","inLanguage":"hr","@id":"https:\/\/radioljubuski.ba\/#\/schema\/logo\/image\/","url":"https:\/\/radioljubuski.ba\/wp-content\/uploads\/2021\/02\/cropped-Radio_Ljubuski_logo1.jpg","contentUrl":"https:\/\/radioljubuski.ba\/wp-content\/uploads\/2021\/02\/cropped-Radio_Ljubuski_logo1.jpg","width":512,"height":512,"caption":"Radio Ljubu\u0161ki"},"image":{"@id":"https:\/\/radioljubuski.ba\/#\/schema\/logo\/image\/"},"sameAs":["https:\/\/www.facebook.com\/Radiio-Ljubuski-1490835324566332","https:\/\/x.com\/radioljubuski","https:\/\/hr.linkedin.com\/company\/radio-ljubuski","https:\/\/www.youtube.com\/channel\/UCHYaeO_n0Db3tjNGudGpXyw"]},{"@type":"Person","@id":"https:\/\/radioljubuski.ba\/#\/schema\/person\/19fc700381a780f69665d7956c469e3b","name":"Radio Ljubu\u0161ki"}]}},"_links":{"self":[{"href":"https:\/\/radioljubuski.ba\/index.php\/wp-json\/wp\/v2\/posts\/84506","targetHints":{"allow":["GET"]}}],"collection":[{"href":"https:\/\/radioljubuski.ba\/index.php\/wp-json\/wp\/v2\/posts"}],"about":[{"href":"https:\/\/radioljubuski.ba\/index.php\/wp-json\/wp\/v2\/types\/post"}],"author":[{"embeddable":true,"href":"https:\/\/radioljubuski.ba\/index.php\/wp-json\/wp\/v2\/users\/2"}],"replies":[{"embeddable":true,"href":"https:\/\/radioljubuski.ba\/index.php\/wp-json\/wp\/v2\/comments?post=84506"}],"version-history":[{"count":1,"href":"https:\/\/radioljubuski.ba\/index.php\/wp-json\/wp\/v2\/posts\/84506\/revisions"}],"predecessor-version":[{"id":84508,"href":"https:\/\/radioljubuski.ba\/index.php\/wp-json\/wp\/v2\/posts\/84506\/revisions\/84508"}],"wp:featuredmedia":[{"embeddable":true,"href":"https:\/\/radioljubuski.ba\/index.php\/wp-json\/wp\/v2\/media\/84507"}],"wp:attachment":[{"href":"https:\/\/radioljubuski.ba\/index.php\/wp-json\/wp\/v2\/media?parent=84506"}],"wp:term":[{"taxonomy":"category","embeddable":true,"href":"https:\/\/radioljubuski.ba\/index.php\/wp-json\/wp\/v2\/categories?post=84506"},{"taxonomy":"post_tag","embeddable":true,"href":"https:\/\/radioljubuski.ba\/index.php\/wp-json\/wp\/v2\/tags?post=84506"}],"curies":[{"name":"wp","href":"https:\/\/api.w.org\/{rel}","templated":true}]}}