{"id":84509,"date":"2021-11-03T14:31:11","date_gmt":"2021-11-03T13:31:11","guid":{"rendered":"https:\/\/radioljubuski.ba\/?p=84509"},"modified":"2021-11-03T14:31:12","modified_gmt":"2021-11-03T13:31:12","slug":"skocibusic-o-uvodenju-restriktivnijih-epidemioloskih-mjera-koliko-ce-cjepiva-biti-unisteno-gdje-i-koliko-ce-to-kostati","status":"publish","type":"post","link":"https:\/\/radioljubuski.ba\/index.php\/2021\/11\/03\/skocibusic-o-uvodenju-restriktivnijih-epidemioloskih-mjera-koliko-ce-cjepiva-biti-unisteno-gdje-i-koliko-ce-to-kostati\/","title":{"rendered":"Sko\u010dibu\u0161i\u0107 o uvo\u0111enju restriktivnijih epidemiolo\u0161kih mjera, koliko \u0107e cjepiva biti uni\u0161teno, gdje i koliko \u0107e to ko\u0161tati"},"content":{"rendered":"\n<p>Iako imamo za\u0161titu, a to je s jedne strane prebolijevanje, a s druge cijepljenje, mi smo trenutno u mrtvoj utrci &#8211; ho\u0107emo li se za\u0161tititi primarno cjepivom, ili \u0107emo pustiti da se to desi samo prebolijevanjem, ali \u0107e u tom slu\u010daju neki ljudi zavr\u0161iti fatalno, ka\u017ee mr. sc. dr. med. Sini\u0161a Sko\u010dibu\u0161i\u0107, infektolog.<\/p>\n\n\n\n<p>S direktorom Zavoda za javno zdravstvo Federacije BiH, razgovarali smo o sve izvjesnijem uvo\u0111enju restriktivnijih epidemiolo\u0161kih mjera u ve\u0107em bh. entitetu, koliko je propalo cjepiva, gdje \u0107e biti uni\u0161tene i koliko \u0107e to ko\u0161tati prora\u010dun Federacije BiH, kako \u0107e se virus pona\u0161ati tijekom zime, pi\u0161e <a href=\"https:\/\/faktor.ba\/vijest\/skocibusic-otkrio-kome-ce-prvom-uvesti-covid-potvrde-koliko-ce-vakcina-biti-unisteno-gdje-i-koliko-ce-to-kostati\/143088\">Faktor.ba<\/a>.<\/p>\n\n\n\n<p>&#8211; \u010cetvrti val pandemije je u toku i on \u0107e du\u017ee trajati. Prema zadnjim podacima, sedmodnevna incidenca na 100.000 stanovnika je 141,36, \u0161to je poprili\u010dno visoka brojka i odre\u0111eni problem. Posebno bih istakao Tuzlansku, Bosansko-podrinjsku, Hercegova\u010dko-neretvansku, Zapadnohercegova\u010dku i Sarajevsku \u017eupaniju, kao one koji imaju incidencu oko ili vi\u0161e od 150 na 100.000 stanovnika, \u0161to je prema javno-zdravstvenim kriterijima, koje smo usvojili na Kriznom sto\u017eeru FBiH, a Vlada FBiH potvrdila, vrijeme kada bi trebalo uvoditi odre\u0111ene restriktivnije mjere. No, oni koji bi trebali donijeti te mjere jo\u0161 se ne odlu\u010duju na to. Vidimo da je broj hospitaliziranih u bolnicama kontinuiran i to je najbolji pokazatelj koliko je optere\u0107en zdravstveni sustav. Tako\u0111er, broj novopotvr\u0111enih i smrtnih slu\u010dajeva je u porastu \u2013 navodi dr. Sko\u010dibu\u0161i\u0107.<\/p>\n\n\n\n<p>Ka\u017eete, trebalo bi uvoditi restriktivnije mjere. \u0160to pod tim konkretno mislite?<\/p>\n\n\n\n<p>&#8211; Mo\u017eemo ih zvati kako god ho\u0107ete \u2013 restriktivne, optimalne, fleksibilne. Ja bih ih nazvao europskim, a to podrazumijeva uvo\u0111enje dokazivanja da je osoba ili cijepljena ili preboljela zarazu u skorije vrijeme ili se testirala, a test je negativan. Dakle, sustav koji vlada u cijeloj Europskoj uniji, a po\u010deo prije desetak dana i u Srbiji, mislim da \u0107e se morati uvesti i kod nas. Za\u0161to bi mi bili otok ili &#8220;covid-putovnica free zona&#8221; u odnosu na cijelu Europu.<\/p>\n\n\n\n<p>Gdje \u0107e se najprije uvesti covid-potvrde?<\/p>\n\n\n\n<p>&#8211; Jutros smo na Kriznom sto\u017eeru raspravljali \u2013 gdje po\u010deti s takvim mjerama? To je jo\u0161 predmet razgovora, ali je izvjesno da bi to mogle biti zdravstvene i socijalne ustanove, institucije obrazovanja u zdravstvu. \u010cinjenica je sljede\u0107a \u2013 ako \u017eelite i\u0107i na pregled u zdravstvenu ustanovu tada morate ponijeti negativan covid-test ili dokazati da ste cijepljeni. No, to vam ne garantira da \u0107ete tamo nai\u0107i na zdravstvenog radnika koji je cijepljen.<\/p>\n\n\n\n<p>Po\u010detkom pandemije virus nije napadao mlade. Sada me\u0111u tom populacijom ima sve vi\u0161e zara\u017eenih.<\/p>\n\n\n\n<p>&#8211; Virus mutira kroz vrijeme. Ako je smrtonosan, pobit \u0107e sve ljudi. Ovaj virus nije smrtonosan da djeluje fatalno na sve zara\u017eene, kao \u0161to je to slu\u010daj s visokozaraznom ebolom. On ostavlja odre\u0111eni broj ljudi koji \u0107e nastaviti biti njegovi doma\u0107ini i dalje ga nositi. Na Kriznom sto\u017eeru iznesen podatak sekvencioniranja s Veterinarskog fakulteta u Sarajevu. Kod nas je sve delta varijanta koja o\u010digledno napada i mla\u0111e. Vjerojatno je da \u0107e u narednom periodu do\u0107i nova genetska varijanta koja \u0107e mo\u017eda biti otporna na cjepiva koja imamo i tra\u017eiti novi krug ljudi, mla\u0111e, starije, neke nove receptore u nama kako bi virus i dalje \u017eivio.<\/p>\n\n\n\n<p>Hrvatska i Srbija tjednima dnevno bilje\u017ee veliki brojke novozara\u017eenih i preminulih. Ho\u0107e li se to i kako reflektirati na BiH u narednom periodu?<\/p>\n\n\n\n<p>&#8211; Ako pandemija bijesni u Srbiji i Hrvatskoj, sigurno je da \u0107e se to desiti i kod nas, a na\u0161 stupanj cijepljenja, koji je trenutno oko 25 posto, ne garantira kolektivni solidarni imunitet za \u0161to je potrebno vi\u0161e od 80 posto imuniziranih. Volio bi ne biti prorok s lo\u0161im vijestima, ali sloboda koja vlada na granicama doprinijet \u0107e porastu oboljelih, a to nam pokazuju i izvje\u0161taji koji iz tjedna u tjedan rastu.<\/p>\n\n\n\n<p>BiH je po broju smrtnosti prva u Europi, a druga u svijetu. Ina\u010de, tijekom cijele pandemije visoko smo na svjetskoj listi kada je rije\u010d o broju preminulih od COVID-19.<\/p>\n\n\n\n<p>&#8211; Veliki broj umrlih od COVID-19 ili s COVID-19 specifikum je za sve zemlje koje su nastale iz biv\u0161e Jugoslavije. Vi\u0161e je razloga za to. Jedan je sigurno na\u010din prijavljivanja smrtnog ishoda, drugi je na\u010din organiziranja zdravstvenog sustava i njegovog odgovora na pandemiju. Tre\u0107i je nedostupnost zdravstvenog sustava, jer su bolnice tijekom pandemije bile zatvorene, sve druge bolesti prethodnih mjeseci nisu se dovoljno kontrolirale. Zbog svega toga na zapadu se sada rade novi na\u010dini izvje\u0161tavanja i to se zove &#8220;excess mortality&#8221; (vi\u0161ak smrtnosti). Mi trenutno radimo takvu studiju. Objasnit \u0107u vam \u2013 ra\u010duna se koliko bi u pojedinom razdoblju godine u proteklih nekoliko godina otprilike umrlo ljudi. Potom se ra\u010duna \u2013 koliko je ljudi umrlo u 2020. godini po istim tim razdobljima. Europska unija to redovno radi. Onda se gleda \u2013 je li dodatno ljudi umrlo vi\u0161e nego \u0161to bi ina\u010de umiralo. \u010cesto mo\u017eemo \u010duti: &#8220;umiru stari koji bi ionako umrli&#8221;. Bi, ali kad dobiju COVID-19 onda im je disanje ote\u017eanije, i pritisak, i srce, i onkolo\u0161ka bolest i sve druge bolesti koje se uz COVID-19, dodatno pogor\u0161aju.<\/p>\n\n\n\n<p>Kako protje\u010de proces cijepljenje u FBiH? Jeste li zadovoljni postotkom potpuno cijepljenih?<\/p>\n\n\n\n<p>&#8211; Jednom dozom cijepljeno je oko 25 posto ljudi, a broj potpuno cijepljenih pribli\u017eava se toj brojci. Ono \u0161to nas \u010dini nesretnim, jeste broj prvih doza, dakle, ljudi koji su se odlu\u010dili cijepiti, tjedno iznosi od pet od \u0161est tisu\u0107a. To je za FBiH malo i time ne\u0107emo nikada ostvariti postotak od 80 posto imuniziranih. Nije mi jasno, za\u0161to se sada kada imamo gotovo sva cjepiva i dovoljno doza, ljudi ne \u017eele se cijepiti i time prepu\u0161taju sudbini ili nekoj ve\u0107oj sili da odlu\u010di \u2013 ho\u0107emo li pre\u017eivjeti ili ne\u0107emo!? Znamo da je smrtnost ve\u0107a nakon 60-te godine, ali umiru i mla\u0111i. Nije jasno ovakvo pona\u0161anje gra\u0111ana, prevashodno \u0161to nemamo zabilje\u017eenih vrlo te\u0161kih nuspojava sa smrtnim ishodima. Zabilje\u017eene su bla\u017ee nuspojave, poput crvenila na mjestu aplikacije, bol u ruci, temperatura, slabost koja traje dva-tri dana. No, to su pojave koje ne ostavljaju trajne posljedice na zdravlje. Nakon svega, pitanje koje se name\u0107e jeste \u2013 za\u0161to na\u0161i gra\u0111ani odbijaju, a stanovnici zemalja Europske unije prihva\u0107aju cjepivo!?<\/p>\n\n\n\n<p>Koliko je u ovom trenutku cjepiva propalo i kakva je dalja procedura s tim infektivnim otpadom?<\/p>\n\n\n\n<p>&#8211; Pandemijska cjepiva pakirana su tako da je u jednoj ampuli deset doza i njihov rok trajanja uglavnom je oko pola godine. Dok iza\u0111u iz tvornice, dobiju svu dokumentaciju i budu prevezene na odredi\u0161te, treba oko mjesec. Dakle, kad bi mi direktno iz tvornice dobivali, rok tim cjepivima bio bi pet mjeseci. Na\u017ealost, mi smo dobivali donacije sa skra\u0107enim rokom, dva, tri mjeseca, neke smo \u010dak morali i odbiti, jer im je rok brzo istjecao, a mi ih nismo mogli u tako kratkom vremenu podijeliti. Najvi\u0161e je propalo AstraZeneca cjepiva, koja je jedno vrijeme bila izlo\u017eena i medijskoj, marketin\u0161koj, farmaceutskoj kampanji da tako ka\u017eem, \u0161to se odrazilo i na na\u0161im prostorima. Ljudi jednostavno nisu \u017eeljeli to cjepivo.<\/p>\n\n\n\n<p>Stanje je takvo, kad se svi domovi zdravlja preberu, vjerojatno \u0107e propasti oko 300.000 AstraZeneca cjepiva i ne\u0161to Sinovac doza za \u010dije \u0107e uni\u0161tavanje biti potrebno nekoliko desetaka tisu\u0107a KM, a novac \u0107e vjerojatno biti izdvojen iz prora\u010duna FBiH. Cjepiva \u0107e biti uni\u0161tene u inozemstvu, jer BiH nema industrijski pogon za uni\u0161tavanje farmaceutskog otpada. Dakle, primamo donacije iz vana, a platit \u0107emo izvoz tih cjepiva u Austriju gdje \u0107e najvjerojatnije biti uni\u0161tene.<\/p>\n\n\n\n<p>U \u017eupanijama je po\u010delo cijepljenje i tre\u0107om dozom cjepiva protiv COVID-19. Koja je razlika izme\u0111u booster i tre\u0107e doze cjepiva?<\/p>\n\n\n\n<p>&#8211; Kad se zavr\u0161i cijepljenje protiv neke bolesti i na\u0161 nivo antitijela oslabi, onda se daje jo\u0161 jedna tzv. booster ili poja\u010diva\u010d doza. To radimo sada za hepatitis B. Daju se tri doze \u2013 prva u porodili\u0161tu, druga za mjesec i tre\u0107a doza za \u0161est mjeseci. Potom se za 10 do 20 godina, jer se radi o dugotrajnom i dobrom cjepivu, uradi titar ANTI-HBS, i ako je pao daje se booster doza. Tre\u0107a doza daje se nakon druge, kako bi se postigao cjeloviti postupak vakcinacije. Neki \u0107e s dvije doze imati dovoljno antitijela, ali \u0107e obuhvat s tri doze biti sigurno ve\u0107i \u010dime \u0107e ljudi biti spremniji. To je ono na \u010demu \u0107emo u narednom periodu raditi vi\u0161e, jer se pokazalo da mRNK cjepiva ipak pru\u017eaju ne\u0161to kra\u0107u za\u0161titu. Zbog toga \u0107e biti potrebna ponovno cijepljenje.<\/p>\n\n\n\n<p>Polako ulazimo u sezonu gripe. Koliko je Zavod za javno zdravstvo FBiH naru\u010dio cjepiva protiv influence?<\/p>\n\n\n\n<p>&#8211; \u017dupanijski zavodi za javno zdravstvo i zdravstvene ustanove nabavljaju vakcine protiv gripe za potrebe stanovni\u0161tva. Federalni zavod je izabrao da nabavlja cjepiva za zdravstvene radnike, a imamo ih oko 26.000. Prema potro\u0161nji pro\u0161le godine, planiramo koliko \u0107emo nabaviti doza za ovu godinu. Tako ovog tjedna sti\u017ee 7.200 doza. Kako nama sti\u017eu, tako sti\u017eu i za druge ustanove koje su nabavljali &nbsp;cjepiva. Otprilike na podru\u010dju FBiH oko 45.000 doza cjepiva protiv gripe podijeli se. Cijepljenje uskoro po\u010dinje. \u017delim naglasiti da, iako je smrtnost od gripe manja nego od COVID-19, gripa je i dalje jedan od ozbiljnih uzro\u010dnika smrtnosti, naro\u010dito kod starije populacije i zdravstvenih radnika. Zato je vrlo va\u017eno cijepiti se.<\/p>\n\n\n\n<p>U kom razmaku se mogu primiti cjepiva protiv COVID-19 i gripe?<\/p>\n\n\n\n<p>&#8211; S obzirom na to da se radi o razli\u010ditim mehanizmima djelovanja izme\u0111u dva cjepiva, na\u010delno bi osoba mogla istodobno primiti obje doze i organizmu ne bi ni\u0161ta bilo. Ali, struka preporu\u010duje razmak od desetak dana samo zato da se mogu pratiti eventualne nuspojave.<\/p>\n\n\n\n<p>Na kraju, kako \u0107e se situacija s pandemijom odvijati u narednom periodu? Kakva \u0107e biti zima?<\/p>\n\n\n\n<p>&#8211; Neosporno je da boravak ljudi na otvorenom smanjuje prijenos kaplji\u010dne infekcije. S druge strane, virus se lak\u0161e \u0161iri u zatvorenom prostoru putem aerosola. To zna\u010di da \u0107e stupanj prijenosa virusa u narednim mjesecima biti samo vi\u0161i. Ako se ljudi ne budu cijepili, bojim se da, koliko god bolni\u010dkih odjela reorganiziramo, mi ne\u0107emo imati dovoljno kreveta, medicinskih sestara i doktora, koji su poprili\u010dno umorni, ali i kisika, lijekova. Zato bi zaista pozvao sve na\u0161e gra\u0111ane koji to do sada nisu, da se cijepe jer je to jedini put izlaska iz pandemije \u2013 poru\u010dio je dr. Sko\u010dibu\u0161i\u0107.<\/p>\n\n\n\n<p>Izvor:faktor.ba<\/p>\n","protected":false},"excerpt":{"rendered":"<p>Iako imamo za\u0161titu, a to je s jedne strane prebolijevanje, a s druge cijepljenje, mi smo trenutno u mrtvoj utrci &#8211; ho\u0107emo li se za\u0161tititi primarno cjepivom, ili \u0107emo pustiti da se to desi samo prebolijevanjem, ali \u0107e u tom slu\u010daju neki ljudi zavr\u0161iti fatalno, ka\u017ee mr. sc. dr. med. Sini\u0161a Sko\u010dibu\u0161i\u0107, infektolog. S direktorom [&hellip;]<\/p>\n","protected":false},"author":2,"featured_media":35469,"comment_status":"closed","ping_status":"closed","sticky":false,"template":"","format":"standard","meta":{"h5ap_radio_sources":[],"footnotes":""},"categories":[1],"tags":[],"class_list":["post-84509","post","type-post","status-publish","format-standard","has-post-thumbnail","hentry","category-bihiregija"],"yoast_head":"<!-- This site is optimized with the Yoast SEO plugin v27.5 - https:\/\/yoast.com\/product\/yoast-seo-wordpress\/ -->\n<title>Sko\u010dibu\u0161i\u0107 o uvo\u0111enju restriktivnijih epidemiolo\u0161kih mjera, koliko \u0107e cjepiva biti uni\u0161teno, gdje i koliko \u0107e to ko\u0161tati - RADIO LJUBU\u0160KI<\/title>\n<meta name=\"robots\" content=\"index, follow, max-snippet:-1, max-image-preview:large, max-video-preview:-1\" \/>\n<link rel=\"canonical\" href=\"https:\/\/radioljubuski.ba\/index.php\/2021\/11\/03\/skocibusic-o-uvodenju-restriktivnijih-epidemioloskih-mjera-koliko-ce-cjepiva-biti-unisteno-gdje-i-koliko-ce-to-kostati\/\" \/>\n<meta property=\"og:locale\" content=\"hr_HR\" \/>\n<meta property=\"og:type\" content=\"article\" \/>\n<meta property=\"og:title\" content=\"Sko\u010dibu\u0161i\u0107 o uvo\u0111enju restriktivnijih epidemiolo\u0161kih mjera, koliko \u0107e cjepiva biti uni\u0161teno, gdje i koliko \u0107e to ko\u0161tati - RADIO LJUBU\u0160KI\" \/>\n<meta property=\"og:description\" content=\"Iako imamo za\u0161titu, a to je s jedne strane prebolijevanje, a s druge cijepljenje, mi smo trenutno u mrtvoj utrci &#8211; ho\u0107emo li se za\u0161tititi primarno cjepivom, ili \u0107emo pustiti da se to desi samo prebolijevanjem, ali \u0107e u tom slu\u010daju neki ljudi zavr\u0161iti fatalno, ka\u017ee mr. sc. dr. med. Sini\u0161a Sko\u010dibu\u0161i\u0107, infektolog. S direktorom [&hellip;]\" \/>\n<meta property=\"og:url\" content=\"https:\/\/radioljubuski.ba\/index.php\/2021\/11\/03\/skocibusic-o-uvodenju-restriktivnijih-epidemioloskih-mjera-koliko-ce-cjepiva-biti-unisteno-gdje-i-koliko-ce-to-kostati\/\" \/>\n<meta property=\"og:site_name\" content=\"RADIO LJUBU\u0160KI\" \/>\n<meta property=\"article:publisher\" content=\"https:\/\/www.facebook.com\/Radiio-Ljubuski-1490835324566332\" \/>\n<meta property=\"article:published_time\" content=\"2021-11-03T13:31:11+00:00\" \/>\n<meta property=\"article:modified_time\" content=\"2021-11-03T13:31:12+00:00\" \/>\n<meta property=\"og:image\" content=\"https:\/\/radioljubuski.ba\/wp-content\/uploads\/2021\/06\/2-2021-05-08-10-32-12-skocibusic-1.jpg\" \/>\n\t<meta property=\"og:image:width\" content=\"1000\" \/>\n\t<meta property=\"og:image:height\" content=\"625\" \/>\n\t<meta property=\"og:image:type\" content=\"image\/jpeg\" \/>\n<meta name=\"author\" content=\"Radio Ljubu\u0161ki\" \/>\n<meta name=\"twitter:card\" content=\"summary_large_image\" \/>\n<meta name=\"twitter:creator\" content=\"@radioljubuski\" \/>\n<meta name=\"twitter:site\" content=\"@radioljubuski\" \/>\n<meta name=\"twitter:label1\" content=\"Napisao\/la\" \/>\n\t<meta name=\"twitter:data1\" content=\"Radio Ljubu\u0161ki\" \/>\n\t<meta name=\"twitter:label2\" content=\"Procijenjeno vrijeme \u010ditanja\" \/>\n\t<meta name=\"twitter:data2\" content=\"8 minuta\" \/>\n<script type=\"application\/ld+json\" class=\"yoast-schema-graph\">{\"@context\":\"https:\\\/\\\/schema.org\",\"@graph\":[{\"@type\":\"Article\",\"@id\":\"https:\\\/\\\/radioljubuski.ba\\\/index.php\\\/2021\\\/11\\\/03\\\/skocibusic-o-uvodenju-restriktivnijih-epidemioloskih-mjera-koliko-ce-cjepiva-biti-unisteno-gdje-i-koliko-ce-to-kostati\\\/#article\",\"isPartOf\":{\"@id\":\"https:\\\/\\\/radioljubuski.ba\\\/index.php\\\/2021\\\/11\\\/03\\\/skocibusic-o-uvodenju-restriktivnijih-epidemioloskih-mjera-koliko-ce-cjepiva-biti-unisteno-gdje-i-koliko-ce-to-kostati\\\/\"},\"author\":{\"name\":\"Radio Ljubu\u0161ki\",\"@id\":\"https:\\\/\\\/radioljubuski.ba\\\/#\\\/schema\\\/person\\\/19fc700381a780f69665d7956c469e3b\"},\"headline\":\"Sko\u010dibu\u0161i\u0107 o uvo\u0111enju restriktivnijih epidemiolo\u0161kih mjera, koliko \u0107e cjepiva biti uni\u0161teno, gdje i koliko \u0107e to ko\u0161tati\",\"datePublished\":\"2021-11-03T13:31:11+00:00\",\"dateModified\":\"2021-11-03T13:31:12+00:00\",\"mainEntityOfPage\":{\"@id\":\"https:\\\/\\\/radioljubuski.ba\\\/index.php\\\/2021\\\/11\\\/03\\\/skocibusic-o-uvodenju-restriktivnijih-epidemioloskih-mjera-koliko-ce-cjepiva-biti-unisteno-gdje-i-koliko-ce-to-kostati\\\/\"},\"wordCount\":1808,\"publisher\":{\"@id\":\"https:\\\/\\\/radioljubuski.ba\\\/#organization\"},\"image\":{\"@id\":\"https:\\\/\\\/radioljubuski.ba\\\/index.php\\\/2021\\\/11\\\/03\\\/skocibusic-o-uvodenju-restriktivnijih-epidemioloskih-mjera-koliko-ce-cjepiva-biti-unisteno-gdje-i-koliko-ce-to-kostati\\\/#primaryimage\"},\"thumbnailUrl\":\"https:\\\/\\\/radioljubuski.ba\\\/wp-content\\\/uploads\\\/2021\\\/06\\\/2-2021-05-08-10-32-12-skocibusic-1.jpg\",\"articleSection\":[\"BIH i regija\"],\"inLanguage\":\"hr\"},{\"@type\":\"WebPage\",\"@id\":\"https:\\\/\\\/radioljubuski.ba\\\/index.php\\\/2021\\\/11\\\/03\\\/skocibusic-o-uvodenju-restriktivnijih-epidemioloskih-mjera-koliko-ce-cjepiva-biti-unisteno-gdje-i-koliko-ce-to-kostati\\\/\",\"url\":\"https:\\\/\\\/radioljubuski.ba\\\/index.php\\\/2021\\\/11\\\/03\\\/skocibusic-o-uvodenju-restriktivnijih-epidemioloskih-mjera-koliko-ce-cjepiva-biti-unisteno-gdje-i-koliko-ce-to-kostati\\\/\",\"name\":\"Sko\u010dibu\u0161i\u0107 o uvo\u0111enju restriktivnijih epidemiolo\u0161kih mjera, koliko \u0107e cjepiva biti uni\u0161teno, gdje i koliko \u0107e to ko\u0161tati - RADIO LJUBU\u0160KI\",\"isPartOf\":{\"@id\":\"https:\\\/\\\/radioljubuski.ba\\\/#website\"},\"primaryImageOfPage\":{\"@id\":\"https:\\\/\\\/radioljubuski.ba\\\/index.php\\\/2021\\\/11\\\/03\\\/skocibusic-o-uvodenju-restriktivnijih-epidemioloskih-mjera-koliko-ce-cjepiva-biti-unisteno-gdje-i-koliko-ce-to-kostati\\\/#primaryimage\"},\"image\":{\"@id\":\"https:\\\/\\\/radioljubuski.ba\\\/index.php\\\/2021\\\/11\\\/03\\\/skocibusic-o-uvodenju-restriktivnijih-epidemioloskih-mjera-koliko-ce-cjepiva-biti-unisteno-gdje-i-koliko-ce-to-kostati\\\/#primaryimage\"},\"thumbnailUrl\":\"https:\\\/\\\/radioljubuski.ba\\\/wp-content\\\/uploads\\\/2021\\\/06\\\/2-2021-05-08-10-32-12-skocibusic-1.jpg\",\"datePublished\":\"2021-11-03T13:31:11+00:00\",\"dateModified\":\"2021-11-03T13:31:12+00:00\",\"breadcrumb\":{\"@id\":\"https:\\\/\\\/radioljubuski.ba\\\/index.php\\\/2021\\\/11\\\/03\\\/skocibusic-o-uvodenju-restriktivnijih-epidemioloskih-mjera-koliko-ce-cjepiva-biti-unisteno-gdje-i-koliko-ce-to-kostati\\\/#breadcrumb\"},\"inLanguage\":\"hr\",\"potentialAction\":[{\"@type\":\"ReadAction\",\"target\":[\"https:\\\/\\\/radioljubuski.ba\\\/index.php\\\/2021\\\/11\\\/03\\\/skocibusic-o-uvodenju-restriktivnijih-epidemioloskih-mjera-koliko-ce-cjepiva-biti-unisteno-gdje-i-koliko-ce-to-kostati\\\/\"]}]},{\"@type\":\"ImageObject\",\"inLanguage\":\"hr\",\"@id\":\"https:\\\/\\\/radioljubuski.ba\\\/index.php\\\/2021\\\/11\\\/03\\\/skocibusic-o-uvodenju-restriktivnijih-epidemioloskih-mjera-koliko-ce-cjepiva-biti-unisteno-gdje-i-koliko-ce-to-kostati\\\/#primaryimage\",\"url\":\"https:\\\/\\\/radioljubuski.ba\\\/wp-content\\\/uploads\\\/2021\\\/06\\\/2-2021-05-08-10-32-12-skocibusic-1.jpg\",\"contentUrl\":\"https:\\\/\\\/radioljubuski.ba\\\/wp-content\\\/uploads\\\/2021\\\/06\\\/2-2021-05-08-10-32-12-skocibusic-1.jpg\",\"width\":1000,\"height\":625},{\"@type\":\"BreadcrumbList\",\"@id\":\"https:\\\/\\\/radioljubuski.ba\\\/index.php\\\/2021\\\/11\\\/03\\\/skocibusic-o-uvodenju-restriktivnijih-epidemioloskih-mjera-koliko-ce-cjepiva-biti-unisteno-gdje-i-koliko-ce-to-kostati\\\/#breadcrumb\",\"itemListElement\":[{\"@type\":\"ListItem\",\"position\":1,\"name\":\"Po\u010detna stranica\",\"item\":\"https:\\\/\\\/radioljubuski.ba\\\/\"},{\"@type\":\"ListItem\",\"position\":2,\"name\":\"Sko\u010dibu\u0161i\u0107 o uvo\u0111enju restriktivnijih epidemiolo\u0161kih mjera, koliko \u0107e cjepiva biti uni\u0161teno, gdje i koliko \u0107e to ko\u0161tati\"}]},{\"@type\":\"WebSite\",\"@id\":\"https:\\\/\\\/radioljubuski.ba\\\/#website\",\"url\":\"https:\\\/\\\/radioljubuski.ba\\\/\",\"name\":\"Radio Ljubu\u0161ki\",\"description\":\"Sun\u010dana frekvencija Hercegovine\",\"publisher\":{\"@id\":\"https:\\\/\\\/radioljubuski.ba\\\/#organization\"},\"potentialAction\":[{\"@type\":\"SearchAction\",\"target\":{\"@type\":\"EntryPoint\",\"urlTemplate\":\"https:\\\/\\\/radioljubuski.ba\\\/?s={search_term_string}\"},\"query-input\":{\"@type\":\"PropertyValueSpecification\",\"valueRequired\":true,\"valueName\":\"search_term_string\"}}],\"inLanguage\":\"hr\"},{\"@type\":\"Organization\",\"@id\":\"https:\\\/\\\/radioljubuski.ba\\\/#organization\",\"name\":\"Radio Ljubu\u0161ki\",\"url\":\"https:\\\/\\\/radioljubuski.ba\\\/\",\"logo\":{\"@type\":\"ImageObject\",\"inLanguage\":\"hr\",\"@id\":\"https:\\\/\\\/radioljubuski.ba\\\/#\\\/schema\\\/logo\\\/image\\\/\",\"url\":\"https:\\\/\\\/radioljubuski.ba\\\/wp-content\\\/uploads\\\/2021\\\/02\\\/cropped-Radio_Ljubuski_logo1.jpg\",\"contentUrl\":\"https:\\\/\\\/radioljubuski.ba\\\/wp-content\\\/uploads\\\/2021\\\/02\\\/cropped-Radio_Ljubuski_logo1.jpg\",\"width\":512,\"height\":512,\"caption\":\"Radio Ljubu\u0161ki\"},\"image\":{\"@id\":\"https:\\\/\\\/radioljubuski.ba\\\/#\\\/schema\\\/logo\\\/image\\\/\"},\"sameAs\":[\"https:\\\/\\\/www.facebook.com\\\/Radiio-Ljubuski-1490835324566332\",\"https:\\\/\\\/x.com\\\/radioljubuski\",\"https:\\\/\\\/hr.linkedin.com\\\/company\\\/radio-ljubuski\",\"https:\\\/\\\/www.youtube.com\\\/channel\\\/UCHYaeO_n0Db3tjNGudGpXyw\"]},{\"@type\":\"Person\",\"@id\":\"https:\\\/\\\/radioljubuski.ba\\\/#\\\/schema\\\/person\\\/19fc700381a780f69665d7956c469e3b\",\"name\":\"Radio Ljubu\u0161ki\"}]}<\/script>\n<!-- \/ Yoast SEO plugin. -->","yoast_head_json":{"title":"Sko\u010dibu\u0161i\u0107 o uvo\u0111enju restriktivnijih epidemiolo\u0161kih mjera, koliko \u0107e cjepiva biti uni\u0161teno, gdje i koliko \u0107e to ko\u0161tati - RADIO LJUBU\u0160KI","robots":{"index":"index","follow":"follow","max-snippet":"max-snippet:-1","max-image-preview":"max-image-preview:large","max-video-preview":"max-video-preview:-1"},"canonical":"https:\/\/radioljubuski.ba\/index.php\/2021\/11\/03\/skocibusic-o-uvodenju-restriktivnijih-epidemioloskih-mjera-koliko-ce-cjepiva-biti-unisteno-gdje-i-koliko-ce-to-kostati\/","og_locale":"hr_HR","og_type":"article","og_title":"Sko\u010dibu\u0161i\u0107 o uvo\u0111enju restriktivnijih epidemiolo\u0161kih mjera, koliko \u0107e cjepiva biti uni\u0161teno, gdje i koliko \u0107e to ko\u0161tati - RADIO LJUBU\u0160KI","og_description":"Iako imamo za\u0161titu, a to je s jedne strane prebolijevanje, a s druge cijepljenje, mi smo trenutno u mrtvoj utrci &#8211; ho\u0107emo li se za\u0161tititi primarno cjepivom, ili \u0107emo pustiti da se to desi samo prebolijevanjem, ali \u0107e u tom slu\u010daju neki ljudi zavr\u0161iti fatalno, ka\u017ee mr. sc. dr. med. Sini\u0161a Sko\u010dibu\u0161i\u0107, infektolog. S direktorom [&hellip;]","og_url":"https:\/\/radioljubuski.ba\/index.php\/2021\/11\/03\/skocibusic-o-uvodenju-restriktivnijih-epidemioloskih-mjera-koliko-ce-cjepiva-biti-unisteno-gdje-i-koliko-ce-to-kostati\/","og_site_name":"RADIO LJUBU\u0160KI","article_publisher":"https:\/\/www.facebook.com\/Radiio-Ljubuski-1490835324566332","article_published_time":"2021-11-03T13:31:11+00:00","article_modified_time":"2021-11-03T13:31:12+00:00","og_image":[{"width":1000,"height":625,"url":"https:\/\/radioljubuski.ba\/wp-content\/uploads\/2021\/06\/2-2021-05-08-10-32-12-skocibusic-1.jpg","type":"image\/jpeg"}],"author":"Radio Ljubu\u0161ki","twitter_card":"summary_large_image","twitter_creator":"@radioljubuski","twitter_site":"@radioljubuski","twitter_misc":{"Napisao\/la":"Radio Ljubu\u0161ki","Procijenjeno vrijeme \u010ditanja":"8 minuta"},"schema":{"@context":"https:\/\/schema.org","@graph":[{"@type":"Article","@id":"https:\/\/radioljubuski.ba\/index.php\/2021\/11\/03\/skocibusic-o-uvodenju-restriktivnijih-epidemioloskih-mjera-koliko-ce-cjepiva-biti-unisteno-gdje-i-koliko-ce-to-kostati\/#article","isPartOf":{"@id":"https:\/\/radioljubuski.ba\/index.php\/2021\/11\/03\/skocibusic-o-uvodenju-restriktivnijih-epidemioloskih-mjera-koliko-ce-cjepiva-biti-unisteno-gdje-i-koliko-ce-to-kostati\/"},"author":{"name":"Radio Ljubu\u0161ki","@id":"https:\/\/radioljubuski.ba\/#\/schema\/person\/19fc700381a780f69665d7956c469e3b"},"headline":"Sko\u010dibu\u0161i\u0107 o uvo\u0111enju restriktivnijih epidemiolo\u0161kih mjera, koliko \u0107e cjepiva biti uni\u0161teno, gdje i koliko \u0107e to ko\u0161tati","datePublished":"2021-11-03T13:31:11+00:00","dateModified":"2021-11-03T13:31:12+00:00","mainEntityOfPage":{"@id":"https:\/\/radioljubuski.ba\/index.php\/2021\/11\/03\/skocibusic-o-uvodenju-restriktivnijih-epidemioloskih-mjera-koliko-ce-cjepiva-biti-unisteno-gdje-i-koliko-ce-to-kostati\/"},"wordCount":1808,"publisher":{"@id":"https:\/\/radioljubuski.ba\/#organization"},"image":{"@id":"https:\/\/radioljubuski.ba\/index.php\/2021\/11\/03\/skocibusic-o-uvodenju-restriktivnijih-epidemioloskih-mjera-koliko-ce-cjepiva-biti-unisteno-gdje-i-koliko-ce-to-kostati\/#primaryimage"},"thumbnailUrl":"https:\/\/radioljubuski.ba\/wp-content\/uploads\/2021\/06\/2-2021-05-08-10-32-12-skocibusic-1.jpg","articleSection":["BIH i regija"],"inLanguage":"hr"},{"@type":"WebPage","@id":"https:\/\/radioljubuski.ba\/index.php\/2021\/11\/03\/skocibusic-o-uvodenju-restriktivnijih-epidemioloskih-mjera-koliko-ce-cjepiva-biti-unisteno-gdje-i-koliko-ce-to-kostati\/","url":"https:\/\/radioljubuski.ba\/index.php\/2021\/11\/03\/skocibusic-o-uvodenju-restriktivnijih-epidemioloskih-mjera-koliko-ce-cjepiva-biti-unisteno-gdje-i-koliko-ce-to-kostati\/","name":"Sko\u010dibu\u0161i\u0107 o uvo\u0111enju restriktivnijih epidemiolo\u0161kih mjera, koliko \u0107e cjepiva biti uni\u0161teno, gdje i koliko \u0107e to ko\u0161tati - RADIO LJUBU\u0160KI","isPartOf":{"@id":"https:\/\/radioljubuski.ba\/#website"},"primaryImageOfPage":{"@id":"https:\/\/radioljubuski.ba\/index.php\/2021\/11\/03\/skocibusic-o-uvodenju-restriktivnijih-epidemioloskih-mjera-koliko-ce-cjepiva-biti-unisteno-gdje-i-koliko-ce-to-kostati\/#primaryimage"},"image":{"@id":"https:\/\/radioljubuski.ba\/index.php\/2021\/11\/03\/skocibusic-o-uvodenju-restriktivnijih-epidemioloskih-mjera-koliko-ce-cjepiva-biti-unisteno-gdje-i-koliko-ce-to-kostati\/#primaryimage"},"thumbnailUrl":"https:\/\/radioljubuski.ba\/wp-content\/uploads\/2021\/06\/2-2021-05-08-10-32-12-skocibusic-1.jpg","datePublished":"2021-11-03T13:31:11+00:00","dateModified":"2021-11-03T13:31:12+00:00","breadcrumb":{"@id":"https:\/\/radioljubuski.ba\/index.php\/2021\/11\/03\/skocibusic-o-uvodenju-restriktivnijih-epidemioloskih-mjera-koliko-ce-cjepiva-biti-unisteno-gdje-i-koliko-ce-to-kostati\/#breadcrumb"},"inLanguage":"hr","potentialAction":[{"@type":"ReadAction","target":["https:\/\/radioljubuski.ba\/index.php\/2021\/11\/03\/skocibusic-o-uvodenju-restriktivnijih-epidemioloskih-mjera-koliko-ce-cjepiva-biti-unisteno-gdje-i-koliko-ce-to-kostati\/"]}]},{"@type":"ImageObject","inLanguage":"hr","@id":"https:\/\/radioljubuski.ba\/index.php\/2021\/11\/03\/skocibusic-o-uvodenju-restriktivnijih-epidemioloskih-mjera-koliko-ce-cjepiva-biti-unisteno-gdje-i-koliko-ce-to-kostati\/#primaryimage","url":"https:\/\/radioljubuski.ba\/wp-content\/uploads\/2021\/06\/2-2021-05-08-10-32-12-skocibusic-1.jpg","contentUrl":"https:\/\/radioljubuski.ba\/wp-content\/uploads\/2021\/06\/2-2021-05-08-10-32-12-skocibusic-1.jpg","width":1000,"height":625},{"@type":"BreadcrumbList","@id":"https:\/\/radioljubuski.ba\/index.php\/2021\/11\/03\/skocibusic-o-uvodenju-restriktivnijih-epidemioloskih-mjera-koliko-ce-cjepiva-biti-unisteno-gdje-i-koliko-ce-to-kostati\/#breadcrumb","itemListElement":[{"@type":"ListItem","position":1,"name":"Po\u010detna stranica","item":"https:\/\/radioljubuski.ba\/"},{"@type":"ListItem","position":2,"name":"Sko\u010dibu\u0161i\u0107 o uvo\u0111enju restriktivnijih epidemiolo\u0161kih mjera, koliko \u0107e cjepiva biti uni\u0161teno, gdje i koliko \u0107e to ko\u0161tati"}]},{"@type":"WebSite","@id":"https:\/\/radioljubuski.ba\/#website","url":"https:\/\/radioljubuski.ba\/","name":"Radio Ljubu\u0161ki","description":"Sun\u010dana frekvencija Hercegovine","publisher":{"@id":"https:\/\/radioljubuski.ba\/#organization"},"potentialAction":[{"@type":"SearchAction","target":{"@type":"EntryPoint","urlTemplate":"https:\/\/radioljubuski.ba\/?s={search_term_string}"},"query-input":{"@type":"PropertyValueSpecification","valueRequired":true,"valueName":"search_term_string"}}],"inLanguage":"hr"},{"@type":"Organization","@id":"https:\/\/radioljubuski.ba\/#organization","name":"Radio Ljubu\u0161ki","url":"https:\/\/radioljubuski.ba\/","logo":{"@type":"ImageObject","inLanguage":"hr","@id":"https:\/\/radioljubuski.ba\/#\/schema\/logo\/image\/","url":"https:\/\/radioljubuski.ba\/wp-content\/uploads\/2021\/02\/cropped-Radio_Ljubuski_logo1.jpg","contentUrl":"https:\/\/radioljubuski.ba\/wp-content\/uploads\/2021\/02\/cropped-Radio_Ljubuski_logo1.jpg","width":512,"height":512,"caption":"Radio Ljubu\u0161ki"},"image":{"@id":"https:\/\/radioljubuski.ba\/#\/schema\/logo\/image\/"},"sameAs":["https:\/\/www.facebook.com\/Radiio-Ljubuski-1490835324566332","https:\/\/x.com\/radioljubuski","https:\/\/hr.linkedin.com\/company\/radio-ljubuski","https:\/\/www.youtube.com\/channel\/UCHYaeO_n0Db3tjNGudGpXyw"]},{"@type":"Person","@id":"https:\/\/radioljubuski.ba\/#\/schema\/person\/19fc700381a780f69665d7956c469e3b","name":"Radio Ljubu\u0161ki"}]}},"_links":{"self":[{"href":"https:\/\/radioljubuski.ba\/index.php\/wp-json\/wp\/v2\/posts\/84509","targetHints":{"allow":["GET"]}}],"collection":[{"href":"https:\/\/radioljubuski.ba\/index.php\/wp-json\/wp\/v2\/posts"}],"about":[{"href":"https:\/\/radioljubuski.ba\/index.php\/wp-json\/wp\/v2\/types\/post"}],"author":[{"embeddable":true,"href":"https:\/\/radioljubuski.ba\/index.php\/wp-json\/wp\/v2\/users\/2"}],"replies":[{"embeddable":true,"href":"https:\/\/radioljubuski.ba\/index.php\/wp-json\/wp\/v2\/comments?post=84509"}],"version-history":[{"count":1,"href":"https:\/\/radioljubuski.ba\/index.php\/wp-json\/wp\/v2\/posts\/84509\/revisions"}],"predecessor-version":[{"id":84510,"href":"https:\/\/radioljubuski.ba\/index.php\/wp-json\/wp\/v2\/posts\/84509\/revisions\/84510"}],"wp:featuredmedia":[{"embeddable":true,"href":"https:\/\/radioljubuski.ba\/index.php\/wp-json\/wp\/v2\/media\/35469"}],"wp:attachment":[{"href":"https:\/\/radioljubuski.ba\/index.php\/wp-json\/wp\/v2\/media?parent=84509"}],"wp:term":[{"taxonomy":"category","embeddable":true,"href":"https:\/\/radioljubuski.ba\/index.php\/wp-json\/wp\/v2\/categories?post=84509"},{"taxonomy":"post_tag","embeddable":true,"href":"https:\/\/radioljubuski.ba\/index.php\/wp-json\/wp\/v2\/tags?post=84509"}],"curies":[{"name":"wp","href":"https:\/\/api.w.org\/{rel}","templated":true}]}}