{"id":84516,"date":"2021-11-03T14:34:45","date_gmt":"2021-11-03T13:34:45","guid":{"rendered":"https:\/\/radioljubuski.ba\/?p=84516"},"modified":"2021-11-03T14:34:45","modified_gmt":"2021-11-03T13:34:45","slug":"pokusaj-otmice-nadine-mehmedovic-alarm-za-roditelje-i-djecu-u-bih","status":"publish","type":"post","link":"https:\/\/radioljubuski.ba\/index.php\/2021\/11\/03\/pokusaj-otmice-nadine-mehmedovic-alarm-za-roditelje-i-djecu-u-bih\/","title":{"rendered":"Poku\u0161aj otmice Nadine Mehmedovi\u0107 alarm za roditelje i djecu u BiH"},"content":{"rendered":"\n<p>Jedna od najve\u0107ih no\u0107nih mora svakoga roditelja na svijetu jest otmica ili poku\u0161aj otmice njihova djeteta. Javnost je posebno senzibilizirana za takve slu\u010dajeve koji dodatno unose nemir, podsje\u0107aju\u0107i nas na najgori mogu\u0107i na\u010din u kakvom okrutnom dru\u0161tvu danas \u017eivimo, pi\u0161e Ve\u010dernji list BiH.<\/p>\n\n\n\n<p>&nbsp;Otmice djece, na\u017ealost, svakodnevna su pojava koja puni novinske stupce i koja kod svih izaziva jednaku ogor\u010denost i strah jer nitko nije za\u0161ti\u0107en pred otima\u010dima i predatorima koji vrebaju svoj trenutak kako bi uni\u0161tili ne\u010diji \u017eivot i ne\u010dije \u017eivote. U nedjelju u ve\u010dernjim satima \u017ertva poku\u0161aja otmice bila je i mlada reprezentativka Bosne i Hercegovine u taekwondou maloljetna sedamnaestogodi\u0161nja Nadina Mehmedovi\u0107.<\/p>\n\n\n\n<p><strong>Nokautirala otmi\u010dara<\/strong><\/p>\n\n\n\n<p>Reprezentativka BiH bila je \u017ertva poku\u0161aja otmice u \u0160ijama, napisao je njezin otac Elvin na Facebooku.<\/p>\n\n\n\n<p>&#8211; \u017delimo obavijestiti javnost kako se dogodila nestvarna situacija u nedjelju u ve\u010dernjim satima. Nepoznate osobe poku\u0161ale su u \u0160ijama otmicu Nadine Mehmedovi\u0107, reprezentativke Bosne i Hercegovine u taekwondou. Poku\u0161ali su je na silu ugurati u auto uz prijetnje i fizi\u010dku silu te su joj nanijeli lak\u0161e tjelesne ozljede. Uz Bo\u017eju pomo\u0107 i zahvaljuju\u0107i njezinu iskustvu u borbama na natjecanjima, uspjela je jednog otmi\u010dara nokautirati i pobje\u0107i te izbje\u0107i najgori scenarij. Ovo objavljujem kako se ne bi dogodilo nekome ponovno, kako bismo se pazili nemilih doga\u0111aja itd. Napominjem da zbog istrage policije ne mo\u017eemo otkriti vi\u0161e detalja i da je istraga u tijeku.<\/p>\n\n\n\n<p>Nadina je prije nekoliko dana napunila 17 godina i kao maloljetna osoba uspjela se izvu\u0107i iz najgore mogu\u0107e situacije. Svi smo u \u0161oku zbog ovog doga\u0111aja, ako je netko ne\u0161to vidio ili zna, svaka informacija \u0107e nam dobro do\u0107i &#8211; napisao je Elvin Mehmedovi\u0107.<\/p>\n\n\n\n<p>Bez nekih detaljnih obja\u0161njenja mediji su objavili u ponedjeljak kako policija istra\u017euje ovaj slu\u010daj. Ovo je samo jedan u nizu poku\u0161aja otmice i otmice djece, koji su sve u\u010destaliji, kako u svijetu tako i u regiji, pa i kod nas. Svaki novi slu\u010daj ponovno aktualizira pitanje kako na najbolji na\u010din za\u0161tititi djecu od ovakvih brutalnih scenarija.<\/p>\n\n\n\n<p>U jednakoj su opasnosti mala djeca, kao i tinejd\u017eeri, pa je stoga potrebno stalno upu\u0107ivati na ovaj problem i poku\u0161ati ga rje\u0161avati metodama prevencije. Nadina se, kako je rekao njezin otac, zahvaljuju\u0107i ogromnom iskustvu na natjecanjima i bavljenju borila\u010dkom vje\u0161tinom taekwondo, uspjela obraniti i pobje\u0107i. Me\u0111utim, unato\u010d poznavanju borila\u010dkih vje\u0161tina, obrana od eventualnog napada i otmice ovisi o brojnim okolnostima. Kako nam je rekao Franko Lesko iz Krav Maga kluba Hercegovina, nekada se primjenom borila\u010dkih vje\u0161tina uspje\u0161no mo\u017ee obraniti i od pet napada\u010da, a nekad te\u0161ko i od jednog jer je mnogo okolnosti presudno kod ovakvih slu\u010dajeva.<\/p>\n\n\n\n<p>Postoje mnogi programi za djecu i tinejd\u017eere gdje se mogu istrenirati i pripremiti za samoobranu. Krav Maga Hercegovina u svom programu ima treninge za djecu i tinejd\u017eere. Oni se provode prema programu Kids &amp; Teens organizacije Krav Maga Global. Prilago\u0111eni su za djecu od 5 do 15 godina, a provode se u manjim skupinama do 15 djece.<\/p>\n\n\n\n<p>Uz stru\u010dno vodstvo Krav Maga instruktora djeca u\u010de kako prepoznati mogu\u0107e opasne ili konfliktne situacije, koji je najbolji na\u010din da ih sprije\u010de, izbjegnu i rije\u0161e te, ako je potrebno, kako se za\u0161tititi u slu\u010daju fizi\u010dkog kontakta. Tako\u0111er grade i ja\u010daju samopouzdanje i kondicijsku spremu te razvijaju motori\u010dke i funkcionalne sposobnosti. Kako nam je rekao Lesko, trenuta\u010dno je veliko zanimanje za ovaj sveobuhvatni program osobne za\u0161tite za mlade, a imaju po dvije skupine u Mostaru i \u010citluku te po jednu skupinu u \u0160irokom Brijegu i Ljubu\u0161kom.<\/p>\n\n\n\n<p>Na tim programima, osim fizi\u010dke pripreme i treninga, treneri u razgovoru s djecom i mladima jako puno rade i stavljaju naglasak na prevenciju. Pri tome primarno misle na korake koje djeca trebaju poduzeti kako bi bila sigurna u dana\u0161nje vrijeme izra\u017eenoga kiberneti\u010dkog kriminala, trgovine ljudima i bijelim robljem te izlo\u017eenosti kojekakvim nasilnicima i predatorima koji vrebaju sa svih strana. Prevencija je pola posla u spre\u010davanju ovakvih nemilih doga\u0111aja.<\/p>\n\n\n\n<p><strong>Prevencija<\/strong><\/p>\n\n\n\n<p>Kako za\u0161titi djecu i mlade od ovih i sli\u010dnih opasnosti? S djecom o mogu\u0107nostima da im se ne\u0161to lo\u0161e dogodi treba razgovarati od najranije dobi, jo\u0161 u pred\u0161kolskoj dobi. To svakako trebaju \u010diniti roditelji, ali to mora biti i dijelom odgoja u vrti\u0107u i \u0161koli. Pritom ne treba djecu pretjerano pla\u0161iti.<\/p>\n\n\n\n<p>Psiholozi tvrde kako s mla\u0111im djetetom nije dovoljno samo razgovarati nego i vje\u017ebati takve situacije kroz igru, mirno, tako da se dijete previ\u0161e ne prepla\u0161i, ali da shvati kako se i takve stvari, kao \u0161to su zlostavljanja i otmice, doga\u0111aju. &#8211; Prije svega, vje\u017ebajte s djetetom kako glasno re\u0107i \u201cne\u201d i glasno zvati pomo\u0107.<\/p>\n\n\n\n<p>Tako\u0111er, nau\u010dite ga da odmah poku\u0161a potr\u010dati do prve odrasle osobe kako bi zatra\u017eilo pomo\u0107. Dijete bi svakako moralo uz svoje ime i adresu znati i broj mobilnoga telefona barem jednog roditelja ili u d\u017eepu imati papiri\u0107 na kojem pi\u0161e koga treba kontaktirati ako se izgubi ili zatra\u017ei pomo\u0107, dok starija djeca moraju znati i broj policije.<\/p>\n\n\n\n<p>Nu\u017eno je djeci postaviti i odre\u0111ena pravila jer ona vole pravila. Djecu svakako upozorite na to da zlonamjerni ljudi ne izgledaju uvijek opasno i ne moraju se pona\u0161ati \u010dudno te da mogu poku\u0161ati zadobiti njihovo povjerenje slatki\u0161ima ili time da im dopuste da se igraju s njihovim psi\u0107em, sjednu za upravlja\u010d njihova automobila i sli\u010dno.<\/p>\n\n\n\n<p>Zlostavlja\u010d ili napada\u010d na djecu ne mora nu\u017eno biti nepoznata osoba. S djetetom raspravljajte o tome kojim putem se vra\u0107a iz \u0161kole i dogovorite da se obvezno javi ako se iz \u0161kole ne vra\u0107a ravno ku\u0107i. Upoznajte roditelje njegovih vr\u0161njaka i razmijenite brojeve te se dogovarajte o tome da pratite djecu na treninge ili koncerte naizmjence.<\/p>\n\n\n\n<p>Kako dijete raste, potrebno ga je podu\u010diti tehnikama samoobrane ako ga nepoznata odrasla osoba poku\u0161a odvu\u0107i. Na primjer, nau\u010diti dijete da se u takvoj situaciji \u010dvrsto uhvati za drvo, bicikl ili prometni znak na ulici kako bi ote\u017ealo napada\u010du da ga odvede u \u017eeljenom smjeru ili da se dr\u017ei tehnike vjetrenja\u010de &#8211; neka ra\u0161iri ruke i ma\u0161e njima u velikom krugu jer \u0107e tako tako\u0111er ote\u017eati napada\u010du da ga \u010dvrsto uhvati. Nau\u010dite dijete da u takvoj situaciji glasno vi\u010de ili mu dajte zvi\u017edaljku koju mo\u017ee nositi oko vrata kako bi u slu\u010daju napada moglo izazvati pa\u017enju drugih ljudi. I nau\u010dite ga da, \u010dim se otrgne, potr\u010di do prve odrasle osobe i zatra\u017ei pomo\u0107. Gradite odnos povjerenja, ne straha od autoriteta.<\/p>\n\n\n\n<p>Dijete vam uvijek mora mo\u0107i re\u0107i kod koga je i koliko \u0107e se zadr\u017eati te znati da mora nazvati ako se plan promijenio. Dakle, ne bismo smjeli samo podle\u0107i panici zbog mogu\u0107nosti da netko nepoznat otme dijete, nego imati na umu da treba ja\u010dati djetetovu svijest o tome kako se za\u0161tititi u svakoj situaciji koja je za njega neugodna.<\/p>\n\n\n\n<p>U dana\u0161nje vrijeme posebno treba obratiti pozornost i na aktivnosti i izlo\u017eenosti djece na internetu. Prema nekim istra\u017eivanjima, oko 50% djece u vrti\u0107u i 1. razredu osnovne \u0161kole ima interakciju s ljudima preko interneta. Kako je to omiljeni alat otmi\u010dara djece, nikad nije prerano krenuti s preventivnim strategijama: upoznajte se s online aktivnostima svoga djeteta, upozorite ga da ne daje svoje osobne podatke nepoznatima, izbjegavajte postavljanje fotografija djece na dru\u0161tvene mre\u017ee i sli\u010dno.<\/p>\n\n\n\n<p>Nadina je uz lak\u0161e tjelesne ozljede uspjela pobje\u0107i iz ruku otmi\u010dara koriste\u0107i poznavanje borila\u010dkih vje\u0161tina, ali mnogo je drugih slu\u010dajeva otmica djece u BiH i regiji i do dana\u0161njeg dana nerije\u0161enih. Neka nam svaki dan na umu bude preventivno djelovanje koje \u0107e smanjiti broj ovih u\u017easnih kaznenih djela. Tako\u0111er, stro\u017ee kazne za po\u010dinitelje mogle bi biti klju\u010dan trenutak u prevenciji i za\u0161titi na\u0161ih najmla\u0111ih.<\/p>\n\n\n\n<p>Izvor:vecernji.ba<\/p>\n","protected":false},"excerpt":{"rendered":"<p>Jedna od najve\u0107ih no\u0107nih mora svakoga roditelja na svijetu jest otmica ili poku\u0161aj otmice njihova djeteta. Javnost je posebno senzibilizirana za takve slu\u010dajeve koji dodatno unose nemir, podsje\u0107aju\u0107i nas na najgori mogu\u0107i na\u010din u kakvom okrutnom dru\u0161tvu danas \u017eivimo, pi\u0161e Ve\u010dernji list BiH. &nbsp;Otmice djece, na\u017ealost, svakodnevna su pojava koja puni novinske stupce i koja [&hellip;]<\/p>\n","protected":false},"author":2,"featured_media":84517,"comment_status":"closed","ping_status":"closed","sticky":false,"template":"","format":"standard","meta":{"h5ap_radio_sources":[],"footnotes":""},"categories":[1],"tags":[],"class_list":["post-84516","post","type-post","status-publish","format-standard","has-post-thumbnail","hentry","category-bihiregija"],"yoast_head":"<!-- This site is optimized with the Yoast SEO plugin v27.5 - https:\/\/yoast.com\/product\/yoast-seo-wordpress\/ -->\n<title>Poku\u0161aj otmice Nadine Mehmedovi\u0107 alarm za roditelje i djecu u BiH - RADIO LJUBU\u0160KI<\/title>\n<meta name=\"robots\" content=\"index, follow, max-snippet:-1, max-image-preview:large, max-video-preview:-1\" \/>\n<link rel=\"canonical\" href=\"https:\/\/radioljubuski.ba\/index.php\/2021\/11\/03\/pokusaj-otmice-nadine-mehmedovic-alarm-za-roditelje-i-djecu-u-bih\/\" \/>\n<meta property=\"og:locale\" content=\"hr_HR\" \/>\n<meta property=\"og:type\" content=\"article\" \/>\n<meta property=\"og:title\" content=\"Poku\u0161aj otmice Nadine Mehmedovi\u0107 alarm za roditelje i djecu u BiH - RADIO LJUBU\u0160KI\" \/>\n<meta property=\"og:description\" content=\"Jedna od najve\u0107ih no\u0107nih mora svakoga roditelja na svijetu jest otmica ili poku\u0161aj otmice njihova djeteta. Javnost je posebno senzibilizirana za takve slu\u010dajeve koji dodatno unose nemir, podsje\u0107aju\u0107i nas na najgori mogu\u0107i na\u010din u kakvom okrutnom dru\u0161tvu danas \u017eivimo, pi\u0161e Ve\u010dernji list BiH. &nbsp;Otmice djece, na\u017ealost, svakodnevna su pojava koja puni novinske stupce i koja [&hellip;]\" \/>\n<meta property=\"og:url\" content=\"https:\/\/radioljubuski.ba\/index.php\/2021\/11\/03\/pokusaj-otmice-nadine-mehmedovic-alarm-za-roditelje-i-djecu-u-bih\/\" \/>\n<meta property=\"og:site_name\" content=\"RADIO LJUBU\u0160KI\" \/>\n<meta property=\"article:publisher\" content=\"https:\/\/www.facebook.com\/Radiio-Ljubuski-1490835324566332\" \/>\n<meta property=\"article:published_time\" content=\"2021-11-03T13:34:45+00:00\" \/>\n<meta property=\"og:image\" content=\"https:\/\/radioljubuski.ba\/wp-content\/uploads\/2021\/11\/3-2021-11-03-09-17-11-NADINA.png\" \/>\n\t<meta property=\"og:image:width\" content=\"1000\" \/>\n\t<meta property=\"og:image:height\" content=\"625\" \/>\n\t<meta property=\"og:image:type\" content=\"image\/png\" \/>\n<meta name=\"author\" content=\"Radio Ljubu\u0161ki\" \/>\n<meta name=\"twitter:card\" content=\"summary_large_image\" \/>\n<meta name=\"twitter:creator\" content=\"@radioljubuski\" \/>\n<meta name=\"twitter:site\" content=\"@radioljubuski\" \/>\n<meta name=\"twitter:label1\" content=\"Napisao\/la\" \/>\n\t<meta name=\"twitter:data1\" content=\"Radio Ljubu\u0161ki\" \/>\n\t<meta name=\"twitter:label2\" content=\"Procijenjeno vrijeme \u010ditanja\" \/>\n\t<meta name=\"twitter:data2\" content=\"6 minuta\" \/>\n<script type=\"application\/ld+json\" class=\"yoast-schema-graph\">{\"@context\":\"https:\\\/\\\/schema.org\",\"@graph\":[{\"@type\":\"Article\",\"@id\":\"https:\\\/\\\/radioljubuski.ba\\\/index.php\\\/2021\\\/11\\\/03\\\/pokusaj-otmice-nadine-mehmedovic-alarm-za-roditelje-i-djecu-u-bih\\\/#article\",\"isPartOf\":{\"@id\":\"https:\\\/\\\/radioljubuski.ba\\\/index.php\\\/2021\\\/11\\\/03\\\/pokusaj-otmice-nadine-mehmedovic-alarm-za-roditelje-i-djecu-u-bih\\\/\"},\"author\":{\"name\":\"Radio Ljubu\u0161ki\",\"@id\":\"https:\\\/\\\/radioljubuski.ba\\\/#\\\/schema\\\/person\\\/19fc700381a780f69665d7956c469e3b\"},\"headline\":\"Poku\u0161aj otmice Nadine Mehmedovi\u0107 alarm za roditelje i djecu u BiH\",\"datePublished\":\"2021-11-03T13:34:45+00:00\",\"mainEntityOfPage\":{\"@id\":\"https:\\\/\\\/radioljubuski.ba\\\/index.php\\\/2021\\\/11\\\/03\\\/pokusaj-otmice-nadine-mehmedovic-alarm-za-roditelje-i-djecu-u-bih\\\/\"},\"wordCount\":1414,\"publisher\":{\"@id\":\"https:\\\/\\\/radioljubuski.ba\\\/#organization\"},\"image\":{\"@id\":\"https:\\\/\\\/radioljubuski.ba\\\/index.php\\\/2021\\\/11\\\/03\\\/pokusaj-otmice-nadine-mehmedovic-alarm-za-roditelje-i-djecu-u-bih\\\/#primaryimage\"},\"thumbnailUrl\":\"https:\\\/\\\/radioljubuski.ba\\\/wp-content\\\/uploads\\\/2021\\\/11\\\/3-2021-11-03-09-17-11-NADINA.png\",\"articleSection\":[\"BIH i regija\"],\"inLanguage\":\"hr\"},{\"@type\":\"WebPage\",\"@id\":\"https:\\\/\\\/radioljubuski.ba\\\/index.php\\\/2021\\\/11\\\/03\\\/pokusaj-otmice-nadine-mehmedovic-alarm-za-roditelje-i-djecu-u-bih\\\/\",\"url\":\"https:\\\/\\\/radioljubuski.ba\\\/index.php\\\/2021\\\/11\\\/03\\\/pokusaj-otmice-nadine-mehmedovic-alarm-za-roditelje-i-djecu-u-bih\\\/\",\"name\":\"Poku\u0161aj otmice Nadine Mehmedovi\u0107 alarm za roditelje i djecu u BiH - RADIO LJUBU\u0160KI\",\"isPartOf\":{\"@id\":\"https:\\\/\\\/radioljubuski.ba\\\/#website\"},\"primaryImageOfPage\":{\"@id\":\"https:\\\/\\\/radioljubuski.ba\\\/index.php\\\/2021\\\/11\\\/03\\\/pokusaj-otmice-nadine-mehmedovic-alarm-za-roditelje-i-djecu-u-bih\\\/#primaryimage\"},\"image\":{\"@id\":\"https:\\\/\\\/radioljubuski.ba\\\/index.php\\\/2021\\\/11\\\/03\\\/pokusaj-otmice-nadine-mehmedovic-alarm-za-roditelje-i-djecu-u-bih\\\/#primaryimage\"},\"thumbnailUrl\":\"https:\\\/\\\/radioljubuski.ba\\\/wp-content\\\/uploads\\\/2021\\\/11\\\/3-2021-11-03-09-17-11-NADINA.png\",\"datePublished\":\"2021-11-03T13:34:45+00:00\",\"breadcrumb\":{\"@id\":\"https:\\\/\\\/radioljubuski.ba\\\/index.php\\\/2021\\\/11\\\/03\\\/pokusaj-otmice-nadine-mehmedovic-alarm-za-roditelje-i-djecu-u-bih\\\/#breadcrumb\"},\"inLanguage\":\"hr\",\"potentialAction\":[{\"@type\":\"ReadAction\",\"target\":[\"https:\\\/\\\/radioljubuski.ba\\\/index.php\\\/2021\\\/11\\\/03\\\/pokusaj-otmice-nadine-mehmedovic-alarm-za-roditelje-i-djecu-u-bih\\\/\"]}]},{\"@type\":\"ImageObject\",\"inLanguage\":\"hr\",\"@id\":\"https:\\\/\\\/radioljubuski.ba\\\/index.php\\\/2021\\\/11\\\/03\\\/pokusaj-otmice-nadine-mehmedovic-alarm-za-roditelje-i-djecu-u-bih\\\/#primaryimage\",\"url\":\"https:\\\/\\\/radioljubuski.ba\\\/wp-content\\\/uploads\\\/2021\\\/11\\\/3-2021-11-03-09-17-11-NADINA.png\",\"contentUrl\":\"https:\\\/\\\/radioljubuski.ba\\\/wp-content\\\/uploads\\\/2021\\\/11\\\/3-2021-11-03-09-17-11-NADINA.png\",\"width\":1000,\"height\":625},{\"@type\":\"BreadcrumbList\",\"@id\":\"https:\\\/\\\/radioljubuski.ba\\\/index.php\\\/2021\\\/11\\\/03\\\/pokusaj-otmice-nadine-mehmedovic-alarm-za-roditelje-i-djecu-u-bih\\\/#breadcrumb\",\"itemListElement\":[{\"@type\":\"ListItem\",\"position\":1,\"name\":\"Po\u010detna stranica\",\"item\":\"https:\\\/\\\/radioljubuski.ba\\\/\"},{\"@type\":\"ListItem\",\"position\":2,\"name\":\"Poku\u0161aj otmice Nadine Mehmedovi\u0107 alarm za roditelje i djecu u BiH\"}]},{\"@type\":\"WebSite\",\"@id\":\"https:\\\/\\\/radioljubuski.ba\\\/#website\",\"url\":\"https:\\\/\\\/radioljubuski.ba\\\/\",\"name\":\"Radio Ljubu\u0161ki\",\"description\":\"Sun\u010dana frekvencija Hercegovine\",\"publisher\":{\"@id\":\"https:\\\/\\\/radioljubuski.ba\\\/#organization\"},\"potentialAction\":[{\"@type\":\"SearchAction\",\"target\":{\"@type\":\"EntryPoint\",\"urlTemplate\":\"https:\\\/\\\/radioljubuski.ba\\\/?s={search_term_string}\"},\"query-input\":{\"@type\":\"PropertyValueSpecification\",\"valueRequired\":true,\"valueName\":\"search_term_string\"}}],\"inLanguage\":\"hr\"},{\"@type\":\"Organization\",\"@id\":\"https:\\\/\\\/radioljubuski.ba\\\/#organization\",\"name\":\"Radio Ljubu\u0161ki\",\"url\":\"https:\\\/\\\/radioljubuski.ba\\\/\",\"logo\":{\"@type\":\"ImageObject\",\"inLanguage\":\"hr\",\"@id\":\"https:\\\/\\\/radioljubuski.ba\\\/#\\\/schema\\\/logo\\\/image\\\/\",\"url\":\"https:\\\/\\\/radioljubuski.ba\\\/wp-content\\\/uploads\\\/2021\\\/02\\\/cropped-Radio_Ljubuski_logo1.jpg\",\"contentUrl\":\"https:\\\/\\\/radioljubuski.ba\\\/wp-content\\\/uploads\\\/2021\\\/02\\\/cropped-Radio_Ljubuski_logo1.jpg\",\"width\":512,\"height\":512,\"caption\":\"Radio Ljubu\u0161ki\"},\"image\":{\"@id\":\"https:\\\/\\\/radioljubuski.ba\\\/#\\\/schema\\\/logo\\\/image\\\/\"},\"sameAs\":[\"https:\\\/\\\/www.facebook.com\\\/Radiio-Ljubuski-1490835324566332\",\"https:\\\/\\\/x.com\\\/radioljubuski\",\"https:\\\/\\\/hr.linkedin.com\\\/company\\\/radio-ljubuski\",\"https:\\\/\\\/www.youtube.com\\\/channel\\\/UCHYaeO_n0Db3tjNGudGpXyw\"]},{\"@type\":\"Person\",\"@id\":\"https:\\\/\\\/radioljubuski.ba\\\/#\\\/schema\\\/person\\\/19fc700381a780f69665d7956c469e3b\",\"name\":\"Radio Ljubu\u0161ki\"}]}<\/script>\n<!-- \/ Yoast SEO plugin. -->","yoast_head_json":{"title":"Poku\u0161aj otmice Nadine Mehmedovi\u0107 alarm za roditelje i djecu u BiH - RADIO LJUBU\u0160KI","robots":{"index":"index","follow":"follow","max-snippet":"max-snippet:-1","max-image-preview":"max-image-preview:large","max-video-preview":"max-video-preview:-1"},"canonical":"https:\/\/radioljubuski.ba\/index.php\/2021\/11\/03\/pokusaj-otmice-nadine-mehmedovic-alarm-za-roditelje-i-djecu-u-bih\/","og_locale":"hr_HR","og_type":"article","og_title":"Poku\u0161aj otmice Nadine Mehmedovi\u0107 alarm za roditelje i djecu u BiH - RADIO LJUBU\u0160KI","og_description":"Jedna od najve\u0107ih no\u0107nih mora svakoga roditelja na svijetu jest otmica ili poku\u0161aj otmice njihova djeteta. Javnost je posebno senzibilizirana za takve slu\u010dajeve koji dodatno unose nemir, podsje\u0107aju\u0107i nas na najgori mogu\u0107i na\u010din u kakvom okrutnom dru\u0161tvu danas \u017eivimo, pi\u0161e Ve\u010dernji list BiH. &nbsp;Otmice djece, na\u017ealost, svakodnevna su pojava koja puni novinske stupce i koja [&hellip;]","og_url":"https:\/\/radioljubuski.ba\/index.php\/2021\/11\/03\/pokusaj-otmice-nadine-mehmedovic-alarm-za-roditelje-i-djecu-u-bih\/","og_site_name":"RADIO LJUBU\u0160KI","article_publisher":"https:\/\/www.facebook.com\/Radiio-Ljubuski-1490835324566332","article_published_time":"2021-11-03T13:34:45+00:00","og_image":[{"width":1000,"height":625,"url":"https:\/\/radioljubuski.ba\/wp-content\/uploads\/2021\/11\/3-2021-11-03-09-17-11-NADINA.png","type":"image\/png"}],"author":"Radio Ljubu\u0161ki","twitter_card":"summary_large_image","twitter_creator":"@radioljubuski","twitter_site":"@radioljubuski","twitter_misc":{"Napisao\/la":"Radio Ljubu\u0161ki","Procijenjeno vrijeme \u010ditanja":"6 minuta"},"schema":{"@context":"https:\/\/schema.org","@graph":[{"@type":"Article","@id":"https:\/\/radioljubuski.ba\/index.php\/2021\/11\/03\/pokusaj-otmice-nadine-mehmedovic-alarm-za-roditelje-i-djecu-u-bih\/#article","isPartOf":{"@id":"https:\/\/radioljubuski.ba\/index.php\/2021\/11\/03\/pokusaj-otmice-nadine-mehmedovic-alarm-za-roditelje-i-djecu-u-bih\/"},"author":{"name":"Radio Ljubu\u0161ki","@id":"https:\/\/radioljubuski.ba\/#\/schema\/person\/19fc700381a780f69665d7956c469e3b"},"headline":"Poku\u0161aj otmice Nadine Mehmedovi\u0107 alarm za roditelje i djecu u BiH","datePublished":"2021-11-03T13:34:45+00:00","mainEntityOfPage":{"@id":"https:\/\/radioljubuski.ba\/index.php\/2021\/11\/03\/pokusaj-otmice-nadine-mehmedovic-alarm-za-roditelje-i-djecu-u-bih\/"},"wordCount":1414,"publisher":{"@id":"https:\/\/radioljubuski.ba\/#organization"},"image":{"@id":"https:\/\/radioljubuski.ba\/index.php\/2021\/11\/03\/pokusaj-otmice-nadine-mehmedovic-alarm-za-roditelje-i-djecu-u-bih\/#primaryimage"},"thumbnailUrl":"https:\/\/radioljubuski.ba\/wp-content\/uploads\/2021\/11\/3-2021-11-03-09-17-11-NADINA.png","articleSection":["BIH i regija"],"inLanguage":"hr"},{"@type":"WebPage","@id":"https:\/\/radioljubuski.ba\/index.php\/2021\/11\/03\/pokusaj-otmice-nadine-mehmedovic-alarm-za-roditelje-i-djecu-u-bih\/","url":"https:\/\/radioljubuski.ba\/index.php\/2021\/11\/03\/pokusaj-otmice-nadine-mehmedovic-alarm-za-roditelje-i-djecu-u-bih\/","name":"Poku\u0161aj otmice Nadine Mehmedovi\u0107 alarm za roditelje i djecu u BiH - RADIO LJUBU\u0160KI","isPartOf":{"@id":"https:\/\/radioljubuski.ba\/#website"},"primaryImageOfPage":{"@id":"https:\/\/radioljubuski.ba\/index.php\/2021\/11\/03\/pokusaj-otmice-nadine-mehmedovic-alarm-za-roditelje-i-djecu-u-bih\/#primaryimage"},"image":{"@id":"https:\/\/radioljubuski.ba\/index.php\/2021\/11\/03\/pokusaj-otmice-nadine-mehmedovic-alarm-za-roditelje-i-djecu-u-bih\/#primaryimage"},"thumbnailUrl":"https:\/\/radioljubuski.ba\/wp-content\/uploads\/2021\/11\/3-2021-11-03-09-17-11-NADINA.png","datePublished":"2021-11-03T13:34:45+00:00","breadcrumb":{"@id":"https:\/\/radioljubuski.ba\/index.php\/2021\/11\/03\/pokusaj-otmice-nadine-mehmedovic-alarm-za-roditelje-i-djecu-u-bih\/#breadcrumb"},"inLanguage":"hr","potentialAction":[{"@type":"ReadAction","target":["https:\/\/radioljubuski.ba\/index.php\/2021\/11\/03\/pokusaj-otmice-nadine-mehmedovic-alarm-za-roditelje-i-djecu-u-bih\/"]}]},{"@type":"ImageObject","inLanguage":"hr","@id":"https:\/\/radioljubuski.ba\/index.php\/2021\/11\/03\/pokusaj-otmice-nadine-mehmedovic-alarm-za-roditelje-i-djecu-u-bih\/#primaryimage","url":"https:\/\/radioljubuski.ba\/wp-content\/uploads\/2021\/11\/3-2021-11-03-09-17-11-NADINA.png","contentUrl":"https:\/\/radioljubuski.ba\/wp-content\/uploads\/2021\/11\/3-2021-11-03-09-17-11-NADINA.png","width":1000,"height":625},{"@type":"BreadcrumbList","@id":"https:\/\/radioljubuski.ba\/index.php\/2021\/11\/03\/pokusaj-otmice-nadine-mehmedovic-alarm-za-roditelje-i-djecu-u-bih\/#breadcrumb","itemListElement":[{"@type":"ListItem","position":1,"name":"Po\u010detna stranica","item":"https:\/\/radioljubuski.ba\/"},{"@type":"ListItem","position":2,"name":"Poku\u0161aj otmice Nadine Mehmedovi\u0107 alarm za roditelje i djecu u BiH"}]},{"@type":"WebSite","@id":"https:\/\/radioljubuski.ba\/#website","url":"https:\/\/radioljubuski.ba\/","name":"Radio Ljubu\u0161ki","description":"Sun\u010dana frekvencija Hercegovine","publisher":{"@id":"https:\/\/radioljubuski.ba\/#organization"},"potentialAction":[{"@type":"SearchAction","target":{"@type":"EntryPoint","urlTemplate":"https:\/\/radioljubuski.ba\/?s={search_term_string}"},"query-input":{"@type":"PropertyValueSpecification","valueRequired":true,"valueName":"search_term_string"}}],"inLanguage":"hr"},{"@type":"Organization","@id":"https:\/\/radioljubuski.ba\/#organization","name":"Radio Ljubu\u0161ki","url":"https:\/\/radioljubuski.ba\/","logo":{"@type":"ImageObject","inLanguage":"hr","@id":"https:\/\/radioljubuski.ba\/#\/schema\/logo\/image\/","url":"https:\/\/radioljubuski.ba\/wp-content\/uploads\/2021\/02\/cropped-Radio_Ljubuski_logo1.jpg","contentUrl":"https:\/\/radioljubuski.ba\/wp-content\/uploads\/2021\/02\/cropped-Radio_Ljubuski_logo1.jpg","width":512,"height":512,"caption":"Radio Ljubu\u0161ki"},"image":{"@id":"https:\/\/radioljubuski.ba\/#\/schema\/logo\/image\/"},"sameAs":["https:\/\/www.facebook.com\/Radiio-Ljubuski-1490835324566332","https:\/\/x.com\/radioljubuski","https:\/\/hr.linkedin.com\/company\/radio-ljubuski","https:\/\/www.youtube.com\/channel\/UCHYaeO_n0Db3tjNGudGpXyw"]},{"@type":"Person","@id":"https:\/\/radioljubuski.ba\/#\/schema\/person\/19fc700381a780f69665d7956c469e3b","name":"Radio Ljubu\u0161ki"}]}},"_links":{"self":[{"href":"https:\/\/radioljubuski.ba\/index.php\/wp-json\/wp\/v2\/posts\/84516","targetHints":{"allow":["GET"]}}],"collection":[{"href":"https:\/\/radioljubuski.ba\/index.php\/wp-json\/wp\/v2\/posts"}],"about":[{"href":"https:\/\/radioljubuski.ba\/index.php\/wp-json\/wp\/v2\/types\/post"}],"author":[{"embeddable":true,"href":"https:\/\/radioljubuski.ba\/index.php\/wp-json\/wp\/v2\/users\/2"}],"replies":[{"embeddable":true,"href":"https:\/\/radioljubuski.ba\/index.php\/wp-json\/wp\/v2\/comments?post=84516"}],"version-history":[{"count":1,"href":"https:\/\/radioljubuski.ba\/index.php\/wp-json\/wp\/v2\/posts\/84516\/revisions"}],"predecessor-version":[{"id":84518,"href":"https:\/\/radioljubuski.ba\/index.php\/wp-json\/wp\/v2\/posts\/84516\/revisions\/84518"}],"wp:featuredmedia":[{"embeddable":true,"href":"https:\/\/radioljubuski.ba\/index.php\/wp-json\/wp\/v2\/media\/84517"}],"wp:attachment":[{"href":"https:\/\/radioljubuski.ba\/index.php\/wp-json\/wp\/v2\/media?parent=84516"}],"wp:term":[{"taxonomy":"category","embeddable":true,"href":"https:\/\/radioljubuski.ba\/index.php\/wp-json\/wp\/v2\/categories?post=84516"},{"taxonomy":"post_tag","embeddable":true,"href":"https:\/\/radioljubuski.ba\/index.php\/wp-json\/wp\/v2\/tags?post=84516"}],"curies":[{"name":"wp","href":"https:\/\/api.w.org\/{rel}","templated":true}]}}