{"id":84527,"date":"2021-11-03T14:40:09","date_gmt":"2021-11-03T13:40:09","guid":{"rendered":"https:\/\/radioljubuski.ba\/?p=84527"},"modified":"2021-11-03T14:40:10","modified_gmt":"2021-11-03T13:40:10","slug":"25-milijuna-dolara-odstete-zbog-dijeljenja-fotografija-s-mjesta-nesrece-kobea-bryanta","status":"publish","type":"post","link":"https:\/\/radioljubuski.ba\/index.php\/2021\/11\/03\/25-milijuna-dolara-odstete-zbog-dijeljenja-fotografija-s-mjesta-nesrece-kobea-bryanta\/","title":{"rendered":"2,5 milijuna dolara od\u0161tete zbog dijeljenja fotografija s mjesta nesre\u0107e Kobea Bryanta"},"content":{"rendered":"\n<p>Dvije obitelji, \u010diji su \u010dlanovi poginuli u padu helikoptera u kojem je \u017eivot izgubio i ameri\u010dki ko\u0161arka\u0161 Kobe Bryant u sije\u010dnju 2020., dobit \u0107e 2,5 milijuna dolara od\u0161tete zbog ilegalnog dijeljenja fotografija s mjesta nesre\u0107e.<\/p>\n\n\n\n<p>Sporazum o od\u0161teti objavljen u utorak ne odnosi se na udovicu ko\u0161arka\u0161ke zvijezde koja je podnijela tu\u017ebu protiv neovla\u0161tenog dijeljenja fotografija.<\/p>\n\n\n\n<p>Kobe Bryant, njegova 13-godi\u0161nja k\u0107i Gianna i jo\u0161 sedam osoba poginulo je u padu helikoptera 26. sije\u010dnja 2020. zapadno od Los Angelesa.<\/p>\n\n\n\n<p>Jedine osobe koje su imale pravo fotografirati mjesto katastrofe bili su istra\u017eitelji agencije zadu\u017eene za sigurnost prijevoza &nbsp;(NTSB) i slu\u017ebenici pravosudne medicine.&nbsp;<\/p>\n\n\n\n<p>No policajci i vatrogasci iz okruga Los Angelesa snimali su scene nesre\u0107e i \u017ertve mobitelima i dijelili ih s drugim osobama zbog \u010dega je ubrzo izbio skandal.&nbsp;<\/p>\n\n\n\n<p>Obitelji \u017ertava podnijele su tu\u017ebu protiv lokalnih vlasti zbog nezakonita dijeljenja fotografija.<\/p>\n\n\n\n<p>Odvjetnici koji su zastupali okrug Los Angeles preporu\u010dili su u izvje\u0161\u0107u da se postigne sporazum s obiteljima kako bi se izbjegao nastavak sudskog procesa koji je ve\u0107 stajao 1,3 milijuna dolara.<\/p>\n\n\n\n<p>Matthew Mauser, \u010dija je supruga bila jedna od \u017ertava nesre\u0107e, treba dobiti 1,25 milijuna dolara od\u0161tete kao i J.J i Alexis Altobelli koji su u nesre\u0107i izgubili roditelje i sestricu.&nbsp;<\/p>\n\n\n\n<p>Ro\u010di\u0161te u sudskom postupku koji je pokrenula Vannessa Bryant, supruga Kobea Bryanta, zakazano je za velja\u010du 2022.<\/p>\n\n\n\n<p>Izvor:pogled.ba<\/p>\n","protected":false},"excerpt":{"rendered":"<p>Dvije obitelji, \u010diji su \u010dlanovi poginuli u padu helikoptera u kojem je \u017eivot izgubio i ameri\u010dki ko\u0161arka\u0161 Kobe Bryant u sije\u010dnju 2020., dobit \u0107e 2,5 milijuna dolara od\u0161tete zbog ilegalnog dijeljenja fotografija s mjesta nesre\u0107e. Sporazum o od\u0161teti objavljen u utorak ne odnosi se na udovicu ko\u0161arka\u0161ke zvijezde koja je podnijela tu\u017ebu protiv neovla\u0161tenog dijeljenja [&hellip;]<\/p>\n","protected":false},"author":2,"featured_media":84528,"comment_status":"closed","ping_status":"closed","sticky":false,"template":"","format":"standard","meta":{"h5ap_radio_sources":[],"footnotes":""},"categories":[1],"tags":[],"class_list":["post-84527","post","type-post","status-publish","format-standard","has-post-thumbnail","hentry","category-bihiregija"],"yoast_head":"<!-- This site is optimized with the Yoast SEO plugin v27.5 - https:\/\/yoast.com\/product\/yoast-seo-wordpress\/ -->\n<title>2,5 milijuna dolara od\u0161tete zbog dijeljenja fotografija s mjesta nesre\u0107e Kobea Bryanta - RADIO LJUBU\u0160KI<\/title>\n<meta name=\"robots\" content=\"index, follow, max-snippet:-1, max-image-preview:large, max-video-preview:-1\" \/>\n<link rel=\"canonical\" href=\"https:\/\/radioljubuski.ba\/index.php\/2021\/11\/03\/25-milijuna-dolara-odstete-zbog-dijeljenja-fotografija-s-mjesta-nesrece-kobea-bryanta\/\" \/>\n<meta property=\"og:locale\" content=\"hr_HR\" \/>\n<meta property=\"og:type\" content=\"article\" \/>\n<meta property=\"og:title\" content=\"2,5 milijuna dolara od\u0161tete zbog dijeljenja fotografija s mjesta nesre\u0107e Kobea Bryanta - RADIO LJUBU\u0160KI\" \/>\n<meta property=\"og:description\" content=\"Dvije obitelji, \u010diji su \u010dlanovi poginuli u padu helikoptera u kojem je \u017eivot izgubio i ameri\u010dki ko\u0161arka\u0161 Kobe Bryant u sije\u010dnju 2020., dobit \u0107e 2,5 milijuna dolara od\u0161tete zbog ilegalnog dijeljenja fotografija s mjesta nesre\u0107e. Sporazum o od\u0161teti objavljen u utorak ne odnosi se na udovicu ko\u0161arka\u0161ke zvijezde koja je podnijela tu\u017ebu protiv neovla\u0161tenog dijeljenja [&hellip;]\" \/>\n<meta property=\"og:url\" content=\"https:\/\/radioljubuski.ba\/index.php\/2021\/11\/03\/25-milijuna-dolara-odstete-zbog-dijeljenja-fotografija-s-mjesta-nesrece-kobea-bryanta\/\" \/>\n<meta property=\"og:site_name\" content=\"RADIO LJUBU\u0160KI\" \/>\n<meta property=\"article:publisher\" content=\"https:\/\/www.facebook.com\/Radiio-Ljubuski-1490835324566332\" \/>\n<meta property=\"article:published_time\" content=\"2021-11-03T13:40:09+00:00\" \/>\n<meta property=\"article:modified_time\" content=\"2021-11-03T13:40:10+00:00\" \/>\n<meta property=\"og:image\" content=\"https:\/\/radioljubuski.ba\/wp-content\/uploads\/2021\/11\/idMevsGU_kobe.jpg\" \/>\n\t<meta property=\"og:image:width\" content=\"1000\" \/>\n\t<meta property=\"og:image:height\" content=\"625\" \/>\n\t<meta property=\"og:image:type\" content=\"image\/jpeg\" \/>\n<meta name=\"author\" content=\"Radio Ljubu\u0161ki\" \/>\n<meta name=\"twitter:card\" content=\"summary_large_image\" \/>\n<meta name=\"twitter:creator\" content=\"@radioljubuski\" \/>\n<meta name=\"twitter:site\" content=\"@radioljubuski\" \/>\n<meta name=\"twitter:label1\" content=\"Napisao\/la\" \/>\n\t<meta name=\"twitter:data1\" content=\"Radio Ljubu\u0161ki\" \/>\n\t<meta name=\"twitter:label2\" content=\"Procijenjeno vrijeme \u010ditanja\" \/>\n\t<meta name=\"twitter:data2\" content=\"1 minuta\" \/>\n<script type=\"application\/ld+json\" class=\"yoast-schema-graph\">{\"@context\":\"https:\\\/\\\/schema.org\",\"@graph\":[{\"@type\":\"Article\",\"@id\":\"https:\\\/\\\/radioljubuski.ba\\\/index.php\\\/2021\\\/11\\\/03\\\/25-milijuna-dolara-odstete-zbog-dijeljenja-fotografija-s-mjesta-nesrece-kobea-bryanta\\\/#article\",\"isPartOf\":{\"@id\":\"https:\\\/\\\/radioljubuski.ba\\\/index.php\\\/2021\\\/11\\\/03\\\/25-milijuna-dolara-odstete-zbog-dijeljenja-fotografija-s-mjesta-nesrece-kobea-bryanta\\\/\"},\"author\":{\"name\":\"Radio Ljubu\u0161ki\",\"@id\":\"https:\\\/\\\/radioljubuski.ba\\\/#\\\/schema\\\/person\\\/19fc700381a780f69665d7956c469e3b\"},\"headline\":\"2,5 milijuna dolara od\u0161tete zbog dijeljenja fotografija s mjesta nesre\u0107e Kobea Bryanta\",\"datePublished\":\"2021-11-03T13:40:09+00:00\",\"dateModified\":\"2021-11-03T13:40:10+00:00\",\"mainEntityOfPage\":{\"@id\":\"https:\\\/\\\/radioljubuski.ba\\\/index.php\\\/2021\\\/11\\\/03\\\/25-milijuna-dolara-odstete-zbog-dijeljenja-fotografija-s-mjesta-nesrece-kobea-bryanta\\\/\"},\"wordCount\":257,\"publisher\":{\"@id\":\"https:\\\/\\\/radioljubuski.ba\\\/#organization\"},\"image\":{\"@id\":\"https:\\\/\\\/radioljubuski.ba\\\/index.php\\\/2021\\\/11\\\/03\\\/25-milijuna-dolara-odstete-zbog-dijeljenja-fotografija-s-mjesta-nesrece-kobea-bryanta\\\/#primaryimage\"},\"thumbnailUrl\":\"https:\\\/\\\/radioljubuski.ba\\\/wp-content\\\/uploads\\\/2021\\\/11\\\/idMevsGU_kobe.jpg\",\"articleSection\":[\"BIH i regija\"],\"inLanguage\":\"hr\"},{\"@type\":\"WebPage\",\"@id\":\"https:\\\/\\\/radioljubuski.ba\\\/index.php\\\/2021\\\/11\\\/03\\\/25-milijuna-dolara-odstete-zbog-dijeljenja-fotografija-s-mjesta-nesrece-kobea-bryanta\\\/\",\"url\":\"https:\\\/\\\/radioljubuski.ba\\\/index.php\\\/2021\\\/11\\\/03\\\/25-milijuna-dolara-odstete-zbog-dijeljenja-fotografija-s-mjesta-nesrece-kobea-bryanta\\\/\",\"name\":\"2,5 milijuna dolara od\u0161tete zbog dijeljenja fotografija s mjesta nesre\u0107e Kobea Bryanta - RADIO LJUBU\u0160KI\",\"isPartOf\":{\"@id\":\"https:\\\/\\\/radioljubuski.ba\\\/#website\"},\"primaryImageOfPage\":{\"@id\":\"https:\\\/\\\/radioljubuski.ba\\\/index.php\\\/2021\\\/11\\\/03\\\/25-milijuna-dolara-odstete-zbog-dijeljenja-fotografija-s-mjesta-nesrece-kobea-bryanta\\\/#primaryimage\"},\"image\":{\"@id\":\"https:\\\/\\\/radioljubuski.ba\\\/index.php\\\/2021\\\/11\\\/03\\\/25-milijuna-dolara-odstete-zbog-dijeljenja-fotografija-s-mjesta-nesrece-kobea-bryanta\\\/#primaryimage\"},\"thumbnailUrl\":\"https:\\\/\\\/radioljubuski.ba\\\/wp-content\\\/uploads\\\/2021\\\/11\\\/idMevsGU_kobe.jpg\",\"datePublished\":\"2021-11-03T13:40:09+00:00\",\"dateModified\":\"2021-11-03T13:40:10+00:00\",\"breadcrumb\":{\"@id\":\"https:\\\/\\\/radioljubuski.ba\\\/index.php\\\/2021\\\/11\\\/03\\\/25-milijuna-dolara-odstete-zbog-dijeljenja-fotografija-s-mjesta-nesrece-kobea-bryanta\\\/#breadcrumb\"},\"inLanguage\":\"hr\",\"potentialAction\":[{\"@type\":\"ReadAction\",\"target\":[\"https:\\\/\\\/radioljubuski.ba\\\/index.php\\\/2021\\\/11\\\/03\\\/25-milijuna-dolara-odstete-zbog-dijeljenja-fotografija-s-mjesta-nesrece-kobea-bryanta\\\/\"]}]},{\"@type\":\"ImageObject\",\"inLanguage\":\"hr\",\"@id\":\"https:\\\/\\\/radioljubuski.ba\\\/index.php\\\/2021\\\/11\\\/03\\\/25-milijuna-dolara-odstete-zbog-dijeljenja-fotografija-s-mjesta-nesrece-kobea-bryanta\\\/#primaryimage\",\"url\":\"https:\\\/\\\/radioljubuski.ba\\\/wp-content\\\/uploads\\\/2021\\\/11\\\/idMevsGU_kobe.jpg\",\"contentUrl\":\"https:\\\/\\\/radioljubuski.ba\\\/wp-content\\\/uploads\\\/2021\\\/11\\\/idMevsGU_kobe.jpg\",\"width\":1000,\"height\":625},{\"@type\":\"BreadcrumbList\",\"@id\":\"https:\\\/\\\/radioljubuski.ba\\\/index.php\\\/2021\\\/11\\\/03\\\/25-milijuna-dolara-odstete-zbog-dijeljenja-fotografija-s-mjesta-nesrece-kobea-bryanta\\\/#breadcrumb\",\"itemListElement\":[{\"@type\":\"ListItem\",\"position\":1,\"name\":\"Po\u010detna stranica\",\"item\":\"https:\\\/\\\/radioljubuski.ba\\\/\"},{\"@type\":\"ListItem\",\"position\":2,\"name\":\"2,5 milijuna dolara od\u0161tete zbog dijeljenja fotografija s mjesta nesre\u0107e Kobea Bryanta\"}]},{\"@type\":\"WebSite\",\"@id\":\"https:\\\/\\\/radioljubuski.ba\\\/#website\",\"url\":\"https:\\\/\\\/radioljubuski.ba\\\/\",\"name\":\"Radio Ljubu\u0161ki\",\"description\":\"Sun\u010dana frekvencija Hercegovine\",\"publisher\":{\"@id\":\"https:\\\/\\\/radioljubuski.ba\\\/#organization\"},\"potentialAction\":[{\"@type\":\"SearchAction\",\"target\":{\"@type\":\"EntryPoint\",\"urlTemplate\":\"https:\\\/\\\/radioljubuski.ba\\\/?s={search_term_string}\"},\"query-input\":{\"@type\":\"PropertyValueSpecification\",\"valueRequired\":true,\"valueName\":\"search_term_string\"}}],\"inLanguage\":\"hr\"},{\"@type\":\"Organization\",\"@id\":\"https:\\\/\\\/radioljubuski.ba\\\/#organization\",\"name\":\"Radio Ljubu\u0161ki\",\"url\":\"https:\\\/\\\/radioljubuski.ba\\\/\",\"logo\":{\"@type\":\"ImageObject\",\"inLanguage\":\"hr\",\"@id\":\"https:\\\/\\\/radioljubuski.ba\\\/#\\\/schema\\\/logo\\\/image\\\/\",\"url\":\"https:\\\/\\\/radioljubuski.ba\\\/wp-content\\\/uploads\\\/2021\\\/02\\\/cropped-Radio_Ljubuski_logo1.jpg\",\"contentUrl\":\"https:\\\/\\\/radioljubuski.ba\\\/wp-content\\\/uploads\\\/2021\\\/02\\\/cropped-Radio_Ljubuski_logo1.jpg\",\"width\":512,\"height\":512,\"caption\":\"Radio Ljubu\u0161ki\"},\"image\":{\"@id\":\"https:\\\/\\\/radioljubuski.ba\\\/#\\\/schema\\\/logo\\\/image\\\/\"},\"sameAs\":[\"https:\\\/\\\/www.facebook.com\\\/Radiio-Ljubuski-1490835324566332\",\"https:\\\/\\\/x.com\\\/radioljubuski\",\"https:\\\/\\\/hr.linkedin.com\\\/company\\\/radio-ljubuski\",\"https:\\\/\\\/www.youtube.com\\\/channel\\\/UCHYaeO_n0Db3tjNGudGpXyw\"]},{\"@type\":\"Person\",\"@id\":\"https:\\\/\\\/radioljubuski.ba\\\/#\\\/schema\\\/person\\\/19fc700381a780f69665d7956c469e3b\",\"name\":\"Radio Ljubu\u0161ki\"}]}<\/script>\n<!-- \/ Yoast SEO plugin. -->","yoast_head_json":{"title":"2,5 milijuna dolara od\u0161tete zbog dijeljenja fotografija s mjesta nesre\u0107e Kobea Bryanta - RADIO LJUBU\u0160KI","robots":{"index":"index","follow":"follow","max-snippet":"max-snippet:-1","max-image-preview":"max-image-preview:large","max-video-preview":"max-video-preview:-1"},"canonical":"https:\/\/radioljubuski.ba\/index.php\/2021\/11\/03\/25-milijuna-dolara-odstete-zbog-dijeljenja-fotografija-s-mjesta-nesrece-kobea-bryanta\/","og_locale":"hr_HR","og_type":"article","og_title":"2,5 milijuna dolara od\u0161tete zbog dijeljenja fotografija s mjesta nesre\u0107e Kobea Bryanta - RADIO LJUBU\u0160KI","og_description":"Dvije obitelji, \u010diji su \u010dlanovi poginuli u padu helikoptera u kojem je \u017eivot izgubio i ameri\u010dki ko\u0161arka\u0161 Kobe Bryant u sije\u010dnju 2020., dobit \u0107e 2,5 milijuna dolara od\u0161tete zbog ilegalnog dijeljenja fotografija s mjesta nesre\u0107e. Sporazum o od\u0161teti objavljen u utorak ne odnosi se na udovicu ko\u0161arka\u0161ke zvijezde koja je podnijela tu\u017ebu protiv neovla\u0161tenog dijeljenja [&hellip;]","og_url":"https:\/\/radioljubuski.ba\/index.php\/2021\/11\/03\/25-milijuna-dolara-odstete-zbog-dijeljenja-fotografija-s-mjesta-nesrece-kobea-bryanta\/","og_site_name":"RADIO LJUBU\u0160KI","article_publisher":"https:\/\/www.facebook.com\/Radiio-Ljubuski-1490835324566332","article_published_time":"2021-11-03T13:40:09+00:00","article_modified_time":"2021-11-03T13:40:10+00:00","og_image":[{"width":1000,"height":625,"url":"https:\/\/radioljubuski.ba\/wp-content\/uploads\/2021\/11\/idMevsGU_kobe.jpg","type":"image\/jpeg"}],"author":"Radio Ljubu\u0161ki","twitter_card":"summary_large_image","twitter_creator":"@radioljubuski","twitter_site":"@radioljubuski","twitter_misc":{"Napisao\/la":"Radio Ljubu\u0161ki","Procijenjeno vrijeme \u010ditanja":"1 minuta"},"schema":{"@context":"https:\/\/schema.org","@graph":[{"@type":"Article","@id":"https:\/\/radioljubuski.ba\/index.php\/2021\/11\/03\/25-milijuna-dolara-odstete-zbog-dijeljenja-fotografija-s-mjesta-nesrece-kobea-bryanta\/#article","isPartOf":{"@id":"https:\/\/radioljubuski.ba\/index.php\/2021\/11\/03\/25-milijuna-dolara-odstete-zbog-dijeljenja-fotografija-s-mjesta-nesrece-kobea-bryanta\/"},"author":{"name":"Radio Ljubu\u0161ki","@id":"https:\/\/radioljubuski.ba\/#\/schema\/person\/19fc700381a780f69665d7956c469e3b"},"headline":"2,5 milijuna dolara od\u0161tete zbog dijeljenja fotografija s mjesta nesre\u0107e Kobea Bryanta","datePublished":"2021-11-03T13:40:09+00:00","dateModified":"2021-11-03T13:40:10+00:00","mainEntityOfPage":{"@id":"https:\/\/radioljubuski.ba\/index.php\/2021\/11\/03\/25-milijuna-dolara-odstete-zbog-dijeljenja-fotografija-s-mjesta-nesrece-kobea-bryanta\/"},"wordCount":257,"publisher":{"@id":"https:\/\/radioljubuski.ba\/#organization"},"image":{"@id":"https:\/\/radioljubuski.ba\/index.php\/2021\/11\/03\/25-milijuna-dolara-odstete-zbog-dijeljenja-fotografija-s-mjesta-nesrece-kobea-bryanta\/#primaryimage"},"thumbnailUrl":"https:\/\/radioljubuski.ba\/wp-content\/uploads\/2021\/11\/idMevsGU_kobe.jpg","articleSection":["BIH i regija"],"inLanguage":"hr"},{"@type":"WebPage","@id":"https:\/\/radioljubuski.ba\/index.php\/2021\/11\/03\/25-milijuna-dolara-odstete-zbog-dijeljenja-fotografija-s-mjesta-nesrece-kobea-bryanta\/","url":"https:\/\/radioljubuski.ba\/index.php\/2021\/11\/03\/25-milijuna-dolara-odstete-zbog-dijeljenja-fotografija-s-mjesta-nesrece-kobea-bryanta\/","name":"2,5 milijuna dolara od\u0161tete zbog dijeljenja fotografija s mjesta nesre\u0107e Kobea Bryanta - RADIO LJUBU\u0160KI","isPartOf":{"@id":"https:\/\/radioljubuski.ba\/#website"},"primaryImageOfPage":{"@id":"https:\/\/radioljubuski.ba\/index.php\/2021\/11\/03\/25-milijuna-dolara-odstete-zbog-dijeljenja-fotografija-s-mjesta-nesrece-kobea-bryanta\/#primaryimage"},"image":{"@id":"https:\/\/radioljubuski.ba\/index.php\/2021\/11\/03\/25-milijuna-dolara-odstete-zbog-dijeljenja-fotografija-s-mjesta-nesrece-kobea-bryanta\/#primaryimage"},"thumbnailUrl":"https:\/\/radioljubuski.ba\/wp-content\/uploads\/2021\/11\/idMevsGU_kobe.jpg","datePublished":"2021-11-03T13:40:09+00:00","dateModified":"2021-11-03T13:40:10+00:00","breadcrumb":{"@id":"https:\/\/radioljubuski.ba\/index.php\/2021\/11\/03\/25-milijuna-dolara-odstete-zbog-dijeljenja-fotografija-s-mjesta-nesrece-kobea-bryanta\/#breadcrumb"},"inLanguage":"hr","potentialAction":[{"@type":"ReadAction","target":["https:\/\/radioljubuski.ba\/index.php\/2021\/11\/03\/25-milijuna-dolara-odstete-zbog-dijeljenja-fotografija-s-mjesta-nesrece-kobea-bryanta\/"]}]},{"@type":"ImageObject","inLanguage":"hr","@id":"https:\/\/radioljubuski.ba\/index.php\/2021\/11\/03\/25-milijuna-dolara-odstete-zbog-dijeljenja-fotografija-s-mjesta-nesrece-kobea-bryanta\/#primaryimage","url":"https:\/\/radioljubuski.ba\/wp-content\/uploads\/2021\/11\/idMevsGU_kobe.jpg","contentUrl":"https:\/\/radioljubuski.ba\/wp-content\/uploads\/2021\/11\/idMevsGU_kobe.jpg","width":1000,"height":625},{"@type":"BreadcrumbList","@id":"https:\/\/radioljubuski.ba\/index.php\/2021\/11\/03\/25-milijuna-dolara-odstete-zbog-dijeljenja-fotografija-s-mjesta-nesrece-kobea-bryanta\/#breadcrumb","itemListElement":[{"@type":"ListItem","position":1,"name":"Po\u010detna stranica","item":"https:\/\/radioljubuski.ba\/"},{"@type":"ListItem","position":2,"name":"2,5 milijuna dolara od\u0161tete zbog dijeljenja fotografija s mjesta nesre\u0107e Kobea Bryanta"}]},{"@type":"WebSite","@id":"https:\/\/radioljubuski.ba\/#website","url":"https:\/\/radioljubuski.ba\/","name":"Radio Ljubu\u0161ki","description":"Sun\u010dana frekvencija Hercegovine","publisher":{"@id":"https:\/\/radioljubuski.ba\/#organization"},"potentialAction":[{"@type":"SearchAction","target":{"@type":"EntryPoint","urlTemplate":"https:\/\/radioljubuski.ba\/?s={search_term_string}"},"query-input":{"@type":"PropertyValueSpecification","valueRequired":true,"valueName":"search_term_string"}}],"inLanguage":"hr"},{"@type":"Organization","@id":"https:\/\/radioljubuski.ba\/#organization","name":"Radio Ljubu\u0161ki","url":"https:\/\/radioljubuski.ba\/","logo":{"@type":"ImageObject","inLanguage":"hr","@id":"https:\/\/radioljubuski.ba\/#\/schema\/logo\/image\/","url":"https:\/\/radioljubuski.ba\/wp-content\/uploads\/2021\/02\/cropped-Radio_Ljubuski_logo1.jpg","contentUrl":"https:\/\/radioljubuski.ba\/wp-content\/uploads\/2021\/02\/cropped-Radio_Ljubuski_logo1.jpg","width":512,"height":512,"caption":"Radio Ljubu\u0161ki"},"image":{"@id":"https:\/\/radioljubuski.ba\/#\/schema\/logo\/image\/"},"sameAs":["https:\/\/www.facebook.com\/Radiio-Ljubuski-1490835324566332","https:\/\/x.com\/radioljubuski","https:\/\/hr.linkedin.com\/company\/radio-ljubuski","https:\/\/www.youtube.com\/channel\/UCHYaeO_n0Db3tjNGudGpXyw"]},{"@type":"Person","@id":"https:\/\/radioljubuski.ba\/#\/schema\/person\/19fc700381a780f69665d7956c469e3b","name":"Radio Ljubu\u0161ki"}]}},"_links":{"self":[{"href":"https:\/\/radioljubuski.ba\/index.php\/wp-json\/wp\/v2\/posts\/84527","targetHints":{"allow":["GET"]}}],"collection":[{"href":"https:\/\/radioljubuski.ba\/index.php\/wp-json\/wp\/v2\/posts"}],"about":[{"href":"https:\/\/radioljubuski.ba\/index.php\/wp-json\/wp\/v2\/types\/post"}],"author":[{"embeddable":true,"href":"https:\/\/radioljubuski.ba\/index.php\/wp-json\/wp\/v2\/users\/2"}],"replies":[{"embeddable":true,"href":"https:\/\/radioljubuski.ba\/index.php\/wp-json\/wp\/v2\/comments?post=84527"}],"version-history":[{"count":1,"href":"https:\/\/radioljubuski.ba\/index.php\/wp-json\/wp\/v2\/posts\/84527\/revisions"}],"predecessor-version":[{"id":84529,"href":"https:\/\/radioljubuski.ba\/index.php\/wp-json\/wp\/v2\/posts\/84527\/revisions\/84529"}],"wp:featuredmedia":[{"embeddable":true,"href":"https:\/\/radioljubuski.ba\/index.php\/wp-json\/wp\/v2\/media\/84528"}],"wp:attachment":[{"href":"https:\/\/radioljubuski.ba\/index.php\/wp-json\/wp\/v2\/media?parent=84527"}],"wp:term":[{"taxonomy":"category","embeddable":true,"href":"https:\/\/radioljubuski.ba\/index.php\/wp-json\/wp\/v2\/categories?post=84527"},{"taxonomy":"post_tag","embeddable":true,"href":"https:\/\/radioljubuski.ba\/index.php\/wp-json\/wp\/v2\/tags?post=84527"}],"curies":[{"name":"wp","href":"https:\/\/api.w.org\/{rel}","templated":true}]}}