{"id":84561,"date":"2021-11-03T15:03:33","date_gmt":"2021-11-03T14:03:33","guid":{"rendered":"https:\/\/radioljubuski.ba\/?p=84561"},"modified":"2021-11-03T15:03:34","modified_gmt":"2021-11-03T14:03:34","slug":"irska-se-sprema-ograniciti-rast-stanarina","status":"publish","type":"post","link":"https:\/\/radioljubuski.ba\/index.php\/2021\/11\/03\/irska-se-sprema-ograniciti-rast-stanarina\/","title":{"rendered":"Irska se sprema ograni\u010diti rast stanarina"},"content":{"rendered":"\n<p>Irski ministar stanovanja Darragh O&#8217;Brien \u017eeli ograni\u010diti rast stanarina na dva posto godi\u0161nje budu\u0107i da se zbog vala poskupljenja izjalovio vladin plan da ga obuzda povezivanjem sa stopom inflacije.<\/p>\n\n\n\n<p>Stanarine i cijene ku\u0107a u Dublinu otprilike su udvostru\u010dene u proteklih 10 godina, a sada br\u017ee rastu cijene stambenog prostora izvan glavnog grada, pa mnogi radnici ne mogu kupiti pa ni iznajmiti stan i ograni\u010dava njihov manevarski prostor za \u0161tednju.<\/p>\n\n\n\n<p>Do srpnja su najmodavci u &#8220;zonama visokih stanarina&#8221; (&#8220;Rent Pressure Zones&#8221;), koje pokrivaju mnoga urbana podru\u010dja, prema zakonu iz 2016. mogli podizati najamnine maksimalno \u010detiri posto godi\u0161nje.<\/p>\n\n\n\n<p>Kako bi zaustavila rast najamnina, vlada je zamijenila taj limit vezanjem stope njihova rasta za harmonizirani indeks potro\u0161a\u010dkih cijena (HICP).<\/p>\n\n\n\n<p>Odredba je stupila na snagu u srpnju kada je inflacija u Irskoj iznosila ne\u0161to vi\u0161e od dva posto, a u listopadu inflacija mjerena HICP-om dosegnula je u Irskoj 5,1 posto, prema preliminarnim procjenama europskog statsti\u010dkog ureda, objavljenim pro\u0161log tjedna.<\/p>\n\n\n\n<p>\u201eU \u010detvrtak \u0107u predstaviti jo\u0161 jedan zakon koji \u0107e odrediti apsolutnu gornju granicu najamnina na bazi indeksa potro\u0161a\u010dkih cijena (CPI) ili na dva posto, ovisno o tome \u0161to je ni\u017ee\u201c, rekao je irski ministar stanovanja, uprave i kulturnog naslje\u0111a.<\/p>\n\n\n\n<p>Prijedlog novog zakona bit \u0107e dovr\u0161en prije kraja godine, dodao je O&#8217;Brien.<\/p>\n\n\n\n<p>Izvor:pogled.ba<\/p>\n","protected":false},"excerpt":{"rendered":"<p>Irski ministar stanovanja Darragh O&#8217;Brien \u017eeli ograni\u010diti rast stanarina na dva posto godi\u0161nje budu\u0107i da se zbog vala poskupljenja izjalovio vladin plan da ga obuzda povezivanjem sa stopom inflacije. Stanarine i cijene ku\u0107a u Dublinu otprilike su udvostru\u010dene u proteklih 10 godina, a sada br\u017ee rastu cijene stambenog prostora izvan glavnog grada, pa mnogi radnici [&hellip;]<\/p>\n","protected":false},"author":2,"featured_media":84562,"comment_status":"closed","ping_status":"closed","sticky":false,"template":"","format":"standard","meta":{"h5ap_radio_sources":[],"footnotes":""},"categories":[1],"tags":[],"class_list":["post-84561","post","type-post","status-publish","format-standard","has-post-thumbnail","hentry","category-bihiregija"],"yoast_head":"<!-- This site is optimized with the Yoast SEO plugin v27.5 - https:\/\/yoast.com\/product\/yoast-seo-wordpress\/ -->\n<title>Irska se sprema ograni\u010diti rast stanarina - RADIO LJUBU\u0160KI<\/title>\n<meta name=\"robots\" content=\"index, follow, max-snippet:-1, max-image-preview:large, max-video-preview:-1\" \/>\n<link rel=\"canonical\" href=\"https:\/\/radioljubuski.ba\/index.php\/2021\/11\/03\/irska-se-sprema-ograniciti-rast-stanarina\/\" \/>\n<meta property=\"og:locale\" content=\"hr_HR\" \/>\n<meta property=\"og:type\" content=\"article\" \/>\n<meta property=\"og:title\" content=\"Irska se sprema ograni\u010diti rast stanarina - RADIO LJUBU\u0160KI\" \/>\n<meta property=\"og:description\" content=\"Irski ministar stanovanja Darragh O&#8217;Brien \u017eeli ograni\u010diti rast stanarina na dva posto godi\u0161nje budu\u0107i da se zbog vala poskupljenja izjalovio vladin plan da ga obuzda povezivanjem sa stopom inflacije. Stanarine i cijene ku\u0107a u Dublinu otprilike su udvostru\u010dene u proteklih 10 godina, a sada br\u017ee rastu cijene stambenog prostora izvan glavnog grada, pa mnogi radnici [&hellip;]\" \/>\n<meta property=\"og:url\" content=\"https:\/\/radioljubuski.ba\/index.php\/2021\/11\/03\/irska-se-sprema-ograniciti-rast-stanarina\/\" \/>\n<meta property=\"og:site_name\" content=\"RADIO LJUBU\u0160KI\" \/>\n<meta property=\"article:publisher\" content=\"https:\/\/www.facebook.com\/Radiio-Ljubuski-1490835324566332\" \/>\n<meta property=\"article:published_time\" content=\"2021-11-03T14:03:33+00:00\" \/>\n<meta property=\"article:modified_time\" content=\"2021-11-03T14:03:34+00:00\" \/>\n<meta property=\"og:image\" content=\"https:\/\/radioljubuski.ba\/wp-content\/uploads\/2021\/11\/mXxtrJ1n_dublin.jpg\" \/>\n\t<meta property=\"og:image:width\" content=\"1000\" \/>\n\t<meta property=\"og:image:height\" content=\"625\" \/>\n\t<meta property=\"og:image:type\" content=\"image\/jpeg\" \/>\n<meta name=\"author\" content=\"Radio Ljubu\u0161ki\" \/>\n<meta name=\"twitter:card\" content=\"summary_large_image\" \/>\n<meta name=\"twitter:creator\" content=\"@radioljubuski\" \/>\n<meta name=\"twitter:site\" content=\"@radioljubuski\" \/>\n<meta name=\"twitter:label1\" content=\"Napisao\/la\" \/>\n\t<meta name=\"twitter:data1\" content=\"Radio Ljubu\u0161ki\" \/>\n\t<meta name=\"twitter:label2\" content=\"Procijenjeno vrijeme \u010ditanja\" \/>\n\t<meta name=\"twitter:data2\" content=\"1 minuta\" \/>\n<script type=\"application\/ld+json\" class=\"yoast-schema-graph\">{\"@context\":\"https:\\\/\\\/schema.org\",\"@graph\":[{\"@type\":\"Article\",\"@id\":\"https:\\\/\\\/radioljubuski.ba\\\/index.php\\\/2021\\\/11\\\/03\\\/irska-se-sprema-ograniciti-rast-stanarina\\\/#article\",\"isPartOf\":{\"@id\":\"https:\\\/\\\/radioljubuski.ba\\\/index.php\\\/2021\\\/11\\\/03\\\/irska-se-sprema-ograniciti-rast-stanarina\\\/\"},\"author\":{\"name\":\"Radio Ljubu\u0161ki\",\"@id\":\"https:\\\/\\\/radioljubuski.ba\\\/#\\\/schema\\\/person\\\/19fc700381a780f69665d7956c469e3b\"},\"headline\":\"Irska se sprema ograni\u010diti rast stanarina\",\"datePublished\":\"2021-11-03T14:03:33+00:00\",\"dateModified\":\"2021-11-03T14:03:34+00:00\",\"mainEntityOfPage\":{\"@id\":\"https:\\\/\\\/radioljubuski.ba\\\/index.php\\\/2021\\\/11\\\/03\\\/irska-se-sprema-ograniciti-rast-stanarina\\\/\"},\"wordCount\":235,\"publisher\":{\"@id\":\"https:\\\/\\\/radioljubuski.ba\\\/#organization\"},\"image\":{\"@id\":\"https:\\\/\\\/radioljubuski.ba\\\/index.php\\\/2021\\\/11\\\/03\\\/irska-se-sprema-ograniciti-rast-stanarina\\\/#primaryimage\"},\"thumbnailUrl\":\"https:\\\/\\\/radioljubuski.ba\\\/wp-content\\\/uploads\\\/2021\\\/11\\\/mXxtrJ1n_dublin.jpg\",\"articleSection\":[\"BIH i regija\"],\"inLanguage\":\"hr\"},{\"@type\":\"WebPage\",\"@id\":\"https:\\\/\\\/radioljubuski.ba\\\/index.php\\\/2021\\\/11\\\/03\\\/irska-se-sprema-ograniciti-rast-stanarina\\\/\",\"url\":\"https:\\\/\\\/radioljubuski.ba\\\/index.php\\\/2021\\\/11\\\/03\\\/irska-se-sprema-ograniciti-rast-stanarina\\\/\",\"name\":\"Irska se sprema ograni\u010diti rast stanarina - RADIO LJUBU\u0160KI\",\"isPartOf\":{\"@id\":\"https:\\\/\\\/radioljubuski.ba\\\/#website\"},\"primaryImageOfPage\":{\"@id\":\"https:\\\/\\\/radioljubuski.ba\\\/index.php\\\/2021\\\/11\\\/03\\\/irska-se-sprema-ograniciti-rast-stanarina\\\/#primaryimage\"},\"image\":{\"@id\":\"https:\\\/\\\/radioljubuski.ba\\\/index.php\\\/2021\\\/11\\\/03\\\/irska-se-sprema-ograniciti-rast-stanarina\\\/#primaryimage\"},\"thumbnailUrl\":\"https:\\\/\\\/radioljubuski.ba\\\/wp-content\\\/uploads\\\/2021\\\/11\\\/mXxtrJ1n_dublin.jpg\",\"datePublished\":\"2021-11-03T14:03:33+00:00\",\"dateModified\":\"2021-11-03T14:03:34+00:00\",\"breadcrumb\":{\"@id\":\"https:\\\/\\\/radioljubuski.ba\\\/index.php\\\/2021\\\/11\\\/03\\\/irska-se-sprema-ograniciti-rast-stanarina\\\/#breadcrumb\"},\"inLanguage\":\"hr\",\"potentialAction\":[{\"@type\":\"ReadAction\",\"target\":[\"https:\\\/\\\/radioljubuski.ba\\\/index.php\\\/2021\\\/11\\\/03\\\/irska-se-sprema-ograniciti-rast-stanarina\\\/\"]}]},{\"@type\":\"ImageObject\",\"inLanguage\":\"hr\",\"@id\":\"https:\\\/\\\/radioljubuski.ba\\\/index.php\\\/2021\\\/11\\\/03\\\/irska-se-sprema-ograniciti-rast-stanarina\\\/#primaryimage\",\"url\":\"https:\\\/\\\/radioljubuski.ba\\\/wp-content\\\/uploads\\\/2021\\\/11\\\/mXxtrJ1n_dublin.jpg\",\"contentUrl\":\"https:\\\/\\\/radioljubuski.ba\\\/wp-content\\\/uploads\\\/2021\\\/11\\\/mXxtrJ1n_dublin.jpg\",\"width\":1000,\"height\":625},{\"@type\":\"BreadcrumbList\",\"@id\":\"https:\\\/\\\/radioljubuski.ba\\\/index.php\\\/2021\\\/11\\\/03\\\/irska-se-sprema-ograniciti-rast-stanarina\\\/#breadcrumb\",\"itemListElement\":[{\"@type\":\"ListItem\",\"position\":1,\"name\":\"Po\u010detna stranica\",\"item\":\"https:\\\/\\\/radioljubuski.ba\\\/\"},{\"@type\":\"ListItem\",\"position\":2,\"name\":\"Irska se sprema ograni\u010diti rast stanarina\"}]},{\"@type\":\"WebSite\",\"@id\":\"https:\\\/\\\/radioljubuski.ba\\\/#website\",\"url\":\"https:\\\/\\\/radioljubuski.ba\\\/\",\"name\":\"Radio Ljubu\u0161ki\",\"description\":\"Sun\u010dana frekvencija Hercegovine\",\"publisher\":{\"@id\":\"https:\\\/\\\/radioljubuski.ba\\\/#organization\"},\"potentialAction\":[{\"@type\":\"SearchAction\",\"target\":{\"@type\":\"EntryPoint\",\"urlTemplate\":\"https:\\\/\\\/radioljubuski.ba\\\/?s={search_term_string}\"},\"query-input\":{\"@type\":\"PropertyValueSpecification\",\"valueRequired\":true,\"valueName\":\"search_term_string\"}}],\"inLanguage\":\"hr\"},{\"@type\":\"Organization\",\"@id\":\"https:\\\/\\\/radioljubuski.ba\\\/#organization\",\"name\":\"Radio Ljubu\u0161ki\",\"url\":\"https:\\\/\\\/radioljubuski.ba\\\/\",\"logo\":{\"@type\":\"ImageObject\",\"inLanguage\":\"hr\",\"@id\":\"https:\\\/\\\/radioljubuski.ba\\\/#\\\/schema\\\/logo\\\/image\\\/\",\"url\":\"https:\\\/\\\/radioljubuski.ba\\\/wp-content\\\/uploads\\\/2021\\\/02\\\/cropped-Radio_Ljubuski_logo1.jpg\",\"contentUrl\":\"https:\\\/\\\/radioljubuski.ba\\\/wp-content\\\/uploads\\\/2021\\\/02\\\/cropped-Radio_Ljubuski_logo1.jpg\",\"width\":512,\"height\":512,\"caption\":\"Radio Ljubu\u0161ki\"},\"image\":{\"@id\":\"https:\\\/\\\/radioljubuski.ba\\\/#\\\/schema\\\/logo\\\/image\\\/\"},\"sameAs\":[\"https:\\\/\\\/www.facebook.com\\\/Radiio-Ljubuski-1490835324566332\",\"https:\\\/\\\/x.com\\\/radioljubuski\",\"https:\\\/\\\/hr.linkedin.com\\\/company\\\/radio-ljubuski\",\"https:\\\/\\\/www.youtube.com\\\/channel\\\/UCHYaeO_n0Db3tjNGudGpXyw\"]},{\"@type\":\"Person\",\"@id\":\"https:\\\/\\\/radioljubuski.ba\\\/#\\\/schema\\\/person\\\/19fc700381a780f69665d7956c469e3b\",\"name\":\"Radio Ljubu\u0161ki\"}]}<\/script>\n<!-- \/ Yoast SEO plugin. -->","yoast_head_json":{"title":"Irska se sprema ograni\u010diti rast stanarina - RADIO LJUBU\u0160KI","robots":{"index":"index","follow":"follow","max-snippet":"max-snippet:-1","max-image-preview":"max-image-preview:large","max-video-preview":"max-video-preview:-1"},"canonical":"https:\/\/radioljubuski.ba\/index.php\/2021\/11\/03\/irska-se-sprema-ograniciti-rast-stanarina\/","og_locale":"hr_HR","og_type":"article","og_title":"Irska se sprema ograni\u010diti rast stanarina - RADIO LJUBU\u0160KI","og_description":"Irski ministar stanovanja Darragh O&#8217;Brien \u017eeli ograni\u010diti rast stanarina na dva posto godi\u0161nje budu\u0107i da se zbog vala poskupljenja izjalovio vladin plan da ga obuzda povezivanjem sa stopom inflacije. Stanarine i cijene ku\u0107a u Dublinu otprilike su udvostru\u010dene u proteklih 10 godina, a sada br\u017ee rastu cijene stambenog prostora izvan glavnog grada, pa mnogi radnici [&hellip;]","og_url":"https:\/\/radioljubuski.ba\/index.php\/2021\/11\/03\/irska-se-sprema-ograniciti-rast-stanarina\/","og_site_name":"RADIO LJUBU\u0160KI","article_publisher":"https:\/\/www.facebook.com\/Radiio-Ljubuski-1490835324566332","article_published_time":"2021-11-03T14:03:33+00:00","article_modified_time":"2021-11-03T14:03:34+00:00","og_image":[{"width":1000,"height":625,"url":"https:\/\/radioljubuski.ba\/wp-content\/uploads\/2021\/11\/mXxtrJ1n_dublin.jpg","type":"image\/jpeg"}],"author":"Radio Ljubu\u0161ki","twitter_card":"summary_large_image","twitter_creator":"@radioljubuski","twitter_site":"@radioljubuski","twitter_misc":{"Napisao\/la":"Radio Ljubu\u0161ki","Procijenjeno vrijeme \u010ditanja":"1 minuta"},"schema":{"@context":"https:\/\/schema.org","@graph":[{"@type":"Article","@id":"https:\/\/radioljubuski.ba\/index.php\/2021\/11\/03\/irska-se-sprema-ograniciti-rast-stanarina\/#article","isPartOf":{"@id":"https:\/\/radioljubuski.ba\/index.php\/2021\/11\/03\/irska-se-sprema-ograniciti-rast-stanarina\/"},"author":{"name":"Radio Ljubu\u0161ki","@id":"https:\/\/radioljubuski.ba\/#\/schema\/person\/19fc700381a780f69665d7956c469e3b"},"headline":"Irska se sprema ograni\u010diti rast stanarina","datePublished":"2021-11-03T14:03:33+00:00","dateModified":"2021-11-03T14:03:34+00:00","mainEntityOfPage":{"@id":"https:\/\/radioljubuski.ba\/index.php\/2021\/11\/03\/irska-se-sprema-ograniciti-rast-stanarina\/"},"wordCount":235,"publisher":{"@id":"https:\/\/radioljubuski.ba\/#organization"},"image":{"@id":"https:\/\/radioljubuski.ba\/index.php\/2021\/11\/03\/irska-se-sprema-ograniciti-rast-stanarina\/#primaryimage"},"thumbnailUrl":"https:\/\/radioljubuski.ba\/wp-content\/uploads\/2021\/11\/mXxtrJ1n_dublin.jpg","articleSection":["BIH i regija"],"inLanguage":"hr"},{"@type":"WebPage","@id":"https:\/\/radioljubuski.ba\/index.php\/2021\/11\/03\/irska-se-sprema-ograniciti-rast-stanarina\/","url":"https:\/\/radioljubuski.ba\/index.php\/2021\/11\/03\/irska-se-sprema-ograniciti-rast-stanarina\/","name":"Irska se sprema ograni\u010diti rast stanarina - RADIO LJUBU\u0160KI","isPartOf":{"@id":"https:\/\/radioljubuski.ba\/#website"},"primaryImageOfPage":{"@id":"https:\/\/radioljubuski.ba\/index.php\/2021\/11\/03\/irska-se-sprema-ograniciti-rast-stanarina\/#primaryimage"},"image":{"@id":"https:\/\/radioljubuski.ba\/index.php\/2021\/11\/03\/irska-se-sprema-ograniciti-rast-stanarina\/#primaryimage"},"thumbnailUrl":"https:\/\/radioljubuski.ba\/wp-content\/uploads\/2021\/11\/mXxtrJ1n_dublin.jpg","datePublished":"2021-11-03T14:03:33+00:00","dateModified":"2021-11-03T14:03:34+00:00","breadcrumb":{"@id":"https:\/\/radioljubuski.ba\/index.php\/2021\/11\/03\/irska-se-sprema-ograniciti-rast-stanarina\/#breadcrumb"},"inLanguage":"hr","potentialAction":[{"@type":"ReadAction","target":["https:\/\/radioljubuski.ba\/index.php\/2021\/11\/03\/irska-se-sprema-ograniciti-rast-stanarina\/"]}]},{"@type":"ImageObject","inLanguage":"hr","@id":"https:\/\/radioljubuski.ba\/index.php\/2021\/11\/03\/irska-se-sprema-ograniciti-rast-stanarina\/#primaryimage","url":"https:\/\/radioljubuski.ba\/wp-content\/uploads\/2021\/11\/mXxtrJ1n_dublin.jpg","contentUrl":"https:\/\/radioljubuski.ba\/wp-content\/uploads\/2021\/11\/mXxtrJ1n_dublin.jpg","width":1000,"height":625},{"@type":"BreadcrumbList","@id":"https:\/\/radioljubuski.ba\/index.php\/2021\/11\/03\/irska-se-sprema-ograniciti-rast-stanarina\/#breadcrumb","itemListElement":[{"@type":"ListItem","position":1,"name":"Po\u010detna stranica","item":"https:\/\/radioljubuski.ba\/"},{"@type":"ListItem","position":2,"name":"Irska se sprema ograni\u010diti rast stanarina"}]},{"@type":"WebSite","@id":"https:\/\/radioljubuski.ba\/#website","url":"https:\/\/radioljubuski.ba\/","name":"Radio Ljubu\u0161ki","description":"Sun\u010dana frekvencija Hercegovine","publisher":{"@id":"https:\/\/radioljubuski.ba\/#organization"},"potentialAction":[{"@type":"SearchAction","target":{"@type":"EntryPoint","urlTemplate":"https:\/\/radioljubuski.ba\/?s={search_term_string}"},"query-input":{"@type":"PropertyValueSpecification","valueRequired":true,"valueName":"search_term_string"}}],"inLanguage":"hr"},{"@type":"Organization","@id":"https:\/\/radioljubuski.ba\/#organization","name":"Radio Ljubu\u0161ki","url":"https:\/\/radioljubuski.ba\/","logo":{"@type":"ImageObject","inLanguage":"hr","@id":"https:\/\/radioljubuski.ba\/#\/schema\/logo\/image\/","url":"https:\/\/radioljubuski.ba\/wp-content\/uploads\/2021\/02\/cropped-Radio_Ljubuski_logo1.jpg","contentUrl":"https:\/\/radioljubuski.ba\/wp-content\/uploads\/2021\/02\/cropped-Radio_Ljubuski_logo1.jpg","width":512,"height":512,"caption":"Radio Ljubu\u0161ki"},"image":{"@id":"https:\/\/radioljubuski.ba\/#\/schema\/logo\/image\/"},"sameAs":["https:\/\/www.facebook.com\/Radiio-Ljubuski-1490835324566332","https:\/\/x.com\/radioljubuski","https:\/\/hr.linkedin.com\/company\/radio-ljubuski","https:\/\/www.youtube.com\/channel\/UCHYaeO_n0Db3tjNGudGpXyw"]},{"@type":"Person","@id":"https:\/\/radioljubuski.ba\/#\/schema\/person\/19fc700381a780f69665d7956c469e3b","name":"Radio Ljubu\u0161ki"}]}},"_links":{"self":[{"href":"https:\/\/radioljubuski.ba\/index.php\/wp-json\/wp\/v2\/posts\/84561","targetHints":{"allow":["GET"]}}],"collection":[{"href":"https:\/\/radioljubuski.ba\/index.php\/wp-json\/wp\/v2\/posts"}],"about":[{"href":"https:\/\/radioljubuski.ba\/index.php\/wp-json\/wp\/v2\/types\/post"}],"author":[{"embeddable":true,"href":"https:\/\/radioljubuski.ba\/index.php\/wp-json\/wp\/v2\/users\/2"}],"replies":[{"embeddable":true,"href":"https:\/\/radioljubuski.ba\/index.php\/wp-json\/wp\/v2\/comments?post=84561"}],"version-history":[{"count":1,"href":"https:\/\/radioljubuski.ba\/index.php\/wp-json\/wp\/v2\/posts\/84561\/revisions"}],"predecessor-version":[{"id":84563,"href":"https:\/\/radioljubuski.ba\/index.php\/wp-json\/wp\/v2\/posts\/84561\/revisions\/84563"}],"wp:featuredmedia":[{"embeddable":true,"href":"https:\/\/radioljubuski.ba\/index.php\/wp-json\/wp\/v2\/media\/84562"}],"wp:attachment":[{"href":"https:\/\/radioljubuski.ba\/index.php\/wp-json\/wp\/v2\/media?parent=84561"}],"wp:term":[{"taxonomy":"category","embeddable":true,"href":"https:\/\/radioljubuski.ba\/index.php\/wp-json\/wp\/v2\/categories?post=84561"},{"taxonomy":"post_tag","embeddable":true,"href":"https:\/\/radioljubuski.ba\/index.php\/wp-json\/wp\/v2\/tags?post=84561"}],"curies":[{"name":"wp","href":"https:\/\/api.w.org\/{rel}","templated":true}]}}