{"id":84567,"date":"2021-11-03T15:06:25","date_gmt":"2021-11-03T14:06:25","guid":{"rendered":"https:\/\/radioljubuski.ba\/?p=84567"},"modified":"2021-11-03T15:06:26","modified_gmt":"2021-11-03T14:06:26","slug":"uhiceno-18-pedofila-u-srbiji-nadeni-uzasni-snimci-iskoristavanja-djece","status":"publish","type":"post","link":"https:\/\/radioljubuski.ba\/index.php\/2021\/11\/03\/uhiceno-18-pedofila-u-srbiji-nadeni-uzasni-snimci-iskoristavanja-djece\/","title":{"rendered":"Uhi\u0107eno 18 pedofila u Srbiji, na\u0111eni u\u017easni snimci iskori\u0161tavanja djece"},"content":{"rendered":"\n<p>Pripadnici Ministarstva unutarnjih poslova, u nastavku akcije &#8220;Armagedon&#8221; uhitili su 18 osoba s teritorije Republike Srbije, priop\u0107ila je policija.<\/p>\n\n\n\n<p>Uhi\u0107eni su I. O. (1979) iz Ni\u0161a, Z. T. (1983) iz Subotice, A. N. (1956) iz Beograda, I. V.(1975) iz Vrbasa, D. D. (1970) iz Lebana, S. A. (1983) iz Beograda, B. I. (1954) iz Ni\u0161a, R. A. (1965) iz Velikog Gradi\u0161ta, S. D. (1980) iz Zrenjanina, M. L. (1997) iz Zrenjanina, T. \u0160. (1969) iz Vrbasa, M. B. (1979) iz Beograda, P. V. (2001) iz Beograda, S. N. (1976) iz Ni\u0161a, I. A. (1979) iz Po\u017earevca, P. K. (1976) iz Subotice, M. T. (1985) iz Knja\u017eevca i V. G. (1970) iz Bele Crkve.<\/p>\n\n\n\n<p>&#8211; Oni se sumnji\u010de da su izvr\u0161ili krivi\u010dna djela prikazivanje, pribavljanje i posjedovanje pornografskog materijala i iskori\u0161tavanje maloljetne osobe za pornografiju, iskori\u0161tavanje ra\u010dunarske mre\u017ee ili komunikacije drugim tehni\u010dkim sredstvima za izvr\u0161enje krivi\u010dnih djela protiv spolne slobode prema maloljetnoj osobi i spolno uznemiravanje &#8211; ka\u017ee se u priop\u0107enju.<\/p>\n\n\n\n<p>Kako se sumnja, oni su u du\u017eem vremenskom periodu, putem interneta, kori\u0161tenjem odre\u0111enih aplikacija za dijeljenje datoteka ili kori\u0161tenjem pojedinih pretra\u017eiva\u010da u cilju prikrivanja lokacije, preuzimali, sa\u010duvali na hard diskovima ra\u010dunara i dijelili sadr\u017eaje nastale iskori\u0161tavanjem djece u pornografske svrhe. Tako\u0111er, kako se sumnja, putem Facebooka sa svojih naloga stupali su u komunikaciju s maloljetnim osoba potom slali i dijelili fotografije i video zapise pornografske sadr\u017eaje nastale eksploatacijom maloljetne osobe.<\/p>\n\n\n\n<p>Kako se navodi u priop\u0107enju, postoje osnovi sumnje da su ugovarali sastanke s maloljetnim osoba radi seksualnog odnosa.<\/p>\n\n\n\n<p>&#8211; Prilikom pretresanja stanova osumnji\u010denih i uvidom u ra\u010dunare i ra\u010dunarsku opremu prona\u0111eno je vi\u0161e terabajta materijala nastalog iskori\u0161tavanjem maloljetnih osoba u pornografske svrhe, sadr\u017eaji seksualne eksploatacije beba i djece od tri do sedam godina, fotografije i video sadr\u017eaji incestnog tipa, kao i druge fotografije i video zapise eksplicitne zloupotrebe djece u pornografske svrhe &#8211; dodaje se u priop\u0107enju.<\/p>\n\n\n\n<p>Osumnji\u010denima je odre\u0111eno zadr\u017eavanje do 48 sati i oni \u0107e, uz krivi\u010dne prijave, biti privedeni nadle\u017enom tu\u017eiteljstvu u Beogradu.<\/p>\n\n\n\n<p>Izvor:pogled.ba<\/p>\n","protected":false},"excerpt":{"rendered":"<p>Pripadnici Ministarstva unutarnjih poslova, u nastavku akcije &#8220;Armagedon&#8221; uhitili su 18 osoba s teritorije Republike Srbije, priop\u0107ila je policija. Uhi\u0107eni su I. O. (1979) iz Ni\u0161a, Z. T. (1983) iz Subotice, A. N. (1956) iz Beograda, I. V.(1975) iz Vrbasa, D. D. (1970) iz Lebana, S. A. (1983) iz Beograda, B. I. (1954) iz Ni\u0161a, [&hellip;]<\/p>\n","protected":false},"author":2,"featured_media":9660,"comment_status":"closed","ping_status":"closed","sticky":false,"template":"","format":"standard","meta":{"h5ap_radio_sources":[],"footnotes":""},"categories":[1],"tags":[],"class_list":["post-84567","post","type-post","status-publish","format-standard","has-post-thumbnail","hentry","category-bihiregija"],"yoast_head":"<!-- This site is optimized with the Yoast SEO plugin v27.5 - https:\/\/yoast.com\/product\/yoast-seo-wordpress\/ -->\n<title>Uhi\u0107eno 18 pedofila u Srbiji, na\u0111eni u\u017easni snimci iskori\u0161tavanja djece - RADIO LJUBU\u0160KI<\/title>\n<meta name=\"robots\" content=\"index, follow, max-snippet:-1, max-image-preview:large, max-video-preview:-1\" \/>\n<link rel=\"canonical\" href=\"https:\/\/radioljubuski.ba\/index.php\/2021\/11\/03\/uhiceno-18-pedofila-u-srbiji-nadeni-uzasni-snimci-iskoristavanja-djece\/\" \/>\n<meta property=\"og:locale\" content=\"hr_HR\" \/>\n<meta property=\"og:type\" content=\"article\" \/>\n<meta property=\"og:title\" content=\"Uhi\u0107eno 18 pedofila u Srbiji, na\u0111eni u\u017easni snimci iskori\u0161tavanja djece - RADIO LJUBU\u0160KI\" \/>\n<meta property=\"og:description\" content=\"Pripadnici Ministarstva unutarnjih poslova, u nastavku akcije &#8220;Armagedon&#8221; uhitili su 18 osoba s teritorije Republike Srbije, priop\u0107ila je policija. Uhi\u0107eni su I. O. (1979) iz Ni\u0161a, Z. T. (1983) iz Subotice, A. N. (1956) iz Beograda, I. V.(1975) iz Vrbasa, D. D. (1970) iz Lebana, S. A. (1983) iz Beograda, B. I. (1954) iz Ni\u0161a, [&hellip;]\" \/>\n<meta property=\"og:url\" content=\"https:\/\/radioljubuski.ba\/index.php\/2021\/11\/03\/uhiceno-18-pedofila-u-srbiji-nadeni-uzasni-snimci-iskoristavanja-djece\/\" \/>\n<meta property=\"og:site_name\" content=\"RADIO LJUBU\u0160KI\" \/>\n<meta property=\"article:publisher\" content=\"https:\/\/www.facebook.com\/Radiio-Ljubuski-1490835324566332\" \/>\n<meta property=\"article:published_time\" content=\"2021-11-03T14:06:25+00:00\" \/>\n<meta property=\"article:modified_time\" content=\"2021-11-03T14:06:26+00:00\" \/>\n<meta property=\"og:image\" content=\"https:\/\/radioljubuski.ba\/wp-content\/uploads\/2021\/04\/K83HB0xf_lisice.jpg\" \/>\n\t<meta property=\"og:image:width\" content=\"1000\" \/>\n\t<meta property=\"og:image:height\" content=\"625\" \/>\n\t<meta property=\"og:image:type\" content=\"image\/jpeg\" \/>\n<meta name=\"author\" content=\"Radio Ljubu\u0161ki\" \/>\n<meta name=\"twitter:card\" content=\"summary_large_image\" \/>\n<meta name=\"twitter:creator\" content=\"@radioljubuski\" \/>\n<meta name=\"twitter:site\" content=\"@radioljubuski\" \/>\n<meta name=\"twitter:label1\" content=\"Napisao\/la\" \/>\n\t<meta name=\"twitter:data1\" content=\"Radio Ljubu\u0161ki\" \/>\n\t<meta name=\"twitter:label2\" content=\"Procijenjeno vrijeme \u010ditanja\" \/>\n\t<meta name=\"twitter:data2\" content=\"2 minute\" \/>\n<script type=\"application\/ld+json\" class=\"yoast-schema-graph\">{\"@context\":\"https:\\\/\\\/schema.org\",\"@graph\":[{\"@type\":\"Article\",\"@id\":\"https:\\\/\\\/radioljubuski.ba\\\/index.php\\\/2021\\\/11\\\/03\\\/uhiceno-18-pedofila-u-srbiji-nadeni-uzasni-snimci-iskoristavanja-djece\\\/#article\",\"isPartOf\":{\"@id\":\"https:\\\/\\\/radioljubuski.ba\\\/index.php\\\/2021\\\/11\\\/03\\\/uhiceno-18-pedofila-u-srbiji-nadeni-uzasni-snimci-iskoristavanja-djece\\\/\"},\"author\":{\"name\":\"Radio Ljubu\u0161ki\",\"@id\":\"https:\\\/\\\/radioljubuski.ba\\\/#\\\/schema\\\/person\\\/19fc700381a780f69665d7956c469e3b\"},\"headline\":\"Uhi\u0107eno 18 pedofila u Srbiji, na\u0111eni u\u017easni snimci iskori\u0161tavanja djece\",\"datePublished\":\"2021-11-03T14:06:25+00:00\",\"dateModified\":\"2021-11-03T14:06:26+00:00\",\"mainEntityOfPage\":{\"@id\":\"https:\\\/\\\/radioljubuski.ba\\\/index.php\\\/2021\\\/11\\\/03\\\/uhiceno-18-pedofila-u-srbiji-nadeni-uzasni-snimci-iskoristavanja-djece\\\/\"},\"wordCount\":370,\"publisher\":{\"@id\":\"https:\\\/\\\/radioljubuski.ba\\\/#organization\"},\"image\":{\"@id\":\"https:\\\/\\\/radioljubuski.ba\\\/index.php\\\/2021\\\/11\\\/03\\\/uhiceno-18-pedofila-u-srbiji-nadeni-uzasni-snimci-iskoristavanja-djece\\\/#primaryimage\"},\"thumbnailUrl\":\"https:\\\/\\\/radioljubuski.ba\\\/wp-content\\\/uploads\\\/2021\\\/04\\\/K83HB0xf_lisice.jpg\",\"articleSection\":[\"BIH i regija\"],\"inLanguage\":\"hr\"},{\"@type\":\"WebPage\",\"@id\":\"https:\\\/\\\/radioljubuski.ba\\\/index.php\\\/2021\\\/11\\\/03\\\/uhiceno-18-pedofila-u-srbiji-nadeni-uzasni-snimci-iskoristavanja-djece\\\/\",\"url\":\"https:\\\/\\\/radioljubuski.ba\\\/index.php\\\/2021\\\/11\\\/03\\\/uhiceno-18-pedofila-u-srbiji-nadeni-uzasni-snimci-iskoristavanja-djece\\\/\",\"name\":\"Uhi\u0107eno 18 pedofila u Srbiji, na\u0111eni u\u017easni snimci iskori\u0161tavanja djece - RADIO LJUBU\u0160KI\",\"isPartOf\":{\"@id\":\"https:\\\/\\\/radioljubuski.ba\\\/#website\"},\"primaryImageOfPage\":{\"@id\":\"https:\\\/\\\/radioljubuski.ba\\\/index.php\\\/2021\\\/11\\\/03\\\/uhiceno-18-pedofila-u-srbiji-nadeni-uzasni-snimci-iskoristavanja-djece\\\/#primaryimage\"},\"image\":{\"@id\":\"https:\\\/\\\/radioljubuski.ba\\\/index.php\\\/2021\\\/11\\\/03\\\/uhiceno-18-pedofila-u-srbiji-nadeni-uzasni-snimci-iskoristavanja-djece\\\/#primaryimage\"},\"thumbnailUrl\":\"https:\\\/\\\/radioljubuski.ba\\\/wp-content\\\/uploads\\\/2021\\\/04\\\/K83HB0xf_lisice.jpg\",\"datePublished\":\"2021-11-03T14:06:25+00:00\",\"dateModified\":\"2021-11-03T14:06:26+00:00\",\"breadcrumb\":{\"@id\":\"https:\\\/\\\/radioljubuski.ba\\\/index.php\\\/2021\\\/11\\\/03\\\/uhiceno-18-pedofila-u-srbiji-nadeni-uzasni-snimci-iskoristavanja-djece\\\/#breadcrumb\"},\"inLanguage\":\"hr\",\"potentialAction\":[{\"@type\":\"ReadAction\",\"target\":[\"https:\\\/\\\/radioljubuski.ba\\\/index.php\\\/2021\\\/11\\\/03\\\/uhiceno-18-pedofila-u-srbiji-nadeni-uzasni-snimci-iskoristavanja-djece\\\/\"]}]},{\"@type\":\"ImageObject\",\"inLanguage\":\"hr\",\"@id\":\"https:\\\/\\\/radioljubuski.ba\\\/index.php\\\/2021\\\/11\\\/03\\\/uhiceno-18-pedofila-u-srbiji-nadeni-uzasni-snimci-iskoristavanja-djece\\\/#primaryimage\",\"url\":\"https:\\\/\\\/radioljubuski.ba\\\/wp-content\\\/uploads\\\/2021\\\/04\\\/K83HB0xf_lisice.jpg\",\"contentUrl\":\"https:\\\/\\\/radioljubuski.ba\\\/wp-content\\\/uploads\\\/2021\\\/04\\\/K83HB0xf_lisice.jpg\",\"width\":1000,\"height\":625},{\"@type\":\"BreadcrumbList\",\"@id\":\"https:\\\/\\\/radioljubuski.ba\\\/index.php\\\/2021\\\/11\\\/03\\\/uhiceno-18-pedofila-u-srbiji-nadeni-uzasni-snimci-iskoristavanja-djece\\\/#breadcrumb\",\"itemListElement\":[{\"@type\":\"ListItem\",\"position\":1,\"name\":\"Po\u010detna stranica\",\"item\":\"https:\\\/\\\/radioljubuski.ba\\\/\"},{\"@type\":\"ListItem\",\"position\":2,\"name\":\"Uhi\u0107eno 18 pedofila u Srbiji, na\u0111eni u\u017easni snimci iskori\u0161tavanja djece\"}]},{\"@type\":\"WebSite\",\"@id\":\"https:\\\/\\\/radioljubuski.ba\\\/#website\",\"url\":\"https:\\\/\\\/radioljubuski.ba\\\/\",\"name\":\"Radio Ljubu\u0161ki\",\"description\":\"Sun\u010dana frekvencija Hercegovine\",\"publisher\":{\"@id\":\"https:\\\/\\\/radioljubuski.ba\\\/#organization\"},\"potentialAction\":[{\"@type\":\"SearchAction\",\"target\":{\"@type\":\"EntryPoint\",\"urlTemplate\":\"https:\\\/\\\/radioljubuski.ba\\\/?s={search_term_string}\"},\"query-input\":{\"@type\":\"PropertyValueSpecification\",\"valueRequired\":true,\"valueName\":\"search_term_string\"}}],\"inLanguage\":\"hr\"},{\"@type\":\"Organization\",\"@id\":\"https:\\\/\\\/radioljubuski.ba\\\/#organization\",\"name\":\"Radio Ljubu\u0161ki\",\"url\":\"https:\\\/\\\/radioljubuski.ba\\\/\",\"logo\":{\"@type\":\"ImageObject\",\"inLanguage\":\"hr\",\"@id\":\"https:\\\/\\\/radioljubuski.ba\\\/#\\\/schema\\\/logo\\\/image\\\/\",\"url\":\"https:\\\/\\\/radioljubuski.ba\\\/wp-content\\\/uploads\\\/2021\\\/02\\\/cropped-Radio_Ljubuski_logo1.jpg\",\"contentUrl\":\"https:\\\/\\\/radioljubuski.ba\\\/wp-content\\\/uploads\\\/2021\\\/02\\\/cropped-Radio_Ljubuski_logo1.jpg\",\"width\":512,\"height\":512,\"caption\":\"Radio Ljubu\u0161ki\"},\"image\":{\"@id\":\"https:\\\/\\\/radioljubuski.ba\\\/#\\\/schema\\\/logo\\\/image\\\/\"},\"sameAs\":[\"https:\\\/\\\/www.facebook.com\\\/Radiio-Ljubuski-1490835324566332\",\"https:\\\/\\\/x.com\\\/radioljubuski\",\"https:\\\/\\\/hr.linkedin.com\\\/company\\\/radio-ljubuski\",\"https:\\\/\\\/www.youtube.com\\\/channel\\\/UCHYaeO_n0Db3tjNGudGpXyw\"]},{\"@type\":\"Person\",\"@id\":\"https:\\\/\\\/radioljubuski.ba\\\/#\\\/schema\\\/person\\\/19fc700381a780f69665d7956c469e3b\",\"name\":\"Radio Ljubu\u0161ki\"}]}<\/script>\n<!-- \/ Yoast SEO plugin. -->","yoast_head_json":{"title":"Uhi\u0107eno 18 pedofila u Srbiji, na\u0111eni u\u017easni snimci iskori\u0161tavanja djece - RADIO LJUBU\u0160KI","robots":{"index":"index","follow":"follow","max-snippet":"max-snippet:-1","max-image-preview":"max-image-preview:large","max-video-preview":"max-video-preview:-1"},"canonical":"https:\/\/radioljubuski.ba\/index.php\/2021\/11\/03\/uhiceno-18-pedofila-u-srbiji-nadeni-uzasni-snimci-iskoristavanja-djece\/","og_locale":"hr_HR","og_type":"article","og_title":"Uhi\u0107eno 18 pedofila u Srbiji, na\u0111eni u\u017easni snimci iskori\u0161tavanja djece - RADIO LJUBU\u0160KI","og_description":"Pripadnici Ministarstva unutarnjih poslova, u nastavku akcije &#8220;Armagedon&#8221; uhitili su 18 osoba s teritorije Republike Srbije, priop\u0107ila je policija. Uhi\u0107eni su I. O. (1979) iz Ni\u0161a, Z. T. (1983) iz Subotice, A. N. (1956) iz Beograda, I. V.(1975) iz Vrbasa, D. D. (1970) iz Lebana, S. A. (1983) iz Beograda, B. I. (1954) iz Ni\u0161a, [&hellip;]","og_url":"https:\/\/radioljubuski.ba\/index.php\/2021\/11\/03\/uhiceno-18-pedofila-u-srbiji-nadeni-uzasni-snimci-iskoristavanja-djece\/","og_site_name":"RADIO LJUBU\u0160KI","article_publisher":"https:\/\/www.facebook.com\/Radiio-Ljubuski-1490835324566332","article_published_time":"2021-11-03T14:06:25+00:00","article_modified_time":"2021-11-03T14:06:26+00:00","og_image":[{"width":1000,"height":625,"url":"https:\/\/radioljubuski.ba\/wp-content\/uploads\/2021\/04\/K83HB0xf_lisice.jpg","type":"image\/jpeg"}],"author":"Radio Ljubu\u0161ki","twitter_card":"summary_large_image","twitter_creator":"@radioljubuski","twitter_site":"@radioljubuski","twitter_misc":{"Napisao\/la":"Radio Ljubu\u0161ki","Procijenjeno vrijeme \u010ditanja":"2 minute"},"schema":{"@context":"https:\/\/schema.org","@graph":[{"@type":"Article","@id":"https:\/\/radioljubuski.ba\/index.php\/2021\/11\/03\/uhiceno-18-pedofila-u-srbiji-nadeni-uzasni-snimci-iskoristavanja-djece\/#article","isPartOf":{"@id":"https:\/\/radioljubuski.ba\/index.php\/2021\/11\/03\/uhiceno-18-pedofila-u-srbiji-nadeni-uzasni-snimci-iskoristavanja-djece\/"},"author":{"name":"Radio Ljubu\u0161ki","@id":"https:\/\/radioljubuski.ba\/#\/schema\/person\/19fc700381a780f69665d7956c469e3b"},"headline":"Uhi\u0107eno 18 pedofila u Srbiji, na\u0111eni u\u017easni snimci iskori\u0161tavanja djece","datePublished":"2021-11-03T14:06:25+00:00","dateModified":"2021-11-03T14:06:26+00:00","mainEntityOfPage":{"@id":"https:\/\/radioljubuski.ba\/index.php\/2021\/11\/03\/uhiceno-18-pedofila-u-srbiji-nadeni-uzasni-snimci-iskoristavanja-djece\/"},"wordCount":370,"publisher":{"@id":"https:\/\/radioljubuski.ba\/#organization"},"image":{"@id":"https:\/\/radioljubuski.ba\/index.php\/2021\/11\/03\/uhiceno-18-pedofila-u-srbiji-nadeni-uzasni-snimci-iskoristavanja-djece\/#primaryimage"},"thumbnailUrl":"https:\/\/radioljubuski.ba\/wp-content\/uploads\/2021\/04\/K83HB0xf_lisice.jpg","articleSection":["BIH i regija"],"inLanguage":"hr"},{"@type":"WebPage","@id":"https:\/\/radioljubuski.ba\/index.php\/2021\/11\/03\/uhiceno-18-pedofila-u-srbiji-nadeni-uzasni-snimci-iskoristavanja-djece\/","url":"https:\/\/radioljubuski.ba\/index.php\/2021\/11\/03\/uhiceno-18-pedofila-u-srbiji-nadeni-uzasni-snimci-iskoristavanja-djece\/","name":"Uhi\u0107eno 18 pedofila u Srbiji, na\u0111eni u\u017easni snimci iskori\u0161tavanja djece - RADIO LJUBU\u0160KI","isPartOf":{"@id":"https:\/\/radioljubuski.ba\/#website"},"primaryImageOfPage":{"@id":"https:\/\/radioljubuski.ba\/index.php\/2021\/11\/03\/uhiceno-18-pedofila-u-srbiji-nadeni-uzasni-snimci-iskoristavanja-djece\/#primaryimage"},"image":{"@id":"https:\/\/radioljubuski.ba\/index.php\/2021\/11\/03\/uhiceno-18-pedofila-u-srbiji-nadeni-uzasni-snimci-iskoristavanja-djece\/#primaryimage"},"thumbnailUrl":"https:\/\/radioljubuski.ba\/wp-content\/uploads\/2021\/04\/K83HB0xf_lisice.jpg","datePublished":"2021-11-03T14:06:25+00:00","dateModified":"2021-11-03T14:06:26+00:00","breadcrumb":{"@id":"https:\/\/radioljubuski.ba\/index.php\/2021\/11\/03\/uhiceno-18-pedofila-u-srbiji-nadeni-uzasni-snimci-iskoristavanja-djece\/#breadcrumb"},"inLanguage":"hr","potentialAction":[{"@type":"ReadAction","target":["https:\/\/radioljubuski.ba\/index.php\/2021\/11\/03\/uhiceno-18-pedofila-u-srbiji-nadeni-uzasni-snimci-iskoristavanja-djece\/"]}]},{"@type":"ImageObject","inLanguage":"hr","@id":"https:\/\/radioljubuski.ba\/index.php\/2021\/11\/03\/uhiceno-18-pedofila-u-srbiji-nadeni-uzasni-snimci-iskoristavanja-djece\/#primaryimage","url":"https:\/\/radioljubuski.ba\/wp-content\/uploads\/2021\/04\/K83HB0xf_lisice.jpg","contentUrl":"https:\/\/radioljubuski.ba\/wp-content\/uploads\/2021\/04\/K83HB0xf_lisice.jpg","width":1000,"height":625},{"@type":"BreadcrumbList","@id":"https:\/\/radioljubuski.ba\/index.php\/2021\/11\/03\/uhiceno-18-pedofila-u-srbiji-nadeni-uzasni-snimci-iskoristavanja-djece\/#breadcrumb","itemListElement":[{"@type":"ListItem","position":1,"name":"Po\u010detna stranica","item":"https:\/\/radioljubuski.ba\/"},{"@type":"ListItem","position":2,"name":"Uhi\u0107eno 18 pedofila u Srbiji, na\u0111eni u\u017easni snimci iskori\u0161tavanja djece"}]},{"@type":"WebSite","@id":"https:\/\/radioljubuski.ba\/#website","url":"https:\/\/radioljubuski.ba\/","name":"Radio Ljubu\u0161ki","description":"Sun\u010dana frekvencija Hercegovine","publisher":{"@id":"https:\/\/radioljubuski.ba\/#organization"},"potentialAction":[{"@type":"SearchAction","target":{"@type":"EntryPoint","urlTemplate":"https:\/\/radioljubuski.ba\/?s={search_term_string}"},"query-input":{"@type":"PropertyValueSpecification","valueRequired":true,"valueName":"search_term_string"}}],"inLanguage":"hr"},{"@type":"Organization","@id":"https:\/\/radioljubuski.ba\/#organization","name":"Radio Ljubu\u0161ki","url":"https:\/\/radioljubuski.ba\/","logo":{"@type":"ImageObject","inLanguage":"hr","@id":"https:\/\/radioljubuski.ba\/#\/schema\/logo\/image\/","url":"https:\/\/radioljubuski.ba\/wp-content\/uploads\/2021\/02\/cropped-Radio_Ljubuski_logo1.jpg","contentUrl":"https:\/\/radioljubuski.ba\/wp-content\/uploads\/2021\/02\/cropped-Radio_Ljubuski_logo1.jpg","width":512,"height":512,"caption":"Radio Ljubu\u0161ki"},"image":{"@id":"https:\/\/radioljubuski.ba\/#\/schema\/logo\/image\/"},"sameAs":["https:\/\/www.facebook.com\/Radiio-Ljubuski-1490835324566332","https:\/\/x.com\/radioljubuski","https:\/\/hr.linkedin.com\/company\/radio-ljubuski","https:\/\/www.youtube.com\/channel\/UCHYaeO_n0Db3tjNGudGpXyw"]},{"@type":"Person","@id":"https:\/\/radioljubuski.ba\/#\/schema\/person\/19fc700381a780f69665d7956c469e3b","name":"Radio Ljubu\u0161ki"}]}},"_links":{"self":[{"href":"https:\/\/radioljubuski.ba\/index.php\/wp-json\/wp\/v2\/posts\/84567","targetHints":{"allow":["GET"]}}],"collection":[{"href":"https:\/\/radioljubuski.ba\/index.php\/wp-json\/wp\/v2\/posts"}],"about":[{"href":"https:\/\/radioljubuski.ba\/index.php\/wp-json\/wp\/v2\/types\/post"}],"author":[{"embeddable":true,"href":"https:\/\/radioljubuski.ba\/index.php\/wp-json\/wp\/v2\/users\/2"}],"replies":[{"embeddable":true,"href":"https:\/\/radioljubuski.ba\/index.php\/wp-json\/wp\/v2\/comments?post=84567"}],"version-history":[{"count":1,"href":"https:\/\/radioljubuski.ba\/index.php\/wp-json\/wp\/v2\/posts\/84567\/revisions"}],"predecessor-version":[{"id":84568,"href":"https:\/\/radioljubuski.ba\/index.php\/wp-json\/wp\/v2\/posts\/84567\/revisions\/84568"}],"wp:featuredmedia":[{"embeddable":true,"href":"https:\/\/radioljubuski.ba\/index.php\/wp-json\/wp\/v2\/media\/9660"}],"wp:attachment":[{"href":"https:\/\/radioljubuski.ba\/index.php\/wp-json\/wp\/v2\/media?parent=84567"}],"wp:term":[{"taxonomy":"category","embeddable":true,"href":"https:\/\/radioljubuski.ba\/index.php\/wp-json\/wp\/v2\/categories?post=84567"},{"taxonomy":"post_tag","embeddable":true,"href":"https:\/\/radioljubuski.ba\/index.php\/wp-json\/wp\/v2\/tags?post=84567"}],"curies":[{"name":"wp","href":"https:\/\/api.w.org\/{rel}","templated":true}]}}