{"id":84610,"date":"2021-11-03T18:56:41","date_gmt":"2021-11-03T17:56:41","guid":{"rendered":"https:\/\/radioljubuski.ba\/?p=84610"},"modified":"2021-11-03T18:56:42","modified_gmt":"2021-11-03T17:56:42","slug":"ciro-volio-bih-otici-u-snu-to-je-najljepsa-smrt","status":"publish","type":"post","link":"https:\/\/radioljubuski.ba\/index.php\/2021\/11\/03\/ciro-volio-bih-otici-u-snu-to-je-najljepsa-smrt\/","title":{"rendered":"\u0106iro: Volio bih oti\u0107i u snu, to je najljep\u0161a smrt"},"content":{"rendered":"\n<p>Iako se u 87. godini drugi put suo\u010dio s karcinomom prostate, legendarni nogometni trener stoi\u010dki podnosi lije\u010denje, ali za Gloriju priznaje da razmi\u0161lja o smrti, za koju samo \u017eeli da bude brza, pi\u0161e&nbsp;<a href=\"https:\/\/www.gloria.hr\/gl\/fokus\/price\/ciro-iskreno-o-bolesti-ne-bojim-se-raka-sredit-cu-ga-opet-ali-volio-bih-otici-u-snu-to-je-najljepsa-smrt-15113766\">Gloria.hr<\/a>.<\/p>\n\n\n\n<p>&#8220;Vidim \u0106iru kako u 87. godini \u2018sprinta\u2018 po Ilici kao de\u010dko. Da \u010dovjek ne povjeruje&#8221;, napisao je na dru\u0161tvenim mre\u017eama jedan obo\u017eavatelj Miroslava \u0106ire Bla\u017eevi\u0107a, na \u0161to trener svih trenera odgovara kako je to samo privid, da to on prkosi svojoj dobi u koju je za\u0161ao i opakoj bolesti koja ga je ponovno sna\u0161la.<\/p>\n\n\n\n<p>&#8211; Fali mi mladosti i mladena\u010dke energije. Unato\u010d vje\u017ebanju, tonus mi\u0161i\u0107a nogu mi, na\u017ealost, vi\u0161e nije kao u mladi\u0107a i zapravo je moj korak postao stara\u010dki nestabilan. Ali, pravim se va\u017ean pa hodam kao vojnik. Ne znaju ljudi koliko se napre\u017eem za svaki korak. Ako sve ovo pre\u017eivim, morat \u0107u hodati sa \u0161tapom &#8211; govori nam \u0106iro, koji vodi jo\u0161 jednu bitku s karcinomom i nada se da \u0107e je ponovno dobiti. Najtrofejniji hrvatski nogometni trener prije sedamnaest se godina u Univerzitetskoj klinici u Innsbrucku podvrgnuo operaciji zbog raka prostate. Godinu dana kasnije dijagnosticiran mu je melanom u po\u010detnoj fazi, pa je i taj problem rije\u0161io operacijom, a prije tri mjeseca opet se suo\u010dio s bolnom istinom: da ga \u010deka jo\u0161 jedna te\u0161ka borba s karcinomom, koji je, na\u017ealost, metastazirao.<\/p>\n\n\n\n<p>&#8211; Nisam imamo nikakvih tegoba, ve\u0107 sam to doznao na redovitom pregledu. I\u0161ao sam prekontrolirati krv i nalazi su pokazali da mi je povi\u0161en PSA, specifi\u010dan antigen koji mo\u017ee ukazivati na karcinom prostate. Uredno sam se kontrolirao svih ovih godina otkako sam operiran i uvijek je taj antigen bio \u201cnula\u201d, a sad se odjednom \u201cpopeo\u201d na \u0161est. Kad mi je lije\u010dnica priop\u0107ila da sumnja na karcinom, osje\u0107ao sam se kao da mi je rekla da sam osu\u0111en na smrt, ali stoi\u010dki sam to podnio. Daljnje pretrage pokazale su da je karcinom na istom mjestu gdje sam prije sedamnaest godina operiran, ali se i malo pro\u0161irio. Nije mi preostalo ni\u0161ta drugo nego da se ponovno prepustim lije\u010dnicima, a vjerujte mi, nitko bolje od \u0106ire Bla\u017eevi\u0107a ne zna kako su hrvatski lije\u010dnici, ba\u0161 kao i nogometa\u0161i, najnadareniji na svijetu &#8211; govori legendarni trener, kojeg je prostata po\u010dela mu\u010diti jo\u0161 2002., ali je vjerovao da je samo rije\u010d o jakoj upali.<\/p>\n\n\n\n<p>Nije mu to bila ugodna spoznaja, jer su je pratili neugodni simptomi, ali dao je sve od sebe da ozdravi. Grickao je sjemenke bu\u010de, \u0161to navodno poma\u017ee pri \u201cmu\u0161kim\u201d problemima, pio posebne \u010dajeve, nosio tople \u010darape jer svaki nazeb pogor\u0161ava stanje&#8230;<\/p>\n\n\n\n<p>Ali, ni\u0161ta nije pomoglo i dvije godine kasnije suo\u010dio se s te\u0161kom dijagnozom te nimalo jednostavnom operacijom, koja je trajala \u010detiri i pol sata. Lije\u010dnik mu je objasnio da \u0107e, ako se odlu\u010di za operaciju, morati zaboraviti na seks, ali kad se nakon biopsije probudio iz narkoze, seks mu je najmanje bio na pameti. Najva\u017enije mu je bilo \u010duti kako \u0107e ga operirati i tako rije\u0161iti zla koje ga je sna\u0161lo.<\/p>\n\n\n\n<p>&#8211; Strah me natjerao da se borim s bole\u0161\u0107u &#8211; ka\u017ee.<\/p>\n\n\n\n<p>&#8211; Ja sam malo druk\u010diji od ostalih ljudi pa na konstataciju: \u201c\u0106iro, ima\u0161 rak, osu\u0111en si na smrt\u201d uzvra\u0107am: \u201cJesam, vraga! Sredit \u0107u ja i taj rak\u201d.<\/p>\n\n\n\n<p>Puno godina kasnije, kad je sve to ve\u0107 bilo iza njega, izjavio je da je mo\u017eda trebao druk\u010dije postupiti.<\/p>\n\n\n\n<p>&#8211; Prostata je toliko mala, a toliko va\u017ena za svakog mu\u0161karca da ju je suludo odstraniti ako nije nu\u017eno. Da mogu vratiti vrijeme, ne bih izabrao operaciju, nego zra\u010denje &#8211; razmi\u0161lja danas \u0106iro. No, unato\u010d spoznaji koja ne veseli nijednog mu\u0161karca, bez obzira na to u kojim je godinama &#8211; da od seksa vi\u0161e ni\u0161ta &#8211; operacija je Miroslavu \u0106iri Bla\u017eevi\u0107u spasila glavu i omogu\u0107ila miran \u017eivot sljede\u0107ih 17 godina. Svjestan da se izvukao samo zato \u0161to zdravstvene probleme nije gurao \u201cpod tepih\u201d, koristio je svaku prigodu da potakne mu\u0161karce na preventivne preglede. Kad je u rujnu opet morao probuditi borca u sebi i jo\u0161 jednom zapo\u010deti borbu za \u017eivot, na\u0161ao se u Radiochirurgiji u Svetoj Nedelji, privatnoj poliklinici specijaliziranoj za dijagnostiku i lije\u010denje karcinoma.<\/p>\n\n\n\n<p>&#8211; Istina je da je ta poliklinika napravila iskorak \u0161to se ti\u010de tehnologije i u tom su pogledu stvarno konkurentni svim vode\u0107im klinikama svijeta &#8211; otkriva Miroslav \u0106iro Bla\u017eevi\u0107.<\/p>\n\n\n\n<p>&#8211; Tretmani nisu bolni, ali iza njih slijede neke nuspojave koje nisu ugodne. No, kako bi Francuzi rekli, isplati se. Za kratko vrijeme \u0107emo znati je li radiokirurgija uspjela. Paralelno mi na Rebru daju i neke injekcije pa mogu re\u0107i da se sada osje\u0107am kudikamo bolje nego prije tri mjeseca. I nadam se da je naporno lije\u010denje razlog \u0161to sam izgubio \u0161est i pol kilograma &#8211; govori \u0106iro, kojeg unato\u010d te\u0161koj bolesti nije napustio smisao za humor. \u010cak ni kada mu se spomene oporuka.<\/p>\n\n\n\n<p>&#8211; Joj, kad \u010dujem tu rije\u010d, odmah se oznojim. Nije to lako. Valjda \u0107e moji biti dovoljno razumni, ne mogu ja ni\u0161ta odnijeti sa sobom na drugi svijet &#8211; rekao je.<\/p>\n\n\n\n<p>\u0160to zbog bolesti, \u0161to zbog korone, \u0106iro dane provodi uglavnom kod ku\u0107e, okru\u017een obitelji. Sa suprugom Zdenkom proslavio je u kolovozu 60 godina braka, ve\u017ee ih troje djece te \u0161estero unu\u010dadi, koje neizmjerno voli &#8211; iako nikada nije bio tipi\u010dan djed.<\/p>\n\n\n\n<p>Svoje bli\u017enje, ka\u017ee, nikad nije htio zamarati zdravstvenim problemima. Puno mu je bilo va\u017enije omogu\u0107iti im dobre \u0161kole, lak\u0161i \u017eivot nego \u0161to ga je on imao i osigurati im egzistenciju. Zato je odabrao \u017eivot dobro pla\u0107enog nogometnog nomada. U \u0161ali zna re\u0107i kako njegov pradjed, djed i otac &#8211; tri generacije Bla\u017eevi\u0107a &#8211; nisu zajedno zaradili deset tisu\u0107a njema\u010dkih maraka, a njemu su Ujedinjeni Arapski Emirati svojedobno nudili milijun dolara da do\u0111e trenirati njihove nogometa\u0161e. Tijekom karijere bio je doista posvuda, trenirao je \u010dak pet reprezentacija &#8211; Hrvatske, BiH, \u0160vicarske, Irana te najbolju selekciju Kine do 23 godine &#8211; i da nije bolesti, mirno bi u\u017eivao u zaslu\u017eenoj mirovini.<\/p>\n\n\n\n<p>Obitelj je oduvijek dr\u017eao podalje od svog posla, nastoje\u0107i je za\u0161tititi na svaki na\u010din. Kad bi to bilo mogu\u0107e, volio bi ih na neki na\u010din pripremiti i na svoj odlazak. Jednom je izjavio kako bi najradije nestao na dvije godine prije nego \u0161to umre, da se njegova obitelj privikne da ga nema jer ne \u017eeli da odjednom osjete tugu i bol.<\/p>\n\n\n\n<p>&#8211; Jedan mi prijatelj ka\u017ee: \u201c\u0106iro, ako ti na sprovod do\u0111u svi oni koji su se ikad fotografirali s tobom, bit \u0107e to kolona od Dubrave do Mirogoja\u201d &#8211; govori sa svojim specifi\u010dnim smislom za humor.<\/p>\n\n\n\n<p>&#8211; No, moja je \u017eelja da diskretno odletim, bez puno pompe, i pozdravim se sa svima koji su mi omogu\u0107ili da mi \u017eivot bude uglavnom pozitivan. I da se to dogodi u snu, jer je to najljep\u0161a smrt. Da ne patim, s obzirom na to da mi je prag tolerancije na bol vrlo nizak.<\/p>\n\n\n\n<p>No, nije jo\u0161 vrijeme za crne misli. \u0106iro je ipak fajter i ne prepu\u0161ta se tako lako. Dapa\u010de, unato\u010d borbi s karcinomom i koroni, nastoji \u017eivjeti sasvim normalno.<\/p>\n\n\n\n<p>&#8211; Odem na kavu u svoj omiljeni kafi\u0107, pratim sve \u0161to se zbiva u hrvatskom nogometu jer to je i dalje moj \u017eivot, jo\u0161 vozim pa odem do Kraljevice\u2026 Pona\u0161am se kao da mi nije ni\u0161ta i kao da nisam bolestan &#8211; kao da nema tog zla koje nas je sna\u0161lo. Dva puta sam cijepljen Pfizerom, nadam se da \u0107u uskoro primiti i tre\u0107u dozu, jer bez obzira na moje zdravstveno stanje, nemam nikakvih kontraindikacija da to ne u\u010dinim. I apeliram na sve da se cijepe. Mi smo iznimno inteligentna nacija i na nas ne bi smjeli utjecati nekakvi nadrilije\u010dnici s tezama kako cjepivo nije od koristi. Dok se ne cijepimo u velikom broju, nema nam spasa od ove nemani.<\/p>\n\n\n\n<p>Izvor:gloria.hr<\/p>\n","protected":false},"excerpt":{"rendered":"<p>Iako se u 87. godini drugi put suo\u010dio s karcinomom prostate, legendarni nogometni trener stoi\u010dki podnosi lije\u010denje, ali za Gloriju priznaje da razmi\u0161lja o smrti, za koju samo \u017eeli da bude brza, pi\u0161e&nbsp;Gloria.hr. &#8220;Vidim \u0106iru kako u 87. godini \u2018sprinta\u2018 po Ilici kao de\u010dko. Da \u010dovjek ne povjeruje&#8221;, napisao je na dru\u0161tvenim mre\u017eama jedan obo\u017eavatelj [&hellip;]<\/p>\n","protected":false},"author":2,"featured_media":84611,"comment_status":"closed","ping_status":"closed","sticky":false,"template":"","format":"standard","meta":{"h5ap_radio_sources":[],"footnotes":""},"categories":[1],"tags":[],"class_list":["post-84610","post","type-post","status-publish","format-standard","has-post-thumbnail","hentry","category-bihiregija"],"yoast_head":"<!-- This site is optimized with the Yoast SEO plugin v27.5 - https:\/\/yoast.com\/product\/yoast-seo-wordpress\/ -->\n<title>\u0106iro: Volio bih oti\u0107i u snu, to je najljep\u0161a smrt - RADIO LJUBU\u0160KI<\/title>\n<meta name=\"robots\" content=\"index, follow, max-snippet:-1, max-image-preview:large, max-video-preview:-1\" \/>\n<link rel=\"canonical\" href=\"https:\/\/radioljubuski.ba\/index.php\/2021\/11\/03\/ciro-volio-bih-otici-u-snu-to-je-najljepsa-smrt\/\" \/>\n<meta property=\"og:locale\" content=\"hr_HR\" \/>\n<meta property=\"og:type\" content=\"article\" \/>\n<meta property=\"og:title\" content=\"\u0106iro: Volio bih oti\u0107i u snu, to je najljep\u0161a smrt - RADIO LJUBU\u0160KI\" \/>\n<meta property=\"og:description\" content=\"Iako se u 87. godini drugi put suo\u010dio s karcinomom prostate, legendarni nogometni trener stoi\u010dki podnosi lije\u010denje, ali za Gloriju priznaje da razmi\u0161lja o smrti, za koju samo \u017eeli da bude brza, pi\u0161e&nbsp;Gloria.hr. &#8220;Vidim \u0106iru kako u 87. godini \u2018sprinta\u2018 po Ilici kao de\u010dko. Da \u010dovjek ne povjeruje&#8221;, napisao je na dru\u0161tvenim mre\u017eama jedan obo\u017eavatelj [&hellip;]\" \/>\n<meta property=\"og:url\" content=\"https:\/\/radioljubuski.ba\/index.php\/2021\/11\/03\/ciro-volio-bih-otici-u-snu-to-je-najljepsa-smrt\/\" \/>\n<meta property=\"og:site_name\" content=\"RADIO LJUBU\u0160KI\" \/>\n<meta property=\"article:publisher\" content=\"https:\/\/www.facebook.com\/Radiio-Ljubuski-1490835324566332\" \/>\n<meta property=\"article:published_time\" content=\"2021-11-03T17:56:41+00:00\" \/>\n<meta property=\"article:modified_time\" content=\"2021-11-03T17:56:42+00:00\" \/>\n<meta property=\"og:image\" content=\"https:\/\/radioljubuski.ba\/wp-content\/uploads\/2021\/11\/e5LKXVZi_61527492_ciro_blazevic_hrvatska_nogometna_reprezentacija.jpg\" \/>\n\t<meta property=\"og:image:width\" content=\"1000\" \/>\n\t<meta property=\"og:image:height\" content=\"625\" \/>\n\t<meta property=\"og:image:type\" content=\"image\/jpeg\" \/>\n<meta name=\"author\" content=\"Radio Ljubu\u0161ki\" \/>\n<meta name=\"twitter:card\" content=\"summary_large_image\" \/>\n<meta name=\"twitter:creator\" content=\"@radioljubuski\" \/>\n<meta name=\"twitter:site\" content=\"@radioljubuski\" \/>\n<meta name=\"twitter:label1\" content=\"Napisao\/la\" \/>\n\t<meta name=\"twitter:data1\" content=\"Radio Ljubu\u0161ki\" \/>\n\t<meta name=\"twitter:label2\" content=\"Procijenjeno vrijeme \u010ditanja\" \/>\n\t<meta name=\"twitter:data2\" content=\"6 minuta\" \/>\n<script type=\"application\/ld+json\" class=\"yoast-schema-graph\">{\"@context\":\"https:\\\/\\\/schema.org\",\"@graph\":[{\"@type\":\"Article\",\"@id\":\"https:\\\/\\\/radioljubuski.ba\\\/index.php\\\/2021\\\/11\\\/03\\\/ciro-volio-bih-otici-u-snu-to-je-najljepsa-smrt\\\/#article\",\"isPartOf\":{\"@id\":\"https:\\\/\\\/radioljubuski.ba\\\/index.php\\\/2021\\\/11\\\/03\\\/ciro-volio-bih-otici-u-snu-to-je-najljepsa-smrt\\\/\"},\"author\":{\"name\":\"Radio Ljubu\u0161ki\",\"@id\":\"https:\\\/\\\/radioljubuski.ba\\\/#\\\/schema\\\/person\\\/19fc700381a780f69665d7956c469e3b\"},\"headline\":\"\u0106iro: Volio bih oti\u0107i u snu, to je najljep\u0161a smrt\",\"datePublished\":\"2021-11-03T17:56:41+00:00\",\"dateModified\":\"2021-11-03T17:56:42+00:00\",\"mainEntityOfPage\":{\"@id\":\"https:\\\/\\\/radioljubuski.ba\\\/index.php\\\/2021\\\/11\\\/03\\\/ciro-volio-bih-otici-u-snu-to-je-najljepsa-smrt\\\/\"},\"wordCount\":1403,\"publisher\":{\"@id\":\"https:\\\/\\\/radioljubuski.ba\\\/#organization\"},\"image\":{\"@id\":\"https:\\\/\\\/radioljubuski.ba\\\/index.php\\\/2021\\\/11\\\/03\\\/ciro-volio-bih-otici-u-snu-to-je-najljepsa-smrt\\\/#primaryimage\"},\"thumbnailUrl\":\"https:\\\/\\\/radioljubuski.ba\\\/wp-content\\\/uploads\\\/2021\\\/11\\\/e5LKXVZi_61527492_ciro_blazevic_hrvatska_nogometna_reprezentacija.jpg\",\"articleSection\":[\"BIH i regija\"],\"inLanguage\":\"hr\"},{\"@type\":\"WebPage\",\"@id\":\"https:\\\/\\\/radioljubuski.ba\\\/index.php\\\/2021\\\/11\\\/03\\\/ciro-volio-bih-otici-u-snu-to-je-najljepsa-smrt\\\/\",\"url\":\"https:\\\/\\\/radioljubuski.ba\\\/index.php\\\/2021\\\/11\\\/03\\\/ciro-volio-bih-otici-u-snu-to-je-najljepsa-smrt\\\/\",\"name\":\"\u0106iro: Volio bih oti\u0107i u snu, to je najljep\u0161a smrt - RADIO LJUBU\u0160KI\",\"isPartOf\":{\"@id\":\"https:\\\/\\\/radioljubuski.ba\\\/#website\"},\"primaryImageOfPage\":{\"@id\":\"https:\\\/\\\/radioljubuski.ba\\\/index.php\\\/2021\\\/11\\\/03\\\/ciro-volio-bih-otici-u-snu-to-je-najljepsa-smrt\\\/#primaryimage\"},\"image\":{\"@id\":\"https:\\\/\\\/radioljubuski.ba\\\/index.php\\\/2021\\\/11\\\/03\\\/ciro-volio-bih-otici-u-snu-to-je-najljepsa-smrt\\\/#primaryimage\"},\"thumbnailUrl\":\"https:\\\/\\\/radioljubuski.ba\\\/wp-content\\\/uploads\\\/2021\\\/11\\\/e5LKXVZi_61527492_ciro_blazevic_hrvatska_nogometna_reprezentacija.jpg\",\"datePublished\":\"2021-11-03T17:56:41+00:00\",\"dateModified\":\"2021-11-03T17:56:42+00:00\",\"breadcrumb\":{\"@id\":\"https:\\\/\\\/radioljubuski.ba\\\/index.php\\\/2021\\\/11\\\/03\\\/ciro-volio-bih-otici-u-snu-to-je-najljepsa-smrt\\\/#breadcrumb\"},\"inLanguage\":\"hr\",\"potentialAction\":[{\"@type\":\"ReadAction\",\"target\":[\"https:\\\/\\\/radioljubuski.ba\\\/index.php\\\/2021\\\/11\\\/03\\\/ciro-volio-bih-otici-u-snu-to-je-najljepsa-smrt\\\/\"]}]},{\"@type\":\"ImageObject\",\"inLanguage\":\"hr\",\"@id\":\"https:\\\/\\\/radioljubuski.ba\\\/index.php\\\/2021\\\/11\\\/03\\\/ciro-volio-bih-otici-u-snu-to-je-najljepsa-smrt\\\/#primaryimage\",\"url\":\"https:\\\/\\\/radioljubuski.ba\\\/wp-content\\\/uploads\\\/2021\\\/11\\\/e5LKXVZi_61527492_ciro_blazevic_hrvatska_nogometna_reprezentacija.jpg\",\"contentUrl\":\"https:\\\/\\\/radioljubuski.ba\\\/wp-content\\\/uploads\\\/2021\\\/11\\\/e5LKXVZi_61527492_ciro_blazevic_hrvatska_nogometna_reprezentacija.jpg\",\"width\":1000,\"height\":625},{\"@type\":\"BreadcrumbList\",\"@id\":\"https:\\\/\\\/radioljubuski.ba\\\/index.php\\\/2021\\\/11\\\/03\\\/ciro-volio-bih-otici-u-snu-to-je-najljepsa-smrt\\\/#breadcrumb\",\"itemListElement\":[{\"@type\":\"ListItem\",\"position\":1,\"name\":\"Po\u010detna stranica\",\"item\":\"https:\\\/\\\/radioljubuski.ba\\\/\"},{\"@type\":\"ListItem\",\"position\":2,\"name\":\"\u0106iro: Volio bih oti\u0107i u snu, to je najljep\u0161a smrt\"}]},{\"@type\":\"WebSite\",\"@id\":\"https:\\\/\\\/radioljubuski.ba\\\/#website\",\"url\":\"https:\\\/\\\/radioljubuski.ba\\\/\",\"name\":\"Radio Ljubu\u0161ki\",\"description\":\"Sun\u010dana frekvencija Hercegovine\",\"publisher\":{\"@id\":\"https:\\\/\\\/radioljubuski.ba\\\/#organization\"},\"potentialAction\":[{\"@type\":\"SearchAction\",\"target\":{\"@type\":\"EntryPoint\",\"urlTemplate\":\"https:\\\/\\\/radioljubuski.ba\\\/?s={search_term_string}\"},\"query-input\":{\"@type\":\"PropertyValueSpecification\",\"valueRequired\":true,\"valueName\":\"search_term_string\"}}],\"inLanguage\":\"hr\"},{\"@type\":\"Organization\",\"@id\":\"https:\\\/\\\/radioljubuski.ba\\\/#organization\",\"name\":\"Radio Ljubu\u0161ki\",\"url\":\"https:\\\/\\\/radioljubuski.ba\\\/\",\"logo\":{\"@type\":\"ImageObject\",\"inLanguage\":\"hr\",\"@id\":\"https:\\\/\\\/radioljubuski.ba\\\/#\\\/schema\\\/logo\\\/image\\\/\",\"url\":\"https:\\\/\\\/radioljubuski.ba\\\/wp-content\\\/uploads\\\/2021\\\/02\\\/cropped-Radio_Ljubuski_logo1.jpg\",\"contentUrl\":\"https:\\\/\\\/radioljubuski.ba\\\/wp-content\\\/uploads\\\/2021\\\/02\\\/cropped-Radio_Ljubuski_logo1.jpg\",\"width\":512,\"height\":512,\"caption\":\"Radio Ljubu\u0161ki\"},\"image\":{\"@id\":\"https:\\\/\\\/radioljubuski.ba\\\/#\\\/schema\\\/logo\\\/image\\\/\"},\"sameAs\":[\"https:\\\/\\\/www.facebook.com\\\/Radiio-Ljubuski-1490835324566332\",\"https:\\\/\\\/x.com\\\/radioljubuski\",\"https:\\\/\\\/hr.linkedin.com\\\/company\\\/radio-ljubuski\",\"https:\\\/\\\/www.youtube.com\\\/channel\\\/UCHYaeO_n0Db3tjNGudGpXyw\"]},{\"@type\":\"Person\",\"@id\":\"https:\\\/\\\/radioljubuski.ba\\\/#\\\/schema\\\/person\\\/19fc700381a780f69665d7956c469e3b\",\"name\":\"Radio Ljubu\u0161ki\"}]}<\/script>\n<!-- \/ Yoast SEO plugin. -->","yoast_head_json":{"title":"\u0106iro: Volio bih oti\u0107i u snu, to je najljep\u0161a smrt - RADIO LJUBU\u0160KI","robots":{"index":"index","follow":"follow","max-snippet":"max-snippet:-1","max-image-preview":"max-image-preview:large","max-video-preview":"max-video-preview:-1"},"canonical":"https:\/\/radioljubuski.ba\/index.php\/2021\/11\/03\/ciro-volio-bih-otici-u-snu-to-je-najljepsa-smrt\/","og_locale":"hr_HR","og_type":"article","og_title":"\u0106iro: Volio bih oti\u0107i u snu, to je najljep\u0161a smrt - RADIO LJUBU\u0160KI","og_description":"Iako se u 87. godini drugi put suo\u010dio s karcinomom prostate, legendarni nogometni trener stoi\u010dki podnosi lije\u010denje, ali za Gloriju priznaje da razmi\u0161lja o smrti, za koju samo \u017eeli da bude brza, pi\u0161e&nbsp;Gloria.hr. &#8220;Vidim \u0106iru kako u 87. godini \u2018sprinta\u2018 po Ilici kao de\u010dko. Da \u010dovjek ne povjeruje&#8221;, napisao je na dru\u0161tvenim mre\u017eama jedan obo\u017eavatelj [&hellip;]","og_url":"https:\/\/radioljubuski.ba\/index.php\/2021\/11\/03\/ciro-volio-bih-otici-u-snu-to-je-najljepsa-smrt\/","og_site_name":"RADIO LJUBU\u0160KI","article_publisher":"https:\/\/www.facebook.com\/Radiio-Ljubuski-1490835324566332","article_published_time":"2021-11-03T17:56:41+00:00","article_modified_time":"2021-11-03T17:56:42+00:00","og_image":[{"width":1000,"height":625,"url":"https:\/\/radioljubuski.ba\/wp-content\/uploads\/2021\/11\/e5LKXVZi_61527492_ciro_blazevic_hrvatska_nogometna_reprezentacija.jpg","type":"image\/jpeg"}],"author":"Radio Ljubu\u0161ki","twitter_card":"summary_large_image","twitter_creator":"@radioljubuski","twitter_site":"@radioljubuski","twitter_misc":{"Napisao\/la":"Radio Ljubu\u0161ki","Procijenjeno vrijeme \u010ditanja":"6 minuta"},"schema":{"@context":"https:\/\/schema.org","@graph":[{"@type":"Article","@id":"https:\/\/radioljubuski.ba\/index.php\/2021\/11\/03\/ciro-volio-bih-otici-u-snu-to-je-najljepsa-smrt\/#article","isPartOf":{"@id":"https:\/\/radioljubuski.ba\/index.php\/2021\/11\/03\/ciro-volio-bih-otici-u-snu-to-je-najljepsa-smrt\/"},"author":{"name":"Radio Ljubu\u0161ki","@id":"https:\/\/radioljubuski.ba\/#\/schema\/person\/19fc700381a780f69665d7956c469e3b"},"headline":"\u0106iro: Volio bih oti\u0107i u snu, to je najljep\u0161a smrt","datePublished":"2021-11-03T17:56:41+00:00","dateModified":"2021-11-03T17:56:42+00:00","mainEntityOfPage":{"@id":"https:\/\/radioljubuski.ba\/index.php\/2021\/11\/03\/ciro-volio-bih-otici-u-snu-to-je-najljepsa-smrt\/"},"wordCount":1403,"publisher":{"@id":"https:\/\/radioljubuski.ba\/#organization"},"image":{"@id":"https:\/\/radioljubuski.ba\/index.php\/2021\/11\/03\/ciro-volio-bih-otici-u-snu-to-je-najljepsa-smrt\/#primaryimage"},"thumbnailUrl":"https:\/\/radioljubuski.ba\/wp-content\/uploads\/2021\/11\/e5LKXVZi_61527492_ciro_blazevic_hrvatska_nogometna_reprezentacija.jpg","articleSection":["BIH i regija"],"inLanguage":"hr"},{"@type":"WebPage","@id":"https:\/\/radioljubuski.ba\/index.php\/2021\/11\/03\/ciro-volio-bih-otici-u-snu-to-je-najljepsa-smrt\/","url":"https:\/\/radioljubuski.ba\/index.php\/2021\/11\/03\/ciro-volio-bih-otici-u-snu-to-je-najljepsa-smrt\/","name":"\u0106iro: Volio bih oti\u0107i u snu, to je najljep\u0161a smrt - RADIO LJUBU\u0160KI","isPartOf":{"@id":"https:\/\/radioljubuski.ba\/#website"},"primaryImageOfPage":{"@id":"https:\/\/radioljubuski.ba\/index.php\/2021\/11\/03\/ciro-volio-bih-otici-u-snu-to-je-najljepsa-smrt\/#primaryimage"},"image":{"@id":"https:\/\/radioljubuski.ba\/index.php\/2021\/11\/03\/ciro-volio-bih-otici-u-snu-to-je-najljepsa-smrt\/#primaryimage"},"thumbnailUrl":"https:\/\/radioljubuski.ba\/wp-content\/uploads\/2021\/11\/e5LKXVZi_61527492_ciro_blazevic_hrvatska_nogometna_reprezentacija.jpg","datePublished":"2021-11-03T17:56:41+00:00","dateModified":"2021-11-03T17:56:42+00:00","breadcrumb":{"@id":"https:\/\/radioljubuski.ba\/index.php\/2021\/11\/03\/ciro-volio-bih-otici-u-snu-to-je-najljepsa-smrt\/#breadcrumb"},"inLanguage":"hr","potentialAction":[{"@type":"ReadAction","target":["https:\/\/radioljubuski.ba\/index.php\/2021\/11\/03\/ciro-volio-bih-otici-u-snu-to-je-najljepsa-smrt\/"]}]},{"@type":"ImageObject","inLanguage":"hr","@id":"https:\/\/radioljubuski.ba\/index.php\/2021\/11\/03\/ciro-volio-bih-otici-u-snu-to-je-najljepsa-smrt\/#primaryimage","url":"https:\/\/radioljubuski.ba\/wp-content\/uploads\/2021\/11\/e5LKXVZi_61527492_ciro_blazevic_hrvatska_nogometna_reprezentacija.jpg","contentUrl":"https:\/\/radioljubuski.ba\/wp-content\/uploads\/2021\/11\/e5LKXVZi_61527492_ciro_blazevic_hrvatska_nogometna_reprezentacija.jpg","width":1000,"height":625},{"@type":"BreadcrumbList","@id":"https:\/\/radioljubuski.ba\/index.php\/2021\/11\/03\/ciro-volio-bih-otici-u-snu-to-je-najljepsa-smrt\/#breadcrumb","itemListElement":[{"@type":"ListItem","position":1,"name":"Po\u010detna stranica","item":"https:\/\/radioljubuski.ba\/"},{"@type":"ListItem","position":2,"name":"\u0106iro: Volio bih oti\u0107i u snu, to je najljep\u0161a smrt"}]},{"@type":"WebSite","@id":"https:\/\/radioljubuski.ba\/#website","url":"https:\/\/radioljubuski.ba\/","name":"Radio Ljubu\u0161ki","description":"Sun\u010dana frekvencija Hercegovine","publisher":{"@id":"https:\/\/radioljubuski.ba\/#organization"},"potentialAction":[{"@type":"SearchAction","target":{"@type":"EntryPoint","urlTemplate":"https:\/\/radioljubuski.ba\/?s={search_term_string}"},"query-input":{"@type":"PropertyValueSpecification","valueRequired":true,"valueName":"search_term_string"}}],"inLanguage":"hr"},{"@type":"Organization","@id":"https:\/\/radioljubuski.ba\/#organization","name":"Radio Ljubu\u0161ki","url":"https:\/\/radioljubuski.ba\/","logo":{"@type":"ImageObject","inLanguage":"hr","@id":"https:\/\/radioljubuski.ba\/#\/schema\/logo\/image\/","url":"https:\/\/radioljubuski.ba\/wp-content\/uploads\/2021\/02\/cropped-Radio_Ljubuski_logo1.jpg","contentUrl":"https:\/\/radioljubuski.ba\/wp-content\/uploads\/2021\/02\/cropped-Radio_Ljubuski_logo1.jpg","width":512,"height":512,"caption":"Radio Ljubu\u0161ki"},"image":{"@id":"https:\/\/radioljubuski.ba\/#\/schema\/logo\/image\/"},"sameAs":["https:\/\/www.facebook.com\/Radiio-Ljubuski-1490835324566332","https:\/\/x.com\/radioljubuski","https:\/\/hr.linkedin.com\/company\/radio-ljubuski","https:\/\/www.youtube.com\/channel\/UCHYaeO_n0Db3tjNGudGpXyw"]},{"@type":"Person","@id":"https:\/\/radioljubuski.ba\/#\/schema\/person\/19fc700381a780f69665d7956c469e3b","name":"Radio Ljubu\u0161ki"}]}},"_links":{"self":[{"href":"https:\/\/radioljubuski.ba\/index.php\/wp-json\/wp\/v2\/posts\/84610","targetHints":{"allow":["GET"]}}],"collection":[{"href":"https:\/\/radioljubuski.ba\/index.php\/wp-json\/wp\/v2\/posts"}],"about":[{"href":"https:\/\/radioljubuski.ba\/index.php\/wp-json\/wp\/v2\/types\/post"}],"author":[{"embeddable":true,"href":"https:\/\/radioljubuski.ba\/index.php\/wp-json\/wp\/v2\/users\/2"}],"replies":[{"embeddable":true,"href":"https:\/\/radioljubuski.ba\/index.php\/wp-json\/wp\/v2\/comments?post=84610"}],"version-history":[{"count":1,"href":"https:\/\/radioljubuski.ba\/index.php\/wp-json\/wp\/v2\/posts\/84610\/revisions"}],"predecessor-version":[{"id":84612,"href":"https:\/\/radioljubuski.ba\/index.php\/wp-json\/wp\/v2\/posts\/84610\/revisions\/84612"}],"wp:featuredmedia":[{"embeddable":true,"href":"https:\/\/radioljubuski.ba\/index.php\/wp-json\/wp\/v2\/media\/84611"}],"wp:attachment":[{"href":"https:\/\/radioljubuski.ba\/index.php\/wp-json\/wp\/v2\/media?parent=84610"}],"wp:term":[{"taxonomy":"category","embeddable":true,"href":"https:\/\/radioljubuski.ba\/index.php\/wp-json\/wp\/v2\/categories?post=84610"},{"taxonomy":"post_tag","embeddable":true,"href":"https:\/\/radioljubuski.ba\/index.php\/wp-json\/wp\/v2\/tags?post=84610"}],"curies":[{"name":"wp","href":"https:\/\/api.w.org\/{rel}","templated":true}]}}